{"id":682,"date":"2024-11-19T21:28:37","date_gmt":"2024-11-19T21:28:37","guid":{"rendered":"https:\/\/grupohoymexico.com\/tlaxcala\/?p=682"},"modified":"2024-11-19T21:28:37","modified_gmt":"2024-11-19T21:28:37","slug":"inicia-registro-para-la-pension-bienestar-en-tlaxcala","status":"publish","type":"post","link":"https:\/\/grupohoymexico.com\/tlaxcala\/estatal\/inicia-registro-para-la-pension-bienestar-en-tlaxcala\/","title":{"rendered":"Inicia registro para la Pensi\u00f3n Bienestar en Tlaxcala"},"content":{"rendered":"<p>La Delegaci\u00f3n de Bienestar en Tlaxcala, liderada por <a href=\"https:\/\/grupohoymexico.com\/tlaxcala\/columnas\/garganta-no-tan-profunda\/transcendidos-garganta-no-tan-profunda-13-11-2024\/\">Carlos Luna V\u00e1zquez<\/a>, ha anunciado el inicio del registro para la <strong>Pensi\u00f3n para el Bienestar<\/strong>, dirigido a <strong>adultos mayores de 65 a\u00f1os<\/strong>. Este proceso de inscripci\u00f3n comenzar\u00e1 hoy, <strong>19 de noviembre<\/strong>, y se extender\u00e1 <strong>hasta el 30 de noviembre<\/strong>. Las personas interesadas podr\u00e1n realizar su tr\u00e1mite en la Delegaci\u00f3n de Bienestar en la capital del estado o en las sucursales del Banco del Bienestar.<\/p>\n<p>La Pensi\u00f3n para el Bienestar es un programa social dise\u00f1ado para proporcionar apoyo econ\u00f3mico a las personas mayores, mejorando as\u00ed su calidad de vida y fomentando su inclusi\u00f3n en el sistema de seguridad social. Luna V\u00e1zquez subray\u00f3 la relevancia de este programa dentro de las pol\u00edticas sociales implementadas a nivel nacional y exhort\u00f3 a los adultos mayores y sus familias a registrarse oportunamente.<\/p>\n<p>Para completar el tr\u00e1mite, los solicitantes deber\u00e1n presentar varios documentos esenciales:<\/p>\n<ul>\n<li><strong>Identificaci\u00f3n oficial vigente<\/strong><\/li>\n<li><strong>Clave \u00danica de Registro de Poblaci\u00f3n (CURP)<\/strong><\/li>\n<li><strong>Acta de nacimiento<\/strong><\/li>\n<li><strong>Comprobante de domicilio reciente<\/strong><\/li>\n<li><strong>N\u00famero de tel\u00e9fono de contacto<\/strong><\/li>\n<\/ul>\n<p>De igual forma, las autoridades locales han asegurado que se brindar\u00e1 una atenci\u00f3n \u00e1gil y accesible a todos los solicitantes. Para obtener m\u00e1s informaci\u00f3n, se invita a la poblaci\u00f3n a comunicarse directamente con la <a href=\"https:\/\/bienestartlaxcala.gob.mx\">Delegaci\u00f3n de Bienestar<\/a> en Tlaxcala.<\/p>\n<p>Con esta iniciativa, se espera beneficiar a miles de adultos mayores en la entidad, fortaleciendo su bienestar y calidad de vida. La apertura del registro representa una oportunidad importante para que los tlaxcaltecas accedan a este apoyo vital.<\/p>\n","protected":false},"excerpt":{"rendered":"La Delegaci\u00f3n de Bienestar en Tlaxcala, liderada por Carlos Luna V\u00e1zquez, ha anunciado el inicio del registro para&hellip;","protected":false},"author":1,"featured_media":692,"comment_status":"open","ping_status":"open","sticky":false,"template":"","format":"standard","meta":{"csco_display_header_overlay":false,"csco_singular_sidebar":"","csco_page_header_type":"","csco_page_load_nextpost":"","csco_post_video_location":[],"csco_post_video_location_hash":"","csco_post_video_url":"","csco_post_video_bg_start_time":0,"csco_post_video_bg_end_time":0,"footnotes":""},"categories":[172],"tags":[242,184,241,240,229],"class_list":{"0":"post-682","1":"post","2":"type-post","3":"status-publish","4":"format-standard","5":"has-post-thumbnail","7":"category-estatal","8":"tag-adultos-mayores","9":"tag-carlos-luna-vazquez","10":"tag-pension-bienestar","11":"tag-registro","12":"tag-tlaxcala","13":"cs-entry","14":"cs-video-wrap"},"yoast_head":"<!-- This site is optimized with the Yoast SEO Premium plugin v24.7 (Yoast SEO v27.4) - https:\/\/yoast.com\/product\/yoast-seo-premium-wordpress\/ -->\n<title>Inicia registro para la Pensi\u00f3n Bienestar en Tlaxcala - Tlaxcala Hoy<\/title>\n<meta name=\"description\" content=\"Carlos Luna V\u00e1zquez, ha anunciado el inicio del registro para la Pensi\u00f3n para el Bienestar, dirigido a adultos mayores de 65 a\u00f1os.\" \/>\n<meta name=\"robots\" content=\"index, follow, max-snippet:-1, max-image-preview:large, max-video-preview:-1\" \/>\n<link rel=\"canonical\" href=\"https:\/\/grupohoymexico.com\/tlaxcala\/estatal\/inicia-registro-para-la-pension-bienestar-en-tlaxcala\/\" \/>\n<meta property=\"og:locale\" content=\"es_MX\" \/>\n<meta property=\"og:type\" content=\"article\" \/>\n<meta property=\"og:title\" content=\"Inicia registro para la Pensi\u00f3n Bienestar en Tlaxcala\" \/>\n<meta property=\"og:description\" content=\"Carlos Luna V\u00e1zquez, ha anunciado el inicio del registro para la Pensi\u00f3n para el Bienestar, dirigido a adultos mayores de 65 a\u00f1os.\" \/>\n<meta property=\"og:url\" content=\"https:\/\/grupohoymexico.com\/tlaxcala\/estatal\/inicia-registro-para-la-pension-bienestar-en-tlaxcala\/\" \/>\n<meta property=\"og:site_name\" content=\"Tlaxcala Hoy\" \/>\n<meta property=\"article:published_time\" content=\"2024-11-19T21:28:37+00:00\" \/>\n<meta property=\"og:image\" content=\"https:\/\/grupohoymexico.com\/tlaxcala\/wp-content\/uploads\/sites\/4\/2024\/11\/photo_5037406961129335901_y.jpg\" \/>\n\t<meta property=\"og:image:width\" content=\"1200\" \/>\n\t<meta property=\"og:image:height\" content=\"638\" \/>\n\t<meta property=\"og:image:type\" content=\"image\/jpeg\" \/>\n<meta name=\"author\" content=\"user\" \/>\n<meta name=\"twitter:card\" content=\"summary_large_image\" \/>\n<meta name=\"twitter:label1\" content=\"Escrito por\" \/>\n\t<meta name=\"twitter:data1\" content=\"user\" \/>\n\t<meta name=\"twitter:label2\" content=\"Tiempo de lectura\" \/>\n\t<meta name=\"twitter:data2\" content=\"2 minutos\" \/>\n<script type=\"application\/ld+json\" class=\"yoast-schema-graph\">{\"@context\":\"https:\\\/\\\/schema.org\",\"@graph\":[{\"@type\":\"Article\",\"@id\":\"https:\\\/\\\/grupohoymexico.com\\\/tlaxcala\\\/estatal\\\/inicia-registro-para-la-pension-bienestar-en-tlaxcala\\\/#article\",\"isPartOf\":{\"@id\":\"https:\\\/\\\/grupohoymexico.com\\\/tlaxcala\\\/estatal\\\/inicia-registro-para-la-pension-bienestar-en-tlaxcala\\\/\"},\"author\":{\"name\":\"user\",\"@id\":\"https:\\\/\\\/grupohoymexico.com\\\/tlaxcala\\\/#\\\/schema\\\/person\\\/ce6086ac837852775a3a4f539356c297\"},\"headline\":\"Inicia registro para la Pensi\u00f3n Bienestar en Tlaxcala\",\"datePublished\":\"2024-11-19T21:28:37+00:00\",\"mainEntityOfPage\":{\"@id\":\"https:\\\/\\\/grupohoymexico.com\\\/tlaxcala\\\/estatal\\\/inicia-registro-para-la-pension-bienestar-en-tlaxcala\\\/\"},\"wordCount\":276,\"commentCount\":0,\"image\":{\"@id\":\"https:\\\/\\\/grupohoymexico.com\\\/tlaxcala\\\/estatal\\\/inicia-registro-para-la-pension-bienestar-en-tlaxcala\\\/#primaryimage\"},\"thumbnailUrl\":\"https:\\\/\\\/grupohoymexico.com\\\/tlaxcala\\\/wp-content\\\/uploads\\\/sites\\\/4\\\/2024\\\/11\\\/photo_5037406961129335901_y.jpg\",\"keywords\":[\"Adultos mayores\",\"Carlos Luna V\u00e1zquez\",\"Pensi\u00f3n Bienestar\",\"Registro\",\"Tlaxcala\"],\"articleSection\":[\"Estatal\"],\"inLanguage\":\"es\",\"potentialAction\":[{\"@type\":\"CommentAction\",\"name\":\"Comment\",\"target\":[\"https:\\\/\\\/grupohoymexico.com\\\/tlaxcala\\\/estatal\\\/inicia-registro-para-la-pension-bienestar-en-tlaxcala\\\/#respond\"]}]},{\"@type\":\"WebPage\",\"@id\":\"https:\\\/\\\/grupohoymexico.com\\\/tlaxcala\\\/estatal\\\/inicia-registro-para-la-pension-bienestar-en-tlaxcala\\\/\",\"url\":\"https:\\\/\\\/grupohoymexico.com\\\/tlaxcala\\\/estatal\\\/inicia-registro-para-la-pension-bienestar-en-tlaxcala\\\/\",\"name\":\"Inicia registro para la Pensi\u00f3n Bienestar en Tlaxcala - Tlaxcala Hoy\",\"isPartOf\":{\"@id\":\"https:\\\/\\\/grupohoymexico.com\\\/tlaxcala\\\/#website\"},\"primaryImageOfPage\":{\"@id\":\"https:\\\/\\\/grupohoymexico.com\\\/tlaxcala\\\/estatal\\\/inicia-registro-para-la-pension-bienestar-en-tlaxcala\\\/#primaryimage\"},\"image\":{\"@id\":\"https:\\\/\\\/grupohoymexico.com\\\/tlaxcala\\\/estatal\\\/inicia-registro-para-la-pension-bienestar-en-tlaxcala\\\/#primaryimage\"},\"thumbnailUrl\":\"https:\\\/\\\/grupohoymexico.com\\\/tlaxcala\\\/wp-content\\\/uploads\\\/sites\\\/4\\\/2024\\\/11\\\/photo_5037406961129335901_y.jpg\",\"datePublished\":\"2024-11-19T21:28:37+00:00\",\"author\":{\"@id\":\"https:\\\/\\\/grupohoymexico.com\\\/tlaxcala\\\/#\\\/schema\\\/person\\\/ce6086ac837852775a3a4f539356c297\"},\"description\":\"Carlos Luna V\u00e1zquez, ha anunciado el inicio del registro para la Pensi\u00f3n para el Bienestar, dirigido a adultos mayores de 65 a\u00f1os.\",\"breadcrumb\":{\"@id\":\"https:\\\/\\\/grupohoymexico.com\\\/tlaxcala\\\/estatal\\\/inicia-registro-para-la-pension-bienestar-en-tlaxcala\\\/#breadcrumb\"},\"inLanguage\":\"es\",\"potentialAction\":[{\"@type\":\"ReadAction\",\"target\":[\"https:\\\/\\\/grupohoymexico.com\\\/tlaxcala\\\/estatal\\\/inicia-registro-para-la-pension-bienestar-en-tlaxcala\\\/\"]}]},{\"@type\":\"ImageObject\",\"inLanguage\":\"es\",\"@id\":\"https:\\\/\\\/grupohoymexico.com\\\/tlaxcala\\\/estatal\\\/inicia-registro-para-la-pension-bienestar-en-tlaxcala\\\/#primaryimage\",\"url\":\"https:\\\/\\\/grupohoymexico.com\\\/tlaxcala\\\/wp-content\\\/uploads\\\/sites\\\/4\\\/2024\\\/11\\\/photo_5037406961129335901_y.jpg\",\"contentUrl\":\"https:\\\/\\\/grupohoymexico.com\\\/tlaxcala\\\/wp-content\\\/uploads\\\/sites\\\/4\\\/2024\\\/11\\\/photo_5037406961129335901_y.jpg\",\"width\":1200,\"height\":638,\"caption\":\"Inicia registro para la Pensi\u00f3n Bienestar en Tlaxcala\"},{\"@type\":\"BreadcrumbList\",\"@id\":\"https:\\\/\\\/grupohoymexico.com\\\/tlaxcala\\\/estatal\\\/inicia-registro-para-la-pension-bienestar-en-tlaxcala\\\/#breadcrumb\",\"itemListElement\":[{\"@type\":\"ListItem\",\"position\":1,\"name\":\"Inicio\",\"item\":\"https:\\\/\\\/grupohoymexico.com\\\/tlaxcala\\\/\"},{\"@type\":\"ListItem\",\"position\":2,\"name\":\"Inicia registro para la Pensi\u00f3n Bienestar en Tlaxcala\"}]},{\"@type\":\"WebSite\",\"@id\":\"https:\\\/\\\/grupohoymexico.com\\\/tlaxcala\\\/#website\",\"url\":\"https:\\\/\\\/grupohoymexico.com\\\/tlaxcala\\\/\",\"name\":\"Tlaxcala Hoy\",\"description\":\"El alma de la naci\u00f3n\",\"potentialAction\":[{\"@type\":\"SearchAction\",\"target\":{\"@type\":\"EntryPoint\",\"urlTemplate\":\"https:\\\/\\\/grupohoymexico.com\\\/tlaxcala\\\/?s={search_term_string}\"},\"query-input\":{\"@type\":\"PropertyValueSpecification\",\"valueRequired\":true,\"valueName\":\"search_term_string\"}}],\"inLanguage\":\"es\"},{\"@type\":\"Person\",\"@id\":\"https:\\\/\\\/grupohoymexico.com\\\/tlaxcala\\\/#\\\/schema\\\/person\\\/ce6086ac837852775a3a4f539356c297\",\"name\":\"user\",\"image\":{\"@type\":\"ImageObject\",\"inLanguage\":\"es\",\"@id\":\"https:\\\/\\\/secure.gravatar.com\\\/avatar\\\/25f78de4fa956f6f7c01f8d96f8087d8958ebe06d57e630cd54e36aefb9dacea?s=96&d=mm&r=g\",\"url\":\"https:\\\/\\\/secure.gravatar.com\\\/avatar\\\/25f78de4fa956f6f7c01f8d96f8087d8958ebe06d57e630cd54e36aefb9dacea?s=96&d=mm&r=g\",\"contentUrl\":\"https:\\\/\\\/secure.gravatar.com\\\/avatar\\\/25f78de4fa956f6f7c01f8d96f8087d8958ebe06d57e630cd54e36aefb9dacea?s=96&d=mm&r=g\",\"caption\":\"user\"},\"sameAs\":[\"http:\\\/\\\/44.197.188.197.nip.io\"],\"url\":\"https:\\\/\\\/grupohoymexico.com\\\/tlaxcala\\\/author\\\/user\\\/\"}]}<\/script>\n<!-- \/ Yoast SEO Premium plugin. -->","yoast_head_json":{"title":"Inicia registro para la Pensi\u00f3n Bienestar en Tlaxcala - Tlaxcala Hoy","description":"Carlos Luna V\u00e1zquez, ha anunciado el inicio del registro para la Pensi\u00f3n para el Bienestar, dirigido a adultos mayores de 65 a\u00f1os.","robots":{"index":"index","follow":"follow","max-snippet":"max-snippet:-1","max-image-preview":"max-image-preview:large","max-video-preview":"max-video-preview:-1"},"canonical":"https:\/\/grupohoymexico.com\/tlaxcala\/estatal\/inicia-registro-para-la-pension-bienestar-en-tlaxcala\/","og_locale":"es_MX","og_type":"article","og_title":"Inicia registro para la Pensi\u00f3n Bienestar en Tlaxcala","og_description":"Carlos Luna V\u00e1zquez, ha anunciado el inicio del registro para la Pensi\u00f3n para el Bienestar, dirigido a adultos mayores de 65 a\u00f1os.","og_url":"https:\/\/grupohoymexico.com\/tlaxcala\/estatal\/inicia-registro-para-la-pension-bienestar-en-tlaxcala\/","og_site_name":"Tlaxcala Hoy","article_published_time":"2024-11-19T21:28:37+00:00","og_image":[{"width":1200,"height":638,"url":"https:\/\/grupohoymexico.com\/tlaxcala\/wp-content\/uploads\/sites\/4\/2024\/11\/photo_5037406961129335901_y.jpg","type":"image\/jpeg"}],"author":"user","twitter_card":"summary_large_image","twitter_misc":{"Escrito por":"user","Tiempo de lectura":"2 minutos"},"schema":{"@context":"https:\/\/schema.org","@graph":[{"@type":"Article","@id":"https:\/\/grupohoymexico.com\/tlaxcala\/estatal\/inicia-registro-para-la-pension-bienestar-en-tlaxcala\/#article","isPartOf":{"@id":"https:\/\/grupohoymexico.com\/tlaxcala\/estatal\/inicia-registro-para-la-pension-bienestar-en-tlaxcala\/"},"author":{"name":"user","@id":"https:\/\/grupohoymexico.com\/tlaxcala\/#\/schema\/person\/ce6086ac837852775a3a4f539356c297"},"headline":"Inicia registro para la Pensi\u00f3n Bienestar en Tlaxcala","datePublished":"2024-11-19T21:28:37+00:00","mainEntityOfPage":{"@id":"https:\/\/grupohoymexico.com\/tlaxcala\/estatal\/inicia-registro-para-la-pension-bienestar-en-tlaxcala\/"},"wordCount":276,"commentCount":0,"image":{"@id":"https:\/\/grupohoymexico.com\/tlaxcala\/estatal\/inicia-registro-para-la-pension-bienestar-en-tlaxcala\/#primaryimage"},"thumbnailUrl":"https:\/\/grupohoymexico.com\/tlaxcala\/wp-content\/uploads\/sites\/4\/2024\/11\/photo_5037406961129335901_y.jpg","keywords":["Adultos mayores","Carlos Luna V\u00e1zquez","Pensi\u00f3n Bienestar","Registro","Tlaxcala"],"articleSection":["Estatal"],"inLanguage":"es","potentialAction":[{"@type":"CommentAction","name":"Comment","target":["https:\/\/grupohoymexico.com\/tlaxcala\/estatal\/inicia-registro-para-la-pension-bienestar-en-tlaxcala\/#respond"]}]},{"@type":"WebPage","@id":"https:\/\/grupohoymexico.com\/tlaxcala\/estatal\/inicia-registro-para-la-pension-bienestar-en-tlaxcala\/","url":"https:\/\/grupohoymexico.com\/tlaxcala\/estatal\/inicia-registro-para-la-pension-bienestar-en-tlaxcala\/","name":"Inicia registro para la Pensi\u00f3n Bienestar en Tlaxcala - Tlaxcala Hoy","isPartOf":{"@id":"https:\/\/grupohoymexico.com\/tlaxcala\/#website"},"primaryImageOfPage":{"@id":"https:\/\/grupohoymexico.com\/tlaxcala\/estatal\/inicia-registro-para-la-pension-bienestar-en-tlaxcala\/#primaryimage"},"image":{"@id":"https:\/\/grupohoymexico.com\/tlaxcala\/estatal\/inicia-registro-para-la-pension-bienestar-en-tlaxcala\/#primaryimage"},"thumbnailUrl":"https:\/\/grupohoymexico.com\/tlaxcala\/wp-content\/uploads\/sites\/4\/2024\/11\/photo_5037406961129335901_y.jpg","datePublished":"2024-11-19T21:28:37+00:00","author":{"@id":"https:\/\/grupohoymexico.com\/tlaxcala\/#\/schema\/person\/ce6086ac837852775a3a4f539356c297"},"description":"Carlos Luna V\u00e1zquez, ha anunciado el inicio del registro para la Pensi\u00f3n para el Bienestar, dirigido a adultos mayores de 65 a\u00f1os.","breadcrumb":{"@id":"https:\/\/grupohoymexico.com\/tlaxcala\/estatal\/inicia-registro-para-la-pension-bienestar-en-tlaxcala\/#breadcrumb"},"inLanguage":"es","potentialAction":[{"@type":"ReadAction","target":["https:\/\/grupohoymexico.com\/tlaxcala\/estatal\/inicia-registro-para-la-pension-bienestar-en-tlaxcala\/"]}]},{"@type":"ImageObject","inLanguage":"es","@id":"https:\/\/grupohoymexico.com\/tlaxcala\/estatal\/inicia-registro-para-la-pension-bienestar-en-tlaxcala\/#primaryimage","url":"https:\/\/grupohoymexico.com\/tlaxcala\/wp-content\/uploads\/sites\/4\/2024\/11\/photo_5037406961129335901_y.jpg","contentUrl":"https:\/\/grupohoymexico.com\/tlaxcala\/wp-content\/uploads\/sites\/4\/2024\/11\/photo_5037406961129335901_y.jpg","width":1200,"height":638,"caption":"Inicia registro para la Pensi\u00f3n Bienestar en Tlaxcala"},{"@type":"BreadcrumbList","@id":"https:\/\/grupohoymexico.com\/tlaxcala\/estatal\/inicia-registro-para-la-pension-bienestar-en-tlaxcala\/#breadcrumb","itemListElement":[{"@type":"ListItem","position":1,"name":"Inicio","item":"https:\/\/grupohoymexico.com\/tlaxcala\/"},{"@type":"ListItem","position":2,"name":"Inicia registro para la Pensi\u00f3n Bienestar en Tlaxcala"}]},{"@type":"WebSite","@id":"https:\/\/grupohoymexico.com\/tlaxcala\/#website","url":"https:\/\/grupohoymexico.com\/tlaxcala\/","name":"Tlaxcala Hoy","description":"El alma de la naci\u00f3n","potentialAction":[{"@type":"SearchAction","target":{"@type":"EntryPoint","urlTemplate":"https:\/\/grupohoymexico.com\/tlaxcala\/?s={search_term_string}"},"query-input":{"@type":"PropertyValueSpecification","valueRequired":true,"valueName":"search_term_string"}}],"inLanguage":"es"},{"@type":"Person","@id":"https:\/\/grupohoymexico.com\/tlaxcala\/#\/schema\/person\/ce6086ac837852775a3a4f539356c297","name":"user","image":{"@type":"ImageObject","inLanguage":"es","@id":"https:\/\/secure.gravatar.com\/avatar\/25f78de4fa956f6f7c01f8d96f8087d8958ebe06d57e630cd54e36aefb9dacea?s=96&d=mm&r=g","url":"https:\/\/secure.gravatar.com\/avatar\/25f78de4fa956f6f7c01f8d96f8087d8958ebe06d57e630cd54e36aefb9dacea?s=96&d=mm&r=g","contentUrl":"https:\/\/secure.gravatar.com\/avatar\/25f78de4fa956f6f7c01f8d96f8087d8958ebe06d57e630cd54e36aefb9dacea?s=96&d=mm&r=g","caption":"user"},"sameAs":["http:\/\/44.197.188.197.nip.io"],"url":"https:\/\/grupohoymexico.com\/tlaxcala\/author\/user\/"}]}},"_links":{"self":[{"href":"https:\/\/grupohoymexico.com\/tlaxcala\/wp-json\/wp\/v2\/posts\/682","targetHints":{"allow":["GET"]}}],"collection":[{"href":"https:\/\/grupohoymexico.com\/tlaxcala\/wp-json\/wp\/v2\/posts"}],"about":[{"href":"https:\/\/grupohoymexico.com\/tlaxcala\/wp-json\/wp\/v2\/types\/post"}],"author":[{"embeddable":true,"href":"https:\/\/grupohoymexico.com\/tlaxcala\/wp-json\/wp\/v2\/users\/1"}],"replies":[{"embeddable":true,"href":"https:\/\/grupohoymexico.com\/tlaxcala\/wp-json\/wp\/v2\/comments?post=682"}],"version-history":[{"count":1,"href":"https:\/\/grupohoymexico.com\/tlaxcala\/wp-json\/wp\/v2\/posts\/682\/revisions"}],"predecessor-version":[{"id":685,"href":"https:\/\/grupohoymexico.com\/tlaxcala\/wp-json\/wp\/v2\/posts\/682\/revisions\/685"}],"wp:featuredmedia":[{"embeddable":true,"href":"https:\/\/grupohoymexico.com\/tlaxcala\/wp-json\/wp\/v2\/media\/692"}],"wp:attachment":[{"href":"https:\/\/grupohoymexico.com\/tlaxcala\/wp-json\/wp\/v2\/media?parent=682"}],"wp:term":[{"taxonomy":"category","embeddable":true,"href":"https:\/\/grupohoymexico.com\/tlaxcala\/wp-json\/wp\/v2\/categories?post=682"},{"taxonomy":"post_tag","embeddable":true,"href":"https:\/\/grupohoymexico.com\/tlaxcala\/wp-json\/wp\/v2\/tags?post=682"}],"curies":[{"name":"wp","href":"https:\/\/api.w.org\/{rel}","templated":true}]}}