{"id":673,"date":"2024-11-19T18:39:06","date_gmt":"2024-11-19T18:39:06","guid":{"rendered":"https:\/\/grupohoymexico.com\/tlaxcala\/?p=673"},"modified":"2024-11-19T18:39:06","modified_gmt":"2024-11-19T18:39:06","slug":"angelo-gutierrez-asume-liderazgo-del-pan-en-tlaxcala","status":"publish","type":"post","link":"https:\/\/grupohoymexico.com\/tlaxcala\/estatal\/angelo-gutierrez-asume-liderazgo-del-pan-en-tlaxcala\/","title":{"rendered":"\u00c1ngelo Guti\u00e9rrez asume liderazgo del PAN en Tlaxcala"},"content":{"rendered":"<p>En un ambiente de renovaci\u00f3n y esperanza, <strong>\u00c1ngelo Guti\u00e9rrez Hern\u00e1ndez<\/strong> fue nombrado <strong>nuevo l\u00edder del Comit\u00e9 Directivo Estatal del Partido Acci\u00f3n Nacional<\/strong> (PAN) <strong>en Tlaxcala<\/strong>. Durante su discurso inaugural, Guti\u00e9rrez enfatiz\u00f3 la importancia de la unidad entre los miembros del partido y se comprometi\u00f3 a trabajar incansablemente para fortalecer la presencia y el impacto del <a href=\"https:\/\/grupohoymexico.com\/tlaxcala\/tlaxcala\/sandra-juarez-dominguez-recibe-presea-al-merito-judicial\/\">PAN<\/a> en la regi\u00f3n.<\/p>\n<p>Guti\u00e9rrez, quien cuenta con 28 a\u00f1os de trayectoria dentro del partido, reconoci\u00f3 que el PAN enfrenta retos significativos, pero asegur\u00f3 que est\u00e1 preparado para liderar un cambio positivo.<\/p>\n<blockquote><p>&#8220;Vienen mejores tiempos para el PAN en Tlaxcala&#8221;, afirm\u00f3.<\/p><\/blockquote>\n<p>Todo, mientras anunciaba un evento programado para el 7 de diciembre, donde se dar\u00e1 la bienvenida a la dirigencia nacional encabezada por Jorge Romero.<\/p>\n<p>El nuevo dirigente record\u00f3 las ense\u00f1anzas de figuras emblem\u00e1ticas del partido, como Manuel G\u00f3mez Mor\u00edn y Luis H. \u00c1lvarez, subrayando que el PAN no es solo un partido pol\u00edtico, sino un movimiento que busca el bienestar com\u00fan y la justicia social.<\/p>\n<blockquote><p>&#8220;Debemos ser el faro de esperanza para millones de ciudadanos&#8221;, expres\u00f3.<\/p><\/blockquote>\n<p>En su mensaje, Guti\u00e9rrez hizo hincapi\u00e9 en que los valores democr\u00e1ticos est\u00e1n en peligro y que es esencial que los panistas se mantengan firmes en sus principios de honestidad, igualdad y respeto a la dignidad humana.<\/p>\n<blockquote><p>&#8220;No podemos cambiar el pasado, pero s\u00ed tenemos el poder de construir un futuro mejor&#8221;, afirm\u00f3 con determinaci\u00f3n.<\/p><\/blockquote>\n<p>El nuevo l\u00edder tambi\u00e9n destac\u00f3 la necesidad de abordar temas prioritarios como la seguridad social para los cuerpos policiales y otros derechos fundamentales.<\/p>\n<blockquote><p>&#8220;Es nuestra responsabilidad como panistas trabajar por pol\u00edticas p\u00fablicas que beneficien a todos los tlaxcaltecas&#8221;, dijo.<\/p><\/blockquote>\n<p>Con un llamado a todos los miembros del PAN, Guti\u00e9rrez inst\u00f3 a trabajar juntos sin simulaciones.<\/p>\n<blockquote><p>&#8220;La unidad no significa uniformidad; debemos escuchar y sumar esfuerzos para construir un partido m\u00e1s fuerte y cercano a la gente&#8221;, destac\u00f3.<\/p><\/blockquote>\n<p>De cara a las elecciones de 2027, Guti\u00e9rrez expres\u00f3 su deseo de abrir las puertas del partido a nuevos liderazgos comprometidos con el bien com\u00fan.<\/p>\n<blockquote><p>&#8220;Estamos dispuestos a construir alianzas con otros partidos, siempre que trabajen por el beneficio de Tlaxcala&#8221;, concluy\u00f3.<\/p><\/blockquote>\n<p>Finalmente, \u00c1ngelo Guti\u00e9rrez invit\u00f3 a todos los panistas a unirse en este nuevo cap\u00edtulo para el partido:<\/p>\n<blockquote><p>&#8220;No est\u00e1n solos. Juntos enfrentaremos los desaf\u00edos y escribiremos una nueva historia para Acci\u00f3n Nacional en Tlaxcala. \u00a1Por un estado m\u00e1s libre, justo y pr\u00f3spero!&#8221;.<\/p><\/blockquote>\n","protected":false},"excerpt":{"rendered":"En un ambiente de renovaci\u00f3n y esperanza, \u00c1ngelo Guti\u00e9rrez Hern\u00e1ndez fue nombrado nuevo l\u00edder del Comit\u00e9 Directivo Estatal&hellip;","protected":false},"author":1,"featured_media":687,"comment_status":"open","ping_status":"open","sticky":false,"template":"","format":"standard","meta":{"csco_display_header_overlay":false,"csco_singular_sidebar":"","csco_page_header_type":"","csco_page_load_nextpost":"","csco_post_video_location":[],"csco_post_video_location_hash":"","csco_post_video_url":"","csco_post_video_bg_start_time":0,"csco_post_video_bg_end_time":0,"footnotes":""},"categories":[172],"tags":[232,233,229],"class_list":{"0":"post-673","1":"post","2":"type-post","3":"status-publish","4":"format-standard","5":"has-post-thumbnail","7":"category-estatal","8":"tag-angelo-gutierrez","9":"tag-pan","10":"tag-tlaxcala","11":"cs-entry","12":"cs-video-wrap"},"yoast_head":"<!-- This site is optimized with the Yoast SEO Premium plugin v24.7 (Yoast SEO v27.4) - https:\/\/yoast.com\/product\/yoast-seo-premium-wordpress\/ -->\n<title>\u00c1ngelo Guti\u00e9rrez asume liderazgo del PAN en Tlaxcala - Tlaxcala Hoy<\/title>\n<meta name=\"description\" content=\"\u00c1ngelo Guti\u00e9rrez Hern\u00e1ndez fue nombrado nuevo l\u00edder del Comit\u00e9 Directivo Estatal del Partido Acci\u00f3n Nacional en Tlaxcala.\" \/>\n<meta name=\"robots\" content=\"index, follow, max-snippet:-1, max-image-preview:large, max-video-preview:-1\" \/>\n<link rel=\"canonical\" href=\"https:\/\/grupohoymexico.com\/tlaxcala\/estatal\/angelo-gutierrez-asume-liderazgo-del-pan-en-tlaxcala\/\" \/>\n<meta property=\"og:locale\" content=\"es_MX\" \/>\n<meta property=\"og:type\" content=\"article\" \/>\n<meta property=\"og:title\" content=\"\u00c1ngelo Guti\u00e9rrez asume liderazgo del PAN en Tlaxcala\" \/>\n<meta property=\"og:description\" content=\"\u00c1ngelo Guti\u00e9rrez Hern\u00e1ndez fue nombrado nuevo l\u00edder del Comit\u00e9 Directivo Estatal del Partido Acci\u00f3n Nacional en Tlaxcala.\" \/>\n<meta property=\"og:url\" content=\"https:\/\/grupohoymexico.com\/tlaxcala\/estatal\/angelo-gutierrez-asume-liderazgo-del-pan-en-tlaxcala\/\" \/>\n<meta property=\"og:site_name\" content=\"Tlaxcala Hoy\" \/>\n<meta property=\"article:published_time\" content=\"2024-11-19T18:39:06+00:00\" \/>\n<meta property=\"og:image\" content=\"https:\/\/grupohoymexico.com\/tlaxcala\/wp-content\/uploads\/sites\/4\/2024\/11\/photo_5035155161315650771_y.jpg\" \/>\n\t<meta property=\"og:image:width\" content=\"1200\" \/>\n\t<meta property=\"og:image:height\" content=\"638\" \/>\n\t<meta property=\"og:image:type\" content=\"image\/jpeg\" \/>\n<meta name=\"author\" content=\"user\" \/>\n<meta name=\"twitter:card\" content=\"summary_large_image\" \/>\n<meta name=\"twitter:label1\" content=\"Escrito por\" \/>\n\t<meta name=\"twitter:data1\" content=\"user\" \/>\n\t<meta name=\"twitter:label2\" content=\"Tiempo de lectura\" \/>\n\t<meta name=\"twitter:data2\" content=\"2 minutos\" \/>\n<script type=\"application\/ld+json\" class=\"yoast-schema-graph\">{\"@context\":\"https:\\\/\\\/schema.org\",\"@graph\":[{\"@type\":\"Article\",\"@id\":\"https:\\\/\\\/grupohoymexico.com\\\/tlaxcala\\\/estatal\\\/angelo-gutierrez-asume-liderazgo-del-pan-en-tlaxcala\\\/#article\",\"isPartOf\":{\"@id\":\"https:\\\/\\\/grupohoymexico.com\\\/tlaxcala\\\/estatal\\\/angelo-gutierrez-asume-liderazgo-del-pan-en-tlaxcala\\\/\"},\"author\":{\"name\":\"user\",\"@id\":\"https:\\\/\\\/grupohoymexico.com\\\/tlaxcala\\\/#\\\/schema\\\/person\\\/ce6086ac837852775a3a4f539356c297\"},\"headline\":\"\u00c1ngelo Guti\u00e9rrez asume liderazgo del PAN en Tlaxcala\",\"datePublished\":\"2024-11-19T18:39:06+00:00\",\"mainEntityOfPage\":{\"@id\":\"https:\\\/\\\/grupohoymexico.com\\\/tlaxcala\\\/estatal\\\/angelo-gutierrez-asume-liderazgo-del-pan-en-tlaxcala\\\/\"},\"wordCount\":427,\"commentCount\":0,\"image\":{\"@id\":\"https:\\\/\\\/grupohoymexico.com\\\/tlaxcala\\\/estatal\\\/angelo-gutierrez-asume-liderazgo-del-pan-en-tlaxcala\\\/#primaryimage\"},\"thumbnailUrl\":\"https:\\\/\\\/grupohoymexico.com\\\/tlaxcala\\\/wp-content\\\/uploads\\\/sites\\\/4\\\/2024\\\/11\\\/photo_5035155161315650771_y.jpg\",\"keywords\":[\"\u00c1ngelo Guti\u00e9rrez\",\"PAN\",\"Tlaxcala\"],\"articleSection\":[\"Estatal\"],\"inLanguage\":\"es\",\"potentialAction\":[{\"@type\":\"CommentAction\",\"name\":\"Comment\",\"target\":[\"https:\\\/\\\/grupohoymexico.com\\\/tlaxcala\\\/estatal\\\/angelo-gutierrez-asume-liderazgo-del-pan-en-tlaxcala\\\/#respond\"]}]},{\"@type\":\"WebPage\",\"@id\":\"https:\\\/\\\/grupohoymexico.com\\\/tlaxcala\\\/estatal\\\/angelo-gutierrez-asume-liderazgo-del-pan-en-tlaxcala\\\/\",\"url\":\"https:\\\/\\\/grupohoymexico.com\\\/tlaxcala\\\/estatal\\\/angelo-gutierrez-asume-liderazgo-del-pan-en-tlaxcala\\\/\",\"name\":\"\u00c1ngelo Guti\u00e9rrez asume liderazgo del PAN en Tlaxcala - Tlaxcala Hoy\",\"isPartOf\":{\"@id\":\"https:\\\/\\\/grupohoymexico.com\\\/tlaxcala\\\/#website\"},\"primaryImageOfPage\":{\"@id\":\"https:\\\/\\\/grupohoymexico.com\\\/tlaxcala\\\/estatal\\\/angelo-gutierrez-asume-liderazgo-del-pan-en-tlaxcala\\\/#primaryimage\"},\"image\":{\"@id\":\"https:\\\/\\\/grupohoymexico.com\\\/tlaxcala\\\/estatal\\\/angelo-gutierrez-asume-liderazgo-del-pan-en-tlaxcala\\\/#primaryimage\"},\"thumbnailUrl\":\"https:\\\/\\\/grupohoymexico.com\\\/tlaxcala\\\/wp-content\\\/uploads\\\/sites\\\/4\\\/2024\\\/11\\\/photo_5035155161315650771_y.jpg\",\"datePublished\":\"2024-11-19T18:39:06+00:00\",\"author\":{\"@id\":\"https:\\\/\\\/grupohoymexico.com\\\/tlaxcala\\\/#\\\/schema\\\/person\\\/ce6086ac837852775a3a4f539356c297\"},\"description\":\"\u00c1ngelo Guti\u00e9rrez Hern\u00e1ndez fue nombrado nuevo l\u00edder del Comit\u00e9 Directivo Estatal del Partido Acci\u00f3n Nacional en Tlaxcala.\",\"breadcrumb\":{\"@id\":\"https:\\\/\\\/grupohoymexico.com\\\/tlaxcala\\\/estatal\\\/angelo-gutierrez-asume-liderazgo-del-pan-en-tlaxcala\\\/#breadcrumb\"},\"inLanguage\":\"es\",\"potentialAction\":[{\"@type\":\"ReadAction\",\"target\":[\"https:\\\/\\\/grupohoymexico.com\\\/tlaxcala\\\/estatal\\\/angelo-gutierrez-asume-liderazgo-del-pan-en-tlaxcala\\\/\"]}]},{\"@type\":\"ImageObject\",\"inLanguage\":\"es\",\"@id\":\"https:\\\/\\\/grupohoymexico.com\\\/tlaxcala\\\/estatal\\\/angelo-gutierrez-asume-liderazgo-del-pan-en-tlaxcala\\\/#primaryimage\",\"url\":\"https:\\\/\\\/grupohoymexico.com\\\/tlaxcala\\\/wp-content\\\/uploads\\\/sites\\\/4\\\/2024\\\/11\\\/photo_5035155161315650771_y.jpg\",\"contentUrl\":\"https:\\\/\\\/grupohoymexico.com\\\/tlaxcala\\\/wp-content\\\/uploads\\\/sites\\\/4\\\/2024\\\/11\\\/photo_5035155161315650771_y.jpg\",\"width\":1200,\"height\":638},{\"@type\":\"BreadcrumbList\",\"@id\":\"https:\\\/\\\/grupohoymexico.com\\\/tlaxcala\\\/estatal\\\/angelo-gutierrez-asume-liderazgo-del-pan-en-tlaxcala\\\/#breadcrumb\",\"itemListElement\":[{\"@type\":\"ListItem\",\"position\":1,\"name\":\"Inicio\",\"item\":\"https:\\\/\\\/grupohoymexico.com\\\/tlaxcala\\\/\"},{\"@type\":\"ListItem\",\"position\":2,\"name\":\"\u00c1ngelo Guti\u00e9rrez asume liderazgo del PAN en Tlaxcala\"}]},{\"@type\":\"WebSite\",\"@id\":\"https:\\\/\\\/grupohoymexico.com\\\/tlaxcala\\\/#website\",\"url\":\"https:\\\/\\\/grupohoymexico.com\\\/tlaxcala\\\/\",\"name\":\"Tlaxcala Hoy\",\"description\":\"El alma de la naci\u00f3n\",\"potentialAction\":[{\"@type\":\"SearchAction\",\"target\":{\"@type\":\"EntryPoint\",\"urlTemplate\":\"https:\\\/\\\/grupohoymexico.com\\\/tlaxcala\\\/?s={search_term_string}\"},\"query-input\":{\"@type\":\"PropertyValueSpecification\",\"valueRequired\":true,\"valueName\":\"search_term_string\"}}],\"inLanguage\":\"es\"},{\"@type\":\"Person\",\"@id\":\"https:\\\/\\\/grupohoymexico.com\\\/tlaxcala\\\/#\\\/schema\\\/person\\\/ce6086ac837852775a3a4f539356c297\",\"name\":\"user\",\"image\":{\"@type\":\"ImageObject\",\"inLanguage\":\"es\",\"@id\":\"https:\\\/\\\/secure.gravatar.com\\\/avatar\\\/25f78de4fa956f6f7c01f8d96f8087d8958ebe06d57e630cd54e36aefb9dacea?s=96&d=mm&r=g\",\"url\":\"https:\\\/\\\/secure.gravatar.com\\\/avatar\\\/25f78de4fa956f6f7c01f8d96f8087d8958ebe06d57e630cd54e36aefb9dacea?s=96&d=mm&r=g\",\"contentUrl\":\"https:\\\/\\\/secure.gravatar.com\\\/avatar\\\/25f78de4fa956f6f7c01f8d96f8087d8958ebe06d57e630cd54e36aefb9dacea?s=96&d=mm&r=g\",\"caption\":\"user\"},\"sameAs\":[\"http:\\\/\\\/44.197.188.197.nip.io\"],\"url\":\"https:\\\/\\\/grupohoymexico.com\\\/tlaxcala\\\/author\\\/user\\\/\"}]}<\/script>\n<!-- \/ Yoast SEO Premium plugin. -->","yoast_head_json":{"title":"\u00c1ngelo Guti\u00e9rrez asume liderazgo del PAN en Tlaxcala - Tlaxcala Hoy","description":"\u00c1ngelo Guti\u00e9rrez Hern\u00e1ndez fue nombrado nuevo l\u00edder del Comit\u00e9 Directivo Estatal del Partido Acci\u00f3n Nacional en Tlaxcala.","robots":{"index":"index","follow":"follow","max-snippet":"max-snippet:-1","max-image-preview":"max-image-preview:large","max-video-preview":"max-video-preview:-1"},"canonical":"https:\/\/grupohoymexico.com\/tlaxcala\/estatal\/angelo-gutierrez-asume-liderazgo-del-pan-en-tlaxcala\/","og_locale":"es_MX","og_type":"article","og_title":"\u00c1ngelo Guti\u00e9rrez asume liderazgo del PAN en Tlaxcala","og_description":"\u00c1ngelo Guti\u00e9rrez Hern\u00e1ndez fue nombrado nuevo l\u00edder del Comit\u00e9 Directivo Estatal del Partido Acci\u00f3n Nacional en Tlaxcala.","og_url":"https:\/\/grupohoymexico.com\/tlaxcala\/estatal\/angelo-gutierrez-asume-liderazgo-del-pan-en-tlaxcala\/","og_site_name":"Tlaxcala Hoy","article_published_time":"2024-11-19T18:39:06+00:00","og_image":[{"width":1200,"height":638,"url":"https:\/\/grupohoymexico.com\/tlaxcala\/wp-content\/uploads\/sites\/4\/2024\/11\/photo_5035155161315650771_y.jpg","type":"image\/jpeg"}],"author":"user","twitter_card":"summary_large_image","twitter_misc":{"Escrito por":"user","Tiempo de lectura":"2 minutos"},"schema":{"@context":"https:\/\/schema.org","@graph":[{"@type":"Article","@id":"https:\/\/grupohoymexico.com\/tlaxcala\/estatal\/angelo-gutierrez-asume-liderazgo-del-pan-en-tlaxcala\/#article","isPartOf":{"@id":"https:\/\/grupohoymexico.com\/tlaxcala\/estatal\/angelo-gutierrez-asume-liderazgo-del-pan-en-tlaxcala\/"},"author":{"name":"user","@id":"https:\/\/grupohoymexico.com\/tlaxcala\/#\/schema\/person\/ce6086ac837852775a3a4f539356c297"},"headline":"\u00c1ngelo Guti\u00e9rrez asume liderazgo del PAN en Tlaxcala","datePublished":"2024-11-19T18:39:06+00:00","mainEntityOfPage":{"@id":"https:\/\/grupohoymexico.com\/tlaxcala\/estatal\/angelo-gutierrez-asume-liderazgo-del-pan-en-tlaxcala\/"},"wordCount":427,"commentCount":0,"image":{"@id":"https:\/\/grupohoymexico.com\/tlaxcala\/estatal\/angelo-gutierrez-asume-liderazgo-del-pan-en-tlaxcala\/#primaryimage"},"thumbnailUrl":"https:\/\/grupohoymexico.com\/tlaxcala\/wp-content\/uploads\/sites\/4\/2024\/11\/photo_5035155161315650771_y.jpg","keywords":["\u00c1ngelo Guti\u00e9rrez","PAN","Tlaxcala"],"articleSection":["Estatal"],"inLanguage":"es","potentialAction":[{"@type":"CommentAction","name":"Comment","target":["https:\/\/grupohoymexico.com\/tlaxcala\/estatal\/angelo-gutierrez-asume-liderazgo-del-pan-en-tlaxcala\/#respond"]}]},{"@type":"WebPage","@id":"https:\/\/grupohoymexico.com\/tlaxcala\/estatal\/angelo-gutierrez-asume-liderazgo-del-pan-en-tlaxcala\/","url":"https:\/\/grupohoymexico.com\/tlaxcala\/estatal\/angelo-gutierrez-asume-liderazgo-del-pan-en-tlaxcala\/","name":"\u00c1ngelo Guti\u00e9rrez asume liderazgo del PAN en Tlaxcala - Tlaxcala Hoy","isPartOf":{"@id":"https:\/\/grupohoymexico.com\/tlaxcala\/#website"},"primaryImageOfPage":{"@id":"https:\/\/grupohoymexico.com\/tlaxcala\/estatal\/angelo-gutierrez-asume-liderazgo-del-pan-en-tlaxcala\/#primaryimage"},"image":{"@id":"https:\/\/grupohoymexico.com\/tlaxcala\/estatal\/angelo-gutierrez-asume-liderazgo-del-pan-en-tlaxcala\/#primaryimage"},"thumbnailUrl":"https:\/\/grupohoymexico.com\/tlaxcala\/wp-content\/uploads\/sites\/4\/2024\/11\/photo_5035155161315650771_y.jpg","datePublished":"2024-11-19T18:39:06+00:00","author":{"@id":"https:\/\/grupohoymexico.com\/tlaxcala\/#\/schema\/person\/ce6086ac837852775a3a4f539356c297"},"description":"\u00c1ngelo Guti\u00e9rrez Hern\u00e1ndez fue nombrado nuevo l\u00edder del Comit\u00e9 Directivo Estatal del Partido Acci\u00f3n Nacional en Tlaxcala.","breadcrumb":{"@id":"https:\/\/grupohoymexico.com\/tlaxcala\/estatal\/angelo-gutierrez-asume-liderazgo-del-pan-en-tlaxcala\/#breadcrumb"},"inLanguage":"es","potentialAction":[{"@type":"ReadAction","target":["https:\/\/grupohoymexico.com\/tlaxcala\/estatal\/angelo-gutierrez-asume-liderazgo-del-pan-en-tlaxcala\/"]}]},{"@type":"ImageObject","inLanguage":"es","@id":"https:\/\/grupohoymexico.com\/tlaxcala\/estatal\/angelo-gutierrez-asume-liderazgo-del-pan-en-tlaxcala\/#primaryimage","url":"https:\/\/grupohoymexico.com\/tlaxcala\/wp-content\/uploads\/sites\/4\/2024\/11\/photo_5035155161315650771_y.jpg","contentUrl":"https:\/\/grupohoymexico.com\/tlaxcala\/wp-content\/uploads\/sites\/4\/2024\/11\/photo_5035155161315650771_y.jpg","width":1200,"height":638},{"@type":"BreadcrumbList","@id":"https:\/\/grupohoymexico.com\/tlaxcala\/estatal\/angelo-gutierrez-asume-liderazgo-del-pan-en-tlaxcala\/#breadcrumb","itemListElement":[{"@type":"ListItem","position":1,"name":"Inicio","item":"https:\/\/grupohoymexico.com\/tlaxcala\/"},{"@type":"ListItem","position":2,"name":"\u00c1ngelo Guti\u00e9rrez asume liderazgo del PAN en Tlaxcala"}]},{"@type":"WebSite","@id":"https:\/\/grupohoymexico.com\/tlaxcala\/#website","url":"https:\/\/grupohoymexico.com\/tlaxcala\/","name":"Tlaxcala Hoy","description":"El alma de la naci\u00f3n","potentialAction":[{"@type":"SearchAction","target":{"@type":"EntryPoint","urlTemplate":"https:\/\/grupohoymexico.com\/tlaxcala\/?s={search_term_string}"},"query-input":{"@type":"PropertyValueSpecification","valueRequired":true,"valueName":"search_term_string"}}],"inLanguage":"es"},{"@type":"Person","@id":"https:\/\/grupohoymexico.com\/tlaxcala\/#\/schema\/person\/ce6086ac837852775a3a4f539356c297","name":"user","image":{"@type":"ImageObject","inLanguage":"es","@id":"https:\/\/secure.gravatar.com\/avatar\/25f78de4fa956f6f7c01f8d96f8087d8958ebe06d57e630cd54e36aefb9dacea?s=96&d=mm&r=g","url":"https:\/\/secure.gravatar.com\/avatar\/25f78de4fa956f6f7c01f8d96f8087d8958ebe06d57e630cd54e36aefb9dacea?s=96&d=mm&r=g","contentUrl":"https:\/\/secure.gravatar.com\/avatar\/25f78de4fa956f6f7c01f8d96f8087d8958ebe06d57e630cd54e36aefb9dacea?s=96&d=mm&r=g","caption":"user"},"sameAs":["http:\/\/44.197.188.197.nip.io"],"url":"https:\/\/grupohoymexico.com\/tlaxcala\/author\/user\/"}]}},"_links":{"self":[{"href":"https:\/\/grupohoymexico.com\/tlaxcala\/wp-json\/wp\/v2\/posts\/673","targetHints":{"allow":["GET"]}}],"collection":[{"href":"https:\/\/grupohoymexico.com\/tlaxcala\/wp-json\/wp\/v2\/posts"}],"about":[{"href":"https:\/\/grupohoymexico.com\/tlaxcala\/wp-json\/wp\/v2\/types\/post"}],"author":[{"embeddable":true,"href":"https:\/\/grupohoymexico.com\/tlaxcala\/wp-json\/wp\/v2\/users\/1"}],"replies":[{"embeddable":true,"href":"https:\/\/grupohoymexico.com\/tlaxcala\/wp-json\/wp\/v2\/comments?post=673"}],"version-history":[{"count":1,"href":"https:\/\/grupohoymexico.com\/tlaxcala\/wp-json\/wp\/v2\/posts\/673\/revisions"}],"predecessor-version":[{"id":675,"href":"https:\/\/grupohoymexico.com\/tlaxcala\/wp-json\/wp\/v2\/posts\/673\/revisions\/675"}],"wp:featuredmedia":[{"embeddable":true,"href":"https:\/\/grupohoymexico.com\/tlaxcala\/wp-json\/wp\/v2\/media\/687"}],"wp:attachment":[{"href":"https:\/\/grupohoymexico.com\/tlaxcala\/wp-json\/wp\/v2\/media?parent=673"}],"wp:term":[{"taxonomy":"category","embeddable":true,"href":"https:\/\/grupohoymexico.com\/tlaxcala\/wp-json\/wp\/v2\/categories?post=673"},{"taxonomy":"post_tag","embeddable":true,"href":"https:\/\/grupohoymexico.com\/tlaxcala\/wp-json\/wp\/v2\/tags?post=673"}],"curies":[{"name":"wp","href":"https:\/\/api.w.org\/{rel}","templated":true}]}}