{"id":6689,"date":"2026-04-28T11:09:58","date_gmt":"2026-04-28T17:09:58","guid":{"rendered":"https:\/\/grupohoymexico.com\/tlaxcala\/uncategorized\/ataque-armado-en-culiacan-deja-4-mujeres-sin-vida-cerca-del-mercado-rafael-buelna\/"},"modified":"2026-04-28T11:09:59","modified_gmt":"2026-04-28T17:09:59","slug":"ataque-armado-en-culiacan-deja-4-mujeres-sin-vida-cerca-del-mercado-rafael-buelna","status":"publish","type":"post","link":"https:\/\/grupohoymexico.com\/tlaxcala\/nacional\/ataque-armado-en-culiacan-deja-4-mujeres-sin-vida-cerca-del-mercado-rafael-buelna\/","title":{"rendered":"Ataque armado en Culiac\u00e1n deja 4 mujeres sin vida cerca del mercado Rafael Buelna"},"content":{"rendered":"\n<p>Un <strong>ataque armado en Culiac\u00e1n, Sinaloa<\/strong>, dej\u00f3 un saldo de cuatro mujeres asesinadas la noche del lunes 27 de abril, en un hecho que ha generado conmoci\u00f3n en la zona centro de la ciudad. La agresi\u00f3n ocurri\u00f3 en las inmediaciones del <strong>Mercado Rafael Buelna<\/strong>, uno de los puntos m\u00e1s transitados de la capital sinaloense.<\/p>\n\n\n\n<p>De acuerdo con reportes preliminares, un sujeto armado dispar\u00f3 contra las v\u00edctimas que se encontraban dentro de un veh\u00edculo, para posteriormente darse a la fuga.<\/p>\n\n\n\n<h3 class=\"wp-block-heading\" id=\"h-sigue-nuestras-cuentas-en-facebook-e-instagram-para-mantenerte-informado-con-las-noticias-mas-relevantes\"><strong>Sigue nuestras cuentas en Facebook e Instagram para mantenerte informado con las noticias m\u00e1s relevantes.<\/strong><\/h3>\n\n\n\n<h2 class=\"wp-block-heading\" id=\"h-como-ocurrio-el-ataque-en-el-centro-de-culiacan\"><strong>\u00bfC\u00f3mo ocurri\u00f3 el ataque en el centro de Culiac\u00e1n?<\/strong><\/h2>\n\n\n\n<p>Los hechos se registraron alrededor de las 20:00 horas entre las calles Miguel Hidalgo y Hermenegildo Galeana, en pleno centro de Culiac\u00e1n.<\/p>\n\n\n\n<p>Seg\u00fan fuentes policiacas, un hombre armado se aproxim\u00f3 al autom\u00f3vil donde se encontraban las mujeres y abri\u00f3 fuego en repetidas ocasiones. Tras la agresi\u00f3n, el atacante huy\u00f3 con rumbo desconocido, sin que hasta el momento se reporten detenciones.<\/p>\n\n\n\n<p>Testigos alertaron de inmediato al n\u00famero de emergencias 911, lo que permiti\u00f3 la r\u00e1pida movilizaci\u00f3n de corporaciones de seguridad.<\/p>\n\n\n\n<h2 class=\"wp-block-heading\" id=\"h-movilizacion-de-autoridades-y-servicios-de-emergencia\"><strong>Movilizaci\u00f3n de autoridades y servicios de emergencia<\/strong><\/h2>\n\n\n\n<p>Minutos despu\u00e9s del ataque, arribaron elementos de la polic\u00eda municipal, as\u00ed como efectivos del Ej\u00e9rcito Mexicano, quienes confirmaron que hab\u00eda cuatro personas con heridas de bala.<\/p>\n\n\n\n<p>Param\u00e9dicos de la Cruz Roja Mexicana acudieron al sitio; sin embargo, al revisar a las v\u00edctimas determinaron que ya no contaban con signos vitales.<\/p>\n\n\n\n<p>La zona fue acordonada para realizar las diligencias correspondientes y permitir el trabajo de los peritos.<\/p>\n\n\n\n<h3 class=\"wp-block-heading\" id=\"h-leer-mas-caso-carolina-flores-fgr-solicita-ficha-roja-de-la-interpol-contra-la-suegra-quien-sigue-profuga\"><strong><em>Leer m\u00e1s: <a href=\"https:\/\/grupohoymexico.com\/2026\/04\/27\/caso-carolina-flores-fgr-solicita-ficha-roja-de-la-interpol-contra-la-suegra-quien-sigue-profuga\/\">Caso Carolina Flores: FGR solicita ficha roja de la Interpol contra la suegra quien sigue pr\u00f3fuga<\/a><\/em><\/strong><\/h3>\n\n\n\n<h2 class=\"wp-block-heading\" id=\"h-quienes-eran-las-victimas-del-ataque\"><strong>\u00bfQui\u00e9nes eran las v\u00edctimas del ataque?<\/strong><\/h2>\n\n\n\n<p>Las v\u00edctimas fueron identificadas por sus familiares como:<\/p>\n\n\n\n<ul class=\"wp-block-list\">\n<li>Sara \u201cE\u201d, de 30 a\u00f1os<\/li>\n\n\n\n<li>Teresa \u201cN\u201d, de 30 a\u00f1os<\/li>\n\n\n\n<li>Karely \u201cN\u201d, de 41 a\u00f1os<\/li>\n\n\n\n<li>Itzel \u201cN\u201d, de 22 a\u00f1os (madre e hija)<\/li>\n<\/ul>\n\n\n\n<p>El caso ha generado indignaci\u00f3n entre habitantes de Sinaloa, quienes exigen el esclarecimiento de los hechos y mayor seguridad en la zona.<\/p>\n\n\n\n<h2 class=\"wp-block-heading\" id=\"h-violencia-en-culiacan-preocupacion-por-seguridad\"><strong>Violencia en Culiac\u00e1n: preocupaci\u00f3n por seguridad<\/strong><\/h2>\n\n\n\n<p>Este nuevo hecho de violencia en Culiac\u00e1n se suma a otros incidentes recientes que han encendido las alertas en la entidad. Autoridades locales y federales mantienen operativos en la zona para dar con el responsable.<\/p>\n\n\n\n<p>Hasta el momento, no se ha informado sobre el m\u00f3vil del ataque, mientras contin\u00faan las investigaciones para esclarecer este multihomicidio.<\/p>\n\n\n\n<h2 class=\"wp-block-heading\" id=\"h-unete-a-nuestro-canal-de-whatsapp\"><strong><a href=\"https:\/\/whatsapp.com\/channel\/0029Vaylt1XG3R3gm4Nsgp2m\">\u00danete a nuestro canal de WhatsApp<\/a><\/strong><\/h2>\n","protected":false},"excerpt":{"rendered":"Un ataque armado en Culiac\u00e1n, Sinaloa, dej\u00f3 un saldo de cuatro mujeres asesinadas la noche del lunes 27&hellip;","protected":false},"author":5,"featured_media":6690,"comment_status":"open","ping_status":"open","sticky":false,"template":"","format":"standard","meta":{"csco_display_header_overlay":false,"csco_singular_sidebar":"","csco_page_header_type":"","csco_page_load_nextpost":"","csco_post_video_location":[],"csco_post_video_location_hash":"","csco_post_video_url":"","csco_post_video_bg_start_time":0,"csco_post_video_bg_end_time":0,"footnotes":""},"categories":[175],"tags":[2753,2722,425,2488],"class_list":{"0":"post-6689","1":"post","2":"type-post","3":"status-publish","4":"format-standard","5":"has-post-thumbnail","7":"category-nacional","8":"tag-ataque-armado","9":"tag-culiacan","10":"tag-seguridad","11":"tag-sinaloa","12":"cs-entry","13":"cs-video-wrap"},"yoast_head":"<!-- This site is optimized with the Yoast SEO Premium plugin v24.7 (Yoast SEO v27.4) - https:\/\/yoast.com\/product\/yoast-seo-premium-wordpress\/ -->\n<title>Ataque armado en Culiac\u00e1n deja 4 mujeres sin vida cerca del mercado Rafael Buelna - Tlaxcala Hoy<\/title>\n<meta name=\"description\" content=\"Ataque armado en Culiac\u00e1n, Sinaloa: 4 mujeres asesinadas cerca del Mercado Rafael Buelna. Detalles del multihomicidio.\" \/>\n<meta name=\"robots\" content=\"index, follow, max-snippet:-1, max-image-preview:large, max-video-preview:-1\" \/>\n<link rel=\"canonical\" href=\"https:\/\/grupohoymexico.com\/tlaxcala\/nacional\/ataque-armado-en-culiacan-deja-4-mujeres-sin-vida-cerca-del-mercado-rafael-buelna\/\" \/>\n<meta property=\"og:locale\" content=\"es_MX\" \/>\n<meta property=\"og:type\" content=\"article\" \/>\n<meta property=\"og:title\" content=\"Ataque armado en Culiac\u00e1n deja 4 mujeres sin vida cerca del mercado Rafael Buelna\" \/>\n<meta property=\"og:description\" content=\"Ataque armado en Culiac\u00e1n, Sinaloa: 4 mujeres asesinadas cerca del Mercado Rafael Buelna. Detalles del multihomicidio.\" \/>\n<meta property=\"og:url\" content=\"https:\/\/grupohoymexico.com\/tlaxcala\/nacional\/ataque-armado-en-culiacan-deja-4-mujeres-sin-vida-cerca-del-mercado-rafael-buelna\/\" \/>\n<meta property=\"og:site_name\" content=\"Tlaxcala Hoy\" \/>\n<meta property=\"article:published_time\" content=\"2026-04-28T17:09:58+00:00\" \/>\n<meta property=\"article:modified_time\" content=\"2026-04-28T17:09:59+00:00\" \/>\n<meta property=\"og:image\" content=\"https:\/\/grupohoymexico.com\/tlaxcala\/wp-content\/uploads\/sites\/4\/2026\/04\/Ataque-armado-Culiacan.jpg\" \/>\n\t<meta property=\"og:image:width\" content=\"1200\" \/>\n\t<meta property=\"og:image:height\" content=\"638\" \/>\n\t<meta property=\"og:image:type\" content=\"image\/jpeg\" \/>\n<meta name=\"author\" content=\"jair\" \/>\n<meta name=\"twitter:card\" content=\"summary_large_image\" \/>\n<meta name=\"twitter:label1\" content=\"Escrito por\" \/>\n\t<meta name=\"twitter:data1\" content=\"jair\" \/>\n\t<meta name=\"twitter:label2\" content=\"Tiempo de lectura\" \/>\n\t<meta name=\"twitter:data2\" content=\"3 minutos\" \/>\n<script type=\"application\/ld+json\" class=\"yoast-schema-graph\">{\"@context\":\"https:\\\/\\\/schema.org\",\"@graph\":[{\"@type\":\"Article\",\"@id\":\"https:\\\/\\\/grupohoymexico.com\\\/tlaxcala\\\/nacional\\\/ataque-armado-en-culiacan-deja-4-mujeres-sin-vida-cerca-del-mercado-rafael-buelna\\\/#article\",\"isPartOf\":{\"@id\":\"https:\\\/\\\/grupohoymexico.com\\\/tlaxcala\\\/nacional\\\/ataque-armado-en-culiacan-deja-4-mujeres-sin-vida-cerca-del-mercado-rafael-buelna\\\/\"},\"author\":{\"name\":\"jair\",\"@id\":\"https:\\\/\\\/grupohoymexico.com\\\/tlaxcala\\\/#\\\/schema\\\/person\\\/98e2425fe99fbbdf486895b69dab3c3d\"},\"headline\":\"Ataque armado en Culiac\u00e1n deja 4 mujeres sin vida cerca del mercado Rafael Buelna\",\"datePublished\":\"2026-04-28T17:09:58+00:00\",\"dateModified\":\"2026-04-28T17:09:59+00:00\",\"mainEntityOfPage\":{\"@id\":\"https:\\\/\\\/grupohoymexico.com\\\/tlaxcala\\\/nacional\\\/ataque-armado-en-culiacan-deja-4-mujeres-sin-vida-cerca-del-mercado-rafael-buelna\\\/\"},\"wordCount\":444,\"commentCount\":0,\"image\":{\"@id\":\"https:\\\/\\\/grupohoymexico.com\\\/tlaxcala\\\/nacional\\\/ataque-armado-en-culiacan-deja-4-mujeres-sin-vida-cerca-del-mercado-rafael-buelna\\\/#primaryimage\"},\"thumbnailUrl\":\"https:\\\/\\\/grupohoymexico.com\\\/tlaxcala\\\/wp-content\\\/uploads\\\/sites\\\/4\\\/2026\\\/04\\\/Ataque-armado-Culiacan.jpg\",\"keywords\":[\"Ataque armado\",\"Culiac\u00e1n\",\"Seguridad\",\"Sinaloa\"],\"articleSection\":[\"Nacional\"],\"inLanguage\":\"es\",\"potentialAction\":[{\"@type\":\"CommentAction\",\"name\":\"Comment\",\"target\":[\"https:\\\/\\\/grupohoymexico.com\\\/tlaxcala\\\/nacional\\\/ataque-armado-en-culiacan-deja-4-mujeres-sin-vida-cerca-del-mercado-rafael-buelna\\\/#respond\"]}]},{\"@type\":\"WebPage\",\"@id\":\"https:\\\/\\\/grupohoymexico.com\\\/tlaxcala\\\/nacional\\\/ataque-armado-en-culiacan-deja-4-mujeres-sin-vida-cerca-del-mercado-rafael-buelna\\\/\",\"url\":\"https:\\\/\\\/grupohoymexico.com\\\/tlaxcala\\\/nacional\\\/ataque-armado-en-culiacan-deja-4-mujeres-sin-vida-cerca-del-mercado-rafael-buelna\\\/\",\"name\":\"Ataque armado en Culiac\u00e1n deja 4 mujeres sin vida cerca del mercado Rafael Buelna - Tlaxcala Hoy\",\"isPartOf\":{\"@id\":\"https:\\\/\\\/grupohoymexico.com\\\/tlaxcala\\\/#website\"},\"primaryImageOfPage\":{\"@id\":\"https:\\\/\\\/grupohoymexico.com\\\/tlaxcala\\\/nacional\\\/ataque-armado-en-culiacan-deja-4-mujeres-sin-vida-cerca-del-mercado-rafael-buelna\\\/#primaryimage\"},\"image\":{\"@id\":\"https:\\\/\\\/grupohoymexico.com\\\/tlaxcala\\\/nacional\\\/ataque-armado-en-culiacan-deja-4-mujeres-sin-vida-cerca-del-mercado-rafael-buelna\\\/#primaryimage\"},\"thumbnailUrl\":\"https:\\\/\\\/grupohoymexico.com\\\/tlaxcala\\\/wp-content\\\/uploads\\\/sites\\\/4\\\/2026\\\/04\\\/Ataque-armado-Culiacan.jpg\",\"datePublished\":\"2026-04-28T17:09:58+00:00\",\"dateModified\":\"2026-04-28T17:09:59+00:00\",\"author\":{\"@id\":\"https:\\\/\\\/grupohoymexico.com\\\/tlaxcala\\\/#\\\/schema\\\/person\\\/98e2425fe99fbbdf486895b69dab3c3d\"},\"description\":\"Ataque armado en Culiac\u00e1n, Sinaloa: 4 mujeres asesinadas cerca del Mercado Rafael Buelna. Detalles del multihomicidio.\",\"breadcrumb\":{\"@id\":\"https:\\\/\\\/grupohoymexico.com\\\/tlaxcala\\\/nacional\\\/ataque-armado-en-culiacan-deja-4-mujeres-sin-vida-cerca-del-mercado-rafael-buelna\\\/#breadcrumb\"},\"inLanguage\":\"es\",\"potentialAction\":[{\"@type\":\"ReadAction\",\"target\":[\"https:\\\/\\\/grupohoymexico.com\\\/tlaxcala\\\/nacional\\\/ataque-armado-en-culiacan-deja-4-mujeres-sin-vida-cerca-del-mercado-rafael-buelna\\\/\"]}]},{\"@type\":\"ImageObject\",\"inLanguage\":\"es\",\"@id\":\"https:\\\/\\\/grupohoymexico.com\\\/tlaxcala\\\/nacional\\\/ataque-armado-en-culiacan-deja-4-mujeres-sin-vida-cerca-del-mercado-rafael-buelna\\\/#primaryimage\",\"url\":\"https:\\\/\\\/grupohoymexico.com\\\/tlaxcala\\\/wp-content\\\/uploads\\\/sites\\\/4\\\/2026\\\/04\\\/Ataque-armado-Culiacan.jpg\",\"contentUrl\":\"https:\\\/\\\/grupohoymexico.com\\\/tlaxcala\\\/wp-content\\\/uploads\\\/sites\\\/4\\\/2026\\\/04\\\/Ataque-armado-Culiacan.jpg\",\"width\":1200,\"height\":638,\"caption\":\"Foto: Culiac\u00e1n\"},{\"@type\":\"BreadcrumbList\",\"@id\":\"https:\\\/\\\/grupohoymexico.com\\\/tlaxcala\\\/nacional\\\/ataque-armado-en-culiacan-deja-4-mujeres-sin-vida-cerca-del-mercado-rafael-buelna\\\/#breadcrumb\",\"itemListElement\":[{\"@type\":\"ListItem\",\"position\":1,\"name\":\"Inicio\",\"item\":\"https:\\\/\\\/grupohoymexico.com\\\/tlaxcala\\\/\"},{\"@type\":\"ListItem\",\"position\":2,\"name\":\"Ataque armado en Culiac\u00e1n deja 4 mujeres sin vida cerca del mercado Rafael Buelna\"}]},{\"@type\":\"WebSite\",\"@id\":\"https:\\\/\\\/grupohoymexico.com\\\/tlaxcala\\\/#website\",\"url\":\"https:\\\/\\\/grupohoymexico.com\\\/tlaxcala\\\/\",\"name\":\"Tlaxcala Hoy\",\"description\":\"El alma de la naci\u00f3n\",\"potentialAction\":[{\"@type\":\"SearchAction\",\"target\":{\"@type\":\"EntryPoint\",\"urlTemplate\":\"https:\\\/\\\/grupohoymexico.com\\\/tlaxcala\\\/?s={search_term_string}\"},\"query-input\":{\"@type\":\"PropertyValueSpecification\",\"valueRequired\":true,\"valueName\":\"search_term_string\"}}],\"inLanguage\":\"es\"},{\"@type\":\"Person\",\"@id\":\"https:\\\/\\\/grupohoymexico.com\\\/tlaxcala\\\/#\\\/schema\\\/person\\\/98e2425fe99fbbdf486895b69dab3c3d\",\"name\":\"jair\",\"image\":{\"@type\":\"ImageObject\",\"inLanguage\":\"es\",\"@id\":\"https:\\\/\\\/secure.gravatar.com\\\/avatar\\\/ec205dfb8733a1ce1601942dddb04fc9294fb780c832e3c1ec58faa8e4e64e9b?s=96&d=mm&r=g\",\"url\":\"https:\\\/\\\/secure.gravatar.com\\\/avatar\\\/ec205dfb8733a1ce1601942dddb04fc9294fb780c832e3c1ec58faa8e4e64e9b?s=96&d=mm&r=g\",\"contentUrl\":\"https:\\\/\\\/secure.gravatar.com\\\/avatar\\\/ec205dfb8733a1ce1601942dddb04fc9294fb780c832e3c1ec58faa8e4e64e9b?s=96&d=mm&r=g\",\"caption\":\"jair\"},\"url\":\"https:\\\/\\\/grupohoymexico.com\\\/tlaxcala\\\/author\\\/jair\\\/\"}]}<\/script>\n<!-- \/ Yoast SEO Premium plugin. -->","yoast_head_json":{"title":"Ataque armado en Culiac\u00e1n deja 4 mujeres sin vida cerca del mercado Rafael Buelna - Tlaxcala Hoy","description":"Ataque armado en Culiac\u00e1n, Sinaloa: 4 mujeres asesinadas cerca del Mercado Rafael Buelna. Detalles del multihomicidio.","robots":{"index":"index","follow":"follow","max-snippet":"max-snippet:-1","max-image-preview":"max-image-preview:large","max-video-preview":"max-video-preview:-1"},"canonical":"https:\/\/grupohoymexico.com\/tlaxcala\/nacional\/ataque-armado-en-culiacan-deja-4-mujeres-sin-vida-cerca-del-mercado-rafael-buelna\/","og_locale":"es_MX","og_type":"article","og_title":"Ataque armado en Culiac\u00e1n deja 4 mujeres sin vida cerca del mercado Rafael Buelna","og_description":"Ataque armado en Culiac\u00e1n, Sinaloa: 4 mujeres asesinadas cerca del Mercado Rafael Buelna. Detalles del multihomicidio.","og_url":"https:\/\/grupohoymexico.com\/tlaxcala\/nacional\/ataque-armado-en-culiacan-deja-4-mujeres-sin-vida-cerca-del-mercado-rafael-buelna\/","og_site_name":"Tlaxcala Hoy","article_published_time":"2026-04-28T17:09:58+00:00","article_modified_time":"2026-04-28T17:09:59+00:00","og_image":[{"width":1200,"height":638,"url":"https:\/\/grupohoymexico.com\/tlaxcala\/wp-content\/uploads\/sites\/4\/2026\/04\/Ataque-armado-Culiacan.jpg","type":"image\/jpeg"}],"author":"jair","twitter_card":"summary_large_image","twitter_misc":{"Escrito por":"jair","Tiempo de lectura":"3 minutos"},"schema":{"@context":"https:\/\/schema.org","@graph":[{"@type":"Article","@id":"https:\/\/grupohoymexico.com\/tlaxcala\/nacional\/ataque-armado-en-culiacan-deja-4-mujeres-sin-vida-cerca-del-mercado-rafael-buelna\/#article","isPartOf":{"@id":"https:\/\/grupohoymexico.com\/tlaxcala\/nacional\/ataque-armado-en-culiacan-deja-4-mujeres-sin-vida-cerca-del-mercado-rafael-buelna\/"},"author":{"name":"jair","@id":"https:\/\/grupohoymexico.com\/tlaxcala\/#\/schema\/person\/98e2425fe99fbbdf486895b69dab3c3d"},"headline":"Ataque armado en Culiac\u00e1n deja 4 mujeres sin vida cerca del mercado Rafael Buelna","datePublished":"2026-04-28T17:09:58+00:00","dateModified":"2026-04-28T17:09:59+00:00","mainEntityOfPage":{"@id":"https:\/\/grupohoymexico.com\/tlaxcala\/nacional\/ataque-armado-en-culiacan-deja-4-mujeres-sin-vida-cerca-del-mercado-rafael-buelna\/"},"wordCount":444,"commentCount":0,"image":{"@id":"https:\/\/grupohoymexico.com\/tlaxcala\/nacional\/ataque-armado-en-culiacan-deja-4-mujeres-sin-vida-cerca-del-mercado-rafael-buelna\/#primaryimage"},"thumbnailUrl":"https:\/\/grupohoymexico.com\/tlaxcala\/wp-content\/uploads\/sites\/4\/2026\/04\/Ataque-armado-Culiacan.jpg","keywords":["Ataque armado","Culiac\u00e1n","Seguridad","Sinaloa"],"articleSection":["Nacional"],"inLanguage":"es","potentialAction":[{"@type":"CommentAction","name":"Comment","target":["https:\/\/grupohoymexico.com\/tlaxcala\/nacional\/ataque-armado-en-culiacan-deja-4-mujeres-sin-vida-cerca-del-mercado-rafael-buelna\/#respond"]}]},{"@type":"WebPage","@id":"https:\/\/grupohoymexico.com\/tlaxcala\/nacional\/ataque-armado-en-culiacan-deja-4-mujeres-sin-vida-cerca-del-mercado-rafael-buelna\/","url":"https:\/\/grupohoymexico.com\/tlaxcala\/nacional\/ataque-armado-en-culiacan-deja-4-mujeres-sin-vida-cerca-del-mercado-rafael-buelna\/","name":"Ataque armado en Culiac\u00e1n deja 4 mujeres sin vida cerca del mercado Rafael Buelna - Tlaxcala Hoy","isPartOf":{"@id":"https:\/\/grupohoymexico.com\/tlaxcala\/#website"},"primaryImageOfPage":{"@id":"https:\/\/grupohoymexico.com\/tlaxcala\/nacional\/ataque-armado-en-culiacan-deja-4-mujeres-sin-vida-cerca-del-mercado-rafael-buelna\/#primaryimage"},"image":{"@id":"https:\/\/grupohoymexico.com\/tlaxcala\/nacional\/ataque-armado-en-culiacan-deja-4-mujeres-sin-vida-cerca-del-mercado-rafael-buelna\/#primaryimage"},"thumbnailUrl":"https:\/\/grupohoymexico.com\/tlaxcala\/wp-content\/uploads\/sites\/4\/2026\/04\/Ataque-armado-Culiacan.jpg","datePublished":"2026-04-28T17:09:58+00:00","dateModified":"2026-04-28T17:09:59+00:00","author":{"@id":"https:\/\/grupohoymexico.com\/tlaxcala\/#\/schema\/person\/98e2425fe99fbbdf486895b69dab3c3d"},"description":"Ataque armado en Culiac\u00e1n, Sinaloa: 4 mujeres asesinadas cerca del Mercado Rafael Buelna. Detalles del multihomicidio.","breadcrumb":{"@id":"https:\/\/grupohoymexico.com\/tlaxcala\/nacional\/ataque-armado-en-culiacan-deja-4-mujeres-sin-vida-cerca-del-mercado-rafael-buelna\/#breadcrumb"},"inLanguage":"es","potentialAction":[{"@type":"ReadAction","target":["https:\/\/grupohoymexico.com\/tlaxcala\/nacional\/ataque-armado-en-culiacan-deja-4-mujeres-sin-vida-cerca-del-mercado-rafael-buelna\/"]}]},{"@type":"ImageObject","inLanguage":"es","@id":"https:\/\/grupohoymexico.com\/tlaxcala\/nacional\/ataque-armado-en-culiacan-deja-4-mujeres-sin-vida-cerca-del-mercado-rafael-buelna\/#primaryimage","url":"https:\/\/grupohoymexico.com\/tlaxcala\/wp-content\/uploads\/sites\/4\/2026\/04\/Ataque-armado-Culiacan.jpg","contentUrl":"https:\/\/grupohoymexico.com\/tlaxcala\/wp-content\/uploads\/sites\/4\/2026\/04\/Ataque-armado-Culiacan.jpg","width":1200,"height":638,"caption":"Foto: Culiac\u00e1n"},{"@type":"BreadcrumbList","@id":"https:\/\/grupohoymexico.com\/tlaxcala\/nacional\/ataque-armado-en-culiacan-deja-4-mujeres-sin-vida-cerca-del-mercado-rafael-buelna\/#breadcrumb","itemListElement":[{"@type":"ListItem","position":1,"name":"Inicio","item":"https:\/\/grupohoymexico.com\/tlaxcala\/"},{"@type":"ListItem","position":2,"name":"Ataque armado en Culiac\u00e1n deja 4 mujeres sin vida cerca del mercado Rafael Buelna"}]},{"@type":"WebSite","@id":"https:\/\/grupohoymexico.com\/tlaxcala\/#website","url":"https:\/\/grupohoymexico.com\/tlaxcala\/","name":"Tlaxcala Hoy","description":"El alma de la naci\u00f3n","potentialAction":[{"@type":"SearchAction","target":{"@type":"EntryPoint","urlTemplate":"https:\/\/grupohoymexico.com\/tlaxcala\/?s={search_term_string}"},"query-input":{"@type":"PropertyValueSpecification","valueRequired":true,"valueName":"search_term_string"}}],"inLanguage":"es"},{"@type":"Person","@id":"https:\/\/grupohoymexico.com\/tlaxcala\/#\/schema\/person\/98e2425fe99fbbdf486895b69dab3c3d","name":"jair","image":{"@type":"ImageObject","inLanguage":"es","@id":"https:\/\/secure.gravatar.com\/avatar\/ec205dfb8733a1ce1601942dddb04fc9294fb780c832e3c1ec58faa8e4e64e9b?s=96&d=mm&r=g","url":"https:\/\/secure.gravatar.com\/avatar\/ec205dfb8733a1ce1601942dddb04fc9294fb780c832e3c1ec58faa8e4e64e9b?s=96&d=mm&r=g","contentUrl":"https:\/\/secure.gravatar.com\/avatar\/ec205dfb8733a1ce1601942dddb04fc9294fb780c832e3c1ec58faa8e4e64e9b?s=96&d=mm&r=g","caption":"jair"},"url":"https:\/\/grupohoymexico.com\/tlaxcala\/author\/jair\/"}]}},"_links":{"self":[{"href":"https:\/\/grupohoymexico.com\/tlaxcala\/wp-json\/wp\/v2\/posts\/6689","targetHints":{"allow":["GET"]}}],"collection":[{"href":"https:\/\/grupohoymexico.com\/tlaxcala\/wp-json\/wp\/v2\/posts"}],"about":[{"href":"https:\/\/grupohoymexico.com\/tlaxcala\/wp-json\/wp\/v2\/types\/post"}],"author":[{"embeddable":true,"href":"https:\/\/grupohoymexico.com\/tlaxcala\/wp-json\/wp\/v2\/users\/5"}],"replies":[{"embeddable":true,"href":"https:\/\/grupohoymexico.com\/tlaxcala\/wp-json\/wp\/v2\/comments?post=6689"}],"version-history":[{"count":0,"href":"https:\/\/grupohoymexico.com\/tlaxcala\/wp-json\/wp\/v2\/posts\/6689\/revisions"}],"wp:featuredmedia":[{"embeddable":true,"href":"https:\/\/grupohoymexico.com\/tlaxcala\/wp-json\/wp\/v2\/media\/6690"}],"wp:attachment":[{"href":"https:\/\/grupohoymexico.com\/tlaxcala\/wp-json\/wp\/v2\/media?parent=6689"}],"wp:term":[{"taxonomy":"category","embeddable":true,"href":"https:\/\/grupohoymexico.com\/tlaxcala\/wp-json\/wp\/v2\/categories?post=6689"},{"taxonomy":"post_tag","embeddable":true,"href":"https:\/\/grupohoymexico.com\/tlaxcala\/wp-json\/wp\/v2\/tags?post=6689"}],"curies":[{"name":"wp","href":"https:\/\/api.w.org\/{rel}","templated":true}]}}