{"id":6671,"date":"2026-04-27T17:58:29","date_gmt":"2026-04-27T23:58:29","guid":{"rendered":"https:\/\/grupohoymexico.com\/tlaxcala\/uncategorized\/caso-carolina-flores-fgr-solicita-ficha-roja-de-la-interpol-contra-la-suegra-quien-sigue-profuga\/"},"modified":"2026-04-27T17:58:30","modified_gmt":"2026-04-27T23:58:30","slug":"caso-carolina-flores-fgr-solicita-ficha-roja-de-la-interpol-contra-la-suegra-quien-sigue-profuga","status":"publish","type":"post","link":"https:\/\/grupohoymexico.com\/tlaxcala\/nacional\/caso-carolina-flores-fgr-solicita-ficha-roja-de-la-interpol-contra-la-suegra-quien-sigue-profuga\/","title":{"rendered":"Caso Carolina Flores: FGR solicita ficha roja de la Interpol contra la suegra quien sigue pr\u00f3fuga"},"content":{"rendered":"\n<p>La <strong><a href=\"https:\/\/fgr.org.mx\/\">Fiscal\u00eda General de la Rep\u00fablica (FGR)<\/a><\/strong> solicit\u00f3 a <strong><a href=\"https:\/\/www.interpol.int\/es\">Interpol<\/a><\/strong> la emisi\u00f3n de una <strong>ficha roja contra Erika Mar\u00eda \u201cN\u201d<\/strong>, se\u00f1alada como presunta responsable del <strong>feminicidio de Carolina Flores<\/strong>, exreina de belleza de <strong>Baja California<\/strong>.<\/p>\n\n\n\n<p>El crimen ocurri\u00f3 el pasado <strong>15 de abril<\/strong> en un departamento ubicado en <strong>Polanco<\/strong>, una de las zonas m\u00e1s exclusivas de la <strong>Ciudad de M\u00e9xico<\/strong>. Desde entonces, la <strong>mujer de 63 a\u00f1os permanece pr\u00f3fuga<\/strong>.<\/p>\n\n\n\n<h3 class=\"wp-block-heading\" id=\"h-sigue-nuestras-cuentas-en-facebook-e-instagram-para-mantenerte-informado-con-las-noticias-mas-relevantes\"><strong>Sigue nuestras cuentas en Facebook e Instagram para mantenerte informado con las noticias m\u00e1s relevantes.<\/strong><\/h3>\n\n\n\n<h2 class=\"wp-block-heading\" id=\"h-que-paso-en-polanco-detalles-del-feminicidio\"><strong>\u00bfQu\u00e9 pas\u00f3 en Polanco? Detalles del feminicidio<\/strong><\/h2>\n\n\n\n<p>De acuerdo con las investigaciones, la v\u00edctima, de 27 a\u00f1os, fue asesinada con un arma de fuego dentro de su domicilio.<\/p>\n\n\n\n<p>Un video filtrado, captado por una c\u00e1mara dom\u00e9stica, muestra el momento posterior al ataque y confirma que en el lugar se encontraban:<\/p>\n\n\n\n<ul class=\"wp-block-list\">\n<li>El esposo de la v\u00edctima, Alejandro \u201cN\u201d.<\/li>\n\n\n\n<li>El hijo de ambos, de apenas ocho meses.<\/li>\n<\/ul>\n\n\n\n<p>La Fiscal\u00eda ya cuenta con una orden de aprehensi\u00f3n por el delito de feminicidio.<\/p>\n\n\n\n<h2 class=\"wp-block-heading\" id=\"h-video-del-caso-genera-controversia-en-mexico\"><strong>Video del caso genera controversia en M\u00e9xico<\/strong><\/h2>\n\n\n\n<p>Las im\u00e1genes difundidas han provocado una fuerte reacci\u00f3n social, no solo por la violencia del crimen, sino por la conducta del esposo tras los hechos.<\/p>\n\n\n\n<p>En el video se escucha que el hombre cuestiona a su madre tras el asesinato, mientras ella responde que actu\u00f3 por enojo. Posteriormente, el esposo habr\u00eda permitido que la presunta agresora escapara.<\/p>\n\n\n\n<p>Adem\u00e1s, el retraso de casi 24 horas en presentar la denuncia ha generado dudas y cr\u00edticas.<\/p>\n\n\n\n<h3 class=\"wp-block-heading\" id=\"h-leer-mas-capturan-a-el-jardinero-operador-del-cjng-en-nayarit\"><em><strong>Leer m\u00e1s: <a href=\"https:\/\/grupohoymexico.com\/2026\/04\/27\/capturan-a-el-jardinero-operador-del-cjng-en-nayarit\/\">Capturan a &#8220;El Jardinero&#8221;, operador del CJNG en Nayarit<\/a><\/strong><\/em><\/h3>\n\n\n\n<h2 class=\"wp-block-heading\" id=\"h-investigacion-en-curso-dudas-y-lineas-abiertas\"><strong>Investigaci\u00f3n en curso: dudas y l\u00edneas abiertas<\/strong><\/h2>\n\n\n\n<p>El caso ha dejado varias interrogantes que contin\u00faan bajo investigaci\u00f3n:<\/p>\n\n\n\n<ul class=\"wp-block-list\">\n<li>\u00bfPor qu\u00e9 no se escucharon los disparos en el edificio?<\/li>\n\n\n\n<li>\u00bfCu\u00e1l fue el papel del esposo en los hechos posteriores?<\/li>\n\n\n\n<li>\u00bfC\u00f3mo logr\u00f3 escapar la presunta agresora?<\/li>\n<\/ul>\n\n\n\n<p>Hasta el momento, las autoridades <strong>no consideran al esposo como sospechoso<\/strong>.<\/p>\n\n\n\n<h2 class=\"wp-block-heading\" id=\"h-conflictos-familiares-antecedente-del-feminicidio\"><strong>Conflictos familiares: antecedente del feminicidio<\/strong><\/h2>\n\n\n\n<p>De acuerdo con testimonios de familiares, la relaci\u00f3n entre la v\u00edctima y su suegra se deterior\u00f3 tras mudarse de <strong>Ensenada a la Ciudad de M\u00e9xico<\/strong>.<\/p>\n\n\n\n<p>La tensi\u00f3n habr\u00eda aumentado durante el embarazo de <strong>Carolina Flores<\/strong>, lo que podr\u00eda haber influido en el desenlace del caso.<\/p>\n\n\n\n<h2 class=\"wp-block-heading\" id=\"h-ficha-roja-de-interpol-busqueda-internacional\"><strong>Ficha roja de Interpol: b\u00fasqueda internacional<\/strong><\/h2>\n\n\n\n<p>La solicitud de ficha roja a Interpol permitir\u00e1 activar la b\u00fasqueda internacional de la presunta feminicida.<\/p>\n\n\n\n<p>Este mecanismo facilita la localizaci\u00f3n y detenci\u00f3n en otros pa\u00edses con fines de extradici\u00f3n.<\/p>\n\n\n\n<p>La investigaci\u00f3n contin\u00faa mientras las autoridades buscan a la presunta responsable a nivel internacional.<\/p>\n\n\n\n<h2 class=\"wp-block-heading\" id=\"h-unete-a-nuestro-canal-de-whatsapp\"><strong><a href=\"https:\/\/whatsapp.com\/channel\/0029Vaylt1XG3R3gm4Nsgp2m\">\u00danete a nuestro canal de WhatsApp<\/a><\/strong><\/h2>\n","protected":false},"excerpt":{"rendered":"La Fiscal\u00eda General de la Rep\u00fablica (FGR) solicit\u00f3 a Interpol la emisi\u00f3n de una ficha roja contra Erika&hellip;","protected":false},"author":5,"featured_media":6672,"comment_status":"open","ping_status":"open","sticky":false,"template":"","format":"standard","meta":{"csco_display_header_overlay":false,"csco_singular_sidebar":"","csco_page_header_type":"","csco_page_load_nextpost":"","csco_post_video_location":[],"csco_post_video_location_hash":"","csco_post_video_url":"","csco_post_video_bg_start_time":0,"csco_post_video_bg_end_time":0,"footnotes":""},"categories":[175],"tags":[2964,2972,2639,291,2040],"class_list":{"0":"post-6671","1":"post","2":"type-post","3":"status-publish","4":"format-standard","5":"has-post-thumbnail","7":"category-nacional","8":"tag-carolina-flores","9":"tag-erika-maria-n","10":"tag-feminicidio","11":"tag-fgr","12":"tag-interpol","13":"cs-entry","14":"cs-video-wrap"},"yoast_head":"<!-- This site is optimized with the Yoast SEO Premium plugin v24.7 (Yoast SEO v27.4) - https:\/\/yoast.com\/product\/yoast-seo-premium-wordpress\/ -->\n<title>Caso Carolina Flores: FGR solicita ficha roja de la Interpol contra la suegra quien sigue pr\u00f3fuga - Tlaxcala Hoy<\/title>\n<meta name=\"description\" content=\"FGR pide ficha roja a la Interpol contra Erika Mar\u00eda &quot;N&quot; por feminicidio de Carolina Flores, exreina de Baja California, en Polanco CDMX.\" \/>\n<meta name=\"robots\" content=\"index, follow, max-snippet:-1, max-image-preview:large, max-video-preview:-1\" \/>\n<link rel=\"canonical\" href=\"https:\/\/grupohoymexico.com\/tlaxcala\/nacional\/caso-carolina-flores-fgr-solicita-ficha-roja-de-la-interpol-contra-la-suegra-quien-sigue-profuga\/\" \/>\n<meta property=\"og:locale\" content=\"es_MX\" \/>\n<meta property=\"og:type\" content=\"article\" \/>\n<meta property=\"og:title\" content=\"Caso Carolina Flores: FGR solicita ficha roja de la Interpol contra la suegra quien sigue pr\u00f3fuga\" \/>\n<meta property=\"og:description\" content=\"FGR pide ficha roja a la Interpol contra Erika Mar\u00eda &quot;N&quot; por feminicidio de Carolina Flores, exreina de Baja California, en Polanco CDMX.\" \/>\n<meta property=\"og:url\" content=\"https:\/\/grupohoymexico.com\/tlaxcala\/nacional\/caso-carolina-flores-fgr-solicita-ficha-roja-de-la-interpol-contra-la-suegra-quien-sigue-profuga\/\" \/>\n<meta property=\"og:site_name\" content=\"Tlaxcala Hoy\" \/>\n<meta property=\"article:published_time\" content=\"2026-04-27T23:58:29+00:00\" \/>\n<meta property=\"article:modified_time\" content=\"2026-04-27T23:58:30+00:00\" \/>\n<meta property=\"og:image\" content=\"https:\/\/grupohoymexico.com\/tlaxcala\/wp-content\/uploads\/sites\/4\/2026\/04\/Carolina-Flores.jpg\" \/>\n\t<meta property=\"og:image:width\" content=\"1200\" \/>\n\t<meta property=\"og:image:height\" content=\"638\" \/>\n\t<meta property=\"og:image:type\" content=\"image\/jpeg\" \/>\n<meta name=\"author\" content=\"jair\" \/>\n<meta name=\"twitter:card\" content=\"summary_large_image\" \/>\n<meta name=\"twitter:label1\" content=\"Escrito por\" \/>\n\t<meta name=\"twitter:data1\" content=\"jair\" \/>\n\t<meta name=\"twitter:label2\" content=\"Tiempo de lectura\" \/>\n\t<meta name=\"twitter:data2\" content=\"3 minutos\" \/>\n<script type=\"application\/ld+json\" class=\"yoast-schema-graph\">{\"@context\":\"https:\\\/\\\/schema.org\",\"@graph\":[{\"@type\":\"Article\",\"@id\":\"https:\\\/\\\/grupohoymexico.com\\\/tlaxcala\\\/nacional\\\/caso-carolina-flores-fgr-solicita-ficha-roja-de-la-interpol-contra-la-suegra-quien-sigue-profuga\\\/#article\",\"isPartOf\":{\"@id\":\"https:\\\/\\\/grupohoymexico.com\\\/tlaxcala\\\/nacional\\\/caso-carolina-flores-fgr-solicita-ficha-roja-de-la-interpol-contra-la-suegra-quien-sigue-profuga\\\/\"},\"author\":{\"name\":\"jair\",\"@id\":\"https:\\\/\\\/grupohoymexico.com\\\/tlaxcala\\\/#\\\/schema\\\/person\\\/98e2425fe99fbbdf486895b69dab3c3d\"},\"headline\":\"Caso Carolina Flores: FGR solicita ficha roja de la Interpol contra la suegra quien sigue pr\u00f3fuga\",\"datePublished\":\"2026-04-27T23:58:29+00:00\",\"dateModified\":\"2026-04-27T23:58:30+00:00\",\"mainEntityOfPage\":{\"@id\":\"https:\\\/\\\/grupohoymexico.com\\\/tlaxcala\\\/nacional\\\/caso-carolina-flores-fgr-solicita-ficha-roja-de-la-interpol-contra-la-suegra-quien-sigue-profuga\\\/\"},\"wordCount\":471,\"commentCount\":0,\"image\":{\"@id\":\"https:\\\/\\\/grupohoymexico.com\\\/tlaxcala\\\/nacional\\\/caso-carolina-flores-fgr-solicita-ficha-roja-de-la-interpol-contra-la-suegra-quien-sigue-profuga\\\/#primaryimage\"},\"thumbnailUrl\":\"https:\\\/\\\/grupohoymexico.com\\\/tlaxcala\\\/wp-content\\\/uploads\\\/sites\\\/4\\\/2026\\\/04\\\/Carolina-Flores.jpg\",\"keywords\":[\"Carolina Flores\",\"Erika Mar\u00eda \\\"N\\\"\",\"feminicidio\",\"FGR\",\"Interpol\"],\"articleSection\":[\"Nacional\"],\"inLanguage\":\"es\",\"potentialAction\":[{\"@type\":\"CommentAction\",\"name\":\"Comment\",\"target\":[\"https:\\\/\\\/grupohoymexico.com\\\/tlaxcala\\\/nacional\\\/caso-carolina-flores-fgr-solicita-ficha-roja-de-la-interpol-contra-la-suegra-quien-sigue-profuga\\\/#respond\"]}]},{\"@type\":\"WebPage\",\"@id\":\"https:\\\/\\\/grupohoymexico.com\\\/tlaxcala\\\/nacional\\\/caso-carolina-flores-fgr-solicita-ficha-roja-de-la-interpol-contra-la-suegra-quien-sigue-profuga\\\/\",\"url\":\"https:\\\/\\\/grupohoymexico.com\\\/tlaxcala\\\/nacional\\\/caso-carolina-flores-fgr-solicita-ficha-roja-de-la-interpol-contra-la-suegra-quien-sigue-profuga\\\/\",\"name\":\"Caso Carolina Flores: FGR solicita ficha roja de la Interpol contra la suegra quien sigue pr\u00f3fuga - Tlaxcala Hoy\",\"isPartOf\":{\"@id\":\"https:\\\/\\\/grupohoymexico.com\\\/tlaxcala\\\/#website\"},\"primaryImageOfPage\":{\"@id\":\"https:\\\/\\\/grupohoymexico.com\\\/tlaxcala\\\/nacional\\\/caso-carolina-flores-fgr-solicita-ficha-roja-de-la-interpol-contra-la-suegra-quien-sigue-profuga\\\/#primaryimage\"},\"image\":{\"@id\":\"https:\\\/\\\/grupohoymexico.com\\\/tlaxcala\\\/nacional\\\/caso-carolina-flores-fgr-solicita-ficha-roja-de-la-interpol-contra-la-suegra-quien-sigue-profuga\\\/#primaryimage\"},\"thumbnailUrl\":\"https:\\\/\\\/grupohoymexico.com\\\/tlaxcala\\\/wp-content\\\/uploads\\\/sites\\\/4\\\/2026\\\/04\\\/Carolina-Flores.jpg\",\"datePublished\":\"2026-04-27T23:58:29+00:00\",\"dateModified\":\"2026-04-27T23:58:30+00:00\",\"author\":{\"@id\":\"https:\\\/\\\/grupohoymexico.com\\\/tlaxcala\\\/#\\\/schema\\\/person\\\/98e2425fe99fbbdf486895b69dab3c3d\"},\"description\":\"FGR pide ficha roja a la Interpol contra Erika Mar\u00eda \\\"N\\\" por feminicidio de Carolina Flores, exreina de Baja California, en Polanco CDMX.\",\"breadcrumb\":{\"@id\":\"https:\\\/\\\/grupohoymexico.com\\\/tlaxcala\\\/nacional\\\/caso-carolina-flores-fgr-solicita-ficha-roja-de-la-interpol-contra-la-suegra-quien-sigue-profuga\\\/#breadcrumb\"},\"inLanguage\":\"es\",\"potentialAction\":[{\"@type\":\"ReadAction\",\"target\":[\"https:\\\/\\\/grupohoymexico.com\\\/tlaxcala\\\/nacional\\\/caso-carolina-flores-fgr-solicita-ficha-roja-de-la-interpol-contra-la-suegra-quien-sigue-profuga\\\/\"]}]},{\"@type\":\"ImageObject\",\"inLanguage\":\"es\",\"@id\":\"https:\\\/\\\/grupohoymexico.com\\\/tlaxcala\\\/nacional\\\/caso-carolina-flores-fgr-solicita-ficha-roja-de-la-interpol-contra-la-suegra-quien-sigue-profuga\\\/#primaryimage\",\"url\":\"https:\\\/\\\/grupohoymexico.com\\\/tlaxcala\\\/wp-content\\\/uploads\\\/sites\\\/4\\\/2026\\\/04\\\/Carolina-Flores.jpg\",\"contentUrl\":\"https:\\\/\\\/grupohoymexico.com\\\/tlaxcala\\\/wp-content\\\/uploads\\\/sites\\\/4\\\/2026\\\/04\\\/Carolina-Flores.jpg\",\"width\":1200,\"height\":638,\"caption\":\"Foto: Grupo Hoy\"},{\"@type\":\"BreadcrumbList\",\"@id\":\"https:\\\/\\\/grupohoymexico.com\\\/tlaxcala\\\/nacional\\\/caso-carolina-flores-fgr-solicita-ficha-roja-de-la-interpol-contra-la-suegra-quien-sigue-profuga\\\/#breadcrumb\",\"itemListElement\":[{\"@type\":\"ListItem\",\"position\":1,\"name\":\"Inicio\",\"item\":\"https:\\\/\\\/grupohoymexico.com\\\/tlaxcala\\\/\"},{\"@type\":\"ListItem\",\"position\":2,\"name\":\"Caso Carolina Flores: FGR solicita ficha roja de la Interpol contra la suegra quien sigue pr\u00f3fuga\"}]},{\"@type\":\"WebSite\",\"@id\":\"https:\\\/\\\/grupohoymexico.com\\\/tlaxcala\\\/#website\",\"url\":\"https:\\\/\\\/grupohoymexico.com\\\/tlaxcala\\\/\",\"name\":\"Tlaxcala Hoy\",\"description\":\"El alma de la naci\u00f3n\",\"potentialAction\":[{\"@type\":\"SearchAction\",\"target\":{\"@type\":\"EntryPoint\",\"urlTemplate\":\"https:\\\/\\\/grupohoymexico.com\\\/tlaxcala\\\/?s={search_term_string}\"},\"query-input\":{\"@type\":\"PropertyValueSpecification\",\"valueRequired\":true,\"valueName\":\"search_term_string\"}}],\"inLanguage\":\"es\"},{\"@type\":\"Person\",\"@id\":\"https:\\\/\\\/grupohoymexico.com\\\/tlaxcala\\\/#\\\/schema\\\/person\\\/98e2425fe99fbbdf486895b69dab3c3d\",\"name\":\"jair\",\"image\":{\"@type\":\"ImageObject\",\"inLanguage\":\"es\",\"@id\":\"https:\\\/\\\/secure.gravatar.com\\\/avatar\\\/ec205dfb8733a1ce1601942dddb04fc9294fb780c832e3c1ec58faa8e4e64e9b?s=96&d=mm&r=g\",\"url\":\"https:\\\/\\\/secure.gravatar.com\\\/avatar\\\/ec205dfb8733a1ce1601942dddb04fc9294fb780c832e3c1ec58faa8e4e64e9b?s=96&d=mm&r=g\",\"contentUrl\":\"https:\\\/\\\/secure.gravatar.com\\\/avatar\\\/ec205dfb8733a1ce1601942dddb04fc9294fb780c832e3c1ec58faa8e4e64e9b?s=96&d=mm&r=g\",\"caption\":\"jair\"},\"url\":\"https:\\\/\\\/grupohoymexico.com\\\/tlaxcala\\\/author\\\/jair\\\/\"}]}<\/script>\n<!-- \/ Yoast SEO Premium plugin. -->","yoast_head_json":{"title":"Caso Carolina Flores: FGR solicita ficha roja de la Interpol contra la suegra quien sigue pr\u00f3fuga - Tlaxcala Hoy","description":"FGR pide ficha roja a la Interpol contra Erika Mar\u00eda \"N\" por feminicidio de Carolina Flores, exreina de Baja California, en Polanco CDMX.","robots":{"index":"index","follow":"follow","max-snippet":"max-snippet:-1","max-image-preview":"max-image-preview:large","max-video-preview":"max-video-preview:-1"},"canonical":"https:\/\/grupohoymexico.com\/tlaxcala\/nacional\/caso-carolina-flores-fgr-solicita-ficha-roja-de-la-interpol-contra-la-suegra-quien-sigue-profuga\/","og_locale":"es_MX","og_type":"article","og_title":"Caso Carolina Flores: FGR solicita ficha roja de la Interpol contra la suegra quien sigue pr\u00f3fuga","og_description":"FGR pide ficha roja a la Interpol contra Erika Mar\u00eda \"N\" por feminicidio de Carolina Flores, exreina de Baja California, en Polanco CDMX.","og_url":"https:\/\/grupohoymexico.com\/tlaxcala\/nacional\/caso-carolina-flores-fgr-solicita-ficha-roja-de-la-interpol-contra-la-suegra-quien-sigue-profuga\/","og_site_name":"Tlaxcala Hoy","article_published_time":"2026-04-27T23:58:29+00:00","article_modified_time":"2026-04-27T23:58:30+00:00","og_image":[{"width":1200,"height":638,"url":"https:\/\/grupohoymexico.com\/tlaxcala\/wp-content\/uploads\/sites\/4\/2026\/04\/Carolina-Flores.jpg","type":"image\/jpeg"}],"author":"jair","twitter_card":"summary_large_image","twitter_misc":{"Escrito por":"jair","Tiempo de lectura":"3 minutos"},"schema":{"@context":"https:\/\/schema.org","@graph":[{"@type":"Article","@id":"https:\/\/grupohoymexico.com\/tlaxcala\/nacional\/caso-carolina-flores-fgr-solicita-ficha-roja-de-la-interpol-contra-la-suegra-quien-sigue-profuga\/#article","isPartOf":{"@id":"https:\/\/grupohoymexico.com\/tlaxcala\/nacional\/caso-carolina-flores-fgr-solicita-ficha-roja-de-la-interpol-contra-la-suegra-quien-sigue-profuga\/"},"author":{"name":"jair","@id":"https:\/\/grupohoymexico.com\/tlaxcala\/#\/schema\/person\/98e2425fe99fbbdf486895b69dab3c3d"},"headline":"Caso Carolina Flores: FGR solicita ficha roja de la Interpol contra la suegra quien sigue pr\u00f3fuga","datePublished":"2026-04-27T23:58:29+00:00","dateModified":"2026-04-27T23:58:30+00:00","mainEntityOfPage":{"@id":"https:\/\/grupohoymexico.com\/tlaxcala\/nacional\/caso-carolina-flores-fgr-solicita-ficha-roja-de-la-interpol-contra-la-suegra-quien-sigue-profuga\/"},"wordCount":471,"commentCount":0,"image":{"@id":"https:\/\/grupohoymexico.com\/tlaxcala\/nacional\/caso-carolina-flores-fgr-solicita-ficha-roja-de-la-interpol-contra-la-suegra-quien-sigue-profuga\/#primaryimage"},"thumbnailUrl":"https:\/\/grupohoymexico.com\/tlaxcala\/wp-content\/uploads\/sites\/4\/2026\/04\/Carolina-Flores.jpg","keywords":["Carolina Flores","Erika Mar\u00eda \"N\"","feminicidio","FGR","Interpol"],"articleSection":["Nacional"],"inLanguage":"es","potentialAction":[{"@type":"CommentAction","name":"Comment","target":["https:\/\/grupohoymexico.com\/tlaxcala\/nacional\/caso-carolina-flores-fgr-solicita-ficha-roja-de-la-interpol-contra-la-suegra-quien-sigue-profuga\/#respond"]}]},{"@type":"WebPage","@id":"https:\/\/grupohoymexico.com\/tlaxcala\/nacional\/caso-carolina-flores-fgr-solicita-ficha-roja-de-la-interpol-contra-la-suegra-quien-sigue-profuga\/","url":"https:\/\/grupohoymexico.com\/tlaxcala\/nacional\/caso-carolina-flores-fgr-solicita-ficha-roja-de-la-interpol-contra-la-suegra-quien-sigue-profuga\/","name":"Caso Carolina Flores: FGR solicita ficha roja de la Interpol contra la suegra quien sigue pr\u00f3fuga - Tlaxcala Hoy","isPartOf":{"@id":"https:\/\/grupohoymexico.com\/tlaxcala\/#website"},"primaryImageOfPage":{"@id":"https:\/\/grupohoymexico.com\/tlaxcala\/nacional\/caso-carolina-flores-fgr-solicita-ficha-roja-de-la-interpol-contra-la-suegra-quien-sigue-profuga\/#primaryimage"},"image":{"@id":"https:\/\/grupohoymexico.com\/tlaxcala\/nacional\/caso-carolina-flores-fgr-solicita-ficha-roja-de-la-interpol-contra-la-suegra-quien-sigue-profuga\/#primaryimage"},"thumbnailUrl":"https:\/\/grupohoymexico.com\/tlaxcala\/wp-content\/uploads\/sites\/4\/2026\/04\/Carolina-Flores.jpg","datePublished":"2026-04-27T23:58:29+00:00","dateModified":"2026-04-27T23:58:30+00:00","author":{"@id":"https:\/\/grupohoymexico.com\/tlaxcala\/#\/schema\/person\/98e2425fe99fbbdf486895b69dab3c3d"},"description":"FGR pide ficha roja a la Interpol contra Erika Mar\u00eda \"N\" por feminicidio de Carolina Flores, exreina de Baja California, en Polanco CDMX.","breadcrumb":{"@id":"https:\/\/grupohoymexico.com\/tlaxcala\/nacional\/caso-carolina-flores-fgr-solicita-ficha-roja-de-la-interpol-contra-la-suegra-quien-sigue-profuga\/#breadcrumb"},"inLanguage":"es","potentialAction":[{"@type":"ReadAction","target":["https:\/\/grupohoymexico.com\/tlaxcala\/nacional\/caso-carolina-flores-fgr-solicita-ficha-roja-de-la-interpol-contra-la-suegra-quien-sigue-profuga\/"]}]},{"@type":"ImageObject","inLanguage":"es","@id":"https:\/\/grupohoymexico.com\/tlaxcala\/nacional\/caso-carolina-flores-fgr-solicita-ficha-roja-de-la-interpol-contra-la-suegra-quien-sigue-profuga\/#primaryimage","url":"https:\/\/grupohoymexico.com\/tlaxcala\/wp-content\/uploads\/sites\/4\/2026\/04\/Carolina-Flores.jpg","contentUrl":"https:\/\/grupohoymexico.com\/tlaxcala\/wp-content\/uploads\/sites\/4\/2026\/04\/Carolina-Flores.jpg","width":1200,"height":638,"caption":"Foto: Grupo Hoy"},{"@type":"BreadcrumbList","@id":"https:\/\/grupohoymexico.com\/tlaxcala\/nacional\/caso-carolina-flores-fgr-solicita-ficha-roja-de-la-interpol-contra-la-suegra-quien-sigue-profuga\/#breadcrumb","itemListElement":[{"@type":"ListItem","position":1,"name":"Inicio","item":"https:\/\/grupohoymexico.com\/tlaxcala\/"},{"@type":"ListItem","position":2,"name":"Caso Carolina Flores: FGR solicita ficha roja de la Interpol contra la suegra quien sigue pr\u00f3fuga"}]},{"@type":"WebSite","@id":"https:\/\/grupohoymexico.com\/tlaxcala\/#website","url":"https:\/\/grupohoymexico.com\/tlaxcala\/","name":"Tlaxcala Hoy","description":"El alma de la naci\u00f3n","potentialAction":[{"@type":"SearchAction","target":{"@type":"EntryPoint","urlTemplate":"https:\/\/grupohoymexico.com\/tlaxcala\/?s={search_term_string}"},"query-input":{"@type":"PropertyValueSpecification","valueRequired":true,"valueName":"search_term_string"}}],"inLanguage":"es"},{"@type":"Person","@id":"https:\/\/grupohoymexico.com\/tlaxcala\/#\/schema\/person\/98e2425fe99fbbdf486895b69dab3c3d","name":"jair","image":{"@type":"ImageObject","inLanguage":"es","@id":"https:\/\/secure.gravatar.com\/avatar\/ec205dfb8733a1ce1601942dddb04fc9294fb780c832e3c1ec58faa8e4e64e9b?s=96&d=mm&r=g","url":"https:\/\/secure.gravatar.com\/avatar\/ec205dfb8733a1ce1601942dddb04fc9294fb780c832e3c1ec58faa8e4e64e9b?s=96&d=mm&r=g","contentUrl":"https:\/\/secure.gravatar.com\/avatar\/ec205dfb8733a1ce1601942dddb04fc9294fb780c832e3c1ec58faa8e4e64e9b?s=96&d=mm&r=g","caption":"jair"},"url":"https:\/\/grupohoymexico.com\/tlaxcala\/author\/jair\/"}]}},"_links":{"self":[{"href":"https:\/\/grupohoymexico.com\/tlaxcala\/wp-json\/wp\/v2\/posts\/6671","targetHints":{"allow":["GET"]}}],"collection":[{"href":"https:\/\/grupohoymexico.com\/tlaxcala\/wp-json\/wp\/v2\/posts"}],"about":[{"href":"https:\/\/grupohoymexico.com\/tlaxcala\/wp-json\/wp\/v2\/types\/post"}],"author":[{"embeddable":true,"href":"https:\/\/grupohoymexico.com\/tlaxcala\/wp-json\/wp\/v2\/users\/5"}],"replies":[{"embeddable":true,"href":"https:\/\/grupohoymexico.com\/tlaxcala\/wp-json\/wp\/v2\/comments?post=6671"}],"version-history":[{"count":0,"href":"https:\/\/grupohoymexico.com\/tlaxcala\/wp-json\/wp\/v2\/posts\/6671\/revisions"}],"wp:featuredmedia":[{"embeddable":true,"href":"https:\/\/grupohoymexico.com\/tlaxcala\/wp-json\/wp\/v2\/media\/6672"}],"wp:attachment":[{"href":"https:\/\/grupohoymexico.com\/tlaxcala\/wp-json\/wp\/v2\/media?parent=6671"}],"wp:term":[{"taxonomy":"category","embeddable":true,"href":"https:\/\/grupohoymexico.com\/tlaxcala\/wp-json\/wp\/v2\/categories?post=6671"},{"taxonomy":"post_tag","embeddable":true,"href":"https:\/\/grupohoymexico.com\/tlaxcala\/wp-json\/wp\/v2\/tags?post=6671"}],"curies":[{"name":"wp","href":"https:\/\/api.w.org\/{rel}","templated":true}]}}