{"id":6667,"date":"2026-04-27T16:29:00","date_gmt":"2026-04-27T22:29:00","guid":{"rendered":"https:\/\/grupohoymexico.com\/tlaxcala\/uncategorized\/capturan-a-el-jardinero-operador-del-cjng-en-nayarit\/"},"modified":"2026-04-27T16:29:01","modified_gmt":"2026-04-27T22:29:01","slug":"capturan-a-el-jardinero-operador-del-cjng-en-nayarit","status":"publish","type":"post","link":"https:\/\/grupohoymexico.com\/tlaxcala\/nacional\/capturan-a-el-jardinero-operador-del-cjng-en-nayarit\/","title":{"rendered":"Capturan a &#8220;El Jardinero&#8221;, operador del CJNG en Nayarit"},"content":{"rendered":"\n<p>El titular de la <strong><a href=\"https:\/\/www.gob.mx\/sspc\">Secretar\u00eda de Seguridad y Protecci\u00f3n Ciudadana (SSPC)<\/a><\/strong>, <strong>Omar Garc\u00eda Harfuch<\/strong>, confirm\u00f3 la captura de <strong>Audias Flores Silva<\/strong>, alias <strong>&#8220;El Jardinero&#8221;<\/strong>, durante un operativo realizado por la <strong><a href=\"https:\/\/www.gob.mx\/semar\">Secretar\u00eda de Marina (Semar)<\/a><\/strong> en el estado de <strong>Nayarit<\/strong>.<\/p>\n\n\n\n<p>Al detenido se le considera un operador relevante del <strong>C\u00e1rtel Jalisco Nueva Generaci\u00f3n (CJNG<\/strong>), una de las estructuras delictivas m\u00e1s activas en el pa\u00eds.<\/p>\n\n\n\n<figure class=\"wp-block-embed is-type-rich is-provider-twitter wp-block-embed-twitter\"><div class=\"wp-block-embed__wrapper\">\n<blockquote class=\"twitter-tweet\" data-width=\"550\" data-dnt=\"true\"><p lang=\"es\" dir=\"ltr\">En una operaci\u00f3n planeada, desarrollada y ejecutada por la Secretar\u00eda de Marina <a href=\"https:\/\/twitter.com\/SEMAR_mx?ref_src=twsrc%5Etfw\">@SEMAR_mx<\/a> , a trav\u00e9s de sus Fuerzas Especiales, fue detenido en Nayarit Audias Flores Silva, alias \u201cEl Jardinero\u201d.<br><br>Cuenta con orden de aprehensi\u00f3n en M\u00e9xico y tambi\u00e9n es requerido por autoridades de\u2026 <a href=\"https:\/\/t.co\/5jqtX53Rzn\">pic.twitter.com\/5jqtX53Rzn<\/a><\/p>&mdash; Omar H Garcia Harfuch (@OHarfuch) <a href=\"https:\/\/twitter.com\/OHarfuch\/status\/2048859744404717617?ref_src=twsrc%5Etfw\">April 27, 2026<\/a><\/blockquote><script async src=\"https:\/\/platform.twitter.com\/widgets.js\" charset=\"utf-8\"><\/script>\n<\/div><\/figure>\n\n\n\n<h3 class=\"wp-block-heading\" id=\"h-sigue-nuestras-cuentas-en-facebook-e-instagram-para-mantenerte-informado-con-las-noticias-mas-relevantes\"><strong>Sigue nuestras cuentas en Facebook e Instagram para mantenerte informado con las noticias m\u00e1s relevantes.<\/strong><\/h3>\n\n\n\n<h2 class=\"wp-block-heading\" id=\"h-quien-es-el-jardinero-perfil-del-lider-criminal\"><strong>\u00bfQui\u00e9n es <strong>&#8220;El Jardinero&#8221;<\/strong>? Perfil del l\u00edder criminal<\/strong><\/h2>\n\n\n\n<p>De acuerdo con la <strong><a href=\"https:\/\/www.dea.gov\/es\/quienes-somos\/contactenos\">Administraci\u00f3n de Control de Drogas (DEA)<\/a><\/strong>, <strong>Audias Flores Silva<\/strong> utilizaba diversos alias, entre ellos:<\/p>\n\n\n\n<ul class=\"wp-block-list\">\n<li>\u201cComandante\u201d.<\/li>\n\n\n\n<li>\u201cGabriel Raigosa Plascencia\u201d.<\/li>\n\n\n\n<li>\u201cEl Bravo 2\u201d.<\/li>\n\n\n\n<li>\u201cAudi\u201d.<\/li>\n\n\n\n<li>\u201cMata Jefes\u201d.<\/li>\n<\/ul>\n\n\n\n<p>Nacido en 1980, es identificado como un comandante regional del CJNG, con operaciones en varios estados de M\u00e9xico.<\/p>\n\n\n\n<h2 class=\"wp-block-heading\" id=\"h-operaciones-del-cjng-presencia-en-varios-estados\"><strong>Operaciones del CJNG: presencia en varios estados<\/strong><\/h2>\n\n\n\n<p>Las autoridades lo vinculan con actividades delictivas en:<\/p>\n\n\n\n<ul class=\"wp-block-list\">\n<li>Jalisco.<\/li>\n\n\n\n<li>Nayarit.<\/li>\n\n\n\n<li>Zacatecas.<\/li>\n\n\n\n<li>Michoac\u00e1n.<\/li>\n\n\n\n<li>Guerrero.<\/li>\n<\/ul>\n\n\n\n<p>Se le atribuye la coordinaci\u00f3n de grupos armados y operaciones ligadas al crimen organizado en estas regiones.<\/p>\n\n\n\n<h3 class=\"wp-block-heading\" id=\"h-leer-mas-detencion-del-metro-9-desato-bloqueos-balaceras-y-suspension-de-clases-en-tamaulipas\"><strong><em>Leer m\u00e1s: <a href=\"https:\/\/grupohoymexico.com\/2026\/04\/27\/reynosa-en-alerta-detencion-del-metro-9-desato-bloqueos-balaceras-y-suspension-de-clases-en-tamaulipas\/\">Detenci\u00f3n del &#8220;Metro 9&#8221; desat\u00f3 bloqueos, balaceras y suspensi\u00f3n de clases en Tamaulipas<\/a><\/em><\/strong><\/h3>\n\n\n\n<h2 class=\"wp-block-heading\" id=\"h-produccion-de-drogas-sinteticas-y-laboratorios-clandestinos\"><strong>Producci\u00f3n de drogas sint\u00e9ticas y laboratorios clandestinos<\/strong><\/h2>\n\n\n\n<p>Informes de autoridades estadounidenses se\u00f1alan que <strong>&#8220;El Jardinero&#8221;<\/strong> estar\u00eda involucrado en la producci\u00f3n de drogas sint\u00e9ticas, especialmente metanfetamina.<\/p>\n\n\n\n<p>Seg\u00fan documentos oficiales, controlaba laboratorios clandestinos en zonas estrat\u00e9gicas del occidente del pa\u00eds, lo que lo convert\u00eda en una pieza clave dentro de la estructura del <strong>CJNG<\/strong>.<\/p>\n\n\n\n<h2 class=\"wp-block-heading\" id=\"h-recompensa-de-5-millones-de-dolares-por-su-captura\"><strong>Recompensa de 5 millones de d\u00f3lares por su captura<\/strong><\/h2>\n\n\n\n<p>Desde 2021, el <strong>gobierno de Estados Unidos ofrec\u00eda una recompensa de 5 millones de d\u00f3lares<\/strong> por informaci\u00f3n que permitiera su captura, lo que refleja su alto perfil dentro del crimen organizado.<\/p>\n\n\n\n<p>La detenci\u00f3n fue resultado de la coordinaci\u00f3n entre autoridades mexicanas y estadounidenses.<\/p>\n\n\n\n<h2 class=\"wp-block-heading\" id=\"h-ordenes-de-aprehension-y-posible-extradicion\"><strong>\u00d3rdenes de aprehensi\u00f3n y posible extradici\u00f3n<\/strong><\/h2>\n\n\n\n<p>De acuerdo con <strong>Omar Garc\u00eda Harfuch<\/strong>, <strong>Audias Flores Silva<\/strong> cuenta con \u00f3rdenes de aprehensi\u00f3n en M\u00e9xico y tambi\u00e9n es requerido por autoridades de Estados Unidos.<\/p>\n\n\n\n<p>Por ello, podr\u00eda enfrentar un proceso de extradici\u00f3n, aunque a\u00fan no se ha definido en qu\u00e9 pa\u00eds ser\u00e1 juzgado.<\/p>\n\n\n\n<h2 class=\"wp-block-heading\" id=\"h-unete-a-nuestro-canal-de-whatsapp\"><strong><a href=\"https:\/\/whatsapp.com\/channel\/0029Vaylt1XG3R3gm4Nsgp2m\">\u00danete a nuestro canal de WhatsApp<\/a><\/strong><\/h2>\n","protected":false},"excerpt":{"rendered":"El titular de la Secretar\u00eda de Seguridad y Protecci\u00f3n Ciudadana (SSPC), Omar Garc\u00eda Harfuch, confirm\u00f3 la captura de&hellip;","protected":false},"author":5,"featured_media":6668,"comment_status":"open","ping_status":"open","sticky":false,"template":"","format":"standard","meta":{"csco_display_header_overlay":false,"csco_singular_sidebar":"","csco_page_header_type":"","csco_page_load_nextpost":"","csco_post_video_location":[],"csco_post_video_location_hash":"","csco_post_video_url":"","csco_post_video_bg_start_time":0,"csco_post_video_bg_end_time":0,"footnotes":""},"categories":[175],"tags":[2540,2992,2993,2233,425],"class_list":{"0":"post-6667","1":"post","2":"type-post","3":"status-publish","4":"format-standard","5":"has-post-thumbnail","7":"category-nacional","8":"tag-cjng","9":"tag-el-jardinero","10":"tag-nayarit","11":"tag-omar-garcia-harfuch","12":"tag-seguridad","13":"cs-entry","14":"cs-video-wrap"},"yoast_head":"<!-- This site is optimized with the Yoast SEO Premium plugin v24.7 (Yoast SEO v27.4) - https:\/\/yoast.com\/product\/yoast-seo-premium-wordpress\/ -->\n<title>Capturan a &quot;El Jardinero&quot;, operador del CJNG en Nayarit - Tlaxcala Hoy<\/title>\n<meta name=\"description\" content=\"El titular de la SSPC, Omar Garc\u00eda Harfuch, confirm\u00f3 la captura de Audias Flores Silva, alias &quot;El Jardinero&quot;, operador del CJNG en Nayarit.\" \/>\n<meta name=\"robots\" content=\"index, follow, max-snippet:-1, max-image-preview:large, max-video-preview:-1\" \/>\n<link rel=\"canonical\" href=\"https:\/\/grupohoymexico.com\/tlaxcala\/nacional\/capturan-a-el-jardinero-operador-del-cjng-en-nayarit\/\" \/>\n<meta property=\"og:locale\" content=\"es_MX\" \/>\n<meta property=\"og:type\" content=\"article\" \/>\n<meta property=\"og:title\" content=\"Capturan a &quot;El Jardinero&quot;, operador del CJNG en Nayarit\" \/>\n<meta property=\"og:description\" content=\"El titular de la SSPC, Omar Garc\u00eda Harfuch, confirm\u00f3 la captura de Audias Flores Silva, alias &quot;El Jardinero&quot;, operador del CJNG en Nayarit.\" \/>\n<meta property=\"og:url\" content=\"https:\/\/grupohoymexico.com\/tlaxcala\/nacional\/capturan-a-el-jardinero-operador-del-cjng-en-nayarit\/\" \/>\n<meta property=\"og:site_name\" content=\"Tlaxcala Hoy\" \/>\n<meta property=\"article:published_time\" content=\"2026-04-27T22:29:00+00:00\" \/>\n<meta property=\"article:modified_time\" content=\"2026-04-27T22:29:01+00:00\" \/>\n<meta property=\"og:image\" content=\"https:\/\/grupohoymexico.com\/tlaxcala\/wp-content\/uploads\/sites\/4\/2026\/04\/captura-de-El-Jardinero-CJNG.jpg\" \/>\n\t<meta property=\"og:image:width\" content=\"1200\" \/>\n\t<meta property=\"og:image:height\" content=\"638\" \/>\n\t<meta property=\"og:image:type\" content=\"image\/jpeg\" \/>\n<meta name=\"author\" content=\"jair\" \/>\n<meta name=\"twitter:card\" content=\"summary_large_image\" \/>\n<meta name=\"twitter:label1\" content=\"Escrito por\" \/>\n\t<meta name=\"twitter:data1\" content=\"jair\" \/>\n\t<meta name=\"twitter:label2\" content=\"Tiempo de lectura\" \/>\n\t<meta name=\"twitter:data2\" content=\"2 minutos\" \/>\n<script type=\"application\/ld+json\" class=\"yoast-schema-graph\">{\"@context\":\"https:\\\/\\\/schema.org\",\"@graph\":[{\"@type\":\"Article\",\"@id\":\"https:\\\/\\\/grupohoymexico.com\\\/tlaxcala\\\/nacional\\\/capturan-a-el-jardinero-operador-del-cjng-en-nayarit\\\/#article\",\"isPartOf\":{\"@id\":\"https:\\\/\\\/grupohoymexico.com\\\/tlaxcala\\\/nacional\\\/capturan-a-el-jardinero-operador-del-cjng-en-nayarit\\\/\"},\"author\":{\"name\":\"jair\",\"@id\":\"https:\\\/\\\/grupohoymexico.com\\\/tlaxcala\\\/#\\\/schema\\\/person\\\/98e2425fe99fbbdf486895b69dab3c3d\"},\"headline\":\"Capturan a &#8220;El Jardinero&#8221;, operador del CJNG en Nayarit\",\"datePublished\":\"2026-04-27T22:29:00+00:00\",\"dateModified\":\"2026-04-27T22:29:01+00:00\",\"mainEntityOfPage\":{\"@id\":\"https:\\\/\\\/grupohoymexico.com\\\/tlaxcala\\\/nacional\\\/capturan-a-el-jardinero-operador-del-cjng-en-nayarit\\\/\"},\"wordCount\":397,\"commentCount\":0,\"image\":{\"@id\":\"https:\\\/\\\/grupohoymexico.com\\\/tlaxcala\\\/nacional\\\/capturan-a-el-jardinero-operador-del-cjng-en-nayarit\\\/#primaryimage\"},\"thumbnailUrl\":\"https:\\\/\\\/grupohoymexico.com\\\/tlaxcala\\\/wp-content\\\/uploads\\\/sites\\\/4\\\/2026\\\/04\\\/captura-de-El-Jardinero-CJNG.jpg\",\"keywords\":[\"CJNG\",\"El Jardinero\",\"Nayarit\",\"Omar Garc\u00eda Harfuch\",\"Seguridad\"],\"articleSection\":[\"Nacional\"],\"inLanguage\":\"es\",\"potentialAction\":[{\"@type\":\"CommentAction\",\"name\":\"Comment\",\"target\":[\"https:\\\/\\\/grupohoymexico.com\\\/tlaxcala\\\/nacional\\\/capturan-a-el-jardinero-operador-del-cjng-en-nayarit\\\/#respond\"]}]},{\"@type\":\"WebPage\",\"@id\":\"https:\\\/\\\/grupohoymexico.com\\\/tlaxcala\\\/nacional\\\/capturan-a-el-jardinero-operador-del-cjng-en-nayarit\\\/\",\"url\":\"https:\\\/\\\/grupohoymexico.com\\\/tlaxcala\\\/nacional\\\/capturan-a-el-jardinero-operador-del-cjng-en-nayarit\\\/\",\"name\":\"Capturan a \\\"El Jardinero\\\", operador del CJNG en Nayarit - Tlaxcala Hoy\",\"isPartOf\":{\"@id\":\"https:\\\/\\\/grupohoymexico.com\\\/tlaxcala\\\/#website\"},\"primaryImageOfPage\":{\"@id\":\"https:\\\/\\\/grupohoymexico.com\\\/tlaxcala\\\/nacional\\\/capturan-a-el-jardinero-operador-del-cjng-en-nayarit\\\/#primaryimage\"},\"image\":{\"@id\":\"https:\\\/\\\/grupohoymexico.com\\\/tlaxcala\\\/nacional\\\/capturan-a-el-jardinero-operador-del-cjng-en-nayarit\\\/#primaryimage\"},\"thumbnailUrl\":\"https:\\\/\\\/grupohoymexico.com\\\/tlaxcala\\\/wp-content\\\/uploads\\\/sites\\\/4\\\/2026\\\/04\\\/captura-de-El-Jardinero-CJNG.jpg\",\"datePublished\":\"2026-04-27T22:29:00+00:00\",\"dateModified\":\"2026-04-27T22:29:01+00:00\",\"author\":{\"@id\":\"https:\\\/\\\/grupohoymexico.com\\\/tlaxcala\\\/#\\\/schema\\\/person\\\/98e2425fe99fbbdf486895b69dab3c3d\"},\"description\":\"El titular de la SSPC, Omar Garc\u00eda Harfuch, confirm\u00f3 la captura de Audias Flores Silva, alias \\\"El Jardinero\\\", operador del CJNG en Nayarit.\",\"breadcrumb\":{\"@id\":\"https:\\\/\\\/grupohoymexico.com\\\/tlaxcala\\\/nacional\\\/capturan-a-el-jardinero-operador-del-cjng-en-nayarit\\\/#breadcrumb\"},\"inLanguage\":\"es\",\"potentialAction\":[{\"@type\":\"ReadAction\",\"target\":[\"https:\\\/\\\/grupohoymexico.com\\\/tlaxcala\\\/nacional\\\/capturan-a-el-jardinero-operador-del-cjng-en-nayarit\\\/\"]}]},{\"@type\":\"ImageObject\",\"inLanguage\":\"es\",\"@id\":\"https:\\\/\\\/grupohoymexico.com\\\/tlaxcala\\\/nacional\\\/capturan-a-el-jardinero-operador-del-cjng-en-nayarit\\\/#primaryimage\",\"url\":\"https:\\\/\\\/grupohoymexico.com\\\/tlaxcala\\\/wp-content\\\/uploads\\\/sites\\\/4\\\/2026\\\/04\\\/captura-de-El-Jardinero-CJNG.jpg\",\"contentUrl\":\"https:\\\/\\\/grupohoymexico.com\\\/tlaxcala\\\/wp-content\\\/uploads\\\/sites\\\/4\\\/2026\\\/04\\\/captura-de-El-Jardinero-CJNG.jpg\",\"width\":1200,\"height\":638,\"caption\":\"Foto: Grupo Hoy\"},{\"@type\":\"BreadcrumbList\",\"@id\":\"https:\\\/\\\/grupohoymexico.com\\\/tlaxcala\\\/nacional\\\/capturan-a-el-jardinero-operador-del-cjng-en-nayarit\\\/#breadcrumb\",\"itemListElement\":[{\"@type\":\"ListItem\",\"position\":1,\"name\":\"Inicio\",\"item\":\"https:\\\/\\\/grupohoymexico.com\\\/tlaxcala\\\/\"},{\"@type\":\"ListItem\",\"position\":2,\"name\":\"Capturan a &#8220;El Jardinero&#8221;, operador del CJNG en Nayarit\"}]},{\"@type\":\"WebSite\",\"@id\":\"https:\\\/\\\/grupohoymexico.com\\\/tlaxcala\\\/#website\",\"url\":\"https:\\\/\\\/grupohoymexico.com\\\/tlaxcala\\\/\",\"name\":\"Tlaxcala Hoy\",\"description\":\"El alma de la naci\u00f3n\",\"potentialAction\":[{\"@type\":\"SearchAction\",\"target\":{\"@type\":\"EntryPoint\",\"urlTemplate\":\"https:\\\/\\\/grupohoymexico.com\\\/tlaxcala\\\/?s={search_term_string}\"},\"query-input\":{\"@type\":\"PropertyValueSpecification\",\"valueRequired\":true,\"valueName\":\"search_term_string\"}}],\"inLanguage\":\"es\"},{\"@type\":\"Person\",\"@id\":\"https:\\\/\\\/grupohoymexico.com\\\/tlaxcala\\\/#\\\/schema\\\/person\\\/98e2425fe99fbbdf486895b69dab3c3d\",\"name\":\"jair\",\"image\":{\"@type\":\"ImageObject\",\"inLanguage\":\"es\",\"@id\":\"https:\\\/\\\/secure.gravatar.com\\\/avatar\\\/ec205dfb8733a1ce1601942dddb04fc9294fb780c832e3c1ec58faa8e4e64e9b?s=96&d=mm&r=g\",\"url\":\"https:\\\/\\\/secure.gravatar.com\\\/avatar\\\/ec205dfb8733a1ce1601942dddb04fc9294fb780c832e3c1ec58faa8e4e64e9b?s=96&d=mm&r=g\",\"contentUrl\":\"https:\\\/\\\/secure.gravatar.com\\\/avatar\\\/ec205dfb8733a1ce1601942dddb04fc9294fb780c832e3c1ec58faa8e4e64e9b?s=96&d=mm&r=g\",\"caption\":\"jair\"},\"url\":\"https:\\\/\\\/grupohoymexico.com\\\/tlaxcala\\\/author\\\/jair\\\/\"}]}<\/script>\n<!-- \/ Yoast SEO Premium plugin. -->","yoast_head_json":{"title":"Capturan a \"El Jardinero\", operador del CJNG en Nayarit - Tlaxcala Hoy","description":"El titular de la SSPC, Omar Garc\u00eda Harfuch, confirm\u00f3 la captura de Audias Flores Silva, alias \"El Jardinero\", operador del CJNG en Nayarit.","robots":{"index":"index","follow":"follow","max-snippet":"max-snippet:-1","max-image-preview":"max-image-preview:large","max-video-preview":"max-video-preview:-1"},"canonical":"https:\/\/grupohoymexico.com\/tlaxcala\/nacional\/capturan-a-el-jardinero-operador-del-cjng-en-nayarit\/","og_locale":"es_MX","og_type":"article","og_title":"Capturan a \"El Jardinero\", operador del CJNG en Nayarit","og_description":"El titular de la SSPC, Omar Garc\u00eda Harfuch, confirm\u00f3 la captura de Audias Flores Silva, alias \"El Jardinero\", operador del CJNG en Nayarit.","og_url":"https:\/\/grupohoymexico.com\/tlaxcala\/nacional\/capturan-a-el-jardinero-operador-del-cjng-en-nayarit\/","og_site_name":"Tlaxcala Hoy","article_published_time":"2026-04-27T22:29:00+00:00","article_modified_time":"2026-04-27T22:29:01+00:00","og_image":[{"width":1200,"height":638,"url":"https:\/\/grupohoymexico.com\/tlaxcala\/wp-content\/uploads\/sites\/4\/2026\/04\/captura-de-El-Jardinero-CJNG.jpg","type":"image\/jpeg"}],"author":"jair","twitter_card":"summary_large_image","twitter_misc":{"Escrito por":"jair","Tiempo de lectura":"2 minutos"},"schema":{"@context":"https:\/\/schema.org","@graph":[{"@type":"Article","@id":"https:\/\/grupohoymexico.com\/tlaxcala\/nacional\/capturan-a-el-jardinero-operador-del-cjng-en-nayarit\/#article","isPartOf":{"@id":"https:\/\/grupohoymexico.com\/tlaxcala\/nacional\/capturan-a-el-jardinero-operador-del-cjng-en-nayarit\/"},"author":{"name":"jair","@id":"https:\/\/grupohoymexico.com\/tlaxcala\/#\/schema\/person\/98e2425fe99fbbdf486895b69dab3c3d"},"headline":"Capturan a &#8220;El Jardinero&#8221;, operador del CJNG en Nayarit","datePublished":"2026-04-27T22:29:00+00:00","dateModified":"2026-04-27T22:29:01+00:00","mainEntityOfPage":{"@id":"https:\/\/grupohoymexico.com\/tlaxcala\/nacional\/capturan-a-el-jardinero-operador-del-cjng-en-nayarit\/"},"wordCount":397,"commentCount":0,"image":{"@id":"https:\/\/grupohoymexico.com\/tlaxcala\/nacional\/capturan-a-el-jardinero-operador-del-cjng-en-nayarit\/#primaryimage"},"thumbnailUrl":"https:\/\/grupohoymexico.com\/tlaxcala\/wp-content\/uploads\/sites\/4\/2026\/04\/captura-de-El-Jardinero-CJNG.jpg","keywords":["CJNG","El Jardinero","Nayarit","Omar Garc\u00eda Harfuch","Seguridad"],"articleSection":["Nacional"],"inLanguage":"es","potentialAction":[{"@type":"CommentAction","name":"Comment","target":["https:\/\/grupohoymexico.com\/tlaxcala\/nacional\/capturan-a-el-jardinero-operador-del-cjng-en-nayarit\/#respond"]}]},{"@type":"WebPage","@id":"https:\/\/grupohoymexico.com\/tlaxcala\/nacional\/capturan-a-el-jardinero-operador-del-cjng-en-nayarit\/","url":"https:\/\/grupohoymexico.com\/tlaxcala\/nacional\/capturan-a-el-jardinero-operador-del-cjng-en-nayarit\/","name":"Capturan a \"El Jardinero\", operador del CJNG en Nayarit - Tlaxcala Hoy","isPartOf":{"@id":"https:\/\/grupohoymexico.com\/tlaxcala\/#website"},"primaryImageOfPage":{"@id":"https:\/\/grupohoymexico.com\/tlaxcala\/nacional\/capturan-a-el-jardinero-operador-del-cjng-en-nayarit\/#primaryimage"},"image":{"@id":"https:\/\/grupohoymexico.com\/tlaxcala\/nacional\/capturan-a-el-jardinero-operador-del-cjng-en-nayarit\/#primaryimage"},"thumbnailUrl":"https:\/\/grupohoymexico.com\/tlaxcala\/wp-content\/uploads\/sites\/4\/2026\/04\/captura-de-El-Jardinero-CJNG.jpg","datePublished":"2026-04-27T22:29:00+00:00","dateModified":"2026-04-27T22:29:01+00:00","author":{"@id":"https:\/\/grupohoymexico.com\/tlaxcala\/#\/schema\/person\/98e2425fe99fbbdf486895b69dab3c3d"},"description":"El titular de la SSPC, Omar Garc\u00eda Harfuch, confirm\u00f3 la captura de Audias Flores Silva, alias \"El Jardinero\", operador del CJNG en Nayarit.","breadcrumb":{"@id":"https:\/\/grupohoymexico.com\/tlaxcala\/nacional\/capturan-a-el-jardinero-operador-del-cjng-en-nayarit\/#breadcrumb"},"inLanguage":"es","potentialAction":[{"@type":"ReadAction","target":["https:\/\/grupohoymexico.com\/tlaxcala\/nacional\/capturan-a-el-jardinero-operador-del-cjng-en-nayarit\/"]}]},{"@type":"ImageObject","inLanguage":"es","@id":"https:\/\/grupohoymexico.com\/tlaxcala\/nacional\/capturan-a-el-jardinero-operador-del-cjng-en-nayarit\/#primaryimage","url":"https:\/\/grupohoymexico.com\/tlaxcala\/wp-content\/uploads\/sites\/4\/2026\/04\/captura-de-El-Jardinero-CJNG.jpg","contentUrl":"https:\/\/grupohoymexico.com\/tlaxcala\/wp-content\/uploads\/sites\/4\/2026\/04\/captura-de-El-Jardinero-CJNG.jpg","width":1200,"height":638,"caption":"Foto: Grupo Hoy"},{"@type":"BreadcrumbList","@id":"https:\/\/grupohoymexico.com\/tlaxcala\/nacional\/capturan-a-el-jardinero-operador-del-cjng-en-nayarit\/#breadcrumb","itemListElement":[{"@type":"ListItem","position":1,"name":"Inicio","item":"https:\/\/grupohoymexico.com\/tlaxcala\/"},{"@type":"ListItem","position":2,"name":"Capturan a &#8220;El Jardinero&#8221;, operador del CJNG en Nayarit"}]},{"@type":"WebSite","@id":"https:\/\/grupohoymexico.com\/tlaxcala\/#website","url":"https:\/\/grupohoymexico.com\/tlaxcala\/","name":"Tlaxcala Hoy","description":"El alma de la naci\u00f3n","potentialAction":[{"@type":"SearchAction","target":{"@type":"EntryPoint","urlTemplate":"https:\/\/grupohoymexico.com\/tlaxcala\/?s={search_term_string}"},"query-input":{"@type":"PropertyValueSpecification","valueRequired":true,"valueName":"search_term_string"}}],"inLanguage":"es"},{"@type":"Person","@id":"https:\/\/grupohoymexico.com\/tlaxcala\/#\/schema\/person\/98e2425fe99fbbdf486895b69dab3c3d","name":"jair","image":{"@type":"ImageObject","inLanguage":"es","@id":"https:\/\/secure.gravatar.com\/avatar\/ec205dfb8733a1ce1601942dddb04fc9294fb780c832e3c1ec58faa8e4e64e9b?s=96&d=mm&r=g","url":"https:\/\/secure.gravatar.com\/avatar\/ec205dfb8733a1ce1601942dddb04fc9294fb780c832e3c1ec58faa8e4e64e9b?s=96&d=mm&r=g","contentUrl":"https:\/\/secure.gravatar.com\/avatar\/ec205dfb8733a1ce1601942dddb04fc9294fb780c832e3c1ec58faa8e4e64e9b?s=96&d=mm&r=g","caption":"jair"},"url":"https:\/\/grupohoymexico.com\/tlaxcala\/author\/jair\/"}]}},"_links":{"self":[{"href":"https:\/\/grupohoymexico.com\/tlaxcala\/wp-json\/wp\/v2\/posts\/6667","targetHints":{"allow":["GET"]}}],"collection":[{"href":"https:\/\/grupohoymexico.com\/tlaxcala\/wp-json\/wp\/v2\/posts"}],"about":[{"href":"https:\/\/grupohoymexico.com\/tlaxcala\/wp-json\/wp\/v2\/types\/post"}],"author":[{"embeddable":true,"href":"https:\/\/grupohoymexico.com\/tlaxcala\/wp-json\/wp\/v2\/users\/5"}],"replies":[{"embeddable":true,"href":"https:\/\/grupohoymexico.com\/tlaxcala\/wp-json\/wp\/v2\/comments?post=6667"}],"version-history":[{"count":0,"href":"https:\/\/grupohoymexico.com\/tlaxcala\/wp-json\/wp\/v2\/posts\/6667\/revisions"}],"wp:featuredmedia":[{"embeddable":true,"href":"https:\/\/grupohoymexico.com\/tlaxcala\/wp-json\/wp\/v2\/media\/6668"}],"wp:attachment":[{"href":"https:\/\/grupohoymexico.com\/tlaxcala\/wp-json\/wp\/v2\/media?parent=6667"}],"wp:term":[{"taxonomy":"category","embeddable":true,"href":"https:\/\/grupohoymexico.com\/tlaxcala\/wp-json\/wp\/v2\/categories?post=6667"},{"taxonomy":"post_tag","embeddable":true,"href":"https:\/\/grupohoymexico.com\/tlaxcala\/wp-json\/wp\/v2\/tags?post=6667"}],"curies":[{"name":"wp","href":"https:\/\/api.w.org\/{rel}","templated":true}]}}