{"id":6660,"date":"2026-04-27T13:42:10","date_gmt":"2026-04-27T19:42:10","guid":{"rendered":"https:\/\/grupohoymexico.com\/tlaxcala\/uncategorized\/reynosa-en-alerta-detencion-del-metro-9-desato-bloqueos-balaceras-y-suspension-de-clases-en-tamaulipas\/"},"modified":"2026-04-27T13:42:11","modified_gmt":"2026-04-27T19:42:11","slug":"reynosa-en-alerta-detencion-del-metro-9-desato-bloqueos-balaceras-y-suspension-de-clases-en-tamaulipas","status":"publish","type":"post","link":"https:\/\/grupohoymexico.com\/tlaxcala\/nacional\/reynosa-en-alerta-detencion-del-metro-9-desato-bloqueos-balaceras-y-suspension-de-clases-en-tamaulipas\/","title":{"rendered":"Reynosa en alerta: detenci\u00f3n del &#8220;Metro 9&#8221; desat\u00f3 bloqueos, balaceras y suspensi\u00f3n de clases en Tamaulipas"},"content":{"rendered":"\n<p>La captura de <strong>Alexandro \u201cB\u201d<\/strong>, alias <strong>\u201cMetro 9\u201d<\/strong>, presunto l\u00edder del brazo armado del <strong>C\u00e1rtel del Golfo<\/strong>, provoc\u00f3 una <strong>ola de violencia en Reynosa desde la madrugada de este lunes 27 de abril<\/strong>.<\/p>\n\n\n\n<p>De acuerdo con autoridades, tras la detenci\u00f3n del objetivo prioritario se registraron bloqueos, quema de llantas, balaceras y actos de vandalismo en distintos puntos de la ciudad fronteriza.<\/p>\n\n\n\n<h3 class=\"wp-block-heading\" id=\"h-sigue-nuestras-cuentas-en-facebook-e-instagram-para-mantenerte-informado-con-las-noticias-mas-relevantes\"><strong>Sigue nuestras cuentas en Facebook e Instagram para mantenerte informado con las noticias m\u00e1s relevantes.<\/strong><\/h3>\n\n\n\n<h2 class=\"wp-block-heading\" id=\"h-bloqueos-incendios-y-ataques-asi-fue-la-madrugada-violenta\"><strong>Bloqueos, incendios y ataques: as\u00ed fue la madrugada violenta<\/strong><\/h2>\n\n\n\n<p>La <strong>Vocer\u00eda de Seguridad P\u00fablica<\/strong> inform\u00f3 que los hechos incluyeron:<\/p>\n\n\n\n<ul class=\"wp-block-list\">\n<li>Bloqueos en avenidas principales y carreteras.<\/li>\n\n\n\n<li>Incendio de veh\u00edculos y llantas.<\/li>\n\n\n\n<li>Ataques a infraestructura de videovigilancia.<\/li>\n\n\n\n<li>Balaceras en m\u00faltiples colonias.<\/li>\n<\/ul>\n\n\n\n<p>Entre las zonas afectadas destacan sectores como<strong> Las Fuentes, Lomas, Hacienda Las Fuentes, Centro, Vicente Guerrero y el bulevar Miguel Hidalgo<\/strong>.<\/p>\n\n\n\n<p>Tambi\u00e9n se report\u00f3 un incendio en un taller mec\u00e1nico en la colonia San Ricardo, donde varias patrullas resultaron da\u00f1adas.<\/p>\n\n\n\n<h2 class=\"wp-block-heading\" id=\"h-danos-a-camaras-del-c5-y-bloqueos-en-carreteras\"><strong>Da\u00f1os a c\u00e1maras del C5 y bloqueos en carreteras<\/strong><\/h2>\n\n\n\n<p>Uno de los puntos cr\u00edticos fue la carretera Ribere\u00f1a, a la altura del poblado <strong>Los Guerra<\/strong>, en el municipio de <strong>Miguel Alem\u00e1n<\/strong>, donde se registraron bloqueos.<\/p>\n\n\n\n<p>Adem\u00e1s, grupos delictivos vandalizaron c\u00e1maras de seguridad del sistema C5, afectando la vigilancia en tiempo real y la capacidad de respuesta de las autoridades.<\/p>\n\n\n\n<h3 class=\"wp-block-heading\" id=\"h-leer-mas-tras-33-dias-localizan-sin-vida-al-ultimo-minero-atrapado-en-la-mina-santa-fe-el-rosario-sinaloa\"><strong><em>Leer m\u00e1s: <a href=\"https:\/\/grupohoymexico.com\/2026\/04\/27\/tras-33-dias-localizan-sin-vida-al-ultimo-minero-atrapado-en-la-mina-santa-fe-el-rosario-sinaloa\/\">Tras 33 d\u00edas, localizan sin vida al \u00faltimo minero atrapado en la mina Santa Fe, El Rosario, Sinaloa<\/a><\/em><\/strong><\/h3>\n\n\n\n<h2 class=\"wp-block-heading\" id=\"h-operativo-de-seguridad-intervencion-federal-y-estatal\"><strong>Operativo de seguridad: intervenci\u00f3n federal y estatal<\/strong><\/h2>\n\n\n\n<p>La detenci\u00f3n de \u201cMetro 9\u201d fue resultado de un operativo coordinado entre fuerzas federales y estatales, como parte del Gabinete de Seguridad.<\/p>\n\n\n\n<p>Tras los hechos violentos, autoridades implementaron acciones para:<\/p>\n\n\n\n<ul class=\"wp-block-list\">\n<li>Restablecer la circulaci\u00f3n.<\/li>\n\n\n\n<li>Garantizar la seguridad de la poblaci\u00f3n.<\/li>\n\n\n\n<li>Controlar los puntos de conflicto.<\/li>\n<\/ul>\n\n\n\n<h2 class=\"wp-block-heading\" id=\"h-suspension-de-clases-en-reynosa-y-municipios-cercanos\"><strong>Suspensi\u00f3n de clases en Reynosa y municipios cercanos<\/strong><\/h2>\n\n\n\n<p>Debido a la situaci\u00f3n de riesgo, autoridades educativas confirmaron la <strong>suspensi\u00f3n de clases<\/strong> en varias escuelas de Tamaulipas.<\/p>\n\n\n\n<p>Los municipios afectados incluyen:<\/p>\n\n\n\n<ul class=\"wp-block-list\">\n<li>Reynosa.<\/li>\n\n\n\n<li>Camargo.<\/li>\n\n\n\n<li>Gustavo D\u00edaz Ordaz.<\/li>\n<\/ul>\n\n\n\n<p>La medida busca proteger a estudiantes, docentes y personal educativo ante posibles nuevos incidentes.<\/p>\n\n\n\n<h2 class=\"wp-block-heading\" id=\"h-quien-es-metro-9\"><strong>\u00bfQui\u00e9n es &#8220;Metro 9&#8221;?<\/strong><\/h2>\n\n\n\n<p>Alexandro \u201cB\u201d, alias \u201cMetro 9\u201d, es identificado como un presunto l\u00edder criminal vinculado al <strong>C\u00e1rtel del Golfo<\/strong>, una de las organizaciones delictivas con presencia en el noreste de M\u00e9xico.<\/p>\n\n\n\n<p>Su detenci\u00f3n fue considerada de alto impacto, lo que habr\u00eda detonado la reacci\u00f3n violenta de grupos criminales en la regi\u00f3n.<\/p>\n\n\n\n<h2 class=\"wp-block-heading\" id=\"h-unete-a-nuestro-canal-de-whatsapp\"><strong><a href=\"https:\/\/whatsapp.com\/channel\/0029Vaylt1XG3R3gm4Nsgp2m\">\u00danete a nuestro canal de WhatsApp<\/a><\/strong><\/h2>\n","protected":false},"excerpt":{"rendered":"La captura de Alexandro \u201cB\u201d, alias \u201cMetro 9\u201d, presunto l\u00edder del brazo armado del C\u00e1rtel del Golfo, provoc\u00f3&hellip;","protected":false},"author":5,"featured_media":6661,"comment_status":"open","ping_status":"open","sticky":false,"template":"","format":"standard","meta":{"csco_display_header_overlay":false,"csco_singular_sidebar":"","csco_page_header_type":"","csco_page_load_nextpost":"","csco_post_video_location":[],"csco_post_video_location_hash":"","csco_post_video_url":"","csco_post_video_bg_start_time":0,"csco_post_video_bg_end_time":0,"footnotes":""},"categories":[175],"tags":[2988,2989,2990,425,2991],"class_list":{"0":"post-6660","1":"post","2":"type-post","3":"status-publish","4":"format-standard","5":"has-post-thumbnail","7":"category-nacional","8":"tag-cartel-del-golfo","9":"tag-metro-9","10":"tag-reynosa","11":"tag-seguridad","12":"tag-tamaulipas","13":"cs-entry","14":"cs-video-wrap"},"yoast_head":"<!-- This site is optimized with the Yoast SEO Premium plugin v24.7 (Yoast SEO v27.4) - https:\/\/yoast.com\/product\/yoast-seo-premium-wordpress\/ -->\n<title>Reynosa en alerta: detenci\u00f3n del &quot;Metro 9&quot; desat\u00f3 bloqueos, balaceras y suspensi\u00f3n de clases en Tamaulipas - Tlaxcala Hoy<\/title>\n<meta name=\"description\" content=\"Captura de &quot;Metro 9&quot; en Reynosa desata violencia este 27 de abril: bloqueos, balaceras, quema de llantas y suspensi\u00f3n de clases en Tamaulipas\" \/>\n<meta name=\"robots\" content=\"index, follow, max-snippet:-1, max-image-preview:large, max-video-preview:-1\" \/>\n<link rel=\"canonical\" href=\"https:\/\/grupohoymexico.com\/tlaxcala\/nacional\/reynosa-en-alerta-detencion-del-metro-9-desato-bloqueos-balaceras-y-suspension-de-clases-en-tamaulipas\/\" \/>\n<meta property=\"og:locale\" content=\"es_MX\" \/>\n<meta property=\"og:type\" content=\"article\" \/>\n<meta property=\"og:title\" content=\"Reynosa en alerta: detenci\u00f3n del &quot;Metro 9&quot; desat\u00f3 bloqueos, balaceras y suspensi\u00f3n de clases en Tamaulipas\" \/>\n<meta property=\"og:description\" content=\"Captura de &quot;Metro 9&quot; en Reynosa desata violencia este 27 de abril: bloqueos, balaceras, quema de llantas y suspensi\u00f3n de clases en Tamaulipas\" \/>\n<meta property=\"og:url\" content=\"https:\/\/grupohoymexico.com\/tlaxcala\/nacional\/reynosa-en-alerta-detencion-del-metro-9-desato-bloqueos-balaceras-y-suspension-de-clases-en-tamaulipas\/\" \/>\n<meta property=\"og:site_name\" content=\"Tlaxcala Hoy\" \/>\n<meta property=\"article:published_time\" content=\"2026-04-27T19:42:10+00:00\" \/>\n<meta property=\"article:modified_time\" content=\"2026-04-27T19:42:11+00:00\" \/>\n<meta property=\"og:image\" content=\"https:\/\/grupohoymexico.com\/tlaxcala\/wp-content\/uploads\/sites\/4\/2026\/04\/Captura-Metro-9-Reynosa.jpg\" \/>\n\t<meta property=\"og:image:width\" content=\"1200\" \/>\n\t<meta property=\"og:image:height\" content=\"638\" \/>\n\t<meta property=\"og:image:type\" content=\"image\/jpeg\" \/>\n<meta name=\"author\" content=\"jair\" \/>\n<meta name=\"twitter:card\" content=\"summary_large_image\" \/>\n<meta name=\"twitter:label1\" content=\"Escrito por\" \/>\n\t<meta name=\"twitter:data1\" content=\"jair\" \/>\n\t<meta name=\"twitter:label2\" content=\"Tiempo de lectura\" \/>\n\t<meta name=\"twitter:data2\" content=\"3 minutos\" \/>\n<script type=\"application\/ld+json\" class=\"yoast-schema-graph\">{\"@context\":\"https:\\\/\\\/schema.org\",\"@graph\":[{\"@type\":\"Article\",\"@id\":\"https:\\\/\\\/grupohoymexico.com\\\/tlaxcala\\\/nacional\\\/reynosa-en-alerta-detencion-del-metro-9-desato-bloqueos-balaceras-y-suspension-de-clases-en-tamaulipas\\\/#article\",\"isPartOf\":{\"@id\":\"https:\\\/\\\/grupohoymexico.com\\\/tlaxcala\\\/nacional\\\/reynosa-en-alerta-detencion-del-metro-9-desato-bloqueos-balaceras-y-suspension-de-clases-en-tamaulipas\\\/\"},\"author\":{\"name\":\"jair\",\"@id\":\"https:\\\/\\\/grupohoymexico.com\\\/tlaxcala\\\/#\\\/schema\\\/person\\\/98e2425fe99fbbdf486895b69dab3c3d\"},\"headline\":\"Reynosa en alerta: detenci\u00f3n del &#8220;Metro 9&#8221; desat\u00f3 bloqueos, balaceras y suspensi\u00f3n de clases en Tamaulipas\",\"datePublished\":\"2026-04-27T19:42:10+00:00\",\"dateModified\":\"2026-04-27T19:42:11+00:00\",\"mainEntityOfPage\":{\"@id\":\"https:\\\/\\\/grupohoymexico.com\\\/tlaxcala\\\/nacional\\\/reynosa-en-alerta-detencion-del-metro-9-desato-bloqueos-balaceras-y-suspension-de-clases-en-tamaulipas\\\/\"},\"wordCount\":440,\"commentCount\":0,\"image\":{\"@id\":\"https:\\\/\\\/grupohoymexico.com\\\/tlaxcala\\\/nacional\\\/reynosa-en-alerta-detencion-del-metro-9-desato-bloqueos-balaceras-y-suspension-de-clases-en-tamaulipas\\\/#primaryimage\"},\"thumbnailUrl\":\"https:\\\/\\\/grupohoymexico.com\\\/tlaxcala\\\/wp-content\\\/uploads\\\/sites\\\/4\\\/2026\\\/04\\\/Captura-Metro-9-Reynosa.jpg\",\"keywords\":[\"C\u00e1rtel del Golfo\",\"Metro 9\",\"Reynosa\",\"Seguridad\",\"Tamaulipas\"],\"articleSection\":[\"Nacional\"],\"inLanguage\":\"es\",\"potentialAction\":[{\"@type\":\"CommentAction\",\"name\":\"Comment\",\"target\":[\"https:\\\/\\\/grupohoymexico.com\\\/tlaxcala\\\/nacional\\\/reynosa-en-alerta-detencion-del-metro-9-desato-bloqueos-balaceras-y-suspension-de-clases-en-tamaulipas\\\/#respond\"]}]},{\"@type\":\"WebPage\",\"@id\":\"https:\\\/\\\/grupohoymexico.com\\\/tlaxcala\\\/nacional\\\/reynosa-en-alerta-detencion-del-metro-9-desato-bloqueos-balaceras-y-suspension-de-clases-en-tamaulipas\\\/\",\"url\":\"https:\\\/\\\/grupohoymexico.com\\\/tlaxcala\\\/nacional\\\/reynosa-en-alerta-detencion-del-metro-9-desato-bloqueos-balaceras-y-suspension-de-clases-en-tamaulipas\\\/\",\"name\":\"Reynosa en alerta: detenci\u00f3n del \\\"Metro 9\\\" desat\u00f3 bloqueos, balaceras y suspensi\u00f3n de clases en Tamaulipas - Tlaxcala Hoy\",\"isPartOf\":{\"@id\":\"https:\\\/\\\/grupohoymexico.com\\\/tlaxcala\\\/#website\"},\"primaryImageOfPage\":{\"@id\":\"https:\\\/\\\/grupohoymexico.com\\\/tlaxcala\\\/nacional\\\/reynosa-en-alerta-detencion-del-metro-9-desato-bloqueos-balaceras-y-suspension-de-clases-en-tamaulipas\\\/#primaryimage\"},\"image\":{\"@id\":\"https:\\\/\\\/grupohoymexico.com\\\/tlaxcala\\\/nacional\\\/reynosa-en-alerta-detencion-del-metro-9-desato-bloqueos-balaceras-y-suspension-de-clases-en-tamaulipas\\\/#primaryimage\"},\"thumbnailUrl\":\"https:\\\/\\\/grupohoymexico.com\\\/tlaxcala\\\/wp-content\\\/uploads\\\/sites\\\/4\\\/2026\\\/04\\\/Captura-Metro-9-Reynosa.jpg\",\"datePublished\":\"2026-04-27T19:42:10+00:00\",\"dateModified\":\"2026-04-27T19:42:11+00:00\",\"author\":{\"@id\":\"https:\\\/\\\/grupohoymexico.com\\\/tlaxcala\\\/#\\\/schema\\\/person\\\/98e2425fe99fbbdf486895b69dab3c3d\"},\"description\":\"Captura de \\\"Metro 9\\\" en Reynosa desata violencia este 27 de abril: bloqueos, balaceras, quema de llantas y suspensi\u00f3n de clases en Tamaulipas\",\"breadcrumb\":{\"@id\":\"https:\\\/\\\/grupohoymexico.com\\\/tlaxcala\\\/nacional\\\/reynosa-en-alerta-detencion-del-metro-9-desato-bloqueos-balaceras-y-suspension-de-clases-en-tamaulipas\\\/#breadcrumb\"},\"inLanguage\":\"es\",\"potentialAction\":[{\"@type\":\"ReadAction\",\"target\":[\"https:\\\/\\\/grupohoymexico.com\\\/tlaxcala\\\/nacional\\\/reynosa-en-alerta-detencion-del-metro-9-desato-bloqueos-balaceras-y-suspension-de-clases-en-tamaulipas\\\/\"]}]},{\"@type\":\"ImageObject\",\"inLanguage\":\"es\",\"@id\":\"https:\\\/\\\/grupohoymexico.com\\\/tlaxcala\\\/nacional\\\/reynosa-en-alerta-detencion-del-metro-9-desato-bloqueos-balaceras-y-suspension-de-clases-en-tamaulipas\\\/#primaryimage\",\"url\":\"https:\\\/\\\/grupohoymexico.com\\\/tlaxcala\\\/wp-content\\\/uploads\\\/sites\\\/4\\\/2026\\\/04\\\/Captura-Metro-9-Reynosa.jpg\",\"contentUrl\":\"https:\\\/\\\/grupohoymexico.com\\\/tlaxcala\\\/wp-content\\\/uploads\\\/sites\\\/4\\\/2026\\\/04\\\/Captura-Metro-9-Reynosa.jpg\",\"width\":1200,\"height\":638,\"caption\":\"Foto: Grupo Hoy\"},{\"@type\":\"BreadcrumbList\",\"@id\":\"https:\\\/\\\/grupohoymexico.com\\\/tlaxcala\\\/nacional\\\/reynosa-en-alerta-detencion-del-metro-9-desato-bloqueos-balaceras-y-suspension-de-clases-en-tamaulipas\\\/#breadcrumb\",\"itemListElement\":[{\"@type\":\"ListItem\",\"position\":1,\"name\":\"Inicio\",\"item\":\"https:\\\/\\\/grupohoymexico.com\\\/tlaxcala\\\/\"},{\"@type\":\"ListItem\",\"position\":2,\"name\":\"Reynosa en alerta: detenci\u00f3n del &#8220;Metro 9&#8221; desat\u00f3 bloqueos, balaceras y suspensi\u00f3n de clases en Tamaulipas\"}]},{\"@type\":\"WebSite\",\"@id\":\"https:\\\/\\\/grupohoymexico.com\\\/tlaxcala\\\/#website\",\"url\":\"https:\\\/\\\/grupohoymexico.com\\\/tlaxcala\\\/\",\"name\":\"Tlaxcala Hoy\",\"description\":\"El alma de la naci\u00f3n\",\"potentialAction\":[{\"@type\":\"SearchAction\",\"target\":{\"@type\":\"EntryPoint\",\"urlTemplate\":\"https:\\\/\\\/grupohoymexico.com\\\/tlaxcala\\\/?s={search_term_string}\"},\"query-input\":{\"@type\":\"PropertyValueSpecification\",\"valueRequired\":true,\"valueName\":\"search_term_string\"}}],\"inLanguage\":\"es\"},{\"@type\":\"Person\",\"@id\":\"https:\\\/\\\/grupohoymexico.com\\\/tlaxcala\\\/#\\\/schema\\\/person\\\/98e2425fe99fbbdf486895b69dab3c3d\",\"name\":\"jair\",\"image\":{\"@type\":\"ImageObject\",\"inLanguage\":\"es\",\"@id\":\"https:\\\/\\\/secure.gravatar.com\\\/avatar\\\/ec205dfb8733a1ce1601942dddb04fc9294fb780c832e3c1ec58faa8e4e64e9b?s=96&d=mm&r=g\",\"url\":\"https:\\\/\\\/secure.gravatar.com\\\/avatar\\\/ec205dfb8733a1ce1601942dddb04fc9294fb780c832e3c1ec58faa8e4e64e9b?s=96&d=mm&r=g\",\"contentUrl\":\"https:\\\/\\\/secure.gravatar.com\\\/avatar\\\/ec205dfb8733a1ce1601942dddb04fc9294fb780c832e3c1ec58faa8e4e64e9b?s=96&d=mm&r=g\",\"caption\":\"jair\"},\"url\":\"https:\\\/\\\/grupohoymexico.com\\\/tlaxcala\\\/author\\\/jair\\\/\"}]}<\/script>\n<!-- \/ Yoast SEO Premium plugin. -->","yoast_head_json":{"title":"Reynosa en alerta: detenci\u00f3n del \"Metro 9\" desat\u00f3 bloqueos, balaceras y suspensi\u00f3n de clases en Tamaulipas - Tlaxcala Hoy","description":"Captura de \"Metro 9\" en Reynosa desata violencia este 27 de abril: bloqueos, balaceras, quema de llantas y suspensi\u00f3n de clases en Tamaulipas","robots":{"index":"index","follow":"follow","max-snippet":"max-snippet:-1","max-image-preview":"max-image-preview:large","max-video-preview":"max-video-preview:-1"},"canonical":"https:\/\/grupohoymexico.com\/tlaxcala\/nacional\/reynosa-en-alerta-detencion-del-metro-9-desato-bloqueos-balaceras-y-suspension-de-clases-en-tamaulipas\/","og_locale":"es_MX","og_type":"article","og_title":"Reynosa en alerta: detenci\u00f3n del \"Metro 9\" desat\u00f3 bloqueos, balaceras y suspensi\u00f3n de clases en Tamaulipas","og_description":"Captura de \"Metro 9\" en Reynosa desata violencia este 27 de abril: bloqueos, balaceras, quema de llantas y suspensi\u00f3n de clases en Tamaulipas","og_url":"https:\/\/grupohoymexico.com\/tlaxcala\/nacional\/reynosa-en-alerta-detencion-del-metro-9-desato-bloqueos-balaceras-y-suspension-de-clases-en-tamaulipas\/","og_site_name":"Tlaxcala Hoy","article_published_time":"2026-04-27T19:42:10+00:00","article_modified_time":"2026-04-27T19:42:11+00:00","og_image":[{"width":1200,"height":638,"url":"https:\/\/grupohoymexico.com\/tlaxcala\/wp-content\/uploads\/sites\/4\/2026\/04\/Captura-Metro-9-Reynosa.jpg","type":"image\/jpeg"}],"author":"jair","twitter_card":"summary_large_image","twitter_misc":{"Escrito por":"jair","Tiempo de lectura":"3 minutos"},"schema":{"@context":"https:\/\/schema.org","@graph":[{"@type":"Article","@id":"https:\/\/grupohoymexico.com\/tlaxcala\/nacional\/reynosa-en-alerta-detencion-del-metro-9-desato-bloqueos-balaceras-y-suspension-de-clases-en-tamaulipas\/#article","isPartOf":{"@id":"https:\/\/grupohoymexico.com\/tlaxcala\/nacional\/reynosa-en-alerta-detencion-del-metro-9-desato-bloqueos-balaceras-y-suspension-de-clases-en-tamaulipas\/"},"author":{"name":"jair","@id":"https:\/\/grupohoymexico.com\/tlaxcala\/#\/schema\/person\/98e2425fe99fbbdf486895b69dab3c3d"},"headline":"Reynosa en alerta: detenci\u00f3n del &#8220;Metro 9&#8221; desat\u00f3 bloqueos, balaceras y suspensi\u00f3n de clases en Tamaulipas","datePublished":"2026-04-27T19:42:10+00:00","dateModified":"2026-04-27T19:42:11+00:00","mainEntityOfPage":{"@id":"https:\/\/grupohoymexico.com\/tlaxcala\/nacional\/reynosa-en-alerta-detencion-del-metro-9-desato-bloqueos-balaceras-y-suspension-de-clases-en-tamaulipas\/"},"wordCount":440,"commentCount":0,"image":{"@id":"https:\/\/grupohoymexico.com\/tlaxcala\/nacional\/reynosa-en-alerta-detencion-del-metro-9-desato-bloqueos-balaceras-y-suspension-de-clases-en-tamaulipas\/#primaryimage"},"thumbnailUrl":"https:\/\/grupohoymexico.com\/tlaxcala\/wp-content\/uploads\/sites\/4\/2026\/04\/Captura-Metro-9-Reynosa.jpg","keywords":["C\u00e1rtel del Golfo","Metro 9","Reynosa","Seguridad","Tamaulipas"],"articleSection":["Nacional"],"inLanguage":"es","potentialAction":[{"@type":"CommentAction","name":"Comment","target":["https:\/\/grupohoymexico.com\/tlaxcala\/nacional\/reynosa-en-alerta-detencion-del-metro-9-desato-bloqueos-balaceras-y-suspension-de-clases-en-tamaulipas\/#respond"]}]},{"@type":"WebPage","@id":"https:\/\/grupohoymexico.com\/tlaxcala\/nacional\/reynosa-en-alerta-detencion-del-metro-9-desato-bloqueos-balaceras-y-suspension-de-clases-en-tamaulipas\/","url":"https:\/\/grupohoymexico.com\/tlaxcala\/nacional\/reynosa-en-alerta-detencion-del-metro-9-desato-bloqueos-balaceras-y-suspension-de-clases-en-tamaulipas\/","name":"Reynosa en alerta: detenci\u00f3n del \"Metro 9\" desat\u00f3 bloqueos, balaceras y suspensi\u00f3n de clases en Tamaulipas - Tlaxcala Hoy","isPartOf":{"@id":"https:\/\/grupohoymexico.com\/tlaxcala\/#website"},"primaryImageOfPage":{"@id":"https:\/\/grupohoymexico.com\/tlaxcala\/nacional\/reynosa-en-alerta-detencion-del-metro-9-desato-bloqueos-balaceras-y-suspension-de-clases-en-tamaulipas\/#primaryimage"},"image":{"@id":"https:\/\/grupohoymexico.com\/tlaxcala\/nacional\/reynosa-en-alerta-detencion-del-metro-9-desato-bloqueos-balaceras-y-suspension-de-clases-en-tamaulipas\/#primaryimage"},"thumbnailUrl":"https:\/\/grupohoymexico.com\/tlaxcala\/wp-content\/uploads\/sites\/4\/2026\/04\/Captura-Metro-9-Reynosa.jpg","datePublished":"2026-04-27T19:42:10+00:00","dateModified":"2026-04-27T19:42:11+00:00","author":{"@id":"https:\/\/grupohoymexico.com\/tlaxcala\/#\/schema\/person\/98e2425fe99fbbdf486895b69dab3c3d"},"description":"Captura de \"Metro 9\" en Reynosa desata violencia este 27 de abril: bloqueos, balaceras, quema de llantas y suspensi\u00f3n de clases en Tamaulipas","breadcrumb":{"@id":"https:\/\/grupohoymexico.com\/tlaxcala\/nacional\/reynosa-en-alerta-detencion-del-metro-9-desato-bloqueos-balaceras-y-suspension-de-clases-en-tamaulipas\/#breadcrumb"},"inLanguage":"es","potentialAction":[{"@type":"ReadAction","target":["https:\/\/grupohoymexico.com\/tlaxcala\/nacional\/reynosa-en-alerta-detencion-del-metro-9-desato-bloqueos-balaceras-y-suspension-de-clases-en-tamaulipas\/"]}]},{"@type":"ImageObject","inLanguage":"es","@id":"https:\/\/grupohoymexico.com\/tlaxcala\/nacional\/reynosa-en-alerta-detencion-del-metro-9-desato-bloqueos-balaceras-y-suspension-de-clases-en-tamaulipas\/#primaryimage","url":"https:\/\/grupohoymexico.com\/tlaxcala\/wp-content\/uploads\/sites\/4\/2026\/04\/Captura-Metro-9-Reynosa.jpg","contentUrl":"https:\/\/grupohoymexico.com\/tlaxcala\/wp-content\/uploads\/sites\/4\/2026\/04\/Captura-Metro-9-Reynosa.jpg","width":1200,"height":638,"caption":"Foto: Grupo Hoy"},{"@type":"BreadcrumbList","@id":"https:\/\/grupohoymexico.com\/tlaxcala\/nacional\/reynosa-en-alerta-detencion-del-metro-9-desato-bloqueos-balaceras-y-suspension-de-clases-en-tamaulipas\/#breadcrumb","itemListElement":[{"@type":"ListItem","position":1,"name":"Inicio","item":"https:\/\/grupohoymexico.com\/tlaxcala\/"},{"@type":"ListItem","position":2,"name":"Reynosa en alerta: detenci\u00f3n del &#8220;Metro 9&#8221; desat\u00f3 bloqueos, balaceras y suspensi\u00f3n de clases en Tamaulipas"}]},{"@type":"WebSite","@id":"https:\/\/grupohoymexico.com\/tlaxcala\/#website","url":"https:\/\/grupohoymexico.com\/tlaxcala\/","name":"Tlaxcala Hoy","description":"El alma de la naci\u00f3n","potentialAction":[{"@type":"SearchAction","target":{"@type":"EntryPoint","urlTemplate":"https:\/\/grupohoymexico.com\/tlaxcala\/?s={search_term_string}"},"query-input":{"@type":"PropertyValueSpecification","valueRequired":true,"valueName":"search_term_string"}}],"inLanguage":"es"},{"@type":"Person","@id":"https:\/\/grupohoymexico.com\/tlaxcala\/#\/schema\/person\/98e2425fe99fbbdf486895b69dab3c3d","name":"jair","image":{"@type":"ImageObject","inLanguage":"es","@id":"https:\/\/secure.gravatar.com\/avatar\/ec205dfb8733a1ce1601942dddb04fc9294fb780c832e3c1ec58faa8e4e64e9b?s=96&d=mm&r=g","url":"https:\/\/secure.gravatar.com\/avatar\/ec205dfb8733a1ce1601942dddb04fc9294fb780c832e3c1ec58faa8e4e64e9b?s=96&d=mm&r=g","contentUrl":"https:\/\/secure.gravatar.com\/avatar\/ec205dfb8733a1ce1601942dddb04fc9294fb780c832e3c1ec58faa8e4e64e9b?s=96&d=mm&r=g","caption":"jair"},"url":"https:\/\/grupohoymexico.com\/tlaxcala\/author\/jair\/"}]}},"_links":{"self":[{"href":"https:\/\/grupohoymexico.com\/tlaxcala\/wp-json\/wp\/v2\/posts\/6660","targetHints":{"allow":["GET"]}}],"collection":[{"href":"https:\/\/grupohoymexico.com\/tlaxcala\/wp-json\/wp\/v2\/posts"}],"about":[{"href":"https:\/\/grupohoymexico.com\/tlaxcala\/wp-json\/wp\/v2\/types\/post"}],"author":[{"embeddable":true,"href":"https:\/\/grupohoymexico.com\/tlaxcala\/wp-json\/wp\/v2\/users\/5"}],"replies":[{"embeddable":true,"href":"https:\/\/grupohoymexico.com\/tlaxcala\/wp-json\/wp\/v2\/comments?post=6660"}],"version-history":[{"count":0,"href":"https:\/\/grupohoymexico.com\/tlaxcala\/wp-json\/wp\/v2\/posts\/6660\/revisions"}],"wp:featuredmedia":[{"embeddable":true,"href":"https:\/\/grupohoymexico.com\/tlaxcala\/wp-json\/wp\/v2\/media\/6661"}],"wp:attachment":[{"href":"https:\/\/grupohoymexico.com\/tlaxcala\/wp-json\/wp\/v2\/media?parent=6660"}],"wp:term":[{"taxonomy":"category","embeddable":true,"href":"https:\/\/grupohoymexico.com\/tlaxcala\/wp-json\/wp\/v2\/categories?post=6660"},{"taxonomy":"post_tag","embeddable":true,"href":"https:\/\/grupohoymexico.com\/tlaxcala\/wp-json\/wp\/v2\/tags?post=6660"}],"curies":[{"name":"wp","href":"https:\/\/api.w.org\/{rel}","templated":true}]}}