{"id":6651,"date":"2026-04-27T11:28:04","date_gmt":"2026-04-27T17:28:04","guid":{"rendered":"https:\/\/grupohoymexico.com\/tlaxcala\/?p=6651"},"modified":"2026-04-27T11:28:05","modified_gmt":"2026-04-27T17:28:05","slug":"sheinbaum-quiere-proteger-a-politicos-mexicanos-acusados-de-corrupcion-por-eeuu","status":"publish","type":"post","link":"https:\/\/grupohoymexico.com\/tlaxcala\/nacional\/sheinbaum-quiere-proteger-a-politicos-mexicanos-acusados-de-corrupcion-por-eeuu\/","title":{"rendered":"Sheinbaum quiere proteger a pol\u00edticos mexicanos acusados de corrupci\u00f3n por EEUU"},"content":{"rendered":"\n<p>Luego que Estados Unidos (<strong>EEUU<\/strong>) manifestara su intenci\u00f3n de <strong>denunciar a pol\u00edticos mexicanos <\/strong>acusados de <strong>corrupci\u00f3n<\/strong>, <strong>Claudia Sheinbaum<\/strong> dijo que esto solo le corresponde a su gobierno. En la Ma\u00f1anera del Pueblo, la titular del Ejecutivo reaccion\u00f3 a las versiones sobre las investigaciones que realizar\u00eda la <strong>administraci\u00f3n de Trump<\/strong>. De nueva cuenta rechaz\u00f3 la intervenci\u00f3n estadounidense, a pesar de los \u00edndices de corrupci\u00f3n en nuestro pa\u00eds.<\/p>\n\n\n\n<p><strong>TAMBI\u00c9N LEE:<\/strong> <a href=\"https:\/\/grupohoymexico.com\/2026\/04\/27\/tras-33-dias-localizan-sin-vida-al-ultimo-minero-atrapado-en-la-mina-santa-fe-el-rosario-sinaloa\/\" target=\"_blank\" rel=\"noreferrer noopener\">Tras 33 d\u00edas, localizan sin vida al \u00faltimo minero atrapado en la mina Santa Fe, El Rosario, Sinaloa<\/a><\/p>\n\n\n\n<h2 class=\"wp-block-heading\" id=\"h-sheinbaum-quiere-proteger-a-politicos-mexicanos-acusados-de-corrupcion-por-eeuu\">Sheinbaum quiere proteger a pol\u00edticos mexicanos acusados de corrupci\u00f3n por EEUU<\/h2>\n\n\n\n<p>En su postura respecto a que las autoridades estadounidenses lleven investigaciones o aprehensiones, record\u00f3 el caso del <strong>general Salvador Cienfuegos<\/strong>, acusado de <strong>cargos de narcotr\u00e1\ufb01co y lavado de dinero<\/strong> en la administraci\u00f3n de <strong>Enrique Pe\u00f1a Nieto<\/strong>. Sin embargo, este fue liberado por el <strong>expresidente Andr\u00e9s Manuel L\u00f3pez Obrador<\/strong>.<\/p>\n\n\n\n<p>&#8220;Si hay una investigaci\u00f3n de alguna fiscal\u00eda a alg\u00fan servidos p\u00fablico en M\u00e9xico, lo que tiene que haber son pruebas claras y evidencias claras&#8221;, coment\u00f3 la presidenta de M\u00e9xico. Acto seguido record\u00f3 el caso de Cienfuegos y c\u00f3mo la FGR &#8220;investiga y encuentra que no hay delito que perseguir&#8221;. <\/p>\n\n\n\n<blockquote class=\"wp-block-quote is-layout-flow wp-block-quote-is-layout-flow\">\n<p>&#8220;Cualquier investigaci\u00f3n en EEUU contra cualquier persona en M\u00e9xico tiene que tener pruebas revisadas por la FGR, evidencias. No vamos a cubrir a nadie que tenga una evidencia de un delito, pero tiene que haber evidencias, si no son otros temas que estar\u00edan en esos casos&#8221;, coment\u00f3. <\/p>\n<\/blockquote>\n\n\n\n<p><strong>TAMBI\u00c9N LEE.<\/strong> <a href=\"https:\/\/grupohoymexico.com\/2026\/04\/27\/claudia-sheinbaum-reconoce-desabasto-de-medicamentos-en-hidalgo\/\" target=\"_blank\" rel=\"noreferrer noopener\">Claudia Sheinbaum reconoce desabasto de medicamentos en Hidalgo<\/a><\/p>\n\n\n\n<p>Las palabras de Sheinbaum cobran relevancia como un intento de proteger a pol\u00edticos mexicanos acusados de corrupci\u00f3n  en EEUU. Sobre todo luego que el partido oficial concentra el poder pol\u00edtico a trav\u00e9s de todas las instituciones, incluyendo el Poder Judicial. Muestra de ello es que se exoner\u00f3 al <strong>hermano de AMLO, P\u00edo L\u00f3pez Obrador<\/strong>, por el caso de recibir dinero en sobres para el financiamiento de la campa\u00f1a de l\u00edder morenista. <\/p>\n\n\n\n<p>El TEPJF asegur\u00f3 que no encontr\u00f3 elementos para sancionarlo porque a pesar de los videos donde se mostraba c\u00f3mo recib\u00eda dinero, no se pod\u00eda comprobar que fueran para los fines antes mencionados. <\/p>\n\n\n\n<p>M\u00e9xico se encuentra en la posici\u00f3n 141 de 182 pa\u00edses seg\u00fan el \u00cdndice de Percepci\u00f3n de la Corrupci\u00f3n 2025 de Transparencia Internacional, con una calificaci\u00f3n estancada de 27\/100.<\/p>\n","protected":false},"excerpt":{"rendered":"Luego que Estados Unidos (EEUU) manifestara su intenci\u00f3n de denunciar a pol\u00edticos mexicanos acusados de corrupci\u00f3n, Claudia Sheinbaum&hellip;","protected":false},"author":1,"featured_media":6653,"comment_status":"open","ping_status":"open","sticky":false,"template":"","format":"standard","meta":{"csco_display_header_overlay":false,"csco_singular_sidebar":"","csco_page_header_type":"","csco_page_load_nextpost":"","csco_post_video_location":[],"csco_post_video_location_hash":"","csco_post_video_url":"","csco_post_video_bg_start_time":0,"csco_post_video_bg_end_time":0,"footnotes":""},"categories":[175],"tags":[234,2986,2987],"class_list":{"0":"post-6651","1":"post","2":"type-post","3":"status-publish","4":"format-standard","5":"has-post-thumbnail","7":"category-nacional","8":"tag-claudia-sheinbaum","9":"tag-marina-del-pilar","10":"tag-politicos-sin-visa","11":"cs-entry","12":"cs-video-wrap"},"yoast_head":"<!-- This site is optimized with the Yoast SEO Premium plugin v24.7 (Yoast SEO v27.4) - https:\/\/yoast.com\/product\/yoast-seo-premium-wordpress\/ -->\n<title>Sheinbaum quiere proteger a pol\u00edticos mexicanos acusados de corrupci\u00f3n por EEUU - Tlaxcala Hoy<\/title>\n<meta name=\"description\" content=\"La presidenta Claudia Sheinbaum fue acusada de querer proteger a pol\u00edticos mexicanos acusados de corrupci\u00f3n por EEUU.\" \/>\n<meta name=\"robots\" content=\"index, follow, max-snippet:-1, max-image-preview:large, max-video-preview:-1\" \/>\n<link rel=\"canonical\" href=\"https:\/\/grupohoymexico.com\/tlaxcala\/nacional\/sheinbaum-quiere-proteger-a-politicos-mexicanos-acusados-de-corrupcion-por-eeuu\/\" \/>\n<meta property=\"og:locale\" content=\"es_MX\" \/>\n<meta property=\"og:type\" content=\"article\" \/>\n<meta property=\"og:title\" content=\"Sheinbaum quiere proteger a pol\u00edticos mexicanos acusados de corrupci\u00f3n por EEUU\" \/>\n<meta property=\"og:description\" content=\"La presidenta Claudia Sheinbaum fue acusada de querer proteger a pol\u00edticos mexicanos acusados de corrupci\u00f3n por EEUU.\" \/>\n<meta property=\"og:url\" content=\"https:\/\/grupohoymexico.com\/tlaxcala\/nacional\/sheinbaum-quiere-proteger-a-politicos-mexicanos-acusados-de-corrupcion-por-eeuu\/\" \/>\n<meta property=\"og:site_name\" content=\"Tlaxcala Hoy\" \/>\n<meta property=\"article:published_time\" content=\"2026-04-27T17:28:04+00:00\" \/>\n<meta property=\"article:modified_time\" content=\"2026-04-27T17:28:05+00:00\" \/>\n<meta property=\"og:image\" content=\"https:\/\/grupohoymexico.com\/tlaxcala\/wp-content\/uploads\/sites\/4\/2026\/04\/claudia_sheinbaum_marina_del_pilar_morena_politicos_mexicanos_acusados_corrupcion_eeuu-1.png\" \/>\n\t<meta property=\"og:image:width\" content=\"1200\" \/>\n\t<meta property=\"og:image:height\" content=\"638\" \/>\n\t<meta property=\"og:image:type\" content=\"image\/png\" \/>\n<meta name=\"author\" content=\"user\" \/>\n<meta name=\"twitter:card\" content=\"summary_large_image\" \/>\n<meta name=\"twitter:label1\" content=\"Escrito por\" \/>\n\t<meta name=\"twitter:data1\" content=\"user\" \/>\n\t<meta name=\"twitter:label2\" content=\"Tiempo de lectura\" \/>\n\t<meta name=\"twitter:data2\" content=\"2 minutos\" \/>\n<script type=\"application\/ld+json\" class=\"yoast-schema-graph\">{\"@context\":\"https:\\\/\\\/schema.org\",\"@graph\":[{\"@type\":\"Article\",\"@id\":\"https:\\\/\\\/grupohoymexico.com\\\/tlaxcala\\\/nacional\\\/sheinbaum-quiere-proteger-a-politicos-mexicanos-acusados-de-corrupcion-por-eeuu\\\/#article\",\"isPartOf\":{\"@id\":\"https:\\\/\\\/grupohoymexico.com\\\/tlaxcala\\\/nacional\\\/sheinbaum-quiere-proteger-a-politicos-mexicanos-acusados-de-corrupcion-por-eeuu\\\/\"},\"author\":{\"name\":\"user\",\"@id\":\"https:\\\/\\\/grupohoymexico.com\\\/tlaxcala\\\/#\\\/schema\\\/person\\\/ce6086ac837852775a3a4f539356c297\"},\"headline\":\"Sheinbaum quiere proteger a pol\u00edticos mexicanos acusados de corrupci\u00f3n por EEUU\",\"datePublished\":\"2026-04-27T17:28:04+00:00\",\"dateModified\":\"2026-04-27T17:28:05+00:00\",\"mainEntityOfPage\":{\"@id\":\"https:\\\/\\\/grupohoymexico.com\\\/tlaxcala\\\/nacional\\\/sheinbaum-quiere-proteger-a-politicos-mexicanos-acusados-de-corrupcion-por-eeuu\\\/\"},\"wordCount\":437,\"commentCount\":0,\"image\":{\"@id\":\"https:\\\/\\\/grupohoymexico.com\\\/tlaxcala\\\/nacional\\\/sheinbaum-quiere-proteger-a-politicos-mexicanos-acusados-de-corrupcion-por-eeuu\\\/#primaryimage\"},\"thumbnailUrl\":\"https:\\\/\\\/grupohoymexico.com\\\/tlaxcala\\\/wp-content\\\/uploads\\\/sites\\\/4\\\/2026\\\/04\\\/claudia_sheinbaum_marina_del_pilar_morena_politicos_mexicanos_acusados_corrupcion_eeuu-1.png\",\"keywords\":[\"Claudia Sheinbaum\",\"Marina del Pilar\",\"Pol\u00edticos sin visa\"],\"articleSection\":[\"Nacional\"],\"inLanguage\":\"es\",\"potentialAction\":[{\"@type\":\"CommentAction\",\"name\":\"Comment\",\"target\":[\"https:\\\/\\\/grupohoymexico.com\\\/tlaxcala\\\/nacional\\\/sheinbaum-quiere-proteger-a-politicos-mexicanos-acusados-de-corrupcion-por-eeuu\\\/#respond\"]}]},{\"@type\":\"WebPage\",\"@id\":\"https:\\\/\\\/grupohoymexico.com\\\/tlaxcala\\\/nacional\\\/sheinbaum-quiere-proteger-a-politicos-mexicanos-acusados-de-corrupcion-por-eeuu\\\/\",\"url\":\"https:\\\/\\\/grupohoymexico.com\\\/tlaxcala\\\/nacional\\\/sheinbaum-quiere-proteger-a-politicos-mexicanos-acusados-de-corrupcion-por-eeuu\\\/\",\"name\":\"Sheinbaum quiere proteger a pol\u00edticos mexicanos acusados de corrupci\u00f3n por EEUU - Tlaxcala Hoy\",\"isPartOf\":{\"@id\":\"https:\\\/\\\/grupohoymexico.com\\\/tlaxcala\\\/#website\"},\"primaryImageOfPage\":{\"@id\":\"https:\\\/\\\/grupohoymexico.com\\\/tlaxcala\\\/nacional\\\/sheinbaum-quiere-proteger-a-politicos-mexicanos-acusados-de-corrupcion-por-eeuu\\\/#primaryimage\"},\"image\":{\"@id\":\"https:\\\/\\\/grupohoymexico.com\\\/tlaxcala\\\/nacional\\\/sheinbaum-quiere-proteger-a-politicos-mexicanos-acusados-de-corrupcion-por-eeuu\\\/#primaryimage\"},\"thumbnailUrl\":\"https:\\\/\\\/grupohoymexico.com\\\/tlaxcala\\\/wp-content\\\/uploads\\\/sites\\\/4\\\/2026\\\/04\\\/claudia_sheinbaum_marina_del_pilar_morena_politicos_mexicanos_acusados_corrupcion_eeuu-1.png\",\"datePublished\":\"2026-04-27T17:28:04+00:00\",\"dateModified\":\"2026-04-27T17:28:05+00:00\",\"author\":{\"@id\":\"https:\\\/\\\/grupohoymexico.com\\\/tlaxcala\\\/#\\\/schema\\\/person\\\/ce6086ac837852775a3a4f539356c297\"},\"description\":\"La presidenta Claudia Sheinbaum fue acusada de querer proteger a pol\u00edticos mexicanos acusados de corrupci\u00f3n por EEUU.\",\"breadcrumb\":{\"@id\":\"https:\\\/\\\/grupohoymexico.com\\\/tlaxcala\\\/nacional\\\/sheinbaum-quiere-proteger-a-politicos-mexicanos-acusados-de-corrupcion-por-eeuu\\\/#breadcrumb\"},\"inLanguage\":\"es\",\"potentialAction\":[{\"@type\":\"ReadAction\",\"target\":[\"https:\\\/\\\/grupohoymexico.com\\\/tlaxcala\\\/nacional\\\/sheinbaum-quiere-proteger-a-politicos-mexicanos-acusados-de-corrupcion-por-eeuu\\\/\"]}]},{\"@type\":\"ImageObject\",\"inLanguage\":\"es\",\"@id\":\"https:\\\/\\\/grupohoymexico.com\\\/tlaxcala\\\/nacional\\\/sheinbaum-quiere-proteger-a-politicos-mexicanos-acusados-de-corrupcion-por-eeuu\\\/#primaryimage\",\"url\":\"https:\\\/\\\/grupohoymexico.com\\\/tlaxcala\\\/wp-content\\\/uploads\\\/sites\\\/4\\\/2026\\\/04\\\/claudia_sheinbaum_marina_del_pilar_morena_politicos_mexicanos_acusados_corrupcion_eeuu-1.png\",\"contentUrl\":\"https:\\\/\\\/grupohoymexico.com\\\/tlaxcala\\\/wp-content\\\/uploads\\\/sites\\\/4\\\/2026\\\/04\\\/claudia_sheinbaum_marina_del_pilar_morena_politicos_mexicanos_acusados_corrupcion_eeuu-1.png\",\"width\":1200,\"height\":638,\"caption\":\"Foto: Facebook\"},{\"@type\":\"BreadcrumbList\",\"@id\":\"https:\\\/\\\/grupohoymexico.com\\\/tlaxcala\\\/nacional\\\/sheinbaum-quiere-proteger-a-politicos-mexicanos-acusados-de-corrupcion-por-eeuu\\\/#breadcrumb\",\"itemListElement\":[{\"@type\":\"ListItem\",\"position\":1,\"name\":\"Inicio\",\"item\":\"https:\\\/\\\/grupohoymexico.com\\\/tlaxcala\\\/\"},{\"@type\":\"ListItem\",\"position\":2,\"name\":\"Sheinbaum quiere proteger a pol\u00edticos mexicanos acusados de corrupci\u00f3n por EEUU\"}]},{\"@type\":\"WebSite\",\"@id\":\"https:\\\/\\\/grupohoymexico.com\\\/tlaxcala\\\/#website\",\"url\":\"https:\\\/\\\/grupohoymexico.com\\\/tlaxcala\\\/\",\"name\":\"Tlaxcala Hoy\",\"description\":\"El alma de la naci\u00f3n\",\"potentialAction\":[{\"@type\":\"SearchAction\",\"target\":{\"@type\":\"EntryPoint\",\"urlTemplate\":\"https:\\\/\\\/grupohoymexico.com\\\/tlaxcala\\\/?s={search_term_string}\"},\"query-input\":{\"@type\":\"PropertyValueSpecification\",\"valueRequired\":true,\"valueName\":\"search_term_string\"}}],\"inLanguage\":\"es\"},{\"@type\":\"Person\",\"@id\":\"https:\\\/\\\/grupohoymexico.com\\\/tlaxcala\\\/#\\\/schema\\\/person\\\/ce6086ac837852775a3a4f539356c297\",\"name\":\"user\",\"image\":{\"@type\":\"ImageObject\",\"inLanguage\":\"es\",\"@id\":\"https:\\\/\\\/secure.gravatar.com\\\/avatar\\\/25f78de4fa956f6f7c01f8d96f8087d8958ebe06d57e630cd54e36aefb9dacea?s=96&d=mm&r=g\",\"url\":\"https:\\\/\\\/secure.gravatar.com\\\/avatar\\\/25f78de4fa956f6f7c01f8d96f8087d8958ebe06d57e630cd54e36aefb9dacea?s=96&d=mm&r=g\",\"contentUrl\":\"https:\\\/\\\/secure.gravatar.com\\\/avatar\\\/25f78de4fa956f6f7c01f8d96f8087d8958ebe06d57e630cd54e36aefb9dacea?s=96&d=mm&r=g\",\"caption\":\"user\"},\"sameAs\":[\"http:\\\/\\\/44.197.188.197.nip.io\"],\"url\":\"https:\\\/\\\/grupohoymexico.com\\\/tlaxcala\\\/author\\\/user\\\/\"}]}<\/script>\n<!-- \/ Yoast SEO Premium plugin. -->","yoast_head_json":{"title":"Sheinbaum quiere proteger a pol\u00edticos mexicanos acusados de corrupci\u00f3n por EEUU - Tlaxcala Hoy","description":"La presidenta Claudia Sheinbaum fue acusada de querer proteger a pol\u00edticos mexicanos acusados de corrupci\u00f3n por EEUU.","robots":{"index":"index","follow":"follow","max-snippet":"max-snippet:-1","max-image-preview":"max-image-preview:large","max-video-preview":"max-video-preview:-1"},"canonical":"https:\/\/grupohoymexico.com\/tlaxcala\/nacional\/sheinbaum-quiere-proteger-a-politicos-mexicanos-acusados-de-corrupcion-por-eeuu\/","og_locale":"es_MX","og_type":"article","og_title":"Sheinbaum quiere proteger a pol\u00edticos mexicanos acusados de corrupci\u00f3n por EEUU","og_description":"La presidenta Claudia Sheinbaum fue acusada de querer proteger a pol\u00edticos mexicanos acusados de corrupci\u00f3n por EEUU.","og_url":"https:\/\/grupohoymexico.com\/tlaxcala\/nacional\/sheinbaum-quiere-proteger-a-politicos-mexicanos-acusados-de-corrupcion-por-eeuu\/","og_site_name":"Tlaxcala Hoy","article_published_time":"2026-04-27T17:28:04+00:00","article_modified_time":"2026-04-27T17:28:05+00:00","og_image":[{"width":1200,"height":638,"url":"https:\/\/grupohoymexico.com\/tlaxcala\/wp-content\/uploads\/sites\/4\/2026\/04\/claudia_sheinbaum_marina_del_pilar_morena_politicos_mexicanos_acusados_corrupcion_eeuu-1.png","type":"image\/png"}],"author":"user","twitter_card":"summary_large_image","twitter_misc":{"Escrito por":"user","Tiempo de lectura":"2 minutos"},"schema":{"@context":"https:\/\/schema.org","@graph":[{"@type":"Article","@id":"https:\/\/grupohoymexico.com\/tlaxcala\/nacional\/sheinbaum-quiere-proteger-a-politicos-mexicanos-acusados-de-corrupcion-por-eeuu\/#article","isPartOf":{"@id":"https:\/\/grupohoymexico.com\/tlaxcala\/nacional\/sheinbaum-quiere-proteger-a-politicos-mexicanos-acusados-de-corrupcion-por-eeuu\/"},"author":{"name":"user","@id":"https:\/\/grupohoymexico.com\/tlaxcala\/#\/schema\/person\/ce6086ac837852775a3a4f539356c297"},"headline":"Sheinbaum quiere proteger a pol\u00edticos mexicanos acusados de corrupci\u00f3n por EEUU","datePublished":"2026-04-27T17:28:04+00:00","dateModified":"2026-04-27T17:28:05+00:00","mainEntityOfPage":{"@id":"https:\/\/grupohoymexico.com\/tlaxcala\/nacional\/sheinbaum-quiere-proteger-a-politicos-mexicanos-acusados-de-corrupcion-por-eeuu\/"},"wordCount":437,"commentCount":0,"image":{"@id":"https:\/\/grupohoymexico.com\/tlaxcala\/nacional\/sheinbaum-quiere-proteger-a-politicos-mexicanos-acusados-de-corrupcion-por-eeuu\/#primaryimage"},"thumbnailUrl":"https:\/\/grupohoymexico.com\/tlaxcala\/wp-content\/uploads\/sites\/4\/2026\/04\/claudia_sheinbaum_marina_del_pilar_morena_politicos_mexicanos_acusados_corrupcion_eeuu-1.png","keywords":["Claudia Sheinbaum","Marina del Pilar","Pol\u00edticos sin visa"],"articleSection":["Nacional"],"inLanguage":"es","potentialAction":[{"@type":"CommentAction","name":"Comment","target":["https:\/\/grupohoymexico.com\/tlaxcala\/nacional\/sheinbaum-quiere-proteger-a-politicos-mexicanos-acusados-de-corrupcion-por-eeuu\/#respond"]}]},{"@type":"WebPage","@id":"https:\/\/grupohoymexico.com\/tlaxcala\/nacional\/sheinbaum-quiere-proteger-a-politicos-mexicanos-acusados-de-corrupcion-por-eeuu\/","url":"https:\/\/grupohoymexico.com\/tlaxcala\/nacional\/sheinbaum-quiere-proteger-a-politicos-mexicanos-acusados-de-corrupcion-por-eeuu\/","name":"Sheinbaum quiere proteger a pol\u00edticos mexicanos acusados de corrupci\u00f3n por EEUU - Tlaxcala Hoy","isPartOf":{"@id":"https:\/\/grupohoymexico.com\/tlaxcala\/#website"},"primaryImageOfPage":{"@id":"https:\/\/grupohoymexico.com\/tlaxcala\/nacional\/sheinbaum-quiere-proteger-a-politicos-mexicanos-acusados-de-corrupcion-por-eeuu\/#primaryimage"},"image":{"@id":"https:\/\/grupohoymexico.com\/tlaxcala\/nacional\/sheinbaum-quiere-proteger-a-politicos-mexicanos-acusados-de-corrupcion-por-eeuu\/#primaryimage"},"thumbnailUrl":"https:\/\/grupohoymexico.com\/tlaxcala\/wp-content\/uploads\/sites\/4\/2026\/04\/claudia_sheinbaum_marina_del_pilar_morena_politicos_mexicanos_acusados_corrupcion_eeuu-1.png","datePublished":"2026-04-27T17:28:04+00:00","dateModified":"2026-04-27T17:28:05+00:00","author":{"@id":"https:\/\/grupohoymexico.com\/tlaxcala\/#\/schema\/person\/ce6086ac837852775a3a4f539356c297"},"description":"La presidenta Claudia Sheinbaum fue acusada de querer proteger a pol\u00edticos mexicanos acusados de corrupci\u00f3n por EEUU.","breadcrumb":{"@id":"https:\/\/grupohoymexico.com\/tlaxcala\/nacional\/sheinbaum-quiere-proteger-a-politicos-mexicanos-acusados-de-corrupcion-por-eeuu\/#breadcrumb"},"inLanguage":"es","potentialAction":[{"@type":"ReadAction","target":["https:\/\/grupohoymexico.com\/tlaxcala\/nacional\/sheinbaum-quiere-proteger-a-politicos-mexicanos-acusados-de-corrupcion-por-eeuu\/"]}]},{"@type":"ImageObject","inLanguage":"es","@id":"https:\/\/grupohoymexico.com\/tlaxcala\/nacional\/sheinbaum-quiere-proteger-a-politicos-mexicanos-acusados-de-corrupcion-por-eeuu\/#primaryimage","url":"https:\/\/grupohoymexico.com\/tlaxcala\/wp-content\/uploads\/sites\/4\/2026\/04\/claudia_sheinbaum_marina_del_pilar_morena_politicos_mexicanos_acusados_corrupcion_eeuu-1.png","contentUrl":"https:\/\/grupohoymexico.com\/tlaxcala\/wp-content\/uploads\/sites\/4\/2026\/04\/claudia_sheinbaum_marina_del_pilar_morena_politicos_mexicanos_acusados_corrupcion_eeuu-1.png","width":1200,"height":638,"caption":"Foto: Facebook"},{"@type":"BreadcrumbList","@id":"https:\/\/grupohoymexico.com\/tlaxcala\/nacional\/sheinbaum-quiere-proteger-a-politicos-mexicanos-acusados-de-corrupcion-por-eeuu\/#breadcrumb","itemListElement":[{"@type":"ListItem","position":1,"name":"Inicio","item":"https:\/\/grupohoymexico.com\/tlaxcala\/"},{"@type":"ListItem","position":2,"name":"Sheinbaum quiere proteger a pol\u00edticos mexicanos acusados de corrupci\u00f3n por EEUU"}]},{"@type":"WebSite","@id":"https:\/\/grupohoymexico.com\/tlaxcala\/#website","url":"https:\/\/grupohoymexico.com\/tlaxcala\/","name":"Tlaxcala Hoy","description":"El alma de la naci\u00f3n","potentialAction":[{"@type":"SearchAction","target":{"@type":"EntryPoint","urlTemplate":"https:\/\/grupohoymexico.com\/tlaxcala\/?s={search_term_string}"},"query-input":{"@type":"PropertyValueSpecification","valueRequired":true,"valueName":"search_term_string"}}],"inLanguage":"es"},{"@type":"Person","@id":"https:\/\/grupohoymexico.com\/tlaxcala\/#\/schema\/person\/ce6086ac837852775a3a4f539356c297","name":"user","image":{"@type":"ImageObject","inLanguage":"es","@id":"https:\/\/secure.gravatar.com\/avatar\/25f78de4fa956f6f7c01f8d96f8087d8958ebe06d57e630cd54e36aefb9dacea?s=96&d=mm&r=g","url":"https:\/\/secure.gravatar.com\/avatar\/25f78de4fa956f6f7c01f8d96f8087d8958ebe06d57e630cd54e36aefb9dacea?s=96&d=mm&r=g","contentUrl":"https:\/\/secure.gravatar.com\/avatar\/25f78de4fa956f6f7c01f8d96f8087d8958ebe06d57e630cd54e36aefb9dacea?s=96&d=mm&r=g","caption":"user"},"sameAs":["http:\/\/44.197.188.197.nip.io"],"url":"https:\/\/grupohoymexico.com\/tlaxcala\/author\/user\/"}]}},"_links":{"self":[{"href":"https:\/\/grupohoymexico.com\/tlaxcala\/wp-json\/wp\/v2\/posts\/6651","targetHints":{"allow":["GET"]}}],"collection":[{"href":"https:\/\/grupohoymexico.com\/tlaxcala\/wp-json\/wp\/v2\/posts"}],"about":[{"href":"https:\/\/grupohoymexico.com\/tlaxcala\/wp-json\/wp\/v2\/types\/post"}],"author":[{"embeddable":true,"href":"https:\/\/grupohoymexico.com\/tlaxcala\/wp-json\/wp\/v2\/users\/1"}],"replies":[{"embeddable":true,"href":"https:\/\/grupohoymexico.com\/tlaxcala\/wp-json\/wp\/v2\/comments?post=6651"}],"version-history":[{"count":1,"href":"https:\/\/grupohoymexico.com\/tlaxcala\/wp-json\/wp\/v2\/posts\/6651\/revisions"}],"predecessor-version":[{"id":6652,"href":"https:\/\/grupohoymexico.com\/tlaxcala\/wp-json\/wp\/v2\/posts\/6651\/revisions\/6652"}],"wp:featuredmedia":[{"embeddable":true,"href":"https:\/\/grupohoymexico.com\/tlaxcala\/wp-json\/wp\/v2\/media\/6653"}],"wp:attachment":[{"href":"https:\/\/grupohoymexico.com\/tlaxcala\/wp-json\/wp\/v2\/media?parent=6651"}],"wp:term":[{"taxonomy":"category","embeddable":true,"href":"https:\/\/grupohoymexico.com\/tlaxcala\/wp-json\/wp\/v2\/categories?post=6651"},{"taxonomy":"post_tag","embeddable":true,"href":"https:\/\/grupohoymexico.com\/tlaxcala\/wp-json\/wp\/v2\/tags?post=6651"}],"curies":[{"name":"wp","href":"https:\/\/api.w.org\/{rel}","templated":true}]}}