{"id":6649,"date":"2026-04-27T11:04:05","date_gmt":"2026-04-27T17:04:05","guid":{"rendered":"https:\/\/grupohoymexico.com\/tlaxcala\/uncategorized\/tras-33-dias-localizan-sin-vida-al-ultimo-minero-atrapado-en-la-mina-santa-fe-el-rosario-sinaloa\/"},"modified":"2026-04-27T11:04:06","modified_gmt":"2026-04-27T17:04:06","slug":"tras-33-dias-localizan-sin-vida-al-ultimo-minero-atrapado-en-la-mina-santa-fe-el-rosario-sinaloa","status":"publish","type":"post","link":"https:\/\/grupohoymexico.com\/tlaxcala\/nacional\/tras-33-dias-localizan-sin-vida-al-ultimo-minero-atrapado-en-la-mina-santa-fe-el-rosario-sinaloa\/","title":{"rendered":"Tras 33 d\u00edas, localizan sin vida al \u00faltimo minero atrapado en la mina Santa Fe, El Rosario, Sinaloa"},"content":{"rendered":"\n<p>El <strong>Comando Unificado de rescate<\/strong> confirm\u00f3 el hallazgo sin vida de Leandro Isidro Beltr\u00e1n Res\u00e9ndiz, minero de 54 a\u00f1os originario de Zimap\u00e1n, quien permanec\u00eda atrapado tras el accidente en la mina Santa Fe, ubicada en El Rosario.<\/p>\n\n\n\n<p>El cuerpo fue localizado durante la madrugada de este lunes, luego de <strong>33 d\u00edas de labores ininterrumpidas (783 horas)<\/strong>, marcando el cierre de uno de los operativos de rescate m\u00e1s complejos recientes en M\u00e9xico.<\/p>\n\n\n\n<h3 class=\"wp-block-heading\" id=\"h-sigue-nuestras-cuentas-en-facebook-e-instagram-para-mantenerte-informado-con-las-noticias-mas-relevantes\"><strong>Sigue nuestras cuentas en Facebook e Instagram para mantenerte informado con las noticias m\u00e1s relevantes.<\/strong><\/h3>\n\n\n\n<h2 class=\"wp-block-heading\" id=\"h-accidente-en-mina-santa-fe-que-ocurrio-el-25-de-marzo\"><strong>Accidente en mina Santa Fe: qu\u00e9 ocurri\u00f3 el 25 de marzo<\/strong><\/h2>\n\n\n\n<p>El siniestro se registr\u00f3 el pasado 25 de marzo, cuando una falla en una presa de jales (estructura utilizada para almacenar residuos mineros) provoc\u00f3 su colapso.<\/p>\n\n\n\n<p>El incidente sorprendi\u00f3 a 25 trabajadores:<\/p>\n\n\n\n<ul class=\"wp-block-list\">\n<li>21 lograron salir con vida.<\/li>\n\n\n\n<li>4 quedaron atrapados bajo los escombros.<\/li>\n<\/ul>\n\n\n\n<p>El reporte oficial a las autoridades se realiz\u00f3 hasta el 26 de marzo, lo que retras\u00f3 el inicio del operativo de rescate.<\/p>\n\n\n\n<h2 class=\"wp-block-heading\" id=\"h-operativo-de-rescate-en-sinaloa-participacion-de-389-elementos\"><strong>Operativo de rescate en Sinaloa: participaci\u00f3n de 389 elementos<\/strong><\/h2>\n\n\n\n<p>Las labores de b\u00fasqueda estuvieron encabezadas por la <strong>Coordinaci\u00f3n Nacional de Protecci\u00f3n Civil<\/strong>, en coordinaci\u00f3n con diversas instituciones federales y estatales.<\/p>\n\n\n\n<p>En total participaron <strong>389 elementos<\/strong>, incluyendo:<\/p>\n\n\n\n<ul class=\"wp-block-list\">\n<li>Secretar\u00eda de la Defensa Nacional.<\/li>\n\n\n\n<li>Secretar\u00eda de Marina.<\/li>\n\n\n\n<li>Secretar\u00eda de Seguridad y Protecci\u00f3n Ciudadana.<\/li>\n\n\n\n<li>Comisi\u00f3n Federal de Electricidad.<\/li>\n\n\n\n<li>Gobierno de Sinaloa.<\/li>\n<\/ul>\n\n\n\n<p>El trabajo conjunto permiti\u00f3 avanzar en condiciones adversas para lograr la localizaci\u00f3n del \u00faltimo minero.<\/p>\n\n\n\n<h3 class=\"wp-block-heading\" id=\"h-leer-mas-world-press-photo-2026-carol-guzy-triunfa-con-foto-sobre-migracion-y-familias-separadas-por-ice\"><strong><em>Leer m\u00e1s: <a href=\"https:\/\/grupohoymexico.com\/2026\/04\/26\/world-press-photo-2026-carol-guzy-triunfa-con-foto-sobre-migracion-y-familias-separadas-por-ice\/\">World Press Photo 2026: Carol Guzy triunfa con foto sobre migraci\u00f3n y familias separadas por ICE<\/a><\/em><\/strong><\/h3>\n\n\n\n<h2 class=\"wp-block-heading\" id=\"h-proceso-de-recuperacion-e-intervencion-de-la-fiscalia\"><strong>Proceso de recuperaci\u00f3n e intervenci\u00f3n de la Fiscal\u00eda<\/strong><\/h2>\n\n\n\n<p>Tras el hallazgo, se dio aviso a la <strong>Fiscal\u00eda General del Estado de Sinaloa<\/strong>, que ser\u00e1 responsable de llevar a cabo los procedimientos legales correspondientes.<\/p>\n\n\n\n<p>Equipos especializados esperan la intervenci\u00f3n de peritos para realizar el ascenso del cuerpo y cumplir con los protocolos t\u00e9cnico-jur\u00eddicos.<\/p>\n\n\n\n<h2 class=\"wp-block-heading\" id=\"h-apoyo-a-la-familia-y-seguimiento-del-caso\"><strong>Apoyo a la familia y seguimiento del caso<\/strong><\/h2>\n\n\n\n<p>Las autoridades federales y estatales reiteraron su compromiso de brindar acompa\u00f1amiento a la familia del minero durante este proceso.<\/p>\n\n\n\n<p>La titular de Protecci\u00f3n Civil, Laura Vel\u00e1zquez Alz\u00faa, ha supervisado de manera directa las acciones de apoyo y atenci\u00f3n.<\/p>\n\n\n\n<h3 class=\"wp-block-heading\" id=\"h-leer-mas-ee-uu-autoriza-a-venezuela-pagar-defensa-de-nicolas-maduro-en-nueva-york\"><strong><em>Leer m\u00e1s: <a href=\"https:\/\/grupohoymexico.com\/2026\/04\/26\/ee-uu-autoriza-a-venezuela-pagar-defensa-de-nicolas-maduro-en-nueva-york\/\">EE.UU. autoriza a Venezuela pagar defensa de Nicol\u00e1s Maduro en Nueva York<\/a><\/em><\/strong><\/h3>\n\n\n\n<h2 class=\"wp-block-heading\" id=\"h-accidente-minero-en-mexico-impacto-y-lecciones\"><strong>Accidente minero en M\u00e9xico: impacto y lecciones<\/strong><\/h2>\n\n\n\n<p>El caso de la mina Santa Fe vuelve a poner en el centro del debate la seguridad en operaciones mineras en M\u00e9xico, especialmente en relaci\u00f3n con:<\/p>\n\n\n\n<ul class=\"wp-block-list\">\n<li>Mantenimiento de infraestructura.<\/li>\n\n\n\n<li>Protocolos de emergencia.<\/li>\n\n\n\n<li>Tiempos de respuesta ante accidentes.<\/li>\n<\/ul>\n\n\n\n<h2 class=\"wp-block-heading\" id=\"h-sinaloa-cierre-de-un-operativo-de-rescate-de-alto-riesgo\"><strong>Sinaloa: cierre de un operativo de rescate de alto riesgo<\/strong><\/h2>\n\n\n\n<p>Con la localizaci\u00f3n de Leandro Isidro Beltr\u00e1n Res\u00e9ndiz, concluye un operativo que moviliz\u00f3 a cientos de elementos y recursos especializados durante m\u00e1s de un mes.<\/p>\n\n\n\n<p>Este hecho marca un momento de luto para la comunidad minera y para el pa\u00eds, al tiempo que subraya la importancia de fortalecer las medidas de prevenci\u00f3n en la industria.<\/p>\n\n\n\n<h2 class=\"wp-block-heading\" id=\"h-unete-a-nuestro-canal-de-whatsapp\"><strong><a href=\"https:\/\/whatsapp.com\/channel\/0029Vaylt1XG3R3gm4Nsgp2m\">\u00danete a nuestro canal de WhatsApp<\/a><\/strong><\/h2>\n","protected":false},"excerpt":{"rendered":"El Comando Unificado de rescate confirm\u00f3 el hallazgo sin vida de Leandro Isidro Beltr\u00e1n Res\u00e9ndiz, minero de 54&hellip;","protected":false},"author":5,"featured_media":6650,"comment_status":"open","ping_status":"open","sticky":false,"template":"","format":"standard","meta":{"csco_display_header_overlay":false,"csco_singular_sidebar":"","csco_page_header_type":"","csco_page_load_nextpost":"","csco_post_video_location":[],"csco_post_video_location_hash":"","csco_post_video_url":"","csco_post_video_bg_start_time":0,"csco_post_video_bg_end_time":0,"footnotes":""},"categories":[175],"tags":[2788,2789,2985,2488],"class_list":{"0":"post-6649","1":"post","2":"type-post","3":"status-publish","4":"format-standard","5":"has-post-thumbnail","7":"category-nacional","8":"tag-el-rosario","9":"tag-mina-santa-fe","10":"tag-minero","11":"tag-sinaloa","12":"cs-entry","13":"cs-video-wrap"},"yoast_head":"<!-- This site is optimized with the Yoast SEO Premium plugin v24.7 (Yoast SEO v27.4) - https:\/\/yoast.com\/product\/yoast-seo-premium-wordpress\/ -->\n<title>Tras 33 d\u00edas, localizan sin vida al \u00faltimo minero atrapado en la mina Santa Fe, El Rosario, Sinaloa - Tlaxcala Hoy<\/title>\n<meta name=\"description\" content=\"Tr\u00e1gico final en accidente minero de la Mina Santa Fe, Sinaloa: hallan sin vida a minero atrapado, Leandro Beltr\u00e1n de Zimap\u00e1n, tras 33 d\u00edas.\" \/>\n<meta name=\"robots\" content=\"index, follow, max-snippet:-1, max-image-preview:large, max-video-preview:-1\" \/>\n<link rel=\"canonical\" href=\"https:\/\/grupohoymexico.com\/tlaxcala\/nacional\/tras-33-dias-localizan-sin-vida-al-ultimo-minero-atrapado-en-la-mina-santa-fe-el-rosario-sinaloa\/\" \/>\n<meta property=\"og:locale\" content=\"es_MX\" \/>\n<meta property=\"og:type\" content=\"article\" \/>\n<meta property=\"og:title\" content=\"Tras 33 d\u00edas, localizan sin vida al \u00faltimo minero atrapado en la mina Santa Fe, El Rosario, Sinaloa\" \/>\n<meta property=\"og:description\" content=\"Tr\u00e1gico final en accidente minero de la Mina Santa Fe, Sinaloa: hallan sin vida a minero atrapado, Leandro Beltr\u00e1n de Zimap\u00e1n, tras 33 d\u00edas.\" \/>\n<meta property=\"og:url\" content=\"https:\/\/grupohoymexico.com\/tlaxcala\/nacional\/tras-33-dias-localizan-sin-vida-al-ultimo-minero-atrapado-en-la-mina-santa-fe-el-rosario-sinaloa\/\" \/>\n<meta property=\"og:site_name\" content=\"Tlaxcala Hoy\" \/>\n<meta property=\"article:published_time\" content=\"2026-04-27T17:04:05+00:00\" \/>\n<meta property=\"article:modified_time\" content=\"2026-04-27T17:04:06+00:00\" \/>\n<meta property=\"og:image\" content=\"https:\/\/grupohoymexico.com\/tlaxcala\/wp-content\/uploads\/sites\/4\/2026\/04\/mina-Santa-Fe.jpg\" \/>\n\t<meta property=\"og:image:width\" content=\"1200\" \/>\n\t<meta property=\"og:image:height\" content=\"638\" \/>\n\t<meta property=\"og:image:type\" content=\"image\/jpeg\" \/>\n<meta name=\"author\" content=\"jair\" \/>\n<meta name=\"twitter:card\" content=\"summary_large_image\" \/>\n<meta name=\"twitter:label1\" content=\"Escrito por\" \/>\n\t<meta name=\"twitter:data1\" content=\"jair\" \/>\n\t<meta name=\"twitter:label2\" content=\"Tiempo de lectura\" \/>\n\t<meta name=\"twitter:data2\" content=\"3 minutos\" \/>\n<script type=\"application\/ld+json\" class=\"yoast-schema-graph\">{\"@context\":\"https:\\\/\\\/schema.org\",\"@graph\":[{\"@type\":\"Article\",\"@id\":\"https:\\\/\\\/grupohoymexico.com\\\/tlaxcala\\\/nacional\\\/tras-33-dias-localizan-sin-vida-al-ultimo-minero-atrapado-en-la-mina-santa-fe-el-rosario-sinaloa\\\/#article\",\"isPartOf\":{\"@id\":\"https:\\\/\\\/grupohoymexico.com\\\/tlaxcala\\\/nacional\\\/tras-33-dias-localizan-sin-vida-al-ultimo-minero-atrapado-en-la-mina-santa-fe-el-rosario-sinaloa\\\/\"},\"author\":{\"name\":\"jair\",\"@id\":\"https:\\\/\\\/grupohoymexico.com\\\/tlaxcala\\\/#\\\/schema\\\/person\\\/98e2425fe99fbbdf486895b69dab3c3d\"},\"headline\":\"Tras 33 d\u00edas, localizan sin vida al \u00faltimo minero atrapado en la mina Santa Fe, El Rosario, Sinaloa\",\"datePublished\":\"2026-04-27T17:04:05+00:00\",\"dateModified\":\"2026-04-27T17:04:06+00:00\",\"mainEntityOfPage\":{\"@id\":\"https:\\\/\\\/grupohoymexico.com\\\/tlaxcala\\\/nacional\\\/tras-33-dias-localizan-sin-vida-al-ultimo-minero-atrapado-en-la-mina-santa-fe-el-rosario-sinaloa\\\/\"},\"wordCount\":531,\"commentCount\":0,\"image\":{\"@id\":\"https:\\\/\\\/grupohoymexico.com\\\/tlaxcala\\\/nacional\\\/tras-33-dias-localizan-sin-vida-al-ultimo-minero-atrapado-en-la-mina-santa-fe-el-rosario-sinaloa\\\/#primaryimage\"},\"thumbnailUrl\":\"https:\\\/\\\/grupohoymexico.com\\\/tlaxcala\\\/wp-content\\\/uploads\\\/sites\\\/4\\\/2026\\\/04\\\/mina-Santa-Fe.jpg\",\"keywords\":[\"El Rosario\",\"Mina Santa Fe\",\"Minero\",\"Sinaloa\"],\"articleSection\":[\"Nacional\"],\"inLanguage\":\"es\",\"potentialAction\":[{\"@type\":\"CommentAction\",\"name\":\"Comment\",\"target\":[\"https:\\\/\\\/grupohoymexico.com\\\/tlaxcala\\\/nacional\\\/tras-33-dias-localizan-sin-vida-al-ultimo-minero-atrapado-en-la-mina-santa-fe-el-rosario-sinaloa\\\/#respond\"]}]},{\"@type\":\"WebPage\",\"@id\":\"https:\\\/\\\/grupohoymexico.com\\\/tlaxcala\\\/nacional\\\/tras-33-dias-localizan-sin-vida-al-ultimo-minero-atrapado-en-la-mina-santa-fe-el-rosario-sinaloa\\\/\",\"url\":\"https:\\\/\\\/grupohoymexico.com\\\/tlaxcala\\\/nacional\\\/tras-33-dias-localizan-sin-vida-al-ultimo-minero-atrapado-en-la-mina-santa-fe-el-rosario-sinaloa\\\/\",\"name\":\"Tras 33 d\u00edas, localizan sin vida al \u00faltimo minero atrapado en la mina Santa Fe, El Rosario, Sinaloa - Tlaxcala Hoy\",\"isPartOf\":{\"@id\":\"https:\\\/\\\/grupohoymexico.com\\\/tlaxcala\\\/#website\"},\"primaryImageOfPage\":{\"@id\":\"https:\\\/\\\/grupohoymexico.com\\\/tlaxcala\\\/nacional\\\/tras-33-dias-localizan-sin-vida-al-ultimo-minero-atrapado-en-la-mina-santa-fe-el-rosario-sinaloa\\\/#primaryimage\"},\"image\":{\"@id\":\"https:\\\/\\\/grupohoymexico.com\\\/tlaxcala\\\/nacional\\\/tras-33-dias-localizan-sin-vida-al-ultimo-minero-atrapado-en-la-mina-santa-fe-el-rosario-sinaloa\\\/#primaryimage\"},\"thumbnailUrl\":\"https:\\\/\\\/grupohoymexico.com\\\/tlaxcala\\\/wp-content\\\/uploads\\\/sites\\\/4\\\/2026\\\/04\\\/mina-Santa-Fe.jpg\",\"datePublished\":\"2026-04-27T17:04:05+00:00\",\"dateModified\":\"2026-04-27T17:04:06+00:00\",\"author\":{\"@id\":\"https:\\\/\\\/grupohoymexico.com\\\/tlaxcala\\\/#\\\/schema\\\/person\\\/98e2425fe99fbbdf486895b69dab3c3d\"},\"description\":\"Tr\u00e1gico final en accidente minero de la Mina Santa Fe, Sinaloa: hallan sin vida a minero atrapado, Leandro Beltr\u00e1n de Zimap\u00e1n, tras 33 d\u00edas.\",\"breadcrumb\":{\"@id\":\"https:\\\/\\\/grupohoymexico.com\\\/tlaxcala\\\/nacional\\\/tras-33-dias-localizan-sin-vida-al-ultimo-minero-atrapado-en-la-mina-santa-fe-el-rosario-sinaloa\\\/#breadcrumb\"},\"inLanguage\":\"es\",\"potentialAction\":[{\"@type\":\"ReadAction\",\"target\":[\"https:\\\/\\\/grupohoymexico.com\\\/tlaxcala\\\/nacional\\\/tras-33-dias-localizan-sin-vida-al-ultimo-minero-atrapado-en-la-mina-santa-fe-el-rosario-sinaloa\\\/\"]}]},{\"@type\":\"ImageObject\",\"inLanguage\":\"es\",\"@id\":\"https:\\\/\\\/grupohoymexico.com\\\/tlaxcala\\\/nacional\\\/tras-33-dias-localizan-sin-vida-al-ultimo-minero-atrapado-en-la-mina-santa-fe-el-rosario-sinaloa\\\/#primaryimage\",\"url\":\"https:\\\/\\\/grupohoymexico.com\\\/tlaxcala\\\/wp-content\\\/uploads\\\/sites\\\/4\\\/2026\\\/04\\\/mina-Santa-Fe.jpg\",\"contentUrl\":\"https:\\\/\\\/grupohoymexico.com\\\/tlaxcala\\\/wp-content\\\/uploads\\\/sites\\\/4\\\/2026\\\/04\\\/mina-Santa-Fe.jpg\",\"width\":1200,\"height\":638,\"caption\":\"Foto: Redes Sociales\"},{\"@type\":\"BreadcrumbList\",\"@id\":\"https:\\\/\\\/grupohoymexico.com\\\/tlaxcala\\\/nacional\\\/tras-33-dias-localizan-sin-vida-al-ultimo-minero-atrapado-en-la-mina-santa-fe-el-rosario-sinaloa\\\/#breadcrumb\",\"itemListElement\":[{\"@type\":\"ListItem\",\"position\":1,\"name\":\"Inicio\",\"item\":\"https:\\\/\\\/grupohoymexico.com\\\/tlaxcala\\\/\"},{\"@type\":\"ListItem\",\"position\":2,\"name\":\"Tras 33 d\u00edas, localizan sin vida al \u00faltimo minero atrapado en la mina Santa Fe, El Rosario, Sinaloa\"}]},{\"@type\":\"WebSite\",\"@id\":\"https:\\\/\\\/grupohoymexico.com\\\/tlaxcala\\\/#website\",\"url\":\"https:\\\/\\\/grupohoymexico.com\\\/tlaxcala\\\/\",\"name\":\"Tlaxcala Hoy\",\"description\":\"El alma de la naci\u00f3n\",\"potentialAction\":[{\"@type\":\"SearchAction\",\"target\":{\"@type\":\"EntryPoint\",\"urlTemplate\":\"https:\\\/\\\/grupohoymexico.com\\\/tlaxcala\\\/?s={search_term_string}\"},\"query-input\":{\"@type\":\"PropertyValueSpecification\",\"valueRequired\":true,\"valueName\":\"search_term_string\"}}],\"inLanguage\":\"es\"},{\"@type\":\"Person\",\"@id\":\"https:\\\/\\\/grupohoymexico.com\\\/tlaxcala\\\/#\\\/schema\\\/person\\\/98e2425fe99fbbdf486895b69dab3c3d\",\"name\":\"jair\",\"image\":{\"@type\":\"ImageObject\",\"inLanguage\":\"es\",\"@id\":\"https:\\\/\\\/secure.gravatar.com\\\/avatar\\\/ec205dfb8733a1ce1601942dddb04fc9294fb780c832e3c1ec58faa8e4e64e9b?s=96&d=mm&r=g\",\"url\":\"https:\\\/\\\/secure.gravatar.com\\\/avatar\\\/ec205dfb8733a1ce1601942dddb04fc9294fb780c832e3c1ec58faa8e4e64e9b?s=96&d=mm&r=g\",\"contentUrl\":\"https:\\\/\\\/secure.gravatar.com\\\/avatar\\\/ec205dfb8733a1ce1601942dddb04fc9294fb780c832e3c1ec58faa8e4e64e9b?s=96&d=mm&r=g\",\"caption\":\"jair\"},\"url\":\"https:\\\/\\\/grupohoymexico.com\\\/tlaxcala\\\/author\\\/jair\\\/\"}]}<\/script>\n<!-- \/ Yoast SEO Premium plugin. -->","yoast_head_json":{"title":"Tras 33 d\u00edas, localizan sin vida al \u00faltimo minero atrapado en la mina Santa Fe, El Rosario, Sinaloa - Tlaxcala Hoy","description":"Tr\u00e1gico final en accidente minero de la Mina Santa Fe, Sinaloa: hallan sin vida a minero atrapado, Leandro Beltr\u00e1n de Zimap\u00e1n, tras 33 d\u00edas.","robots":{"index":"index","follow":"follow","max-snippet":"max-snippet:-1","max-image-preview":"max-image-preview:large","max-video-preview":"max-video-preview:-1"},"canonical":"https:\/\/grupohoymexico.com\/tlaxcala\/nacional\/tras-33-dias-localizan-sin-vida-al-ultimo-minero-atrapado-en-la-mina-santa-fe-el-rosario-sinaloa\/","og_locale":"es_MX","og_type":"article","og_title":"Tras 33 d\u00edas, localizan sin vida al \u00faltimo minero atrapado en la mina Santa Fe, El Rosario, Sinaloa","og_description":"Tr\u00e1gico final en accidente minero de la Mina Santa Fe, Sinaloa: hallan sin vida a minero atrapado, Leandro Beltr\u00e1n de Zimap\u00e1n, tras 33 d\u00edas.","og_url":"https:\/\/grupohoymexico.com\/tlaxcala\/nacional\/tras-33-dias-localizan-sin-vida-al-ultimo-minero-atrapado-en-la-mina-santa-fe-el-rosario-sinaloa\/","og_site_name":"Tlaxcala Hoy","article_published_time":"2026-04-27T17:04:05+00:00","article_modified_time":"2026-04-27T17:04:06+00:00","og_image":[{"width":1200,"height":638,"url":"https:\/\/grupohoymexico.com\/tlaxcala\/wp-content\/uploads\/sites\/4\/2026\/04\/mina-Santa-Fe.jpg","type":"image\/jpeg"}],"author":"jair","twitter_card":"summary_large_image","twitter_misc":{"Escrito por":"jair","Tiempo de lectura":"3 minutos"},"schema":{"@context":"https:\/\/schema.org","@graph":[{"@type":"Article","@id":"https:\/\/grupohoymexico.com\/tlaxcala\/nacional\/tras-33-dias-localizan-sin-vida-al-ultimo-minero-atrapado-en-la-mina-santa-fe-el-rosario-sinaloa\/#article","isPartOf":{"@id":"https:\/\/grupohoymexico.com\/tlaxcala\/nacional\/tras-33-dias-localizan-sin-vida-al-ultimo-minero-atrapado-en-la-mina-santa-fe-el-rosario-sinaloa\/"},"author":{"name":"jair","@id":"https:\/\/grupohoymexico.com\/tlaxcala\/#\/schema\/person\/98e2425fe99fbbdf486895b69dab3c3d"},"headline":"Tras 33 d\u00edas, localizan sin vida al \u00faltimo minero atrapado en la mina Santa Fe, El Rosario, Sinaloa","datePublished":"2026-04-27T17:04:05+00:00","dateModified":"2026-04-27T17:04:06+00:00","mainEntityOfPage":{"@id":"https:\/\/grupohoymexico.com\/tlaxcala\/nacional\/tras-33-dias-localizan-sin-vida-al-ultimo-minero-atrapado-en-la-mina-santa-fe-el-rosario-sinaloa\/"},"wordCount":531,"commentCount":0,"image":{"@id":"https:\/\/grupohoymexico.com\/tlaxcala\/nacional\/tras-33-dias-localizan-sin-vida-al-ultimo-minero-atrapado-en-la-mina-santa-fe-el-rosario-sinaloa\/#primaryimage"},"thumbnailUrl":"https:\/\/grupohoymexico.com\/tlaxcala\/wp-content\/uploads\/sites\/4\/2026\/04\/mina-Santa-Fe.jpg","keywords":["El Rosario","Mina Santa Fe","Minero","Sinaloa"],"articleSection":["Nacional"],"inLanguage":"es","potentialAction":[{"@type":"CommentAction","name":"Comment","target":["https:\/\/grupohoymexico.com\/tlaxcala\/nacional\/tras-33-dias-localizan-sin-vida-al-ultimo-minero-atrapado-en-la-mina-santa-fe-el-rosario-sinaloa\/#respond"]}]},{"@type":"WebPage","@id":"https:\/\/grupohoymexico.com\/tlaxcala\/nacional\/tras-33-dias-localizan-sin-vida-al-ultimo-minero-atrapado-en-la-mina-santa-fe-el-rosario-sinaloa\/","url":"https:\/\/grupohoymexico.com\/tlaxcala\/nacional\/tras-33-dias-localizan-sin-vida-al-ultimo-minero-atrapado-en-la-mina-santa-fe-el-rosario-sinaloa\/","name":"Tras 33 d\u00edas, localizan sin vida al \u00faltimo minero atrapado en la mina Santa Fe, El Rosario, Sinaloa - Tlaxcala Hoy","isPartOf":{"@id":"https:\/\/grupohoymexico.com\/tlaxcala\/#website"},"primaryImageOfPage":{"@id":"https:\/\/grupohoymexico.com\/tlaxcala\/nacional\/tras-33-dias-localizan-sin-vida-al-ultimo-minero-atrapado-en-la-mina-santa-fe-el-rosario-sinaloa\/#primaryimage"},"image":{"@id":"https:\/\/grupohoymexico.com\/tlaxcala\/nacional\/tras-33-dias-localizan-sin-vida-al-ultimo-minero-atrapado-en-la-mina-santa-fe-el-rosario-sinaloa\/#primaryimage"},"thumbnailUrl":"https:\/\/grupohoymexico.com\/tlaxcala\/wp-content\/uploads\/sites\/4\/2026\/04\/mina-Santa-Fe.jpg","datePublished":"2026-04-27T17:04:05+00:00","dateModified":"2026-04-27T17:04:06+00:00","author":{"@id":"https:\/\/grupohoymexico.com\/tlaxcala\/#\/schema\/person\/98e2425fe99fbbdf486895b69dab3c3d"},"description":"Tr\u00e1gico final en accidente minero de la Mina Santa Fe, Sinaloa: hallan sin vida a minero atrapado, Leandro Beltr\u00e1n de Zimap\u00e1n, tras 33 d\u00edas.","breadcrumb":{"@id":"https:\/\/grupohoymexico.com\/tlaxcala\/nacional\/tras-33-dias-localizan-sin-vida-al-ultimo-minero-atrapado-en-la-mina-santa-fe-el-rosario-sinaloa\/#breadcrumb"},"inLanguage":"es","potentialAction":[{"@type":"ReadAction","target":["https:\/\/grupohoymexico.com\/tlaxcala\/nacional\/tras-33-dias-localizan-sin-vida-al-ultimo-minero-atrapado-en-la-mina-santa-fe-el-rosario-sinaloa\/"]}]},{"@type":"ImageObject","inLanguage":"es","@id":"https:\/\/grupohoymexico.com\/tlaxcala\/nacional\/tras-33-dias-localizan-sin-vida-al-ultimo-minero-atrapado-en-la-mina-santa-fe-el-rosario-sinaloa\/#primaryimage","url":"https:\/\/grupohoymexico.com\/tlaxcala\/wp-content\/uploads\/sites\/4\/2026\/04\/mina-Santa-Fe.jpg","contentUrl":"https:\/\/grupohoymexico.com\/tlaxcala\/wp-content\/uploads\/sites\/4\/2026\/04\/mina-Santa-Fe.jpg","width":1200,"height":638,"caption":"Foto: Redes Sociales"},{"@type":"BreadcrumbList","@id":"https:\/\/grupohoymexico.com\/tlaxcala\/nacional\/tras-33-dias-localizan-sin-vida-al-ultimo-minero-atrapado-en-la-mina-santa-fe-el-rosario-sinaloa\/#breadcrumb","itemListElement":[{"@type":"ListItem","position":1,"name":"Inicio","item":"https:\/\/grupohoymexico.com\/tlaxcala\/"},{"@type":"ListItem","position":2,"name":"Tras 33 d\u00edas, localizan sin vida al \u00faltimo minero atrapado en la mina Santa Fe, El Rosario, Sinaloa"}]},{"@type":"WebSite","@id":"https:\/\/grupohoymexico.com\/tlaxcala\/#website","url":"https:\/\/grupohoymexico.com\/tlaxcala\/","name":"Tlaxcala Hoy","description":"El alma de la naci\u00f3n","potentialAction":[{"@type":"SearchAction","target":{"@type":"EntryPoint","urlTemplate":"https:\/\/grupohoymexico.com\/tlaxcala\/?s={search_term_string}"},"query-input":{"@type":"PropertyValueSpecification","valueRequired":true,"valueName":"search_term_string"}}],"inLanguage":"es"},{"@type":"Person","@id":"https:\/\/grupohoymexico.com\/tlaxcala\/#\/schema\/person\/98e2425fe99fbbdf486895b69dab3c3d","name":"jair","image":{"@type":"ImageObject","inLanguage":"es","@id":"https:\/\/secure.gravatar.com\/avatar\/ec205dfb8733a1ce1601942dddb04fc9294fb780c832e3c1ec58faa8e4e64e9b?s=96&d=mm&r=g","url":"https:\/\/secure.gravatar.com\/avatar\/ec205dfb8733a1ce1601942dddb04fc9294fb780c832e3c1ec58faa8e4e64e9b?s=96&d=mm&r=g","contentUrl":"https:\/\/secure.gravatar.com\/avatar\/ec205dfb8733a1ce1601942dddb04fc9294fb780c832e3c1ec58faa8e4e64e9b?s=96&d=mm&r=g","caption":"jair"},"url":"https:\/\/grupohoymexico.com\/tlaxcala\/author\/jair\/"}]}},"_links":{"self":[{"href":"https:\/\/grupohoymexico.com\/tlaxcala\/wp-json\/wp\/v2\/posts\/6649","targetHints":{"allow":["GET"]}}],"collection":[{"href":"https:\/\/grupohoymexico.com\/tlaxcala\/wp-json\/wp\/v2\/posts"}],"about":[{"href":"https:\/\/grupohoymexico.com\/tlaxcala\/wp-json\/wp\/v2\/types\/post"}],"author":[{"embeddable":true,"href":"https:\/\/grupohoymexico.com\/tlaxcala\/wp-json\/wp\/v2\/users\/5"}],"replies":[{"embeddable":true,"href":"https:\/\/grupohoymexico.com\/tlaxcala\/wp-json\/wp\/v2\/comments?post=6649"}],"version-history":[{"count":0,"href":"https:\/\/grupohoymexico.com\/tlaxcala\/wp-json\/wp\/v2\/posts\/6649\/revisions"}],"wp:featuredmedia":[{"embeddable":true,"href":"https:\/\/grupohoymexico.com\/tlaxcala\/wp-json\/wp\/v2\/media\/6650"}],"wp:attachment":[{"href":"https:\/\/grupohoymexico.com\/tlaxcala\/wp-json\/wp\/v2\/media?parent=6649"}],"wp:term":[{"taxonomy":"category","embeddable":true,"href":"https:\/\/grupohoymexico.com\/tlaxcala\/wp-json\/wp\/v2\/categories?post=6649"},{"taxonomy":"post_tag","embeddable":true,"href":"https:\/\/grupohoymexico.com\/tlaxcala\/wp-json\/wp\/v2\/tags?post=6649"}],"curies":[{"name":"wp","href":"https:\/\/api.w.org\/{rel}","templated":true}]}}