{"id":6050,"date":"2026-03-17T15:52:18","date_gmt":"2026-03-17T21:52:18","guid":{"rendered":"https:\/\/grupohoymexico.com\/tlaxcala\/uncategorized\/fgr-investiga-la-narconomina-del-cjng-vinculada-a-el-mencho\/"},"modified":"2026-03-17T15:52:18","modified_gmt":"2026-03-17T21:52:18","slug":"fgr-investiga-la-narconomina-del-cjng-vinculada-a-el-mencho","status":"publish","type":"post","link":"https:\/\/grupohoymexico.com\/tlaxcala\/nacional\/fgr-investiga-la-narconomina-del-cjng-vinculada-a-el-mencho\/","title":{"rendered":"FGR investiga la &#8216;Narcon\u00f3mina del CJNG&#8217; vinculada a El Mencho"},"content":{"rendered":"<p>La Fiscal\u00eda General de la Rep\u00fablica (FGR) investiga la presunta narcon\u00f3mina relacionada con <strong>Nemesio Oseguera &#8220;El Mencho&#8221;<\/strong>, l\u00edder del C\u00e1rtel Jalisco Nueva Generaci\u00f3n (<strong>CJNG<\/strong>). La pesquisa oficial abarc\u00f3 durante <strong>2025<\/strong> la estructura financiera y operativa del grupo delictivo.<\/p>\n\n\n        <div class=\"mexicohoy-box redes\">\n\n            <p>Sigue nuestras cuentas oficiales para mantenerte informado.<\/p>\n\n            <div class=\"mexicohoy-links\">\n\n                <a href=\"https:\/\/www.facebook.com\/MexicoHoyOficial\/\" target=\"_blank\" rel=\"noopener noreferrer\">Facebook<\/a>\n\n                <a href=\"https:\/\/www.instagram.com\/mexicohoyoficial\/\" target=\"_blank\" rel=\"noopener noreferrer\">Instagram<\/a>\n\n     \n            <\/div>\n\n        <\/div>\n<p>La fiscal\u00eda gir\u00f3 orden de aprehensi\u00f3n contra \u201cEl Mencho\u201d el <strong>2 de noviembre de 2025<\/strong> por delitos vinculados con delincuencia organizada, tr\u00e1fico de armas y trata de personas. Esta orden se emiti\u00f3 antes de la muerte del l\u00edder criminal en Tapalpa, Jalisco.<\/p>\n<h2>Hallazgos sobre la narcon\u00f3mina y documentaci\u00f3n financiera de la &#8216;narcon\u00f3mina del CJNG&#8217;<\/h2>\n<p>En febrero pasado, la FGR localiz\u00f3 documentos que registraban ingresos, gastos y pagos a integrantes del CJNG, conocidos como la \u201cnarcon\u00f3mina\u201d, dentro del equipo financiero de la organizaci\u00f3n. Los hallazgos fueron efectuados en las caba\u00f1as donde operaba \u201cEl Mencho\u201d.<\/p>\n<p>A partir de la revisi\u00f3n de estos registros, la autoridad confirm\u00f3 la existencia de una estructura dedicada al pago sistem\u00e1tico de miembros y colaboradores de la organizaci\u00f3n criminal.<\/p>\n<h2>Incidencias en el manejo de evidencia y cuestionamientos<\/h2>\n<p>La Fiscal\u00eda reconoci\u00f3 que no asegur\u00f3 los inmuebles donde se encontraba la narcon\u00f3mina tras el abatimiento del l\u00edder criminal, lo que gener\u00f3 cuestionamientos sobre la planeaci\u00f3n e intervenci\u00f3n en el operativo. Adem\u00e1s, admiti\u00f3 que la escena del refugio de \u201cEl Mencho\u201d estuvo \u201ccontaminada\u201d, afectando el aseguramiento y conservaci\u00f3n de evidencia clave para la investigaci\u00f3n.<\/p>\n<p>En diferentes momentos, la fiscal\u00eda mostr\u00f3 inconsistencias sobre la certeza y alcance de la informaci\u00f3n relacionada con la narcon\u00f3mina. Primero corrobor\u00f3 p\u00fablicamente la autenticidad de los documentos ante medios nacionales; luego relativiz\u00f3 su certeza al afirmar que no se pod\u00eda confirmar plenamente la veracidad de todos los datos contenidos en esos registros.<\/p>\n<h2>Implicaciones y avances en la investigaci\u00f3n de la Narcon\u00f3mina CJNG<\/h2>\n<p>La investigaci\u00f3n identific\u00f3 la existencia de compras de protecci\u00f3n y la posible complicidad de algunos funcionarios, incluidos supuestos agentes de la misma FGR, quienes habr\u00edan facilitado la operaci\u00f3n del CJNG a trav\u00e9s de pagos documentados en la narcon\u00f3mina. Tres operadores financieros del c\u00e1rtel financiaron la compra de armas, la gesti\u00f3n de pagos y la distribuci\u00f3n de recursos para sostener una \u201cguerra\u201d interna y contra grupos rivales.<\/p>\n\n<p>El manejo de la evidencia y la investigaci\u00f3n financiera en torno a la narcon\u00f3mina expuso fallos y posibles actos de corrupci\u00f3n dentro de la Fiscal\u00eda, complicando la labor para desmantelar la red operativa y financiera del CJNG. A pesar de la complejidad del caso, la FGR contin\u00faa con las indagatorias y espera consolidar las pruebas para proceder conforme a derecho.<\/p>\n<p>Este caso se enmarca en los esfuerzos institucionales contra la delincuencia organizada en M\u00e9xico, donde la infiltraci\u00f3n de recursos il\u00edcitos y la corrupci\u00f3n representan desaf\u00edos para las autoridades encargadas de la seguridad y justicia. La narcon\u00f3mina del CJNG revela v\u00ednculos financieros y estructuras sofisticadas dentro del c\u00e1rtel y posibles complicidades externas, sobre las cuales la Fiscal\u00eda mantiene abiertas l\u00edneas de investigaci\u00f3n.<\/p>\n","protected":false},"excerpt":{"rendered":"La Fiscal\u00eda General de la Rep\u00fablica (FGR) investiga la presunta narcon\u00f3mina relacionada con Nemesio Oseguera &#8220;El Mencho&#8221;, l\u00edder&hellip;","protected":false},"author":34,"featured_media":6051,"comment_status":"open","ping_status":"open","sticky":false,"template":"","format":"standard","meta":{"csco_display_header_overlay":false,"csco_singular_sidebar":"","csco_page_header_type":"","csco_page_load_nextpost":"","csco_post_video_location":[],"csco_post_video_location_hash":"","csco_post_video_url":"","csco_post_video_bg_start_time":0,"csco_post_video_bg_end_time":0,"footnotes":""},"categories":[175],"tags":[2541,291,2704],"class_list":{"0":"post-6050","1":"post","2":"type-post","3":"status-publish","4":"format-standard","5":"has-post-thumbnail","7":"category-nacional","8":"tag-el-mencho","9":"tag-fgr","10":"tag-narconomina-del-cjng","11":"cs-entry","12":"cs-video-wrap"},"yoast_head":"<!-- This site is optimized with the Yoast SEO Premium plugin v24.7 (Yoast SEO v27.4) - https:\/\/yoast.com\/product\/yoast-seo-premium-wordpress\/ -->\n<title>FGR investiga narcon\u00f3mina del CJNG vinculada a El Mencho<\/title>\n<meta name=\"description\" content=\"La Fiscal\u00eda investig\u00f3 la narcon\u00f3mina CJNG vinculada a Nemesio &quot;El Mencho&quot;, revelando pagos, corrupci\u00f3n y fallos en la cadena de custodia de evidencia.\" \/>\n<meta name=\"robots\" content=\"index, follow, max-snippet:-1, max-image-preview:large, max-video-preview:-1\" \/>\n<link rel=\"canonical\" href=\"https:\/\/grupohoymexico.com\/tlaxcala\/nacional\/fgr-investiga-la-narconomina-del-cjng-vinculada-a-el-mencho\/\" \/>\n<meta property=\"og:locale\" content=\"es_MX\" \/>\n<meta property=\"og:type\" content=\"article\" \/>\n<meta property=\"og:title\" content=\"FGR investiga la &#039;Narcon\u00f3mina del CJNG&#039; vinculada a El Mencho\" \/>\n<meta property=\"og:description\" content=\"La Fiscal\u00eda investig\u00f3 la narcon\u00f3mina CJNG vinculada a Nemesio &quot;El Mencho&quot;, revelando pagos, corrupci\u00f3n y fallos en la cadena de custodia de evidencia.\" \/>\n<meta property=\"og:url\" content=\"https:\/\/grupohoymexico.com\/tlaxcala\/nacional\/fgr-investiga-la-narconomina-del-cjng-vinculada-a-el-mencho\/\" \/>\n<meta property=\"og:site_name\" content=\"Tlaxcala Hoy\" \/>\n<meta property=\"article:published_time\" content=\"2026-03-17T21:52:18+00:00\" \/>\n<meta property=\"og:image\" content=\"https:\/\/grupohoymexico.com\/tlaxcala\/wp-content\/uploads\/sites\/4\/2026\/03\/narconomina_del_cjng_fgr.jpg\" \/>\n\t<meta property=\"og:image:width\" content=\"1280\" \/>\n\t<meta property=\"og:image:height\" content=\"740\" \/>\n\t<meta property=\"og:image:type\" content=\"image\/jpeg\" \/>\n<meta name=\"author\" content=\"Redacci\u00f3n Grupo Hoy\" \/>\n<meta name=\"twitter:card\" content=\"summary_large_image\" \/>\n<meta name=\"twitter:label1\" content=\"Escrito por\" \/>\n\t<meta name=\"twitter:data1\" content=\"Redacci\u00f3n Grupo Hoy\" \/>\n\t<meta name=\"twitter:label2\" content=\"Tiempo de lectura\" \/>\n\t<meta name=\"twitter:data2\" content=\"3 minutos\" \/>\n<script type=\"application\/ld+json\" class=\"yoast-schema-graph\">{\"@context\":\"https:\\\/\\\/schema.org\",\"@graph\":[{\"@type\":\"Article\",\"@id\":\"https:\\\/\\\/grupohoymexico.com\\\/tlaxcala\\\/nacional\\\/fgr-investiga-la-narconomina-del-cjng-vinculada-a-el-mencho\\\/#article\",\"isPartOf\":{\"@id\":\"https:\\\/\\\/grupohoymexico.com\\\/tlaxcala\\\/nacional\\\/fgr-investiga-la-narconomina-del-cjng-vinculada-a-el-mencho\\\/\"},\"author\":{\"name\":\"Redacci\u00f3n Grupo Hoy\",\"@id\":\"https:\\\/\\\/grupohoymexico.com\\\/tlaxcala\\\/#\\\/schema\\\/person\\\/bc870cc34e948548ddb62cf78ef8474b\"},\"headline\":\"FGR investiga la &#8216;Narcon\u00f3mina del CJNG&#8217; vinculada a El Mencho\",\"datePublished\":\"2026-03-17T21:52:18+00:00\",\"mainEntityOfPage\":{\"@id\":\"https:\\\/\\\/grupohoymexico.com\\\/tlaxcala\\\/nacional\\\/fgr-investiga-la-narconomina-del-cjng-vinculada-a-el-mencho\\\/\"},\"wordCount\":541,\"commentCount\":0,\"image\":{\"@id\":\"https:\\\/\\\/grupohoymexico.com\\\/tlaxcala\\\/nacional\\\/fgr-investiga-la-narconomina-del-cjng-vinculada-a-el-mencho\\\/#primaryimage\"},\"thumbnailUrl\":\"https:\\\/\\\/grupohoymexico.com\\\/tlaxcala\\\/wp-content\\\/uploads\\\/sites\\\/4\\\/2026\\\/03\\\/narconomina_del_cjng_fgr.jpg\",\"keywords\":[\"El Mencho\",\"FGR\",\"Narcon\u00f3mina del CJNG\"],\"articleSection\":[\"Nacional\"],\"inLanguage\":\"es\",\"potentialAction\":[{\"@type\":\"CommentAction\",\"name\":\"Comment\",\"target\":[\"https:\\\/\\\/grupohoymexico.com\\\/tlaxcala\\\/nacional\\\/fgr-investiga-la-narconomina-del-cjng-vinculada-a-el-mencho\\\/#respond\"]}]},{\"@type\":\"WebPage\",\"@id\":\"https:\\\/\\\/grupohoymexico.com\\\/tlaxcala\\\/nacional\\\/fgr-investiga-la-narconomina-del-cjng-vinculada-a-el-mencho\\\/\",\"url\":\"https:\\\/\\\/grupohoymexico.com\\\/tlaxcala\\\/nacional\\\/fgr-investiga-la-narconomina-del-cjng-vinculada-a-el-mencho\\\/\",\"name\":\"FGR investiga narcon\u00f3mina del CJNG vinculada a El Mencho\",\"isPartOf\":{\"@id\":\"https:\\\/\\\/grupohoymexico.com\\\/tlaxcala\\\/#website\"},\"primaryImageOfPage\":{\"@id\":\"https:\\\/\\\/grupohoymexico.com\\\/tlaxcala\\\/nacional\\\/fgr-investiga-la-narconomina-del-cjng-vinculada-a-el-mencho\\\/#primaryimage\"},\"image\":{\"@id\":\"https:\\\/\\\/grupohoymexico.com\\\/tlaxcala\\\/nacional\\\/fgr-investiga-la-narconomina-del-cjng-vinculada-a-el-mencho\\\/#primaryimage\"},\"thumbnailUrl\":\"https:\\\/\\\/grupohoymexico.com\\\/tlaxcala\\\/wp-content\\\/uploads\\\/sites\\\/4\\\/2026\\\/03\\\/narconomina_del_cjng_fgr.jpg\",\"datePublished\":\"2026-03-17T21:52:18+00:00\",\"author\":{\"@id\":\"https:\\\/\\\/grupohoymexico.com\\\/tlaxcala\\\/#\\\/schema\\\/person\\\/bc870cc34e948548ddb62cf78ef8474b\"},\"description\":\"La Fiscal\u00eda investig\u00f3 la narcon\u00f3mina CJNG vinculada a Nemesio \\\"El Mencho\\\", revelando pagos, corrupci\u00f3n y fallos en la cadena de custodia de evidencia.\",\"breadcrumb\":{\"@id\":\"https:\\\/\\\/grupohoymexico.com\\\/tlaxcala\\\/nacional\\\/fgr-investiga-la-narconomina-del-cjng-vinculada-a-el-mencho\\\/#breadcrumb\"},\"inLanguage\":\"es\",\"potentialAction\":[{\"@type\":\"ReadAction\",\"target\":[\"https:\\\/\\\/grupohoymexico.com\\\/tlaxcala\\\/nacional\\\/fgr-investiga-la-narconomina-del-cjng-vinculada-a-el-mencho\\\/\"]}]},{\"@type\":\"ImageObject\",\"inLanguage\":\"es\",\"@id\":\"https:\\\/\\\/grupohoymexico.com\\\/tlaxcala\\\/nacional\\\/fgr-investiga-la-narconomina-del-cjng-vinculada-a-el-mencho\\\/#primaryimage\",\"url\":\"https:\\\/\\\/grupohoymexico.com\\\/tlaxcala\\\/wp-content\\\/uploads\\\/sites\\\/4\\\/2026\\\/03\\\/narconomina_del_cjng_fgr.jpg\",\"contentUrl\":\"https:\\\/\\\/grupohoymexico.com\\\/tlaxcala\\\/wp-content\\\/uploads\\\/sites\\\/4\\\/2026\\\/03\\\/narconomina_del_cjng_fgr.jpg\",\"width\":1280,\"height\":740,\"caption\":\"Foto: Freepik\"},{\"@type\":\"BreadcrumbList\",\"@id\":\"https:\\\/\\\/grupohoymexico.com\\\/tlaxcala\\\/nacional\\\/fgr-investiga-la-narconomina-del-cjng-vinculada-a-el-mencho\\\/#breadcrumb\",\"itemListElement\":[{\"@type\":\"ListItem\",\"position\":1,\"name\":\"Inicio\",\"item\":\"https:\\\/\\\/grupohoymexico.com\\\/tlaxcala\\\/\"},{\"@type\":\"ListItem\",\"position\":2,\"name\":\"FGR investiga la &#8216;Narcon\u00f3mina del CJNG&#8217; vinculada a El Mencho\"}]},{\"@type\":\"WebSite\",\"@id\":\"https:\\\/\\\/grupohoymexico.com\\\/tlaxcala\\\/#website\",\"url\":\"https:\\\/\\\/grupohoymexico.com\\\/tlaxcala\\\/\",\"name\":\"Tlaxcala Hoy\",\"description\":\"El alma de la naci\u00f3n\",\"potentialAction\":[{\"@type\":\"SearchAction\",\"target\":{\"@type\":\"EntryPoint\",\"urlTemplate\":\"https:\\\/\\\/grupohoymexico.com\\\/tlaxcala\\\/?s={search_term_string}\"},\"query-input\":{\"@type\":\"PropertyValueSpecification\",\"valueRequired\":true,\"valueName\":\"search_term_string\"}}],\"inLanguage\":\"es\"},{\"@type\":\"Person\",\"@id\":\"https:\\\/\\\/grupohoymexico.com\\\/tlaxcala\\\/#\\\/schema\\\/person\\\/bc870cc34e948548ddb62cf78ef8474b\",\"name\":\"Redacci\u00f3n Grupo Hoy\",\"image\":{\"@type\":\"ImageObject\",\"inLanguage\":\"es\",\"@id\":\"https:\\\/\\\/secure.gravatar.com\\\/avatar\\\/e8a44ae8f1b7592837f8c496178e70e065758a27945df208805f8cf6fdd56893?s=96&d=mm&r=g\",\"url\":\"https:\\\/\\\/secure.gravatar.com\\\/avatar\\\/e8a44ae8f1b7592837f8c496178e70e065758a27945df208805f8cf6fdd56893?s=96&d=mm&r=g\",\"contentUrl\":\"https:\\\/\\\/secure.gravatar.com\\\/avatar\\\/e8a44ae8f1b7592837f8c496178e70e065758a27945df208805f8cf6fdd56893?s=96&d=mm&r=g\",\"caption\":\"Redacci\u00f3n Grupo Hoy\"},\"url\":\"https:\\\/\\\/grupohoymexico.com\\\/tlaxcala\\\/author\\\/redaccion\\\/\"}]}<\/script>\n<!-- \/ Yoast SEO Premium plugin. -->","yoast_head_json":{"title":"FGR investiga narcon\u00f3mina del CJNG vinculada a El Mencho","description":"La Fiscal\u00eda investig\u00f3 la narcon\u00f3mina CJNG vinculada a Nemesio \"El Mencho\", revelando pagos, corrupci\u00f3n y fallos en la cadena de custodia de evidencia.","robots":{"index":"index","follow":"follow","max-snippet":"max-snippet:-1","max-image-preview":"max-image-preview:large","max-video-preview":"max-video-preview:-1"},"canonical":"https:\/\/grupohoymexico.com\/tlaxcala\/nacional\/fgr-investiga-la-narconomina-del-cjng-vinculada-a-el-mencho\/","og_locale":"es_MX","og_type":"article","og_title":"FGR investiga la 'Narcon\u00f3mina del CJNG' vinculada a El Mencho","og_description":"La Fiscal\u00eda investig\u00f3 la narcon\u00f3mina CJNG vinculada a Nemesio \"El Mencho\", revelando pagos, corrupci\u00f3n y fallos en la cadena de custodia de evidencia.","og_url":"https:\/\/grupohoymexico.com\/tlaxcala\/nacional\/fgr-investiga-la-narconomina-del-cjng-vinculada-a-el-mencho\/","og_site_name":"Tlaxcala Hoy","article_published_time":"2026-03-17T21:52:18+00:00","og_image":[{"width":1280,"height":740,"url":"https:\/\/grupohoymexico.com\/tlaxcala\/wp-content\/uploads\/sites\/4\/2026\/03\/narconomina_del_cjng_fgr.jpg","type":"image\/jpeg"}],"author":"Redacci\u00f3n Grupo Hoy","twitter_card":"summary_large_image","twitter_misc":{"Escrito por":"Redacci\u00f3n Grupo Hoy","Tiempo de lectura":"3 minutos"},"schema":{"@context":"https:\/\/schema.org","@graph":[{"@type":"Article","@id":"https:\/\/grupohoymexico.com\/tlaxcala\/nacional\/fgr-investiga-la-narconomina-del-cjng-vinculada-a-el-mencho\/#article","isPartOf":{"@id":"https:\/\/grupohoymexico.com\/tlaxcala\/nacional\/fgr-investiga-la-narconomina-del-cjng-vinculada-a-el-mencho\/"},"author":{"name":"Redacci\u00f3n Grupo Hoy","@id":"https:\/\/grupohoymexico.com\/tlaxcala\/#\/schema\/person\/bc870cc34e948548ddb62cf78ef8474b"},"headline":"FGR investiga la &#8216;Narcon\u00f3mina del CJNG&#8217; vinculada a El Mencho","datePublished":"2026-03-17T21:52:18+00:00","mainEntityOfPage":{"@id":"https:\/\/grupohoymexico.com\/tlaxcala\/nacional\/fgr-investiga-la-narconomina-del-cjng-vinculada-a-el-mencho\/"},"wordCount":541,"commentCount":0,"image":{"@id":"https:\/\/grupohoymexico.com\/tlaxcala\/nacional\/fgr-investiga-la-narconomina-del-cjng-vinculada-a-el-mencho\/#primaryimage"},"thumbnailUrl":"https:\/\/grupohoymexico.com\/tlaxcala\/wp-content\/uploads\/sites\/4\/2026\/03\/narconomina_del_cjng_fgr.jpg","keywords":["El Mencho","FGR","Narcon\u00f3mina del CJNG"],"articleSection":["Nacional"],"inLanguage":"es","potentialAction":[{"@type":"CommentAction","name":"Comment","target":["https:\/\/grupohoymexico.com\/tlaxcala\/nacional\/fgr-investiga-la-narconomina-del-cjng-vinculada-a-el-mencho\/#respond"]}]},{"@type":"WebPage","@id":"https:\/\/grupohoymexico.com\/tlaxcala\/nacional\/fgr-investiga-la-narconomina-del-cjng-vinculada-a-el-mencho\/","url":"https:\/\/grupohoymexico.com\/tlaxcala\/nacional\/fgr-investiga-la-narconomina-del-cjng-vinculada-a-el-mencho\/","name":"FGR investiga narcon\u00f3mina del CJNG vinculada a El Mencho","isPartOf":{"@id":"https:\/\/grupohoymexico.com\/tlaxcala\/#website"},"primaryImageOfPage":{"@id":"https:\/\/grupohoymexico.com\/tlaxcala\/nacional\/fgr-investiga-la-narconomina-del-cjng-vinculada-a-el-mencho\/#primaryimage"},"image":{"@id":"https:\/\/grupohoymexico.com\/tlaxcala\/nacional\/fgr-investiga-la-narconomina-del-cjng-vinculada-a-el-mencho\/#primaryimage"},"thumbnailUrl":"https:\/\/grupohoymexico.com\/tlaxcala\/wp-content\/uploads\/sites\/4\/2026\/03\/narconomina_del_cjng_fgr.jpg","datePublished":"2026-03-17T21:52:18+00:00","author":{"@id":"https:\/\/grupohoymexico.com\/tlaxcala\/#\/schema\/person\/bc870cc34e948548ddb62cf78ef8474b"},"description":"La Fiscal\u00eda investig\u00f3 la narcon\u00f3mina CJNG vinculada a Nemesio \"El Mencho\", revelando pagos, corrupci\u00f3n y fallos en la cadena de custodia de evidencia.","breadcrumb":{"@id":"https:\/\/grupohoymexico.com\/tlaxcala\/nacional\/fgr-investiga-la-narconomina-del-cjng-vinculada-a-el-mencho\/#breadcrumb"},"inLanguage":"es","potentialAction":[{"@type":"ReadAction","target":["https:\/\/grupohoymexico.com\/tlaxcala\/nacional\/fgr-investiga-la-narconomina-del-cjng-vinculada-a-el-mencho\/"]}]},{"@type":"ImageObject","inLanguage":"es","@id":"https:\/\/grupohoymexico.com\/tlaxcala\/nacional\/fgr-investiga-la-narconomina-del-cjng-vinculada-a-el-mencho\/#primaryimage","url":"https:\/\/grupohoymexico.com\/tlaxcala\/wp-content\/uploads\/sites\/4\/2026\/03\/narconomina_del_cjng_fgr.jpg","contentUrl":"https:\/\/grupohoymexico.com\/tlaxcala\/wp-content\/uploads\/sites\/4\/2026\/03\/narconomina_del_cjng_fgr.jpg","width":1280,"height":740,"caption":"Foto: Freepik"},{"@type":"BreadcrumbList","@id":"https:\/\/grupohoymexico.com\/tlaxcala\/nacional\/fgr-investiga-la-narconomina-del-cjng-vinculada-a-el-mencho\/#breadcrumb","itemListElement":[{"@type":"ListItem","position":1,"name":"Inicio","item":"https:\/\/grupohoymexico.com\/tlaxcala\/"},{"@type":"ListItem","position":2,"name":"FGR investiga la &#8216;Narcon\u00f3mina del CJNG&#8217; vinculada a El Mencho"}]},{"@type":"WebSite","@id":"https:\/\/grupohoymexico.com\/tlaxcala\/#website","url":"https:\/\/grupohoymexico.com\/tlaxcala\/","name":"Tlaxcala Hoy","description":"El alma de la naci\u00f3n","potentialAction":[{"@type":"SearchAction","target":{"@type":"EntryPoint","urlTemplate":"https:\/\/grupohoymexico.com\/tlaxcala\/?s={search_term_string}"},"query-input":{"@type":"PropertyValueSpecification","valueRequired":true,"valueName":"search_term_string"}}],"inLanguage":"es"},{"@type":"Person","@id":"https:\/\/grupohoymexico.com\/tlaxcala\/#\/schema\/person\/bc870cc34e948548ddb62cf78ef8474b","name":"Redacci\u00f3n Grupo Hoy","image":{"@type":"ImageObject","inLanguage":"es","@id":"https:\/\/secure.gravatar.com\/avatar\/e8a44ae8f1b7592837f8c496178e70e065758a27945df208805f8cf6fdd56893?s=96&d=mm&r=g","url":"https:\/\/secure.gravatar.com\/avatar\/e8a44ae8f1b7592837f8c496178e70e065758a27945df208805f8cf6fdd56893?s=96&d=mm&r=g","contentUrl":"https:\/\/secure.gravatar.com\/avatar\/e8a44ae8f1b7592837f8c496178e70e065758a27945df208805f8cf6fdd56893?s=96&d=mm&r=g","caption":"Redacci\u00f3n Grupo Hoy"},"url":"https:\/\/grupohoymexico.com\/tlaxcala\/author\/redaccion\/"}]}},"_links":{"self":[{"href":"https:\/\/grupohoymexico.com\/tlaxcala\/wp-json\/wp\/v2\/posts\/6050","targetHints":{"allow":["GET"]}}],"collection":[{"href":"https:\/\/grupohoymexico.com\/tlaxcala\/wp-json\/wp\/v2\/posts"}],"about":[{"href":"https:\/\/grupohoymexico.com\/tlaxcala\/wp-json\/wp\/v2\/types\/post"}],"author":[{"embeddable":true,"href":"https:\/\/grupohoymexico.com\/tlaxcala\/wp-json\/wp\/v2\/users\/34"}],"replies":[{"embeddable":true,"href":"https:\/\/grupohoymexico.com\/tlaxcala\/wp-json\/wp\/v2\/comments?post=6050"}],"version-history":[{"count":0,"href":"https:\/\/grupohoymexico.com\/tlaxcala\/wp-json\/wp\/v2\/posts\/6050\/revisions"}],"wp:featuredmedia":[{"embeddable":true,"href":"https:\/\/grupohoymexico.com\/tlaxcala\/wp-json\/wp\/v2\/media\/6051"}],"wp:attachment":[{"href":"https:\/\/grupohoymexico.com\/tlaxcala\/wp-json\/wp\/v2\/media?parent=6050"}],"wp:term":[{"taxonomy":"category","embeddable":true,"href":"https:\/\/grupohoymexico.com\/tlaxcala\/wp-json\/wp\/v2\/categories?post=6050"},{"taxonomy":"post_tag","embeddable":true,"href":"https:\/\/grupohoymexico.com\/tlaxcala\/wp-json\/wp\/v2\/tags?post=6050"}],"curies":[{"name":"wp","href":"https:\/\/api.w.org\/{rel}","templated":true}]}}