{"id":5975,"date":"2026-03-13T12:00:53","date_gmt":"2026-03-13T18:00:53","guid":{"rendered":"https:\/\/grupohoymexico.com\/tlaxcala\/?p=5975"},"modified":"2026-03-13T12:00:53","modified_gmt":"2026-03-13T18:00:53","slug":"tlaxcala-fue-sede-del-seminario-probem-mexico-estados-unidos-2026","status":"publish","type":"post","link":"https:\/\/grupohoymexico.com\/tlaxcala\/estatal\/tlaxcala-fue-sede-del-seminario-probem-mexico-estados-unidos-2026\/","title":{"rendered":"Tlaxcala fue sede del Seminario PROBEM M\u00e9xico-Estados Unidos 2026"},"content":{"rendered":"<p data-start=\"96\" data-end=\"362\">El estado de <span class=\"hover:entity-accent entity-underline inline cursor-pointer align-baseline\"><span class=\"whitespace-normal\">Tlaxcala<\/span><\/span> fue sede del <strong data-start=\"161\" data-end=\"266\">Seminario de Capacitaci\u00f3n del Programa de Intercambio de Maestros M\u00e9xico-Estados Unidos (PROBEM) 2026<\/strong>, un encuentro acad\u00e9mico que reuni\u00f3 a <strong data-start=\"305\" data-end=\"359\">m\u00e1s de 130 docentes de diferentes estados del pa\u00eds<\/strong>.<\/p>\n<p data-start=\"364\" data-end=\"609\">El evento se llev\u00f3 a cabo <strong data-start=\"392\" data-end=\"425\">del 11 al 14 de marzo de 2026<\/strong> en el <span class=\"hover:entity-accent entity-underline inline cursor-pointer align-baseline\"><span class=\"whitespace-normal\">Centro Vacacional La Trinidad<\/span><\/span> y cont\u00f3 con la participaci\u00f3n de <strong data-start=\"504\" data-end=\"608\">coordinadores estatales del programa, autoridades educativas y especialistas en educaci\u00f3n binacional<\/strong>.<\/p>\n<p data-start=\"611\" data-end=\"875\">El seminario form\u00f3 parte de las acciones para <strong data-start=\"657\" data-end=\"782\">fortalecer la preparaci\u00f3n de maestros mexicanos que participar\u00e1n en estancias profesionales en escuelas de Estados Unidos<\/strong>, especialmente en comunidades con alta presencia de estudiantes de origen mexicano o latino.<\/p>\n<h3 data-start=\"611\" data-end=\"875\"><strong>Sigue nuestras cuentas en Facebook e Instagram para mantenerte informado con las noticias m\u00e1s relevantes.<\/strong><\/h3>\n<h2 data-section-id=\"ghd65l\" data-start=\"882\" data-end=\"939\"><strong>\u00bfQu\u00e9 es el PROBEM M\u00e9xico-Estados Unidos y c\u00f3mo funciona?<\/strong><\/h2>\n<p data-start=\"941\" data-end=\"1135\">El <strong data-start=\"944\" data-end=\"994\"><span class=\"hover:entity-accent entity-underline inline cursor-pointer align-baseline\"><span class=\"whitespace-normal\">Programa de Intercambio de Maestros M\u00e9xico\u2011Estados Unidos<\/span><\/span> (PROBEM)<\/strong> es una iniciativa binacional coordinada por la <span class=\"hover:entity-accent entity-underline inline cursor-pointer align-baseline\"><span class=\"whitespace-normal\">Secretar\u00eda de Educaci\u00f3n P\u00fablica<\/span><\/span> (SEP) y la <span class=\"hover:entity-accent entity-underline inline cursor-pointer align-baseline\"><span class=\"whitespace-normal\">Secretar\u00eda de Relaciones Exteriores<\/span><\/span> (SRE).<\/p>\n<p data-start=\"1137\" data-end=\"1326\">Este programa tiene como objetivo <strong data-start=\"1171\" data-end=\"1252\">capacitar y enviar docentes mexicanos a distritos escolares en Estados Unidos<\/strong>, donde realizan <strong data-start=\"1269\" data-end=\"1325\">estancias profesionales de entre tres y ocho semanas<\/strong>.<\/p>\n<p data-start=\"1328\" data-end=\"1363\">Durante este periodo, los maestros:<\/p>\n<ul data-start=\"1365\" data-end=\"1601\">\n<li data-section-id=\"1cmq9cq\" data-start=\"1365\" data-end=\"1419\">\n<p data-start=\"1367\" data-end=\"1419\">Colaboraron con docentes en escuelas estadounidenses.<\/p>\n<\/li>\n<li data-section-id=\"5w3h8v\" data-start=\"1420\" data-end=\"1468\">\n<p data-start=\"1422\" data-end=\"1468\">Apoyaron la ense\u00f1anza en aulas multiculturales.<\/p>\n<\/li>\n<li data-section-id=\"121tdsa\" data-start=\"1469\" data-end=\"1532\">\n<p data-start=\"1471\" data-end=\"1532\">Atendieron a estudiantes de origen mexicano o latinoamericano.<\/p>\n<\/li>\n<li data-section-id=\"a5yc5r\" data-start=\"1533\" data-end=\"1601\">\n<p data-start=\"1535\" data-end=\"1601\">Promovieron el intercambio cultural y educativo entre ambos pa\u00edses.<\/p>\n<\/li>\n<\/ul>\n<p data-start=\"1603\" data-end=\"1740\">El programa busca <strong data-start=\"1621\" data-end=\"1739\">fortalecer la educaci\u00f3n de comunidades migrantes y mejorar la ense\u00f1anza intercultural en contextos internacionales<\/strong>.<\/p>\n<h3 data-start=\"1603\" data-end=\"1740\"><em><strong>Leer m\u00e1s: <a href=\"https:\/\/grupohoymexico.com\/tlaxcala\/estatal\/capturan-a-el-callejas-en-tlaxcala-presunto-lider-de-la-familia-michoacana\/\">Capturan a \u201cEl Callejas\u201d en Tlaxcala, presunto l\u00edder de la Familia Michoacana<\/a><\/strong><\/em><\/h3>\n<h2 data-section-id=\"7cdkw3\" data-start=\"1747\" data-end=\"1821\"><strong>Seminario PROBEM 2026 en Tlaxcala: capacitaci\u00f3n para docentes mexicanos<\/strong><\/h2>\n<p data-start=\"1823\" data-end=\"2058\">El <strong data-start=\"1826\" data-end=\"1876\">Seminario Nacional de Capacitaci\u00f3n PROBEM 2026<\/strong> permiti\u00f3 a los docentes seleccionados <strong data-start=\"1916\" data-end=\"1963\">prepararse antes de viajar a Estados Unidos<\/strong>, mediante talleres acad\u00e9micos, sesiones de formaci\u00f3n pedag\u00f3gica y actividades interculturales.<\/p>\n<p data-start=\"2060\" data-end=\"2123\">Entre los temas que se abordaron durante el seminario destacan:<\/p>\n<ul data-start=\"2125\" data-end=\"2324\">\n<li data-section-id=\"qw9p4e\" data-start=\"2125\" data-end=\"2163\">\n<p data-start=\"2127\" data-end=\"2163\">Educaci\u00f3n intercultural y biling\u00fce.<\/p>\n<\/li>\n<li data-section-id=\"1kxkzav\" data-start=\"2164\" data-end=\"2210\">\n<p data-start=\"2166\" data-end=\"2210\">Atenci\u00f3n educativa a estudiantes migrantes.<\/p>\n<\/li>\n<li data-section-id=\"1yc63k1\" data-start=\"2211\" data-end=\"2269\">\n<p data-start=\"2213\" data-end=\"2269\">Metodolog\u00edas de ense\u00f1anza en contextos internacionales.<\/p>\n<\/li>\n<li data-section-id=\"qjo256\" data-start=\"2270\" data-end=\"2324\">\n<p data-start=\"2272\" data-end=\"2324\">Intercambio cultural entre M\u00e9xico y Estados Unidos.<\/p>\n<\/li>\n<\/ul>\n<p data-start=\"2326\" data-end=\"2513\">Adem\u00e1s, el evento permitir\u00e1 <strong data-start=\"2354\" data-end=\"2438\">compartir experiencias entre maestros participantes y coordinadores del programa<\/strong>, fortaleciendo el trabajo acad\u00e9mico y la cooperaci\u00f3n educativa binacional.<\/p>\n<h2 data-section-id=\"1t5np33\" data-start=\"3293\" data-end=\"3354\"><strong>Educaci\u00f3n y migraci\u00f3n: el objetivo del intercambio docente<\/strong><\/h2>\n<p data-start=\"3356\" data-end=\"3596\">El <strong data-start=\"3359\" data-end=\"3378\">Programa PROBEM<\/strong> forma parte de una estrategia educativa orientada a <strong data-start=\"3431\" data-end=\"3478\">atender a la poblaci\u00f3n estudiantil migrante<\/strong>, especialmente a ni\u00f1os y j\u00f3venes que viven en comunidades con alta presencia de familias mexicanas en Estados Unidos.<\/p>\n<p data-start=\"3598\" data-end=\"3799\">La capacitaci\u00f3n docente en <strong data-start=\"3625\" data-end=\"3685\">competencias interculturales, ling\u00fc\u00edsticas y pedag\u00f3gicas<\/strong> permite mejorar la atenci\u00f3n educativa en entornos transfronterizos, donde convergen distintas culturas e idiomas.<\/p>\n<p data-start=\"3801\" data-end=\"3974\">Este tipo de iniciativas tambi\u00e9n <strong data-start=\"3834\" data-end=\"3902\">fortalece la cooperaci\u00f3n acad\u00e9mica entre M\u00e9xico y Estados Unidos<\/strong>, promoviendo el intercambio de conocimientos y experiencias educativas.<\/p>\n<p data-start=\"4043\" data-end=\"4276\">La realizaci\u00f3n del <strong data-start=\"4062\" data-end=\"4128\">Seminario PROBEM 2026 en <span class=\"hover:entity-accent entity-underline inline cursor-pointer align-baseline\"><span class=\"whitespace-normal\">Tlaxcala<\/span><\/span><\/strong> representa un espacio importante para <strong data-start=\"4167\" data-end=\"4275\">consolidar la preparaci\u00f3n de docentes mexicanos que participar\u00e1n en programas educativos internacionales<\/strong>.<\/p>\n<h2 data-start=\"4043\" data-end=\"4276\"><strong>\u00danete a nuestro canal de WhatsApp<\/strong><\/h2>\n","protected":false},"excerpt":{"rendered":"El estado de Tlaxcala fue sede del Seminario de Capacitaci\u00f3n del Programa de Intercambio de Maestros M\u00e9xico-Estados Unidos&hellip;","protected":false},"author":34,"featured_media":5983,"comment_status":"open","ping_status":"open","sticky":false,"template":"","format":"standard","meta":{"csco_display_header_overlay":false,"csco_singular_sidebar":"","csco_page_header_type":"","csco_page_load_nextpost":"","csco_post_video_location":[],"csco_post_video_location_hash":"","csco_post_video_url":"","csco_post_video_bg_start_time":0,"csco_post_video_bg_end_time":0,"footnotes":""},"categories":[172],"tags":[],"class_list":{"0":"post-5975","1":"post","2":"type-post","3":"status-publish","4":"format-standard","5":"has-post-thumbnail","7":"category-estatal","8":"cs-entry","9":"cs-video-wrap"},"yoast_head":"<!-- This site is optimized with the Yoast SEO Premium plugin v24.7 (Yoast SEO v27.4) - https:\/\/yoast.com\/product\/yoast-seo-premium-wordpress\/ -->\n<title>Seminario de capacitaci\u00f3n PROBEM ser\u00e1 en Tlaxcala en marzo 2026<\/title>\n<meta name=\"description\" content=\"Tlaxcala ser\u00e1 sede del Seminario Capacitaci\u00f3n PROBEM 2026, que reunir\u00e1 a docentes para formaci\u00f3n en el intercambio M\u00e9xico-Estados Unidos.\" \/>\n<meta name=\"robots\" content=\"index, follow, max-snippet:-1, max-image-preview:large, max-video-preview:-1\" \/>\n<link rel=\"canonical\" href=\"https:\/\/grupohoymexico.com\/tlaxcala\/estatal\/tlaxcala-fue-sede-del-seminario-probem-mexico-estados-unidos-2026\/\" \/>\n<meta property=\"og:locale\" content=\"es_MX\" \/>\n<meta property=\"og:type\" content=\"article\" \/>\n<meta property=\"og:title\" content=\"Tlaxcala fue sede del Seminario PROBEM M\u00e9xico-Estados Unidos 2026\" \/>\n<meta property=\"og:description\" content=\"Tlaxcala ser\u00e1 sede del Seminario Capacitaci\u00f3n PROBEM 2026, que reunir\u00e1 a docentes para formaci\u00f3n en el intercambio M\u00e9xico-Estados Unidos.\" \/>\n<meta property=\"og:url\" content=\"https:\/\/grupohoymexico.com\/tlaxcala\/estatal\/tlaxcala-fue-sede-del-seminario-probem-mexico-estados-unidos-2026\/\" \/>\n<meta property=\"og:site_name\" content=\"Tlaxcala Hoy\" \/>\n<meta property=\"article:published_time\" content=\"2026-03-13T18:00:53+00:00\" \/>\n<meta property=\"og:image\" content=\"https:\/\/grupohoymexico.com\/tlaxcala\/wp-content\/uploads\/sites\/4\/2026\/03\/Seminario-Capacitacion-PROBEM.jpg\" \/>\n\t<meta property=\"og:image:width\" content=\"1200\" \/>\n\t<meta property=\"og:image:height\" content=\"638\" \/>\n\t<meta property=\"og:image:type\" content=\"image\/jpeg\" \/>\n<meta name=\"author\" content=\"Redacci\u00f3n Grupo Hoy\" \/>\n<meta name=\"twitter:card\" content=\"summary_large_image\" \/>\n<meta name=\"twitter:label1\" content=\"Escrito por\" \/>\n\t<meta name=\"twitter:data1\" content=\"Redacci\u00f3n Grupo Hoy\" \/>\n\t<meta name=\"twitter:label2\" content=\"Tiempo de lectura\" \/>\n\t<meta name=\"twitter:data2\" content=\"3 minutos\" \/>\n<script type=\"application\/ld+json\" class=\"yoast-schema-graph\">{\"@context\":\"https:\\\/\\\/schema.org\",\"@graph\":[{\"@type\":\"Article\",\"@id\":\"https:\\\/\\\/grupohoymexico.com\\\/tlaxcala\\\/estatal\\\/tlaxcala-fue-sede-del-seminario-probem-mexico-estados-unidos-2026\\\/#article\",\"isPartOf\":{\"@id\":\"https:\\\/\\\/grupohoymexico.com\\\/tlaxcala\\\/estatal\\\/tlaxcala-fue-sede-del-seminario-probem-mexico-estados-unidos-2026\\\/\"},\"author\":{\"name\":\"Redacci\u00f3n Grupo Hoy\",\"@id\":\"https:\\\/\\\/grupohoymexico.com\\\/tlaxcala\\\/#\\\/schema\\\/person\\\/bc870cc34e948548ddb62cf78ef8474b\"},\"headline\":\"Tlaxcala fue sede del Seminario PROBEM M\u00e9xico-Estados Unidos 2026\",\"datePublished\":\"2026-03-13T18:00:53+00:00\",\"mainEntityOfPage\":{\"@id\":\"https:\\\/\\\/grupohoymexico.com\\\/tlaxcala\\\/estatal\\\/tlaxcala-fue-sede-del-seminario-probem-mexico-estados-unidos-2026\\\/\"},\"wordCount\":518,\"commentCount\":0,\"image\":{\"@id\":\"https:\\\/\\\/grupohoymexico.com\\\/tlaxcala\\\/estatal\\\/tlaxcala-fue-sede-del-seminario-probem-mexico-estados-unidos-2026\\\/#primaryimage\"},\"thumbnailUrl\":\"https:\\\/\\\/grupohoymexico.com\\\/tlaxcala\\\/wp-content\\\/uploads\\\/sites\\\/4\\\/2026\\\/03\\\/Seminario-Capacitacion-PROBEM.jpg\",\"articleSection\":[\"Estatal\"],\"inLanguage\":\"es\",\"potentialAction\":[{\"@type\":\"CommentAction\",\"name\":\"Comment\",\"target\":[\"https:\\\/\\\/grupohoymexico.com\\\/tlaxcala\\\/estatal\\\/tlaxcala-fue-sede-del-seminario-probem-mexico-estados-unidos-2026\\\/#respond\"]}]},{\"@type\":\"WebPage\",\"@id\":\"https:\\\/\\\/grupohoymexico.com\\\/tlaxcala\\\/estatal\\\/tlaxcala-fue-sede-del-seminario-probem-mexico-estados-unidos-2026\\\/\",\"url\":\"https:\\\/\\\/grupohoymexico.com\\\/tlaxcala\\\/estatal\\\/tlaxcala-fue-sede-del-seminario-probem-mexico-estados-unidos-2026\\\/\",\"name\":\"Seminario de capacitaci\u00f3n PROBEM ser\u00e1 en Tlaxcala en marzo 2026\",\"isPartOf\":{\"@id\":\"https:\\\/\\\/grupohoymexico.com\\\/tlaxcala\\\/#website\"},\"primaryImageOfPage\":{\"@id\":\"https:\\\/\\\/grupohoymexico.com\\\/tlaxcala\\\/estatal\\\/tlaxcala-fue-sede-del-seminario-probem-mexico-estados-unidos-2026\\\/#primaryimage\"},\"image\":{\"@id\":\"https:\\\/\\\/grupohoymexico.com\\\/tlaxcala\\\/estatal\\\/tlaxcala-fue-sede-del-seminario-probem-mexico-estados-unidos-2026\\\/#primaryimage\"},\"thumbnailUrl\":\"https:\\\/\\\/grupohoymexico.com\\\/tlaxcala\\\/wp-content\\\/uploads\\\/sites\\\/4\\\/2026\\\/03\\\/Seminario-Capacitacion-PROBEM.jpg\",\"datePublished\":\"2026-03-13T18:00:53+00:00\",\"author\":{\"@id\":\"https:\\\/\\\/grupohoymexico.com\\\/tlaxcala\\\/#\\\/schema\\\/person\\\/bc870cc34e948548ddb62cf78ef8474b\"},\"description\":\"Tlaxcala ser\u00e1 sede del Seminario Capacitaci\u00f3n PROBEM 2026, que reunir\u00e1 a docentes para formaci\u00f3n en el intercambio M\u00e9xico-Estados Unidos.\",\"breadcrumb\":{\"@id\":\"https:\\\/\\\/grupohoymexico.com\\\/tlaxcala\\\/estatal\\\/tlaxcala-fue-sede-del-seminario-probem-mexico-estados-unidos-2026\\\/#breadcrumb\"},\"inLanguage\":\"es\",\"potentialAction\":[{\"@type\":\"ReadAction\",\"target\":[\"https:\\\/\\\/grupohoymexico.com\\\/tlaxcala\\\/estatal\\\/tlaxcala-fue-sede-del-seminario-probem-mexico-estados-unidos-2026\\\/\"]}]},{\"@type\":\"ImageObject\",\"inLanguage\":\"es\",\"@id\":\"https:\\\/\\\/grupohoymexico.com\\\/tlaxcala\\\/estatal\\\/tlaxcala-fue-sede-del-seminario-probem-mexico-estados-unidos-2026\\\/#primaryimage\",\"url\":\"https:\\\/\\\/grupohoymexico.com\\\/tlaxcala\\\/wp-content\\\/uploads\\\/sites\\\/4\\\/2026\\\/03\\\/Seminario-Capacitacion-PROBEM.jpg\",\"contentUrl\":\"https:\\\/\\\/grupohoymexico.com\\\/tlaxcala\\\/wp-content\\\/uploads\\\/sites\\\/4\\\/2026\\\/03\\\/Seminario-Capacitacion-PROBEM.jpg\",\"width\":1200,\"height\":638,\"caption\":\"Foto: PROBEM\"},{\"@type\":\"BreadcrumbList\",\"@id\":\"https:\\\/\\\/grupohoymexico.com\\\/tlaxcala\\\/estatal\\\/tlaxcala-fue-sede-del-seminario-probem-mexico-estados-unidos-2026\\\/#breadcrumb\",\"itemListElement\":[{\"@type\":\"ListItem\",\"position\":1,\"name\":\"Inicio\",\"item\":\"https:\\\/\\\/grupohoymexico.com\\\/tlaxcala\\\/\"},{\"@type\":\"ListItem\",\"position\":2,\"name\":\"Tlaxcala fue sede del Seminario PROBEM M\u00e9xico-Estados Unidos 2026\"}]},{\"@type\":\"WebSite\",\"@id\":\"https:\\\/\\\/grupohoymexico.com\\\/tlaxcala\\\/#website\",\"url\":\"https:\\\/\\\/grupohoymexico.com\\\/tlaxcala\\\/\",\"name\":\"Tlaxcala Hoy\",\"description\":\"El alma de la naci\u00f3n\",\"potentialAction\":[{\"@type\":\"SearchAction\",\"target\":{\"@type\":\"EntryPoint\",\"urlTemplate\":\"https:\\\/\\\/grupohoymexico.com\\\/tlaxcala\\\/?s={search_term_string}\"},\"query-input\":{\"@type\":\"PropertyValueSpecification\",\"valueRequired\":true,\"valueName\":\"search_term_string\"}}],\"inLanguage\":\"es\"},{\"@type\":\"Person\",\"@id\":\"https:\\\/\\\/grupohoymexico.com\\\/tlaxcala\\\/#\\\/schema\\\/person\\\/bc870cc34e948548ddb62cf78ef8474b\",\"name\":\"Redacci\u00f3n Grupo Hoy\",\"image\":{\"@type\":\"ImageObject\",\"inLanguage\":\"es\",\"@id\":\"https:\\\/\\\/secure.gravatar.com\\\/avatar\\\/e8a44ae8f1b7592837f8c496178e70e065758a27945df208805f8cf6fdd56893?s=96&d=mm&r=g\",\"url\":\"https:\\\/\\\/secure.gravatar.com\\\/avatar\\\/e8a44ae8f1b7592837f8c496178e70e065758a27945df208805f8cf6fdd56893?s=96&d=mm&r=g\",\"contentUrl\":\"https:\\\/\\\/secure.gravatar.com\\\/avatar\\\/e8a44ae8f1b7592837f8c496178e70e065758a27945df208805f8cf6fdd56893?s=96&d=mm&r=g\",\"caption\":\"Redacci\u00f3n Grupo Hoy\"},\"url\":\"https:\\\/\\\/grupohoymexico.com\\\/tlaxcala\\\/author\\\/redaccion\\\/\"}]}<\/script>\n<!-- \/ Yoast SEO Premium plugin. -->","yoast_head_json":{"title":"Seminario de capacitaci\u00f3n PROBEM ser\u00e1 en Tlaxcala en marzo 2026","description":"Tlaxcala ser\u00e1 sede del Seminario Capacitaci\u00f3n PROBEM 2026, que reunir\u00e1 a docentes para formaci\u00f3n en el intercambio M\u00e9xico-Estados Unidos.","robots":{"index":"index","follow":"follow","max-snippet":"max-snippet:-1","max-image-preview":"max-image-preview:large","max-video-preview":"max-video-preview:-1"},"canonical":"https:\/\/grupohoymexico.com\/tlaxcala\/estatal\/tlaxcala-fue-sede-del-seminario-probem-mexico-estados-unidos-2026\/","og_locale":"es_MX","og_type":"article","og_title":"Tlaxcala fue sede del Seminario PROBEM M\u00e9xico-Estados Unidos 2026","og_description":"Tlaxcala ser\u00e1 sede del Seminario Capacitaci\u00f3n PROBEM 2026, que reunir\u00e1 a docentes para formaci\u00f3n en el intercambio M\u00e9xico-Estados Unidos.","og_url":"https:\/\/grupohoymexico.com\/tlaxcala\/estatal\/tlaxcala-fue-sede-del-seminario-probem-mexico-estados-unidos-2026\/","og_site_name":"Tlaxcala Hoy","article_published_time":"2026-03-13T18:00:53+00:00","og_image":[{"width":1200,"height":638,"url":"https:\/\/grupohoymexico.com\/tlaxcala\/wp-content\/uploads\/sites\/4\/2026\/03\/Seminario-Capacitacion-PROBEM.jpg","type":"image\/jpeg"}],"author":"Redacci\u00f3n Grupo Hoy","twitter_card":"summary_large_image","twitter_misc":{"Escrito por":"Redacci\u00f3n Grupo Hoy","Tiempo de lectura":"3 minutos"},"schema":{"@context":"https:\/\/schema.org","@graph":[{"@type":"Article","@id":"https:\/\/grupohoymexico.com\/tlaxcala\/estatal\/tlaxcala-fue-sede-del-seminario-probem-mexico-estados-unidos-2026\/#article","isPartOf":{"@id":"https:\/\/grupohoymexico.com\/tlaxcala\/estatal\/tlaxcala-fue-sede-del-seminario-probem-mexico-estados-unidos-2026\/"},"author":{"name":"Redacci\u00f3n Grupo Hoy","@id":"https:\/\/grupohoymexico.com\/tlaxcala\/#\/schema\/person\/bc870cc34e948548ddb62cf78ef8474b"},"headline":"Tlaxcala fue sede del Seminario PROBEM M\u00e9xico-Estados Unidos 2026","datePublished":"2026-03-13T18:00:53+00:00","mainEntityOfPage":{"@id":"https:\/\/grupohoymexico.com\/tlaxcala\/estatal\/tlaxcala-fue-sede-del-seminario-probem-mexico-estados-unidos-2026\/"},"wordCount":518,"commentCount":0,"image":{"@id":"https:\/\/grupohoymexico.com\/tlaxcala\/estatal\/tlaxcala-fue-sede-del-seminario-probem-mexico-estados-unidos-2026\/#primaryimage"},"thumbnailUrl":"https:\/\/grupohoymexico.com\/tlaxcala\/wp-content\/uploads\/sites\/4\/2026\/03\/Seminario-Capacitacion-PROBEM.jpg","articleSection":["Estatal"],"inLanguage":"es","potentialAction":[{"@type":"CommentAction","name":"Comment","target":["https:\/\/grupohoymexico.com\/tlaxcala\/estatal\/tlaxcala-fue-sede-del-seminario-probem-mexico-estados-unidos-2026\/#respond"]}]},{"@type":"WebPage","@id":"https:\/\/grupohoymexico.com\/tlaxcala\/estatal\/tlaxcala-fue-sede-del-seminario-probem-mexico-estados-unidos-2026\/","url":"https:\/\/grupohoymexico.com\/tlaxcala\/estatal\/tlaxcala-fue-sede-del-seminario-probem-mexico-estados-unidos-2026\/","name":"Seminario de capacitaci\u00f3n PROBEM ser\u00e1 en Tlaxcala en marzo 2026","isPartOf":{"@id":"https:\/\/grupohoymexico.com\/tlaxcala\/#website"},"primaryImageOfPage":{"@id":"https:\/\/grupohoymexico.com\/tlaxcala\/estatal\/tlaxcala-fue-sede-del-seminario-probem-mexico-estados-unidos-2026\/#primaryimage"},"image":{"@id":"https:\/\/grupohoymexico.com\/tlaxcala\/estatal\/tlaxcala-fue-sede-del-seminario-probem-mexico-estados-unidos-2026\/#primaryimage"},"thumbnailUrl":"https:\/\/grupohoymexico.com\/tlaxcala\/wp-content\/uploads\/sites\/4\/2026\/03\/Seminario-Capacitacion-PROBEM.jpg","datePublished":"2026-03-13T18:00:53+00:00","author":{"@id":"https:\/\/grupohoymexico.com\/tlaxcala\/#\/schema\/person\/bc870cc34e948548ddb62cf78ef8474b"},"description":"Tlaxcala ser\u00e1 sede del Seminario Capacitaci\u00f3n PROBEM 2026, que reunir\u00e1 a docentes para formaci\u00f3n en el intercambio M\u00e9xico-Estados Unidos.","breadcrumb":{"@id":"https:\/\/grupohoymexico.com\/tlaxcala\/estatal\/tlaxcala-fue-sede-del-seminario-probem-mexico-estados-unidos-2026\/#breadcrumb"},"inLanguage":"es","potentialAction":[{"@type":"ReadAction","target":["https:\/\/grupohoymexico.com\/tlaxcala\/estatal\/tlaxcala-fue-sede-del-seminario-probem-mexico-estados-unidos-2026\/"]}]},{"@type":"ImageObject","inLanguage":"es","@id":"https:\/\/grupohoymexico.com\/tlaxcala\/estatal\/tlaxcala-fue-sede-del-seminario-probem-mexico-estados-unidos-2026\/#primaryimage","url":"https:\/\/grupohoymexico.com\/tlaxcala\/wp-content\/uploads\/sites\/4\/2026\/03\/Seminario-Capacitacion-PROBEM.jpg","contentUrl":"https:\/\/grupohoymexico.com\/tlaxcala\/wp-content\/uploads\/sites\/4\/2026\/03\/Seminario-Capacitacion-PROBEM.jpg","width":1200,"height":638,"caption":"Foto: PROBEM"},{"@type":"BreadcrumbList","@id":"https:\/\/grupohoymexico.com\/tlaxcala\/estatal\/tlaxcala-fue-sede-del-seminario-probem-mexico-estados-unidos-2026\/#breadcrumb","itemListElement":[{"@type":"ListItem","position":1,"name":"Inicio","item":"https:\/\/grupohoymexico.com\/tlaxcala\/"},{"@type":"ListItem","position":2,"name":"Tlaxcala fue sede del Seminario PROBEM M\u00e9xico-Estados Unidos 2026"}]},{"@type":"WebSite","@id":"https:\/\/grupohoymexico.com\/tlaxcala\/#website","url":"https:\/\/grupohoymexico.com\/tlaxcala\/","name":"Tlaxcala Hoy","description":"El alma de la naci\u00f3n","potentialAction":[{"@type":"SearchAction","target":{"@type":"EntryPoint","urlTemplate":"https:\/\/grupohoymexico.com\/tlaxcala\/?s={search_term_string}"},"query-input":{"@type":"PropertyValueSpecification","valueRequired":true,"valueName":"search_term_string"}}],"inLanguage":"es"},{"@type":"Person","@id":"https:\/\/grupohoymexico.com\/tlaxcala\/#\/schema\/person\/bc870cc34e948548ddb62cf78ef8474b","name":"Redacci\u00f3n Grupo Hoy","image":{"@type":"ImageObject","inLanguage":"es","@id":"https:\/\/secure.gravatar.com\/avatar\/e8a44ae8f1b7592837f8c496178e70e065758a27945df208805f8cf6fdd56893?s=96&d=mm&r=g","url":"https:\/\/secure.gravatar.com\/avatar\/e8a44ae8f1b7592837f8c496178e70e065758a27945df208805f8cf6fdd56893?s=96&d=mm&r=g","contentUrl":"https:\/\/secure.gravatar.com\/avatar\/e8a44ae8f1b7592837f8c496178e70e065758a27945df208805f8cf6fdd56893?s=96&d=mm&r=g","caption":"Redacci\u00f3n Grupo Hoy"},"url":"https:\/\/grupohoymexico.com\/tlaxcala\/author\/redaccion\/"}]}},"_links":{"self":[{"href":"https:\/\/grupohoymexico.com\/tlaxcala\/wp-json\/wp\/v2\/posts\/5975","targetHints":{"allow":["GET"]}}],"collection":[{"href":"https:\/\/grupohoymexico.com\/tlaxcala\/wp-json\/wp\/v2\/posts"}],"about":[{"href":"https:\/\/grupohoymexico.com\/tlaxcala\/wp-json\/wp\/v2\/types\/post"}],"author":[{"embeddable":true,"href":"https:\/\/grupohoymexico.com\/tlaxcala\/wp-json\/wp\/v2\/users\/34"}],"replies":[{"embeddable":true,"href":"https:\/\/grupohoymexico.com\/tlaxcala\/wp-json\/wp\/v2\/comments?post=5975"}],"version-history":[{"count":2,"href":"https:\/\/grupohoymexico.com\/tlaxcala\/wp-json\/wp\/v2\/posts\/5975\/revisions"}],"predecessor-version":[{"id":5984,"href":"https:\/\/grupohoymexico.com\/tlaxcala\/wp-json\/wp\/v2\/posts\/5975\/revisions\/5984"}],"wp:featuredmedia":[{"embeddable":true,"href":"https:\/\/grupohoymexico.com\/tlaxcala\/wp-json\/wp\/v2\/media\/5983"}],"wp:attachment":[{"href":"https:\/\/grupohoymexico.com\/tlaxcala\/wp-json\/wp\/v2\/media?parent=5975"}],"wp:term":[{"taxonomy":"category","embeddable":true,"href":"https:\/\/grupohoymexico.com\/tlaxcala\/wp-json\/wp\/v2\/categories?post=5975"},{"taxonomy":"post_tag","embeddable":true,"href":"https:\/\/grupohoymexico.com\/tlaxcala\/wp-json\/wp\/v2\/tags?post=5975"}],"curies":[{"name":"wp","href":"https:\/\/api.w.org\/{rel}","templated":true}]}}