{"id":5972,"date":"2026-03-13T09:17:22","date_gmt":"2026-03-13T15:17:22","guid":{"rendered":"https:\/\/grupohoymexico.com\/tlaxcala\/?p=5972"},"modified":"2026-03-13T09:17:22","modified_gmt":"2026-03-13T15:17:22","slug":"capturan-a-el-callejas-en-tlaxcala-presunto-lider-de-la-familia-michoacana","status":"publish","type":"post","link":"https:\/\/grupohoymexico.com\/tlaxcala\/estatal\/capturan-a-el-callejas-en-tlaxcala-presunto-lider-de-la-familia-michoacana\/","title":{"rendered":"Capturan a \u201cEl Callejas\u201d en Tlaxcala, presunto l\u00edder de la Familia Michoacana"},"content":{"rendered":"<p data-start=\"113\" data-end=\"537\">Autoridades federales y estatales lograron la <strong data-start=\"159\" data-end=\"212\">detenci\u00f3n de Jos\u00e9 Armando &#8220;N&#8221;, alias \u201cEl Callejas\u201d<\/strong>, se\u00f1alado como presunto l\u00edder del grupo criminal <span class=\"hover:entity-accent entity-underline inline cursor-pointer align-baseline\"><span class=\"whitespace-normal\">La Familia Michoacana<\/span><\/span> en el estado de <span class=\"hover:entity-accent entity-underline inline cursor-pointer align-baseline\"><span class=\"whitespace-normal\">Tlaxcala<\/span><\/span>. La captura se realiz\u00f3 en el municipio de <span class=\"hover:entity-accent entity-underline inline cursor-pointer align-baseline\"><span class=\"whitespace-normal\">Totolac<\/span><\/span> durante un <strong data-start=\"447\" data-end=\"536\">operativo de seguridad coordinado entre distintas instituciones federales y estatales<\/strong>.<\/p>\n<p data-start=\"539\" data-end=\"883\">De acuerdo con informaci\u00f3n oficial, el detenido contaba con <strong data-start=\"599\" data-end=\"748\">una orden de aprehensi\u00f3n vigente por su presunta participaci\u00f3n en actividades delictivas relacionadas con la generaci\u00f3n de violencia en la regi\u00f3n<\/strong>. Las autoridades lo identifican como un actor clave en el intento de expansi\u00f3n de esta organizaci\u00f3n criminal hacia el centro del pa\u00eds.<\/p>\n<h3 data-start=\"539\" data-end=\"883\"><strong>Sigue nuestras cuentas en Facebook e Instagram para mantenerte informado sobre las noticias m\u00e1s relevantes.<\/strong><\/h3>\n<h2 data-section-id=\"ckvjqj\" data-start=\"890\" data-end=\"981\"><strong>Detenci\u00f3n de \u201cEl Callejas\u201d en Totolac: as\u00ed fue el operativo contra la Familia Michoacana<\/strong><\/h2>\n<p data-start=\"983\" data-end=\"1221\">La captura de <strong data-start=\"997\" data-end=\"1037\">Jos\u00e9 Armando &#8220;N&#8221;, alias \u201cEl Callejas\u201d<\/strong>, se llev\u00f3 a cabo tras un <strong data-start=\"1063\" data-end=\"1106\">operativo de inteligencia y seguimiento<\/strong> realizado por fuerzas de seguridad federales y estatales en el municipio de <span class=\"hover:entity-accent entity-underline inline cursor-pointer align-baseline\"><span class=\"whitespace-normal\">Totolac<\/span><\/span>.<\/p>\n<p data-start=\"1223\" data-end=\"1450\">Seg\u00fan reportes preliminares, el presunto l\u00edder criminal <strong data-start=\"1279\" data-end=\"1389\">habr\u00eda llegado recientemente a Tlaxcala con el objetivo de establecer operaciones delictivas en la entidad<\/strong>, lo que encendi\u00f3 alertas entre las autoridades de seguridad.<\/p>\n<p data-start=\"1452\" data-end=\"1657\">El operativo fue posible gracias a la <strong data-start=\"1490\" data-end=\"1573\">coordinaci\u00f3n interinstitucional y el intercambio de informaci\u00f3n de inteligencia<\/strong>, lo que permiti\u00f3 ubicar al sospechoso y ejecutar la orden judicial correspondiente.<\/p>\n<h3 data-start=\"1452\" data-end=\"1657\"><em><strong>Leer m\u00e1s: <a href=\"https:\/\/grupohoymexico.com\/tlaxcala\/estatal\/beca-rita-cetina-2026-como-registrarse-requisitos-y-monto-del-apoyo-para-estudiantes\/\">Beca Rita Cetina 2026: c\u00f3mo registrarse, requisitos y monto del apoyo para estudiantes<\/a><\/strong><\/em><\/h3>\n<h2 data-section-id=\"9zookp\" data-start=\"1664\" data-end=\"1747\"><strong>Familia Michoacana: organizaci\u00f3n criminal vinculada con narcotr\u00e1fico y extorsi\u00f3n<\/strong><\/h2>\n<p data-start=\"1749\" data-end=\"2011\">Por otro lado, <span class=\"hover:entity-accent entity-underline inline cursor-pointer align-baseline\"><span class=\"whitespace-normal\">La Familia Michoacana<\/span><\/span> es una organizaci\u00f3n criminal que surgi\u00f3 a principios de la d\u00e9cada del 2000 en el estado de <span class=\"hover:entity-accent entity-underline inline cursor-pointer align-baseline\"><span class=\"whitespace-normal\">Michoac\u00e1n<\/span><\/span>. Con el paso de los a\u00f1os, el grupo ha extendido su presencia a diversas regiones del pa\u00eds.<\/p>\n<p data-start=\"2013\" data-end=\"2118\">Entre los <strong data-start=\"2023\" data-end=\"2103\">principales delitos con los que se ha vinculado a esta organizaci\u00f3n criminal<\/strong> se encuentran:<\/p>\n<ul data-start=\"2120\" data-end=\"2307\">\n<li data-section-id=\"1agmwax\" data-start=\"2120\" data-end=\"2156\">\n<p data-start=\"2122\" data-end=\"2156\">Tr\u00e1fico y distribuci\u00f3n de drogas<\/p>\n<\/li>\n<li data-section-id=\"vohl6w\" data-start=\"2157\" data-end=\"2199\">\n<p data-start=\"2159\" data-end=\"2199\">Extorsi\u00f3n a comerciantes y empresarios<\/p>\n<\/li>\n<li data-section-id=\"7wl1vc\" data-start=\"2200\" data-end=\"2252\">\n<p data-start=\"2202\" data-end=\"2252\">Enfrentamientos armados con fuerzas de seguridad<\/p>\n<\/li>\n<li data-section-id=\"1wn0ie5\" data-start=\"2253\" data-end=\"2307\">\n<p data-start=\"2255\" data-end=\"2307\">Disputas territoriales con otros grupos delictivos<\/p>\n<\/li>\n<\/ul>\n<p data-start=\"2309\" data-end=\"2530\">Diversos informes de seguridad indican que <strong data-start=\"2352\" data-end=\"2440\">la organizaci\u00f3n ha buscado expandir su influencia hacia estados del centro de M\u00e9xico<\/strong>, lo que ha generado operativos estrat\u00e9gicos para evitar su consolidaci\u00f3n en nuevas zonas.<\/p>\n<h2 data-section-id=\"emfeov\" data-start=\"2537\" data-end=\"2620\"><strong>Seguridad en Tlaxcala: autoridades refuerzan operativos contra grupos criminales<\/strong><\/h2>\n<p data-start=\"2622\" data-end=\"2805\">El arresto de <strong data-start=\"2636\" data-end=\"2653\">\u201cEl Callejas\u201d<\/strong> se enmarca dentro de la <strong data-start=\"2678\" data-end=\"2804\">estrategia nacional para combatir organizaciones criminales y frenar la expansi\u00f3n de grupos delictivos en nuevas entidades<\/strong>.<\/p>\n<p data-start=\"2807\" data-end=\"3086\">En los \u00faltimos a\u00f1os, el estado de <span class=\"hover:entity-accent entity-underline inline cursor-pointer align-baseline\"><span class=\"whitespace-normal\">Tlaxcala<\/span><\/span> ha registrado <strong data-start=\"2893\" data-end=\"2997\">una creciente presencia de actividades vinculadas con grupos criminales originarios de otros estados<\/strong>, lo que ha llevado a las autoridades a reforzar operativos de vigilancia e inteligencia.<\/p>\n<p data-start=\"3088\" data-end=\"3280\">La captura de presuntos l\u00edderes de estas organizaciones <strong data-start=\"3144\" data-end=\"3279\">forma parte de las acciones para contener la violencia, desmantelar redes criminales y fortalecer la seguridad p\u00fablica en la regi\u00f3n<\/strong>.<\/p>\n<h2 data-start=\"3088\" data-end=\"3280\"><a href=\"https:\/\/whatsapp.com\/channel\/0029Vaylt1XG3R3gm4Nsgp2m\"><strong>\u00danete a nuestro canal de WhatsApp<\/strong><\/a><\/h2>\n","protected":false},"excerpt":{"rendered":"Autoridades federales y estatales lograron la detenci\u00f3n de Jos\u00e9 Armando &#8220;N&#8221;, alias \u201cEl Callejas\u201d, se\u00f1alado como presunto l\u00edder&hellip;","protected":false},"author":34,"featured_media":5980,"comment_status":"open","ping_status":"open","sticky":false,"template":"","format":"standard","meta":{"csco_display_header_overlay":false,"csco_singular_sidebar":"","csco_page_header_type":"","csco_page_load_nextpost":"","csco_post_video_location":[],"csco_post_video_location_hash":"","csco_post_video_url":"","csco_post_video_bg_start_time":0,"csco_post_video_bg_end_time":0,"footnotes":""},"categories":[172],"tags":[2689,1340,425,229],"class_list":{"0":"post-5972","1":"post","2":"type-post","3":"status-publish","4":"format-standard","5":"has-post-thumbnail","7":"category-estatal","8":"tag-familia-michoacana","9":"tag-operativo","10":"tag-seguridad","11":"tag-tlaxcala","12":"cs-entry","13":"cs-video-wrap"},"yoast_head":"<!-- This site is optimized with the Yoast SEO Premium plugin v24.7 (Yoast SEO v27.4) - https:\/\/yoast.com\/product\/yoast-seo-premium-wordpress\/ -->\n<title>Detenci\u00f3n de presunto l\u00edder de Familia Michoacana en Tlaxcala<\/title>\n<meta name=\"description\" content=\"Autoridades detuvieron en Totolac a Jos\u00e9 Armando &quot;N&quot;, presunto l\u00edder de la Familia Michoacana en Tlaxcala.\" \/>\n<meta name=\"robots\" content=\"index, follow, max-snippet:-1, max-image-preview:large, max-video-preview:-1\" \/>\n<link rel=\"canonical\" href=\"https:\/\/grupohoymexico.com\/tlaxcala\/estatal\/capturan-a-el-callejas-en-tlaxcala-presunto-lider-de-la-familia-michoacana\/\" \/>\n<meta property=\"og:locale\" content=\"es_MX\" \/>\n<meta property=\"og:type\" content=\"article\" \/>\n<meta property=\"og:title\" content=\"Capturan a \u201cEl Callejas\u201d en Tlaxcala, presunto l\u00edder de la Familia Michoacana\" \/>\n<meta property=\"og:description\" content=\"Autoridades detuvieron en Totolac a Jos\u00e9 Armando &quot;N&quot;, presunto l\u00edder de la Familia Michoacana en Tlaxcala.\" \/>\n<meta property=\"og:url\" content=\"https:\/\/grupohoymexico.com\/tlaxcala\/estatal\/capturan-a-el-callejas-en-tlaxcala-presunto-lider-de-la-familia-michoacana\/\" \/>\n<meta property=\"og:site_name\" content=\"Tlaxcala Hoy\" \/>\n<meta property=\"article:published_time\" content=\"2026-03-13T15:17:22+00:00\" \/>\n<meta property=\"og:image\" content=\"https:\/\/grupohoymexico.com\/tlaxcala\/wp-content\/uploads\/sites\/4\/2026\/03\/El-Callejas-Tlaxcala.jpg\" \/>\n\t<meta property=\"og:image:width\" content=\"1200\" \/>\n\t<meta property=\"og:image:height\" content=\"638\" \/>\n\t<meta property=\"og:image:type\" content=\"image\/jpeg\" \/>\n<meta name=\"author\" content=\"Redacci\u00f3n Grupo Hoy\" \/>\n<meta name=\"twitter:card\" content=\"summary_large_image\" \/>\n<meta name=\"twitter:label1\" content=\"Escrito por\" \/>\n\t<meta name=\"twitter:data1\" content=\"Redacci\u00f3n Grupo Hoy\" \/>\n\t<meta name=\"twitter:label2\" content=\"Tiempo de lectura\" \/>\n\t<meta name=\"twitter:data2\" content=\"3 minutos\" \/>\n<script type=\"application\/ld+json\" class=\"yoast-schema-graph\">{\"@context\":\"https:\\\/\\\/schema.org\",\"@graph\":[{\"@type\":\"Article\",\"@id\":\"https:\\\/\\\/grupohoymexico.com\\\/tlaxcala\\\/estatal\\\/capturan-a-el-callejas-en-tlaxcala-presunto-lider-de-la-familia-michoacana\\\/#article\",\"isPartOf\":{\"@id\":\"https:\\\/\\\/grupohoymexico.com\\\/tlaxcala\\\/estatal\\\/capturan-a-el-callejas-en-tlaxcala-presunto-lider-de-la-familia-michoacana\\\/\"},\"author\":{\"name\":\"Redacci\u00f3n Grupo Hoy\",\"@id\":\"https:\\\/\\\/grupohoymexico.com\\\/tlaxcala\\\/#\\\/schema\\\/person\\\/bc870cc34e948548ddb62cf78ef8474b\"},\"headline\":\"Capturan a \u201cEl Callejas\u201d en Tlaxcala, presunto l\u00edder de la Familia Michoacana\",\"datePublished\":\"2026-03-13T15:17:22+00:00\",\"mainEntityOfPage\":{\"@id\":\"https:\\\/\\\/grupohoymexico.com\\\/tlaxcala\\\/estatal\\\/capturan-a-el-callejas-en-tlaxcala-presunto-lider-de-la-familia-michoacana\\\/\"},\"wordCount\":516,\"commentCount\":0,\"image\":{\"@id\":\"https:\\\/\\\/grupohoymexico.com\\\/tlaxcala\\\/estatal\\\/capturan-a-el-callejas-en-tlaxcala-presunto-lider-de-la-familia-michoacana\\\/#primaryimage\"},\"thumbnailUrl\":\"https:\\\/\\\/grupohoymexico.com\\\/tlaxcala\\\/wp-content\\\/uploads\\\/sites\\\/4\\\/2026\\\/03\\\/El-Callejas-Tlaxcala.jpg\",\"keywords\":[\"Familia Michoacana\",\"operativo\",\"Seguridad\",\"Tlaxcala\"],\"articleSection\":[\"Estatal\"],\"inLanguage\":\"es\",\"potentialAction\":[{\"@type\":\"CommentAction\",\"name\":\"Comment\",\"target\":[\"https:\\\/\\\/grupohoymexico.com\\\/tlaxcala\\\/estatal\\\/capturan-a-el-callejas-en-tlaxcala-presunto-lider-de-la-familia-michoacana\\\/#respond\"]}]},{\"@type\":\"WebPage\",\"@id\":\"https:\\\/\\\/grupohoymexico.com\\\/tlaxcala\\\/estatal\\\/capturan-a-el-callejas-en-tlaxcala-presunto-lider-de-la-familia-michoacana\\\/\",\"url\":\"https:\\\/\\\/grupohoymexico.com\\\/tlaxcala\\\/estatal\\\/capturan-a-el-callejas-en-tlaxcala-presunto-lider-de-la-familia-michoacana\\\/\",\"name\":\"Detenci\u00f3n de presunto l\u00edder de Familia Michoacana en Tlaxcala\",\"isPartOf\":{\"@id\":\"https:\\\/\\\/grupohoymexico.com\\\/tlaxcala\\\/#website\"},\"primaryImageOfPage\":{\"@id\":\"https:\\\/\\\/grupohoymexico.com\\\/tlaxcala\\\/estatal\\\/capturan-a-el-callejas-en-tlaxcala-presunto-lider-de-la-familia-michoacana\\\/#primaryimage\"},\"image\":{\"@id\":\"https:\\\/\\\/grupohoymexico.com\\\/tlaxcala\\\/estatal\\\/capturan-a-el-callejas-en-tlaxcala-presunto-lider-de-la-familia-michoacana\\\/#primaryimage\"},\"thumbnailUrl\":\"https:\\\/\\\/grupohoymexico.com\\\/tlaxcala\\\/wp-content\\\/uploads\\\/sites\\\/4\\\/2026\\\/03\\\/El-Callejas-Tlaxcala.jpg\",\"datePublished\":\"2026-03-13T15:17:22+00:00\",\"author\":{\"@id\":\"https:\\\/\\\/grupohoymexico.com\\\/tlaxcala\\\/#\\\/schema\\\/person\\\/bc870cc34e948548ddb62cf78ef8474b\"},\"description\":\"Autoridades detuvieron en Totolac a Jos\u00e9 Armando \\\"N\\\", presunto l\u00edder de la Familia Michoacana en Tlaxcala.\",\"breadcrumb\":{\"@id\":\"https:\\\/\\\/grupohoymexico.com\\\/tlaxcala\\\/estatal\\\/capturan-a-el-callejas-en-tlaxcala-presunto-lider-de-la-familia-michoacana\\\/#breadcrumb\"},\"inLanguage\":\"es\",\"potentialAction\":[{\"@type\":\"ReadAction\",\"target\":[\"https:\\\/\\\/grupohoymexico.com\\\/tlaxcala\\\/estatal\\\/capturan-a-el-callejas-en-tlaxcala-presunto-lider-de-la-familia-michoacana\\\/\"]}]},{\"@type\":\"ImageObject\",\"inLanguage\":\"es\",\"@id\":\"https:\\\/\\\/grupohoymexico.com\\\/tlaxcala\\\/estatal\\\/capturan-a-el-callejas-en-tlaxcala-presunto-lider-de-la-familia-michoacana\\\/#primaryimage\",\"url\":\"https:\\\/\\\/grupohoymexico.com\\\/tlaxcala\\\/wp-content\\\/uploads\\\/sites\\\/4\\\/2026\\\/03\\\/El-Callejas-Tlaxcala.jpg\",\"contentUrl\":\"https:\\\/\\\/grupohoymexico.com\\\/tlaxcala\\\/wp-content\\\/uploads\\\/sites\\\/4\\\/2026\\\/03\\\/El-Callejas-Tlaxcala.jpg\",\"width\":1200,\"height\":638,\"caption\":\"Foto: Freepik\"},{\"@type\":\"BreadcrumbList\",\"@id\":\"https:\\\/\\\/grupohoymexico.com\\\/tlaxcala\\\/estatal\\\/capturan-a-el-callejas-en-tlaxcala-presunto-lider-de-la-familia-michoacana\\\/#breadcrumb\",\"itemListElement\":[{\"@type\":\"ListItem\",\"position\":1,\"name\":\"Inicio\",\"item\":\"https:\\\/\\\/grupohoymexico.com\\\/tlaxcala\\\/\"},{\"@type\":\"ListItem\",\"position\":2,\"name\":\"Capturan a \u201cEl Callejas\u201d en Tlaxcala, presunto l\u00edder de la Familia Michoacana\"}]},{\"@type\":\"WebSite\",\"@id\":\"https:\\\/\\\/grupohoymexico.com\\\/tlaxcala\\\/#website\",\"url\":\"https:\\\/\\\/grupohoymexico.com\\\/tlaxcala\\\/\",\"name\":\"Tlaxcala Hoy\",\"description\":\"El alma de la naci\u00f3n\",\"potentialAction\":[{\"@type\":\"SearchAction\",\"target\":{\"@type\":\"EntryPoint\",\"urlTemplate\":\"https:\\\/\\\/grupohoymexico.com\\\/tlaxcala\\\/?s={search_term_string}\"},\"query-input\":{\"@type\":\"PropertyValueSpecification\",\"valueRequired\":true,\"valueName\":\"search_term_string\"}}],\"inLanguage\":\"es\"},{\"@type\":\"Person\",\"@id\":\"https:\\\/\\\/grupohoymexico.com\\\/tlaxcala\\\/#\\\/schema\\\/person\\\/bc870cc34e948548ddb62cf78ef8474b\",\"name\":\"Redacci\u00f3n Grupo Hoy\",\"image\":{\"@type\":\"ImageObject\",\"inLanguage\":\"es\",\"@id\":\"https:\\\/\\\/secure.gravatar.com\\\/avatar\\\/e8a44ae8f1b7592837f8c496178e70e065758a27945df208805f8cf6fdd56893?s=96&d=mm&r=g\",\"url\":\"https:\\\/\\\/secure.gravatar.com\\\/avatar\\\/e8a44ae8f1b7592837f8c496178e70e065758a27945df208805f8cf6fdd56893?s=96&d=mm&r=g\",\"contentUrl\":\"https:\\\/\\\/secure.gravatar.com\\\/avatar\\\/e8a44ae8f1b7592837f8c496178e70e065758a27945df208805f8cf6fdd56893?s=96&d=mm&r=g\",\"caption\":\"Redacci\u00f3n Grupo Hoy\"},\"url\":\"https:\\\/\\\/grupohoymexico.com\\\/tlaxcala\\\/author\\\/redaccion\\\/\"}]}<\/script>\n<!-- \/ Yoast SEO Premium plugin. -->","yoast_head_json":{"title":"Detenci\u00f3n de presunto l\u00edder de Familia Michoacana en Tlaxcala","description":"Autoridades detuvieron en Totolac a Jos\u00e9 Armando \"N\", presunto l\u00edder de la Familia Michoacana en Tlaxcala.","robots":{"index":"index","follow":"follow","max-snippet":"max-snippet:-1","max-image-preview":"max-image-preview:large","max-video-preview":"max-video-preview:-1"},"canonical":"https:\/\/grupohoymexico.com\/tlaxcala\/estatal\/capturan-a-el-callejas-en-tlaxcala-presunto-lider-de-la-familia-michoacana\/","og_locale":"es_MX","og_type":"article","og_title":"Capturan a \u201cEl Callejas\u201d en Tlaxcala, presunto l\u00edder de la Familia Michoacana","og_description":"Autoridades detuvieron en Totolac a Jos\u00e9 Armando \"N\", presunto l\u00edder de la Familia Michoacana en Tlaxcala.","og_url":"https:\/\/grupohoymexico.com\/tlaxcala\/estatal\/capturan-a-el-callejas-en-tlaxcala-presunto-lider-de-la-familia-michoacana\/","og_site_name":"Tlaxcala Hoy","article_published_time":"2026-03-13T15:17:22+00:00","og_image":[{"width":1200,"height":638,"url":"https:\/\/grupohoymexico.com\/tlaxcala\/wp-content\/uploads\/sites\/4\/2026\/03\/El-Callejas-Tlaxcala.jpg","type":"image\/jpeg"}],"author":"Redacci\u00f3n Grupo Hoy","twitter_card":"summary_large_image","twitter_misc":{"Escrito por":"Redacci\u00f3n Grupo Hoy","Tiempo de lectura":"3 minutos"},"schema":{"@context":"https:\/\/schema.org","@graph":[{"@type":"Article","@id":"https:\/\/grupohoymexico.com\/tlaxcala\/estatal\/capturan-a-el-callejas-en-tlaxcala-presunto-lider-de-la-familia-michoacana\/#article","isPartOf":{"@id":"https:\/\/grupohoymexico.com\/tlaxcala\/estatal\/capturan-a-el-callejas-en-tlaxcala-presunto-lider-de-la-familia-michoacana\/"},"author":{"name":"Redacci\u00f3n Grupo Hoy","@id":"https:\/\/grupohoymexico.com\/tlaxcala\/#\/schema\/person\/bc870cc34e948548ddb62cf78ef8474b"},"headline":"Capturan a \u201cEl Callejas\u201d en Tlaxcala, presunto l\u00edder de la Familia Michoacana","datePublished":"2026-03-13T15:17:22+00:00","mainEntityOfPage":{"@id":"https:\/\/grupohoymexico.com\/tlaxcala\/estatal\/capturan-a-el-callejas-en-tlaxcala-presunto-lider-de-la-familia-michoacana\/"},"wordCount":516,"commentCount":0,"image":{"@id":"https:\/\/grupohoymexico.com\/tlaxcala\/estatal\/capturan-a-el-callejas-en-tlaxcala-presunto-lider-de-la-familia-michoacana\/#primaryimage"},"thumbnailUrl":"https:\/\/grupohoymexico.com\/tlaxcala\/wp-content\/uploads\/sites\/4\/2026\/03\/El-Callejas-Tlaxcala.jpg","keywords":["Familia Michoacana","operativo","Seguridad","Tlaxcala"],"articleSection":["Estatal"],"inLanguage":"es","potentialAction":[{"@type":"CommentAction","name":"Comment","target":["https:\/\/grupohoymexico.com\/tlaxcala\/estatal\/capturan-a-el-callejas-en-tlaxcala-presunto-lider-de-la-familia-michoacana\/#respond"]}]},{"@type":"WebPage","@id":"https:\/\/grupohoymexico.com\/tlaxcala\/estatal\/capturan-a-el-callejas-en-tlaxcala-presunto-lider-de-la-familia-michoacana\/","url":"https:\/\/grupohoymexico.com\/tlaxcala\/estatal\/capturan-a-el-callejas-en-tlaxcala-presunto-lider-de-la-familia-michoacana\/","name":"Detenci\u00f3n de presunto l\u00edder de Familia Michoacana en Tlaxcala","isPartOf":{"@id":"https:\/\/grupohoymexico.com\/tlaxcala\/#website"},"primaryImageOfPage":{"@id":"https:\/\/grupohoymexico.com\/tlaxcala\/estatal\/capturan-a-el-callejas-en-tlaxcala-presunto-lider-de-la-familia-michoacana\/#primaryimage"},"image":{"@id":"https:\/\/grupohoymexico.com\/tlaxcala\/estatal\/capturan-a-el-callejas-en-tlaxcala-presunto-lider-de-la-familia-michoacana\/#primaryimage"},"thumbnailUrl":"https:\/\/grupohoymexico.com\/tlaxcala\/wp-content\/uploads\/sites\/4\/2026\/03\/El-Callejas-Tlaxcala.jpg","datePublished":"2026-03-13T15:17:22+00:00","author":{"@id":"https:\/\/grupohoymexico.com\/tlaxcala\/#\/schema\/person\/bc870cc34e948548ddb62cf78ef8474b"},"description":"Autoridades detuvieron en Totolac a Jos\u00e9 Armando \"N\", presunto l\u00edder de la Familia Michoacana en Tlaxcala.","breadcrumb":{"@id":"https:\/\/grupohoymexico.com\/tlaxcala\/estatal\/capturan-a-el-callejas-en-tlaxcala-presunto-lider-de-la-familia-michoacana\/#breadcrumb"},"inLanguage":"es","potentialAction":[{"@type":"ReadAction","target":["https:\/\/grupohoymexico.com\/tlaxcala\/estatal\/capturan-a-el-callejas-en-tlaxcala-presunto-lider-de-la-familia-michoacana\/"]}]},{"@type":"ImageObject","inLanguage":"es","@id":"https:\/\/grupohoymexico.com\/tlaxcala\/estatal\/capturan-a-el-callejas-en-tlaxcala-presunto-lider-de-la-familia-michoacana\/#primaryimage","url":"https:\/\/grupohoymexico.com\/tlaxcala\/wp-content\/uploads\/sites\/4\/2026\/03\/El-Callejas-Tlaxcala.jpg","contentUrl":"https:\/\/grupohoymexico.com\/tlaxcala\/wp-content\/uploads\/sites\/4\/2026\/03\/El-Callejas-Tlaxcala.jpg","width":1200,"height":638,"caption":"Foto: Freepik"},{"@type":"BreadcrumbList","@id":"https:\/\/grupohoymexico.com\/tlaxcala\/estatal\/capturan-a-el-callejas-en-tlaxcala-presunto-lider-de-la-familia-michoacana\/#breadcrumb","itemListElement":[{"@type":"ListItem","position":1,"name":"Inicio","item":"https:\/\/grupohoymexico.com\/tlaxcala\/"},{"@type":"ListItem","position":2,"name":"Capturan a \u201cEl Callejas\u201d en Tlaxcala, presunto l\u00edder de la Familia Michoacana"}]},{"@type":"WebSite","@id":"https:\/\/grupohoymexico.com\/tlaxcala\/#website","url":"https:\/\/grupohoymexico.com\/tlaxcala\/","name":"Tlaxcala Hoy","description":"El alma de la naci\u00f3n","potentialAction":[{"@type":"SearchAction","target":{"@type":"EntryPoint","urlTemplate":"https:\/\/grupohoymexico.com\/tlaxcala\/?s={search_term_string}"},"query-input":{"@type":"PropertyValueSpecification","valueRequired":true,"valueName":"search_term_string"}}],"inLanguage":"es"},{"@type":"Person","@id":"https:\/\/grupohoymexico.com\/tlaxcala\/#\/schema\/person\/bc870cc34e948548ddb62cf78ef8474b","name":"Redacci\u00f3n Grupo Hoy","image":{"@type":"ImageObject","inLanguage":"es","@id":"https:\/\/secure.gravatar.com\/avatar\/e8a44ae8f1b7592837f8c496178e70e065758a27945df208805f8cf6fdd56893?s=96&d=mm&r=g","url":"https:\/\/secure.gravatar.com\/avatar\/e8a44ae8f1b7592837f8c496178e70e065758a27945df208805f8cf6fdd56893?s=96&d=mm&r=g","contentUrl":"https:\/\/secure.gravatar.com\/avatar\/e8a44ae8f1b7592837f8c496178e70e065758a27945df208805f8cf6fdd56893?s=96&d=mm&r=g","caption":"Redacci\u00f3n Grupo Hoy"},"url":"https:\/\/grupohoymexico.com\/tlaxcala\/author\/redaccion\/"}]}},"_links":{"self":[{"href":"https:\/\/grupohoymexico.com\/tlaxcala\/wp-json\/wp\/v2\/posts\/5972","targetHints":{"allow":["GET"]}}],"collection":[{"href":"https:\/\/grupohoymexico.com\/tlaxcala\/wp-json\/wp\/v2\/posts"}],"about":[{"href":"https:\/\/grupohoymexico.com\/tlaxcala\/wp-json\/wp\/v2\/types\/post"}],"author":[{"embeddable":true,"href":"https:\/\/grupohoymexico.com\/tlaxcala\/wp-json\/wp\/v2\/users\/34"}],"replies":[{"embeddable":true,"href":"https:\/\/grupohoymexico.com\/tlaxcala\/wp-json\/wp\/v2\/comments?post=5972"}],"version-history":[{"count":2,"href":"https:\/\/grupohoymexico.com\/tlaxcala\/wp-json\/wp\/v2\/posts\/5972\/revisions"}],"predecessor-version":[{"id":5981,"href":"https:\/\/grupohoymexico.com\/tlaxcala\/wp-json\/wp\/v2\/posts\/5972\/revisions\/5981"}],"wp:featuredmedia":[{"embeddable":true,"href":"https:\/\/grupohoymexico.com\/tlaxcala\/wp-json\/wp\/v2\/media\/5980"}],"wp:attachment":[{"href":"https:\/\/grupohoymexico.com\/tlaxcala\/wp-json\/wp\/v2\/media?parent=5972"}],"wp:term":[{"taxonomy":"category","embeddable":true,"href":"https:\/\/grupohoymexico.com\/tlaxcala\/wp-json\/wp\/v2\/categories?post=5972"},{"taxonomy":"post_tag","embeddable":true,"href":"https:\/\/grupohoymexico.com\/tlaxcala\/wp-json\/wp\/v2\/tags?post=5972"}],"curies":[{"name":"wp","href":"https:\/\/api.w.org\/{rel}","templated":true}]}}