{"id":5950,"date":"2026-03-12T09:15:05","date_gmt":"2026-03-12T15:15:05","guid":{"rendered":"https:\/\/grupohoymexico.com\/tlaxcala\/?p=5950"},"modified":"2026-03-12T09:15:58","modified_gmt":"2026-03-12T15:15:58","slug":"industria-textil-de-tlaxcala-y-puebla-recibira-inversion-de-612-millones-de-dolares","status":"publish","type":"post","link":"https:\/\/grupohoymexico.com\/tlaxcala\/estatal\/industria-textil-de-tlaxcala-y-puebla-recibira-inversion-de-612-millones-de-dolares\/","title":{"rendered":"Industria textil de Tlaxcala y Puebla recibir\u00e1 inversi\u00f3n de 612 millones de d\u00f3lares"},"content":{"rendered":"<article>\n<p data-start=\"123\" data-end=\"397\">El <a href=\"https:\/\/www.gob.mx\/\"><strong data-start=\"126\" data-end=\"148\">Gobierno de M\u00e9xico<\/strong><\/a>, a trav\u00e9s de la <a href=\"https:\/\/www.gob.mx\/se\"><span class=\"hover:entity-accent entity-underline inline cursor-pointer align-baseline\"><span class=\"whitespace-normal\">Secretar\u00eda de Econom\u00eda de M\u00e9xico<\/span><\/span><\/a>, anunci\u00f3 una estrategia para <strong data-start=\"232\" data-end=\"287\">fortalecer la industria textil en Puebla y Tlaxcala<\/strong>, con el objetivo de consolidar a esta regi\u00f3n como uno de los principales polos de producci\u00f3n textil del pa\u00eds.<\/p>\n<p data-start=\"399\" data-end=\"681\">La iniciativa fue presentada en representaci\u00f3n del titular de la dependencia, <strong><span class=\"hover:entity-accent entity-underline inline cursor-pointer align-baseline\"><span class=\"whitespace-normal\">Marcelo Ebrard<\/span><\/span><\/strong>, quien reiter\u00f3 el compromiso del gobierno federal de <strong data-start=\"570\" data-end=\"680\">impulsar la producci\u00f3n nacional, proteger el empleo y mejorar la competitividad del sector textil mexicano<\/strong>.<\/p>\n<p data-start=\"683\" data-end=\"964\">La estrategia incluye <strong data-start=\"705\" data-end=\"764\">inversiones, medidas arancelarias y promoci\u00f3n comercial<\/strong>, acciones que buscan impulsar el crecimiento de una industria que, hist\u00f3ricamente, ha sido fundamental para la econom\u00eda de <span class=\"hover:entity-accent entity-underline inline cursor-pointer align-baseline\"><span class=\"whitespace-normal\">Puebla<\/span><\/span> y <span class=\"hover:entity-accent entity-underline inline cursor-pointer align-baseline\"><span class=\"whitespace-normal\">Tlaxcala<\/span><\/span>.<\/p>\n<h3 data-start=\"683\" data-end=\"964\"><strong>Sigue nuestras cuentas en Facebook e Instagram para mantenerte informado sobre las noticias m\u00e1s relevantes.<\/strong><\/h3>\n<h2 data-section-id=\"5o1pc1\" data-start=\"971\" data-end=\"1053\"><strong>Inversi\u00f3n de m\u00e1s de 612 millones de d\u00f3lares para modernizar la industria textil<\/strong><\/h2>\n<p data-start=\"1055\" data-end=\"1223\">Por otra parte, uno de los anuncios m\u00e1s relevantes fue la <strong data-start=\"1097\" data-end=\"1145\">inversi\u00f3n superior a 612 millones de d\u00f3lares<\/strong> destinada a proyectos estrat\u00e9gicos dentro del sector textil en ambos estados.<\/p>\n<p data-start=\"1225\" data-end=\"1305\">Estos recursos, provenientes de capital p\u00fablico y privado, estar\u00e1n enfocados en:<\/p>\n<ul data-start=\"1307\" data-end=\"1494\">\n<li data-section-id=\"3o7mb6\" data-start=\"1307\" data-end=\"1354\">\n<p data-start=\"1309\" data-end=\"1354\">Modernizaci\u00f3n de infraestructura industrial<\/p>\n<\/li>\n<li data-section-id=\"d8sdxk\" data-start=\"1355\" data-end=\"1407\">\n<p data-start=\"1357\" data-end=\"1407\">Innovaci\u00f3n tecnol\u00f3gica en procesos de producci\u00f3n<\/p>\n<\/li>\n<li data-section-id=\"8lv5mv\" data-start=\"1408\" data-end=\"1449\">\n<p data-start=\"1410\" data-end=\"1449\">Incremento de la capacidad productiva<\/p>\n<\/li>\n<li data-section-id=\"1u9rjrl\" data-start=\"1450\" data-end=\"1494\">\n<p data-start=\"1452\" data-end=\"1494\">Fortalecimiento de cadenas de suministro<\/p>\n<\/li>\n<\/ul>\n<p data-start=\"1496\" data-end=\"1671\">El objetivo es <strong data-start=\"1511\" data-end=\"1616\">mejorar la competitividad de las empresas textiles mexicanas en mercados nacionales e internacionales<\/strong>, adem\u00e1s de impulsar el crecimiento econ\u00f3mico regional.<\/p>\n<h2 data-section-id=\"e1vkr1\" data-start=\"1678\" data-end=\"1731\"><strong>Puebla se consolida como potencia textil en M\u00e9xico<\/strong><\/h2>\n<p data-start=\"1733\" data-end=\"2028\">Durante la exposici\u00f3n <span class=\"hover:entity-accent entity-underline inline cursor-pointer align-baseline\"><span class=\"whitespace-normal\">Exintex 2026<\/span><\/span>, uno de los eventos m\u00e1s importantes del sector en Am\u00e9rica Latina, se destac\u00f3 que <span class=\"hover:entity-accent entity-underline inline cursor-pointer align-baseline\"><span class=\"whitespace-normal\">Puebla<\/span><\/span> ocupa el <strong data-start=\"1921\" data-end=\"1968\">segundo lugar nacional en producci\u00f3n textil<\/strong>, con un valor estimado en <strong data-start=\"1995\" data-end=\"2027\">11 mil 525 millones de pesos<\/strong>.<\/p>\n<p data-start=\"2030\" data-end=\"2244\">La regi\u00f3n cuenta con una amplia tradici\u00f3n en manufactura textil, que abarca desde la producci\u00f3n de telas hasta la confecci\u00f3n de prendas, lo que ha permitido posicionarla como un <strong data-start=\"2208\" data-end=\"2243\">referente industrial en el pa\u00eds<\/strong>.<\/p>\n<p data-start=\"2246\" data-end=\"2488\">Especialistas y empresarios del sector han se\u00f1alado que el objetivo es convertir a Puebla en <strong data-start=\"2339\" data-end=\"2378\">la capital textil de Am\u00e9rica Latina<\/strong>, aprovechando su infraestructura industrial, mano de obra especializada y cercan\u00eda con mercados estrat\u00e9gicos.<\/p>\n<h3 data-start=\"2246\" data-end=\"2488\"><em><strong>Leer m\u00e1s: <a href=\"https:\/\/grupohoymexico.com\/tlaxcala\/estatal\/tlaxcala-impulsa-agenda-de-mujeres-con-reformas-legales-y-programas-de-empoderamiento\/\">Tlaxcala impulsa agenda de mujeres con reformas legales y programas de empoderamiento<\/a><\/strong><\/em><\/h3>\n<h2 data-section-id=\"gcjqwc\" data-start=\"2495\" data-end=\"2561\"><strong>Medidas arancelarias para proteger la industria textil mexicana<\/strong><\/h2>\n<p data-start=\"2563\" data-end=\"2758\">Como parte de la estrategia para fortalecer la producci\u00f3n nacional, el gobierno federal tambi\u00e9n anunci\u00f3 <strong data-start=\"2667\" data-end=\"2757\">medidas arancelarias para proteger al sector textil frente a importaciones extranjeras<\/strong>.<\/p>\n<p data-start=\"2760\" data-end=\"2951\">Entre estas medidas destaca la <strong data-start=\"2791\" data-end=\"2859\">imposici\u00f3n de un arancel del 35% a productos textiles importados<\/strong>, con el prop\u00f3sito de evitar pr\u00e1cticas comerciales que afecten a los fabricantes nacionales.<\/p>\n<p data-start=\"2953\" data-end=\"3152\">Con esta pol\u00edtica se busca <strong data-start=\"2980\" data-end=\"3032\">equilibrar la competencia en el mercado mexicano<\/strong>, garantizar condiciones justas para los productores locales y proteger miles de empleos que dependen de esta industria.<\/p>\n<h2 data-section-id=\"1pzvvf1\" data-start=\"3159\" data-end=\"3223\"><strong>Industria textil genera miles de empleos en Puebla y Tlaxcala<\/strong><\/h2>\n<p data-start=\"3225\" data-end=\"3344\">Asimismo, la <strong data-start=\"3228\" data-end=\"3269\">industria textil en Puebla y Tlaxcala<\/strong> es considerada uno de los motores econ\u00f3micos m\u00e1s importantes de la regi\u00f3n.<\/p>\n<p data-start=\"3346\" data-end=\"3435\">Miles de empresas, talleres y f\u00e1bricas forman parte de esta cadena productiva que genera:<\/p>\n<ul data-start=\"3437\" data-end=\"3577\">\n<li data-section-id=\"rw5pum\" data-start=\"3437\" data-end=\"3472\">\n<p data-start=\"3439\" data-end=\"3472\">Empleos directos en manufactura<\/p>\n<\/li>\n<li data-section-id=\"1bwgv8v\" data-start=\"3473\" data-end=\"3512\">\n<p data-start=\"3475\" data-end=\"3512\">Trabajo en log\u00edstica y distribuci\u00f3n<\/p>\n<\/li>\n<li data-section-id=\"mykmqg\" data-start=\"3513\" data-end=\"3577\">\n<p data-start=\"3515\" data-end=\"3577\">Actividades relacionadas con dise\u00f1o, moda y comercializaci\u00f3n<\/p>\n<\/li>\n<\/ul>\n<p data-start=\"3579\" data-end=\"3726\">Esta actividad econ\u00f3mica <strong data-start=\"3604\" data-end=\"3669\">impacta directamente en el desarrollo social de ambos estados<\/strong>, al brindar oportunidades laborales a miles de familias.<\/p>\n<h2 data-start=\"3579\" data-end=\"3726\"><a href=\"https:\/\/whatsapp.com\/channel\/0029Vaylt1XG3R3gm4Nsgp2m\"><strong>\u00danete a nuestro canal de WhatsApp<\/strong><\/a><\/h2>\n<\/article>\n","protected":false},"excerpt":{"rendered":"El Gobierno de M\u00e9xico, a trav\u00e9s de la Secretar\u00eda de Econom\u00eda de M\u00e9xico, anunci\u00f3 una estrategia para fortalecer&hellip;","protected":false},"author":34,"featured_media":5956,"comment_status":"open","ping_status":"open","sticky":false,"template":"","format":"standard","meta":{"csco_display_header_overlay":false,"csco_singular_sidebar":"","csco_page_header_type":"","csco_page_load_nextpost":"","csco_post_video_location":[],"csco_post_video_location_hash":"","csco_post_video_url":"","csco_post_video_bg_start_time":0,"csco_post_video_bg_end_time":0,"footnotes":""},"categories":[172],"tags":[1011,2685,2686,696,842,229],"class_list":{"0":"post-5950","1":"post","2":"type-post","3":"status-publish","4":"format-standard","5":"has-post-thumbnail","7":"category-estatal","8":"tag-economia","9":"tag-industria-textil","10":"tag-marcelo-ebrad","11":"tag-mexico","12":"tag-puebla","13":"tag-tlaxcala","14":"cs-entry","15":"cs-video-wrap"},"yoast_head":"<!-- This site is optimized with the Yoast SEO Premium plugin v24.7 (Yoast SEO v27.4) - https:\/\/yoast.com\/product\/yoast-seo-premium-wordpress\/ -->\n<title>Fortalecen la industria textil Puebla-Tlaxcala a nivel regional<\/title>\n<meta name=\"description\" content=\"El Gobierno de M\u00e9xico impulsa la industria textil Puebla-Tlaxcala con inversiones, apoyo institucional y medidas arancelarias.\" \/>\n<meta name=\"robots\" content=\"index, follow, max-snippet:-1, max-image-preview:large, max-video-preview:-1\" \/>\n<link rel=\"canonical\" href=\"https:\/\/grupohoymexico.com\/tlaxcala\/estatal\/industria-textil-de-tlaxcala-y-puebla-recibira-inversion-de-612-millones-de-dolares\/\" \/>\n<meta property=\"og:locale\" content=\"es_MX\" \/>\n<meta property=\"og:type\" content=\"article\" \/>\n<meta property=\"og:title\" content=\"Industria textil de Tlaxcala y Puebla recibir\u00e1 inversi\u00f3n de 612 millones de d\u00f3lares\" \/>\n<meta property=\"og:description\" content=\"El Gobierno de M\u00e9xico impulsa la industria textil Puebla-Tlaxcala con inversiones, apoyo institucional y medidas arancelarias.\" \/>\n<meta property=\"og:url\" content=\"https:\/\/grupohoymexico.com\/tlaxcala\/estatal\/industria-textil-de-tlaxcala-y-puebla-recibira-inversion-de-612-millones-de-dolares\/\" \/>\n<meta property=\"og:site_name\" content=\"Tlaxcala Hoy\" \/>\n<meta property=\"article:published_time\" content=\"2026-03-12T15:15:05+00:00\" \/>\n<meta property=\"article:modified_time\" content=\"2026-03-12T15:15:58+00:00\" \/>\n<meta property=\"og:image\" content=\"https:\/\/grupohoymexico.com\/tlaxcala\/wp-content\/uploads\/sites\/4\/2026\/03\/Industria-textil-Puebla-Tlaxcala.jpg\" \/>\n\t<meta property=\"og:image:width\" content=\"1200\" \/>\n\t<meta property=\"og:image:height\" content=\"625\" \/>\n\t<meta property=\"og:image:type\" content=\"image\/jpeg\" \/>\n<meta name=\"author\" content=\"Redacci\u00f3n Grupo Hoy\" \/>\n<meta name=\"twitter:card\" content=\"summary_large_image\" \/>\n<meta name=\"twitter:label1\" content=\"Escrito por\" \/>\n\t<meta name=\"twitter:data1\" content=\"Redacci\u00f3n Grupo Hoy\" \/>\n\t<meta name=\"twitter:label2\" content=\"Tiempo de lectura\" \/>\n\t<meta name=\"twitter:data2\" content=\"3 minutos\" \/>\n<script type=\"application\/ld+json\" class=\"yoast-schema-graph\">{\"@context\":\"https:\\\/\\\/schema.org\",\"@graph\":[{\"@type\":\"Article\",\"@id\":\"https:\\\/\\\/grupohoymexico.com\\\/tlaxcala\\\/estatal\\\/industria-textil-de-tlaxcala-y-puebla-recibira-inversion-de-612-millones-de-dolares\\\/#article\",\"isPartOf\":{\"@id\":\"https:\\\/\\\/grupohoymexico.com\\\/tlaxcala\\\/estatal\\\/industria-textil-de-tlaxcala-y-puebla-recibira-inversion-de-612-millones-de-dolares\\\/\"},\"author\":{\"name\":\"Redacci\u00f3n Grupo Hoy\",\"@id\":\"https:\\\/\\\/grupohoymexico.com\\\/tlaxcala\\\/#\\\/schema\\\/person\\\/bc870cc34e948548ddb62cf78ef8474b\"},\"headline\":\"Industria textil de Tlaxcala y Puebla recibir\u00e1 inversi\u00f3n de 612 millones de d\u00f3lares\",\"datePublished\":\"2026-03-12T15:15:05+00:00\",\"dateModified\":\"2026-03-12T15:15:58+00:00\",\"mainEntityOfPage\":{\"@id\":\"https:\\\/\\\/grupohoymexico.com\\\/tlaxcala\\\/estatal\\\/industria-textil-de-tlaxcala-y-puebla-recibira-inversion-de-612-millones-de-dolares\\\/\"},\"wordCount\":594,\"commentCount\":0,\"image\":{\"@id\":\"https:\\\/\\\/grupohoymexico.com\\\/tlaxcala\\\/estatal\\\/industria-textil-de-tlaxcala-y-puebla-recibira-inversion-de-612-millones-de-dolares\\\/#primaryimage\"},\"thumbnailUrl\":\"https:\\\/\\\/grupohoymexico.com\\\/tlaxcala\\\/wp-content\\\/uploads\\\/sites\\\/4\\\/2026\\\/03\\\/Industria-textil-Puebla-Tlaxcala.jpg\",\"keywords\":[\"econom\u00eda\",\"Industria Textil\",\"Marcelo Ebrad\",\"M\u00e9xico\",\"puebla\",\"Tlaxcala\"],\"articleSection\":[\"Estatal\"],\"inLanguage\":\"es\",\"potentialAction\":[{\"@type\":\"CommentAction\",\"name\":\"Comment\",\"target\":[\"https:\\\/\\\/grupohoymexico.com\\\/tlaxcala\\\/estatal\\\/industria-textil-de-tlaxcala-y-puebla-recibira-inversion-de-612-millones-de-dolares\\\/#respond\"]}]},{\"@type\":\"WebPage\",\"@id\":\"https:\\\/\\\/grupohoymexico.com\\\/tlaxcala\\\/estatal\\\/industria-textil-de-tlaxcala-y-puebla-recibira-inversion-de-612-millones-de-dolares\\\/\",\"url\":\"https:\\\/\\\/grupohoymexico.com\\\/tlaxcala\\\/estatal\\\/industria-textil-de-tlaxcala-y-puebla-recibira-inversion-de-612-millones-de-dolares\\\/\",\"name\":\"Fortalecen la industria textil Puebla-Tlaxcala a nivel regional\",\"isPartOf\":{\"@id\":\"https:\\\/\\\/grupohoymexico.com\\\/tlaxcala\\\/#website\"},\"primaryImageOfPage\":{\"@id\":\"https:\\\/\\\/grupohoymexico.com\\\/tlaxcala\\\/estatal\\\/industria-textil-de-tlaxcala-y-puebla-recibira-inversion-de-612-millones-de-dolares\\\/#primaryimage\"},\"image\":{\"@id\":\"https:\\\/\\\/grupohoymexico.com\\\/tlaxcala\\\/estatal\\\/industria-textil-de-tlaxcala-y-puebla-recibira-inversion-de-612-millones-de-dolares\\\/#primaryimage\"},\"thumbnailUrl\":\"https:\\\/\\\/grupohoymexico.com\\\/tlaxcala\\\/wp-content\\\/uploads\\\/sites\\\/4\\\/2026\\\/03\\\/Industria-textil-Puebla-Tlaxcala.jpg\",\"datePublished\":\"2026-03-12T15:15:05+00:00\",\"dateModified\":\"2026-03-12T15:15:58+00:00\",\"author\":{\"@id\":\"https:\\\/\\\/grupohoymexico.com\\\/tlaxcala\\\/#\\\/schema\\\/person\\\/bc870cc34e948548ddb62cf78ef8474b\"},\"description\":\"El Gobierno de M\u00e9xico impulsa la industria textil Puebla-Tlaxcala con inversiones, apoyo institucional y medidas arancelarias.\",\"breadcrumb\":{\"@id\":\"https:\\\/\\\/grupohoymexico.com\\\/tlaxcala\\\/estatal\\\/industria-textil-de-tlaxcala-y-puebla-recibira-inversion-de-612-millones-de-dolares\\\/#breadcrumb\"},\"inLanguage\":\"es\",\"potentialAction\":[{\"@type\":\"ReadAction\",\"target\":[\"https:\\\/\\\/grupohoymexico.com\\\/tlaxcala\\\/estatal\\\/industria-textil-de-tlaxcala-y-puebla-recibira-inversion-de-612-millones-de-dolares\\\/\"]}]},{\"@type\":\"ImageObject\",\"inLanguage\":\"es\",\"@id\":\"https:\\\/\\\/grupohoymexico.com\\\/tlaxcala\\\/estatal\\\/industria-textil-de-tlaxcala-y-puebla-recibira-inversion-de-612-millones-de-dolares\\\/#primaryimage\",\"url\":\"https:\\\/\\\/grupohoymexico.com\\\/tlaxcala\\\/wp-content\\\/uploads\\\/sites\\\/4\\\/2026\\\/03\\\/Industria-textil-Puebla-Tlaxcala.jpg\",\"contentUrl\":\"https:\\\/\\\/grupohoymexico.com\\\/tlaxcala\\\/wp-content\\\/uploads\\\/sites\\\/4\\\/2026\\\/03\\\/Industria-textil-Puebla-Tlaxcala.jpg\",\"width\":1200,\"height\":625,\"caption\":\"Foto: Gobierno de Tlaxcala\"},{\"@type\":\"BreadcrumbList\",\"@id\":\"https:\\\/\\\/grupohoymexico.com\\\/tlaxcala\\\/estatal\\\/industria-textil-de-tlaxcala-y-puebla-recibira-inversion-de-612-millones-de-dolares\\\/#breadcrumb\",\"itemListElement\":[{\"@type\":\"ListItem\",\"position\":1,\"name\":\"Inicio\",\"item\":\"https:\\\/\\\/grupohoymexico.com\\\/tlaxcala\\\/\"},{\"@type\":\"ListItem\",\"position\":2,\"name\":\"Industria textil de Tlaxcala y Puebla recibir\u00e1 inversi\u00f3n de 612 millones de d\u00f3lares\"}]},{\"@type\":\"WebSite\",\"@id\":\"https:\\\/\\\/grupohoymexico.com\\\/tlaxcala\\\/#website\",\"url\":\"https:\\\/\\\/grupohoymexico.com\\\/tlaxcala\\\/\",\"name\":\"Tlaxcala Hoy\",\"description\":\"El alma de la naci\u00f3n\",\"potentialAction\":[{\"@type\":\"SearchAction\",\"target\":{\"@type\":\"EntryPoint\",\"urlTemplate\":\"https:\\\/\\\/grupohoymexico.com\\\/tlaxcala\\\/?s={search_term_string}\"},\"query-input\":{\"@type\":\"PropertyValueSpecification\",\"valueRequired\":true,\"valueName\":\"search_term_string\"}}],\"inLanguage\":\"es\"},{\"@type\":\"Person\",\"@id\":\"https:\\\/\\\/grupohoymexico.com\\\/tlaxcala\\\/#\\\/schema\\\/person\\\/bc870cc34e948548ddb62cf78ef8474b\",\"name\":\"Redacci\u00f3n Grupo Hoy\",\"image\":{\"@type\":\"ImageObject\",\"inLanguage\":\"es\",\"@id\":\"https:\\\/\\\/secure.gravatar.com\\\/avatar\\\/e8a44ae8f1b7592837f8c496178e70e065758a27945df208805f8cf6fdd56893?s=96&d=mm&r=g\",\"url\":\"https:\\\/\\\/secure.gravatar.com\\\/avatar\\\/e8a44ae8f1b7592837f8c496178e70e065758a27945df208805f8cf6fdd56893?s=96&d=mm&r=g\",\"contentUrl\":\"https:\\\/\\\/secure.gravatar.com\\\/avatar\\\/e8a44ae8f1b7592837f8c496178e70e065758a27945df208805f8cf6fdd56893?s=96&d=mm&r=g\",\"caption\":\"Redacci\u00f3n Grupo Hoy\"},\"url\":\"https:\\\/\\\/grupohoymexico.com\\\/tlaxcala\\\/author\\\/redaccion\\\/\"}]}<\/script>\n<!-- \/ Yoast SEO Premium plugin. -->","yoast_head_json":{"title":"Fortalecen la industria textil Puebla-Tlaxcala a nivel regional","description":"El Gobierno de M\u00e9xico impulsa la industria textil Puebla-Tlaxcala con inversiones, apoyo institucional y medidas arancelarias.","robots":{"index":"index","follow":"follow","max-snippet":"max-snippet:-1","max-image-preview":"max-image-preview:large","max-video-preview":"max-video-preview:-1"},"canonical":"https:\/\/grupohoymexico.com\/tlaxcala\/estatal\/industria-textil-de-tlaxcala-y-puebla-recibira-inversion-de-612-millones-de-dolares\/","og_locale":"es_MX","og_type":"article","og_title":"Industria textil de Tlaxcala y Puebla recibir\u00e1 inversi\u00f3n de 612 millones de d\u00f3lares","og_description":"El Gobierno de M\u00e9xico impulsa la industria textil Puebla-Tlaxcala con inversiones, apoyo institucional y medidas arancelarias.","og_url":"https:\/\/grupohoymexico.com\/tlaxcala\/estatal\/industria-textil-de-tlaxcala-y-puebla-recibira-inversion-de-612-millones-de-dolares\/","og_site_name":"Tlaxcala Hoy","article_published_time":"2026-03-12T15:15:05+00:00","article_modified_time":"2026-03-12T15:15:58+00:00","og_image":[{"width":1200,"height":625,"url":"https:\/\/grupohoymexico.com\/tlaxcala\/wp-content\/uploads\/sites\/4\/2026\/03\/Industria-textil-Puebla-Tlaxcala.jpg","type":"image\/jpeg"}],"author":"Redacci\u00f3n Grupo Hoy","twitter_card":"summary_large_image","twitter_misc":{"Escrito por":"Redacci\u00f3n Grupo Hoy","Tiempo de lectura":"3 minutos"},"schema":{"@context":"https:\/\/schema.org","@graph":[{"@type":"Article","@id":"https:\/\/grupohoymexico.com\/tlaxcala\/estatal\/industria-textil-de-tlaxcala-y-puebla-recibira-inversion-de-612-millones-de-dolares\/#article","isPartOf":{"@id":"https:\/\/grupohoymexico.com\/tlaxcala\/estatal\/industria-textil-de-tlaxcala-y-puebla-recibira-inversion-de-612-millones-de-dolares\/"},"author":{"name":"Redacci\u00f3n Grupo Hoy","@id":"https:\/\/grupohoymexico.com\/tlaxcala\/#\/schema\/person\/bc870cc34e948548ddb62cf78ef8474b"},"headline":"Industria textil de Tlaxcala y Puebla recibir\u00e1 inversi\u00f3n de 612 millones de d\u00f3lares","datePublished":"2026-03-12T15:15:05+00:00","dateModified":"2026-03-12T15:15:58+00:00","mainEntityOfPage":{"@id":"https:\/\/grupohoymexico.com\/tlaxcala\/estatal\/industria-textil-de-tlaxcala-y-puebla-recibira-inversion-de-612-millones-de-dolares\/"},"wordCount":594,"commentCount":0,"image":{"@id":"https:\/\/grupohoymexico.com\/tlaxcala\/estatal\/industria-textil-de-tlaxcala-y-puebla-recibira-inversion-de-612-millones-de-dolares\/#primaryimage"},"thumbnailUrl":"https:\/\/grupohoymexico.com\/tlaxcala\/wp-content\/uploads\/sites\/4\/2026\/03\/Industria-textil-Puebla-Tlaxcala.jpg","keywords":["econom\u00eda","Industria Textil","Marcelo Ebrad","M\u00e9xico","puebla","Tlaxcala"],"articleSection":["Estatal"],"inLanguage":"es","potentialAction":[{"@type":"CommentAction","name":"Comment","target":["https:\/\/grupohoymexico.com\/tlaxcala\/estatal\/industria-textil-de-tlaxcala-y-puebla-recibira-inversion-de-612-millones-de-dolares\/#respond"]}]},{"@type":"WebPage","@id":"https:\/\/grupohoymexico.com\/tlaxcala\/estatal\/industria-textil-de-tlaxcala-y-puebla-recibira-inversion-de-612-millones-de-dolares\/","url":"https:\/\/grupohoymexico.com\/tlaxcala\/estatal\/industria-textil-de-tlaxcala-y-puebla-recibira-inversion-de-612-millones-de-dolares\/","name":"Fortalecen la industria textil Puebla-Tlaxcala a nivel regional","isPartOf":{"@id":"https:\/\/grupohoymexico.com\/tlaxcala\/#website"},"primaryImageOfPage":{"@id":"https:\/\/grupohoymexico.com\/tlaxcala\/estatal\/industria-textil-de-tlaxcala-y-puebla-recibira-inversion-de-612-millones-de-dolares\/#primaryimage"},"image":{"@id":"https:\/\/grupohoymexico.com\/tlaxcala\/estatal\/industria-textil-de-tlaxcala-y-puebla-recibira-inversion-de-612-millones-de-dolares\/#primaryimage"},"thumbnailUrl":"https:\/\/grupohoymexico.com\/tlaxcala\/wp-content\/uploads\/sites\/4\/2026\/03\/Industria-textil-Puebla-Tlaxcala.jpg","datePublished":"2026-03-12T15:15:05+00:00","dateModified":"2026-03-12T15:15:58+00:00","author":{"@id":"https:\/\/grupohoymexico.com\/tlaxcala\/#\/schema\/person\/bc870cc34e948548ddb62cf78ef8474b"},"description":"El Gobierno de M\u00e9xico impulsa la industria textil Puebla-Tlaxcala con inversiones, apoyo institucional y medidas arancelarias.","breadcrumb":{"@id":"https:\/\/grupohoymexico.com\/tlaxcala\/estatal\/industria-textil-de-tlaxcala-y-puebla-recibira-inversion-de-612-millones-de-dolares\/#breadcrumb"},"inLanguage":"es","potentialAction":[{"@type":"ReadAction","target":["https:\/\/grupohoymexico.com\/tlaxcala\/estatal\/industria-textil-de-tlaxcala-y-puebla-recibira-inversion-de-612-millones-de-dolares\/"]}]},{"@type":"ImageObject","inLanguage":"es","@id":"https:\/\/grupohoymexico.com\/tlaxcala\/estatal\/industria-textil-de-tlaxcala-y-puebla-recibira-inversion-de-612-millones-de-dolares\/#primaryimage","url":"https:\/\/grupohoymexico.com\/tlaxcala\/wp-content\/uploads\/sites\/4\/2026\/03\/Industria-textil-Puebla-Tlaxcala.jpg","contentUrl":"https:\/\/grupohoymexico.com\/tlaxcala\/wp-content\/uploads\/sites\/4\/2026\/03\/Industria-textil-Puebla-Tlaxcala.jpg","width":1200,"height":625,"caption":"Foto: Gobierno de Tlaxcala"},{"@type":"BreadcrumbList","@id":"https:\/\/grupohoymexico.com\/tlaxcala\/estatal\/industria-textil-de-tlaxcala-y-puebla-recibira-inversion-de-612-millones-de-dolares\/#breadcrumb","itemListElement":[{"@type":"ListItem","position":1,"name":"Inicio","item":"https:\/\/grupohoymexico.com\/tlaxcala\/"},{"@type":"ListItem","position":2,"name":"Industria textil de Tlaxcala y Puebla recibir\u00e1 inversi\u00f3n de 612 millones de d\u00f3lares"}]},{"@type":"WebSite","@id":"https:\/\/grupohoymexico.com\/tlaxcala\/#website","url":"https:\/\/grupohoymexico.com\/tlaxcala\/","name":"Tlaxcala Hoy","description":"El alma de la naci\u00f3n","potentialAction":[{"@type":"SearchAction","target":{"@type":"EntryPoint","urlTemplate":"https:\/\/grupohoymexico.com\/tlaxcala\/?s={search_term_string}"},"query-input":{"@type":"PropertyValueSpecification","valueRequired":true,"valueName":"search_term_string"}}],"inLanguage":"es"},{"@type":"Person","@id":"https:\/\/grupohoymexico.com\/tlaxcala\/#\/schema\/person\/bc870cc34e948548ddb62cf78ef8474b","name":"Redacci\u00f3n Grupo Hoy","image":{"@type":"ImageObject","inLanguage":"es","@id":"https:\/\/secure.gravatar.com\/avatar\/e8a44ae8f1b7592837f8c496178e70e065758a27945df208805f8cf6fdd56893?s=96&d=mm&r=g","url":"https:\/\/secure.gravatar.com\/avatar\/e8a44ae8f1b7592837f8c496178e70e065758a27945df208805f8cf6fdd56893?s=96&d=mm&r=g","contentUrl":"https:\/\/secure.gravatar.com\/avatar\/e8a44ae8f1b7592837f8c496178e70e065758a27945df208805f8cf6fdd56893?s=96&d=mm&r=g","caption":"Redacci\u00f3n Grupo Hoy"},"url":"https:\/\/grupohoymexico.com\/tlaxcala\/author\/redaccion\/"}]}},"_links":{"self":[{"href":"https:\/\/grupohoymexico.com\/tlaxcala\/wp-json\/wp\/v2\/posts\/5950","targetHints":{"allow":["GET"]}}],"collection":[{"href":"https:\/\/grupohoymexico.com\/tlaxcala\/wp-json\/wp\/v2\/posts"}],"about":[{"href":"https:\/\/grupohoymexico.com\/tlaxcala\/wp-json\/wp\/v2\/types\/post"}],"author":[{"embeddable":true,"href":"https:\/\/grupohoymexico.com\/tlaxcala\/wp-json\/wp\/v2\/users\/34"}],"replies":[{"embeddable":true,"href":"https:\/\/grupohoymexico.com\/tlaxcala\/wp-json\/wp\/v2\/comments?post=5950"}],"version-history":[{"count":3,"href":"https:\/\/grupohoymexico.com\/tlaxcala\/wp-json\/wp\/v2\/posts\/5950\/revisions"}],"predecessor-version":[{"id":5958,"href":"https:\/\/grupohoymexico.com\/tlaxcala\/wp-json\/wp\/v2\/posts\/5950\/revisions\/5958"}],"wp:featuredmedia":[{"embeddable":true,"href":"https:\/\/grupohoymexico.com\/tlaxcala\/wp-json\/wp\/v2\/media\/5956"}],"wp:attachment":[{"href":"https:\/\/grupohoymexico.com\/tlaxcala\/wp-json\/wp\/v2\/media?parent=5950"}],"wp:term":[{"taxonomy":"category","embeddable":true,"href":"https:\/\/grupohoymexico.com\/tlaxcala\/wp-json\/wp\/v2\/categories?post=5950"},{"taxonomy":"post_tag","embeddable":true,"href":"https:\/\/grupohoymexico.com\/tlaxcala\/wp-json\/wp\/v2\/tags?post=5950"}],"curies":[{"name":"wp","href":"https:\/\/api.w.org\/{rel}","templated":true}]}}