{"id":5944,"date":"2026-03-12T11:48:02","date_gmt":"2026-03-12T17:48:02","guid":{"rendered":"https:\/\/grupohoymexico.com\/tlaxcala\/?p=5944"},"modified":"2026-03-12T11:48:02","modified_gmt":"2026-03-12T17:48:02","slug":"beca-rita-cetina-2026-como-registrarse-requisitos-y-monto-del-apoyo-para-estudiantes","status":"publish","type":"post","link":"https:\/\/grupohoymexico.com\/tlaxcala\/estatal\/beca-rita-cetina-2026-como-registrarse-requisitos-y-monto-del-apoyo-para-estudiantes\/","title":{"rendered":"Beca Rita Cetina 2026: c\u00f3mo registrarse, requisitos y monto del apoyo para estudiantes"},"content":{"rendered":"<p data-start=\"104\" data-end=\"484\">El programa <strong data-start=\"116\" data-end=\"162\"><span class=\"hover:entity-accent entity-underline inline cursor-pointer align-baseline\"><span class=\"whitespace-normal\">Beca Rita Cetina<\/span><\/span> 2026<\/strong> abri\u00f3 oficialmente su periodo de registro para familias con estudiantes inscritos en secundaria en <span class=\"hover:entity-accent entity-underline inline cursor-pointer align-baseline\"><span class=\"whitespace-normal\">M\u00e9xico<\/span><\/span>. Este apoyo econ\u00f3mico forma parte de las pol\u00edticas educativas del gobierno federal para <strong data-start=\"388\" data-end=\"483\">reducir la deserci\u00f3n escolar y apoyar la permanencia de los estudiantes en educaci\u00f3n b\u00e1sica<\/strong>.<\/p>\n<p data-start=\"486\" data-end=\"801\">De acuerdo con la informaci\u00f3n disponible en el portal oficial del programa, las familias beneficiarias pueden recibir <strong data-start=\"604\" data-end=\"641\">un apoyo bimestral de 1,900 pesos<\/strong>, adem\u00e1s de <strong data-start=\"653\" data-end=\"713\">700 pesos adicionales por cada hijo que curse secundaria<\/strong>, lo que permite ampliar el beneficio dependiendo del n\u00famero de estudiantes en el hogar.<\/p>\n<p data-start=\"803\" data-end=\"985\">Este programa busca <strong data-start=\"823\" data-end=\"919\">aliviar los gastos escolares y apoyar la continuidad educativa de miles de j\u00f3venes mexicanos<\/strong>, especialmente en comunidades con mayores necesidades econ\u00f3micas.<\/p>\n<h3 data-start=\"803\" data-end=\"985\"><strong>Sigue nuestras cuentas en Facebook e Instagram para mantenerte informado con las noticias m\u00e1s relevantes.<\/strong><\/h3>\n<h2 data-section-id=\"5ks1s0\" data-start=\"992\" data-end=\"1047\"><strong>\u00bfQu\u00e9 es la Beca Rita Cetina y a qui\u00e9n est\u00e1 dirigida?<\/strong><\/h2>\n<p data-start=\"1049\" data-end=\"1298\">La <strong data-start=\"1052\" data-end=\"1093\"><span class=\"hover:entity-accent entity-underline inline cursor-pointer align-baseline\"><span class=\"whitespace-normal\">Beca Rita Cetina<\/span><\/span><\/strong> es un programa social dirigido a <strong data-start=\"1127\" data-end=\"1189\">familias con estudiantes inscritos en educaci\u00f3n secundaria<\/strong>, con el objetivo de apoyar econ\u00f3micamente a los hogares y garantizar que los j\u00f3venes contin\u00faen sus estudios.<\/p>\n<p data-start=\"1300\" data-end=\"1494\">El apoyo forma parte de las estrategias educativas impulsadas por la <span class=\"hover:entity-accent entity-underline inline cursor-pointer align-baseline\"><span class=\"whitespace-normal\">Secretar\u00eda de Educaci\u00f3n P\u00fablica<\/span><\/span> para fortalecer la permanencia escolar y disminuir la desigualdad educativa en el pa\u00eds.<\/p>\n<p data-start=\"1496\" data-end=\"1550\">Entre los objetivos principales del programa destacan:<\/p>\n<ul data-start=\"1552\" data-end=\"1767\">\n<li data-section-id=\"3oflhy\" data-start=\"1552\" data-end=\"1602\">\n<p data-start=\"1554\" data-end=\"1602\">Reducir la <strong data-start=\"1565\" data-end=\"1600\">deserci\u00f3n escolar en secundaria.<\/strong><\/p>\n<\/li>\n<li data-section-id=\"1wrzs53\" data-start=\"1603\" data-end=\"1650\">\n<p data-start=\"1605\" data-end=\"1650\">Apoyar a familias con <strong data-start=\"1627\" data-end=\"1648\">gastos educativos.<\/strong><\/p>\n<\/li>\n<li data-section-id=\"1fyvkt0\" data-start=\"1651\" data-end=\"1708\">\n<p data-start=\"1653\" data-end=\"1708\">Promover la <strong data-start=\"1665\" data-end=\"1706\">continuidad acad\u00e9mica de adolescentes.<\/strong><\/p>\n<\/li>\n<li data-section-id=\"ov379t\" data-start=\"1709\" data-end=\"1767\">\n<p data-start=\"1711\" data-end=\"1767\">Garantizar mayor <strong data-start=\"1728\" data-end=\"1767\">equidad en el acceso a la educaci\u00f3n.<\/strong><\/p>\n<\/li>\n<\/ul>\n<h2 data-section-id=\"1kqhwp3\" data-start=\"1774\" data-end=\"1810\"><strong>Monto de la Beca Rita Cetina 2026<\/strong><\/h2>\n<p data-start=\"1812\" data-end=\"1955\">El apoyo econ\u00f3mico que ofrece el programa se entrega <strong data-start=\"1865\" data-end=\"1887\">de forma bimestral<\/strong> y puede variar dependiendo del n\u00famero de estudiantes en la familia.<\/p>\n<p data-start=\"1957\" data-end=\"1985\">Los montos establecidos son:<\/p>\n<ul data-start=\"1987\" data-end=\"2095\">\n<li data-section-id=\"1vsm6q9\" data-start=\"1987\" data-end=\"2030\">\n<p data-start=\"1989\" data-end=\"2030\"><strong data-start=\"1989\" data-end=\"2028\">1,900 pesos bimestrales por familia.<\/strong><\/p>\n<\/li>\n<li data-section-id=\"zr8sxm\" data-start=\"2031\" data-end=\"2095\">\n<p data-start=\"2033\" data-end=\"2095\"><strong data-start=\"2033\" data-end=\"2095\">700 pesos adicionales por cada hijo inscrito en secundaria.<\/strong><\/p>\n<\/li>\n<\/ul>\n<p data-start=\"2097\" data-end=\"2262\">Este esquema permite que <strong data-start=\"2122\" data-end=\"2196\">familias con m\u00e1s de un estudiante en secundaria reciban un apoyo mayor<\/strong>, lo que contribuye a cubrir gastos relacionados con la educaci\u00f3n.<\/p>\n<p data-start=\"2264\" data-end=\"2324\">Entre los gastos que el programa busca apoyar se encuentran: material escolar, transporte, uniformes y otros gastos educativos.<\/p>\n<h3 data-start=\"2264\" data-end=\"2324\"><em><strong>Leer m\u00e1s: <a href=\"https:\/\/grupohoymexico.com\/tlaxcala\/estatal\/industria-textil-de-tlaxcala-y-puebla-recibira-inversion-de-612-millones-de-dolares\/\">Industria textil de Tlaxcala y Puebla recibir\u00e1 inversi\u00f3n de 612 millones de d\u00f3lares<\/a><\/strong><\/em><\/h3>\n<h2 data-section-id=\"1eb4xib\" data-start=\"2408\" data-end=\"2442\"><strong>Duraci\u00f3n de la Beca Rita Cetina<\/strong><\/h2>\n<p data-start=\"2444\" data-end=\"2613\">El programa puede otorgarse <strong data-start=\"2472\" data-end=\"2494\">hasta por 30 meses<\/strong>, siempre y cuando los estudiantes contin\u00faen cumpliendo con los requisitos establecidos por las autoridades educativas.<\/p>\n<p data-start=\"2615\" data-end=\"2670\">Para mantener el apoyo activo, los beneficiarios deben:<\/p>\n<ul data-start=\"2672\" data-end=\"2826\">\n<li data-section-id=\"fzdtoi\" data-start=\"2672\" data-end=\"2710\">\n<p data-start=\"2674\" data-end=\"2710\">Permanecer inscritos en secundaria<\/p>\n<\/li>\n<li data-section-id=\"1sh4ac2\" data-start=\"2711\" data-end=\"2762\">\n<p data-start=\"2713\" data-end=\"2762\">Cumplir con el proceso de registro del programa<\/p>\n<\/li>\n<li data-section-id=\"1a8p5dz\" data-start=\"2763\" data-end=\"2826\">\n<p data-start=\"2765\" data-end=\"2826\">Actualizar su informaci\u00f3n cuando lo soliciten las autoridades<\/p>\n<\/li>\n<\/ul>\n<p data-start=\"2828\" data-end=\"2987\">Las autoridades federales y estatales supervisan el cumplimiento de estos requisitos para garantizar que los recursos lleguen a quienes realmente lo necesitan.<\/p>\n<h2 data-section-id=\"3q9mq8\" data-start=\"2994\" data-end=\"3035\"><strong>Registro para la Beca Rita Cetina 2026<\/strong><\/h2>\n<p data-start=\"3037\" data-end=\"3199\">El <strong data-start=\"3040\" data-end=\"3071\">registro para el ciclo 2026<\/strong> se habilit\u00f3 desde los primeros d\u00edas de marzo y se mantendr\u00e1 abierto hasta que se asignen los recursos disponibles del programa.<\/p>\n<p data-start=\"3201\" data-end=\"3413\">En estados como <span class=\"hover:entity-accent entity-underline inline cursor-pointer align-baseline\"><span class=\"whitespace-normal\">Tlaxcala<\/span><\/span>, las autoridades educativas han organizado <strong data-start=\"3298\" data-end=\"3347\">asambleas informativas y jornadas de registro<\/strong> para orientar a las familias interesadas en acceder a este apoyo.<\/p>\n<p data-start=\"3415\" data-end=\"3587\">El proceso de inscripci\u00f3n se realiza a trav\u00e9s del portal oficial del programa, donde los solicitantes deben completar su registro y proporcionar la documentaci\u00f3n requerida.<\/p>\n<h2 data-start=\"3415\" data-end=\"3587\"><a href=\"https:\/\/whatsapp.com\/channel\/0029Vaylt1XG3R3gm4Nsgp2m\"><strong>\u00danete a nuestro canal de WhatsApp<\/strong><\/a><\/h2>\n","protected":false},"excerpt":{"rendered":"El programa Beca Rita Cetina 2026 abri\u00f3 oficialmente su periodo de registro para familias con estudiantes inscritos en&hellip;","protected":false},"author":34,"featured_media":5960,"comment_status":"open","ping_status":"open","sticky":false,"template":"","format":"standard","meta":{"csco_display_header_overlay":false,"csco_singular_sidebar":"","csco_page_header_type":"","csco_page_load_nextpost":"","csco_post_video_location":[],"csco_post_video_location_hash":"","csco_post_video_url":"","csco_post_video_bg_start_time":0,"csco_post_video_bg_end_time":0,"footnotes":""},"categories":[172],"tags":[1805,207,1779,229],"class_list":{"0":"post-5944","1":"post","2":"type-post","3":"status-publish","4":"format-standard","5":"has-post-thumbnail","7":"category-estatal","8":"tag-beca-rita-cetina","9":"tag-educacion","10":"tag-estudiantes","11":"tag-tlaxcala","12":"cs-entry","13":"cs-video-wrap"},"yoast_head":"<!-- This site is optimized with the Yoast SEO Premium plugin v24.7 (Yoast SEO v27.4) - https:\/\/yoast.com\/product\/yoast-seo-premium-wordpress\/ -->\n<title>Registro abierto para Beca Rita Cetina 2026 con apoyo a secundaria<\/title>\n<meta name=\"description\" content=\"El programa Beca Rita Cetina abri\u00f3 registro para el ciclo 2026, ofreciendo apoyo econ\u00f3mico a familias con estudiantes en Tlaxcala.\" \/>\n<meta name=\"robots\" content=\"index, follow, max-snippet:-1, max-image-preview:large, max-video-preview:-1\" \/>\n<link rel=\"canonical\" href=\"https:\/\/grupohoymexico.com\/tlaxcala\/estatal\/beca-rita-cetina-2026-como-registrarse-requisitos-y-monto-del-apoyo-para-estudiantes\/\" \/>\n<meta property=\"og:locale\" content=\"es_MX\" \/>\n<meta property=\"og:type\" content=\"article\" \/>\n<meta property=\"og:title\" content=\"Beca Rita Cetina 2026: c\u00f3mo registrarse, requisitos y monto del apoyo para estudiantes\" \/>\n<meta property=\"og:description\" content=\"El programa Beca Rita Cetina abri\u00f3 registro para el ciclo 2026, ofreciendo apoyo econ\u00f3mico a familias con estudiantes en Tlaxcala.\" \/>\n<meta property=\"og:url\" content=\"https:\/\/grupohoymexico.com\/tlaxcala\/estatal\/beca-rita-cetina-2026-como-registrarse-requisitos-y-monto-del-apoyo-para-estudiantes\/\" \/>\n<meta property=\"og:site_name\" content=\"Tlaxcala Hoy\" \/>\n<meta property=\"article:published_time\" content=\"2026-03-12T17:48:02+00:00\" \/>\n<meta property=\"og:image\" content=\"https:\/\/grupohoymexico.com\/tlaxcala\/wp-content\/uploads\/sites\/4\/2026\/03\/Beca-Rita-Cetina.jpg\" \/>\n\t<meta property=\"og:image:width\" content=\"1200\" \/>\n\t<meta property=\"og:image:height\" content=\"625\" \/>\n\t<meta property=\"og:image:type\" content=\"image\/jpeg\" \/>\n<meta name=\"author\" content=\"Redacci\u00f3n Grupo Hoy\" \/>\n<meta name=\"twitter:card\" content=\"summary_large_image\" \/>\n<meta name=\"twitter:label1\" content=\"Escrito por\" \/>\n\t<meta name=\"twitter:data1\" content=\"Redacci\u00f3n Grupo Hoy\" \/>\n\t<meta name=\"twitter:label2\" content=\"Tiempo de lectura\" \/>\n\t<meta name=\"twitter:data2\" content=\"3 minutos\" \/>\n<script type=\"application\/ld+json\" class=\"yoast-schema-graph\">{\"@context\":\"https:\\\/\\\/schema.org\",\"@graph\":[{\"@type\":\"Article\",\"@id\":\"https:\\\/\\\/grupohoymexico.com\\\/tlaxcala\\\/estatal\\\/beca-rita-cetina-2026-como-registrarse-requisitos-y-monto-del-apoyo-para-estudiantes\\\/#article\",\"isPartOf\":{\"@id\":\"https:\\\/\\\/grupohoymexico.com\\\/tlaxcala\\\/estatal\\\/beca-rita-cetina-2026-como-registrarse-requisitos-y-monto-del-apoyo-para-estudiantes\\\/\"},\"author\":{\"name\":\"Redacci\u00f3n Grupo Hoy\",\"@id\":\"https:\\\/\\\/grupohoymexico.com\\\/tlaxcala\\\/#\\\/schema\\\/person\\\/bc870cc34e948548ddb62cf78ef8474b\"},\"headline\":\"Beca Rita Cetina 2026: c\u00f3mo registrarse, requisitos y monto del apoyo para estudiantes\",\"datePublished\":\"2026-03-12T17:48:02+00:00\",\"mainEntityOfPage\":{\"@id\":\"https:\\\/\\\/grupohoymexico.com\\\/tlaxcala\\\/estatal\\\/beca-rita-cetina-2026-como-registrarse-requisitos-y-monto-del-apoyo-para-estudiantes\\\/\"},\"wordCount\":560,\"commentCount\":0,\"image\":{\"@id\":\"https:\\\/\\\/grupohoymexico.com\\\/tlaxcala\\\/estatal\\\/beca-rita-cetina-2026-como-registrarse-requisitos-y-monto-del-apoyo-para-estudiantes\\\/#primaryimage\"},\"thumbnailUrl\":\"https:\\\/\\\/grupohoymexico.com\\\/tlaxcala\\\/wp-content\\\/uploads\\\/sites\\\/4\\\/2026\\\/03\\\/Beca-Rita-Cetina.jpg\",\"keywords\":[\"Beca Rita Cetina\",\"Educaci\u00f3n\",\"Estudiantes\",\"Tlaxcala\"],\"articleSection\":[\"Estatal\"],\"inLanguage\":\"es\",\"potentialAction\":[{\"@type\":\"CommentAction\",\"name\":\"Comment\",\"target\":[\"https:\\\/\\\/grupohoymexico.com\\\/tlaxcala\\\/estatal\\\/beca-rita-cetina-2026-como-registrarse-requisitos-y-monto-del-apoyo-para-estudiantes\\\/#respond\"]}]},{\"@type\":\"WebPage\",\"@id\":\"https:\\\/\\\/grupohoymexico.com\\\/tlaxcala\\\/estatal\\\/beca-rita-cetina-2026-como-registrarse-requisitos-y-monto-del-apoyo-para-estudiantes\\\/\",\"url\":\"https:\\\/\\\/grupohoymexico.com\\\/tlaxcala\\\/estatal\\\/beca-rita-cetina-2026-como-registrarse-requisitos-y-monto-del-apoyo-para-estudiantes\\\/\",\"name\":\"Registro abierto para Beca Rita Cetina 2026 con apoyo a secundaria\",\"isPartOf\":{\"@id\":\"https:\\\/\\\/grupohoymexico.com\\\/tlaxcala\\\/#website\"},\"primaryImageOfPage\":{\"@id\":\"https:\\\/\\\/grupohoymexico.com\\\/tlaxcala\\\/estatal\\\/beca-rita-cetina-2026-como-registrarse-requisitos-y-monto-del-apoyo-para-estudiantes\\\/#primaryimage\"},\"image\":{\"@id\":\"https:\\\/\\\/grupohoymexico.com\\\/tlaxcala\\\/estatal\\\/beca-rita-cetina-2026-como-registrarse-requisitos-y-monto-del-apoyo-para-estudiantes\\\/#primaryimage\"},\"thumbnailUrl\":\"https:\\\/\\\/grupohoymexico.com\\\/tlaxcala\\\/wp-content\\\/uploads\\\/sites\\\/4\\\/2026\\\/03\\\/Beca-Rita-Cetina.jpg\",\"datePublished\":\"2026-03-12T17:48:02+00:00\",\"author\":{\"@id\":\"https:\\\/\\\/grupohoymexico.com\\\/tlaxcala\\\/#\\\/schema\\\/person\\\/bc870cc34e948548ddb62cf78ef8474b\"},\"description\":\"El programa Beca Rita Cetina abri\u00f3 registro para el ciclo 2026, ofreciendo apoyo econ\u00f3mico a familias con estudiantes en Tlaxcala.\",\"breadcrumb\":{\"@id\":\"https:\\\/\\\/grupohoymexico.com\\\/tlaxcala\\\/estatal\\\/beca-rita-cetina-2026-como-registrarse-requisitos-y-monto-del-apoyo-para-estudiantes\\\/#breadcrumb\"},\"inLanguage\":\"es\",\"potentialAction\":[{\"@type\":\"ReadAction\",\"target\":[\"https:\\\/\\\/grupohoymexico.com\\\/tlaxcala\\\/estatal\\\/beca-rita-cetina-2026-como-registrarse-requisitos-y-monto-del-apoyo-para-estudiantes\\\/\"]}]},{\"@type\":\"ImageObject\",\"inLanguage\":\"es\",\"@id\":\"https:\\\/\\\/grupohoymexico.com\\\/tlaxcala\\\/estatal\\\/beca-rita-cetina-2026-como-registrarse-requisitos-y-monto-del-apoyo-para-estudiantes\\\/#primaryimage\",\"url\":\"https:\\\/\\\/grupohoymexico.com\\\/tlaxcala\\\/wp-content\\\/uploads\\\/sites\\\/4\\\/2026\\\/03\\\/Beca-Rita-Cetina.jpg\",\"contentUrl\":\"https:\\\/\\\/grupohoymexico.com\\\/tlaxcala\\\/wp-content\\\/uploads\\\/sites\\\/4\\\/2026\\\/03\\\/Beca-Rita-Cetina.jpg\",\"width\":1200,\"height\":625,\"caption\":\"Foto: Grupo Hoy\"},{\"@type\":\"BreadcrumbList\",\"@id\":\"https:\\\/\\\/grupohoymexico.com\\\/tlaxcala\\\/estatal\\\/beca-rita-cetina-2026-como-registrarse-requisitos-y-monto-del-apoyo-para-estudiantes\\\/#breadcrumb\",\"itemListElement\":[{\"@type\":\"ListItem\",\"position\":1,\"name\":\"Inicio\",\"item\":\"https:\\\/\\\/grupohoymexico.com\\\/tlaxcala\\\/\"},{\"@type\":\"ListItem\",\"position\":2,\"name\":\"Beca Rita Cetina 2026: c\u00f3mo registrarse, requisitos y monto del apoyo para estudiantes\"}]},{\"@type\":\"WebSite\",\"@id\":\"https:\\\/\\\/grupohoymexico.com\\\/tlaxcala\\\/#website\",\"url\":\"https:\\\/\\\/grupohoymexico.com\\\/tlaxcala\\\/\",\"name\":\"Tlaxcala Hoy\",\"description\":\"El alma de la naci\u00f3n\",\"potentialAction\":[{\"@type\":\"SearchAction\",\"target\":{\"@type\":\"EntryPoint\",\"urlTemplate\":\"https:\\\/\\\/grupohoymexico.com\\\/tlaxcala\\\/?s={search_term_string}\"},\"query-input\":{\"@type\":\"PropertyValueSpecification\",\"valueRequired\":true,\"valueName\":\"search_term_string\"}}],\"inLanguage\":\"es\"},{\"@type\":\"Person\",\"@id\":\"https:\\\/\\\/grupohoymexico.com\\\/tlaxcala\\\/#\\\/schema\\\/person\\\/bc870cc34e948548ddb62cf78ef8474b\",\"name\":\"Redacci\u00f3n Grupo Hoy\",\"image\":{\"@type\":\"ImageObject\",\"inLanguage\":\"es\",\"@id\":\"https:\\\/\\\/secure.gravatar.com\\\/avatar\\\/e8a44ae8f1b7592837f8c496178e70e065758a27945df208805f8cf6fdd56893?s=96&d=mm&r=g\",\"url\":\"https:\\\/\\\/secure.gravatar.com\\\/avatar\\\/e8a44ae8f1b7592837f8c496178e70e065758a27945df208805f8cf6fdd56893?s=96&d=mm&r=g\",\"contentUrl\":\"https:\\\/\\\/secure.gravatar.com\\\/avatar\\\/e8a44ae8f1b7592837f8c496178e70e065758a27945df208805f8cf6fdd56893?s=96&d=mm&r=g\",\"caption\":\"Redacci\u00f3n Grupo Hoy\"},\"url\":\"https:\\\/\\\/grupohoymexico.com\\\/tlaxcala\\\/author\\\/redaccion\\\/\"}]}<\/script>\n<!-- \/ Yoast SEO Premium plugin. -->","yoast_head_json":{"title":"Registro abierto para Beca Rita Cetina 2026 con apoyo a secundaria","description":"El programa Beca Rita Cetina abri\u00f3 registro para el ciclo 2026, ofreciendo apoyo econ\u00f3mico a familias con estudiantes en Tlaxcala.","robots":{"index":"index","follow":"follow","max-snippet":"max-snippet:-1","max-image-preview":"max-image-preview:large","max-video-preview":"max-video-preview:-1"},"canonical":"https:\/\/grupohoymexico.com\/tlaxcala\/estatal\/beca-rita-cetina-2026-como-registrarse-requisitos-y-monto-del-apoyo-para-estudiantes\/","og_locale":"es_MX","og_type":"article","og_title":"Beca Rita Cetina 2026: c\u00f3mo registrarse, requisitos y monto del apoyo para estudiantes","og_description":"El programa Beca Rita Cetina abri\u00f3 registro para el ciclo 2026, ofreciendo apoyo econ\u00f3mico a familias con estudiantes en Tlaxcala.","og_url":"https:\/\/grupohoymexico.com\/tlaxcala\/estatal\/beca-rita-cetina-2026-como-registrarse-requisitos-y-monto-del-apoyo-para-estudiantes\/","og_site_name":"Tlaxcala Hoy","article_published_time":"2026-03-12T17:48:02+00:00","og_image":[{"width":1200,"height":625,"url":"https:\/\/grupohoymexico.com\/tlaxcala\/wp-content\/uploads\/sites\/4\/2026\/03\/Beca-Rita-Cetina.jpg","type":"image\/jpeg"}],"author":"Redacci\u00f3n Grupo Hoy","twitter_card":"summary_large_image","twitter_misc":{"Escrito por":"Redacci\u00f3n Grupo Hoy","Tiempo de lectura":"3 minutos"},"schema":{"@context":"https:\/\/schema.org","@graph":[{"@type":"Article","@id":"https:\/\/grupohoymexico.com\/tlaxcala\/estatal\/beca-rita-cetina-2026-como-registrarse-requisitos-y-monto-del-apoyo-para-estudiantes\/#article","isPartOf":{"@id":"https:\/\/grupohoymexico.com\/tlaxcala\/estatal\/beca-rita-cetina-2026-como-registrarse-requisitos-y-monto-del-apoyo-para-estudiantes\/"},"author":{"name":"Redacci\u00f3n Grupo Hoy","@id":"https:\/\/grupohoymexico.com\/tlaxcala\/#\/schema\/person\/bc870cc34e948548ddb62cf78ef8474b"},"headline":"Beca Rita Cetina 2026: c\u00f3mo registrarse, requisitos y monto del apoyo para estudiantes","datePublished":"2026-03-12T17:48:02+00:00","mainEntityOfPage":{"@id":"https:\/\/grupohoymexico.com\/tlaxcala\/estatal\/beca-rita-cetina-2026-como-registrarse-requisitos-y-monto-del-apoyo-para-estudiantes\/"},"wordCount":560,"commentCount":0,"image":{"@id":"https:\/\/grupohoymexico.com\/tlaxcala\/estatal\/beca-rita-cetina-2026-como-registrarse-requisitos-y-monto-del-apoyo-para-estudiantes\/#primaryimage"},"thumbnailUrl":"https:\/\/grupohoymexico.com\/tlaxcala\/wp-content\/uploads\/sites\/4\/2026\/03\/Beca-Rita-Cetina.jpg","keywords":["Beca Rita Cetina","Educaci\u00f3n","Estudiantes","Tlaxcala"],"articleSection":["Estatal"],"inLanguage":"es","potentialAction":[{"@type":"CommentAction","name":"Comment","target":["https:\/\/grupohoymexico.com\/tlaxcala\/estatal\/beca-rita-cetina-2026-como-registrarse-requisitos-y-monto-del-apoyo-para-estudiantes\/#respond"]}]},{"@type":"WebPage","@id":"https:\/\/grupohoymexico.com\/tlaxcala\/estatal\/beca-rita-cetina-2026-como-registrarse-requisitos-y-monto-del-apoyo-para-estudiantes\/","url":"https:\/\/grupohoymexico.com\/tlaxcala\/estatal\/beca-rita-cetina-2026-como-registrarse-requisitos-y-monto-del-apoyo-para-estudiantes\/","name":"Registro abierto para Beca Rita Cetina 2026 con apoyo a secundaria","isPartOf":{"@id":"https:\/\/grupohoymexico.com\/tlaxcala\/#website"},"primaryImageOfPage":{"@id":"https:\/\/grupohoymexico.com\/tlaxcala\/estatal\/beca-rita-cetina-2026-como-registrarse-requisitos-y-monto-del-apoyo-para-estudiantes\/#primaryimage"},"image":{"@id":"https:\/\/grupohoymexico.com\/tlaxcala\/estatal\/beca-rita-cetina-2026-como-registrarse-requisitos-y-monto-del-apoyo-para-estudiantes\/#primaryimage"},"thumbnailUrl":"https:\/\/grupohoymexico.com\/tlaxcala\/wp-content\/uploads\/sites\/4\/2026\/03\/Beca-Rita-Cetina.jpg","datePublished":"2026-03-12T17:48:02+00:00","author":{"@id":"https:\/\/grupohoymexico.com\/tlaxcala\/#\/schema\/person\/bc870cc34e948548ddb62cf78ef8474b"},"description":"El programa Beca Rita Cetina abri\u00f3 registro para el ciclo 2026, ofreciendo apoyo econ\u00f3mico a familias con estudiantes en Tlaxcala.","breadcrumb":{"@id":"https:\/\/grupohoymexico.com\/tlaxcala\/estatal\/beca-rita-cetina-2026-como-registrarse-requisitos-y-monto-del-apoyo-para-estudiantes\/#breadcrumb"},"inLanguage":"es","potentialAction":[{"@type":"ReadAction","target":["https:\/\/grupohoymexico.com\/tlaxcala\/estatal\/beca-rita-cetina-2026-como-registrarse-requisitos-y-monto-del-apoyo-para-estudiantes\/"]}]},{"@type":"ImageObject","inLanguage":"es","@id":"https:\/\/grupohoymexico.com\/tlaxcala\/estatal\/beca-rita-cetina-2026-como-registrarse-requisitos-y-monto-del-apoyo-para-estudiantes\/#primaryimage","url":"https:\/\/grupohoymexico.com\/tlaxcala\/wp-content\/uploads\/sites\/4\/2026\/03\/Beca-Rita-Cetina.jpg","contentUrl":"https:\/\/grupohoymexico.com\/tlaxcala\/wp-content\/uploads\/sites\/4\/2026\/03\/Beca-Rita-Cetina.jpg","width":1200,"height":625,"caption":"Foto: Grupo Hoy"},{"@type":"BreadcrumbList","@id":"https:\/\/grupohoymexico.com\/tlaxcala\/estatal\/beca-rita-cetina-2026-como-registrarse-requisitos-y-monto-del-apoyo-para-estudiantes\/#breadcrumb","itemListElement":[{"@type":"ListItem","position":1,"name":"Inicio","item":"https:\/\/grupohoymexico.com\/tlaxcala\/"},{"@type":"ListItem","position":2,"name":"Beca Rita Cetina 2026: c\u00f3mo registrarse, requisitos y monto del apoyo para estudiantes"}]},{"@type":"WebSite","@id":"https:\/\/grupohoymexico.com\/tlaxcala\/#website","url":"https:\/\/grupohoymexico.com\/tlaxcala\/","name":"Tlaxcala Hoy","description":"El alma de la naci\u00f3n","potentialAction":[{"@type":"SearchAction","target":{"@type":"EntryPoint","urlTemplate":"https:\/\/grupohoymexico.com\/tlaxcala\/?s={search_term_string}"},"query-input":{"@type":"PropertyValueSpecification","valueRequired":true,"valueName":"search_term_string"}}],"inLanguage":"es"},{"@type":"Person","@id":"https:\/\/grupohoymexico.com\/tlaxcala\/#\/schema\/person\/bc870cc34e948548ddb62cf78ef8474b","name":"Redacci\u00f3n Grupo Hoy","image":{"@type":"ImageObject","inLanguage":"es","@id":"https:\/\/secure.gravatar.com\/avatar\/e8a44ae8f1b7592837f8c496178e70e065758a27945df208805f8cf6fdd56893?s=96&d=mm&r=g","url":"https:\/\/secure.gravatar.com\/avatar\/e8a44ae8f1b7592837f8c496178e70e065758a27945df208805f8cf6fdd56893?s=96&d=mm&r=g","contentUrl":"https:\/\/secure.gravatar.com\/avatar\/e8a44ae8f1b7592837f8c496178e70e065758a27945df208805f8cf6fdd56893?s=96&d=mm&r=g","caption":"Redacci\u00f3n Grupo Hoy"},"url":"https:\/\/grupohoymexico.com\/tlaxcala\/author\/redaccion\/"}]}},"_links":{"self":[{"href":"https:\/\/grupohoymexico.com\/tlaxcala\/wp-json\/wp\/v2\/posts\/5944","targetHints":{"allow":["GET"]}}],"collection":[{"href":"https:\/\/grupohoymexico.com\/tlaxcala\/wp-json\/wp\/v2\/posts"}],"about":[{"href":"https:\/\/grupohoymexico.com\/tlaxcala\/wp-json\/wp\/v2\/types\/post"}],"author":[{"embeddable":true,"href":"https:\/\/grupohoymexico.com\/tlaxcala\/wp-json\/wp\/v2\/users\/34"}],"replies":[{"embeddable":true,"href":"https:\/\/grupohoymexico.com\/tlaxcala\/wp-json\/wp\/v2\/comments?post=5944"}],"version-history":[{"count":2,"href":"https:\/\/grupohoymexico.com\/tlaxcala\/wp-json\/wp\/v2\/posts\/5944\/revisions"}],"predecessor-version":[{"id":5961,"href":"https:\/\/grupohoymexico.com\/tlaxcala\/wp-json\/wp\/v2\/posts\/5944\/revisions\/5961"}],"wp:featuredmedia":[{"embeddable":true,"href":"https:\/\/grupohoymexico.com\/tlaxcala\/wp-json\/wp\/v2\/media\/5960"}],"wp:attachment":[{"href":"https:\/\/grupohoymexico.com\/tlaxcala\/wp-json\/wp\/v2\/media?parent=5944"}],"wp:term":[{"taxonomy":"category","embeddable":true,"href":"https:\/\/grupohoymexico.com\/tlaxcala\/wp-json\/wp\/v2\/categories?post=5944"},{"taxonomy":"post_tag","embeddable":true,"href":"https:\/\/grupohoymexico.com\/tlaxcala\/wp-json\/wp\/v2\/tags?post=5944"}],"curies":[{"name":"wp","href":"https:\/\/api.w.org\/{rel}","templated":true}]}}