{"id":5934,"date":"2026-03-11T09:09:56","date_gmt":"2026-03-11T15:09:56","guid":{"rendered":"https:\/\/grupohoymexico.com\/tlaxcala\/?p=5934"},"modified":"2026-03-11T09:09:56","modified_gmt":"2026-03-11T15:09:56","slug":"lorena-cuellar-inaugura-complejo-de-salud-en-tlaxcala-con-inversion-de-33-mdp","status":"publish","type":"post","link":"https:\/\/grupohoymexico.com\/tlaxcala\/estatal\/lorena-cuellar-inaugura-complejo-de-salud-en-tlaxcala-con-inversion-de-33-mdp\/","title":{"rendered":"Lorena Cu\u00e9llar inaugura complejo de salud en Tlaxcala con inversi\u00f3n de 33 mdp"},"content":{"rendered":"<p data-start=\"95\" data-end=\"416\">La gobernadora de <span class=\"hover:entity-accent entity-underline inline cursor-pointer align-baseline\"><span class=\"whitespace-normal\">Tlaxcala<\/span><\/span>, <strong><span class=\"hover:entity-accent entity-underline inline cursor-pointer align-baseline\"><span class=\"whitespace-normal\">Lorena Cu\u00e9llar Cisneros<\/span><\/span><\/strong>, inaugur\u00f3 las nuevas instalaciones de la <strong><span class=\"hover:entity-accent entity-underline inline cursor-pointer align-baseline\"><span class=\"whitespace-normal\">Comisi\u00f3n Estatal para la Protecci\u00f3n contra Riesgos Sanitarios de Tlaxcala<\/span><\/span> (COEPRIST)<\/strong>, la <strong><span class=\"hover:entity-accent entity-underline inline cursor-pointer align-baseline\"><span class=\"whitespace-normal\">Comisi\u00f3n Estatal de Arbitraje M\u00e9dico de Tlaxcala<\/span><\/span> (CEAM)<\/strong> y el Centro Estatal de Capacitaci\u00f3n de la <a href=\"https:\/\/www.saludtlax.gob.mx\/portal\/\"><strong><span class=\"hover:entity-accent entity-underline inline cursor-pointer align-baseline\"><span class=\"whitespace-normal\">Secretar\u00eda de Salud de Tlaxcala<\/span><\/span> (SESA)<\/strong><\/a>.<\/p>\n<p data-start=\"418\" data-end=\"729\">El nuevo complejo, que busca <strong data-start=\"447\" data-end=\"561\">fortalecer la regulaci\u00f3n sanitaria, la capacitaci\u00f3n del personal m\u00e9dico y la calidad de los servicios de salud<\/strong>, fue construido con <strong data-start=\"582\" data-end=\"631\">una inversi\u00f3n estatal de 33 millones de pesos<\/strong>, como parte de la estrategia del gobierno estatal para mejorar el sistema de salud en la entidad.<\/p>\n<h3 data-start=\"418\" data-end=\"729\"><strong>Sigue nuestras cuentas en Facebook e Instagram para mantenerte informado con las noticias m\u00e1s relevantes.<\/strong><\/h3>\n<h2 data-section-id=\"19siw1b\" data-start=\"736\" data-end=\"806\"><strong>Inversi\u00f3n hist\u00f3rica para fortalecer el sistema de salud en Tlaxcala<\/strong><\/h2>\n<p data-start=\"808\" data-end=\"1078\">Durante el evento, <span class=\"hover:entity-accent entity-underline inline cursor-pointer align-baseline\"><span class=\"whitespace-normal\">Lorena Cu\u00e9llar Cisneros<\/span><\/span> destac\u00f3 que su administraci\u00f3n ha destinado <strong data-start=\"908\" data-end=\"984\">m\u00e1s de 13 mil millones de pesos en infraestructura y equipamiento m\u00e9dico<\/strong>, con el objetivo de transformar el sistema de salud en <span class=\"hover:entity-accent entity-underline inline cursor-pointer align-baseline\"><span class=\"whitespace-normal\">Tlaxcala<\/span><\/span>.<\/p>\n<p data-start=\"1080\" data-end=\"1281\">Por otra parte, la mandataria subray\u00f3 que estas inversiones buscan garantizar <strong data-start=\"1142\" data-end=\"1228\">atenci\u00f3n m\u00e9dica digna, moderna y con mayor capacidad para la poblaci\u00f3n tlaxcalteca<\/strong>, pese a que el estado cuenta con recursos limitados.<\/p>\n<blockquote data-start=\"1283\" data-end=\"1588\">\n<p data-start=\"1285\" data-end=\"1588\"><strong><em>\u201cA pesar de contar con un presupuesto limitado y sin recurrir al endeudamiento, decidimos pensar en grande para transformar el sistema de salud de Tlaxcala. Gracias al trabajo y compromiso de muchas personas hoy estamos concretando obras que durante d\u00e9cadas fueron una demanda de la poblaci\u00f3n\u201d<\/em><\/strong>, expres\u00f3.<\/p>\n<\/blockquote>\n<h2 data-section-id=\"140xwkg\" data-start=\"1595\" data-end=\"1666\"><strong>Nuevas instalaciones para regulaci\u00f3n sanitaria y capacitaci\u00f3n m\u00e9dica<\/strong><\/h2>\n<p data-start=\"1668\" data-end=\"1807\">El complejo inaugurado alberga oficinas y espacios destinados a fortalecer las funciones de organismos clave del sector salud, entre ellos:<\/p>\n<ul data-start=\"1809\" data-end=\"1989\">\n<li data-section-id=\"v82w4x\" data-start=\"1809\" data-end=\"1861\">\n<p data-start=\"1811\" data-end=\"1861\"><span class=\"hover:entity-accent entity-underline inline cursor-pointer align-baseline\"><span class=\"whitespace-normal\">Comisi\u00f3n Estatal para la Protecci\u00f3n contra Riesgos Sanitarios de Tlaxcala<\/span><\/span> (COEPRIST)<\/p>\n<\/li>\n<li data-section-id=\"1nzity6\" data-start=\"1862\" data-end=\"1910\">\n<p data-start=\"1864\" data-end=\"1910\"><span class=\"hover:entity-accent entity-underline inline cursor-pointer align-baseline\"><span class=\"whitespace-normal\">Comisi\u00f3n Estatal de Arbitraje M\u00e9dico de Tlaxcala<\/span><\/span> (CEAM)<\/p>\n<\/li>\n<li data-section-id=\"1nc41mg\" data-start=\"1911\" data-end=\"1989\">\n<p data-start=\"1913\" data-end=\"1989\">Centro Estatal de Capacitaci\u00f3n de la <span class=\"hover:entity-accent entity-underline inline cursor-pointer align-baseline\"><span class=\"whitespace-normal\">Secretar\u00eda de Salud de Tlaxcala<\/span><\/span><\/p>\n<\/li>\n<\/ul>\n<p data-start=\"1991\" data-end=\"2197\">Estas instalaciones permitir\u00e1n mejorar <strong data-start=\"2030\" data-end=\"2126\">la vigilancia sanitaria, la capacitaci\u00f3n del personal de salud y la atenci\u00f3n a la ciudadan\u00eda<\/strong>, elementos fundamentales para garantizar servicios m\u00e9dicos de calidad.<\/p>\n<h3 data-start=\"1991\" data-end=\"2197\"><em><strong>Leer m\u00e1s: <a href=\"https:\/\/grupohoymexico.com\/tlaxcala\/estatal\/tlaxcala-estado-invitado-de-honor-en-la-feria-internacional-del-libro-de-coyoacan-2026\/\">Tlaxcala, estado invitado de honor en la Feria Internacional del Libro de Coyoac\u00e1n 2026<\/a><\/strong><\/em><\/h3>\n<h2 data-section-id=\"ln4dm1\" data-start=\"2204\" data-end=\"2264\"><strong>Nuevos proyectos de salud y tecnolog\u00eda m\u00e9dica en Tlaxcala<\/strong><\/h2>\n<p data-start=\"2266\" data-end=\"2374\">La gobernadora tambi\u00e9n destac\u00f3 otros avances importantes en el sector salud durante su administraci\u00f3n, como: la construcci\u00f3n de <strong data-start=\"2394\" data-end=\"2449\">nuevas oficinas centrales de la Secretar\u00eda de Salud, la i<\/strong>mplementaci\u00f3n de <strong data-start=\"2472\" data-end=\"2530\">servicios especializados de hemodi\u00e1lisis y hemodinamia, la h<\/strong>abilitaci\u00f3n de <strong data-start=\"2551\" data-end=\"2594\">un albergue para pacientes y familiares y el <\/strong>fortalecimiento del <strong data-start=\"2619\" data-end=\"2680\">Centro Regulador de Urgencias M\u00e9dicas de Tlaxcala (CRUMT)<\/strong> con nuevas ambulancias<\/p>\n<p data-start=\"2707\" data-end=\"2939\">Adem\u00e1s, resalt\u00f3 la adquisici\u00f3n de <strong data-start=\"2741\" data-end=\"2783\">tecnolog\u00eda m\u00e9dica de alta especialidad<\/strong>, como un <strong data-start=\"2793\" data-end=\"2858\">acelerador lineal para el tratamiento de pacientes con c\u00e1ncer<\/strong>, lo que representa un avance importante en la atenci\u00f3n oncol\u00f3gica en la entidad.<\/p>\n<h2 data-section-id=\"jcjdqi\" data-start=\"2946\" data-end=\"3012\"><strong>Nuevo hospital regional del IMSS beneficiar\u00e1 a 500 mil personas<\/strong><\/h2>\n<p data-start=\"3014\" data-end=\"3284\">Asimismo, durante el evento, <span class=\"hover:entity-accent entity-underline inline cursor-pointer align-baseline\"><span class=\"whitespace-normal\">Lorena Cu\u00e9llar Cisneros<\/span><\/span> inform\u00f3 que, con el respaldo de la presidenta de M\u00e9xico, <span class=\"hover:entity-accent entity-underline inline cursor-pointer align-baseline\"><span class=\"whitespace-normal\">Claudia Sheinbaum<\/span><\/span>, <strong data-start=\"3171\" data-end=\"3283\">este a\u00f1o iniciar\u00e1 la construcci\u00f3n de un Hospital Regional del <span class=\"hover:entity-accent entity-underline inline cursor-pointer align-baseline\"><span class=\"whitespace-normal\">Instituto Mexicano del Seguro Social<\/span><\/span> (IMSS)<\/strong>.<\/p>\n<p data-start=\"3286\" data-end=\"3442\">El nuevo hospital tendr\u00e1 <strong data-start=\"3311\" data-end=\"3363\">capacidad para atender a m\u00e1s de 500 mil personas<\/strong>, lo que permitir\u00e1 ampliar significativamente la cobertura m\u00e9dica en el estado.<\/p>\n<h3 data-start=\"3286\" data-end=\"3442\"><em><strong>Leer m\u00e1s: <a href=\"https:\/\/grupohoymexico.com\/tlaxcala\/estatal\/lorena-cuellar-participa-en-el-encuentro-100-mujeres-lideres-2026-sobre-liderazgo-femenino-en-mexico\/\">Lorena Cu\u00e9llar participa en el encuentro \u201c100 Mujeres L\u00edderes 2026\u201d sobre liderazgo femenino en M\u00e9xico<\/a><\/strong><\/em><\/h3>\n<h2 data-section-id=\"ekwf0k\" data-start=\"3449\" data-end=\"3519\"><strong>Autoridades destacan fortalecimiento institucional del sector salud<\/strong><\/h2>\n<p data-start=\"3521\" data-end=\"3751\">El secretario de Salud de Tlaxcala, <span class=\"hover:entity-accent entity-underline inline cursor-pointer align-baseline\"><span class=\"whitespace-normal\">Rigoberto Zamudio Meneses<\/span><\/span>, se\u00f1al\u00f3 que estas obras reflejan la decisi\u00f3n del gobierno estatal de <strong data-start=\"3666\" data-end=\"3750\">fortalecer a las instituciones responsables de proteger la salud de la poblaci\u00f3n<\/strong>.<\/p>\n<p data-start=\"3753\" data-end=\"3964\">Destac\u00f3 que desde <strong data-start=\"3771\" data-end=\"3826\">2015 no se realizaba una inversi\u00f3n de esta magnitud<\/strong>, la cual hoy se traduce en <strong data-start=\"3854\" data-end=\"3909\">m\u00e1s de mil metros cuadrados de nuevas instalaciones<\/strong>, adem\u00e1s de remodelaciones y modernizaci\u00f3n de espacios.<\/p>\n<p data-start=\"3966\" data-end=\"4257\">Por su parte, el titular de la <span class=\"hover:entity-accent entity-underline inline cursor-pointer align-baseline\"><span class=\"whitespace-normal\">Comisi\u00f3n Estatal para la Protecci\u00f3n contra Riesgos Sanitarios de Tlaxcala<\/span><\/span>, <span class=\"hover:entity-accent entity-underline inline cursor-pointer align-baseline\"><span class=\"whitespace-normal\">Steve del Razo Montiel<\/span><\/span>, afirm\u00f3 que las nuevas instalaciones permitir\u00e1n <strong data-start=\"4126\" data-end=\"4195\">mejorar la eficiencia institucional y profesionalizar al personal<\/strong>, lo que se traducir\u00e1 en mejores servicios para la ciudadan\u00eda.<\/p>\n<h2 data-section-id=\"n3et5s\" data-start=\"4264\" data-end=\"4334\"><strong>Nuevas instalaciones fortalecen vigilancia sanitaria y capacitaci\u00f3n<\/strong><\/h2>\n<p data-start=\"4336\" data-end=\"4618\">Por otro lado, el comisionado estatal de la <span class=\"hover:entity-accent entity-underline inline cursor-pointer align-baseline\"><span class=\"whitespace-normal\">Comisi\u00f3n Estatal de Arbitraje M\u00e9dico de Tlaxcala<\/span><\/span>, <span class=\"hover:entity-accent entity-underline inline cursor-pointer align-baseline\"><span class=\"whitespace-normal\">\u00d3scar Xicoht\u00e9ncatl<\/span><\/span>, agradeci\u00f3 el respaldo del gobierno estatal para dignificar los espacios de trabajo y consolidar <strong data-start=\"4543\" data-end=\"4617\">un modelo de atenci\u00f3n m\u00e9dica enfocado en la calidad y la transparencia<\/strong>.<\/p>\n<p data-start=\"4620\" data-end=\"4641\">Las obras incluyeron:<\/p>\n<ul data-start=\"4643\" data-end=\"5022\">\n<li data-section-id=\"b1jj7t\" data-start=\"4643\" data-end=\"4738\">\n<p data-start=\"4645\" data-end=\"4738\"><strong data-start=\"4645\" data-end=\"4695\">1,336 metros cuadrados de nuevas instalaciones<\/strong> para COEPRIST, Calidad, Ense\u00f1anza y CEAM<\/p>\n<\/li>\n<li data-section-id=\"1n7eibg\" data-start=\"4739\" data-end=\"4808\">\n<p data-start=\"4741\" data-end=\"4808\"><strong data-start=\"4741\" data-end=\"4781\">923 metros cuadrados de remodelaci\u00f3n<\/strong> en el edificio existente<\/p>\n<\/li>\n<li data-section-id=\"yhro9y\" data-start=\"4809\" data-end=\"4865\">\n<p data-start=\"4811\" data-end=\"4865\"><strong data-start=\"4811\" data-end=\"4851\">400 metros cuadrados de remodelaci\u00f3n<\/strong> en el CRUMT<\/p>\n<\/li>\n<li data-section-id=\"drnb1\" data-start=\"4866\" data-end=\"4942\">\n<p data-start=\"4868\" data-end=\"4942\">Mantenimiento en estacionamiento de ambulancias y \u00e1reas de epidemiolog\u00eda<\/p>\n<\/li>\n<li data-section-id=\"1fpo2ih\" data-start=\"4943\" data-end=\"5022\">\n<p data-start=\"4945\" data-end=\"5022\"><strong data-start=\"4945\" data-end=\"5022\">340 metros cuadrados de remodelaci\u00f3n en el Centro Estatal de Capacitaci\u00f3n<\/strong><\/p>\n<\/li>\n<\/ul>\n<p data-start=\"5098\" data-end=\"5338\">La inauguraci\u00f3n de este complejo representa <strong data-start=\"5142\" data-end=\"5217\">un paso importante en la modernizaci\u00f3n del sistema de salud en Tlaxcala<\/strong>, con instalaciones que permitir\u00e1n mejorar la capacitaci\u00f3n m\u00e9dica, la regulaci\u00f3n sanitaria y la calidad de los servicios.<\/p>\n<h2 data-start=\"5098\" data-end=\"5338\"><a href=\"https:\/\/whatsapp.com\/channel\/0029Vaylt1XG3R3gm4Nsgp2m\"><strong>\u00danete a nuestro canal de WhatsApp<\/strong><\/a><\/h2>\n","protected":false},"excerpt":{"rendered":"La gobernadora de Tlaxcala, Lorena Cu\u00e9llar Cisneros, inaugur\u00f3 las nuevas instalaciones de la Comisi\u00f3n Estatal para la Protecci\u00f3n&hellip;","protected":false},"author":34,"featured_media":5936,"comment_status":"open","ping_status":"open","sticky":false,"template":"","format":"standard","meta":{"csco_display_header_overlay":false,"csco_singular_sidebar":"","csco_page_header_type":"","csco_page_load_nextpost":"","csco_post_video_location":[],"csco_post_video_location_hash":"","csco_post_video_url":"","csco_post_video_bg_start_time":0,"csco_post_video_bg_end_time":0,"footnotes":""},"categories":[172],"tags":[2678,306,369,230,229],"class_list":{"0":"post-5934","1":"post","2":"type-post","3":"status-publish","4":"format-standard","5":"has-post-thumbnail","7":"category-estatal","8":"tag-ceam","9":"tag-coeprist","10":"tag-lorena-cuellar","11":"tag-salud","12":"tag-tlaxcala","13":"cs-entry","14":"cs-video-wrap"},"yoast_head":"<!-- This site is optimized with the Yoast SEO Premium plugin v24.7 (Yoast SEO v27.4) - https:\/\/yoast.com\/product\/yoast-seo-premium-wordpress\/ -->\n<title>Fortalecen salud en Tlaxcala con nuevas sedes de COEPRIST y CEAM<\/title>\n<meta name=\"description\" content=\"Lorena Cu\u00e9llar inaugur\u00f3 nuevas oficinas en Tlaxcala busca mejorar la infraestructura y gesti\u00f3n en el fortalecimiento institucional salud.\" \/>\n<meta name=\"robots\" content=\"index, follow, max-snippet:-1, max-image-preview:large, max-video-preview:-1\" \/>\n<link rel=\"canonical\" href=\"https:\/\/grupohoymexico.com\/tlaxcala\/estatal\/lorena-cuellar-inaugura-complejo-de-salud-en-tlaxcala-con-inversion-de-33-mdp\/\" \/>\n<meta property=\"og:locale\" content=\"es_MX\" \/>\n<meta property=\"og:type\" content=\"article\" \/>\n<meta property=\"og:title\" content=\"Lorena Cu\u00e9llar inaugura complejo de salud en Tlaxcala con inversi\u00f3n de 33 mdp\" \/>\n<meta property=\"og:description\" content=\"Lorena Cu\u00e9llar inaugur\u00f3 nuevas oficinas en Tlaxcala busca mejorar la infraestructura y gesti\u00f3n en el fortalecimiento institucional salud.\" \/>\n<meta property=\"og:url\" content=\"https:\/\/grupohoymexico.com\/tlaxcala\/estatal\/lorena-cuellar-inaugura-complejo-de-salud-en-tlaxcala-con-inversion-de-33-mdp\/\" \/>\n<meta property=\"og:site_name\" content=\"Tlaxcala Hoy\" \/>\n<meta property=\"article:published_time\" content=\"2026-03-11T15:09:56+00:00\" \/>\n<meta property=\"og:image\" content=\"https:\/\/grupohoymexico.com\/tlaxcala\/wp-content\/uploads\/sites\/4\/2026\/03\/Lorena-Cuellar-Salud.jpg\" \/>\n\t<meta property=\"og:image:width\" content=\"1200\" \/>\n\t<meta property=\"og:image:height\" content=\"638\" \/>\n\t<meta property=\"og:image:type\" content=\"image\/jpeg\" \/>\n<meta name=\"author\" content=\"Redacci\u00f3n Grupo Hoy\" \/>\n<meta name=\"twitter:card\" content=\"summary_large_image\" \/>\n<meta name=\"twitter:label1\" content=\"Escrito por\" \/>\n\t<meta name=\"twitter:data1\" content=\"Redacci\u00f3n Grupo Hoy\" \/>\n\t<meta name=\"twitter:label2\" content=\"Tiempo de lectura\" \/>\n\t<meta name=\"twitter:data2\" content=\"4 minutos\" \/>\n<script type=\"application\/ld+json\" class=\"yoast-schema-graph\">{\"@context\":\"https:\\\/\\\/schema.org\",\"@graph\":[{\"@type\":\"Article\",\"@id\":\"https:\\\/\\\/grupohoymexico.com\\\/tlaxcala\\\/estatal\\\/lorena-cuellar-inaugura-complejo-de-salud-en-tlaxcala-con-inversion-de-33-mdp\\\/#article\",\"isPartOf\":{\"@id\":\"https:\\\/\\\/grupohoymexico.com\\\/tlaxcala\\\/estatal\\\/lorena-cuellar-inaugura-complejo-de-salud-en-tlaxcala-con-inversion-de-33-mdp\\\/\"},\"author\":{\"name\":\"Redacci\u00f3n Grupo Hoy\",\"@id\":\"https:\\\/\\\/grupohoymexico.com\\\/tlaxcala\\\/#\\\/schema\\\/person\\\/bc870cc34e948548ddb62cf78ef8474b\"},\"headline\":\"Lorena Cu\u00e9llar inaugura complejo de salud en Tlaxcala con inversi\u00f3n de 33 mdp\",\"datePublished\":\"2026-03-11T15:09:56+00:00\",\"mainEntityOfPage\":{\"@id\":\"https:\\\/\\\/grupohoymexico.com\\\/tlaxcala\\\/estatal\\\/lorena-cuellar-inaugura-complejo-de-salud-en-tlaxcala-con-inversion-de-33-mdp\\\/\"},\"wordCount\":882,\"commentCount\":0,\"image\":{\"@id\":\"https:\\\/\\\/grupohoymexico.com\\\/tlaxcala\\\/estatal\\\/lorena-cuellar-inaugura-complejo-de-salud-en-tlaxcala-con-inversion-de-33-mdp\\\/#primaryimage\"},\"thumbnailUrl\":\"https:\\\/\\\/grupohoymexico.com\\\/tlaxcala\\\/wp-content\\\/uploads\\\/sites\\\/4\\\/2026\\\/03\\\/Lorena-Cuellar-Salud.jpg\",\"keywords\":[\"CEAM\",\"Coeprist\",\"Lorena Cu\u00e9llar\",\"salud\",\"Tlaxcala\"],\"articleSection\":[\"Estatal\"],\"inLanguage\":\"es\",\"potentialAction\":[{\"@type\":\"CommentAction\",\"name\":\"Comment\",\"target\":[\"https:\\\/\\\/grupohoymexico.com\\\/tlaxcala\\\/estatal\\\/lorena-cuellar-inaugura-complejo-de-salud-en-tlaxcala-con-inversion-de-33-mdp\\\/#respond\"]}]},{\"@type\":\"WebPage\",\"@id\":\"https:\\\/\\\/grupohoymexico.com\\\/tlaxcala\\\/estatal\\\/lorena-cuellar-inaugura-complejo-de-salud-en-tlaxcala-con-inversion-de-33-mdp\\\/\",\"url\":\"https:\\\/\\\/grupohoymexico.com\\\/tlaxcala\\\/estatal\\\/lorena-cuellar-inaugura-complejo-de-salud-en-tlaxcala-con-inversion-de-33-mdp\\\/\",\"name\":\"Fortalecen salud en Tlaxcala con nuevas sedes de COEPRIST y CEAM\",\"isPartOf\":{\"@id\":\"https:\\\/\\\/grupohoymexico.com\\\/tlaxcala\\\/#website\"},\"primaryImageOfPage\":{\"@id\":\"https:\\\/\\\/grupohoymexico.com\\\/tlaxcala\\\/estatal\\\/lorena-cuellar-inaugura-complejo-de-salud-en-tlaxcala-con-inversion-de-33-mdp\\\/#primaryimage\"},\"image\":{\"@id\":\"https:\\\/\\\/grupohoymexico.com\\\/tlaxcala\\\/estatal\\\/lorena-cuellar-inaugura-complejo-de-salud-en-tlaxcala-con-inversion-de-33-mdp\\\/#primaryimage\"},\"thumbnailUrl\":\"https:\\\/\\\/grupohoymexico.com\\\/tlaxcala\\\/wp-content\\\/uploads\\\/sites\\\/4\\\/2026\\\/03\\\/Lorena-Cuellar-Salud.jpg\",\"datePublished\":\"2026-03-11T15:09:56+00:00\",\"author\":{\"@id\":\"https:\\\/\\\/grupohoymexico.com\\\/tlaxcala\\\/#\\\/schema\\\/person\\\/bc870cc34e948548ddb62cf78ef8474b\"},\"description\":\"Lorena Cu\u00e9llar inaugur\u00f3 nuevas oficinas en Tlaxcala busca mejorar la infraestructura y gesti\u00f3n en el fortalecimiento institucional salud.\",\"breadcrumb\":{\"@id\":\"https:\\\/\\\/grupohoymexico.com\\\/tlaxcala\\\/estatal\\\/lorena-cuellar-inaugura-complejo-de-salud-en-tlaxcala-con-inversion-de-33-mdp\\\/#breadcrumb\"},\"inLanguage\":\"es\",\"potentialAction\":[{\"@type\":\"ReadAction\",\"target\":[\"https:\\\/\\\/grupohoymexico.com\\\/tlaxcala\\\/estatal\\\/lorena-cuellar-inaugura-complejo-de-salud-en-tlaxcala-con-inversion-de-33-mdp\\\/\"]}]},{\"@type\":\"ImageObject\",\"inLanguage\":\"es\",\"@id\":\"https:\\\/\\\/grupohoymexico.com\\\/tlaxcala\\\/estatal\\\/lorena-cuellar-inaugura-complejo-de-salud-en-tlaxcala-con-inversion-de-33-mdp\\\/#primaryimage\",\"url\":\"https:\\\/\\\/grupohoymexico.com\\\/tlaxcala\\\/wp-content\\\/uploads\\\/sites\\\/4\\\/2026\\\/03\\\/Lorena-Cuellar-Salud.jpg\",\"contentUrl\":\"https:\\\/\\\/grupohoymexico.com\\\/tlaxcala\\\/wp-content\\\/uploads\\\/sites\\\/4\\\/2026\\\/03\\\/Lorena-Cuellar-Salud.jpg\",\"width\":1200,\"height\":638,\"caption\":\"Foto: Gobierno de Tlaxcala\"},{\"@type\":\"BreadcrumbList\",\"@id\":\"https:\\\/\\\/grupohoymexico.com\\\/tlaxcala\\\/estatal\\\/lorena-cuellar-inaugura-complejo-de-salud-en-tlaxcala-con-inversion-de-33-mdp\\\/#breadcrumb\",\"itemListElement\":[{\"@type\":\"ListItem\",\"position\":1,\"name\":\"Inicio\",\"item\":\"https:\\\/\\\/grupohoymexico.com\\\/tlaxcala\\\/\"},{\"@type\":\"ListItem\",\"position\":2,\"name\":\"Lorena Cu\u00e9llar inaugura complejo de salud en Tlaxcala con inversi\u00f3n de 33 mdp\"}]},{\"@type\":\"WebSite\",\"@id\":\"https:\\\/\\\/grupohoymexico.com\\\/tlaxcala\\\/#website\",\"url\":\"https:\\\/\\\/grupohoymexico.com\\\/tlaxcala\\\/\",\"name\":\"Tlaxcala Hoy\",\"description\":\"El alma de la naci\u00f3n\",\"potentialAction\":[{\"@type\":\"SearchAction\",\"target\":{\"@type\":\"EntryPoint\",\"urlTemplate\":\"https:\\\/\\\/grupohoymexico.com\\\/tlaxcala\\\/?s={search_term_string}\"},\"query-input\":{\"@type\":\"PropertyValueSpecification\",\"valueRequired\":true,\"valueName\":\"search_term_string\"}}],\"inLanguage\":\"es\"},{\"@type\":\"Person\",\"@id\":\"https:\\\/\\\/grupohoymexico.com\\\/tlaxcala\\\/#\\\/schema\\\/person\\\/bc870cc34e948548ddb62cf78ef8474b\",\"name\":\"Redacci\u00f3n Grupo Hoy\",\"image\":{\"@type\":\"ImageObject\",\"inLanguage\":\"es\",\"@id\":\"https:\\\/\\\/secure.gravatar.com\\\/avatar\\\/e8a44ae8f1b7592837f8c496178e70e065758a27945df208805f8cf6fdd56893?s=96&d=mm&r=g\",\"url\":\"https:\\\/\\\/secure.gravatar.com\\\/avatar\\\/e8a44ae8f1b7592837f8c496178e70e065758a27945df208805f8cf6fdd56893?s=96&d=mm&r=g\",\"contentUrl\":\"https:\\\/\\\/secure.gravatar.com\\\/avatar\\\/e8a44ae8f1b7592837f8c496178e70e065758a27945df208805f8cf6fdd56893?s=96&d=mm&r=g\",\"caption\":\"Redacci\u00f3n Grupo Hoy\"},\"url\":\"https:\\\/\\\/grupohoymexico.com\\\/tlaxcala\\\/author\\\/redaccion\\\/\"}]}<\/script>\n<!-- \/ Yoast SEO Premium plugin. -->","yoast_head_json":{"title":"Fortalecen salud en Tlaxcala con nuevas sedes de COEPRIST y CEAM","description":"Lorena Cu\u00e9llar inaugur\u00f3 nuevas oficinas en Tlaxcala busca mejorar la infraestructura y gesti\u00f3n en el fortalecimiento institucional salud.","robots":{"index":"index","follow":"follow","max-snippet":"max-snippet:-1","max-image-preview":"max-image-preview:large","max-video-preview":"max-video-preview:-1"},"canonical":"https:\/\/grupohoymexico.com\/tlaxcala\/estatal\/lorena-cuellar-inaugura-complejo-de-salud-en-tlaxcala-con-inversion-de-33-mdp\/","og_locale":"es_MX","og_type":"article","og_title":"Lorena Cu\u00e9llar inaugura complejo de salud en Tlaxcala con inversi\u00f3n de 33 mdp","og_description":"Lorena Cu\u00e9llar inaugur\u00f3 nuevas oficinas en Tlaxcala busca mejorar la infraestructura y gesti\u00f3n en el fortalecimiento institucional salud.","og_url":"https:\/\/grupohoymexico.com\/tlaxcala\/estatal\/lorena-cuellar-inaugura-complejo-de-salud-en-tlaxcala-con-inversion-de-33-mdp\/","og_site_name":"Tlaxcala Hoy","article_published_time":"2026-03-11T15:09:56+00:00","og_image":[{"width":1200,"height":638,"url":"https:\/\/grupohoymexico.com\/tlaxcala\/wp-content\/uploads\/sites\/4\/2026\/03\/Lorena-Cuellar-Salud.jpg","type":"image\/jpeg"}],"author":"Redacci\u00f3n Grupo Hoy","twitter_card":"summary_large_image","twitter_misc":{"Escrito por":"Redacci\u00f3n Grupo Hoy","Tiempo de lectura":"4 minutos"},"schema":{"@context":"https:\/\/schema.org","@graph":[{"@type":"Article","@id":"https:\/\/grupohoymexico.com\/tlaxcala\/estatal\/lorena-cuellar-inaugura-complejo-de-salud-en-tlaxcala-con-inversion-de-33-mdp\/#article","isPartOf":{"@id":"https:\/\/grupohoymexico.com\/tlaxcala\/estatal\/lorena-cuellar-inaugura-complejo-de-salud-en-tlaxcala-con-inversion-de-33-mdp\/"},"author":{"name":"Redacci\u00f3n Grupo Hoy","@id":"https:\/\/grupohoymexico.com\/tlaxcala\/#\/schema\/person\/bc870cc34e948548ddb62cf78ef8474b"},"headline":"Lorena Cu\u00e9llar inaugura complejo de salud en Tlaxcala con inversi\u00f3n de 33 mdp","datePublished":"2026-03-11T15:09:56+00:00","mainEntityOfPage":{"@id":"https:\/\/grupohoymexico.com\/tlaxcala\/estatal\/lorena-cuellar-inaugura-complejo-de-salud-en-tlaxcala-con-inversion-de-33-mdp\/"},"wordCount":882,"commentCount":0,"image":{"@id":"https:\/\/grupohoymexico.com\/tlaxcala\/estatal\/lorena-cuellar-inaugura-complejo-de-salud-en-tlaxcala-con-inversion-de-33-mdp\/#primaryimage"},"thumbnailUrl":"https:\/\/grupohoymexico.com\/tlaxcala\/wp-content\/uploads\/sites\/4\/2026\/03\/Lorena-Cuellar-Salud.jpg","keywords":["CEAM","Coeprist","Lorena Cu\u00e9llar","salud","Tlaxcala"],"articleSection":["Estatal"],"inLanguage":"es","potentialAction":[{"@type":"CommentAction","name":"Comment","target":["https:\/\/grupohoymexico.com\/tlaxcala\/estatal\/lorena-cuellar-inaugura-complejo-de-salud-en-tlaxcala-con-inversion-de-33-mdp\/#respond"]}]},{"@type":"WebPage","@id":"https:\/\/grupohoymexico.com\/tlaxcala\/estatal\/lorena-cuellar-inaugura-complejo-de-salud-en-tlaxcala-con-inversion-de-33-mdp\/","url":"https:\/\/grupohoymexico.com\/tlaxcala\/estatal\/lorena-cuellar-inaugura-complejo-de-salud-en-tlaxcala-con-inversion-de-33-mdp\/","name":"Fortalecen salud en Tlaxcala con nuevas sedes de COEPRIST y CEAM","isPartOf":{"@id":"https:\/\/grupohoymexico.com\/tlaxcala\/#website"},"primaryImageOfPage":{"@id":"https:\/\/grupohoymexico.com\/tlaxcala\/estatal\/lorena-cuellar-inaugura-complejo-de-salud-en-tlaxcala-con-inversion-de-33-mdp\/#primaryimage"},"image":{"@id":"https:\/\/grupohoymexico.com\/tlaxcala\/estatal\/lorena-cuellar-inaugura-complejo-de-salud-en-tlaxcala-con-inversion-de-33-mdp\/#primaryimage"},"thumbnailUrl":"https:\/\/grupohoymexico.com\/tlaxcala\/wp-content\/uploads\/sites\/4\/2026\/03\/Lorena-Cuellar-Salud.jpg","datePublished":"2026-03-11T15:09:56+00:00","author":{"@id":"https:\/\/grupohoymexico.com\/tlaxcala\/#\/schema\/person\/bc870cc34e948548ddb62cf78ef8474b"},"description":"Lorena Cu\u00e9llar inaugur\u00f3 nuevas oficinas en Tlaxcala busca mejorar la infraestructura y gesti\u00f3n en el fortalecimiento institucional salud.","breadcrumb":{"@id":"https:\/\/grupohoymexico.com\/tlaxcala\/estatal\/lorena-cuellar-inaugura-complejo-de-salud-en-tlaxcala-con-inversion-de-33-mdp\/#breadcrumb"},"inLanguage":"es","potentialAction":[{"@type":"ReadAction","target":["https:\/\/grupohoymexico.com\/tlaxcala\/estatal\/lorena-cuellar-inaugura-complejo-de-salud-en-tlaxcala-con-inversion-de-33-mdp\/"]}]},{"@type":"ImageObject","inLanguage":"es","@id":"https:\/\/grupohoymexico.com\/tlaxcala\/estatal\/lorena-cuellar-inaugura-complejo-de-salud-en-tlaxcala-con-inversion-de-33-mdp\/#primaryimage","url":"https:\/\/grupohoymexico.com\/tlaxcala\/wp-content\/uploads\/sites\/4\/2026\/03\/Lorena-Cuellar-Salud.jpg","contentUrl":"https:\/\/grupohoymexico.com\/tlaxcala\/wp-content\/uploads\/sites\/4\/2026\/03\/Lorena-Cuellar-Salud.jpg","width":1200,"height":638,"caption":"Foto: Gobierno de Tlaxcala"},{"@type":"BreadcrumbList","@id":"https:\/\/grupohoymexico.com\/tlaxcala\/estatal\/lorena-cuellar-inaugura-complejo-de-salud-en-tlaxcala-con-inversion-de-33-mdp\/#breadcrumb","itemListElement":[{"@type":"ListItem","position":1,"name":"Inicio","item":"https:\/\/grupohoymexico.com\/tlaxcala\/"},{"@type":"ListItem","position":2,"name":"Lorena Cu\u00e9llar inaugura complejo de salud en Tlaxcala con inversi\u00f3n de 33 mdp"}]},{"@type":"WebSite","@id":"https:\/\/grupohoymexico.com\/tlaxcala\/#website","url":"https:\/\/grupohoymexico.com\/tlaxcala\/","name":"Tlaxcala Hoy","description":"El alma de la naci\u00f3n","potentialAction":[{"@type":"SearchAction","target":{"@type":"EntryPoint","urlTemplate":"https:\/\/grupohoymexico.com\/tlaxcala\/?s={search_term_string}"},"query-input":{"@type":"PropertyValueSpecification","valueRequired":true,"valueName":"search_term_string"}}],"inLanguage":"es"},{"@type":"Person","@id":"https:\/\/grupohoymexico.com\/tlaxcala\/#\/schema\/person\/bc870cc34e948548ddb62cf78ef8474b","name":"Redacci\u00f3n Grupo Hoy","image":{"@type":"ImageObject","inLanguage":"es","@id":"https:\/\/secure.gravatar.com\/avatar\/e8a44ae8f1b7592837f8c496178e70e065758a27945df208805f8cf6fdd56893?s=96&d=mm&r=g","url":"https:\/\/secure.gravatar.com\/avatar\/e8a44ae8f1b7592837f8c496178e70e065758a27945df208805f8cf6fdd56893?s=96&d=mm&r=g","contentUrl":"https:\/\/secure.gravatar.com\/avatar\/e8a44ae8f1b7592837f8c496178e70e065758a27945df208805f8cf6fdd56893?s=96&d=mm&r=g","caption":"Redacci\u00f3n Grupo Hoy"},"url":"https:\/\/grupohoymexico.com\/tlaxcala\/author\/redaccion\/"}]}},"_links":{"self":[{"href":"https:\/\/grupohoymexico.com\/tlaxcala\/wp-json\/wp\/v2\/posts\/5934","targetHints":{"allow":["GET"]}}],"collection":[{"href":"https:\/\/grupohoymexico.com\/tlaxcala\/wp-json\/wp\/v2\/posts"}],"about":[{"href":"https:\/\/grupohoymexico.com\/tlaxcala\/wp-json\/wp\/v2\/types\/post"}],"author":[{"embeddable":true,"href":"https:\/\/grupohoymexico.com\/tlaxcala\/wp-json\/wp\/v2\/users\/34"}],"replies":[{"embeddable":true,"href":"https:\/\/grupohoymexico.com\/tlaxcala\/wp-json\/wp\/v2\/comments?post=5934"}],"version-history":[{"count":2,"href":"https:\/\/grupohoymexico.com\/tlaxcala\/wp-json\/wp\/v2\/posts\/5934\/revisions"}],"predecessor-version":[{"id":5937,"href":"https:\/\/grupohoymexico.com\/tlaxcala\/wp-json\/wp\/v2\/posts\/5934\/revisions\/5937"}],"wp:featuredmedia":[{"embeddable":true,"href":"https:\/\/grupohoymexico.com\/tlaxcala\/wp-json\/wp\/v2\/media\/5936"}],"wp:attachment":[{"href":"https:\/\/grupohoymexico.com\/tlaxcala\/wp-json\/wp\/v2\/media?parent=5934"}],"wp:term":[{"taxonomy":"category","embeddable":true,"href":"https:\/\/grupohoymexico.com\/tlaxcala\/wp-json\/wp\/v2\/categories?post=5934"},{"taxonomy":"post_tag","embeddable":true,"href":"https:\/\/grupohoymexico.com\/tlaxcala\/wp-json\/wp\/v2\/tags?post=5934"}],"curies":[{"name":"wp","href":"https:\/\/api.w.org\/{rel}","templated":true}]}}