{"id":5928,"date":"2026-03-10T16:12:29","date_gmt":"2026-03-10T22:12:29","guid":{"rendered":"https:\/\/grupohoymexico.com\/tlaxcala\/?p=5928"},"modified":"2026-03-10T16:12:29","modified_gmt":"2026-03-10T22:12:29","slug":"lorena-cuellar-participa-en-el-encuentro-100-mujeres-lideres-2026-sobre-liderazgo-femenino-en-mexico","status":"publish","type":"post","link":"https:\/\/grupohoymexico.com\/tlaxcala\/estatal\/lorena-cuellar-participa-en-el-encuentro-100-mujeres-lideres-2026-sobre-liderazgo-femenino-en-mexico\/","title":{"rendered":"Lorena Cu\u00e9llar participa en el encuentro \u201c100 Mujeres L\u00edderes 2026\u201d sobre liderazgo femenino en M\u00e9xico"},"content":{"rendered":"<p data-start=\"113\" data-end=\"478\">La gobernadora de <span class=\"hover:entity-accent entity-underline inline cursor-pointer align-baseline\"><span class=\"whitespace-normal\">Tlaxcala<\/span><\/span>, <span class=\"hover:entity-accent entity-underline inline cursor-pointer align-baseline\"><span class=\"whitespace-normal\">Lorena Cu\u00e9llar Cisneros<\/span><\/span>, particip\u00f3 en el encuentro <strong data-start=\"235\" data-end=\"265\">\u201c100 Mujeres L\u00edderes 2026\u201d<\/strong>, un foro que reuni\u00f3 a destacadas figuras de la pol\u00edtica, los medios de comunicaci\u00f3n, la academia y el sector empresarial para reflexionar sobre <strong data-start=\"410\" data-end=\"477\">el liderazgo femenino y su papel en la transformaci\u00f3n de M\u00e9xico<\/strong>.<\/p>\n<p data-start=\"480\" data-end=\"786\">El evento fue organizado por la <span class=\"hover:entity-accent entity-underline inline cursor-pointer align-baseline\"><span class=\"whitespace-normal\">Universidad Panamericana<\/span><\/span> campus <span class=\"hover:entity-accent entity-underline inline cursor-pointer align-baseline\"><span class=\"whitespace-normal\">Ciudad de M\u00e9xico<\/span><\/span> y el peri\u00f3dico <span class=\"hover:entity-accent entity-underline inline cursor-pointer align-baseline\"><span class=\"whitespace-normal\">El Universal<\/span><\/span>, con el objetivo de <strong data-start=\"668\" data-end=\"785\">reconocer la trayectoria y el impacto de mujeres que ocupan posiciones estrat\u00e9gicas en distintos \u00e1mbitos del pa\u00eds<\/strong>.<\/p>\n<h3 data-start=\"480\" data-end=\"786\"><strong>Sigue nuestras cuentas en Facebook e Instagram para mantenerte informado con las noticias m\u00e1s relevantes.<\/strong><\/h3>\n<h2 data-section-id=\"1f5dxne\" data-start=\"793\" data-end=\"865\"><strong>Foro \u201c100 Mujeres L\u00edderes 2026\u201d re\u00fane a figuras influyentes de M\u00e9xico<\/strong><\/h2>\n<p data-start=\"867\" data-end=\"1074\">Durante el encuentro, <span class=\"hover:entity-accent entity-underline inline cursor-pointer align-baseline\"><span class=\"whitespace-normal\">Lorena Cu\u00e9llar Cisneros<\/span><\/span> coincidi\u00f3 con diversas lideresas nacionales que actualmente desempe\u00f1an <strong data-start=\"998\" data-end=\"1073\">roles clave en la toma de decisiones dentro de la vida p\u00fablica mexicana<\/strong>.<\/p>\n<p data-start=\"1076\" data-end=\"1338\">El foro se convirti\u00f3 en un espacio de di\u00e1logo para analizar <strong data-start=\"1136\" data-end=\"1207\">los avances, retos y oportunidades del liderazgo femenino en M\u00e9xico<\/strong>, destacando la importancia de fortalecer la participaci\u00f3n de las mujeres en los \u00e1mbitos pol\u00edtico, empresarial, acad\u00e9mico y social.<\/p>\n<p data-start=\"1340\" data-end=\"1573\">Entre los asistentes estuvieron senadoras, diputadas federales, presidentas municipales y reconocidas periodistas, lo que permiti\u00f3 generar un intercambio de ideas sobre <strong data-start=\"1509\" data-end=\"1572\">el impacto del liderazgo femenino en el desarrollo del pa\u00eds<\/strong>.<\/p>\n<h2 data-section-id=\"1boovmi\" data-start=\"1580\" data-end=\"1646\"><strong>Reconocen la importancia de impulsar el empoderamiento femenino<\/strong><\/h2>\n<p data-start=\"1648\" data-end=\"1982\">El evento cont\u00f3 con la presencia de <span class=\"hover:entity-accent entity-underline inline cursor-pointer align-baseline\"><span class=\"whitespace-normal\">Juan Francisco Ealy Ortiz<\/span><\/span>, presidente ejecutivo y del Consejo de Administraci\u00f3n de <span class=\"hover:entity-accent entity-underline inline cursor-pointer align-baseline\"><span class=\"whitespace-normal\">El Universal<\/span><\/span>, as\u00ed como de <span class=\"hover:entity-accent entity-underline inline cursor-pointer align-baseline\"><span class=\"whitespace-normal\">Perla D\u00edaz de Ealy<\/span><\/span>, quienes resaltaron la importancia de <strong data-start=\"1906\" data-end=\"1981\">seguir promoviendo la igualdad de oportunidades entre mujeres y hombres<\/strong>.<\/p>\n<p data-start=\"1984\" data-end=\"2213\">Durante su participaci\u00f3n, destacaron que espacios como <strong data-start=\"2039\" data-end=\"2064\">\u201c100 Mujeres L\u00edderes\u201d<\/strong> permiten visibilizar la trayectoria de mujeres que han logrado abrir camino en sectores donde hist\u00f3ricamente la presencia femenina ha sido limitada.<\/p>\n<p data-start=\"2215\" data-end=\"2357\">El encuentro tambi\u00e9n busc\u00f3 <strong data-start=\"2242\" data-end=\"2356\">impulsar el empoderamiento femenino y fomentar una mayor representaci\u00f3n de mujeres en los espacios de decisi\u00f3n<\/strong>.<\/p>\n<h3 data-start=\"2215\" data-end=\"2357\"><em><strong>Leer m\u00e1s: <a href=\"https:\/\/grupohoymexico.com\/tlaxcala\/estatal\/tlaxcala-estado-invitado-de-honor-en-la-feria-internacional-del-libro-de-coyoacan-2026\/\">Tlaxcala, estado invitado de honor en la Feria Internacional del Libro de Coyoac\u00e1n 2026<\/a><\/strong><\/em><\/h3>\n<h2 data-section-id=\"1mn8lx9\" data-start=\"2364\" data-end=\"2435\"><strong>Universidad Panamericana impulsa el di\u00e1logo sobre liderazgo femenino<\/strong><\/h2>\n<p data-start=\"2437\" data-end=\"2692\">Por otro lado, la rectora general del Sistema UP-IPADE, <span class=\"hover:entity-accent entity-underline inline cursor-pointer align-baseline\"><span class=\"whitespace-normal\">Fernanda Llergo Bay<\/span><\/span>, subray\u00f3 que abrir espacios de reflexi\u00f3n desde la academia permite <strong data-start=\"2583\" data-end=\"2691\">fortalecer el debate p\u00fablico sobre la participaci\u00f3n de las mujeres en los procesos de toma de decisiones<\/strong>.<\/p>\n<p data-start=\"2694\" data-end=\"2729\">Durante su intervenci\u00f3n afirm\u00f3 que:<\/p>\n<blockquote data-start=\"2731\" data-end=\"2898\">\n<p style=\"text-align: left\" data-start=\"2733\" data-end=\"2898\"><em><strong>\u201cSer sede de 100 Mujeres L\u00edderes es afirmar que el liderazgo femenino no es una tendencia pasajera, sino una dimensi\u00f3n decisiva del presente y del futuro de M\u00e9xico\u201d<\/strong><\/em>.<\/p>\n<\/blockquote>\n<p data-start=\"2900\" data-end=\"3094\">Este posicionamiento refuerza el papel de instituciones acad\u00e9micas como la <span class=\"hover:entity-accent entity-underline inline cursor-pointer align-baseline\"><span class=\"whitespace-normal\">Universidad Panamericana<\/span><\/span> en la promoci\u00f3n de <strong data-start=\"3034\" data-end=\"3093\">iniciativas que visibilizan el liderazgo de las mujeres<\/strong>.<\/p>\n<h2 data-section-id=\"uk9wce\" data-start=\"3101\" data-end=\"3180\"><strong>Periodistas y l\u00edderes participan en mesa \u201cLiderazgo femenino que transforma\u201d<\/strong><\/h2>\n<p data-start=\"3182\" data-end=\"3369\">Como parte de las actividades del encuentro se llev\u00f3 a cabo la mesa de di\u00e1logo <strong data-start=\"3261\" data-end=\"3300\">\u201cLiderazgo femenino que transforma\u201d<\/strong>, moderada por la periodista <span class=\"hover:entity-accent entity-underline inline cursor-pointer align-baseline\"><span class=\"whitespace-normal\">Maite Azuela<\/span><\/span>.<\/p>\n<p data-start=\"3371\" data-end=\"3437\">En esta conversaci\u00f3n participaron diversas l\u00edderes que analizaron:<\/p>\n<ul data-start=\"3439\" data-end=\"3626\">\n<li data-section-id=\"m3jdx5\" data-start=\"3439\" data-end=\"3501\">\n<p data-start=\"3441\" data-end=\"3501\">Los retos que enfrentan las mujeres en puestos de decisi\u00f3n<\/p>\n<\/li>\n<li data-section-id=\"1jx0ql2\" data-start=\"3502\" data-end=\"3562\">\n<p data-start=\"3504\" data-end=\"3562\">La importancia de impulsar organizaciones m\u00e1s inclusivas<\/p>\n<\/li>\n<li data-section-id=\"6phw4v\" data-start=\"3563\" data-end=\"3626\">\n<p data-start=\"3565\" data-end=\"3626\">El papel del liderazgo femenino en el desarrollo sostenible<\/p>\n<\/li>\n<\/ul>\n<p data-start=\"3628\" data-end=\"3903\">Entre las figuras presentes en el evento destacaron las periodistas <span class=\"hover:entity-accent entity-underline inline cursor-pointer align-baseline\"><span class=\"whitespace-normal\">Paola Rojas<\/span><\/span>, <span class=\"hover:entity-accent entity-underline inline cursor-pointer align-baseline\"><span class=\"whitespace-normal\">Azucena Uresti<\/span><\/span> y <span class=\"hover:entity-accent entity-underline inline cursor-pointer align-baseline\"><span class=\"whitespace-normal\">Ana Paula Ordorica<\/span><\/span>, quienes tambi\u00e9n forman parte del panorama medi\u00e1tico y de opini\u00f3n p\u00fablica en M\u00e9xico.<\/p>\n<p data-start=\"3628\" data-end=\"3903\">El encuentro <strong data-start=\"3992\" data-end=\"4022\">\u201c100 Mujeres L\u00edderes 2026\u201d<\/strong> reafirm\u00f3 la importancia de generar espacios de di\u00e1logo y reconocimiento para <strong data-start=\"4100\" data-end=\"4174\">fortalecer la participaci\u00f3n de las mujeres en la vida p\u00fablica del pa\u00eds<\/strong>.<\/p>\n<h2 data-start=\"3628\" data-end=\"3903\"><a href=\"https:\/\/whatsapp.com\/channel\/0029Vaylt1XG3R3gm4Nsgp2m\"><strong>\u00danete a nuestro canal de WhatsApp<\/strong><\/a><\/h2>\n","protected":false},"excerpt":{"rendered":"La gobernadora de Tlaxcala, Lorena Cu\u00e9llar Cisneros, particip\u00f3 en el encuentro \u201c100 Mujeres L\u00edderes 2026\u201d, un foro que&hellip;","protected":false},"author":5,"featured_media":5929,"comment_status":"open","ping_status":"open","sticky":false,"template":"","format":"standard","meta":{"csco_display_header_overlay":false,"csco_singular_sidebar":"","csco_page_header_type":"","csco_page_load_nextpost":"","csco_post_video_location":[],"csco_post_video_location_hash":"","csco_post_video_url":"","csco_post_video_bg_start_time":0,"csco_post_video_bg_end_time":0,"footnotes":""},"categories":[172],"tags":[2674,2675,369,696,229],"class_list":{"0":"post-5928","1":"post","2":"type-post","3":"status-publish","4":"format-standard","5":"has-post-thumbnail","7":"category-estatal","8":"tag-100-mujeres-lideres","9":"tag-feminismo","10":"tag-lorena-cuellar","11":"tag-mexico","12":"tag-tlaxcala","13":"cs-entry","14":"cs-video-wrap"},"yoast_head":"<!-- This site is optimized with the Yoast SEO Premium plugin v24.7 (Yoast SEO v27.4) - https:\/\/yoast.com\/product\/yoast-seo-premium-wordpress\/ -->\n<title>Lorena Cu\u00e9llar participa en el encuentro \u201c100 Mujeres L\u00edderes 2026\u201d sobre liderazgo femenino en M\u00e9xico - Tlaxcala Hoy<\/title>\n<meta name=\"description\" content=\"La gobernadora de Tlaxcala, Lorena Cu\u00e9llar, particip\u00f3 en el encuentro \u201c100 Mujeres L\u00edderes 2026\u201d para reflexionar sobre el liderazgo femenino\" \/>\n<meta name=\"robots\" content=\"index, follow, max-snippet:-1, max-image-preview:large, max-video-preview:-1\" \/>\n<link rel=\"canonical\" href=\"https:\/\/grupohoymexico.com\/tlaxcala\/estatal\/lorena-cuellar-participa-en-el-encuentro-100-mujeres-lideres-2026-sobre-liderazgo-femenino-en-mexico\/\" \/>\n<meta property=\"og:locale\" content=\"es_MX\" \/>\n<meta property=\"og:type\" content=\"article\" \/>\n<meta property=\"og:title\" content=\"Lorena Cu\u00e9llar participa en el encuentro \u201c100 Mujeres L\u00edderes 2026\u201d sobre liderazgo femenino en M\u00e9xico\" \/>\n<meta property=\"og:description\" content=\"La gobernadora de Tlaxcala, Lorena Cu\u00e9llar, particip\u00f3 en el encuentro \u201c100 Mujeres L\u00edderes 2026\u201d para reflexionar sobre el liderazgo femenino\" \/>\n<meta property=\"og:url\" content=\"https:\/\/grupohoymexico.com\/tlaxcala\/estatal\/lorena-cuellar-participa-en-el-encuentro-100-mujeres-lideres-2026-sobre-liderazgo-femenino-en-mexico\/\" \/>\n<meta property=\"og:site_name\" content=\"Tlaxcala Hoy\" \/>\n<meta property=\"article:published_time\" content=\"2026-03-10T22:12:29+00:00\" \/>\n<meta property=\"og:image\" content=\"https:\/\/grupohoymexico.com\/tlaxcala\/wp-content\/uploads\/sites\/4\/2026\/03\/Lorena-Cuellar-100-Mujeres-Lideres.jpg\" \/>\n\t<meta property=\"og:image:width\" content=\"1200\" \/>\n\t<meta property=\"og:image:height\" content=\"638\" \/>\n\t<meta property=\"og:image:type\" content=\"image\/jpeg\" \/>\n<meta name=\"author\" content=\"jair\" \/>\n<meta name=\"twitter:card\" content=\"summary_large_image\" \/>\n<meta name=\"twitter:label1\" content=\"Escrito por\" \/>\n\t<meta name=\"twitter:data1\" content=\"jair\" \/>\n\t<meta name=\"twitter:label2\" content=\"Tiempo de lectura\" \/>\n\t<meta name=\"twitter:data2\" content=\"3 minutos\" \/>\n<script type=\"application\/ld+json\" class=\"yoast-schema-graph\">{\"@context\":\"https:\\\/\\\/schema.org\",\"@graph\":[{\"@type\":\"Article\",\"@id\":\"https:\\\/\\\/grupohoymexico.com\\\/tlaxcala\\\/estatal\\\/lorena-cuellar-participa-en-el-encuentro-100-mujeres-lideres-2026-sobre-liderazgo-femenino-en-mexico\\\/#article\",\"isPartOf\":{\"@id\":\"https:\\\/\\\/grupohoymexico.com\\\/tlaxcala\\\/estatal\\\/lorena-cuellar-participa-en-el-encuentro-100-mujeres-lideres-2026-sobre-liderazgo-femenino-en-mexico\\\/\"},\"author\":{\"name\":\"jair\",\"@id\":\"https:\\\/\\\/grupohoymexico.com\\\/tlaxcala\\\/#\\\/schema\\\/person\\\/98e2425fe99fbbdf486895b69dab3c3d\"},\"headline\":\"Lorena Cu\u00e9llar participa en el encuentro \u201c100 Mujeres L\u00edderes 2026\u201d sobre liderazgo femenino en M\u00e9xico\",\"datePublished\":\"2026-03-10T22:12:29+00:00\",\"mainEntityOfPage\":{\"@id\":\"https:\\\/\\\/grupohoymexico.com\\\/tlaxcala\\\/estatal\\\/lorena-cuellar-participa-en-el-encuentro-100-mujeres-lideres-2026-sobre-liderazgo-femenino-en-mexico\\\/\"},\"wordCount\":633,\"commentCount\":0,\"image\":{\"@id\":\"https:\\\/\\\/grupohoymexico.com\\\/tlaxcala\\\/estatal\\\/lorena-cuellar-participa-en-el-encuentro-100-mujeres-lideres-2026-sobre-liderazgo-femenino-en-mexico\\\/#primaryimage\"},\"thumbnailUrl\":\"https:\\\/\\\/grupohoymexico.com\\\/tlaxcala\\\/wp-content\\\/uploads\\\/sites\\\/4\\\/2026\\\/03\\\/Lorena-Cuellar-100-Mujeres-Lideres.jpg\",\"keywords\":[\"100 mujeres l\u00edderes\",\"Feminismo\",\"Lorena Cu\u00e9llar\",\"M\u00e9xico\",\"Tlaxcala\"],\"articleSection\":[\"Estatal\"],\"inLanguage\":\"es\",\"potentialAction\":[{\"@type\":\"CommentAction\",\"name\":\"Comment\",\"target\":[\"https:\\\/\\\/grupohoymexico.com\\\/tlaxcala\\\/estatal\\\/lorena-cuellar-participa-en-el-encuentro-100-mujeres-lideres-2026-sobre-liderazgo-femenino-en-mexico\\\/#respond\"]}]},{\"@type\":\"WebPage\",\"@id\":\"https:\\\/\\\/grupohoymexico.com\\\/tlaxcala\\\/estatal\\\/lorena-cuellar-participa-en-el-encuentro-100-mujeres-lideres-2026-sobre-liderazgo-femenino-en-mexico\\\/\",\"url\":\"https:\\\/\\\/grupohoymexico.com\\\/tlaxcala\\\/estatal\\\/lorena-cuellar-participa-en-el-encuentro-100-mujeres-lideres-2026-sobre-liderazgo-femenino-en-mexico\\\/\",\"name\":\"Lorena Cu\u00e9llar participa en el encuentro \u201c100 Mujeres L\u00edderes 2026\u201d sobre liderazgo femenino en M\u00e9xico - Tlaxcala Hoy\",\"isPartOf\":{\"@id\":\"https:\\\/\\\/grupohoymexico.com\\\/tlaxcala\\\/#website\"},\"primaryImageOfPage\":{\"@id\":\"https:\\\/\\\/grupohoymexico.com\\\/tlaxcala\\\/estatal\\\/lorena-cuellar-participa-en-el-encuentro-100-mujeres-lideres-2026-sobre-liderazgo-femenino-en-mexico\\\/#primaryimage\"},\"image\":{\"@id\":\"https:\\\/\\\/grupohoymexico.com\\\/tlaxcala\\\/estatal\\\/lorena-cuellar-participa-en-el-encuentro-100-mujeres-lideres-2026-sobre-liderazgo-femenino-en-mexico\\\/#primaryimage\"},\"thumbnailUrl\":\"https:\\\/\\\/grupohoymexico.com\\\/tlaxcala\\\/wp-content\\\/uploads\\\/sites\\\/4\\\/2026\\\/03\\\/Lorena-Cuellar-100-Mujeres-Lideres.jpg\",\"datePublished\":\"2026-03-10T22:12:29+00:00\",\"author\":{\"@id\":\"https:\\\/\\\/grupohoymexico.com\\\/tlaxcala\\\/#\\\/schema\\\/person\\\/98e2425fe99fbbdf486895b69dab3c3d\"},\"description\":\"La gobernadora de Tlaxcala, Lorena Cu\u00e9llar, particip\u00f3 en el encuentro \u201c100 Mujeres L\u00edderes 2026\u201d para reflexionar sobre el liderazgo femenino\",\"breadcrumb\":{\"@id\":\"https:\\\/\\\/grupohoymexico.com\\\/tlaxcala\\\/estatal\\\/lorena-cuellar-participa-en-el-encuentro-100-mujeres-lideres-2026-sobre-liderazgo-femenino-en-mexico\\\/#breadcrumb\"},\"inLanguage\":\"es\",\"potentialAction\":[{\"@type\":\"ReadAction\",\"target\":[\"https:\\\/\\\/grupohoymexico.com\\\/tlaxcala\\\/estatal\\\/lorena-cuellar-participa-en-el-encuentro-100-mujeres-lideres-2026-sobre-liderazgo-femenino-en-mexico\\\/\"]}]},{\"@type\":\"ImageObject\",\"inLanguage\":\"es\",\"@id\":\"https:\\\/\\\/grupohoymexico.com\\\/tlaxcala\\\/estatal\\\/lorena-cuellar-participa-en-el-encuentro-100-mujeres-lideres-2026-sobre-liderazgo-femenino-en-mexico\\\/#primaryimage\",\"url\":\"https:\\\/\\\/grupohoymexico.com\\\/tlaxcala\\\/wp-content\\\/uploads\\\/sites\\\/4\\\/2026\\\/03\\\/Lorena-Cuellar-100-Mujeres-Lideres.jpg\",\"contentUrl\":\"https:\\\/\\\/grupohoymexico.com\\\/tlaxcala\\\/wp-content\\\/uploads\\\/sites\\\/4\\\/2026\\\/03\\\/Lorena-Cuellar-100-Mujeres-Lideres.jpg\",\"width\":1200,\"height\":638,\"caption\":\"Foto: Gobierno de Tlaxcala\"},{\"@type\":\"BreadcrumbList\",\"@id\":\"https:\\\/\\\/grupohoymexico.com\\\/tlaxcala\\\/estatal\\\/lorena-cuellar-participa-en-el-encuentro-100-mujeres-lideres-2026-sobre-liderazgo-femenino-en-mexico\\\/#breadcrumb\",\"itemListElement\":[{\"@type\":\"ListItem\",\"position\":1,\"name\":\"Inicio\",\"item\":\"https:\\\/\\\/grupohoymexico.com\\\/tlaxcala\\\/\"},{\"@type\":\"ListItem\",\"position\":2,\"name\":\"Lorena Cu\u00e9llar participa en el encuentro \u201c100 Mujeres L\u00edderes 2026\u201d sobre liderazgo femenino en M\u00e9xico\"}]},{\"@type\":\"WebSite\",\"@id\":\"https:\\\/\\\/grupohoymexico.com\\\/tlaxcala\\\/#website\",\"url\":\"https:\\\/\\\/grupohoymexico.com\\\/tlaxcala\\\/\",\"name\":\"Tlaxcala Hoy\",\"description\":\"El alma de la naci\u00f3n\",\"potentialAction\":[{\"@type\":\"SearchAction\",\"target\":{\"@type\":\"EntryPoint\",\"urlTemplate\":\"https:\\\/\\\/grupohoymexico.com\\\/tlaxcala\\\/?s={search_term_string}\"},\"query-input\":{\"@type\":\"PropertyValueSpecification\",\"valueRequired\":true,\"valueName\":\"search_term_string\"}}],\"inLanguage\":\"es\"},{\"@type\":\"Person\",\"@id\":\"https:\\\/\\\/grupohoymexico.com\\\/tlaxcala\\\/#\\\/schema\\\/person\\\/98e2425fe99fbbdf486895b69dab3c3d\",\"name\":\"jair\",\"image\":{\"@type\":\"ImageObject\",\"inLanguage\":\"es\",\"@id\":\"https:\\\/\\\/secure.gravatar.com\\\/avatar\\\/ec205dfb8733a1ce1601942dddb04fc9294fb780c832e3c1ec58faa8e4e64e9b?s=96&d=mm&r=g\",\"url\":\"https:\\\/\\\/secure.gravatar.com\\\/avatar\\\/ec205dfb8733a1ce1601942dddb04fc9294fb780c832e3c1ec58faa8e4e64e9b?s=96&d=mm&r=g\",\"contentUrl\":\"https:\\\/\\\/secure.gravatar.com\\\/avatar\\\/ec205dfb8733a1ce1601942dddb04fc9294fb780c832e3c1ec58faa8e4e64e9b?s=96&d=mm&r=g\",\"caption\":\"jair\"},\"url\":\"https:\\\/\\\/grupohoymexico.com\\\/tlaxcala\\\/author\\\/jair\\\/\"}]}<\/script>\n<!-- \/ Yoast SEO Premium plugin. -->","yoast_head_json":{"title":"Lorena Cu\u00e9llar participa en el encuentro \u201c100 Mujeres L\u00edderes 2026\u201d sobre liderazgo femenino en M\u00e9xico - Tlaxcala Hoy","description":"La gobernadora de Tlaxcala, Lorena Cu\u00e9llar, particip\u00f3 en el encuentro \u201c100 Mujeres L\u00edderes 2026\u201d para reflexionar sobre el liderazgo femenino","robots":{"index":"index","follow":"follow","max-snippet":"max-snippet:-1","max-image-preview":"max-image-preview:large","max-video-preview":"max-video-preview:-1"},"canonical":"https:\/\/grupohoymexico.com\/tlaxcala\/estatal\/lorena-cuellar-participa-en-el-encuentro-100-mujeres-lideres-2026-sobre-liderazgo-femenino-en-mexico\/","og_locale":"es_MX","og_type":"article","og_title":"Lorena Cu\u00e9llar participa en el encuentro \u201c100 Mujeres L\u00edderes 2026\u201d sobre liderazgo femenino en M\u00e9xico","og_description":"La gobernadora de Tlaxcala, Lorena Cu\u00e9llar, particip\u00f3 en el encuentro \u201c100 Mujeres L\u00edderes 2026\u201d para reflexionar sobre el liderazgo femenino","og_url":"https:\/\/grupohoymexico.com\/tlaxcala\/estatal\/lorena-cuellar-participa-en-el-encuentro-100-mujeres-lideres-2026-sobre-liderazgo-femenino-en-mexico\/","og_site_name":"Tlaxcala Hoy","article_published_time":"2026-03-10T22:12:29+00:00","og_image":[{"width":1200,"height":638,"url":"https:\/\/grupohoymexico.com\/tlaxcala\/wp-content\/uploads\/sites\/4\/2026\/03\/Lorena-Cuellar-100-Mujeres-Lideres.jpg","type":"image\/jpeg"}],"author":"jair","twitter_card":"summary_large_image","twitter_misc":{"Escrito por":"jair","Tiempo de lectura":"3 minutos"},"schema":{"@context":"https:\/\/schema.org","@graph":[{"@type":"Article","@id":"https:\/\/grupohoymexico.com\/tlaxcala\/estatal\/lorena-cuellar-participa-en-el-encuentro-100-mujeres-lideres-2026-sobre-liderazgo-femenino-en-mexico\/#article","isPartOf":{"@id":"https:\/\/grupohoymexico.com\/tlaxcala\/estatal\/lorena-cuellar-participa-en-el-encuentro-100-mujeres-lideres-2026-sobre-liderazgo-femenino-en-mexico\/"},"author":{"name":"jair","@id":"https:\/\/grupohoymexico.com\/tlaxcala\/#\/schema\/person\/98e2425fe99fbbdf486895b69dab3c3d"},"headline":"Lorena Cu\u00e9llar participa en el encuentro \u201c100 Mujeres L\u00edderes 2026\u201d sobre liderazgo femenino en M\u00e9xico","datePublished":"2026-03-10T22:12:29+00:00","mainEntityOfPage":{"@id":"https:\/\/grupohoymexico.com\/tlaxcala\/estatal\/lorena-cuellar-participa-en-el-encuentro-100-mujeres-lideres-2026-sobre-liderazgo-femenino-en-mexico\/"},"wordCount":633,"commentCount":0,"image":{"@id":"https:\/\/grupohoymexico.com\/tlaxcala\/estatal\/lorena-cuellar-participa-en-el-encuentro-100-mujeres-lideres-2026-sobre-liderazgo-femenino-en-mexico\/#primaryimage"},"thumbnailUrl":"https:\/\/grupohoymexico.com\/tlaxcala\/wp-content\/uploads\/sites\/4\/2026\/03\/Lorena-Cuellar-100-Mujeres-Lideres.jpg","keywords":["100 mujeres l\u00edderes","Feminismo","Lorena Cu\u00e9llar","M\u00e9xico","Tlaxcala"],"articleSection":["Estatal"],"inLanguage":"es","potentialAction":[{"@type":"CommentAction","name":"Comment","target":["https:\/\/grupohoymexico.com\/tlaxcala\/estatal\/lorena-cuellar-participa-en-el-encuentro-100-mujeres-lideres-2026-sobre-liderazgo-femenino-en-mexico\/#respond"]}]},{"@type":"WebPage","@id":"https:\/\/grupohoymexico.com\/tlaxcala\/estatal\/lorena-cuellar-participa-en-el-encuentro-100-mujeres-lideres-2026-sobre-liderazgo-femenino-en-mexico\/","url":"https:\/\/grupohoymexico.com\/tlaxcala\/estatal\/lorena-cuellar-participa-en-el-encuentro-100-mujeres-lideres-2026-sobre-liderazgo-femenino-en-mexico\/","name":"Lorena Cu\u00e9llar participa en el encuentro \u201c100 Mujeres L\u00edderes 2026\u201d sobre liderazgo femenino en M\u00e9xico - Tlaxcala Hoy","isPartOf":{"@id":"https:\/\/grupohoymexico.com\/tlaxcala\/#website"},"primaryImageOfPage":{"@id":"https:\/\/grupohoymexico.com\/tlaxcala\/estatal\/lorena-cuellar-participa-en-el-encuentro-100-mujeres-lideres-2026-sobre-liderazgo-femenino-en-mexico\/#primaryimage"},"image":{"@id":"https:\/\/grupohoymexico.com\/tlaxcala\/estatal\/lorena-cuellar-participa-en-el-encuentro-100-mujeres-lideres-2026-sobre-liderazgo-femenino-en-mexico\/#primaryimage"},"thumbnailUrl":"https:\/\/grupohoymexico.com\/tlaxcala\/wp-content\/uploads\/sites\/4\/2026\/03\/Lorena-Cuellar-100-Mujeres-Lideres.jpg","datePublished":"2026-03-10T22:12:29+00:00","author":{"@id":"https:\/\/grupohoymexico.com\/tlaxcala\/#\/schema\/person\/98e2425fe99fbbdf486895b69dab3c3d"},"description":"La gobernadora de Tlaxcala, Lorena Cu\u00e9llar, particip\u00f3 en el encuentro \u201c100 Mujeres L\u00edderes 2026\u201d para reflexionar sobre el liderazgo femenino","breadcrumb":{"@id":"https:\/\/grupohoymexico.com\/tlaxcala\/estatal\/lorena-cuellar-participa-en-el-encuentro-100-mujeres-lideres-2026-sobre-liderazgo-femenino-en-mexico\/#breadcrumb"},"inLanguage":"es","potentialAction":[{"@type":"ReadAction","target":["https:\/\/grupohoymexico.com\/tlaxcala\/estatal\/lorena-cuellar-participa-en-el-encuentro-100-mujeres-lideres-2026-sobre-liderazgo-femenino-en-mexico\/"]}]},{"@type":"ImageObject","inLanguage":"es","@id":"https:\/\/grupohoymexico.com\/tlaxcala\/estatal\/lorena-cuellar-participa-en-el-encuentro-100-mujeres-lideres-2026-sobre-liderazgo-femenino-en-mexico\/#primaryimage","url":"https:\/\/grupohoymexico.com\/tlaxcala\/wp-content\/uploads\/sites\/4\/2026\/03\/Lorena-Cuellar-100-Mujeres-Lideres.jpg","contentUrl":"https:\/\/grupohoymexico.com\/tlaxcala\/wp-content\/uploads\/sites\/4\/2026\/03\/Lorena-Cuellar-100-Mujeres-Lideres.jpg","width":1200,"height":638,"caption":"Foto: Gobierno de Tlaxcala"},{"@type":"BreadcrumbList","@id":"https:\/\/grupohoymexico.com\/tlaxcala\/estatal\/lorena-cuellar-participa-en-el-encuentro-100-mujeres-lideres-2026-sobre-liderazgo-femenino-en-mexico\/#breadcrumb","itemListElement":[{"@type":"ListItem","position":1,"name":"Inicio","item":"https:\/\/grupohoymexico.com\/tlaxcala\/"},{"@type":"ListItem","position":2,"name":"Lorena Cu\u00e9llar participa en el encuentro \u201c100 Mujeres L\u00edderes 2026\u201d sobre liderazgo femenino en M\u00e9xico"}]},{"@type":"WebSite","@id":"https:\/\/grupohoymexico.com\/tlaxcala\/#website","url":"https:\/\/grupohoymexico.com\/tlaxcala\/","name":"Tlaxcala Hoy","description":"El alma de la naci\u00f3n","potentialAction":[{"@type":"SearchAction","target":{"@type":"EntryPoint","urlTemplate":"https:\/\/grupohoymexico.com\/tlaxcala\/?s={search_term_string}"},"query-input":{"@type":"PropertyValueSpecification","valueRequired":true,"valueName":"search_term_string"}}],"inLanguage":"es"},{"@type":"Person","@id":"https:\/\/grupohoymexico.com\/tlaxcala\/#\/schema\/person\/98e2425fe99fbbdf486895b69dab3c3d","name":"jair","image":{"@type":"ImageObject","inLanguage":"es","@id":"https:\/\/secure.gravatar.com\/avatar\/ec205dfb8733a1ce1601942dddb04fc9294fb780c832e3c1ec58faa8e4e64e9b?s=96&d=mm&r=g","url":"https:\/\/secure.gravatar.com\/avatar\/ec205dfb8733a1ce1601942dddb04fc9294fb780c832e3c1ec58faa8e4e64e9b?s=96&d=mm&r=g","contentUrl":"https:\/\/secure.gravatar.com\/avatar\/ec205dfb8733a1ce1601942dddb04fc9294fb780c832e3c1ec58faa8e4e64e9b?s=96&d=mm&r=g","caption":"jair"},"url":"https:\/\/grupohoymexico.com\/tlaxcala\/author\/jair\/"}]}},"_links":{"self":[{"href":"https:\/\/grupohoymexico.com\/tlaxcala\/wp-json\/wp\/v2\/posts\/5928","targetHints":{"allow":["GET"]}}],"collection":[{"href":"https:\/\/grupohoymexico.com\/tlaxcala\/wp-json\/wp\/v2\/posts"}],"about":[{"href":"https:\/\/grupohoymexico.com\/tlaxcala\/wp-json\/wp\/v2\/types\/post"}],"author":[{"embeddable":true,"href":"https:\/\/grupohoymexico.com\/tlaxcala\/wp-json\/wp\/v2\/users\/5"}],"replies":[{"embeddable":true,"href":"https:\/\/grupohoymexico.com\/tlaxcala\/wp-json\/wp\/v2\/comments?post=5928"}],"version-history":[{"count":1,"href":"https:\/\/grupohoymexico.com\/tlaxcala\/wp-json\/wp\/v2\/posts\/5928\/revisions"}],"predecessor-version":[{"id":5930,"href":"https:\/\/grupohoymexico.com\/tlaxcala\/wp-json\/wp\/v2\/posts\/5928\/revisions\/5930"}],"wp:featuredmedia":[{"embeddable":true,"href":"https:\/\/grupohoymexico.com\/tlaxcala\/wp-json\/wp\/v2\/media\/5929"}],"wp:attachment":[{"href":"https:\/\/grupohoymexico.com\/tlaxcala\/wp-json\/wp\/v2\/media?parent=5928"}],"wp:term":[{"taxonomy":"category","embeddable":true,"href":"https:\/\/grupohoymexico.com\/tlaxcala\/wp-json\/wp\/v2\/categories?post=5928"},{"taxonomy":"post_tag","embeddable":true,"href":"https:\/\/grupohoymexico.com\/tlaxcala\/wp-json\/wp\/v2\/tags?post=5928"}],"curies":[{"name":"wp","href":"https:\/\/api.w.org\/{rel}","templated":true}]}}