{"id":5922,"date":"2026-03-11T12:18:26","date_gmt":"2026-03-11T18:18:26","guid":{"rendered":"https:\/\/grupohoymexico.com\/tlaxcala\/?p=5922"},"modified":"2026-03-11T12:18:26","modified_gmt":"2026-03-11T18:18:26","slug":"tlaxcala-impulsa-agenda-de-mujeres-con-reformas-legales-y-programas-de-empoderamiento","status":"publish","type":"post","link":"https:\/\/grupohoymexico.com\/tlaxcala\/estatal\/tlaxcala-impulsa-agenda-de-mujeres-con-reformas-legales-y-programas-de-empoderamiento\/","title":{"rendered":"Tlaxcala impulsa agenda de mujeres con reformas legales y programas de empoderamiento"},"content":{"rendered":"<article>\n<p data-start=\"112\" data-end=\"412\">En <span class=\"hover:entity-accent entity-underline inline cursor-pointer align-baseline\"><span class=\"whitespace-normal\">Tlaxcala<\/span><\/span>, el impulso de <strong data-start=\"168\" data-end=\"216\">pol\u00edticas p\u00fablicas con perspectiva de g\u00e9nero<\/strong> ha cobrado mayor relevancia en los \u00faltimos a\u00f1os, con acciones orientadas a fortalecer la <strong data-start=\"306\" data-end=\"411\">participaci\u00f3n de las mujeres, la protecci\u00f3n de sus derechos y la prevenci\u00f3n de la violencia de g\u00e9nero<\/strong>.<\/p>\n<p data-start=\"414\" data-end=\"718\">La gobernadora <span class=\"hover:entity-accent entity-underline inline cursor-pointer align-baseline\"><span class=\"whitespace-normal\">Lorena Cu\u00e9llar Cisneros<\/span><\/span> ha destacado que su administraci\u00f3n ha promovido <strong data-start=\"515\" data-end=\"602\">programas sociales, reformas legales y mayor presupuesto para pol\u00edticas de igualdad<\/strong>, con el objetivo de consolidar una agenda integral que garantice mejores condiciones para las mujeres tlaxcaltecas.<\/p>\n<h3 data-start=\"414\" data-end=\"718\"><strong>Sigue nuestras cuentas en Facebook e Instagram para mantenerte informado con las noticias m\u00e1s relevantes.<\/strong><\/h3>\n<h2 data-section-id=\"602kbt\" data-start=\"725\" data-end=\"794\"><strong>Pol\u00edticas de g\u00e9nero en Tlaxcala fortalecen derechos de las mujeres<\/strong><\/h2>\n<p data-start=\"796\" data-end=\"1014\">El gobierno estatal ha impulsado diversas estrategias enfocadas en <strong data-start=\"863\" data-end=\"929\">reducir brechas de desigualdad y promover la equidad de g\u00e9nero<\/strong>, una prioridad dentro de la agenda p\u00fablica en <span class=\"hover:entity-accent entity-underline inline cursor-pointer align-baseline\"><span class=\"whitespace-normal\">Tlaxcala<\/span><\/span>.<\/p>\n<p data-start=\"1016\" data-end=\"1083\">Entre los avances se\u00f1alados por la administraci\u00f3n estatal destacan:<\/p>\n<ul data-start=\"1085\" data-end=\"1333\">\n<li data-section-id=\"1gb0esy\" data-start=\"1085\" data-end=\"1169\">\n<p data-start=\"1087\" data-end=\"1169\">Incremento en el <strong data-start=\"1104\" data-end=\"1167\">presupuesto destinado a programas con perspectiva de g\u00e9nero<\/strong><\/p>\n<\/li>\n<li data-section-id=\"ym5k6t\" data-start=\"1170\" data-end=\"1250\">\n<p data-start=\"1172\" data-end=\"1250\">Implementaci\u00f3n de <strong data-start=\"1190\" data-end=\"1248\">acciones para prevenir la violencia contra las mujeres<\/strong><\/p>\n<\/li>\n<li data-section-id=\"44ytbj\" data-start=\"1251\" data-end=\"1333\">\n<p data-start=\"1253\" data-end=\"1333\">Fortalecimiento de <strong data-start=\"1272\" data-end=\"1333\">instituciones que atienden derechos y protecci\u00f3n femenina<\/strong><\/p>\n<\/li>\n<\/ul>\n<p data-start=\"1335\" data-end=\"1469\">Estas medidas buscan responder a demandas hist\u00f3ricas relacionadas con <strong data-start=\"1405\" data-end=\"1468\">seguridad, justicia y participaci\u00f3n social para las mujeres<\/strong>.<\/p>\n<h2 data-section-id=\"ssp005\" data-start=\"1476\" data-end=\"1546\"><strong>Congreso de Tlaxcala impulsa reformas legales con enfoque de g\u00e9nero<\/strong><\/h2>\n<p data-start=\"1548\" data-end=\"1700\">En el \u00e1mbito legislativo, el Congreso local ha trabajado en la <strong data-start=\"1611\" data-end=\"1699\">actualizaci\u00f3n del marco jur\u00eddico estatal para garantizar los derechos de las mujeres<\/strong>.<\/p>\n<p data-start=\"1702\" data-end=\"1958\">Bajo un liderazgo con participaci\u00f3n femenina, se han promovido <strong data-start=\"1765\" data-end=\"1853\">modificaciones legales orientadas a fortalecer la justicia con perspectiva de g\u00e9nero<\/strong>, as\u00ed como mecanismos que permitan atender de forma m\u00e1s efectiva los casos de violencia y discriminaci\u00f3n.<\/p>\n<p data-start=\"1960\" data-end=\"2144\">El avance de estas reformas ha sido posible gracias a la <strong data-start=\"2017\" data-end=\"2067\">coordinaci\u00f3n entre los tres poderes del estado<\/strong>, lo que ha permitido consolidar pol\u00edticas p\u00fablicas enfocadas en la igualdad.<\/p>\n<h3 data-start=\"1960\" data-end=\"2144\"><em><strong>Leer m\u00e1s: <a href=\"https:\/\/grupohoymexico.com\/tlaxcala\/estatal\/lorena-cuellar-inaugura-complejo-de-salud-en-tlaxcala-con-inversion-de-33-mdp\/\">Lorena Cu\u00e9llar inaugura complejo de salud en Tlaxcala con inversi\u00f3n de 33 mdp<\/a><\/strong><\/em><\/h3>\n<h2 data-section-id=\"1n79ga3\" data-start=\"2151\" data-end=\"2231\"><strong>Programa Mujeres Guerreras 2026 impulsa empoderamiento femenino en el deporte<\/strong><\/h2>\n<p data-start=\"2233\" data-end=\"2482\">Dentro del \u00e1mbito deportivo y social, el gobierno estatal puso en marcha el programa <strong data-start=\"2318\" data-end=\"2344\">Mujeres Guerreras 2026<\/strong>, una iniciativa enfocada en <strong data-start=\"2373\" data-end=\"2481\">fortalecer el desarrollo personal y la seguridad de las mujeres que participan en actividades deportivas<\/strong>.<\/p>\n<p data-start=\"2484\" data-end=\"2504\">El programa incluye:<\/p>\n<ul data-start=\"2506\" data-end=\"2670\">\n<li data-section-id=\"4jqqlc\" data-start=\"2506\" data-end=\"2557\">\n<p data-start=\"2508\" data-end=\"2557\">Talleres de <strong data-start=\"2520\" data-end=\"2555\">formaci\u00f3n emocional y liderazgo<\/strong><\/p>\n<\/li>\n<li data-section-id=\"tuy7cn\" data-start=\"2558\" data-end=\"2614\">\n<p data-start=\"2560\" data-end=\"2614\">Actividades de <strong data-start=\"2575\" data-end=\"2612\">prevenci\u00f3n de violencia de g\u00e9nero<\/strong><\/p>\n<\/li>\n<li data-section-id=\"1nocoor\" data-start=\"2615\" data-end=\"2670\">\n<p data-start=\"2617\" data-end=\"2670\">Espacios de <strong data-start=\"2629\" data-end=\"2670\">empoderamiento y resiliencia femenina<\/strong><\/p>\n<\/li>\n<\/ul>\n<p data-start=\"2672\" data-end=\"2843\">Estas acciones buscan generar <strong data-start=\"2702\" data-end=\"2767\">entornos seguros y equitativos para las mujeres en el deporte<\/strong>, adem\u00e1s de promover su participaci\u00f3n activa en diferentes \u00e1mbitos sociales.<\/p>\n<h2 data-section-id=\"1wmuzfb\" data-start=\"2850\" data-end=\"2923\"><strong>Avances en igualdad de g\u00e9nero en M\u00e9xico respaldan acciones en Tlaxcala<\/strong><\/h2>\n<p data-start=\"2925\" data-end=\"3115\">Las pol\u00edticas impulsadas en <span class=\"hover:entity-accent entity-underline inline cursor-pointer align-baseline\"><span class=\"whitespace-normal\">Tlaxcala<\/span><\/span> se alinean con el marco legal nacional en materia de igualdad, particularmente con la <span class=\"hover:entity-accent entity-underline inline cursor-pointer align-baseline\"><span class=\"whitespace-normal\">Ley General para la Igualdad entre Mujeres y Hombres<\/span><\/span>.<\/p>\n<p data-start=\"3117\" data-end=\"3287\">En M\u00e9xico, la incorporaci\u00f3n de la <strong data-start=\"3151\" data-end=\"3198\">perspectiva de g\u00e9nero en pol\u00edticas p\u00fablicas<\/strong> se ha convertido en un elemento fundamental para enfrentar problemas estructurales como:<\/p>\n<ul data-start=\"3289\" data-end=\"3424\">\n<li data-section-id=\"bs3ust\" data-start=\"3289\" data-end=\"3312\">\n<p data-start=\"3291\" data-end=\"3312\">Violencia de g\u00e9nero<\/p>\n<\/li>\n<li data-section-id=\"1ss2cnm\" data-start=\"3313\" data-end=\"3336\">\n<p data-start=\"3315\" data-end=\"3336\">Desigualdad laboral<\/p>\n<\/li>\n<li data-section-id=\"qyp59b\" data-start=\"3337\" data-end=\"3382\">\n<p data-start=\"3339\" data-end=\"3382\">Falta de representaci\u00f3n pol\u00edtica femenina<\/p>\n<\/li>\n<li data-section-id=\"85zdn1\" data-start=\"3383\" data-end=\"3424\">\n<p data-start=\"3385\" data-end=\"3424\">Limitaciones en el acceso a la justicia<\/p>\n<\/li>\n<\/ul>\n<p data-start=\"3426\" data-end=\"3557\">Los programas estatales buscan contribuir a estos objetivos mediante <strong data-start=\"3495\" data-end=\"3556\">acciones coordinadas entre instituciones y sociedad civil<\/strong>.<\/p>\n<h2 data-start=\"3426\" data-end=\"3557\"><a href=\"https:\/\/whatsapp.com\/channel\/0029Vaylt1XG3R3gm4Nsgp2m\"><strong>\u00danete a nuestro canal de WhatsApp<\/strong><\/a><\/h2>\n<\/article>\n","protected":false},"excerpt":{"rendered":"En Tlaxcala, el impulso de pol\u00edticas p\u00fablicas con perspectiva de g\u00e9nero ha cobrado mayor relevancia en los \u00faltimos&hellip;","protected":false},"author":34,"featured_media":5940,"comment_status":"open","ping_status":"open","sticky":false,"template":"","format":"standard","meta":{"csco_display_header_overlay":false,"csco_singular_sidebar":"","csco_page_header_type":"","csco_page_load_nextpost":"","csco_post_video_location":[],"csco_post_video_location_hash":"","csco_post_video_url":"","csco_post_video_bg_start_time":0,"csco_post_video_bg_end_time":0,"footnotes":""},"categories":[172],"tags":[2681,356,2680,229],"class_list":{"0":"post-5922","1":"post","2":"type-post","3":"status-publish","4":"format-standard","5":"has-post-thumbnail","7":"category-estatal","8":"tag-agenda-de-mujeres","9":"tag-igualdad-de-genero","10":"tag-politica-de-genero","11":"tag-tlaxcala","12":"cs-entry","13":"cs-video-wrap"},"yoast_head":"<!-- This site is optimized with the Yoast SEO Premium plugin v24.7 (Yoast SEO v27.4) - https:\/\/yoast.com\/product\/yoast-seo-premium-wordpress\/ -->\n<title>Pol\u00edticas de g\u00e9nero en Tlaxcala favorecen derechos y participaci\u00f3n femenina<\/title>\n<meta name=\"description\" content=\"Tlaxcala avanzan con reformas legales, aumento presupuestal y programas deportivos para fortalecer la participaci\u00f3n y derechos de las mujeres\" \/>\n<meta name=\"robots\" content=\"index, follow, max-snippet:-1, max-image-preview:large, max-video-preview:-1\" \/>\n<link rel=\"canonical\" href=\"https:\/\/grupohoymexico.com\/tlaxcala\/estatal\/tlaxcala-impulsa-agenda-de-mujeres-con-reformas-legales-y-programas-de-empoderamiento\/\" \/>\n<meta property=\"og:locale\" content=\"es_MX\" \/>\n<meta property=\"og:type\" content=\"article\" \/>\n<meta property=\"og:title\" content=\"Tlaxcala impulsa agenda de mujeres con reformas legales y programas de empoderamiento\" \/>\n<meta property=\"og:description\" content=\"Tlaxcala avanzan con reformas legales, aumento presupuestal y programas deportivos para fortalecer la participaci\u00f3n y derechos de las mujeres\" \/>\n<meta property=\"og:url\" content=\"https:\/\/grupohoymexico.com\/tlaxcala\/estatal\/tlaxcala-impulsa-agenda-de-mujeres-con-reformas-legales-y-programas-de-empoderamiento\/\" \/>\n<meta property=\"og:site_name\" content=\"Tlaxcala Hoy\" \/>\n<meta property=\"article:published_time\" content=\"2026-03-11T18:18:26+00:00\" \/>\n<meta property=\"og:image\" content=\"https:\/\/grupohoymexico.com\/tlaxcala\/wp-content\/uploads\/sites\/4\/2026\/03\/CDMX.jpg\" \/>\n\t<meta property=\"og:image:width\" content=\"1200\" \/>\n\t<meta property=\"og:image:height\" content=\"625\" \/>\n\t<meta property=\"og:image:type\" content=\"image\/jpeg\" \/>\n<meta name=\"author\" content=\"Redacci\u00f3n Grupo Hoy\" \/>\n<meta name=\"twitter:card\" content=\"summary_large_image\" \/>\n<meta name=\"twitter:label1\" content=\"Escrito por\" \/>\n\t<meta name=\"twitter:data1\" content=\"Redacci\u00f3n Grupo Hoy\" \/>\n\t<meta name=\"twitter:label2\" content=\"Tiempo de lectura\" \/>\n\t<meta name=\"twitter:data2\" content=\"3 minutos\" \/>\n<script type=\"application\/ld+json\" class=\"yoast-schema-graph\">{\"@context\":\"https:\\\/\\\/schema.org\",\"@graph\":[{\"@type\":\"Article\",\"@id\":\"https:\\\/\\\/grupohoymexico.com\\\/tlaxcala\\\/estatal\\\/tlaxcala-impulsa-agenda-de-mujeres-con-reformas-legales-y-programas-de-empoderamiento\\\/#article\",\"isPartOf\":{\"@id\":\"https:\\\/\\\/grupohoymexico.com\\\/tlaxcala\\\/estatal\\\/tlaxcala-impulsa-agenda-de-mujeres-con-reformas-legales-y-programas-de-empoderamiento\\\/\"},\"author\":{\"name\":\"Redacci\u00f3n Grupo Hoy\",\"@id\":\"https:\\\/\\\/grupohoymexico.com\\\/tlaxcala\\\/#\\\/schema\\\/person\\\/bc870cc34e948548ddb62cf78ef8474b\"},\"headline\":\"Tlaxcala impulsa agenda de mujeres con reformas legales y programas de empoderamiento\",\"datePublished\":\"2026-03-11T18:18:26+00:00\",\"mainEntityOfPage\":{\"@id\":\"https:\\\/\\\/grupohoymexico.com\\\/tlaxcala\\\/estatal\\\/tlaxcala-impulsa-agenda-de-mujeres-con-reformas-legales-y-programas-de-empoderamiento\\\/\"},\"wordCount\":558,\"commentCount\":0,\"image\":{\"@id\":\"https:\\\/\\\/grupohoymexico.com\\\/tlaxcala\\\/estatal\\\/tlaxcala-impulsa-agenda-de-mujeres-con-reformas-legales-y-programas-de-empoderamiento\\\/#primaryimage\"},\"thumbnailUrl\":\"https:\\\/\\\/grupohoymexico.com\\\/tlaxcala\\\/wp-content\\\/uploads\\\/sites\\\/4\\\/2026\\\/03\\\/CDMX.jpg\",\"keywords\":[\"Agenda de mujeres\",\"Igualdad de G\u00e9nero\",\"Pol\u00edtica de g\u00e9nero\",\"Tlaxcala\"],\"articleSection\":[\"Estatal\"],\"inLanguage\":\"es\",\"potentialAction\":[{\"@type\":\"CommentAction\",\"name\":\"Comment\",\"target\":[\"https:\\\/\\\/grupohoymexico.com\\\/tlaxcala\\\/estatal\\\/tlaxcala-impulsa-agenda-de-mujeres-con-reformas-legales-y-programas-de-empoderamiento\\\/#respond\"]}]},{\"@type\":\"WebPage\",\"@id\":\"https:\\\/\\\/grupohoymexico.com\\\/tlaxcala\\\/estatal\\\/tlaxcala-impulsa-agenda-de-mujeres-con-reformas-legales-y-programas-de-empoderamiento\\\/\",\"url\":\"https:\\\/\\\/grupohoymexico.com\\\/tlaxcala\\\/estatal\\\/tlaxcala-impulsa-agenda-de-mujeres-con-reformas-legales-y-programas-de-empoderamiento\\\/\",\"name\":\"Pol\u00edticas de g\u00e9nero en Tlaxcala favorecen derechos y participaci\u00f3n femenina\",\"isPartOf\":{\"@id\":\"https:\\\/\\\/grupohoymexico.com\\\/tlaxcala\\\/#website\"},\"primaryImageOfPage\":{\"@id\":\"https:\\\/\\\/grupohoymexico.com\\\/tlaxcala\\\/estatal\\\/tlaxcala-impulsa-agenda-de-mujeres-con-reformas-legales-y-programas-de-empoderamiento\\\/#primaryimage\"},\"image\":{\"@id\":\"https:\\\/\\\/grupohoymexico.com\\\/tlaxcala\\\/estatal\\\/tlaxcala-impulsa-agenda-de-mujeres-con-reformas-legales-y-programas-de-empoderamiento\\\/#primaryimage\"},\"thumbnailUrl\":\"https:\\\/\\\/grupohoymexico.com\\\/tlaxcala\\\/wp-content\\\/uploads\\\/sites\\\/4\\\/2026\\\/03\\\/CDMX.jpg\",\"datePublished\":\"2026-03-11T18:18:26+00:00\",\"author\":{\"@id\":\"https:\\\/\\\/grupohoymexico.com\\\/tlaxcala\\\/#\\\/schema\\\/person\\\/bc870cc34e948548ddb62cf78ef8474b\"},\"description\":\"Tlaxcala avanzan con reformas legales, aumento presupuestal y programas deportivos para fortalecer la participaci\u00f3n y derechos de las mujeres\",\"breadcrumb\":{\"@id\":\"https:\\\/\\\/grupohoymexico.com\\\/tlaxcala\\\/estatal\\\/tlaxcala-impulsa-agenda-de-mujeres-con-reformas-legales-y-programas-de-empoderamiento\\\/#breadcrumb\"},\"inLanguage\":\"es\",\"potentialAction\":[{\"@type\":\"ReadAction\",\"target\":[\"https:\\\/\\\/grupohoymexico.com\\\/tlaxcala\\\/estatal\\\/tlaxcala-impulsa-agenda-de-mujeres-con-reformas-legales-y-programas-de-empoderamiento\\\/\"]}]},{\"@type\":\"ImageObject\",\"inLanguage\":\"es\",\"@id\":\"https:\\\/\\\/grupohoymexico.com\\\/tlaxcala\\\/estatal\\\/tlaxcala-impulsa-agenda-de-mujeres-con-reformas-legales-y-programas-de-empoderamiento\\\/#primaryimage\",\"url\":\"https:\\\/\\\/grupohoymexico.com\\\/tlaxcala\\\/wp-content\\\/uploads\\\/sites\\\/4\\\/2026\\\/03\\\/CDMX.jpg\",\"contentUrl\":\"https:\\\/\\\/grupohoymexico.com\\\/tlaxcala\\\/wp-content\\\/uploads\\\/sites\\\/4\\\/2026\\\/03\\\/CDMX.jpg\",\"width\":1200,\"height\":625,\"caption\":\"Foto: Gobierno de Tlaxcala\"},{\"@type\":\"BreadcrumbList\",\"@id\":\"https:\\\/\\\/grupohoymexico.com\\\/tlaxcala\\\/estatal\\\/tlaxcala-impulsa-agenda-de-mujeres-con-reformas-legales-y-programas-de-empoderamiento\\\/#breadcrumb\",\"itemListElement\":[{\"@type\":\"ListItem\",\"position\":1,\"name\":\"Inicio\",\"item\":\"https:\\\/\\\/grupohoymexico.com\\\/tlaxcala\\\/\"},{\"@type\":\"ListItem\",\"position\":2,\"name\":\"Tlaxcala impulsa agenda de mujeres con reformas legales y programas de empoderamiento\"}]},{\"@type\":\"WebSite\",\"@id\":\"https:\\\/\\\/grupohoymexico.com\\\/tlaxcala\\\/#website\",\"url\":\"https:\\\/\\\/grupohoymexico.com\\\/tlaxcala\\\/\",\"name\":\"Tlaxcala Hoy\",\"description\":\"El alma de la naci\u00f3n\",\"potentialAction\":[{\"@type\":\"SearchAction\",\"target\":{\"@type\":\"EntryPoint\",\"urlTemplate\":\"https:\\\/\\\/grupohoymexico.com\\\/tlaxcala\\\/?s={search_term_string}\"},\"query-input\":{\"@type\":\"PropertyValueSpecification\",\"valueRequired\":true,\"valueName\":\"search_term_string\"}}],\"inLanguage\":\"es\"},{\"@type\":\"Person\",\"@id\":\"https:\\\/\\\/grupohoymexico.com\\\/tlaxcala\\\/#\\\/schema\\\/person\\\/bc870cc34e948548ddb62cf78ef8474b\",\"name\":\"Redacci\u00f3n Grupo Hoy\",\"image\":{\"@type\":\"ImageObject\",\"inLanguage\":\"es\",\"@id\":\"https:\\\/\\\/secure.gravatar.com\\\/avatar\\\/e8a44ae8f1b7592837f8c496178e70e065758a27945df208805f8cf6fdd56893?s=96&d=mm&r=g\",\"url\":\"https:\\\/\\\/secure.gravatar.com\\\/avatar\\\/e8a44ae8f1b7592837f8c496178e70e065758a27945df208805f8cf6fdd56893?s=96&d=mm&r=g\",\"contentUrl\":\"https:\\\/\\\/secure.gravatar.com\\\/avatar\\\/e8a44ae8f1b7592837f8c496178e70e065758a27945df208805f8cf6fdd56893?s=96&d=mm&r=g\",\"caption\":\"Redacci\u00f3n Grupo Hoy\"},\"url\":\"https:\\\/\\\/grupohoymexico.com\\\/tlaxcala\\\/author\\\/redaccion\\\/\"}]}<\/script>\n<!-- \/ Yoast SEO Premium plugin. -->","yoast_head_json":{"title":"Pol\u00edticas de g\u00e9nero en Tlaxcala favorecen derechos y participaci\u00f3n femenina","description":"Tlaxcala avanzan con reformas legales, aumento presupuestal y programas deportivos para fortalecer la participaci\u00f3n y derechos de las mujeres","robots":{"index":"index","follow":"follow","max-snippet":"max-snippet:-1","max-image-preview":"max-image-preview:large","max-video-preview":"max-video-preview:-1"},"canonical":"https:\/\/grupohoymexico.com\/tlaxcala\/estatal\/tlaxcala-impulsa-agenda-de-mujeres-con-reformas-legales-y-programas-de-empoderamiento\/","og_locale":"es_MX","og_type":"article","og_title":"Tlaxcala impulsa agenda de mujeres con reformas legales y programas de empoderamiento","og_description":"Tlaxcala avanzan con reformas legales, aumento presupuestal y programas deportivos para fortalecer la participaci\u00f3n y derechos de las mujeres","og_url":"https:\/\/grupohoymexico.com\/tlaxcala\/estatal\/tlaxcala-impulsa-agenda-de-mujeres-con-reformas-legales-y-programas-de-empoderamiento\/","og_site_name":"Tlaxcala Hoy","article_published_time":"2026-03-11T18:18:26+00:00","og_image":[{"width":1200,"height":625,"url":"https:\/\/grupohoymexico.com\/tlaxcala\/wp-content\/uploads\/sites\/4\/2026\/03\/CDMX.jpg","type":"image\/jpeg"}],"author":"Redacci\u00f3n Grupo Hoy","twitter_card":"summary_large_image","twitter_misc":{"Escrito por":"Redacci\u00f3n Grupo Hoy","Tiempo de lectura":"3 minutos"},"schema":{"@context":"https:\/\/schema.org","@graph":[{"@type":"Article","@id":"https:\/\/grupohoymexico.com\/tlaxcala\/estatal\/tlaxcala-impulsa-agenda-de-mujeres-con-reformas-legales-y-programas-de-empoderamiento\/#article","isPartOf":{"@id":"https:\/\/grupohoymexico.com\/tlaxcala\/estatal\/tlaxcala-impulsa-agenda-de-mujeres-con-reformas-legales-y-programas-de-empoderamiento\/"},"author":{"name":"Redacci\u00f3n Grupo Hoy","@id":"https:\/\/grupohoymexico.com\/tlaxcala\/#\/schema\/person\/bc870cc34e948548ddb62cf78ef8474b"},"headline":"Tlaxcala impulsa agenda de mujeres con reformas legales y programas de empoderamiento","datePublished":"2026-03-11T18:18:26+00:00","mainEntityOfPage":{"@id":"https:\/\/grupohoymexico.com\/tlaxcala\/estatal\/tlaxcala-impulsa-agenda-de-mujeres-con-reformas-legales-y-programas-de-empoderamiento\/"},"wordCount":558,"commentCount":0,"image":{"@id":"https:\/\/grupohoymexico.com\/tlaxcala\/estatal\/tlaxcala-impulsa-agenda-de-mujeres-con-reformas-legales-y-programas-de-empoderamiento\/#primaryimage"},"thumbnailUrl":"https:\/\/grupohoymexico.com\/tlaxcala\/wp-content\/uploads\/sites\/4\/2026\/03\/CDMX.jpg","keywords":["Agenda de mujeres","Igualdad de G\u00e9nero","Pol\u00edtica de g\u00e9nero","Tlaxcala"],"articleSection":["Estatal"],"inLanguage":"es","potentialAction":[{"@type":"CommentAction","name":"Comment","target":["https:\/\/grupohoymexico.com\/tlaxcala\/estatal\/tlaxcala-impulsa-agenda-de-mujeres-con-reformas-legales-y-programas-de-empoderamiento\/#respond"]}]},{"@type":"WebPage","@id":"https:\/\/grupohoymexico.com\/tlaxcala\/estatal\/tlaxcala-impulsa-agenda-de-mujeres-con-reformas-legales-y-programas-de-empoderamiento\/","url":"https:\/\/grupohoymexico.com\/tlaxcala\/estatal\/tlaxcala-impulsa-agenda-de-mujeres-con-reformas-legales-y-programas-de-empoderamiento\/","name":"Pol\u00edticas de g\u00e9nero en Tlaxcala favorecen derechos y participaci\u00f3n femenina","isPartOf":{"@id":"https:\/\/grupohoymexico.com\/tlaxcala\/#website"},"primaryImageOfPage":{"@id":"https:\/\/grupohoymexico.com\/tlaxcala\/estatal\/tlaxcala-impulsa-agenda-de-mujeres-con-reformas-legales-y-programas-de-empoderamiento\/#primaryimage"},"image":{"@id":"https:\/\/grupohoymexico.com\/tlaxcala\/estatal\/tlaxcala-impulsa-agenda-de-mujeres-con-reformas-legales-y-programas-de-empoderamiento\/#primaryimage"},"thumbnailUrl":"https:\/\/grupohoymexico.com\/tlaxcala\/wp-content\/uploads\/sites\/4\/2026\/03\/CDMX.jpg","datePublished":"2026-03-11T18:18:26+00:00","author":{"@id":"https:\/\/grupohoymexico.com\/tlaxcala\/#\/schema\/person\/bc870cc34e948548ddb62cf78ef8474b"},"description":"Tlaxcala avanzan con reformas legales, aumento presupuestal y programas deportivos para fortalecer la participaci\u00f3n y derechos de las mujeres","breadcrumb":{"@id":"https:\/\/grupohoymexico.com\/tlaxcala\/estatal\/tlaxcala-impulsa-agenda-de-mujeres-con-reformas-legales-y-programas-de-empoderamiento\/#breadcrumb"},"inLanguage":"es","potentialAction":[{"@type":"ReadAction","target":["https:\/\/grupohoymexico.com\/tlaxcala\/estatal\/tlaxcala-impulsa-agenda-de-mujeres-con-reformas-legales-y-programas-de-empoderamiento\/"]}]},{"@type":"ImageObject","inLanguage":"es","@id":"https:\/\/grupohoymexico.com\/tlaxcala\/estatal\/tlaxcala-impulsa-agenda-de-mujeres-con-reformas-legales-y-programas-de-empoderamiento\/#primaryimage","url":"https:\/\/grupohoymexico.com\/tlaxcala\/wp-content\/uploads\/sites\/4\/2026\/03\/CDMX.jpg","contentUrl":"https:\/\/grupohoymexico.com\/tlaxcala\/wp-content\/uploads\/sites\/4\/2026\/03\/CDMX.jpg","width":1200,"height":625,"caption":"Foto: Gobierno de Tlaxcala"},{"@type":"BreadcrumbList","@id":"https:\/\/grupohoymexico.com\/tlaxcala\/estatal\/tlaxcala-impulsa-agenda-de-mujeres-con-reformas-legales-y-programas-de-empoderamiento\/#breadcrumb","itemListElement":[{"@type":"ListItem","position":1,"name":"Inicio","item":"https:\/\/grupohoymexico.com\/tlaxcala\/"},{"@type":"ListItem","position":2,"name":"Tlaxcala impulsa agenda de mujeres con reformas legales y programas de empoderamiento"}]},{"@type":"WebSite","@id":"https:\/\/grupohoymexico.com\/tlaxcala\/#website","url":"https:\/\/grupohoymexico.com\/tlaxcala\/","name":"Tlaxcala Hoy","description":"El alma de la naci\u00f3n","potentialAction":[{"@type":"SearchAction","target":{"@type":"EntryPoint","urlTemplate":"https:\/\/grupohoymexico.com\/tlaxcala\/?s={search_term_string}"},"query-input":{"@type":"PropertyValueSpecification","valueRequired":true,"valueName":"search_term_string"}}],"inLanguage":"es"},{"@type":"Person","@id":"https:\/\/grupohoymexico.com\/tlaxcala\/#\/schema\/person\/bc870cc34e948548ddb62cf78ef8474b","name":"Redacci\u00f3n Grupo Hoy","image":{"@type":"ImageObject","inLanguage":"es","@id":"https:\/\/secure.gravatar.com\/avatar\/e8a44ae8f1b7592837f8c496178e70e065758a27945df208805f8cf6fdd56893?s=96&d=mm&r=g","url":"https:\/\/secure.gravatar.com\/avatar\/e8a44ae8f1b7592837f8c496178e70e065758a27945df208805f8cf6fdd56893?s=96&d=mm&r=g","contentUrl":"https:\/\/secure.gravatar.com\/avatar\/e8a44ae8f1b7592837f8c496178e70e065758a27945df208805f8cf6fdd56893?s=96&d=mm&r=g","caption":"Redacci\u00f3n Grupo Hoy"},"url":"https:\/\/grupohoymexico.com\/tlaxcala\/author\/redaccion\/"}]}},"_links":{"self":[{"href":"https:\/\/grupohoymexico.com\/tlaxcala\/wp-json\/wp\/v2\/posts\/5922","targetHints":{"allow":["GET"]}}],"collection":[{"href":"https:\/\/grupohoymexico.com\/tlaxcala\/wp-json\/wp\/v2\/posts"}],"about":[{"href":"https:\/\/grupohoymexico.com\/tlaxcala\/wp-json\/wp\/v2\/types\/post"}],"author":[{"embeddable":true,"href":"https:\/\/grupohoymexico.com\/tlaxcala\/wp-json\/wp\/v2\/users\/34"}],"replies":[{"embeddable":true,"href":"https:\/\/grupohoymexico.com\/tlaxcala\/wp-json\/wp\/v2\/comments?post=5922"}],"version-history":[{"count":2,"href":"https:\/\/grupohoymexico.com\/tlaxcala\/wp-json\/wp\/v2\/posts\/5922\/revisions"}],"predecessor-version":[{"id":5941,"href":"https:\/\/grupohoymexico.com\/tlaxcala\/wp-json\/wp\/v2\/posts\/5922\/revisions\/5941"}],"wp:featuredmedia":[{"embeddable":true,"href":"https:\/\/grupohoymexico.com\/tlaxcala\/wp-json\/wp\/v2\/media\/5940"}],"wp:attachment":[{"href":"https:\/\/grupohoymexico.com\/tlaxcala\/wp-json\/wp\/v2\/media?parent=5922"}],"wp:term":[{"taxonomy":"category","embeddable":true,"href":"https:\/\/grupohoymexico.com\/tlaxcala\/wp-json\/wp\/v2\/categories?post=5922"},{"taxonomy":"post_tag","embeddable":true,"href":"https:\/\/grupohoymexico.com\/tlaxcala\/wp-json\/wp\/v2\/tags?post=5922"}],"curies":[{"name":"wp","href":"https:\/\/api.w.org\/{rel}","templated":true}]}}