{"id":5909,"date":"2026-03-10T09:02:40","date_gmt":"2026-03-10T15:02:40","guid":{"rendered":"https:\/\/grupohoymexico.com\/tlaxcala\/?p=5909"},"modified":"2026-03-10T09:02:40","modified_gmt":"2026-03-10T15:02:40","slug":"tlaxcala-estado-invitado-de-honor-en-la-feria-internacional-del-libro-de-coyoacan-2026","status":"publish","type":"post","link":"https:\/\/grupohoymexico.com\/tlaxcala\/estatal\/tlaxcala-estado-invitado-de-honor-en-la-feria-internacional-del-libro-de-coyoacan-2026\/","title":{"rendered":"Tlaxcala, estado invitado de honor en la Feria Internacional del Libro de Coyoac\u00e1n 2026"},"content":{"rendered":"<p data-start=\"91\" data-end=\"592\">El estado de <span class=\"hover:entity-accent entity-underline inline cursor-pointer align-baseline\"><span class=\"whitespace-normal\">Tlaxcala<\/span><\/span> fue designado <strong data-start=\"156\" data-end=\"238\">invitado de honor en la Feria Internacional del Libro de Coyoac\u00e1n 2026 (FILCO)<\/strong>, uno de los encuentros editoriales m\u00e1s importantes de M\u00e9xico, qu comenz\u00f3 el 6 de marzo y terminar\u00e1 el d\u00eda 15 de marzo en <span class=\"hover:entity-accent entity-underline inline cursor-pointer align-baseline\"><span class=\"whitespace-normal\">Ciudad de M\u00e9xico<\/span><\/span>. La participaci\u00f3n del estado destac\u00f3 por la presentaci\u00f3n del programa cultural <strong data-start=\"453\" data-end=\"485\">\u201cTlaxcala lee a las mujeres\u201d<\/strong>, una iniciativa que impulsa la difusi\u00f3n de la <strong data-start=\"532\" data-end=\"569\">literatura femenina contempor\u00e1nea<\/strong> y promueve la lectura.<\/p>\n<p data-start=\"594\" data-end=\"946\">Durante la feria, el estado present\u00f3 el <strong data-start=\"634\" data-end=\"697\">volumen cuatro de la antolog\u00eda \u201cTlaxcala lee a las mujeres\u201d<\/strong>, que re\u00fane la obra de <strong data-start=\"720\" data-end=\"734\">28 autores<\/strong>, entre ellos <strong data-start=\"748\" data-end=\"789\">15 escritores originarios de Tlaxcala<\/strong> y <strong data-start=\"792\" data-end=\"844\">nueve representantes de otras entidades del pa\u00eds<\/strong>, consolidando una propuesta literaria plural que refleja la diversidad cultural y creativa de M\u00e9xico.<\/p>\n<h3 data-start=\"594\" data-end=\"946\"><strong>Sigue nuestras cuentas en Facebook e Instagram para mantenerte informado con las noticias m\u00e1s relevantes.<\/strong><\/h3>\n<h2 data-section-id=\"1a387vf\" data-start=\"953\" data-end=\"1018\"><strong>\u201cTlaxcala lee a las mujeres\u201d: impulso a la literatura femenina<\/strong><\/h2>\n<p data-start=\"1020\" data-end=\"1249\">El programa <strong data-start=\"1032\" data-end=\"1064\">\u201cTlaxcala lee a las mujeres\u201d<\/strong> se ha convertido en una plataforma para <strong data-start=\"1105\" data-end=\"1165\">visibilizar la producci\u00f3n literaria de autoras mexicanas<\/strong>, mediante lecturas colectivas, presentaciones editoriales y actividades culturales.<\/p>\n<p data-start=\"1251\" data-end=\"1365\">La antolog\u00eda presentada en la <strong data-start=\"1281\" data-end=\"1322\"><span class=\"hover:entity-accent entity-underline inline cursor-pointer align-baseline\"><span class=\"whitespace-normal\">Feria Internacional del Libro de Coyoac\u00e1n<\/span><\/span><\/strong> incluye distintos g\u00e9neros literarios como:<\/p>\n<ul data-start=\"1367\" data-end=\"1402\">\n<li data-section-id=\"tbj1sc\" data-start=\"1367\" data-end=\"1380\">\n<p data-start=\"1369\" data-end=\"1380\">Narrativa<\/p>\n<\/li>\n<li data-section-id=\"31i98t\" data-start=\"1381\" data-end=\"1391\">\n<p data-start=\"1383\" data-end=\"1391\">Poes\u00eda<\/p>\n<\/li>\n<li data-section-id=\"1cqem3r\" data-start=\"1392\" data-end=\"1402\">\n<p data-start=\"1394\" data-end=\"1402\">Ensayo<\/p>\n<\/li>\n<\/ul>\n<p data-start=\"1404\" data-end=\"1587\">Esta diversidad busca mostrar la riqueza de las expresiones literarias contempor\u00e1neas escritas por mujeres, adem\u00e1s de fomentar el di\u00e1logo entre autoras de distintas regiones del pa\u00eds.<\/p>\n<h2 data-section-id=\"1ar9gt\" data-start=\"1594\" data-end=\"1672\"><strong>Antolog\u00eda con 3 mil ejemplares y participaci\u00f3n de escritores de todo M\u00e9xico<\/strong><\/h2>\n<p data-start=\"1674\" data-end=\"1906\">El <strong data-start=\"1677\" data-end=\"1740\">volumen cuatro de la antolog\u00eda \u201cTlaxcala lee a las mujeres\u201d<\/strong> fue impreso en <strong data-start=\"1756\" data-end=\"1779\">tres mil ejemplares<\/strong>, con el objetivo de ampliar su alcance y fortalecer la difusi\u00f3n de la literatura femenina en espacios culturales y acad\u00e9micos.<\/p>\n<p data-start=\"1908\" data-end=\"2124\">Asimismo, la publicaci\u00f3n re\u00fane textos de autoras y autores que exploran distintos temas sociales, culturales y emocionales, lo que permite mostrar la <strong data-start=\"2048\" data-end=\"2123\">diversidad de voces que integran el panorama literario actual en M\u00e9xico<\/strong>.<\/p>\n<p data-start=\"2126\" data-end=\"2340\">Esta iniciativa forma parte de las estrategias culturales del estado para <strong data-start=\"2200\" data-end=\"2339\">impulsar la lectura, promover la igualdad de g\u00e9nero en la literatura y fortalecer la participaci\u00f3n de escritoras en el \u00e1mbito editorial<\/strong>.<\/p>\n<h3 data-start=\"2126\" data-end=\"2340\"><em><strong>Leer m\u00e1s: <a href=\"https:\/\/grupohoymexico.com\/tlaxcala\/estatal\/lorena-cuellar-anuncia-inversion-de-152-mdp-en-contla-para-obras-salud-y-educacion-en-tlaxcala\/\">Lorena Cu\u00e9llar anuncia inversi\u00f3n de 152 mdp en Contla para obras, salud y educaci\u00f3n en Tlaxcala<\/a><\/strong><\/em><\/h3>\n<h2 data-section-id=\"qxsedx\" data-start=\"2347\" data-end=\"2404\"><strong>Tlaxcala promueve su diversidad cultural y ling\u00fc\u00edstica<\/strong><\/h2>\n<p data-start=\"2406\" data-end=\"2631\">Por otro lado, durante su participaci\u00f3n en la feria, Tlaxcala present\u00f3 una <strong data-start=\"2466\" data-end=\"2532\">muestra literaria que reflej\u00f3 la identidad cultural del estado<\/strong>, incluyendo la presencia de <strong data-start=\"2561\" data-end=\"2584\">lenguas originarias<\/strong> y expresiones culturales propias de la regi\u00f3n.<\/p>\n<p data-start=\"2633\" data-end=\"2702\">Adem\u00e1s de las presentaciones de libros, el programa cultural incluy\u00f3:<\/p>\n<ul data-start=\"2704\" data-end=\"2834\">\n<li data-section-id=\"1gmfbzo\" data-start=\"2704\" data-end=\"2739\">\n<p data-start=\"2706\" data-end=\"2739\">Mesas de di\u00e1logo con escritores<\/p>\n<\/li>\n<li data-section-id=\"6217wm\" data-start=\"2740\" data-end=\"2760\">\n<p data-start=\"2742\" data-end=\"2760\">Lecturas corales<\/p>\n<\/li>\n<li data-section-id=\"zawh0q\" data-start=\"2761\" data-end=\"2797\">\n<p data-start=\"2763\" data-end=\"2797\">Actividades de lectura colectiva<\/p>\n<\/li>\n<li data-section-id=\"1e05x9p\" data-start=\"2798\" data-end=\"2834\">\n<p data-start=\"2800\" data-end=\"2834\">Encuentros con el p\u00fablico lector<\/p>\n<\/li>\n<\/ul>\n<p data-start=\"2836\" data-end=\"3008\">Estas actividades permitieron mostrar la <strong data-start=\"2877\" data-end=\"2923\">riqueza cultural y ling\u00fc\u00edstica de Tlaxcala<\/strong>, as\u00ed como fortalecer el intercambio entre autores, lectores y promotores culturales.<\/p>\n<h2 data-section-id=\"1kzau0b\" data-start=\"3015\" data-end=\"3084\"><strong>FILCO, uno de los encuentros editoriales m\u00e1s importantes de M\u00e9xico<\/strong><\/h2>\n<p data-start=\"3086\" data-end=\"3298\">La <strong data-start=\"3089\" data-end=\"3130\"><span class=\"hover:entity-accent entity-underline inline cursor-pointer align-baseline\"><span class=\"whitespace-normal\">Feria Internacional del Libro de Coyoac\u00e1n<\/span><\/span><\/strong> se ha consolidado como un <strong data-start=\"3157\" data-end=\"3211\">espacio clave para la industria editorial mexicana<\/strong>, al reunir a escritores, editoriales independientes, promotores culturales y lectores.<\/p>\n<p data-start=\"3300\" data-end=\"3458\">Cada a\u00f1o, este encuentro busca <strong data-start=\"3331\" data-end=\"3457\">promover la lectura, impulsar la producci\u00f3n editorial y generar espacios de di\u00e1logo entre diferentes corrientes literarias<\/strong>.<\/p>\n<p data-start=\"3460\" data-end=\"3656\">En este contexto, la participaci\u00f3n de Tlaxcala como <strong data-start=\"3512\" data-end=\"3557\">estado invitado de honor en la FILCO 2026<\/strong> permiti\u00f3 posicionar su producci\u00f3n literaria dentro de una plataforma cultural de alcance nacional.<\/p>\n<h2 data-start=\"3460\" data-end=\"3656\"><a href=\"https:\/\/whatsapp.com\/channel\/0029Vaylt1XG3R3gm4Nsgp2m\"><strong>\u00danete a nuestro canal de WhatsApp<\/strong><\/a><\/h2>\n","protected":false},"excerpt":{"rendered":"El estado de Tlaxcala fue designado invitado de honor en la Feria Internacional del Libro de Coyoac\u00e1n 2026&hellip;","protected":false},"author":34,"featured_media":5916,"comment_status":"open","ping_status":"open","sticky":false,"template":"","format":"standard","meta":{"csco_display_header_overlay":false,"csco_singular_sidebar":"","csco_page_header_type":"","csco_page_load_nextpost":"","csco_post_video_location":[],"csco_post_video_location_hash":"","csco_post_video_url":"","csco_post_video_bg_start_time":0,"csco_post_video_bg_end_time":0,"footnotes":""},"categories":[172],"tags":[1111,2671,2670,229],"class_list":{"0":"post-5909","1":"post","2":"type-post","3":"status-publish","4":"format-standard","5":"has-post-thumbnail","7":"category-estatal","8":"tag-cdmx","9":"tag-coyoacan","10":"tag-feria-internacional-del-libro","11":"tag-tlaxcala","12":"cs-entry","13":"cs-video-wrap"},"yoast_head":"<!-- This site is optimized with the Yoast SEO Premium plugin v24.7 (Yoast SEO v27.4) - https:\/\/yoast.com\/product\/yoast-seo-premium-wordpress\/ -->\n<title>Tlaxcala ser\u00e1 Estado invitado en la Feria Internacional del Libro 2026<\/title>\n<meta name=\"description\" content=\"Tlaxcala particip\u00f3 como estado invitado en la Feria Internacional del Libro de Coyoac\u00e1n con el programa cultural &quot;Tlaxcala lee a las mujeres&quot;.\" \/>\n<meta name=\"robots\" content=\"index, follow, max-snippet:-1, max-image-preview:large, max-video-preview:-1\" \/>\n<link rel=\"canonical\" href=\"https:\/\/grupohoymexico.com\/tlaxcala\/estatal\/tlaxcala-estado-invitado-de-honor-en-la-feria-internacional-del-libro-de-coyoacan-2026\/\" \/>\n<meta property=\"og:locale\" content=\"es_MX\" \/>\n<meta property=\"og:type\" content=\"article\" \/>\n<meta property=\"og:title\" content=\"Tlaxcala, estado invitado de honor en la Feria Internacional del Libro de Coyoac\u00e1n 2026\" \/>\n<meta property=\"og:description\" content=\"Tlaxcala particip\u00f3 como estado invitado en la Feria Internacional del Libro de Coyoac\u00e1n con el programa cultural &quot;Tlaxcala lee a las mujeres&quot;.\" \/>\n<meta property=\"og:url\" content=\"https:\/\/grupohoymexico.com\/tlaxcala\/estatal\/tlaxcala-estado-invitado-de-honor-en-la-feria-internacional-del-libro-de-coyoacan-2026\/\" \/>\n<meta property=\"og:site_name\" content=\"Tlaxcala Hoy\" \/>\n<meta property=\"article:published_time\" content=\"2026-03-10T15:02:40+00:00\" \/>\n<meta property=\"og:image\" content=\"https:\/\/grupohoymexico.com\/tlaxcala\/wp-content\/uploads\/sites\/4\/2026\/03\/Tlaxcala-Feria-Libro.jpg\" \/>\n\t<meta property=\"og:image:width\" content=\"1200\" \/>\n\t<meta property=\"og:image:height\" content=\"638\" \/>\n\t<meta property=\"og:image:type\" content=\"image\/jpeg\" \/>\n<meta name=\"author\" content=\"Redacci\u00f3n Grupo Hoy\" \/>\n<meta name=\"twitter:card\" content=\"summary_large_image\" \/>\n<meta name=\"twitter:label1\" content=\"Escrito por\" \/>\n\t<meta name=\"twitter:data1\" content=\"Redacci\u00f3n Grupo Hoy\" \/>\n\t<meta name=\"twitter:label2\" content=\"Tiempo de lectura\" \/>\n\t<meta name=\"twitter:data2\" content=\"3 minutos\" \/>\n<script type=\"application\/ld+json\" class=\"yoast-schema-graph\">{\"@context\":\"https:\\\/\\\/schema.org\",\"@graph\":[{\"@type\":\"Article\",\"@id\":\"https:\\\/\\\/grupohoymexico.com\\\/tlaxcala\\\/estatal\\\/tlaxcala-estado-invitado-de-honor-en-la-feria-internacional-del-libro-de-coyoacan-2026\\\/#article\",\"isPartOf\":{\"@id\":\"https:\\\/\\\/grupohoymexico.com\\\/tlaxcala\\\/estatal\\\/tlaxcala-estado-invitado-de-honor-en-la-feria-internacional-del-libro-de-coyoacan-2026\\\/\"},\"author\":{\"name\":\"Redacci\u00f3n Grupo Hoy\",\"@id\":\"https:\\\/\\\/grupohoymexico.com\\\/tlaxcala\\\/#\\\/schema\\\/person\\\/bc870cc34e948548ddb62cf78ef8474b\"},\"headline\":\"Tlaxcala, estado invitado de honor en la Feria Internacional del Libro de Coyoac\u00e1n 2026\",\"datePublished\":\"2026-03-10T15:02:40+00:00\",\"mainEntityOfPage\":{\"@id\":\"https:\\\/\\\/grupohoymexico.com\\\/tlaxcala\\\/estatal\\\/tlaxcala-estado-invitado-de-honor-en-la-feria-internacional-del-libro-de-coyoacan-2026\\\/\"},\"wordCount\":603,\"commentCount\":0,\"image\":{\"@id\":\"https:\\\/\\\/grupohoymexico.com\\\/tlaxcala\\\/estatal\\\/tlaxcala-estado-invitado-de-honor-en-la-feria-internacional-del-libro-de-coyoacan-2026\\\/#primaryimage\"},\"thumbnailUrl\":\"https:\\\/\\\/grupohoymexico.com\\\/tlaxcala\\\/wp-content\\\/uploads\\\/sites\\\/4\\\/2026\\\/03\\\/Tlaxcala-Feria-Libro.jpg\",\"keywords\":[\"CDMX\",\"Coyoac\u00e1n\",\"Feria Internacional del Libro\",\"Tlaxcala\"],\"articleSection\":[\"Estatal\"],\"inLanguage\":\"es\",\"potentialAction\":[{\"@type\":\"CommentAction\",\"name\":\"Comment\",\"target\":[\"https:\\\/\\\/grupohoymexico.com\\\/tlaxcala\\\/estatal\\\/tlaxcala-estado-invitado-de-honor-en-la-feria-internacional-del-libro-de-coyoacan-2026\\\/#respond\"]}]},{\"@type\":\"WebPage\",\"@id\":\"https:\\\/\\\/grupohoymexico.com\\\/tlaxcala\\\/estatal\\\/tlaxcala-estado-invitado-de-honor-en-la-feria-internacional-del-libro-de-coyoacan-2026\\\/\",\"url\":\"https:\\\/\\\/grupohoymexico.com\\\/tlaxcala\\\/estatal\\\/tlaxcala-estado-invitado-de-honor-en-la-feria-internacional-del-libro-de-coyoacan-2026\\\/\",\"name\":\"Tlaxcala ser\u00e1 Estado invitado en la Feria Internacional del Libro 2026\",\"isPartOf\":{\"@id\":\"https:\\\/\\\/grupohoymexico.com\\\/tlaxcala\\\/#website\"},\"primaryImageOfPage\":{\"@id\":\"https:\\\/\\\/grupohoymexico.com\\\/tlaxcala\\\/estatal\\\/tlaxcala-estado-invitado-de-honor-en-la-feria-internacional-del-libro-de-coyoacan-2026\\\/#primaryimage\"},\"image\":{\"@id\":\"https:\\\/\\\/grupohoymexico.com\\\/tlaxcala\\\/estatal\\\/tlaxcala-estado-invitado-de-honor-en-la-feria-internacional-del-libro-de-coyoacan-2026\\\/#primaryimage\"},\"thumbnailUrl\":\"https:\\\/\\\/grupohoymexico.com\\\/tlaxcala\\\/wp-content\\\/uploads\\\/sites\\\/4\\\/2026\\\/03\\\/Tlaxcala-Feria-Libro.jpg\",\"datePublished\":\"2026-03-10T15:02:40+00:00\",\"author\":{\"@id\":\"https:\\\/\\\/grupohoymexico.com\\\/tlaxcala\\\/#\\\/schema\\\/person\\\/bc870cc34e948548ddb62cf78ef8474b\"},\"description\":\"Tlaxcala particip\u00f3 como estado invitado en la Feria Internacional del Libro de Coyoac\u00e1n con el programa cultural \\\"Tlaxcala lee a las mujeres\\\".\",\"breadcrumb\":{\"@id\":\"https:\\\/\\\/grupohoymexico.com\\\/tlaxcala\\\/estatal\\\/tlaxcala-estado-invitado-de-honor-en-la-feria-internacional-del-libro-de-coyoacan-2026\\\/#breadcrumb\"},\"inLanguage\":\"es\",\"potentialAction\":[{\"@type\":\"ReadAction\",\"target\":[\"https:\\\/\\\/grupohoymexico.com\\\/tlaxcala\\\/estatal\\\/tlaxcala-estado-invitado-de-honor-en-la-feria-internacional-del-libro-de-coyoacan-2026\\\/\"]}]},{\"@type\":\"ImageObject\",\"inLanguage\":\"es\",\"@id\":\"https:\\\/\\\/grupohoymexico.com\\\/tlaxcala\\\/estatal\\\/tlaxcala-estado-invitado-de-honor-en-la-feria-internacional-del-libro-de-coyoacan-2026\\\/#primaryimage\",\"url\":\"https:\\\/\\\/grupohoymexico.com\\\/tlaxcala\\\/wp-content\\\/uploads\\\/sites\\\/4\\\/2026\\\/03\\\/Tlaxcala-Feria-Libro.jpg\",\"contentUrl\":\"https:\\\/\\\/grupohoymexico.com\\\/tlaxcala\\\/wp-content\\\/uploads\\\/sites\\\/4\\\/2026\\\/03\\\/Tlaxcala-Feria-Libro.jpg\",\"width\":1200,\"height\":638,\"caption\":\"Foto: Grupo Hoy\"},{\"@type\":\"BreadcrumbList\",\"@id\":\"https:\\\/\\\/grupohoymexico.com\\\/tlaxcala\\\/estatal\\\/tlaxcala-estado-invitado-de-honor-en-la-feria-internacional-del-libro-de-coyoacan-2026\\\/#breadcrumb\",\"itemListElement\":[{\"@type\":\"ListItem\",\"position\":1,\"name\":\"Inicio\",\"item\":\"https:\\\/\\\/grupohoymexico.com\\\/tlaxcala\\\/\"},{\"@type\":\"ListItem\",\"position\":2,\"name\":\"Tlaxcala, estado invitado de honor en la Feria Internacional del Libro de Coyoac\u00e1n 2026\"}]},{\"@type\":\"WebSite\",\"@id\":\"https:\\\/\\\/grupohoymexico.com\\\/tlaxcala\\\/#website\",\"url\":\"https:\\\/\\\/grupohoymexico.com\\\/tlaxcala\\\/\",\"name\":\"Tlaxcala Hoy\",\"description\":\"El alma de la naci\u00f3n\",\"potentialAction\":[{\"@type\":\"SearchAction\",\"target\":{\"@type\":\"EntryPoint\",\"urlTemplate\":\"https:\\\/\\\/grupohoymexico.com\\\/tlaxcala\\\/?s={search_term_string}\"},\"query-input\":{\"@type\":\"PropertyValueSpecification\",\"valueRequired\":true,\"valueName\":\"search_term_string\"}}],\"inLanguage\":\"es\"},{\"@type\":\"Person\",\"@id\":\"https:\\\/\\\/grupohoymexico.com\\\/tlaxcala\\\/#\\\/schema\\\/person\\\/bc870cc34e948548ddb62cf78ef8474b\",\"name\":\"Redacci\u00f3n Grupo Hoy\",\"image\":{\"@type\":\"ImageObject\",\"inLanguage\":\"es\",\"@id\":\"https:\\\/\\\/secure.gravatar.com\\\/avatar\\\/e8a44ae8f1b7592837f8c496178e70e065758a27945df208805f8cf6fdd56893?s=96&d=mm&r=g\",\"url\":\"https:\\\/\\\/secure.gravatar.com\\\/avatar\\\/e8a44ae8f1b7592837f8c496178e70e065758a27945df208805f8cf6fdd56893?s=96&d=mm&r=g\",\"contentUrl\":\"https:\\\/\\\/secure.gravatar.com\\\/avatar\\\/e8a44ae8f1b7592837f8c496178e70e065758a27945df208805f8cf6fdd56893?s=96&d=mm&r=g\",\"caption\":\"Redacci\u00f3n Grupo Hoy\"},\"url\":\"https:\\\/\\\/grupohoymexico.com\\\/tlaxcala\\\/author\\\/redaccion\\\/\"}]}<\/script>\n<!-- \/ Yoast SEO Premium plugin. -->","yoast_head_json":{"title":"Tlaxcala ser\u00e1 Estado invitado en la Feria Internacional del Libro 2026","description":"Tlaxcala particip\u00f3 como estado invitado en la Feria Internacional del Libro de Coyoac\u00e1n con el programa cultural \"Tlaxcala lee a las mujeres\".","robots":{"index":"index","follow":"follow","max-snippet":"max-snippet:-1","max-image-preview":"max-image-preview:large","max-video-preview":"max-video-preview:-1"},"canonical":"https:\/\/grupohoymexico.com\/tlaxcala\/estatal\/tlaxcala-estado-invitado-de-honor-en-la-feria-internacional-del-libro-de-coyoacan-2026\/","og_locale":"es_MX","og_type":"article","og_title":"Tlaxcala, estado invitado de honor en la Feria Internacional del Libro de Coyoac\u00e1n 2026","og_description":"Tlaxcala particip\u00f3 como estado invitado en la Feria Internacional del Libro de Coyoac\u00e1n con el programa cultural \"Tlaxcala lee a las mujeres\".","og_url":"https:\/\/grupohoymexico.com\/tlaxcala\/estatal\/tlaxcala-estado-invitado-de-honor-en-la-feria-internacional-del-libro-de-coyoacan-2026\/","og_site_name":"Tlaxcala Hoy","article_published_time":"2026-03-10T15:02:40+00:00","og_image":[{"width":1200,"height":638,"url":"https:\/\/grupohoymexico.com\/tlaxcala\/wp-content\/uploads\/sites\/4\/2026\/03\/Tlaxcala-Feria-Libro.jpg","type":"image\/jpeg"}],"author":"Redacci\u00f3n Grupo Hoy","twitter_card":"summary_large_image","twitter_misc":{"Escrito por":"Redacci\u00f3n Grupo Hoy","Tiempo de lectura":"3 minutos"},"schema":{"@context":"https:\/\/schema.org","@graph":[{"@type":"Article","@id":"https:\/\/grupohoymexico.com\/tlaxcala\/estatal\/tlaxcala-estado-invitado-de-honor-en-la-feria-internacional-del-libro-de-coyoacan-2026\/#article","isPartOf":{"@id":"https:\/\/grupohoymexico.com\/tlaxcala\/estatal\/tlaxcala-estado-invitado-de-honor-en-la-feria-internacional-del-libro-de-coyoacan-2026\/"},"author":{"name":"Redacci\u00f3n Grupo Hoy","@id":"https:\/\/grupohoymexico.com\/tlaxcala\/#\/schema\/person\/bc870cc34e948548ddb62cf78ef8474b"},"headline":"Tlaxcala, estado invitado de honor en la Feria Internacional del Libro de Coyoac\u00e1n 2026","datePublished":"2026-03-10T15:02:40+00:00","mainEntityOfPage":{"@id":"https:\/\/grupohoymexico.com\/tlaxcala\/estatal\/tlaxcala-estado-invitado-de-honor-en-la-feria-internacional-del-libro-de-coyoacan-2026\/"},"wordCount":603,"commentCount":0,"image":{"@id":"https:\/\/grupohoymexico.com\/tlaxcala\/estatal\/tlaxcala-estado-invitado-de-honor-en-la-feria-internacional-del-libro-de-coyoacan-2026\/#primaryimage"},"thumbnailUrl":"https:\/\/grupohoymexico.com\/tlaxcala\/wp-content\/uploads\/sites\/4\/2026\/03\/Tlaxcala-Feria-Libro.jpg","keywords":["CDMX","Coyoac\u00e1n","Feria Internacional del Libro","Tlaxcala"],"articleSection":["Estatal"],"inLanguage":"es","potentialAction":[{"@type":"CommentAction","name":"Comment","target":["https:\/\/grupohoymexico.com\/tlaxcala\/estatal\/tlaxcala-estado-invitado-de-honor-en-la-feria-internacional-del-libro-de-coyoacan-2026\/#respond"]}]},{"@type":"WebPage","@id":"https:\/\/grupohoymexico.com\/tlaxcala\/estatal\/tlaxcala-estado-invitado-de-honor-en-la-feria-internacional-del-libro-de-coyoacan-2026\/","url":"https:\/\/grupohoymexico.com\/tlaxcala\/estatal\/tlaxcala-estado-invitado-de-honor-en-la-feria-internacional-del-libro-de-coyoacan-2026\/","name":"Tlaxcala ser\u00e1 Estado invitado en la Feria Internacional del Libro 2026","isPartOf":{"@id":"https:\/\/grupohoymexico.com\/tlaxcala\/#website"},"primaryImageOfPage":{"@id":"https:\/\/grupohoymexico.com\/tlaxcala\/estatal\/tlaxcala-estado-invitado-de-honor-en-la-feria-internacional-del-libro-de-coyoacan-2026\/#primaryimage"},"image":{"@id":"https:\/\/grupohoymexico.com\/tlaxcala\/estatal\/tlaxcala-estado-invitado-de-honor-en-la-feria-internacional-del-libro-de-coyoacan-2026\/#primaryimage"},"thumbnailUrl":"https:\/\/grupohoymexico.com\/tlaxcala\/wp-content\/uploads\/sites\/4\/2026\/03\/Tlaxcala-Feria-Libro.jpg","datePublished":"2026-03-10T15:02:40+00:00","author":{"@id":"https:\/\/grupohoymexico.com\/tlaxcala\/#\/schema\/person\/bc870cc34e948548ddb62cf78ef8474b"},"description":"Tlaxcala particip\u00f3 como estado invitado en la Feria Internacional del Libro de Coyoac\u00e1n con el programa cultural \"Tlaxcala lee a las mujeres\".","breadcrumb":{"@id":"https:\/\/grupohoymexico.com\/tlaxcala\/estatal\/tlaxcala-estado-invitado-de-honor-en-la-feria-internacional-del-libro-de-coyoacan-2026\/#breadcrumb"},"inLanguage":"es","potentialAction":[{"@type":"ReadAction","target":["https:\/\/grupohoymexico.com\/tlaxcala\/estatal\/tlaxcala-estado-invitado-de-honor-en-la-feria-internacional-del-libro-de-coyoacan-2026\/"]}]},{"@type":"ImageObject","inLanguage":"es","@id":"https:\/\/grupohoymexico.com\/tlaxcala\/estatal\/tlaxcala-estado-invitado-de-honor-en-la-feria-internacional-del-libro-de-coyoacan-2026\/#primaryimage","url":"https:\/\/grupohoymexico.com\/tlaxcala\/wp-content\/uploads\/sites\/4\/2026\/03\/Tlaxcala-Feria-Libro.jpg","contentUrl":"https:\/\/grupohoymexico.com\/tlaxcala\/wp-content\/uploads\/sites\/4\/2026\/03\/Tlaxcala-Feria-Libro.jpg","width":1200,"height":638,"caption":"Foto: Grupo Hoy"},{"@type":"BreadcrumbList","@id":"https:\/\/grupohoymexico.com\/tlaxcala\/estatal\/tlaxcala-estado-invitado-de-honor-en-la-feria-internacional-del-libro-de-coyoacan-2026\/#breadcrumb","itemListElement":[{"@type":"ListItem","position":1,"name":"Inicio","item":"https:\/\/grupohoymexico.com\/tlaxcala\/"},{"@type":"ListItem","position":2,"name":"Tlaxcala, estado invitado de honor en la Feria Internacional del Libro de Coyoac\u00e1n 2026"}]},{"@type":"WebSite","@id":"https:\/\/grupohoymexico.com\/tlaxcala\/#website","url":"https:\/\/grupohoymexico.com\/tlaxcala\/","name":"Tlaxcala Hoy","description":"El alma de la naci\u00f3n","potentialAction":[{"@type":"SearchAction","target":{"@type":"EntryPoint","urlTemplate":"https:\/\/grupohoymexico.com\/tlaxcala\/?s={search_term_string}"},"query-input":{"@type":"PropertyValueSpecification","valueRequired":true,"valueName":"search_term_string"}}],"inLanguage":"es"},{"@type":"Person","@id":"https:\/\/grupohoymexico.com\/tlaxcala\/#\/schema\/person\/bc870cc34e948548ddb62cf78ef8474b","name":"Redacci\u00f3n Grupo Hoy","image":{"@type":"ImageObject","inLanguage":"es","@id":"https:\/\/secure.gravatar.com\/avatar\/e8a44ae8f1b7592837f8c496178e70e065758a27945df208805f8cf6fdd56893?s=96&d=mm&r=g","url":"https:\/\/secure.gravatar.com\/avatar\/e8a44ae8f1b7592837f8c496178e70e065758a27945df208805f8cf6fdd56893?s=96&d=mm&r=g","contentUrl":"https:\/\/secure.gravatar.com\/avatar\/e8a44ae8f1b7592837f8c496178e70e065758a27945df208805f8cf6fdd56893?s=96&d=mm&r=g","caption":"Redacci\u00f3n Grupo Hoy"},"url":"https:\/\/grupohoymexico.com\/tlaxcala\/author\/redaccion\/"}]}},"_links":{"self":[{"href":"https:\/\/grupohoymexico.com\/tlaxcala\/wp-json\/wp\/v2\/posts\/5909","targetHints":{"allow":["GET"]}}],"collection":[{"href":"https:\/\/grupohoymexico.com\/tlaxcala\/wp-json\/wp\/v2\/posts"}],"about":[{"href":"https:\/\/grupohoymexico.com\/tlaxcala\/wp-json\/wp\/v2\/types\/post"}],"author":[{"embeddable":true,"href":"https:\/\/grupohoymexico.com\/tlaxcala\/wp-json\/wp\/v2\/users\/34"}],"replies":[{"embeddable":true,"href":"https:\/\/grupohoymexico.com\/tlaxcala\/wp-json\/wp\/v2\/comments?post=5909"}],"version-history":[{"count":2,"href":"https:\/\/grupohoymexico.com\/tlaxcala\/wp-json\/wp\/v2\/posts\/5909\/revisions"}],"predecessor-version":[{"id":5917,"href":"https:\/\/grupohoymexico.com\/tlaxcala\/wp-json\/wp\/v2\/posts\/5909\/revisions\/5917"}],"wp:featuredmedia":[{"embeddable":true,"href":"https:\/\/grupohoymexico.com\/tlaxcala\/wp-json\/wp\/v2\/media\/5916"}],"wp:attachment":[{"href":"https:\/\/grupohoymexico.com\/tlaxcala\/wp-json\/wp\/v2\/media?parent=5909"}],"wp:term":[{"taxonomy":"category","embeddable":true,"href":"https:\/\/grupohoymexico.com\/tlaxcala\/wp-json\/wp\/v2\/categories?post=5909"},{"taxonomy":"post_tag","embeddable":true,"href":"https:\/\/grupohoymexico.com\/tlaxcala\/wp-json\/wp\/v2\/tags?post=5909"}],"curies":[{"name":"wp","href":"https:\/\/api.w.org\/{rel}","templated":true}]}}