{"id":5908,"date":"2026-03-09T17:28:57","date_gmt":"2026-03-09T23:28:57","guid":{"rendered":"https:\/\/grupohoymexico.com\/tlaxcala\/?p=5908"},"modified":"2026-03-09T17:28:57","modified_gmt":"2026-03-09T23:28:57","slug":"lorena-cuellar-anuncia-inversion-de-152-mdp-en-contla-para-obras-salud-y-educacion-en-tlaxcala","status":"publish","type":"post","link":"https:\/\/grupohoymexico.com\/tlaxcala\/estatal\/lorena-cuellar-anuncia-inversion-de-152-mdp-en-contla-para-obras-salud-y-educacion-en-tlaxcala\/","title":{"rendered":"Lorena Cu\u00e9llar anuncia inversi\u00f3n de 152 mdp en Contla para obras, salud y educaci\u00f3n en Tlaxcala"},"content":{"rendered":"<p data-start=\"120\" data-end=\"614\">La gobernadora de <span class=\"hover:entity-accent entity-underline inline cursor-pointer align-baseline\"><span class=\"whitespace-normal\">Tlaxcala<\/span><\/span>, <span class=\"hover:entity-accent entity-underline inline cursor-pointer align-baseline\"><span class=\"whitespace-normal\">Lorena Cu\u00e9llar Cisneros<\/span><\/span>, reafirm\u00f3 el compromiso de su gobierno de trabajar de manera coordinada con los municipios para impulsar el <strong data-start=\"323\" data-end=\"381\">desarrollo social, econ\u00f3mico y comunitario en Tlaxcala<\/strong>. Durante el evento denominado <strong data-start=\"412\" data-end=\"437\">Encuentro Tlaxcalteca<\/strong>, realizado en el municipio de <span class=\"hover:entity-accent entity-underline inline cursor-pointer align-baseline\"><span class=\"whitespace-normal\">Contla de Juan Cuamatzi<\/span><\/span>, destac\u00f3 que el acompa\u00f1amiento a los ayuntamientos es clave para mejorar la calidad de vida de las familias.<\/p>\n<p data-start=\"616\" data-end=\"910\">La mandataria estatal inform\u00f3 que su administraci\u00f3n destina <strong data-start=\"676\" data-end=\"739\">152 millones 800 mil pesos en inversi\u00f3n p\u00fablica para Contla<\/strong>, recursos que se aplican en <strong data-start=\"768\" data-end=\"837\">infraestructura, educaci\u00f3n, salud, seguridad y programas sociales<\/strong>, con el objetivo de atender las principales necesidades de la poblaci\u00f3n.<\/p>\n<h2 data-section-id=\"1tngw5f\" data-start=\"917\" data-end=\"995\"><strong>Encuentros Tlaxcaltecas: estrategia para acercar el gobierno a la poblaci\u00f3n<\/strong><\/h2>\n<p data-start=\"997\" data-end=\"1167\">Durante su intervenci\u00f3n, la gobernadora explic\u00f3 que los <strong data-start=\"1053\" data-end=\"1080\">Encuentros Tlaxcaltecas<\/strong> son espacios de di\u00e1logo directo entre autoridades estatales, municipales y ciudadanos.<\/p>\n<p data-start=\"1169\" data-end=\"1426\">En este tipo de encuentros se escuchan las principales demandas de la poblaci\u00f3n y se presentan programas que buscan <strong data-start=\"1285\" data-end=\"1331\">fortalecer el bienestar social en Tlaxcala<\/strong>, permitiendo que las comunidades participen en la toma de decisiones para el desarrollo local.<\/p>\n<p data-start=\"1428\" data-end=\"1650\">Cu\u00e9llar Cisneros destac\u00f3 que los presidentes municipales tienen una oportunidad hist\u00f3rica para <strong data-start=\"1523\" data-end=\"1601\">dejar un legado de transformaci\u00f3n y progreso para las futuras generaciones<\/strong>, trabajando de manera cercana con la ciudadan\u00eda.<\/p>\n<h3 data-start=\"1428\" data-end=\"1650\"><strong>Sigue nuestras cuentas en Facebook e Instagram para mantenerte informado con las noticias m\u00e1s relevantes.<\/strong><\/h3>\n<h2 data-section-id=\"19jbum5\" data-start=\"1657\" data-end=\"1734\"><strong>Programas sociales en Contla: apoyo alimentario y atenci\u00f3n m\u00e9dica gratuita<\/strong><\/h2>\n<p data-start=\"1736\" data-end=\"1932\">La gobernadora resalt\u00f3 que uno de los programas m\u00e1s importantes que opera en el municipio es la <strong data-start=\"1832\" data-end=\"1874\">Cl\u00ednica de Bienestar para tu Nutrici\u00f3n<\/strong>, que apoya especialmente a <strong data-start=\"1902\" data-end=\"1931\">mujeres y madres solteras<\/strong>.<\/p>\n<p data-start=\"1934\" data-end=\"2152\">Este programa otorga <strong data-start=\"1955\" data-end=\"1993\">una tarjeta de mil pesos mensuales<\/strong> que permite a las beneficiarias y a sus hijos acceder a <strong data-start=\"2050\" data-end=\"2095\">alimentaci\u00f3n gratuita durante todo el mes<\/strong>, fortaleciendo la seguridad alimentaria en el municipio.<\/p>\n<p data-start=\"2154\" data-end=\"2241\">Adem\u00e1s, a trav\u00e9s del programa <strong data-start=\"2184\" data-end=\"2211\">Bienestar para tu Salud<\/strong>, las familias pueden recibir:<\/p>\n<ul data-start=\"2243\" data-end=\"2371\">\n<li data-section-id=\"fviauc\" data-start=\"2243\" data-end=\"2274\">\n<p data-start=\"2245\" data-end=\"2274\">Consultas m\u00e9dicas gratuitas<\/p>\n<\/li>\n<li data-section-id=\"vad3ip\" data-start=\"2275\" data-end=\"2301\">\n<p data-start=\"2277\" data-end=\"2301\">Medicamentos sin costo<\/p>\n<\/li>\n<li data-section-id=\"da9c8o\" data-start=\"2302\" data-end=\"2330\">\n<p data-start=\"2304\" data-end=\"2330\">Servicios de laboratorio<\/p>\n<\/li>\n<li data-section-id=\"48c16f\" data-start=\"2331\" data-end=\"2350\">\n<p data-start=\"2333\" data-end=\"2350\">Atenci\u00f3n dental<\/p>\n<\/li>\n<li data-section-id=\"1xp1fw9\" data-start=\"2351\" data-end=\"2371\">\n<p data-start=\"2353\" data-end=\"2371\">Lentes gratuitos<\/p>\n<\/li>\n<\/ul>\n<p data-start=\"2373\" data-end=\"2491\">Estas acciones forman parte de una estrategia integral para <strong data-start=\"2433\" data-end=\"2490\">garantizar el acceso a servicios de salud en Tlaxcala<\/strong>.<\/p>\n<h2 data-section-id=\"13qka0o\" data-start=\"2498\" data-end=\"2540\"><strong>Nuevas obras para Contla en 2026 y 2027<\/strong><\/h2>\n<p data-start=\"2542\" data-end=\"2697\">La mandataria estatal tambi\u00e9n anunci\u00f3 que su administraci\u00f3n continuar\u00e1 impulsando <strong data-start=\"2624\" data-end=\"2696\">nuevas obras p\u00fablicas en Contla de Juan Cuamatzi durante 2026 y 2027<\/strong>.<\/p>\n<p data-start=\"2699\" data-end=\"2929\">Explic\u00f3 que el gobierno estatal mantendr\u00e1 un esquema de <strong data-start=\"2755\" data-end=\"2798\">inversi\u00f3n compartida con los municipios<\/strong>, donde tanto el estado como los ayuntamientos aportan recursos para desarrollar proyectos prioritarios definidos por la poblaci\u00f3n.<\/p>\n<p data-start=\"2931\" data-end=\"3093\">Entre las acciones previstas se contempla la realizaci\u00f3n de <strong data-start=\"2991\" data-end=\"3032\">una obra importante para el municipio<\/strong>, cuya definici\u00f3n ser\u00e1 tomada por el cabildo y la ciudadan\u00eda.<\/p>\n<h2 data-section-id=\"18s6juh\" data-start=\"3100\" data-end=\"3164\"><strong>SEDIF fortalece atenci\u00f3n social y salud emocional en Tlaxcala<\/strong><\/h2>\n<p data-start=\"3166\" data-end=\"3398\">Por su parte, la presidenta honor\u00edfica del <span class=\"hover:entity-accent entity-underline inline cursor-pointer align-baseline\"><span class=\"whitespace-normal\">Sistema Estatal para el Desarrollo Integral de la Familia de Tlaxcala<\/span><\/span> (SEDIF), <span class=\"hover:entity-accent entity-underline inline cursor-pointer align-baseline\"><span class=\"whitespace-normal\">Mariana Espinosa de los Monteros Cu\u00e9llar<\/span><\/span>, se\u00f1al\u00f3 que los Encuentros Tlaxcaltecas permiten acercar programas sociales a quienes m\u00e1s los necesitan.<\/p>\n<p data-start=\"3400\" data-end=\"3666\">Entre las estrategias m\u00e1s relevantes destac\u00f3 la <strong data-start=\"3448\" data-end=\"3476\">Cl\u00ednica de las Emociones<\/strong>, que actualmente opera en <strong data-start=\"3503\" data-end=\"3532\">38 municipios de Tlaxcala<\/strong>, donde se han brindado <strong data-start=\"3556\" data-end=\"3597\">m\u00e1s de 39 mil atenciones psicol\u00f3gicas<\/strong> a ni\u00f1as, ni\u00f1os, adolescentes y adultos que enfrentan situaciones de:<\/p>\n<ul data-start=\"3668\" data-end=\"3750\">\n<li data-section-id=\"175jqyx\" data-start=\"3668\" data-end=\"3681\">\n<p data-start=\"3670\" data-end=\"3681\">Depresi\u00f3n<\/p>\n<\/li>\n<li data-section-id=\"c2fjvd\" data-start=\"3682\" data-end=\"3694\">\n<p data-start=\"3684\" data-end=\"3694\">Ansiedad<\/p>\n<\/li>\n<li data-section-id=\"143r9c1\" data-start=\"3695\" data-end=\"3717\">\n<p data-start=\"3697\" data-end=\"3717\">Violencia familiar<\/p>\n<\/li>\n<li data-section-id=\"1xs0orj\" data-start=\"3718\" data-end=\"3727\">\n<p data-start=\"3720\" data-end=\"3727\">Duelo<\/p>\n<\/li>\n<li data-section-id=\"1nkiury\" data-start=\"3728\" data-end=\"3750\">\n<p data-start=\"3730\" data-end=\"3750\">Crisis emocionales<\/p>\n<\/li>\n<\/ul>\n<p data-start=\"3752\" data-end=\"3854\">El objetivo es que <strong data-start=\"3771\" data-end=\"3853\">cada municipio del estado cuente con una cl\u00ednica especializada en salud mental<\/strong>.<\/p>\n<h3 data-start=\"3752\" data-end=\"3854\"><em><strong>Leer m\u00e1s: <a href=\"https:\/\/grupohoymexico.com\/tlaxcala\/estatal\/cruz-roja-mexicana-inicia-colecta-anual-2026-en-tlaxcala\/\">Cruz Roja Mexicana inicia Colecta Anual 2026 en Tlaxcala<\/a><\/strong><\/em><\/h3>\n<h2 data-section-id=\"k2ac8x\" data-start=\"3861\" data-end=\"3938\"><strong>Infraestructura para rehabilitaci\u00f3n y atenci\u00f3n a personas con discapacidad<\/strong><\/h2>\n<p data-start=\"3940\" data-end=\"4059\">Otra de las acciones destacadas del gobierno estatal es el fortalecimiento de la <strong data-start=\"4021\" data-end=\"4058\">red de rehabilitaci\u00f3n en Tlaxcala<\/strong>.<\/p>\n<p data-start=\"4061\" data-end=\"4282\">Durante el evento se inform\u00f3 que en <strong data-start=\"4097\" data-end=\"4197\">2025 se logr\u00f3 instalar una Unidad B\u00e1sica de Rehabilitaci\u00f3n (UBR) en los 60 municipios del estado<\/strong>, las cuales ser\u00e1n equipadas durante este a\u00f1o para mejorar los servicios de atenci\u00f3n.<\/p>\n<p data-start=\"4284\" data-end=\"4449\">Adem\u00e1s, pr\u00f3ximamente se inaugurar\u00e1 el <strong data-start=\"4322\" data-end=\"4339\">CRIAT\u2013Telet\u00f3n<\/strong>, un centro especializado construido con recursos estatales que brindar\u00e1 atenci\u00f3n a personas con discapacidad.<\/p>\n<h2 data-section-id=\"1kv7uum\" data-start=\"4456\" data-end=\"4516\"><strong>Educaci\u00f3n en Tlaxcala: eje del proyecto de transformaci\u00f3n<\/strong><\/h2>\n<p data-start=\"4518\" data-end=\"4691\">El secretario de Educaci\u00f3n del estado, <span class=\"hover:entity-accent entity-underline inline cursor-pointer align-baseline\"><span class=\"whitespace-normal\">Homero Meneses Hern\u00e1ndez<\/span><\/span>, destac\u00f3 que la <strong data-start=\"4611\" data-end=\"4690\">educaci\u00f3n es uno de los pilares del proyecto humanista del gobierno estatal<\/strong>.<\/p>\n<p data-start=\"4693\" data-end=\"4901\">En el municipio de Contla de Juan Cuamatzi se atiende actualmente a <strong data-start=\"4761\" data-end=\"4786\">7 mil 800 estudiantes<\/strong> de nivel b\u00e1sico y medio superior, quienes reciben formaci\u00f3n educativa a trav\u00e9s de <strong data-start=\"4869\" data-end=\"4900\">601 docentes en 45 escuelas<\/strong>.<\/p>\n<p data-start=\"4903\" data-end=\"5026\">El funcionario tambi\u00e9n se\u00f1al\u00f3 que durante la actual administraci\u00f3n se han impulsado proyectos educativos importantes, como:<\/p>\n<ul data-start=\"5028\" data-end=\"5272\">\n<li data-section-id=\"1lr6m17\" data-start=\"5028\" data-end=\"5088\">\n<p data-start=\"5030\" data-end=\"5088\"><strong data-start=\"5030\" data-end=\"5086\">La creaci\u00f3n de seis nuevas universidades en Tlaxcala<\/strong><\/p>\n<\/li>\n<li data-section-id=\"eq6erg\" data-start=\"5089\" data-end=\"5145\">\n<p data-start=\"5091\" data-end=\"5145\">La pr\u00f3xima construcci\u00f3n de una universidad en Contla<\/p>\n<\/li>\n<li data-section-id=\"10a6nd5\" data-start=\"5146\" data-end=\"5272\">\n<p data-start=\"5148\" data-end=\"5272\">La inversi\u00f3n federal de entre <strong data-start=\"5178\" data-end=\"5209\">600 y 800 millones de pesos<\/strong> para un campus del <span class=\"hover:entity-accent entity-underline inline cursor-pointer align-baseline\"><span class=\"whitespace-normal\">Instituto Polit\u00e9cnico Nacional<\/span><\/span> (IPN)<\/p>\n<\/li>\n<\/ul>\n<p data-start=\"5274\" data-end=\"5424\">Asimismo, se ampl\u00eda la oferta educativa de nivel medio superior con la construcci\u00f3n de un <strong data-start=\"5364\" data-end=\"5423\">Centro Educativo de Bachillerato Estatal en Hueyotlipan<\/strong>.<\/p>\n<h3 data-section-id=\"n3c21n\" data-start=\"5431\" data-end=\"5482\"><strong>Programas educativos apoyan la econom\u00eda familiar<\/strong><\/h3>\n<p data-start=\"5484\" data-end=\"5692\">El gobierno estatal tambi\u00e9n impulsa pol\u00edticas educativas que benefician directamente a las familias tlaxcaltecas, como la <strong data-start=\"5606\" data-end=\"5691\">entrega gratuita de uniformes y tenis escolares a estudiantes de educaci\u00f3n b\u00e1sica<\/strong>.<\/p>\n<p data-start=\"5694\" data-end=\"5855\">Este programa busca reducir los gastos escolares y garantizar que ni\u00f1as, ni\u00f1os y adolescentes cuenten con las condiciones necesarias para continuar sus estudios.<\/p>\n<h2 data-section-id=\"1vx0lyi\" data-start=\"5862\" data-end=\"5932\"><strong>Gobierno y municipios trabajan unidos por el desarrollo de Tlaxcala<\/strong><\/h2>\n<p data-start=\"5934\" data-end=\"6189\">La presidenta municipal de Contla de Juan Cuamatzi, <span class=\"hover:entity-accent entity-underline inline cursor-pointer align-baseline\"><span class=\"whitespace-normal\">Ivonne Rold\u00e1n Xolocotzi<\/span><\/span>, destac\u00f3 que estos encuentros representan un modelo de <strong data-start=\"6079\" data-end=\"6115\">gobierno cercano a la ciudadan\u00eda<\/strong>, donde autoridades estatales y municipales trabajan de manera coordinada.<\/p>\n<p data-start=\"6191\" data-end=\"6384\">Se\u00f1al\u00f3 que el liderazgo de la gobernadora ha impulsado <strong data-start=\"6246\" data-end=\"6329\">proyectos que fortalecen la educaci\u00f3n, la infraestructura y el bienestar social<\/strong>, generando oportunidades para las nuevas generaciones.<\/p>\n<h2 data-start=\"6191\" data-end=\"6384\"><a href=\"https:\/\/whatsapp.com\/channel\/0029Vaylt1XG3R3gm4Nsgp2m\"><strong>\u00danete a nuestro canal de WhatsApp<\/strong><\/a><\/h2>\n","protected":false},"excerpt":{"rendered":"La gobernadora de Tlaxcala, Lorena Cu\u00e9llar Cisneros, reafirm\u00f3 el compromiso de su gobierno de trabajar de manera coordinada&hellip;","protected":false},"author":5,"featured_media":5910,"comment_status":"open","ping_status":"open","sticky":false,"template":"","format":"standard","meta":{"csco_display_header_overlay":false,"csco_singular_sidebar":"","csco_page_header_type":"","csco_page_load_nextpost":"","csco_post_video_location":[],"csco_post_video_location_hash":"","csco_post_video_url":"","csco_post_video_bg_start_time":0,"csco_post_video_bg_end_time":0,"footnotes":""},"categories":[172],"tags":[],"class_list":{"0":"post-5908","1":"post","2":"type-post","3":"status-publish","4":"format-standard","5":"has-post-thumbnail","7":"category-estatal","8":"cs-entry","9":"cs-video-wrap"},"yoast_head":"<!-- This site is optimized with the Yoast SEO Premium plugin v24.7 (Yoast SEO v27.4) - https:\/\/yoast.com\/product\/yoast-seo-premium-wordpress\/ -->\n<title>Lorena Cu\u00e9llar anuncia inversi\u00f3n de 152 mdp en Contla para obras, salud y educaci\u00f3n en Tlaxcala - Tlaxcala Hoy<\/title>\n<meta name=\"description\" content=\"Lorena Cu\u00e9llar afirm\u00f3 que las autoridades municipales tienen la oportunidad de transformar la vida de la gente; en Contla.\" \/>\n<meta name=\"robots\" content=\"index, follow, max-snippet:-1, max-image-preview:large, max-video-preview:-1\" \/>\n<link rel=\"canonical\" href=\"https:\/\/grupohoymexico.com\/tlaxcala\/estatal\/lorena-cuellar-anuncia-inversion-de-152-mdp-en-contla-para-obras-salud-y-educacion-en-tlaxcala\/\" \/>\n<meta property=\"og:locale\" content=\"es_MX\" \/>\n<meta property=\"og:type\" content=\"article\" \/>\n<meta property=\"og:title\" content=\"Lorena Cu\u00e9llar anuncia inversi\u00f3n de 152 mdp en Contla para obras, salud y educaci\u00f3n en Tlaxcala\" \/>\n<meta property=\"og:description\" content=\"Lorena Cu\u00e9llar afirm\u00f3 que las autoridades municipales tienen la oportunidad de transformar la vida de la gente; en Contla.\" \/>\n<meta property=\"og:url\" content=\"https:\/\/grupohoymexico.com\/tlaxcala\/estatal\/lorena-cuellar-anuncia-inversion-de-152-mdp-en-contla-para-obras-salud-y-educacion-en-tlaxcala\/\" \/>\n<meta property=\"og:site_name\" content=\"Tlaxcala Hoy\" \/>\n<meta property=\"article:published_time\" content=\"2026-03-09T23:28:57+00:00\" \/>\n<meta property=\"og:image\" content=\"https:\/\/grupohoymexico.com\/tlaxcala\/wp-content\/uploads\/sites\/4\/2026\/03\/Lorena-Cuellar-Contla.jpg\" \/>\n\t<meta property=\"og:image:width\" content=\"1200\" \/>\n\t<meta property=\"og:image:height\" content=\"638\" \/>\n\t<meta property=\"og:image:type\" content=\"image\/jpeg\" \/>\n<meta name=\"author\" content=\"jair\" \/>\n<meta name=\"twitter:card\" content=\"summary_large_image\" \/>\n<meta name=\"twitter:label1\" content=\"Escrito por\" \/>\n\t<meta name=\"twitter:data1\" content=\"jair\" \/>\n\t<meta name=\"twitter:label2\" content=\"Tiempo de lectura\" \/>\n\t<meta name=\"twitter:data2\" content=\"5 minutos\" \/>\n<script type=\"application\/ld+json\" class=\"yoast-schema-graph\">{\"@context\":\"https:\\\/\\\/schema.org\",\"@graph\":[{\"@type\":\"Article\",\"@id\":\"https:\\\/\\\/grupohoymexico.com\\\/tlaxcala\\\/estatal\\\/lorena-cuellar-anuncia-inversion-de-152-mdp-en-contla-para-obras-salud-y-educacion-en-tlaxcala\\\/#article\",\"isPartOf\":{\"@id\":\"https:\\\/\\\/grupohoymexico.com\\\/tlaxcala\\\/estatal\\\/lorena-cuellar-anuncia-inversion-de-152-mdp-en-contla-para-obras-salud-y-educacion-en-tlaxcala\\\/\"},\"author\":{\"name\":\"jair\",\"@id\":\"https:\\\/\\\/grupohoymexico.com\\\/tlaxcala\\\/#\\\/schema\\\/person\\\/98e2425fe99fbbdf486895b69dab3c3d\"},\"headline\":\"Lorena Cu\u00e9llar anuncia inversi\u00f3n de 152 mdp en Contla para obras, salud y educaci\u00f3n en Tlaxcala\",\"datePublished\":\"2026-03-09T23:28:57+00:00\",\"mainEntityOfPage\":{\"@id\":\"https:\\\/\\\/grupohoymexico.com\\\/tlaxcala\\\/estatal\\\/lorena-cuellar-anuncia-inversion-de-152-mdp-en-contla-para-obras-salud-y-educacion-en-tlaxcala\\\/\"},\"wordCount\":991,\"commentCount\":0,\"image\":{\"@id\":\"https:\\\/\\\/grupohoymexico.com\\\/tlaxcala\\\/estatal\\\/lorena-cuellar-anuncia-inversion-de-152-mdp-en-contla-para-obras-salud-y-educacion-en-tlaxcala\\\/#primaryimage\"},\"thumbnailUrl\":\"https:\\\/\\\/grupohoymexico.com\\\/tlaxcala\\\/wp-content\\\/uploads\\\/sites\\\/4\\\/2026\\\/03\\\/Lorena-Cuellar-Contla.jpg\",\"articleSection\":[\"Estatal\"],\"inLanguage\":\"es\",\"potentialAction\":[{\"@type\":\"CommentAction\",\"name\":\"Comment\",\"target\":[\"https:\\\/\\\/grupohoymexico.com\\\/tlaxcala\\\/estatal\\\/lorena-cuellar-anuncia-inversion-de-152-mdp-en-contla-para-obras-salud-y-educacion-en-tlaxcala\\\/#respond\"]}]},{\"@type\":\"WebPage\",\"@id\":\"https:\\\/\\\/grupohoymexico.com\\\/tlaxcala\\\/estatal\\\/lorena-cuellar-anuncia-inversion-de-152-mdp-en-contla-para-obras-salud-y-educacion-en-tlaxcala\\\/\",\"url\":\"https:\\\/\\\/grupohoymexico.com\\\/tlaxcala\\\/estatal\\\/lorena-cuellar-anuncia-inversion-de-152-mdp-en-contla-para-obras-salud-y-educacion-en-tlaxcala\\\/\",\"name\":\"Lorena Cu\u00e9llar anuncia inversi\u00f3n de 152 mdp en Contla para obras, salud y educaci\u00f3n en Tlaxcala - Tlaxcala Hoy\",\"isPartOf\":{\"@id\":\"https:\\\/\\\/grupohoymexico.com\\\/tlaxcala\\\/#website\"},\"primaryImageOfPage\":{\"@id\":\"https:\\\/\\\/grupohoymexico.com\\\/tlaxcala\\\/estatal\\\/lorena-cuellar-anuncia-inversion-de-152-mdp-en-contla-para-obras-salud-y-educacion-en-tlaxcala\\\/#primaryimage\"},\"image\":{\"@id\":\"https:\\\/\\\/grupohoymexico.com\\\/tlaxcala\\\/estatal\\\/lorena-cuellar-anuncia-inversion-de-152-mdp-en-contla-para-obras-salud-y-educacion-en-tlaxcala\\\/#primaryimage\"},\"thumbnailUrl\":\"https:\\\/\\\/grupohoymexico.com\\\/tlaxcala\\\/wp-content\\\/uploads\\\/sites\\\/4\\\/2026\\\/03\\\/Lorena-Cuellar-Contla.jpg\",\"datePublished\":\"2026-03-09T23:28:57+00:00\",\"author\":{\"@id\":\"https:\\\/\\\/grupohoymexico.com\\\/tlaxcala\\\/#\\\/schema\\\/person\\\/98e2425fe99fbbdf486895b69dab3c3d\"},\"description\":\"Lorena Cu\u00e9llar afirm\u00f3 que las autoridades municipales tienen la oportunidad de transformar la vida de la gente; en Contla.\",\"breadcrumb\":{\"@id\":\"https:\\\/\\\/grupohoymexico.com\\\/tlaxcala\\\/estatal\\\/lorena-cuellar-anuncia-inversion-de-152-mdp-en-contla-para-obras-salud-y-educacion-en-tlaxcala\\\/#breadcrumb\"},\"inLanguage\":\"es\",\"potentialAction\":[{\"@type\":\"ReadAction\",\"target\":[\"https:\\\/\\\/grupohoymexico.com\\\/tlaxcala\\\/estatal\\\/lorena-cuellar-anuncia-inversion-de-152-mdp-en-contla-para-obras-salud-y-educacion-en-tlaxcala\\\/\"]}]},{\"@type\":\"ImageObject\",\"inLanguage\":\"es\",\"@id\":\"https:\\\/\\\/grupohoymexico.com\\\/tlaxcala\\\/estatal\\\/lorena-cuellar-anuncia-inversion-de-152-mdp-en-contla-para-obras-salud-y-educacion-en-tlaxcala\\\/#primaryimage\",\"url\":\"https:\\\/\\\/grupohoymexico.com\\\/tlaxcala\\\/wp-content\\\/uploads\\\/sites\\\/4\\\/2026\\\/03\\\/Lorena-Cuellar-Contla.jpg\",\"contentUrl\":\"https:\\\/\\\/grupohoymexico.com\\\/tlaxcala\\\/wp-content\\\/uploads\\\/sites\\\/4\\\/2026\\\/03\\\/Lorena-Cuellar-Contla.jpg\",\"width\":1200,\"height\":638,\"caption\":\"Foto: Gobierno de Tlaxcala\"},{\"@type\":\"BreadcrumbList\",\"@id\":\"https:\\\/\\\/grupohoymexico.com\\\/tlaxcala\\\/estatal\\\/lorena-cuellar-anuncia-inversion-de-152-mdp-en-contla-para-obras-salud-y-educacion-en-tlaxcala\\\/#breadcrumb\",\"itemListElement\":[{\"@type\":\"ListItem\",\"position\":1,\"name\":\"Inicio\",\"item\":\"https:\\\/\\\/grupohoymexico.com\\\/tlaxcala\\\/\"},{\"@type\":\"ListItem\",\"position\":2,\"name\":\"Lorena Cu\u00e9llar anuncia inversi\u00f3n de 152 mdp en Contla para obras, salud y educaci\u00f3n en Tlaxcala\"}]},{\"@type\":\"WebSite\",\"@id\":\"https:\\\/\\\/grupohoymexico.com\\\/tlaxcala\\\/#website\",\"url\":\"https:\\\/\\\/grupohoymexico.com\\\/tlaxcala\\\/\",\"name\":\"Tlaxcala Hoy\",\"description\":\"El alma de la naci\u00f3n\",\"potentialAction\":[{\"@type\":\"SearchAction\",\"target\":{\"@type\":\"EntryPoint\",\"urlTemplate\":\"https:\\\/\\\/grupohoymexico.com\\\/tlaxcala\\\/?s={search_term_string}\"},\"query-input\":{\"@type\":\"PropertyValueSpecification\",\"valueRequired\":true,\"valueName\":\"search_term_string\"}}],\"inLanguage\":\"es\"},{\"@type\":\"Person\",\"@id\":\"https:\\\/\\\/grupohoymexico.com\\\/tlaxcala\\\/#\\\/schema\\\/person\\\/98e2425fe99fbbdf486895b69dab3c3d\",\"name\":\"jair\",\"image\":{\"@type\":\"ImageObject\",\"inLanguage\":\"es\",\"@id\":\"https:\\\/\\\/secure.gravatar.com\\\/avatar\\\/ec205dfb8733a1ce1601942dddb04fc9294fb780c832e3c1ec58faa8e4e64e9b?s=96&d=mm&r=g\",\"url\":\"https:\\\/\\\/secure.gravatar.com\\\/avatar\\\/ec205dfb8733a1ce1601942dddb04fc9294fb780c832e3c1ec58faa8e4e64e9b?s=96&d=mm&r=g\",\"contentUrl\":\"https:\\\/\\\/secure.gravatar.com\\\/avatar\\\/ec205dfb8733a1ce1601942dddb04fc9294fb780c832e3c1ec58faa8e4e64e9b?s=96&d=mm&r=g\",\"caption\":\"jair\"},\"url\":\"https:\\\/\\\/grupohoymexico.com\\\/tlaxcala\\\/author\\\/jair\\\/\"}]}<\/script>\n<!-- \/ Yoast SEO Premium plugin. -->","yoast_head_json":{"title":"Lorena Cu\u00e9llar anuncia inversi\u00f3n de 152 mdp en Contla para obras, salud y educaci\u00f3n en Tlaxcala - Tlaxcala Hoy","description":"Lorena Cu\u00e9llar afirm\u00f3 que las autoridades municipales tienen la oportunidad de transformar la vida de la gente; en Contla.","robots":{"index":"index","follow":"follow","max-snippet":"max-snippet:-1","max-image-preview":"max-image-preview:large","max-video-preview":"max-video-preview:-1"},"canonical":"https:\/\/grupohoymexico.com\/tlaxcala\/estatal\/lorena-cuellar-anuncia-inversion-de-152-mdp-en-contla-para-obras-salud-y-educacion-en-tlaxcala\/","og_locale":"es_MX","og_type":"article","og_title":"Lorena Cu\u00e9llar anuncia inversi\u00f3n de 152 mdp en Contla para obras, salud y educaci\u00f3n en Tlaxcala","og_description":"Lorena Cu\u00e9llar afirm\u00f3 que las autoridades municipales tienen la oportunidad de transformar la vida de la gente; en Contla.","og_url":"https:\/\/grupohoymexico.com\/tlaxcala\/estatal\/lorena-cuellar-anuncia-inversion-de-152-mdp-en-contla-para-obras-salud-y-educacion-en-tlaxcala\/","og_site_name":"Tlaxcala Hoy","article_published_time":"2026-03-09T23:28:57+00:00","og_image":[{"width":1200,"height":638,"url":"https:\/\/grupohoymexico.com\/tlaxcala\/wp-content\/uploads\/sites\/4\/2026\/03\/Lorena-Cuellar-Contla.jpg","type":"image\/jpeg"}],"author":"jair","twitter_card":"summary_large_image","twitter_misc":{"Escrito por":"jair","Tiempo de lectura":"5 minutos"},"schema":{"@context":"https:\/\/schema.org","@graph":[{"@type":"Article","@id":"https:\/\/grupohoymexico.com\/tlaxcala\/estatal\/lorena-cuellar-anuncia-inversion-de-152-mdp-en-contla-para-obras-salud-y-educacion-en-tlaxcala\/#article","isPartOf":{"@id":"https:\/\/grupohoymexico.com\/tlaxcala\/estatal\/lorena-cuellar-anuncia-inversion-de-152-mdp-en-contla-para-obras-salud-y-educacion-en-tlaxcala\/"},"author":{"name":"jair","@id":"https:\/\/grupohoymexico.com\/tlaxcala\/#\/schema\/person\/98e2425fe99fbbdf486895b69dab3c3d"},"headline":"Lorena Cu\u00e9llar anuncia inversi\u00f3n de 152 mdp en Contla para obras, salud y educaci\u00f3n en Tlaxcala","datePublished":"2026-03-09T23:28:57+00:00","mainEntityOfPage":{"@id":"https:\/\/grupohoymexico.com\/tlaxcala\/estatal\/lorena-cuellar-anuncia-inversion-de-152-mdp-en-contla-para-obras-salud-y-educacion-en-tlaxcala\/"},"wordCount":991,"commentCount":0,"image":{"@id":"https:\/\/grupohoymexico.com\/tlaxcala\/estatal\/lorena-cuellar-anuncia-inversion-de-152-mdp-en-contla-para-obras-salud-y-educacion-en-tlaxcala\/#primaryimage"},"thumbnailUrl":"https:\/\/grupohoymexico.com\/tlaxcala\/wp-content\/uploads\/sites\/4\/2026\/03\/Lorena-Cuellar-Contla.jpg","articleSection":["Estatal"],"inLanguage":"es","potentialAction":[{"@type":"CommentAction","name":"Comment","target":["https:\/\/grupohoymexico.com\/tlaxcala\/estatal\/lorena-cuellar-anuncia-inversion-de-152-mdp-en-contla-para-obras-salud-y-educacion-en-tlaxcala\/#respond"]}]},{"@type":"WebPage","@id":"https:\/\/grupohoymexico.com\/tlaxcala\/estatal\/lorena-cuellar-anuncia-inversion-de-152-mdp-en-contla-para-obras-salud-y-educacion-en-tlaxcala\/","url":"https:\/\/grupohoymexico.com\/tlaxcala\/estatal\/lorena-cuellar-anuncia-inversion-de-152-mdp-en-contla-para-obras-salud-y-educacion-en-tlaxcala\/","name":"Lorena Cu\u00e9llar anuncia inversi\u00f3n de 152 mdp en Contla para obras, salud y educaci\u00f3n en Tlaxcala - Tlaxcala Hoy","isPartOf":{"@id":"https:\/\/grupohoymexico.com\/tlaxcala\/#website"},"primaryImageOfPage":{"@id":"https:\/\/grupohoymexico.com\/tlaxcala\/estatal\/lorena-cuellar-anuncia-inversion-de-152-mdp-en-contla-para-obras-salud-y-educacion-en-tlaxcala\/#primaryimage"},"image":{"@id":"https:\/\/grupohoymexico.com\/tlaxcala\/estatal\/lorena-cuellar-anuncia-inversion-de-152-mdp-en-contla-para-obras-salud-y-educacion-en-tlaxcala\/#primaryimage"},"thumbnailUrl":"https:\/\/grupohoymexico.com\/tlaxcala\/wp-content\/uploads\/sites\/4\/2026\/03\/Lorena-Cuellar-Contla.jpg","datePublished":"2026-03-09T23:28:57+00:00","author":{"@id":"https:\/\/grupohoymexico.com\/tlaxcala\/#\/schema\/person\/98e2425fe99fbbdf486895b69dab3c3d"},"description":"Lorena Cu\u00e9llar afirm\u00f3 que las autoridades municipales tienen la oportunidad de transformar la vida de la gente; en Contla.","breadcrumb":{"@id":"https:\/\/grupohoymexico.com\/tlaxcala\/estatal\/lorena-cuellar-anuncia-inversion-de-152-mdp-en-contla-para-obras-salud-y-educacion-en-tlaxcala\/#breadcrumb"},"inLanguage":"es","potentialAction":[{"@type":"ReadAction","target":["https:\/\/grupohoymexico.com\/tlaxcala\/estatal\/lorena-cuellar-anuncia-inversion-de-152-mdp-en-contla-para-obras-salud-y-educacion-en-tlaxcala\/"]}]},{"@type":"ImageObject","inLanguage":"es","@id":"https:\/\/grupohoymexico.com\/tlaxcala\/estatal\/lorena-cuellar-anuncia-inversion-de-152-mdp-en-contla-para-obras-salud-y-educacion-en-tlaxcala\/#primaryimage","url":"https:\/\/grupohoymexico.com\/tlaxcala\/wp-content\/uploads\/sites\/4\/2026\/03\/Lorena-Cuellar-Contla.jpg","contentUrl":"https:\/\/grupohoymexico.com\/tlaxcala\/wp-content\/uploads\/sites\/4\/2026\/03\/Lorena-Cuellar-Contla.jpg","width":1200,"height":638,"caption":"Foto: Gobierno de Tlaxcala"},{"@type":"BreadcrumbList","@id":"https:\/\/grupohoymexico.com\/tlaxcala\/estatal\/lorena-cuellar-anuncia-inversion-de-152-mdp-en-contla-para-obras-salud-y-educacion-en-tlaxcala\/#breadcrumb","itemListElement":[{"@type":"ListItem","position":1,"name":"Inicio","item":"https:\/\/grupohoymexico.com\/tlaxcala\/"},{"@type":"ListItem","position":2,"name":"Lorena Cu\u00e9llar anuncia inversi\u00f3n de 152 mdp en Contla para obras, salud y educaci\u00f3n en Tlaxcala"}]},{"@type":"WebSite","@id":"https:\/\/grupohoymexico.com\/tlaxcala\/#website","url":"https:\/\/grupohoymexico.com\/tlaxcala\/","name":"Tlaxcala Hoy","description":"El alma de la naci\u00f3n","potentialAction":[{"@type":"SearchAction","target":{"@type":"EntryPoint","urlTemplate":"https:\/\/grupohoymexico.com\/tlaxcala\/?s={search_term_string}"},"query-input":{"@type":"PropertyValueSpecification","valueRequired":true,"valueName":"search_term_string"}}],"inLanguage":"es"},{"@type":"Person","@id":"https:\/\/grupohoymexico.com\/tlaxcala\/#\/schema\/person\/98e2425fe99fbbdf486895b69dab3c3d","name":"jair","image":{"@type":"ImageObject","inLanguage":"es","@id":"https:\/\/secure.gravatar.com\/avatar\/ec205dfb8733a1ce1601942dddb04fc9294fb780c832e3c1ec58faa8e4e64e9b?s=96&d=mm&r=g","url":"https:\/\/secure.gravatar.com\/avatar\/ec205dfb8733a1ce1601942dddb04fc9294fb780c832e3c1ec58faa8e4e64e9b?s=96&d=mm&r=g","contentUrl":"https:\/\/secure.gravatar.com\/avatar\/ec205dfb8733a1ce1601942dddb04fc9294fb780c832e3c1ec58faa8e4e64e9b?s=96&d=mm&r=g","caption":"jair"},"url":"https:\/\/grupohoymexico.com\/tlaxcala\/author\/jair\/"}]}},"_links":{"self":[{"href":"https:\/\/grupohoymexico.com\/tlaxcala\/wp-json\/wp\/v2\/posts\/5908","targetHints":{"allow":["GET"]}}],"collection":[{"href":"https:\/\/grupohoymexico.com\/tlaxcala\/wp-json\/wp\/v2\/posts"}],"about":[{"href":"https:\/\/grupohoymexico.com\/tlaxcala\/wp-json\/wp\/v2\/types\/post"}],"author":[{"embeddable":true,"href":"https:\/\/grupohoymexico.com\/tlaxcala\/wp-json\/wp\/v2\/users\/5"}],"replies":[{"embeddable":true,"href":"https:\/\/grupohoymexico.com\/tlaxcala\/wp-json\/wp\/v2\/comments?post=5908"}],"version-history":[{"count":1,"href":"https:\/\/grupohoymexico.com\/tlaxcala\/wp-json\/wp\/v2\/posts\/5908\/revisions"}],"predecessor-version":[{"id":5911,"href":"https:\/\/grupohoymexico.com\/tlaxcala\/wp-json\/wp\/v2\/posts\/5908\/revisions\/5911"}],"wp:featuredmedia":[{"embeddable":true,"href":"https:\/\/grupohoymexico.com\/tlaxcala\/wp-json\/wp\/v2\/media\/5910"}],"wp:attachment":[{"href":"https:\/\/grupohoymexico.com\/tlaxcala\/wp-json\/wp\/v2\/media?parent=5908"}],"wp:term":[{"taxonomy":"category","embeddable":true,"href":"https:\/\/grupohoymexico.com\/tlaxcala\/wp-json\/wp\/v2\/categories?post=5908"},{"taxonomy":"post_tag","embeddable":true,"href":"https:\/\/grupohoymexico.com\/tlaxcala\/wp-json\/wp\/v2\/tags?post=5908"}],"curies":[{"name":"wp","href":"https:\/\/api.w.org\/{rel}","templated":true}]}}