{"id":5895,"date":"2026-03-09T11:16:42","date_gmt":"2026-03-09T17:16:42","guid":{"rendered":"https:\/\/grupohoymexico.com\/tlaxcala\/?p=5895"},"modified":"2026-03-09T11:16:42","modified_gmt":"2026-03-09T17:16:42","slug":"cruz-roja-mexicana-inicia-colecta-anual-2026-en-tlaxcala","status":"publish","type":"post","link":"https:\/\/grupohoymexico.com\/tlaxcala\/estatal\/cruz-roja-mexicana-inicia-colecta-anual-2026-en-tlaxcala\/","title":{"rendered":"Cruz Roja Mexicana inicia Colecta Anual 2026 en Tlaxcala"},"content":{"rendered":"<p data-start=\"99\" data-end=\"414\">La <strong data-start=\"102\" data-end=\"143\"><span class=\"hover:entity-accent entity-underline inline cursor-pointer align-baseline\"><span class=\"whitespace-normal\">Cruz Roja Mexicana<\/span><\/span><\/strong> en <strong data-start=\"147\" data-end=\"188\"><span class=\"hover:entity-accent entity-underline inline cursor-pointer align-baseline\"><span class=\"whitespace-normal\">Tlaxcala<\/span><\/span><\/strong> dio inicio oficialmente a la <strong data-start=\"218\" data-end=\"250\">Colecta Anual Cruz Roja 2026<\/strong>, una campa\u00f1a solidaria que tiene como meta <strong data-start=\"294\" data-end=\"328\">recaudar 3.5 millones de pesos<\/strong> para fortalecer los servicios de emergencia, rescate y atenci\u00f3n m\u00e9dica en la entidad.<\/p>\n<p data-start=\"416\" data-end=\"649\">La campa\u00f1a contempla <strong data-start=\"437\" data-end=\"501\">boteos, actividades de recaudaci\u00f3n y participaci\u00f3n ciudadana<\/strong> en las siete delegaciones de la instituci\u00f3n, con el objetivo de garantizar la continuidad de los servicios humanitarios que brinda la organizaci\u00f3n.<\/p>\n<h2 data-section-id=\"1i0sshu\" data-start=\"656\" data-end=\"709\"><strong>Colecta Anual Cruz Roja 2026 en Tlaxcala<\/strong><\/h2>\n<p data-start=\"711\" data-end=\"967\">El arranque oficial de la colecta fue encabezado por <strong data-start=\"764\" data-end=\"805\"><span class=\"hover:entity-accent entity-underline inline cursor-pointer align-baseline\"><span class=\"whitespace-normal\">Mariana Espinosa de los Monteros Cu\u00e9llar<\/span><\/span><\/strong>, presidenta honor\u00edfica de la Cruz Roja Mexicana en Tlaxcala, quien destac\u00f3 la importancia de la participaci\u00f3n ciudadana para mantener operativa a la instituci\u00f3n.<\/p>\n<p data-start=\"969\" data-end=\"1148\">Durante el evento tambi\u00e9n estuvieron presentes directivos estatales, voluntarios y personal operativo que participar\u00e1n en la organizaci\u00f3n y ejecuci\u00f3n de la campa\u00f1a de recaudaci\u00f3n.<\/p>\n<p data-start=\"1150\" data-end=\"1306\">La <strong data-start=\"1153\" data-end=\"1186\">Colecta Anual de la Cruz Roja<\/strong> es una de las principales fuentes de financiamiento para la instituci\u00f3n, ya que permite cubrir gastos relacionados con:<\/p>\n<ul data-start=\"1308\" data-end=\"1476\">\n<li data-section-id=\"8l2kkz\" data-start=\"1308\" data-end=\"1343\">\n<p data-start=\"1310\" data-end=\"1343\">Atenci\u00f3n de emergencias m\u00e9dicas.<\/p>\n<\/li>\n<li data-section-id=\"1i56mnr\" data-start=\"1344\" data-end=\"1372\">\n<p data-start=\"1346\" data-end=\"1372\">Operaci\u00f3n de ambulancias.<\/p>\n<\/li>\n<li data-section-id=\"20flc0\" data-start=\"1373\" data-end=\"1396\">\n<p data-start=\"1375\" data-end=\"1396\">Equipamiento m\u00e9dico.<\/p>\n<\/li>\n<li data-section-id=\"19yx5lv\" data-start=\"1397\" data-end=\"1440\">\n<p data-start=\"1399\" data-end=\"1440\">Capacitaci\u00f3n del personal y voluntarios.<\/p>\n<\/li>\n<li data-section-id=\"uzqpwd\" data-start=\"1441\" data-end=\"1476\">\n<p data-start=\"1443\" data-end=\"1476\">Atenci\u00f3n en desastres naturales.<\/p>\n<\/li>\n<\/ul>\n<h3><strong>Sigue nuestras cuentas en Facebook e Instagram para mantenerte informado con las noticias m\u00e1s relevantes.<\/strong><\/h3>\n<h2 data-section-id=\"1l401wa\" data-start=\"1641\" data-end=\"1706\"><strong>\u00bfPara qu\u00e9 se utilizar\u00e1 el dinero de la Colecta Cruz Roja 2026?<\/strong><\/h2>\n<p data-start=\"1708\" data-end=\"1876\">Los recursos obtenidos durante la <strong data-start=\"1742\" data-end=\"1774\">Colecta Anual Cruz Roja 2026<\/strong> se destinar\u00e1n a fortalecer la infraestructura y operaci\u00f3n de los servicios de emergencia en Tlaxcala.<\/p>\n<p data-start=\"1878\" data-end=\"1938\">Entre los principales objetivos del financiamiento destacan:<\/p>\n<ul data-start=\"1940\" data-end=\"2169\">\n<li data-section-id=\"60ful9\" data-start=\"1940\" data-end=\"1987\">\n<p data-start=\"1942\" data-end=\"1987\">Mantenimiento y equipamiento de ambulancias<\/p>\n<\/li>\n<li data-section-id=\"q2xaep\" data-start=\"1988\" data-end=\"2041\">\n<p data-start=\"1990\" data-end=\"2041\">Capacitaci\u00f3n de param\u00e9dicos y personal de rescate<\/p>\n<\/li>\n<li data-section-id=\"d818rn\" data-start=\"2042\" data-end=\"2088\">\n<p data-start=\"2044\" data-end=\"2088\">Adquisici\u00f3n de equipo m\u00e9dico especializado<\/p>\n<\/li>\n<li data-section-id=\"je8qvz\" data-start=\"2089\" data-end=\"2169\">\n<p data-start=\"2091\" data-end=\"2169\">Ampliaci\u00f3n de cobertura en zonas con acceso limitado a servicios de emergencia<\/p>\n<\/li>\n<\/ul>\n<p data-start=\"2171\" data-end=\"2336\">La meta de <strong data-start=\"2182\" data-end=\"2207\">3.5 millones de pesos<\/strong> responde a los costos crecientes asociados al equipamiento sanitario y al fortalecimiento de la atenci\u00f3n m\u00e9dica prehospitalaria.<\/p>\n<h2 data-section-id=\"i5kjcn\" data-start=\"2343\" data-end=\"2399\"><strong>Cruz Roja en Tlaxcala: apoyo ciudadano y voluntariado<\/strong><\/h2>\n<p data-start=\"2401\" data-end=\"2565\">En <strong data-start=\"2404\" data-end=\"2416\">Tlaxcala<\/strong>, los servicios que ofrece la <strong data-start=\"2446\" data-end=\"2468\">Cruz Roja Mexicana<\/strong> se sostienen principalmente gracias al <strong data-start=\"2508\" data-end=\"2564\">trabajo voluntario y las donaciones de la ciudadan\u00eda<\/strong>.<\/p>\n<p data-start=\"2567\" data-end=\"2634\">La instituci\u00f3n mantiene una presencia importante en la atenci\u00f3n de: accidentes viales, emergencias m\u00e9dicas, desastres naturales y atenci\u00f3n comunitaria.<\/p>\n<p data-start=\"2732\" data-end=\"2869\">La participaci\u00f3n social mediante donaciones y colectas permite que la organizaci\u00f3n contin\u00fae brindando apoyo a miles de personas cada a\u00f1o.<\/p>\n<h3 data-start=\"2732\" data-end=\"2869\"><em><strong>Leer m\u00e1s: <a href=\"https:\/\/grupohoymexico.com\/tlaxcala\/estatal\/es-un-privilegio-servir-a-tlaxcala-lorena-cuellar-resalta-mas-de-6-mil-obras-en-la-entidad\/\">\u201cEs un privilegio servir a Tlaxcala\u201d: Lorena Cu\u00e9llar resalta m\u00e1s de 6 mil obras en la entidad<\/a><\/strong><\/em><\/h3>\n<h2 data-section-id=\"7limbu\" data-start=\"2876\" data-end=\"2935\">La Colecta Cruz Roja forma parte de una campa\u00f1a nacional<\/h2>\n<p data-start=\"2937\" data-end=\"3129\">La <strong data-start=\"2940\" data-end=\"2982\">Colecta Anual de la Cruz Roja Mexicana<\/strong> se realiza cada a\u00f1o en diferentes estados del pa\u00eds como parte de una estrategia nacional para fortalecer la capacidad operativa de la instituci\u00f3n.<\/p>\n<p data-start=\"3131\" data-end=\"3393\">Adem\u00e1s, la organizaci\u00f3n cuenta con reconocimiento legal y respaldo institucional por parte del gobierno mexicano, incluyendo la <strong data-start=\"3259\" data-end=\"3300\"><span class=\"hover:entity-accent entity-underline inline cursor-pointer align-baseline\"><span class=\"whitespace-normal\">Secretar\u00eda de Relaciones Exteriores<\/span><\/span><\/strong>, que reconoce su labor como <strong data-start=\"3329\" data-end=\"3392\">organizaci\u00f3n humanitaria y de servicio p\u00fablico no lucrativo<\/strong>.<\/p>\n<p data-start=\"3395\" data-end=\"3458\">Los recursos recaudados a nivel nacional contribuyen a mejorar: infraestructura hospitalaria, equipos de rescate y log\u00edstica para atenci\u00f3n de emergencias de salud p\u00fablica.<\/p>\n<h2 data-section-id=\"1dp83cc\" data-start=\"3580\" data-end=\"3633\"><strong>\u00bfC\u00f3mo participar en la Colecta Anual Cruz Roja 2026?<\/strong><\/h2>\n<p data-start=\"3635\" data-end=\"3815\">La ciudadan\u00eda puede colaborar con la <strong data-start=\"3672\" data-end=\"3698\">Colecta Cruz Roja 2026<\/strong> mediante donaciones directas durante los <strong data-start=\"3740\" data-end=\"3814\">boteos organizados en las delegaciones y espacios p\u00fablicos de Tlaxcala<\/strong>.<\/p>\n<p data-start=\"3817\" data-end=\"3869\">Tambi\u00e9n es posible apoyar a la instituci\u00f3n mediante:<\/p>\n<ul data-start=\"3871\" data-end=\"3982\">\n<li data-section-id=\"dpipv\" data-start=\"3871\" data-end=\"3897\">\n<p data-start=\"3873\" data-end=\"3897\">Donaciones voluntarias<\/p>\n<\/li>\n<li data-section-id=\"7k00qd\" data-start=\"3898\" data-end=\"3945\">\n<p data-start=\"3900\" data-end=\"3945\">Participaci\u00f3n en actividades de recaudaci\u00f3n<\/p>\n<\/li>\n<li data-section-id=\"mjalx\" data-start=\"3946\" data-end=\"3982\">\n<p data-start=\"3948\" data-end=\"3982\">Difusi\u00f3n de la campa\u00f1a solidaria<\/p>\n<\/li>\n<\/ul>\n<p data-start=\"3984\" data-end=\"4154\">Estas acciones ayudan a mantener activos los servicios de emergencia que ofrece la <strong data-start=\"4067\" data-end=\"4089\">Cruz Roja Mexicana<\/strong>, una de las instituciones humanitarias m\u00e1s reconocidas del pa\u00eds.<\/p>\n<h2 data-start=\"3984\" data-end=\"4154\"><a href=\"https:\/\/whatsapp.com\/channel\/0029Vaylt1XG3R3gm4Nsgp2m\"><strong>\u00danete a nuestro canal de WhatsApp<\/strong><\/a><\/h2>\n","protected":false},"excerpt":{"rendered":"La Cruz Roja Mexicana en Tlaxcala dio inicio oficialmente a la Colecta Anual Cruz Roja 2026, una campa\u00f1a&hellip;","protected":false},"author":34,"featured_media":5903,"comment_status":"open","ping_status":"open","sticky":false,"template":"","format":"standard","meta":{"csco_display_header_overlay":false,"csco_singular_sidebar":"","csco_page_header_type":"","csco_page_load_nextpost":"","csco_post_video_location":[],"csco_post_video_location_hash":"","csco_post_video_url":"","csco_post_video_bg_start_time":0,"csco_post_video_bg_end_time":0,"footnotes":""},"categories":[172],"tags":[],"class_list":{"0":"post-5895","1":"post","2":"type-post","3":"status-publish","4":"format-standard","5":"has-post-thumbnail","7":"category-estatal","8":"cs-entry","9":"cs-video-wrap"},"yoast_head":"<!-- This site is optimized with the Yoast SEO Premium plugin v24.7 (Yoast SEO v27.4) - https:\/\/yoast.com\/product\/yoast-seo-premium-wordpress\/ -->\n<title>Cruz Roja Mexicana inicia Colecta Anual 2026 en Tlaxcala<\/title>\n<meta name=\"description\" content=\"La Colecta Anual Cruz Roja en Tlaxcala inici\u00f3 con una meta de 3.5 millones de pesos para financiar atenci\u00f3n m\u00e9dica y emergencias en 2026.\" \/>\n<meta name=\"robots\" content=\"index, follow, max-snippet:-1, max-image-preview:large, max-video-preview:-1\" \/>\n<link rel=\"canonical\" href=\"https:\/\/grupohoymexico.com\/tlaxcala\/estatal\/cruz-roja-mexicana-inicia-colecta-anual-2026-en-tlaxcala\/\" \/>\n<meta property=\"og:locale\" content=\"es_MX\" \/>\n<meta property=\"og:type\" content=\"article\" \/>\n<meta property=\"og:title\" content=\"Cruz Roja Mexicana inicia Colecta Anual 2026 en Tlaxcala\" \/>\n<meta property=\"og:description\" content=\"La Colecta Anual Cruz Roja en Tlaxcala inici\u00f3 con una meta de 3.5 millones de pesos para financiar atenci\u00f3n m\u00e9dica y emergencias en 2026.\" \/>\n<meta property=\"og:url\" content=\"https:\/\/grupohoymexico.com\/tlaxcala\/estatal\/cruz-roja-mexicana-inicia-colecta-anual-2026-en-tlaxcala\/\" \/>\n<meta property=\"og:site_name\" content=\"Tlaxcala Hoy\" \/>\n<meta property=\"article:published_time\" content=\"2026-03-09T17:16:42+00:00\" \/>\n<meta property=\"og:image\" content=\"https:\/\/grupohoymexico.com\/tlaxcala\/wp-content\/uploads\/sites\/4\/2026\/03\/Colecta-Anual-Cruz-Roja.jpg\" \/>\n\t<meta property=\"og:image:width\" content=\"1200\" \/>\n\t<meta property=\"og:image:height\" content=\"625\" \/>\n\t<meta property=\"og:image:type\" content=\"image\/jpeg\" \/>\n<meta name=\"author\" content=\"Redacci\u00f3n Grupo Hoy\" \/>\n<meta name=\"twitter:card\" content=\"summary_large_image\" \/>\n<meta name=\"twitter:label1\" content=\"Escrito por\" \/>\n\t<meta name=\"twitter:data1\" content=\"Redacci\u00f3n Grupo Hoy\" \/>\n\t<meta name=\"twitter:label2\" content=\"Tiempo de lectura\" \/>\n\t<meta name=\"twitter:data2\" content=\"3 minutos\" \/>\n<script type=\"application\/ld+json\" class=\"yoast-schema-graph\">{\"@context\":\"https:\\\/\\\/schema.org\",\"@graph\":[{\"@type\":\"Article\",\"@id\":\"https:\\\/\\\/grupohoymexico.com\\\/tlaxcala\\\/estatal\\\/cruz-roja-mexicana-inicia-colecta-anual-2026-en-tlaxcala\\\/#article\",\"isPartOf\":{\"@id\":\"https:\\\/\\\/grupohoymexico.com\\\/tlaxcala\\\/estatal\\\/cruz-roja-mexicana-inicia-colecta-anual-2026-en-tlaxcala\\\/\"},\"author\":{\"name\":\"Redacci\u00f3n Grupo Hoy\",\"@id\":\"https:\\\/\\\/grupohoymexico.com\\\/tlaxcala\\\/#\\\/schema\\\/person\\\/bc870cc34e948548ddb62cf78ef8474b\"},\"headline\":\"Cruz Roja Mexicana inicia Colecta Anual 2026 en Tlaxcala\",\"datePublished\":\"2026-03-09T17:16:42+00:00\",\"mainEntityOfPage\":{\"@id\":\"https:\\\/\\\/grupohoymexico.com\\\/tlaxcala\\\/estatal\\\/cruz-roja-mexicana-inicia-colecta-anual-2026-en-tlaxcala\\\/\"},\"wordCount\":638,\"commentCount\":0,\"image\":{\"@id\":\"https:\\\/\\\/grupohoymexico.com\\\/tlaxcala\\\/estatal\\\/cruz-roja-mexicana-inicia-colecta-anual-2026-en-tlaxcala\\\/#primaryimage\"},\"thumbnailUrl\":\"https:\\\/\\\/grupohoymexico.com\\\/tlaxcala\\\/wp-content\\\/uploads\\\/sites\\\/4\\\/2026\\\/03\\\/Colecta-Anual-Cruz-Roja.jpg\",\"articleSection\":[\"Estatal\"],\"inLanguage\":\"es\",\"potentialAction\":[{\"@type\":\"CommentAction\",\"name\":\"Comment\",\"target\":[\"https:\\\/\\\/grupohoymexico.com\\\/tlaxcala\\\/estatal\\\/cruz-roja-mexicana-inicia-colecta-anual-2026-en-tlaxcala\\\/#respond\"]}]},{\"@type\":\"WebPage\",\"@id\":\"https:\\\/\\\/grupohoymexico.com\\\/tlaxcala\\\/estatal\\\/cruz-roja-mexicana-inicia-colecta-anual-2026-en-tlaxcala\\\/\",\"url\":\"https:\\\/\\\/grupohoymexico.com\\\/tlaxcala\\\/estatal\\\/cruz-roja-mexicana-inicia-colecta-anual-2026-en-tlaxcala\\\/\",\"name\":\"Cruz Roja Mexicana inicia Colecta Anual 2026 en Tlaxcala\",\"isPartOf\":{\"@id\":\"https:\\\/\\\/grupohoymexico.com\\\/tlaxcala\\\/#website\"},\"primaryImageOfPage\":{\"@id\":\"https:\\\/\\\/grupohoymexico.com\\\/tlaxcala\\\/estatal\\\/cruz-roja-mexicana-inicia-colecta-anual-2026-en-tlaxcala\\\/#primaryimage\"},\"image\":{\"@id\":\"https:\\\/\\\/grupohoymexico.com\\\/tlaxcala\\\/estatal\\\/cruz-roja-mexicana-inicia-colecta-anual-2026-en-tlaxcala\\\/#primaryimage\"},\"thumbnailUrl\":\"https:\\\/\\\/grupohoymexico.com\\\/tlaxcala\\\/wp-content\\\/uploads\\\/sites\\\/4\\\/2026\\\/03\\\/Colecta-Anual-Cruz-Roja.jpg\",\"datePublished\":\"2026-03-09T17:16:42+00:00\",\"author\":{\"@id\":\"https:\\\/\\\/grupohoymexico.com\\\/tlaxcala\\\/#\\\/schema\\\/person\\\/bc870cc34e948548ddb62cf78ef8474b\"},\"description\":\"La Colecta Anual Cruz Roja en Tlaxcala inici\u00f3 con una meta de 3.5 millones de pesos para financiar atenci\u00f3n m\u00e9dica y emergencias en 2026.\",\"breadcrumb\":{\"@id\":\"https:\\\/\\\/grupohoymexico.com\\\/tlaxcala\\\/estatal\\\/cruz-roja-mexicana-inicia-colecta-anual-2026-en-tlaxcala\\\/#breadcrumb\"},\"inLanguage\":\"es\",\"potentialAction\":[{\"@type\":\"ReadAction\",\"target\":[\"https:\\\/\\\/grupohoymexico.com\\\/tlaxcala\\\/estatal\\\/cruz-roja-mexicana-inicia-colecta-anual-2026-en-tlaxcala\\\/\"]}]},{\"@type\":\"ImageObject\",\"inLanguage\":\"es\",\"@id\":\"https:\\\/\\\/grupohoymexico.com\\\/tlaxcala\\\/estatal\\\/cruz-roja-mexicana-inicia-colecta-anual-2026-en-tlaxcala\\\/#primaryimage\",\"url\":\"https:\\\/\\\/grupohoymexico.com\\\/tlaxcala\\\/wp-content\\\/uploads\\\/sites\\\/4\\\/2026\\\/03\\\/Colecta-Anual-Cruz-Roja.jpg\",\"contentUrl\":\"https:\\\/\\\/grupohoymexico.com\\\/tlaxcala\\\/wp-content\\\/uploads\\\/sites\\\/4\\\/2026\\\/03\\\/Colecta-Anual-Cruz-Roja.jpg\",\"width\":1200,\"height\":625,\"caption\":\"Foto: Cruz Roja\"},{\"@type\":\"BreadcrumbList\",\"@id\":\"https:\\\/\\\/grupohoymexico.com\\\/tlaxcala\\\/estatal\\\/cruz-roja-mexicana-inicia-colecta-anual-2026-en-tlaxcala\\\/#breadcrumb\",\"itemListElement\":[{\"@type\":\"ListItem\",\"position\":1,\"name\":\"Inicio\",\"item\":\"https:\\\/\\\/grupohoymexico.com\\\/tlaxcala\\\/\"},{\"@type\":\"ListItem\",\"position\":2,\"name\":\"Cruz Roja Mexicana inicia Colecta Anual 2026 en Tlaxcala\"}]},{\"@type\":\"WebSite\",\"@id\":\"https:\\\/\\\/grupohoymexico.com\\\/tlaxcala\\\/#website\",\"url\":\"https:\\\/\\\/grupohoymexico.com\\\/tlaxcala\\\/\",\"name\":\"Tlaxcala Hoy\",\"description\":\"El alma de la naci\u00f3n\",\"potentialAction\":[{\"@type\":\"SearchAction\",\"target\":{\"@type\":\"EntryPoint\",\"urlTemplate\":\"https:\\\/\\\/grupohoymexico.com\\\/tlaxcala\\\/?s={search_term_string}\"},\"query-input\":{\"@type\":\"PropertyValueSpecification\",\"valueRequired\":true,\"valueName\":\"search_term_string\"}}],\"inLanguage\":\"es\"},{\"@type\":\"Person\",\"@id\":\"https:\\\/\\\/grupohoymexico.com\\\/tlaxcala\\\/#\\\/schema\\\/person\\\/bc870cc34e948548ddb62cf78ef8474b\",\"name\":\"Redacci\u00f3n Grupo Hoy\",\"image\":{\"@type\":\"ImageObject\",\"inLanguage\":\"es\",\"@id\":\"https:\\\/\\\/secure.gravatar.com\\\/avatar\\\/e8a44ae8f1b7592837f8c496178e70e065758a27945df208805f8cf6fdd56893?s=96&d=mm&r=g\",\"url\":\"https:\\\/\\\/secure.gravatar.com\\\/avatar\\\/e8a44ae8f1b7592837f8c496178e70e065758a27945df208805f8cf6fdd56893?s=96&d=mm&r=g\",\"contentUrl\":\"https:\\\/\\\/secure.gravatar.com\\\/avatar\\\/e8a44ae8f1b7592837f8c496178e70e065758a27945df208805f8cf6fdd56893?s=96&d=mm&r=g\",\"caption\":\"Redacci\u00f3n Grupo Hoy\"},\"url\":\"https:\\\/\\\/grupohoymexico.com\\\/tlaxcala\\\/author\\\/redaccion\\\/\"}]}<\/script>\n<!-- \/ Yoast SEO Premium plugin. -->","yoast_head_json":{"title":"Cruz Roja Mexicana inicia Colecta Anual 2026 en Tlaxcala","description":"La Colecta Anual Cruz Roja en Tlaxcala inici\u00f3 con una meta de 3.5 millones de pesos para financiar atenci\u00f3n m\u00e9dica y emergencias en 2026.","robots":{"index":"index","follow":"follow","max-snippet":"max-snippet:-1","max-image-preview":"max-image-preview:large","max-video-preview":"max-video-preview:-1"},"canonical":"https:\/\/grupohoymexico.com\/tlaxcala\/estatal\/cruz-roja-mexicana-inicia-colecta-anual-2026-en-tlaxcala\/","og_locale":"es_MX","og_type":"article","og_title":"Cruz Roja Mexicana inicia Colecta Anual 2026 en Tlaxcala","og_description":"La Colecta Anual Cruz Roja en Tlaxcala inici\u00f3 con una meta de 3.5 millones de pesos para financiar atenci\u00f3n m\u00e9dica y emergencias en 2026.","og_url":"https:\/\/grupohoymexico.com\/tlaxcala\/estatal\/cruz-roja-mexicana-inicia-colecta-anual-2026-en-tlaxcala\/","og_site_name":"Tlaxcala Hoy","article_published_time":"2026-03-09T17:16:42+00:00","og_image":[{"width":1200,"height":625,"url":"https:\/\/grupohoymexico.com\/tlaxcala\/wp-content\/uploads\/sites\/4\/2026\/03\/Colecta-Anual-Cruz-Roja.jpg","type":"image\/jpeg"}],"author":"Redacci\u00f3n Grupo Hoy","twitter_card":"summary_large_image","twitter_misc":{"Escrito por":"Redacci\u00f3n Grupo Hoy","Tiempo de lectura":"3 minutos"},"schema":{"@context":"https:\/\/schema.org","@graph":[{"@type":"Article","@id":"https:\/\/grupohoymexico.com\/tlaxcala\/estatal\/cruz-roja-mexicana-inicia-colecta-anual-2026-en-tlaxcala\/#article","isPartOf":{"@id":"https:\/\/grupohoymexico.com\/tlaxcala\/estatal\/cruz-roja-mexicana-inicia-colecta-anual-2026-en-tlaxcala\/"},"author":{"name":"Redacci\u00f3n Grupo Hoy","@id":"https:\/\/grupohoymexico.com\/tlaxcala\/#\/schema\/person\/bc870cc34e948548ddb62cf78ef8474b"},"headline":"Cruz Roja Mexicana inicia Colecta Anual 2026 en Tlaxcala","datePublished":"2026-03-09T17:16:42+00:00","mainEntityOfPage":{"@id":"https:\/\/grupohoymexico.com\/tlaxcala\/estatal\/cruz-roja-mexicana-inicia-colecta-anual-2026-en-tlaxcala\/"},"wordCount":638,"commentCount":0,"image":{"@id":"https:\/\/grupohoymexico.com\/tlaxcala\/estatal\/cruz-roja-mexicana-inicia-colecta-anual-2026-en-tlaxcala\/#primaryimage"},"thumbnailUrl":"https:\/\/grupohoymexico.com\/tlaxcala\/wp-content\/uploads\/sites\/4\/2026\/03\/Colecta-Anual-Cruz-Roja.jpg","articleSection":["Estatal"],"inLanguage":"es","potentialAction":[{"@type":"CommentAction","name":"Comment","target":["https:\/\/grupohoymexico.com\/tlaxcala\/estatal\/cruz-roja-mexicana-inicia-colecta-anual-2026-en-tlaxcala\/#respond"]}]},{"@type":"WebPage","@id":"https:\/\/grupohoymexico.com\/tlaxcala\/estatal\/cruz-roja-mexicana-inicia-colecta-anual-2026-en-tlaxcala\/","url":"https:\/\/grupohoymexico.com\/tlaxcala\/estatal\/cruz-roja-mexicana-inicia-colecta-anual-2026-en-tlaxcala\/","name":"Cruz Roja Mexicana inicia Colecta Anual 2026 en Tlaxcala","isPartOf":{"@id":"https:\/\/grupohoymexico.com\/tlaxcala\/#website"},"primaryImageOfPage":{"@id":"https:\/\/grupohoymexico.com\/tlaxcala\/estatal\/cruz-roja-mexicana-inicia-colecta-anual-2026-en-tlaxcala\/#primaryimage"},"image":{"@id":"https:\/\/grupohoymexico.com\/tlaxcala\/estatal\/cruz-roja-mexicana-inicia-colecta-anual-2026-en-tlaxcala\/#primaryimage"},"thumbnailUrl":"https:\/\/grupohoymexico.com\/tlaxcala\/wp-content\/uploads\/sites\/4\/2026\/03\/Colecta-Anual-Cruz-Roja.jpg","datePublished":"2026-03-09T17:16:42+00:00","author":{"@id":"https:\/\/grupohoymexico.com\/tlaxcala\/#\/schema\/person\/bc870cc34e948548ddb62cf78ef8474b"},"description":"La Colecta Anual Cruz Roja en Tlaxcala inici\u00f3 con una meta de 3.5 millones de pesos para financiar atenci\u00f3n m\u00e9dica y emergencias en 2026.","breadcrumb":{"@id":"https:\/\/grupohoymexico.com\/tlaxcala\/estatal\/cruz-roja-mexicana-inicia-colecta-anual-2026-en-tlaxcala\/#breadcrumb"},"inLanguage":"es","potentialAction":[{"@type":"ReadAction","target":["https:\/\/grupohoymexico.com\/tlaxcala\/estatal\/cruz-roja-mexicana-inicia-colecta-anual-2026-en-tlaxcala\/"]}]},{"@type":"ImageObject","inLanguage":"es","@id":"https:\/\/grupohoymexico.com\/tlaxcala\/estatal\/cruz-roja-mexicana-inicia-colecta-anual-2026-en-tlaxcala\/#primaryimage","url":"https:\/\/grupohoymexico.com\/tlaxcala\/wp-content\/uploads\/sites\/4\/2026\/03\/Colecta-Anual-Cruz-Roja.jpg","contentUrl":"https:\/\/grupohoymexico.com\/tlaxcala\/wp-content\/uploads\/sites\/4\/2026\/03\/Colecta-Anual-Cruz-Roja.jpg","width":1200,"height":625,"caption":"Foto: Cruz Roja"},{"@type":"BreadcrumbList","@id":"https:\/\/grupohoymexico.com\/tlaxcala\/estatal\/cruz-roja-mexicana-inicia-colecta-anual-2026-en-tlaxcala\/#breadcrumb","itemListElement":[{"@type":"ListItem","position":1,"name":"Inicio","item":"https:\/\/grupohoymexico.com\/tlaxcala\/"},{"@type":"ListItem","position":2,"name":"Cruz Roja Mexicana inicia Colecta Anual 2026 en Tlaxcala"}]},{"@type":"WebSite","@id":"https:\/\/grupohoymexico.com\/tlaxcala\/#website","url":"https:\/\/grupohoymexico.com\/tlaxcala\/","name":"Tlaxcala Hoy","description":"El alma de la naci\u00f3n","potentialAction":[{"@type":"SearchAction","target":{"@type":"EntryPoint","urlTemplate":"https:\/\/grupohoymexico.com\/tlaxcala\/?s={search_term_string}"},"query-input":{"@type":"PropertyValueSpecification","valueRequired":true,"valueName":"search_term_string"}}],"inLanguage":"es"},{"@type":"Person","@id":"https:\/\/grupohoymexico.com\/tlaxcala\/#\/schema\/person\/bc870cc34e948548ddb62cf78ef8474b","name":"Redacci\u00f3n Grupo Hoy","image":{"@type":"ImageObject","inLanguage":"es","@id":"https:\/\/secure.gravatar.com\/avatar\/e8a44ae8f1b7592837f8c496178e70e065758a27945df208805f8cf6fdd56893?s=96&d=mm&r=g","url":"https:\/\/secure.gravatar.com\/avatar\/e8a44ae8f1b7592837f8c496178e70e065758a27945df208805f8cf6fdd56893?s=96&d=mm&r=g","contentUrl":"https:\/\/secure.gravatar.com\/avatar\/e8a44ae8f1b7592837f8c496178e70e065758a27945df208805f8cf6fdd56893?s=96&d=mm&r=g","caption":"Redacci\u00f3n Grupo Hoy"},"url":"https:\/\/grupohoymexico.com\/tlaxcala\/author\/redaccion\/"}]}},"_links":{"self":[{"href":"https:\/\/grupohoymexico.com\/tlaxcala\/wp-json\/wp\/v2\/posts\/5895","targetHints":{"allow":["GET"]}}],"collection":[{"href":"https:\/\/grupohoymexico.com\/tlaxcala\/wp-json\/wp\/v2\/posts"}],"about":[{"href":"https:\/\/grupohoymexico.com\/tlaxcala\/wp-json\/wp\/v2\/types\/post"}],"author":[{"embeddable":true,"href":"https:\/\/grupohoymexico.com\/tlaxcala\/wp-json\/wp\/v2\/users\/34"}],"replies":[{"embeddable":true,"href":"https:\/\/grupohoymexico.com\/tlaxcala\/wp-json\/wp\/v2\/comments?post=5895"}],"version-history":[{"count":2,"href":"https:\/\/grupohoymexico.com\/tlaxcala\/wp-json\/wp\/v2\/posts\/5895\/revisions"}],"predecessor-version":[{"id":5904,"href":"https:\/\/grupohoymexico.com\/tlaxcala\/wp-json\/wp\/v2\/posts\/5895\/revisions\/5904"}],"wp:featuredmedia":[{"embeddable":true,"href":"https:\/\/grupohoymexico.com\/tlaxcala\/wp-json\/wp\/v2\/media\/5903"}],"wp:attachment":[{"href":"https:\/\/grupohoymexico.com\/tlaxcala\/wp-json\/wp\/v2\/media?parent=5895"}],"wp:term":[{"taxonomy":"category","embeddable":true,"href":"https:\/\/grupohoymexico.com\/tlaxcala\/wp-json\/wp\/v2\/categories?post=5895"},{"taxonomy":"post_tag","embeddable":true,"href":"https:\/\/grupohoymexico.com\/tlaxcala\/wp-json\/wp\/v2\/tags?post=5895"}],"curies":[{"name":"wp","href":"https:\/\/api.w.org\/{rel}","templated":true}]}}