{"id":5847,"date":"2026-03-06T08:59:59","date_gmt":"2026-03-06T14:59:59","guid":{"rendered":"https:\/\/grupohoymexico.com\/tlaxcala\/?p=5847"},"modified":"2026-03-06T08:59:59","modified_gmt":"2026-03-06T14:59:59","slug":"tlaxcala-refuerza-prevencion-de-obesidad-con-programas-de-nutricion-y-ejercicio","status":"publish","type":"post","link":"https:\/\/grupohoymexico.com\/tlaxcala\/estatal\/tlaxcala-refuerza-prevencion-de-obesidad-con-programas-de-nutricion-y-ejercicio\/","title":{"rendered":"Tlaxcala refuerza prevenci\u00f3n de obesidad con programas de nutrici\u00f3n y ejercicio"},"content":{"rendered":"<p data-start=\"109\" data-end=\"385\">La <strong data-start=\"112\" data-end=\"150\">prevenci\u00f3n de obesidad en Tlaxcala<\/strong> se ha convertido en una prioridad para la <a href=\"https:\/\/www.saludtlax.gob.mx\/portal\/\"><strong data-start=\"193\" data-end=\"234\"><span class=\"hover:entity-accent entity-underline inline cursor-pointer align-baseline\"><span class=\"whitespace-normal\">Secretar\u00eda de Salud de Tlaxcala<\/span><\/span><\/strong> (SESA)<\/a>, que impulsa programas enfocados en fomentar <strong data-start=\"287\" data-end=\"365\">h\u00e1bitos saludables, mejorar la alimentaci\u00f3n y promover la actividad f\u00edsica<\/strong> entre la poblaci\u00f3n.<\/p>\n<p data-start=\"387\" data-end=\"824\">Estas acciones forman parte de una estrategia integral que busca <strong data-start=\"452\" data-end=\"499\">reducir los \u00edndices de sobrepeso y obesidad<\/strong>, problemas que actualmente representan uno de los principales desaf\u00edos de salud p\u00fablica en M\u00e9xico. A trav\u00e9s de campa\u00f1as educativas, programas comunitarios y pol\u00edticas de prevenci\u00f3n, las autoridades sanitarias trabajan para mejorar la calidad de vida de los habitantes del estado de <strong data-start=\"782\" data-end=\"823\"><span class=\"hover:entity-accent entity-underline inline cursor-pointer align-baseline\"><span class=\"whitespace-normal\">Tlaxcala<\/span><\/span><\/strong>.<\/p>\n<h3 data-start=\"387\" data-end=\"824\"><strong>Sigue nuestras cuentas en Facebook e Instagram para mantenerte informado con las noticias m\u00e1s relevantes.<\/strong><\/h3>\n<h2 data-section-id=\"bx8t5j\" data-start=\"831\" data-end=\"894\"><strong>Sobrepeso y obesidad en M\u00e9xico: un problema de salud p\u00fablica<\/strong><\/h2>\n<p data-start=\"896\" data-end=\"1198\">El <strong data-start=\"899\" data-end=\"926\">sobrepeso y la obesidad<\/strong> se definen como una <strong data-start=\"947\" data-end=\"989\">acumulaci\u00f3n excesiva de grasa corporal<\/strong> que puede afectar seriamente la salud. Para identificar estos estados nutricionales se utiliza el <strong data-start=\"1088\" data-end=\"1121\">\u00cdndice de Masa Corporal (IMC)<\/strong>, una herramienta que permite evaluar si una persona tiene un peso saludable.<\/p>\n<p data-start=\"1200\" data-end=\"1417\">En <strong data-start=\"1203\" data-end=\"1213\">M\u00e9xico<\/strong>, aproximadamente <strong data-start=\"1231\" data-end=\"1293\">siete de cada diez personas presentan sobrepeso u obesidad<\/strong>, lo que ha llevado a las autoridades sanitarias a implementar programas preventivos y estrategias de promoci\u00f3n de la salud.<\/p>\n<p data-start=\"1419\" data-end=\"1575\">De acuerdo con la <strong data-start=\"1437\" data-end=\"1478\"><span class=\"hover:entity-accent entity-underline inline cursor-pointer align-baseline\"><span class=\"whitespace-normal\">Organizaci\u00f3n Mundial de la Salud<\/span><\/span><\/strong>, la obesidad es un factor de riesgo importante para el desarrollo de enfermedades cr\u00f3nicas como:<\/p>\n<ul data-start=\"1577\" data-end=\"1675\">\n<li data-section-id=\"1mq0twx\" data-start=\"1577\" data-end=\"1596\">\n<p data-start=\"1579\" data-end=\"1596\">Diabetes tipo 2<\/p>\n<\/li>\n<li data-section-id=\"1oru7pg\" data-start=\"1597\" data-end=\"1630\">\n<p data-start=\"1599\" data-end=\"1630\">Enfermedades cardiovasculares<\/p>\n<\/li>\n<li data-section-id=\"1flh0xi\" data-start=\"1631\" data-end=\"1647\">\n<p data-start=\"1633\" data-end=\"1647\">Hipertensi\u00f3n<\/p>\n<\/li>\n<li data-section-id=\"w54n4d\" data-start=\"1648\" data-end=\"1675\">\n<p data-start=\"1650\" data-end=\"1675\">Algunos tipos de c\u00e1ncer<\/p>\n<\/li>\n<\/ul>\n<p data-start=\"1677\" data-end=\"1813\">Por esta raz\u00f3n, la prevenci\u00f3n y la educaci\u00f3n en salud se consideran herramientas clave para disminuir el impacto de estos padecimientos.<\/p>\n<h2 data-section-id=\"1jofw42\" data-start=\"1820\" data-end=\"1890\"><strong>Ley para prevenir la obesidad y trastornos alimenticios en Tlaxcala<\/strong><\/h2>\n<p data-start=\"1892\" data-end=\"2122\">En el estado de <strong data-start=\"1908\" data-end=\"1949\"><span class=\"hover:entity-accent entity-underline inline cursor-pointer align-baseline\"><span class=\"whitespace-normal\">Tlaxcala<\/span><\/span><\/strong>, la pol\u00edtica p\u00fablica en materia de salud est\u00e1 respaldada por la <strong data-start=\"2014\" data-end=\"2101\">Ley para Prevenir y Atender la Obesidad, el Sobrepeso y los Trastornos Alimenticios<\/strong>, promulgada en 2016.<\/p>\n<p data-start=\"2124\" data-end=\"2226\">Este marco jur\u00eddico permite desarrollar <strong data-start=\"2164\" data-end=\"2201\">acciones integrales de prevenci\u00f3n<\/strong>, entre las que destacan:<\/p>\n<ul data-start=\"2228\" data-end=\"2416\">\n<li data-section-id=\"38ba3y\" data-start=\"2228\" data-end=\"2271\">\n<p data-start=\"2230\" data-end=\"2271\">Promoci\u00f3n de una alimentaci\u00f3n saludable<\/p>\n<\/li>\n<li data-section-id=\"1uygqx0\" data-start=\"2272\" data-end=\"2325\">\n<p data-start=\"2274\" data-end=\"2325\">Educaci\u00f3n para la salud en comunidades y escuelas<\/p>\n<\/li>\n<li data-section-id=\"ig4cxz\" data-start=\"2326\" data-end=\"2359\">\n<p data-start=\"2328\" data-end=\"2359\">Impulso a la actividad f\u00edsica<\/p>\n<\/li>\n<li data-section-id=\"6xviw7\" data-start=\"2360\" data-end=\"2416\">\n<p data-start=\"2362\" data-end=\"2416\">Seguimiento m\u00e9dico mediante programas especializados<\/p>\n<\/li>\n<\/ul>\n<p data-start=\"2418\" data-end=\"2585\">La legislaci\u00f3n busca <strong data-start=\"2439\" data-end=\"2487\">atender el problema desde diferentes frentes<\/strong>, priorizando la prevenci\u00f3n desde edades tempranas y fomentando el autocuidado entre la poblaci\u00f3n.<\/p>\n<h3 data-start=\"2418\" data-end=\"2585\"><em><strong>Leer m\u00e1s: <a href=\"https:\/\/grupohoymexico.com\/tlaxcala\/estatal\/frente-frio-39-llega-a-mexico-lluvias-intensas-vientos-y-descenso-de-temperatura\/\">Frente Fr\u00edo 39 llega a M\u00e9xico: lluvias intensas, vientos y descenso de temperatura<\/a><\/strong><\/em><\/h3>\n<h2 data-section-id=\"nb54uw\" data-start=\"2592\" data-end=\"2642\"><strong>Programas de prevenci\u00f3n de obesidad en Tlaxcala<\/strong><\/h2>\n<p data-start=\"2644\" data-end=\"2903\">Entre las estrategias implementadas por la <strong data-start=\"2687\" data-end=\"2728\"><span class=\"hover:entity-accent entity-underline inline cursor-pointer align-baseline\"><span class=\"whitespace-normal\">Secretar\u00eda de Salud de Tlaxcala<\/span><\/span><\/strong> destaca el programa <strong data-start=\"2749\" data-end=\"2769\">\u201cVida Saludable\u201d<\/strong>, el cual promueve el modelo <strong data-start=\"2798\" data-end=\"2820\">\u201c3 X POR MI SALUD\u201d<\/strong>, enfocado en tres pilares fundamentales para mejorar el bienestar de las personas.<\/p>\n<h3 data-section-id=\"1ncnooa\" data-start=\"2905\" data-end=\"2934\"><strong>Modelo \u201c3 X POR MI SALUD\u201d<\/strong><\/h3>\n<p data-start=\"2936\" data-end=\"2979\">Este programa promueve tres acciones clave:<\/p>\n<p data-start=\"2981\" data-end=\"3128\"><strong data-start=\"2981\" data-end=\"3011\">1. Alimentaci\u00f3n balanceada<\/strong><br data-start=\"3011\" data-end=\"3014\" \/>Fomentar el consumo de alimentos nutritivos, frutas, verduras y agua simple, reduciendo productos ultraprocesados.<\/p>\n<p data-start=\"3130\" data-end=\"3258\"><strong data-start=\"3130\" data-end=\"3161\">2. Actividad f\u00edsica regular<\/strong><br data-start=\"3161\" data-end=\"3164\" \/>Impulsar la pr\u00e1ctica de ejercicio para combatir el sedentarismo y mejorar la condici\u00f3n f\u00edsica.<\/p>\n<p data-start=\"3260\" data-end=\"3390\"><strong data-start=\"3260\" data-end=\"3298\">3. Reducci\u00f3n de factores de riesgo<\/strong><br data-start=\"3298\" data-end=\"3301\" \/>Disminuir el consumo excesivo de alimentos hipercal\u00f3ricos y h\u00e1bitos que afectan la salud.<\/p>\n<p data-start=\"3392\" data-end=\"3505\">Estas acciones buscan <strong data-start=\"3414\" data-end=\"3504\">fortalecer el autocuidado y generar cambios sostenibles en los h\u00e1bitos de la poblaci\u00f3n<\/strong>.<\/p>\n<h3 data-section-id=\"uz0drr\" data-start=\"3512\" data-end=\"3578\"><strong>Escuelas sin comida chatarra para combatir la obesidad infantil<\/strong><\/h3>\n<p data-start=\"3580\" data-end=\"3740\">Dentro del \u00e1mbito educativo, tambi\u00e9n se han impulsado medidas para <strong data-start=\"3647\" data-end=\"3680\">prevenir la obesidad infantil<\/strong>, una de las principales preocupaciones de salud en el pa\u00eds.<\/p>\n<p data-start=\"3742\" data-end=\"3933\">Entre estas acciones destaca la implementaci\u00f3n de <strong data-start=\"3792\" data-end=\"3838\">comedores escolares sin alimentos chatarra<\/strong>, con el objetivo de promover una alimentaci\u00f3n m\u00e1s saludable entre ni\u00f1as, ni\u00f1os y adolescentes. Adem\u00e1s, las autoridades han desarrollado <strong data-start=\"3976\" data-end=\"4065\">campa\u00f1as de concientizaci\u00f3n sobre nutrici\u00f3n, hidrataci\u00f3n adecuada y lactancia materna<\/strong>, promoviendo pr\u00e1cticas alimentarias tradicionales que contribuyen al bienestar de las familias.<\/p>\n<h2 data-section-id=\"fl39oq\" data-start=\"4168\" data-end=\"4231\"><strong>Campa\u00f1as de salud en el marco del D\u00eda Mundial de la Obesidad<\/strong><\/h2>\n<p data-start=\"4233\" data-end=\"4479\">Las acciones de prevenci\u00f3n tambi\u00e9n se han reforzado durante actividades realizadas en el marco del <strong data-start=\"4332\" data-end=\"4373\"><span class=\"hover:entity-accent entity-underline inline cursor-pointer align-baseline\"><span class=\"whitespace-normal\">D\u00eda Mundial de la Obesidad<\/span><\/span><\/strong>, donde se promueven h\u00e1bitos saludables y se difunde informaci\u00f3n sobre los riesgos asociados al sobrepeso.<\/p>\n<p data-start=\"4481\" data-end=\"4516\">Durante estas jornadas se realizan:<\/p>\n<ul data-start=\"4518\" data-end=\"4720\">\n<li data-section-id=\"14x6hxz\" data-start=\"4518\" data-end=\"4557\">\n<p data-start=\"4520\" data-end=\"4557\">Talleres educativos sobre nutrici\u00f3n<\/p>\n<\/li>\n<li data-section-id=\"r6gw5s\" data-start=\"4558\" data-end=\"4594\">\n<p data-start=\"4560\" data-end=\"4594\">Actividades f\u00edsicas comunitarias<\/p>\n<\/li>\n<li data-section-id=\"gceoui\" data-start=\"4595\" data-end=\"4648\">\n<p data-start=\"4597\" data-end=\"4648\">Campa\u00f1as informativas sobre alimentaci\u00f3n correcta<\/p>\n<\/li>\n<li data-section-id=\"1os1cvf\" data-start=\"4649\" data-end=\"4720\">\n<p data-start=\"4651\" data-end=\"4720\">Reconocimientos a personas y comunidades comprometidas con la salud<\/p>\n<\/li>\n<\/ul>\n<p data-start=\"4722\" data-end=\"4838\">Estas iniciativas buscan <strong data-start=\"4747\" data-end=\"4837\">sensibilizar a la poblaci\u00f3n sobre la importancia de adoptar estilos de vida saludables<\/strong>.<\/p>\n<h2 data-start=\"4722\" data-end=\"4838\"><a href=\"https:\/\/whatsapp.com\/channel\/0029Vay2HNpCHDykLvh49e47\">\u00danete a nuestro canal de WhatsApp<\/a><\/h2>\n","protected":false},"excerpt":{"rendered":"La prevenci\u00f3n de obesidad en Tlaxcala se ha convertido en una prioridad para la Secretar\u00eda de Salud de&hellip;","protected":false},"author":34,"featured_media":5851,"comment_status":"open","ping_status":"open","sticky":false,"template":"","format":"standard","meta":{"csco_display_header_overlay":false,"csco_singular_sidebar":"","csco_page_header_type":"","csco_page_load_nextpost":"","csco_post_video_location":[],"csco_post_video_location_hash":"","csco_post_video_url":"","csco_post_video_bg_start_time":0,"csco_post_video_bg_end_time":0,"footnotes":""},"categories":[172],"tags":[2658,2657,2656,230,229],"class_list":{"0":"post-5847","1":"post","2":"type-post","3":"status-publish","4":"format-standard","5":"has-post-thumbnail","7":"category-estatal","8":"tag-ejercicio","9":"tag-infancia","10":"tag-obesidad","11":"tag-salud","12":"tag-tlaxcala","13":"cs-entry","14":"cs-video-wrap"},"yoast_head":"<!-- This site is optimized with the Yoast SEO Premium plugin v24.7 (Yoast SEO v27.4) - https:\/\/yoast.com\/product\/yoast-seo-premium-wordpress\/ -->\n<title>Prevenci\u00f3n de obesidad en Tlaxcala: programas del gobierno estatal<\/title>\n<meta name=\"description\" content=\"La Secretar\u00eda de Salud de Tlaxcala implementa programas y campa\u00f1as para la prevenci\u00f3n de la obesidad con h\u00e1bitos saludables y actividad f\u00edsica\" \/>\n<meta name=\"robots\" content=\"index, follow, max-snippet:-1, max-image-preview:large, max-video-preview:-1\" \/>\n<link rel=\"canonical\" href=\"https:\/\/grupohoymexico.com\/tlaxcala\/estatal\/tlaxcala-refuerza-prevencion-de-obesidad-con-programas-de-nutricion-y-ejercicio\/\" \/>\n<meta property=\"og:locale\" content=\"es_MX\" \/>\n<meta property=\"og:type\" content=\"article\" \/>\n<meta property=\"og:title\" content=\"Tlaxcala refuerza prevenci\u00f3n de obesidad con programas de nutrici\u00f3n y ejercicio\" \/>\n<meta property=\"og:description\" content=\"La Secretar\u00eda de Salud de Tlaxcala implementa programas y campa\u00f1as para la prevenci\u00f3n de la obesidad con h\u00e1bitos saludables y actividad f\u00edsica\" \/>\n<meta property=\"og:url\" content=\"https:\/\/grupohoymexico.com\/tlaxcala\/estatal\/tlaxcala-refuerza-prevencion-de-obesidad-con-programas-de-nutricion-y-ejercicio\/\" \/>\n<meta property=\"og:site_name\" content=\"Tlaxcala Hoy\" \/>\n<meta property=\"article:published_time\" content=\"2026-03-06T14:59:59+00:00\" \/>\n<meta property=\"og:image\" content=\"https:\/\/grupohoymexico.com\/tlaxcala\/wp-content\/uploads\/sites\/4\/2026\/03\/Prevencion-obesidad-Tlaxcala.jpg\" \/>\n\t<meta property=\"og:image:width\" content=\"1200\" \/>\n\t<meta property=\"og:image:height\" content=\"625\" \/>\n\t<meta property=\"og:image:type\" content=\"image\/jpeg\" \/>\n<meta name=\"author\" content=\"Redacci\u00f3n Grupo Hoy\" \/>\n<meta name=\"twitter:card\" content=\"summary_large_image\" \/>\n<meta name=\"twitter:label1\" content=\"Escrito por\" \/>\n\t<meta name=\"twitter:data1\" content=\"Redacci\u00f3n Grupo Hoy\" \/>\n\t<meta name=\"twitter:label2\" content=\"Tiempo de lectura\" \/>\n\t<meta name=\"twitter:data2\" content=\"4 minutos\" \/>\n<script type=\"application\/ld+json\" class=\"yoast-schema-graph\">{\"@context\":\"https:\\\/\\\/schema.org\",\"@graph\":[{\"@type\":\"Article\",\"@id\":\"https:\\\/\\\/grupohoymexico.com\\\/tlaxcala\\\/estatal\\\/tlaxcala-refuerza-prevencion-de-obesidad-con-programas-de-nutricion-y-ejercicio\\\/#article\",\"isPartOf\":{\"@id\":\"https:\\\/\\\/grupohoymexico.com\\\/tlaxcala\\\/estatal\\\/tlaxcala-refuerza-prevencion-de-obesidad-con-programas-de-nutricion-y-ejercicio\\\/\"},\"author\":{\"name\":\"Redacci\u00f3n Grupo Hoy\",\"@id\":\"https:\\\/\\\/grupohoymexico.com\\\/tlaxcala\\\/#\\\/schema\\\/person\\\/bc870cc34e948548ddb62cf78ef8474b\"},\"headline\":\"Tlaxcala refuerza prevenci\u00f3n de obesidad con programas de nutrici\u00f3n y ejercicio\",\"datePublished\":\"2026-03-06T14:59:59+00:00\",\"mainEntityOfPage\":{\"@id\":\"https:\\\/\\\/grupohoymexico.com\\\/tlaxcala\\\/estatal\\\/tlaxcala-refuerza-prevencion-de-obesidad-con-programas-de-nutricion-y-ejercicio\\\/\"},\"wordCount\":759,\"commentCount\":0,\"image\":{\"@id\":\"https:\\\/\\\/grupohoymexico.com\\\/tlaxcala\\\/estatal\\\/tlaxcala-refuerza-prevencion-de-obesidad-con-programas-de-nutricion-y-ejercicio\\\/#primaryimage\"},\"thumbnailUrl\":\"https:\\\/\\\/grupohoymexico.com\\\/tlaxcala\\\/wp-content\\\/uploads\\\/sites\\\/4\\\/2026\\\/03\\\/Prevencion-obesidad-Tlaxcala.jpg\",\"keywords\":[\"Ejercicio\",\"Infancia\",\"Obesidad\",\"salud\",\"Tlaxcala\"],\"articleSection\":[\"Estatal\"],\"inLanguage\":\"es\",\"potentialAction\":[{\"@type\":\"CommentAction\",\"name\":\"Comment\",\"target\":[\"https:\\\/\\\/grupohoymexico.com\\\/tlaxcala\\\/estatal\\\/tlaxcala-refuerza-prevencion-de-obesidad-con-programas-de-nutricion-y-ejercicio\\\/#respond\"]}]},{\"@type\":\"WebPage\",\"@id\":\"https:\\\/\\\/grupohoymexico.com\\\/tlaxcala\\\/estatal\\\/tlaxcala-refuerza-prevencion-de-obesidad-con-programas-de-nutricion-y-ejercicio\\\/\",\"url\":\"https:\\\/\\\/grupohoymexico.com\\\/tlaxcala\\\/estatal\\\/tlaxcala-refuerza-prevencion-de-obesidad-con-programas-de-nutricion-y-ejercicio\\\/\",\"name\":\"Prevenci\u00f3n de obesidad en Tlaxcala: programas del gobierno estatal\",\"isPartOf\":{\"@id\":\"https:\\\/\\\/grupohoymexico.com\\\/tlaxcala\\\/#website\"},\"primaryImageOfPage\":{\"@id\":\"https:\\\/\\\/grupohoymexico.com\\\/tlaxcala\\\/estatal\\\/tlaxcala-refuerza-prevencion-de-obesidad-con-programas-de-nutricion-y-ejercicio\\\/#primaryimage\"},\"image\":{\"@id\":\"https:\\\/\\\/grupohoymexico.com\\\/tlaxcala\\\/estatal\\\/tlaxcala-refuerza-prevencion-de-obesidad-con-programas-de-nutricion-y-ejercicio\\\/#primaryimage\"},\"thumbnailUrl\":\"https:\\\/\\\/grupohoymexico.com\\\/tlaxcala\\\/wp-content\\\/uploads\\\/sites\\\/4\\\/2026\\\/03\\\/Prevencion-obesidad-Tlaxcala.jpg\",\"datePublished\":\"2026-03-06T14:59:59+00:00\",\"author\":{\"@id\":\"https:\\\/\\\/grupohoymexico.com\\\/tlaxcala\\\/#\\\/schema\\\/person\\\/bc870cc34e948548ddb62cf78ef8474b\"},\"description\":\"La Secretar\u00eda de Salud de Tlaxcala implementa programas y campa\u00f1as para la prevenci\u00f3n de la obesidad con h\u00e1bitos saludables y actividad f\u00edsica\",\"breadcrumb\":{\"@id\":\"https:\\\/\\\/grupohoymexico.com\\\/tlaxcala\\\/estatal\\\/tlaxcala-refuerza-prevencion-de-obesidad-con-programas-de-nutricion-y-ejercicio\\\/#breadcrumb\"},\"inLanguage\":\"es\",\"potentialAction\":[{\"@type\":\"ReadAction\",\"target\":[\"https:\\\/\\\/grupohoymexico.com\\\/tlaxcala\\\/estatal\\\/tlaxcala-refuerza-prevencion-de-obesidad-con-programas-de-nutricion-y-ejercicio\\\/\"]}]},{\"@type\":\"ImageObject\",\"inLanguage\":\"es\",\"@id\":\"https:\\\/\\\/grupohoymexico.com\\\/tlaxcala\\\/estatal\\\/tlaxcala-refuerza-prevencion-de-obesidad-con-programas-de-nutricion-y-ejercicio\\\/#primaryimage\",\"url\":\"https:\\\/\\\/grupohoymexico.com\\\/tlaxcala\\\/wp-content\\\/uploads\\\/sites\\\/4\\\/2026\\\/03\\\/Prevencion-obesidad-Tlaxcala.jpg\",\"contentUrl\":\"https:\\\/\\\/grupohoymexico.com\\\/tlaxcala\\\/wp-content\\\/uploads\\\/sites\\\/4\\\/2026\\\/03\\\/Prevencion-obesidad-Tlaxcala.jpg\",\"width\":1200,\"height\":625,\"caption\":\"Foto: Freepik\"},{\"@type\":\"BreadcrumbList\",\"@id\":\"https:\\\/\\\/grupohoymexico.com\\\/tlaxcala\\\/estatal\\\/tlaxcala-refuerza-prevencion-de-obesidad-con-programas-de-nutricion-y-ejercicio\\\/#breadcrumb\",\"itemListElement\":[{\"@type\":\"ListItem\",\"position\":1,\"name\":\"Inicio\",\"item\":\"https:\\\/\\\/grupohoymexico.com\\\/tlaxcala\\\/\"},{\"@type\":\"ListItem\",\"position\":2,\"name\":\"Tlaxcala refuerza prevenci\u00f3n de obesidad con programas de nutrici\u00f3n y ejercicio\"}]},{\"@type\":\"WebSite\",\"@id\":\"https:\\\/\\\/grupohoymexico.com\\\/tlaxcala\\\/#website\",\"url\":\"https:\\\/\\\/grupohoymexico.com\\\/tlaxcala\\\/\",\"name\":\"Tlaxcala Hoy\",\"description\":\"El alma de la naci\u00f3n\",\"potentialAction\":[{\"@type\":\"SearchAction\",\"target\":{\"@type\":\"EntryPoint\",\"urlTemplate\":\"https:\\\/\\\/grupohoymexico.com\\\/tlaxcala\\\/?s={search_term_string}\"},\"query-input\":{\"@type\":\"PropertyValueSpecification\",\"valueRequired\":true,\"valueName\":\"search_term_string\"}}],\"inLanguage\":\"es\"},{\"@type\":\"Person\",\"@id\":\"https:\\\/\\\/grupohoymexico.com\\\/tlaxcala\\\/#\\\/schema\\\/person\\\/bc870cc34e948548ddb62cf78ef8474b\",\"name\":\"Redacci\u00f3n Grupo Hoy\",\"image\":{\"@type\":\"ImageObject\",\"inLanguage\":\"es\",\"@id\":\"https:\\\/\\\/secure.gravatar.com\\\/avatar\\\/e8a44ae8f1b7592837f8c496178e70e065758a27945df208805f8cf6fdd56893?s=96&d=mm&r=g\",\"url\":\"https:\\\/\\\/secure.gravatar.com\\\/avatar\\\/e8a44ae8f1b7592837f8c496178e70e065758a27945df208805f8cf6fdd56893?s=96&d=mm&r=g\",\"contentUrl\":\"https:\\\/\\\/secure.gravatar.com\\\/avatar\\\/e8a44ae8f1b7592837f8c496178e70e065758a27945df208805f8cf6fdd56893?s=96&d=mm&r=g\",\"caption\":\"Redacci\u00f3n Grupo Hoy\"},\"url\":\"https:\\\/\\\/grupohoymexico.com\\\/tlaxcala\\\/author\\\/redaccion\\\/\"}]}<\/script>\n<!-- \/ Yoast SEO Premium plugin. -->","yoast_head_json":{"title":"Prevenci\u00f3n de obesidad en Tlaxcala: programas del gobierno estatal","description":"La Secretar\u00eda de Salud de Tlaxcala implementa programas y campa\u00f1as para la prevenci\u00f3n de la obesidad con h\u00e1bitos saludables y actividad f\u00edsica","robots":{"index":"index","follow":"follow","max-snippet":"max-snippet:-1","max-image-preview":"max-image-preview:large","max-video-preview":"max-video-preview:-1"},"canonical":"https:\/\/grupohoymexico.com\/tlaxcala\/estatal\/tlaxcala-refuerza-prevencion-de-obesidad-con-programas-de-nutricion-y-ejercicio\/","og_locale":"es_MX","og_type":"article","og_title":"Tlaxcala refuerza prevenci\u00f3n de obesidad con programas de nutrici\u00f3n y ejercicio","og_description":"La Secretar\u00eda de Salud de Tlaxcala implementa programas y campa\u00f1as para la prevenci\u00f3n de la obesidad con h\u00e1bitos saludables y actividad f\u00edsica","og_url":"https:\/\/grupohoymexico.com\/tlaxcala\/estatal\/tlaxcala-refuerza-prevencion-de-obesidad-con-programas-de-nutricion-y-ejercicio\/","og_site_name":"Tlaxcala Hoy","article_published_time":"2026-03-06T14:59:59+00:00","og_image":[{"width":1200,"height":625,"url":"https:\/\/grupohoymexico.com\/tlaxcala\/wp-content\/uploads\/sites\/4\/2026\/03\/Prevencion-obesidad-Tlaxcala.jpg","type":"image\/jpeg"}],"author":"Redacci\u00f3n Grupo Hoy","twitter_card":"summary_large_image","twitter_misc":{"Escrito por":"Redacci\u00f3n Grupo Hoy","Tiempo de lectura":"4 minutos"},"schema":{"@context":"https:\/\/schema.org","@graph":[{"@type":"Article","@id":"https:\/\/grupohoymexico.com\/tlaxcala\/estatal\/tlaxcala-refuerza-prevencion-de-obesidad-con-programas-de-nutricion-y-ejercicio\/#article","isPartOf":{"@id":"https:\/\/grupohoymexico.com\/tlaxcala\/estatal\/tlaxcala-refuerza-prevencion-de-obesidad-con-programas-de-nutricion-y-ejercicio\/"},"author":{"name":"Redacci\u00f3n Grupo Hoy","@id":"https:\/\/grupohoymexico.com\/tlaxcala\/#\/schema\/person\/bc870cc34e948548ddb62cf78ef8474b"},"headline":"Tlaxcala refuerza prevenci\u00f3n de obesidad con programas de nutrici\u00f3n y ejercicio","datePublished":"2026-03-06T14:59:59+00:00","mainEntityOfPage":{"@id":"https:\/\/grupohoymexico.com\/tlaxcala\/estatal\/tlaxcala-refuerza-prevencion-de-obesidad-con-programas-de-nutricion-y-ejercicio\/"},"wordCount":759,"commentCount":0,"image":{"@id":"https:\/\/grupohoymexico.com\/tlaxcala\/estatal\/tlaxcala-refuerza-prevencion-de-obesidad-con-programas-de-nutricion-y-ejercicio\/#primaryimage"},"thumbnailUrl":"https:\/\/grupohoymexico.com\/tlaxcala\/wp-content\/uploads\/sites\/4\/2026\/03\/Prevencion-obesidad-Tlaxcala.jpg","keywords":["Ejercicio","Infancia","Obesidad","salud","Tlaxcala"],"articleSection":["Estatal"],"inLanguage":"es","potentialAction":[{"@type":"CommentAction","name":"Comment","target":["https:\/\/grupohoymexico.com\/tlaxcala\/estatal\/tlaxcala-refuerza-prevencion-de-obesidad-con-programas-de-nutricion-y-ejercicio\/#respond"]}]},{"@type":"WebPage","@id":"https:\/\/grupohoymexico.com\/tlaxcala\/estatal\/tlaxcala-refuerza-prevencion-de-obesidad-con-programas-de-nutricion-y-ejercicio\/","url":"https:\/\/grupohoymexico.com\/tlaxcala\/estatal\/tlaxcala-refuerza-prevencion-de-obesidad-con-programas-de-nutricion-y-ejercicio\/","name":"Prevenci\u00f3n de obesidad en Tlaxcala: programas del gobierno estatal","isPartOf":{"@id":"https:\/\/grupohoymexico.com\/tlaxcala\/#website"},"primaryImageOfPage":{"@id":"https:\/\/grupohoymexico.com\/tlaxcala\/estatal\/tlaxcala-refuerza-prevencion-de-obesidad-con-programas-de-nutricion-y-ejercicio\/#primaryimage"},"image":{"@id":"https:\/\/grupohoymexico.com\/tlaxcala\/estatal\/tlaxcala-refuerza-prevencion-de-obesidad-con-programas-de-nutricion-y-ejercicio\/#primaryimage"},"thumbnailUrl":"https:\/\/grupohoymexico.com\/tlaxcala\/wp-content\/uploads\/sites\/4\/2026\/03\/Prevencion-obesidad-Tlaxcala.jpg","datePublished":"2026-03-06T14:59:59+00:00","author":{"@id":"https:\/\/grupohoymexico.com\/tlaxcala\/#\/schema\/person\/bc870cc34e948548ddb62cf78ef8474b"},"description":"La Secretar\u00eda de Salud de Tlaxcala implementa programas y campa\u00f1as para la prevenci\u00f3n de la obesidad con h\u00e1bitos saludables y actividad f\u00edsica","breadcrumb":{"@id":"https:\/\/grupohoymexico.com\/tlaxcala\/estatal\/tlaxcala-refuerza-prevencion-de-obesidad-con-programas-de-nutricion-y-ejercicio\/#breadcrumb"},"inLanguage":"es","potentialAction":[{"@type":"ReadAction","target":["https:\/\/grupohoymexico.com\/tlaxcala\/estatal\/tlaxcala-refuerza-prevencion-de-obesidad-con-programas-de-nutricion-y-ejercicio\/"]}]},{"@type":"ImageObject","inLanguage":"es","@id":"https:\/\/grupohoymexico.com\/tlaxcala\/estatal\/tlaxcala-refuerza-prevencion-de-obesidad-con-programas-de-nutricion-y-ejercicio\/#primaryimage","url":"https:\/\/grupohoymexico.com\/tlaxcala\/wp-content\/uploads\/sites\/4\/2026\/03\/Prevencion-obesidad-Tlaxcala.jpg","contentUrl":"https:\/\/grupohoymexico.com\/tlaxcala\/wp-content\/uploads\/sites\/4\/2026\/03\/Prevencion-obesidad-Tlaxcala.jpg","width":1200,"height":625,"caption":"Foto: Freepik"},{"@type":"BreadcrumbList","@id":"https:\/\/grupohoymexico.com\/tlaxcala\/estatal\/tlaxcala-refuerza-prevencion-de-obesidad-con-programas-de-nutricion-y-ejercicio\/#breadcrumb","itemListElement":[{"@type":"ListItem","position":1,"name":"Inicio","item":"https:\/\/grupohoymexico.com\/tlaxcala\/"},{"@type":"ListItem","position":2,"name":"Tlaxcala refuerza prevenci\u00f3n de obesidad con programas de nutrici\u00f3n y ejercicio"}]},{"@type":"WebSite","@id":"https:\/\/grupohoymexico.com\/tlaxcala\/#website","url":"https:\/\/grupohoymexico.com\/tlaxcala\/","name":"Tlaxcala Hoy","description":"El alma de la naci\u00f3n","potentialAction":[{"@type":"SearchAction","target":{"@type":"EntryPoint","urlTemplate":"https:\/\/grupohoymexico.com\/tlaxcala\/?s={search_term_string}"},"query-input":{"@type":"PropertyValueSpecification","valueRequired":true,"valueName":"search_term_string"}}],"inLanguage":"es"},{"@type":"Person","@id":"https:\/\/grupohoymexico.com\/tlaxcala\/#\/schema\/person\/bc870cc34e948548ddb62cf78ef8474b","name":"Redacci\u00f3n Grupo Hoy","image":{"@type":"ImageObject","inLanguage":"es","@id":"https:\/\/secure.gravatar.com\/avatar\/e8a44ae8f1b7592837f8c496178e70e065758a27945df208805f8cf6fdd56893?s=96&d=mm&r=g","url":"https:\/\/secure.gravatar.com\/avatar\/e8a44ae8f1b7592837f8c496178e70e065758a27945df208805f8cf6fdd56893?s=96&d=mm&r=g","contentUrl":"https:\/\/secure.gravatar.com\/avatar\/e8a44ae8f1b7592837f8c496178e70e065758a27945df208805f8cf6fdd56893?s=96&d=mm&r=g","caption":"Redacci\u00f3n Grupo Hoy"},"url":"https:\/\/grupohoymexico.com\/tlaxcala\/author\/redaccion\/"}]}},"_links":{"self":[{"href":"https:\/\/grupohoymexico.com\/tlaxcala\/wp-json\/wp\/v2\/posts\/5847","targetHints":{"allow":["GET"]}}],"collection":[{"href":"https:\/\/grupohoymexico.com\/tlaxcala\/wp-json\/wp\/v2\/posts"}],"about":[{"href":"https:\/\/grupohoymexico.com\/tlaxcala\/wp-json\/wp\/v2\/types\/post"}],"author":[{"embeddable":true,"href":"https:\/\/grupohoymexico.com\/tlaxcala\/wp-json\/wp\/v2\/users\/34"}],"replies":[{"embeddable":true,"href":"https:\/\/grupohoymexico.com\/tlaxcala\/wp-json\/wp\/v2\/comments?post=5847"}],"version-history":[{"count":2,"href":"https:\/\/grupohoymexico.com\/tlaxcala\/wp-json\/wp\/v2\/posts\/5847\/revisions"}],"predecessor-version":[{"id":5852,"href":"https:\/\/grupohoymexico.com\/tlaxcala\/wp-json\/wp\/v2\/posts\/5847\/revisions\/5852"}],"wp:featuredmedia":[{"embeddable":true,"href":"https:\/\/grupohoymexico.com\/tlaxcala\/wp-json\/wp\/v2\/media\/5851"}],"wp:attachment":[{"href":"https:\/\/grupohoymexico.com\/tlaxcala\/wp-json\/wp\/v2\/media?parent=5847"}],"wp:term":[{"taxonomy":"category","embeddable":true,"href":"https:\/\/grupohoymexico.com\/tlaxcala\/wp-json\/wp\/v2\/categories?post=5847"},{"taxonomy":"post_tag","embeddable":true,"href":"https:\/\/grupohoymexico.com\/tlaxcala\/wp-json\/wp\/v2\/tags?post=5847"}],"curies":[{"name":"wp","href":"https:\/\/api.w.org\/{rel}","templated":true}]}}