{"id":558,"date":"2024-11-11T17:47:53","date_gmt":"2024-11-11T17:47:53","guid":{"rendered":"https:\/\/34.194.157.148\/?p=558"},"modified":"2024-11-11T17:47:54","modified_gmt":"2024-11-11T17:47:54","slug":"protestas-en-paiporta-ciudadanos-acusan-abandono-tras-lluvias-torrenciales-en-valencia","status":"publish","type":"post","link":"https:\/\/grupohoymexico.com\/tlaxcala\/internacional\/protestas-en-paiporta-ciudadanos-acusan-abandono-tras-lluvias-torrenciales-en-valencia\/","title":{"rendered":"Protestas en Paiporta: Ciudadanos acusan abandono tras lluvias torrenciales en Valencia"},"content":{"rendered":"\n<p>Los vecinos de&nbsp;<strong>Paiporta<\/strong>, uno de los pueblos m\u00e1s afectados por las<strong>&nbsp;lluvias torrenciales en Valencia,<\/strong>&nbsp;recibieron a la comitiva oficial con gritos de<em><strong>&nbsp;&#8220;\u00a1asesinos!&#8221;<\/strong><\/em>&nbsp;y lanzando bolas de lodo. Este evento ocurri\u00f3 durante la visita del rey Felipe VI, la reina Letizia y los presidentes del Gobierno espa\u00f1ol y valenciano, Pedro S\u00e1nchez y Carlos Maz\u00f3n, respectivamente. La indignaci\u00f3n de los ciudadanos surge tras la falta de alertas antes de la depresi\u00f3n aislada en niveles altos (DANA), que ha dejado un saldo tr\u00e1gico de m\u00e1s de 216 fallecidos y cerca de 1,900 desaparecidos.<\/p>\n\n\n\n<p><br>Durante el recorrido, los ciudadanos expresaron su frustraci\u00f3n por la falta de apoyo gubernamental. A pesar de que la visita ten\u00eda como objetivo mostrar solidaridad con los damnificados, los insultos y el lanzamiento de objetos obligaron a suspender el evento. La polic\u00eda tuvo que intervenir para controlar a los manifestantes, quienes mostraban su enojo con palas y otros objetos.<\/p>\n\n\n\n<p><br><strong>La respuesta del Gobierno ante la crisis<\/strong><\/p>\n\n\n\n<p><br>La situaci\u00f3n se torn\u00f3 tensa cuando el presidente S\u00e1nchez fue sacado por su equipo de seguridad debido a los ataques verbales y f\u00edsicos. Los ciudadanos reclamaron que se sienten abandonados por sus representantes. Mientras tanto, Felipe VI intent\u00f3 dialogar con algunos residentes, quienes le expresaron su desesperaci\u00f3n por la falta de ayuda. Una mujer le dijo:&nbsp;<em>&#8220;T\u00fa tienes de todo, y nosotros nos hemos quedado sin nada&#8221;.<\/em><\/p>\n\n\n\n<p><br>El alcalde de&nbsp;<strong>Bonaire<\/strong>, Guillermo Luj\u00e1n, inform\u00f3 sobre el trabajo de buzos especializados en un estacionamiento inundado donde se teme que haya m\u00e1s v\u00edctimas. La rabia entre los habitantes crece ante la incapacidad de las autoridades para responder a esta tragedia, exacerbada por el cambio clim\u00e1tico. A pesar de las restricciones impuestas por el gobierno auton\u00f3mico ante nuevas tormentas, miles de voluntarios se han organizado para ayudar a los damnificados.<\/p>\n\n\n\n<p><br>El clima de frustraci\u00f3n se intensifica mientras las lluvias contin\u00faan afectando la regi\u00f3n. Las autoridades han sido criticadas por su respuesta tard\u00eda y la falta de medidas preventivas adecuadas. La comunidad espera una acci\u00f3n efectiva que no solo aborde la crisis actual, sino que tambi\u00e9n prevenga futuros desastres naturales.<\/p>\n","protected":false},"excerpt":{"rendered":"Los vecinos de&nbsp;Paiporta, uno de los pueblos m\u00e1s afectados por las&nbsp;lluvias torrenciales en Valencia,&nbsp;recibieron a la comitiva oficial&hellip;","protected":false},"author":34,"featured_media":559,"comment_status":"open","ping_status":"open","sticky":false,"template":"","format":"standard","meta":{"csco_display_header_overlay":false,"csco_singular_sidebar":"","csco_page_header_type":"","csco_page_load_nextpost":"","csco_post_video_location":[],"csco_post_video_location_hash":"","csco_post_video_url":"","csco_post_video_bg_start_time":0,"csco_post_video_bg_end_time":0,"footnotes":""},"categories":[176],"tags":[],"class_list":{"0":"post-558","1":"post","2":"type-post","3":"status-publish","4":"format-standard","5":"has-post-thumbnail","7":"category-internacional","8":"cs-entry","9":"cs-video-wrap"},"yoast_head":"<!-- This site is optimized with the Yoast SEO Premium plugin v24.7 (Yoast SEO v27.4) - https:\/\/yoast.com\/product\/yoast-seo-premium-wordpress\/ -->\n<title>Protestas en Paiporta: Ciudadanos acusan abandono tras lluvias torrenciales en Valencia - Tlaxcala Hoy<\/title>\n<meta name=\"robots\" content=\"index, follow, max-snippet:-1, max-image-preview:large, max-video-preview:-1\" \/>\n<link rel=\"canonical\" href=\"https:\/\/grupohoymexico.com\/tlaxcala\/internacional\/protestas-en-paiporta-ciudadanos-acusan-abandono-tras-lluvias-torrenciales-en-valencia\/\" \/>\n<meta property=\"og:locale\" content=\"es_MX\" \/>\n<meta property=\"og:type\" content=\"article\" \/>\n<meta property=\"og:title\" content=\"Protestas en Paiporta: Ciudadanos acusan abandono tras lluvias torrenciales en Valencia\" \/>\n<meta property=\"og:description\" content=\"Los vecinos de&nbsp;Paiporta, uno de los pueblos m\u00e1s afectados por las&nbsp;lluvias torrenciales en Valencia,&nbsp;recibieron a la comitiva oficial&hellip;\" \/>\n<meta property=\"og:url\" content=\"https:\/\/grupohoymexico.com\/tlaxcala\/internacional\/protestas-en-paiporta-ciudadanos-acusan-abandono-tras-lluvias-torrenciales-en-valencia\/\" \/>\n<meta property=\"og:site_name\" content=\"Tlaxcala Hoy\" \/>\n<meta property=\"article:published_time\" content=\"2024-11-11T17:47:53+00:00\" \/>\n<meta property=\"article:modified_time\" content=\"2024-11-11T17:47:54+00:00\" \/>\n<meta property=\"og:image\" content=\"https:\/\/grupohoymexico.com\/tlaxcala\/wp-content\/uploads\/sites\/4\/2024\/11\/post-2024-11-04-16-50-36-cc9a8aa0-1c00-44fc-b52f-d56ae5be1eb7.jpg\" \/>\n\t<meta property=\"og:image:width\" content=\"1200\" \/>\n\t<meta property=\"og:image:height\" content=\"628\" \/>\n\t<meta property=\"og:image:type\" content=\"image\/jpeg\" \/>\n<meta name=\"author\" content=\"Redacci\u00f3n Grupo Hoy\" \/>\n<meta name=\"twitter:card\" content=\"summary_large_image\" \/>\n<meta name=\"twitter:label1\" content=\"Escrito por\" \/>\n\t<meta name=\"twitter:data1\" content=\"Redacci\u00f3n Grupo Hoy\" \/>\n\t<meta name=\"twitter:label2\" content=\"Tiempo de lectura\" \/>\n\t<meta name=\"twitter:data2\" content=\"1 minuto\" \/>\n<script type=\"application\/ld+json\" class=\"yoast-schema-graph\">{\"@context\":\"https:\\\/\\\/schema.org\",\"@graph\":[{\"@type\":\"Article\",\"@id\":\"https:\\\/\\\/grupohoymexico.com\\\/tlaxcala\\\/internacional\\\/protestas-en-paiporta-ciudadanos-acusan-abandono-tras-lluvias-torrenciales-en-valencia\\\/#article\",\"isPartOf\":{\"@id\":\"https:\\\/\\\/grupohoymexico.com\\\/tlaxcala\\\/internacional\\\/protestas-en-paiporta-ciudadanos-acusan-abandono-tras-lluvias-torrenciales-en-valencia\\\/\"},\"author\":{\"name\":\"Redacci\u00f3n Grupo Hoy\",\"@id\":\"https:\\\/\\\/grupohoymexico.com\\\/tlaxcala\\\/#\\\/schema\\\/person\\\/bc870cc34e948548ddb62cf78ef8474b\"},\"headline\":\"Protestas en Paiporta: Ciudadanos acusan abandono tras lluvias torrenciales en Valencia\",\"datePublished\":\"2024-11-11T17:47:53+00:00\",\"dateModified\":\"2024-11-11T17:47:54+00:00\",\"mainEntityOfPage\":{\"@id\":\"https:\\\/\\\/grupohoymexico.com\\\/tlaxcala\\\/internacional\\\/protestas-en-paiporta-ciudadanos-acusan-abandono-tras-lluvias-torrenciales-en-valencia\\\/\"},\"wordCount\":387,\"commentCount\":0,\"image\":{\"@id\":\"https:\\\/\\\/grupohoymexico.com\\\/tlaxcala\\\/internacional\\\/protestas-en-paiporta-ciudadanos-acusan-abandono-tras-lluvias-torrenciales-en-valencia\\\/#primaryimage\"},\"thumbnailUrl\":\"https:\\\/\\\/grupohoymexico.com\\\/tlaxcala\\\/wp-content\\\/uploads\\\/sites\\\/4\\\/2024\\\/11\\\/post-2024-11-04-16-50-36-cc9a8aa0-1c00-44fc-b52f-d56ae5be1eb7.jpg\",\"articleSection\":[\"Internacional\"],\"inLanguage\":\"es\",\"potentialAction\":[{\"@type\":\"CommentAction\",\"name\":\"Comment\",\"target\":[\"https:\\\/\\\/grupohoymexico.com\\\/tlaxcala\\\/internacional\\\/protestas-en-paiporta-ciudadanos-acusan-abandono-tras-lluvias-torrenciales-en-valencia\\\/#respond\"]}]},{\"@type\":\"WebPage\",\"@id\":\"https:\\\/\\\/grupohoymexico.com\\\/tlaxcala\\\/internacional\\\/protestas-en-paiporta-ciudadanos-acusan-abandono-tras-lluvias-torrenciales-en-valencia\\\/\",\"url\":\"https:\\\/\\\/grupohoymexico.com\\\/tlaxcala\\\/internacional\\\/protestas-en-paiporta-ciudadanos-acusan-abandono-tras-lluvias-torrenciales-en-valencia\\\/\",\"name\":\"Protestas en Paiporta: Ciudadanos acusan abandono tras lluvias torrenciales en Valencia - Tlaxcala Hoy\",\"isPartOf\":{\"@id\":\"https:\\\/\\\/grupohoymexico.com\\\/tlaxcala\\\/#website\"},\"primaryImageOfPage\":{\"@id\":\"https:\\\/\\\/grupohoymexico.com\\\/tlaxcala\\\/internacional\\\/protestas-en-paiporta-ciudadanos-acusan-abandono-tras-lluvias-torrenciales-en-valencia\\\/#primaryimage\"},\"image\":{\"@id\":\"https:\\\/\\\/grupohoymexico.com\\\/tlaxcala\\\/internacional\\\/protestas-en-paiporta-ciudadanos-acusan-abandono-tras-lluvias-torrenciales-en-valencia\\\/#primaryimage\"},\"thumbnailUrl\":\"https:\\\/\\\/grupohoymexico.com\\\/tlaxcala\\\/wp-content\\\/uploads\\\/sites\\\/4\\\/2024\\\/11\\\/post-2024-11-04-16-50-36-cc9a8aa0-1c00-44fc-b52f-d56ae5be1eb7.jpg\",\"datePublished\":\"2024-11-11T17:47:53+00:00\",\"dateModified\":\"2024-11-11T17:47:54+00:00\",\"author\":{\"@id\":\"https:\\\/\\\/grupohoymexico.com\\\/tlaxcala\\\/#\\\/schema\\\/person\\\/bc870cc34e948548ddb62cf78ef8474b\"},\"breadcrumb\":{\"@id\":\"https:\\\/\\\/grupohoymexico.com\\\/tlaxcala\\\/internacional\\\/protestas-en-paiporta-ciudadanos-acusan-abandono-tras-lluvias-torrenciales-en-valencia\\\/#breadcrumb\"},\"inLanguage\":\"es\",\"potentialAction\":[{\"@type\":\"ReadAction\",\"target\":[\"https:\\\/\\\/grupohoymexico.com\\\/tlaxcala\\\/internacional\\\/protestas-en-paiporta-ciudadanos-acusan-abandono-tras-lluvias-torrenciales-en-valencia\\\/\"]}]},{\"@type\":\"ImageObject\",\"inLanguage\":\"es\",\"@id\":\"https:\\\/\\\/grupohoymexico.com\\\/tlaxcala\\\/internacional\\\/protestas-en-paiporta-ciudadanos-acusan-abandono-tras-lluvias-torrenciales-en-valencia\\\/#primaryimage\",\"url\":\"https:\\\/\\\/grupohoymexico.com\\\/tlaxcala\\\/wp-content\\\/uploads\\\/sites\\\/4\\\/2024\\\/11\\\/post-2024-11-04-16-50-36-cc9a8aa0-1c00-44fc-b52f-d56ae5be1eb7.jpg\",\"contentUrl\":\"https:\\\/\\\/grupohoymexico.com\\\/tlaxcala\\\/wp-content\\\/uploads\\\/sites\\\/4\\\/2024\\\/11\\\/post-2024-11-04-16-50-36-cc9a8aa0-1c00-44fc-b52f-d56ae5be1eb7.jpg\",\"width\":1200,\"height\":628},{\"@type\":\"BreadcrumbList\",\"@id\":\"https:\\\/\\\/grupohoymexico.com\\\/tlaxcala\\\/internacional\\\/protestas-en-paiporta-ciudadanos-acusan-abandono-tras-lluvias-torrenciales-en-valencia\\\/#breadcrumb\",\"itemListElement\":[{\"@type\":\"ListItem\",\"position\":1,\"name\":\"Inicio\",\"item\":\"https:\\\/\\\/grupohoymexico.com\\\/tlaxcala\\\/\"},{\"@type\":\"ListItem\",\"position\":2,\"name\":\"Protestas en Paiporta: Ciudadanos acusan abandono tras lluvias torrenciales en Valencia\"}]},{\"@type\":\"WebSite\",\"@id\":\"https:\\\/\\\/grupohoymexico.com\\\/tlaxcala\\\/#website\",\"url\":\"https:\\\/\\\/grupohoymexico.com\\\/tlaxcala\\\/\",\"name\":\"Tlaxcala Hoy\",\"description\":\"El alma de la naci\u00f3n\",\"potentialAction\":[{\"@type\":\"SearchAction\",\"target\":{\"@type\":\"EntryPoint\",\"urlTemplate\":\"https:\\\/\\\/grupohoymexico.com\\\/tlaxcala\\\/?s={search_term_string}\"},\"query-input\":{\"@type\":\"PropertyValueSpecification\",\"valueRequired\":true,\"valueName\":\"search_term_string\"}}],\"inLanguage\":\"es\"},{\"@type\":\"Person\",\"@id\":\"https:\\\/\\\/grupohoymexico.com\\\/tlaxcala\\\/#\\\/schema\\\/person\\\/bc870cc34e948548ddb62cf78ef8474b\",\"name\":\"Redacci\u00f3n Grupo Hoy\",\"image\":{\"@type\":\"ImageObject\",\"inLanguage\":\"es\",\"@id\":\"https:\\\/\\\/secure.gravatar.com\\\/avatar\\\/e8a44ae8f1b7592837f8c496178e70e065758a27945df208805f8cf6fdd56893?s=96&d=mm&r=g\",\"url\":\"https:\\\/\\\/secure.gravatar.com\\\/avatar\\\/e8a44ae8f1b7592837f8c496178e70e065758a27945df208805f8cf6fdd56893?s=96&d=mm&r=g\",\"contentUrl\":\"https:\\\/\\\/secure.gravatar.com\\\/avatar\\\/e8a44ae8f1b7592837f8c496178e70e065758a27945df208805f8cf6fdd56893?s=96&d=mm&r=g\",\"caption\":\"Redacci\u00f3n Grupo Hoy\"},\"url\":\"https:\\\/\\\/grupohoymexico.com\\\/tlaxcala\\\/author\\\/redaccion\\\/\"}]}<\/script>\n<!-- \/ Yoast SEO Premium plugin. -->","yoast_head_json":{"title":"Protestas en Paiporta: Ciudadanos acusan abandono tras lluvias torrenciales en Valencia - Tlaxcala Hoy","robots":{"index":"index","follow":"follow","max-snippet":"max-snippet:-1","max-image-preview":"max-image-preview:large","max-video-preview":"max-video-preview:-1"},"canonical":"https:\/\/grupohoymexico.com\/tlaxcala\/internacional\/protestas-en-paiporta-ciudadanos-acusan-abandono-tras-lluvias-torrenciales-en-valencia\/","og_locale":"es_MX","og_type":"article","og_title":"Protestas en Paiporta: Ciudadanos acusan abandono tras lluvias torrenciales en Valencia","og_description":"Los vecinos de&nbsp;Paiporta, uno de los pueblos m\u00e1s afectados por las&nbsp;lluvias torrenciales en Valencia,&nbsp;recibieron a la comitiva oficial&hellip;","og_url":"https:\/\/grupohoymexico.com\/tlaxcala\/internacional\/protestas-en-paiporta-ciudadanos-acusan-abandono-tras-lluvias-torrenciales-en-valencia\/","og_site_name":"Tlaxcala Hoy","article_published_time":"2024-11-11T17:47:53+00:00","article_modified_time":"2024-11-11T17:47:54+00:00","og_image":[{"width":1200,"height":628,"url":"https:\/\/grupohoymexico.com\/tlaxcala\/wp-content\/uploads\/sites\/4\/2024\/11\/post-2024-11-04-16-50-36-cc9a8aa0-1c00-44fc-b52f-d56ae5be1eb7.jpg","type":"image\/jpeg"}],"author":"Redacci\u00f3n Grupo Hoy","twitter_card":"summary_large_image","twitter_misc":{"Escrito por":"Redacci\u00f3n Grupo Hoy","Tiempo de lectura":"1 minuto"},"schema":{"@context":"https:\/\/schema.org","@graph":[{"@type":"Article","@id":"https:\/\/grupohoymexico.com\/tlaxcala\/internacional\/protestas-en-paiporta-ciudadanos-acusan-abandono-tras-lluvias-torrenciales-en-valencia\/#article","isPartOf":{"@id":"https:\/\/grupohoymexico.com\/tlaxcala\/internacional\/protestas-en-paiporta-ciudadanos-acusan-abandono-tras-lluvias-torrenciales-en-valencia\/"},"author":{"name":"Redacci\u00f3n Grupo Hoy","@id":"https:\/\/grupohoymexico.com\/tlaxcala\/#\/schema\/person\/bc870cc34e948548ddb62cf78ef8474b"},"headline":"Protestas en Paiporta: Ciudadanos acusan abandono tras lluvias torrenciales en Valencia","datePublished":"2024-11-11T17:47:53+00:00","dateModified":"2024-11-11T17:47:54+00:00","mainEntityOfPage":{"@id":"https:\/\/grupohoymexico.com\/tlaxcala\/internacional\/protestas-en-paiporta-ciudadanos-acusan-abandono-tras-lluvias-torrenciales-en-valencia\/"},"wordCount":387,"commentCount":0,"image":{"@id":"https:\/\/grupohoymexico.com\/tlaxcala\/internacional\/protestas-en-paiporta-ciudadanos-acusan-abandono-tras-lluvias-torrenciales-en-valencia\/#primaryimage"},"thumbnailUrl":"https:\/\/grupohoymexico.com\/tlaxcala\/wp-content\/uploads\/sites\/4\/2024\/11\/post-2024-11-04-16-50-36-cc9a8aa0-1c00-44fc-b52f-d56ae5be1eb7.jpg","articleSection":["Internacional"],"inLanguage":"es","potentialAction":[{"@type":"CommentAction","name":"Comment","target":["https:\/\/grupohoymexico.com\/tlaxcala\/internacional\/protestas-en-paiporta-ciudadanos-acusan-abandono-tras-lluvias-torrenciales-en-valencia\/#respond"]}]},{"@type":"WebPage","@id":"https:\/\/grupohoymexico.com\/tlaxcala\/internacional\/protestas-en-paiporta-ciudadanos-acusan-abandono-tras-lluvias-torrenciales-en-valencia\/","url":"https:\/\/grupohoymexico.com\/tlaxcala\/internacional\/protestas-en-paiporta-ciudadanos-acusan-abandono-tras-lluvias-torrenciales-en-valencia\/","name":"Protestas en Paiporta: Ciudadanos acusan abandono tras lluvias torrenciales en Valencia - Tlaxcala Hoy","isPartOf":{"@id":"https:\/\/grupohoymexico.com\/tlaxcala\/#website"},"primaryImageOfPage":{"@id":"https:\/\/grupohoymexico.com\/tlaxcala\/internacional\/protestas-en-paiporta-ciudadanos-acusan-abandono-tras-lluvias-torrenciales-en-valencia\/#primaryimage"},"image":{"@id":"https:\/\/grupohoymexico.com\/tlaxcala\/internacional\/protestas-en-paiporta-ciudadanos-acusan-abandono-tras-lluvias-torrenciales-en-valencia\/#primaryimage"},"thumbnailUrl":"https:\/\/grupohoymexico.com\/tlaxcala\/wp-content\/uploads\/sites\/4\/2024\/11\/post-2024-11-04-16-50-36-cc9a8aa0-1c00-44fc-b52f-d56ae5be1eb7.jpg","datePublished":"2024-11-11T17:47:53+00:00","dateModified":"2024-11-11T17:47:54+00:00","author":{"@id":"https:\/\/grupohoymexico.com\/tlaxcala\/#\/schema\/person\/bc870cc34e948548ddb62cf78ef8474b"},"breadcrumb":{"@id":"https:\/\/grupohoymexico.com\/tlaxcala\/internacional\/protestas-en-paiporta-ciudadanos-acusan-abandono-tras-lluvias-torrenciales-en-valencia\/#breadcrumb"},"inLanguage":"es","potentialAction":[{"@type":"ReadAction","target":["https:\/\/grupohoymexico.com\/tlaxcala\/internacional\/protestas-en-paiporta-ciudadanos-acusan-abandono-tras-lluvias-torrenciales-en-valencia\/"]}]},{"@type":"ImageObject","inLanguage":"es","@id":"https:\/\/grupohoymexico.com\/tlaxcala\/internacional\/protestas-en-paiporta-ciudadanos-acusan-abandono-tras-lluvias-torrenciales-en-valencia\/#primaryimage","url":"https:\/\/grupohoymexico.com\/tlaxcala\/wp-content\/uploads\/sites\/4\/2024\/11\/post-2024-11-04-16-50-36-cc9a8aa0-1c00-44fc-b52f-d56ae5be1eb7.jpg","contentUrl":"https:\/\/grupohoymexico.com\/tlaxcala\/wp-content\/uploads\/sites\/4\/2024\/11\/post-2024-11-04-16-50-36-cc9a8aa0-1c00-44fc-b52f-d56ae5be1eb7.jpg","width":1200,"height":628},{"@type":"BreadcrumbList","@id":"https:\/\/grupohoymexico.com\/tlaxcala\/internacional\/protestas-en-paiporta-ciudadanos-acusan-abandono-tras-lluvias-torrenciales-en-valencia\/#breadcrumb","itemListElement":[{"@type":"ListItem","position":1,"name":"Inicio","item":"https:\/\/grupohoymexico.com\/tlaxcala\/"},{"@type":"ListItem","position":2,"name":"Protestas en Paiporta: Ciudadanos acusan abandono tras lluvias torrenciales en Valencia"}]},{"@type":"WebSite","@id":"https:\/\/grupohoymexico.com\/tlaxcala\/#website","url":"https:\/\/grupohoymexico.com\/tlaxcala\/","name":"Tlaxcala Hoy","description":"El alma de la naci\u00f3n","potentialAction":[{"@type":"SearchAction","target":{"@type":"EntryPoint","urlTemplate":"https:\/\/grupohoymexico.com\/tlaxcala\/?s={search_term_string}"},"query-input":{"@type":"PropertyValueSpecification","valueRequired":true,"valueName":"search_term_string"}}],"inLanguage":"es"},{"@type":"Person","@id":"https:\/\/grupohoymexico.com\/tlaxcala\/#\/schema\/person\/bc870cc34e948548ddb62cf78ef8474b","name":"Redacci\u00f3n Grupo Hoy","image":{"@type":"ImageObject","inLanguage":"es","@id":"https:\/\/secure.gravatar.com\/avatar\/e8a44ae8f1b7592837f8c496178e70e065758a27945df208805f8cf6fdd56893?s=96&d=mm&r=g","url":"https:\/\/secure.gravatar.com\/avatar\/e8a44ae8f1b7592837f8c496178e70e065758a27945df208805f8cf6fdd56893?s=96&d=mm&r=g","contentUrl":"https:\/\/secure.gravatar.com\/avatar\/e8a44ae8f1b7592837f8c496178e70e065758a27945df208805f8cf6fdd56893?s=96&d=mm&r=g","caption":"Redacci\u00f3n Grupo Hoy"},"url":"https:\/\/grupohoymexico.com\/tlaxcala\/author\/redaccion\/"}]}},"_links":{"self":[{"href":"https:\/\/grupohoymexico.com\/tlaxcala\/wp-json\/wp\/v2\/posts\/558","targetHints":{"allow":["GET"]}}],"collection":[{"href":"https:\/\/grupohoymexico.com\/tlaxcala\/wp-json\/wp\/v2\/posts"}],"about":[{"href":"https:\/\/grupohoymexico.com\/tlaxcala\/wp-json\/wp\/v2\/types\/post"}],"author":[{"embeddable":true,"href":"https:\/\/grupohoymexico.com\/tlaxcala\/wp-json\/wp\/v2\/users\/34"}],"replies":[{"embeddable":true,"href":"https:\/\/grupohoymexico.com\/tlaxcala\/wp-json\/wp\/v2\/comments?post=558"}],"version-history":[{"count":1,"href":"https:\/\/grupohoymexico.com\/tlaxcala\/wp-json\/wp\/v2\/posts\/558\/revisions"}],"predecessor-version":[{"id":560,"href":"https:\/\/grupohoymexico.com\/tlaxcala\/wp-json\/wp\/v2\/posts\/558\/revisions\/560"}],"wp:featuredmedia":[{"embeddable":true,"href":"https:\/\/grupohoymexico.com\/tlaxcala\/wp-json\/wp\/v2\/media\/559"}],"wp:attachment":[{"href":"https:\/\/grupohoymexico.com\/tlaxcala\/wp-json\/wp\/v2\/media?parent=558"}],"wp:term":[{"taxonomy":"category","embeddable":true,"href":"https:\/\/grupohoymexico.com\/tlaxcala\/wp-json\/wp\/v2\/categories?post=558"},{"taxonomy":"post_tag","embeddable":true,"href":"https:\/\/grupohoymexico.com\/tlaxcala\/wp-json\/wp\/v2\/tags?post=558"}],"curies":[{"name":"wp","href":"https:\/\/api.w.org\/{rel}","templated":true}]}}