{"id":555,"date":"2024-11-11T17:47:22","date_gmt":"2024-11-11T17:47:22","guid":{"rendered":"https:\/\/34.194.157.148\/?p=555"},"modified":"2024-11-11T17:47:22","modified_gmt":"2024-11-11T17:47:22","slug":"que-es-una-dana-y-como-desencadeno-lluvias-mortales-en-el-sureste-de-espana","status":"publish","type":"post","link":"https:\/\/grupohoymexico.com\/tlaxcala\/internacional\/que-es-una-dana-y-como-desencadeno-lluvias-mortales-en-el-sureste-de-espana\/","title":{"rendered":"Qu\u00e9 es una DANA y c\u00f3mo desencaden\u00f3 lluvias mortales en el sureste de Espa\u00f1a"},"content":{"rendered":"\n<p>M\u00e1s de&nbsp;<strong>150 personas han perdido la vida<\/strong>&nbsp;y decenas permanecen desaparecidas tras las&nbsp;<strong>severas inundaciones<\/strong>&nbsp;que azotaron principalmente la regi\u00f3n de Valencia, en el&nbsp;<strong>este de Espa\u00f1a<\/strong>. En cuesti\u00f3n de horas, algunas \u00e1reas recibieron el equivalente a un&nbsp;<strong>a\u00f1o completo de lluvia<\/strong>, lo que desat\u00f3 riadas catastr\u00f3ficas que arrasaron localidades enteras y atraparon a miles de habitantes.<\/p>\n\n\n\n<p>Estas intensas precipitaciones, acompa\u00f1adas de&nbsp;<strong>vientos huracanados y tornados<\/strong>, se debieron a un fen\u00f3meno meteorol\u00f3gico denominado&nbsp;<strong>Depresi\u00f3n Aislada en Niveles Altos<\/strong>&nbsp;(DANA), que ha impactado una vasta regi\u00f3n en el sur y este del pa\u00eds.<\/p>\n\n\n\n<p><strong>\u00bfSon comunes estos fen\u00f3menos?<\/strong><\/p>\n\n\n\n<p>El t\u00e9rmino DANA se ha utilizado desde hace d\u00e9cadas por meteor\u00f3logos espa\u00f1oles para diferenciarlo de la m\u00e1s gen\u00e9rica &#8220;gota fr\u00eda&#8221;, que suele referirse a cualquier situaci\u00f3n de lluvias intensas, especialmente en la costa mediterr\u00e1nea durante el oto\u00f1o. Este fen\u00f3meno se produce cuando una&nbsp;<strong>masa de aire polar muy fr\u00edo<\/strong>&nbsp;se a\u00edsla y comienza a circular a grandes altitudes, generalmente entre&nbsp;<strong>5.000 y 9.000 metros<\/strong>, lejos de la influencia de la atm\u00f3sfera.<\/p>\n\n\n\n<p>Al entrar en contacto con el aire c\u00e1lido y h\u00famedo del mar Mediterr\u00e1neo, se generan tormentas potentes, especialmente a finales del verano y principios del oto\u00f1o, cuando las temperaturas del agua son m\u00e1s elevadas. El meteor\u00f3logo de la BBC,&nbsp;<strong>Matt Taylor<\/strong>, describe c\u00f3mo este proceso crea un ambiente intensamente inestable:<\/p>\n\n\n\n<blockquote class=\"wp-block-quote is-layout-flow wp-block-quote-is-layout-flow\">\n<p><em><strong>\u201cLas nubes de tormenta se elevan r\u00e1pidamente, impulsadas por los vientos que golpean terrenos elevados. Cuanto m\u00e1s altas son las nubes, m\u00e1s humedad acumulan\u201d.<\/strong><\/em><\/p>\n<\/blockquote>\n\n\n\n<p><strong>Temporal adverso<\/strong><\/p>\n\n\n\n<p>La&nbsp;<strong>Agencia Espa\u00f1ola de Meteorolog\u00eda (Aemet)<\/strong>&nbsp;ha catalogado el actual temporal como el&nbsp;<strong>\u201cm\u00e1s adverso del siglo en la Comunidad Valenciana\u201d<\/strong>. Seg\u00fan sus declaraciones, este evento se considera&nbsp;<strong>hist\u00f3rico<\/strong>, comparable a los grandes temporales mediterr\u00e1neos y entre los tres m\u00e1s intensos del \u00faltimo siglo en la regi\u00f3n.<\/p>\n\n\n\n<p>No todas las DANAs generan condiciones clim\u00e1ticas extremas, pero su potencial destructivo aumenta cuando interact\u00faan con las&nbsp;<strong>altas temperaturas<\/strong>&nbsp;tanto en tierra como en mar. Hist\u00f3ricamente, Espa\u00f1a ha sufrido DANAs devastadoras, como la de&nbsp;<strong>1973<\/strong>, que dej\u00f3 un saldo tr\u00e1gico en Almer\u00eda, Granada y Murcia.<\/p>\n\n\n\n<p><strong>Influencia del cambio clim\u00e1tico<\/strong><\/p>\n\n\n\n<p>Expertos han vinculado la creciente frecuencia de las DANAs y el aumento de las lluvias asociadas con el&nbsp;<strong>cambio clim\u00e1tico<\/strong>. El progresivo calentamiento del mar Mediterr\u00e1neo crea condiciones propicias para fen\u00f3menos m\u00e1s intensos. Matt Taylor destaca que, aunque eventos similares han ocurrido en el pasado, se est\u00e1n volviendo m\u00e1s comunes.<\/p>\n\n\n\n<p>Un estudio de la&nbsp;<strong>Sociedad Meteorol\u00f3gica Estadounidense<\/strong>&nbsp;del a\u00f1o pasado evidenci\u00f3 un aumento de las DANAs desde la d\u00e9cada de 1960 a nivel global, confirmando que estos eventos clim\u00e1ticos extremos est\u00e1n en ascenso.<\/p>\n\n\n\n<p>La situaci\u00f3n actual en Valencia refleja la urgencia de abordar el cambio clim\u00e1tico y sus efectos devastadores, subrayando la necesidad de una respuesta colectiva y efectiva ante estos desastres naturales.<\/p>\n","protected":false},"excerpt":{"rendered":"M\u00e1s de&nbsp;150 personas han perdido la vida&nbsp;y decenas permanecen desaparecidas tras las&nbsp;severas inundaciones&nbsp;que azotaron principalmente la regi\u00f3n de&hellip;","protected":false},"author":34,"featured_media":556,"comment_status":"open","ping_status":"open","sticky":false,"template":"","format":"standard","meta":{"csco_display_header_overlay":false,"csco_singular_sidebar":"","csco_page_header_type":"","csco_page_load_nextpost":"","csco_post_video_location":[],"csco_post_video_location_hash":"","csco_post_video_url":"","csco_post_video_bg_start_time":0,"csco_post_video_bg_end_time":0,"footnotes":""},"categories":[176],"tags":[],"class_list":{"0":"post-555","1":"post","2":"type-post","3":"status-publish","4":"format-standard","5":"has-post-thumbnail","7":"category-internacional","8":"cs-entry","9":"cs-video-wrap"},"yoast_head":"<!-- This site is optimized with the Yoast SEO Premium plugin v24.7 (Yoast SEO v27.4) - https:\/\/yoast.com\/product\/yoast-seo-premium-wordpress\/ -->\n<title>Qu\u00e9 es una DANA y c\u00f3mo desencaden\u00f3 lluvias mortales en el sureste de Espa\u00f1a - Tlaxcala Hoy<\/title>\n<meta name=\"robots\" content=\"index, follow, max-snippet:-1, max-image-preview:large, max-video-preview:-1\" \/>\n<link rel=\"canonical\" href=\"https:\/\/grupohoymexico.com\/tlaxcala\/internacional\/que-es-una-dana-y-como-desencadeno-lluvias-mortales-en-el-sureste-de-espana\/\" \/>\n<meta property=\"og:locale\" content=\"es_MX\" \/>\n<meta property=\"og:type\" content=\"article\" \/>\n<meta property=\"og:title\" content=\"Qu\u00e9 es una DANA y c\u00f3mo desencaden\u00f3 lluvias mortales en el sureste de Espa\u00f1a\" \/>\n<meta property=\"og:description\" content=\"M\u00e1s de&nbsp;150 personas han perdido la vida&nbsp;y decenas permanecen desaparecidas tras las&nbsp;severas inundaciones&nbsp;que azotaron principalmente la regi\u00f3n de&hellip;\" \/>\n<meta property=\"og:url\" content=\"https:\/\/grupohoymexico.com\/tlaxcala\/internacional\/que-es-una-dana-y-como-desencadeno-lluvias-mortales-en-el-sureste-de-espana\/\" \/>\n<meta property=\"og:site_name\" content=\"Tlaxcala Hoy\" \/>\n<meta property=\"article:published_time\" content=\"2024-11-11T17:47:22+00:00\" \/>\n<meta property=\"og:image\" content=\"https:\/\/grupohoymexico.com\/tlaxcala\/wp-content\/uploads\/sites\/4\/2024\/11\/post-2024-10-31-15-52-23-ec27ada1-982a-4d16-a99f-7571138de9dc.jpg\" \/>\n\t<meta property=\"og:image:width\" content=\"1201\" \/>\n\t<meta property=\"og:image:height\" content=\"629\" \/>\n\t<meta property=\"og:image:type\" content=\"image\/jpeg\" \/>\n<meta name=\"author\" content=\"Redacci\u00f3n Grupo Hoy\" \/>\n<meta name=\"twitter:card\" content=\"summary_large_image\" \/>\n<meta name=\"twitter:label1\" content=\"Escrito por\" \/>\n\t<meta name=\"twitter:data1\" content=\"Redacci\u00f3n Grupo Hoy\" \/>\n\t<meta name=\"twitter:label2\" content=\"Tiempo de lectura\" \/>\n\t<meta name=\"twitter:data2\" content=\"1 minuto\" \/>\n<script type=\"application\/ld+json\" class=\"yoast-schema-graph\">{\"@context\":\"https:\\\/\\\/schema.org\",\"@graph\":[{\"@type\":\"Article\",\"@id\":\"https:\\\/\\\/grupohoymexico.com\\\/tlaxcala\\\/internacional\\\/que-es-una-dana-y-como-desencadeno-lluvias-mortales-en-el-sureste-de-espana\\\/#article\",\"isPartOf\":{\"@id\":\"https:\\\/\\\/grupohoymexico.com\\\/tlaxcala\\\/internacional\\\/que-es-una-dana-y-como-desencadeno-lluvias-mortales-en-el-sureste-de-espana\\\/\"},\"author\":{\"name\":\"Redacci\u00f3n Grupo Hoy\",\"@id\":\"https:\\\/\\\/grupohoymexico.com\\\/tlaxcala\\\/#\\\/schema\\\/person\\\/bc870cc34e948548ddb62cf78ef8474b\"},\"headline\":\"Qu\u00e9 es una DANA y c\u00f3mo desencaden\u00f3 lluvias mortales en el sureste de Espa\u00f1a\",\"datePublished\":\"2024-11-11T17:47:22+00:00\",\"mainEntityOfPage\":{\"@id\":\"https:\\\/\\\/grupohoymexico.com\\\/tlaxcala\\\/internacional\\\/que-es-una-dana-y-como-desencadeno-lluvias-mortales-en-el-sureste-de-espana\\\/\"},\"wordCount\":552,\"commentCount\":0,\"image\":{\"@id\":\"https:\\\/\\\/grupohoymexico.com\\\/tlaxcala\\\/internacional\\\/que-es-una-dana-y-como-desencadeno-lluvias-mortales-en-el-sureste-de-espana\\\/#primaryimage\"},\"thumbnailUrl\":\"https:\\\/\\\/grupohoymexico.com\\\/tlaxcala\\\/wp-content\\\/uploads\\\/sites\\\/4\\\/2024\\\/11\\\/post-2024-10-31-15-52-23-ec27ada1-982a-4d16-a99f-7571138de9dc.jpg\",\"articleSection\":[\"Internacional\"],\"inLanguage\":\"es\",\"potentialAction\":[{\"@type\":\"CommentAction\",\"name\":\"Comment\",\"target\":[\"https:\\\/\\\/grupohoymexico.com\\\/tlaxcala\\\/internacional\\\/que-es-una-dana-y-como-desencadeno-lluvias-mortales-en-el-sureste-de-espana\\\/#respond\"]}]},{\"@type\":\"WebPage\",\"@id\":\"https:\\\/\\\/grupohoymexico.com\\\/tlaxcala\\\/internacional\\\/que-es-una-dana-y-como-desencadeno-lluvias-mortales-en-el-sureste-de-espana\\\/\",\"url\":\"https:\\\/\\\/grupohoymexico.com\\\/tlaxcala\\\/internacional\\\/que-es-una-dana-y-como-desencadeno-lluvias-mortales-en-el-sureste-de-espana\\\/\",\"name\":\"Qu\u00e9 es una DANA y c\u00f3mo desencaden\u00f3 lluvias mortales en el sureste de Espa\u00f1a - Tlaxcala Hoy\",\"isPartOf\":{\"@id\":\"https:\\\/\\\/grupohoymexico.com\\\/tlaxcala\\\/#website\"},\"primaryImageOfPage\":{\"@id\":\"https:\\\/\\\/grupohoymexico.com\\\/tlaxcala\\\/internacional\\\/que-es-una-dana-y-como-desencadeno-lluvias-mortales-en-el-sureste-de-espana\\\/#primaryimage\"},\"image\":{\"@id\":\"https:\\\/\\\/grupohoymexico.com\\\/tlaxcala\\\/internacional\\\/que-es-una-dana-y-como-desencadeno-lluvias-mortales-en-el-sureste-de-espana\\\/#primaryimage\"},\"thumbnailUrl\":\"https:\\\/\\\/grupohoymexico.com\\\/tlaxcala\\\/wp-content\\\/uploads\\\/sites\\\/4\\\/2024\\\/11\\\/post-2024-10-31-15-52-23-ec27ada1-982a-4d16-a99f-7571138de9dc.jpg\",\"datePublished\":\"2024-11-11T17:47:22+00:00\",\"author\":{\"@id\":\"https:\\\/\\\/grupohoymexico.com\\\/tlaxcala\\\/#\\\/schema\\\/person\\\/bc870cc34e948548ddb62cf78ef8474b\"},\"breadcrumb\":{\"@id\":\"https:\\\/\\\/grupohoymexico.com\\\/tlaxcala\\\/internacional\\\/que-es-una-dana-y-como-desencadeno-lluvias-mortales-en-el-sureste-de-espana\\\/#breadcrumb\"},\"inLanguage\":\"es\",\"potentialAction\":[{\"@type\":\"ReadAction\",\"target\":[\"https:\\\/\\\/grupohoymexico.com\\\/tlaxcala\\\/internacional\\\/que-es-una-dana-y-como-desencadeno-lluvias-mortales-en-el-sureste-de-espana\\\/\"]}]},{\"@type\":\"ImageObject\",\"inLanguage\":\"es\",\"@id\":\"https:\\\/\\\/grupohoymexico.com\\\/tlaxcala\\\/internacional\\\/que-es-una-dana-y-como-desencadeno-lluvias-mortales-en-el-sureste-de-espana\\\/#primaryimage\",\"url\":\"https:\\\/\\\/grupohoymexico.com\\\/tlaxcala\\\/wp-content\\\/uploads\\\/sites\\\/4\\\/2024\\\/11\\\/post-2024-10-31-15-52-23-ec27ada1-982a-4d16-a99f-7571138de9dc.jpg\",\"contentUrl\":\"https:\\\/\\\/grupohoymexico.com\\\/tlaxcala\\\/wp-content\\\/uploads\\\/sites\\\/4\\\/2024\\\/11\\\/post-2024-10-31-15-52-23-ec27ada1-982a-4d16-a99f-7571138de9dc.jpg\",\"width\":1201,\"height\":629},{\"@type\":\"BreadcrumbList\",\"@id\":\"https:\\\/\\\/grupohoymexico.com\\\/tlaxcala\\\/internacional\\\/que-es-una-dana-y-como-desencadeno-lluvias-mortales-en-el-sureste-de-espana\\\/#breadcrumb\",\"itemListElement\":[{\"@type\":\"ListItem\",\"position\":1,\"name\":\"Inicio\",\"item\":\"https:\\\/\\\/grupohoymexico.com\\\/tlaxcala\\\/\"},{\"@type\":\"ListItem\",\"position\":2,\"name\":\"Qu\u00e9 es una DANA y c\u00f3mo desencaden\u00f3 lluvias mortales en el sureste de Espa\u00f1a\"}]},{\"@type\":\"WebSite\",\"@id\":\"https:\\\/\\\/grupohoymexico.com\\\/tlaxcala\\\/#website\",\"url\":\"https:\\\/\\\/grupohoymexico.com\\\/tlaxcala\\\/\",\"name\":\"Tlaxcala Hoy\",\"description\":\"El alma de la naci\u00f3n\",\"potentialAction\":[{\"@type\":\"SearchAction\",\"target\":{\"@type\":\"EntryPoint\",\"urlTemplate\":\"https:\\\/\\\/grupohoymexico.com\\\/tlaxcala\\\/?s={search_term_string}\"},\"query-input\":{\"@type\":\"PropertyValueSpecification\",\"valueRequired\":true,\"valueName\":\"search_term_string\"}}],\"inLanguage\":\"es\"},{\"@type\":\"Person\",\"@id\":\"https:\\\/\\\/grupohoymexico.com\\\/tlaxcala\\\/#\\\/schema\\\/person\\\/bc870cc34e948548ddb62cf78ef8474b\",\"name\":\"Redacci\u00f3n Grupo Hoy\",\"image\":{\"@type\":\"ImageObject\",\"inLanguage\":\"es\",\"@id\":\"https:\\\/\\\/secure.gravatar.com\\\/avatar\\\/e8a44ae8f1b7592837f8c496178e70e065758a27945df208805f8cf6fdd56893?s=96&d=mm&r=g\",\"url\":\"https:\\\/\\\/secure.gravatar.com\\\/avatar\\\/e8a44ae8f1b7592837f8c496178e70e065758a27945df208805f8cf6fdd56893?s=96&d=mm&r=g\",\"contentUrl\":\"https:\\\/\\\/secure.gravatar.com\\\/avatar\\\/e8a44ae8f1b7592837f8c496178e70e065758a27945df208805f8cf6fdd56893?s=96&d=mm&r=g\",\"caption\":\"Redacci\u00f3n Grupo Hoy\"},\"url\":\"https:\\\/\\\/grupohoymexico.com\\\/tlaxcala\\\/author\\\/redaccion\\\/\"}]}<\/script>\n<!-- \/ Yoast SEO Premium plugin. -->","yoast_head_json":{"title":"Qu\u00e9 es una DANA y c\u00f3mo desencaden\u00f3 lluvias mortales en el sureste de Espa\u00f1a - Tlaxcala Hoy","robots":{"index":"index","follow":"follow","max-snippet":"max-snippet:-1","max-image-preview":"max-image-preview:large","max-video-preview":"max-video-preview:-1"},"canonical":"https:\/\/grupohoymexico.com\/tlaxcala\/internacional\/que-es-una-dana-y-como-desencadeno-lluvias-mortales-en-el-sureste-de-espana\/","og_locale":"es_MX","og_type":"article","og_title":"Qu\u00e9 es una DANA y c\u00f3mo desencaden\u00f3 lluvias mortales en el sureste de Espa\u00f1a","og_description":"M\u00e1s de&nbsp;150 personas han perdido la vida&nbsp;y decenas permanecen desaparecidas tras las&nbsp;severas inundaciones&nbsp;que azotaron principalmente la regi\u00f3n de&hellip;","og_url":"https:\/\/grupohoymexico.com\/tlaxcala\/internacional\/que-es-una-dana-y-como-desencadeno-lluvias-mortales-en-el-sureste-de-espana\/","og_site_name":"Tlaxcala Hoy","article_published_time":"2024-11-11T17:47:22+00:00","og_image":[{"width":1201,"height":629,"url":"https:\/\/grupohoymexico.com\/tlaxcala\/wp-content\/uploads\/sites\/4\/2024\/11\/post-2024-10-31-15-52-23-ec27ada1-982a-4d16-a99f-7571138de9dc.jpg","type":"image\/jpeg"}],"author":"Redacci\u00f3n Grupo Hoy","twitter_card":"summary_large_image","twitter_misc":{"Escrito por":"Redacci\u00f3n Grupo Hoy","Tiempo de lectura":"1 minuto"},"schema":{"@context":"https:\/\/schema.org","@graph":[{"@type":"Article","@id":"https:\/\/grupohoymexico.com\/tlaxcala\/internacional\/que-es-una-dana-y-como-desencadeno-lluvias-mortales-en-el-sureste-de-espana\/#article","isPartOf":{"@id":"https:\/\/grupohoymexico.com\/tlaxcala\/internacional\/que-es-una-dana-y-como-desencadeno-lluvias-mortales-en-el-sureste-de-espana\/"},"author":{"name":"Redacci\u00f3n Grupo Hoy","@id":"https:\/\/grupohoymexico.com\/tlaxcala\/#\/schema\/person\/bc870cc34e948548ddb62cf78ef8474b"},"headline":"Qu\u00e9 es una DANA y c\u00f3mo desencaden\u00f3 lluvias mortales en el sureste de Espa\u00f1a","datePublished":"2024-11-11T17:47:22+00:00","mainEntityOfPage":{"@id":"https:\/\/grupohoymexico.com\/tlaxcala\/internacional\/que-es-una-dana-y-como-desencadeno-lluvias-mortales-en-el-sureste-de-espana\/"},"wordCount":552,"commentCount":0,"image":{"@id":"https:\/\/grupohoymexico.com\/tlaxcala\/internacional\/que-es-una-dana-y-como-desencadeno-lluvias-mortales-en-el-sureste-de-espana\/#primaryimage"},"thumbnailUrl":"https:\/\/grupohoymexico.com\/tlaxcala\/wp-content\/uploads\/sites\/4\/2024\/11\/post-2024-10-31-15-52-23-ec27ada1-982a-4d16-a99f-7571138de9dc.jpg","articleSection":["Internacional"],"inLanguage":"es","potentialAction":[{"@type":"CommentAction","name":"Comment","target":["https:\/\/grupohoymexico.com\/tlaxcala\/internacional\/que-es-una-dana-y-como-desencadeno-lluvias-mortales-en-el-sureste-de-espana\/#respond"]}]},{"@type":"WebPage","@id":"https:\/\/grupohoymexico.com\/tlaxcala\/internacional\/que-es-una-dana-y-como-desencadeno-lluvias-mortales-en-el-sureste-de-espana\/","url":"https:\/\/grupohoymexico.com\/tlaxcala\/internacional\/que-es-una-dana-y-como-desencadeno-lluvias-mortales-en-el-sureste-de-espana\/","name":"Qu\u00e9 es una DANA y c\u00f3mo desencaden\u00f3 lluvias mortales en el sureste de Espa\u00f1a - Tlaxcala Hoy","isPartOf":{"@id":"https:\/\/grupohoymexico.com\/tlaxcala\/#website"},"primaryImageOfPage":{"@id":"https:\/\/grupohoymexico.com\/tlaxcala\/internacional\/que-es-una-dana-y-como-desencadeno-lluvias-mortales-en-el-sureste-de-espana\/#primaryimage"},"image":{"@id":"https:\/\/grupohoymexico.com\/tlaxcala\/internacional\/que-es-una-dana-y-como-desencadeno-lluvias-mortales-en-el-sureste-de-espana\/#primaryimage"},"thumbnailUrl":"https:\/\/grupohoymexico.com\/tlaxcala\/wp-content\/uploads\/sites\/4\/2024\/11\/post-2024-10-31-15-52-23-ec27ada1-982a-4d16-a99f-7571138de9dc.jpg","datePublished":"2024-11-11T17:47:22+00:00","author":{"@id":"https:\/\/grupohoymexico.com\/tlaxcala\/#\/schema\/person\/bc870cc34e948548ddb62cf78ef8474b"},"breadcrumb":{"@id":"https:\/\/grupohoymexico.com\/tlaxcala\/internacional\/que-es-una-dana-y-como-desencadeno-lluvias-mortales-en-el-sureste-de-espana\/#breadcrumb"},"inLanguage":"es","potentialAction":[{"@type":"ReadAction","target":["https:\/\/grupohoymexico.com\/tlaxcala\/internacional\/que-es-una-dana-y-como-desencadeno-lluvias-mortales-en-el-sureste-de-espana\/"]}]},{"@type":"ImageObject","inLanguage":"es","@id":"https:\/\/grupohoymexico.com\/tlaxcala\/internacional\/que-es-una-dana-y-como-desencadeno-lluvias-mortales-en-el-sureste-de-espana\/#primaryimage","url":"https:\/\/grupohoymexico.com\/tlaxcala\/wp-content\/uploads\/sites\/4\/2024\/11\/post-2024-10-31-15-52-23-ec27ada1-982a-4d16-a99f-7571138de9dc.jpg","contentUrl":"https:\/\/grupohoymexico.com\/tlaxcala\/wp-content\/uploads\/sites\/4\/2024\/11\/post-2024-10-31-15-52-23-ec27ada1-982a-4d16-a99f-7571138de9dc.jpg","width":1201,"height":629},{"@type":"BreadcrumbList","@id":"https:\/\/grupohoymexico.com\/tlaxcala\/internacional\/que-es-una-dana-y-como-desencadeno-lluvias-mortales-en-el-sureste-de-espana\/#breadcrumb","itemListElement":[{"@type":"ListItem","position":1,"name":"Inicio","item":"https:\/\/grupohoymexico.com\/tlaxcala\/"},{"@type":"ListItem","position":2,"name":"Qu\u00e9 es una DANA y c\u00f3mo desencaden\u00f3 lluvias mortales en el sureste de Espa\u00f1a"}]},{"@type":"WebSite","@id":"https:\/\/grupohoymexico.com\/tlaxcala\/#website","url":"https:\/\/grupohoymexico.com\/tlaxcala\/","name":"Tlaxcala Hoy","description":"El alma de la naci\u00f3n","potentialAction":[{"@type":"SearchAction","target":{"@type":"EntryPoint","urlTemplate":"https:\/\/grupohoymexico.com\/tlaxcala\/?s={search_term_string}"},"query-input":{"@type":"PropertyValueSpecification","valueRequired":true,"valueName":"search_term_string"}}],"inLanguage":"es"},{"@type":"Person","@id":"https:\/\/grupohoymexico.com\/tlaxcala\/#\/schema\/person\/bc870cc34e948548ddb62cf78ef8474b","name":"Redacci\u00f3n Grupo Hoy","image":{"@type":"ImageObject","inLanguage":"es","@id":"https:\/\/secure.gravatar.com\/avatar\/e8a44ae8f1b7592837f8c496178e70e065758a27945df208805f8cf6fdd56893?s=96&d=mm&r=g","url":"https:\/\/secure.gravatar.com\/avatar\/e8a44ae8f1b7592837f8c496178e70e065758a27945df208805f8cf6fdd56893?s=96&d=mm&r=g","contentUrl":"https:\/\/secure.gravatar.com\/avatar\/e8a44ae8f1b7592837f8c496178e70e065758a27945df208805f8cf6fdd56893?s=96&d=mm&r=g","caption":"Redacci\u00f3n Grupo Hoy"},"url":"https:\/\/grupohoymexico.com\/tlaxcala\/author\/redaccion\/"}]}},"_links":{"self":[{"href":"https:\/\/grupohoymexico.com\/tlaxcala\/wp-json\/wp\/v2\/posts\/555","targetHints":{"allow":["GET"]}}],"collection":[{"href":"https:\/\/grupohoymexico.com\/tlaxcala\/wp-json\/wp\/v2\/posts"}],"about":[{"href":"https:\/\/grupohoymexico.com\/tlaxcala\/wp-json\/wp\/v2\/types\/post"}],"author":[{"embeddable":true,"href":"https:\/\/grupohoymexico.com\/tlaxcala\/wp-json\/wp\/v2\/users\/34"}],"replies":[{"embeddable":true,"href":"https:\/\/grupohoymexico.com\/tlaxcala\/wp-json\/wp\/v2\/comments?post=555"}],"version-history":[{"count":1,"href":"https:\/\/grupohoymexico.com\/tlaxcala\/wp-json\/wp\/v2\/posts\/555\/revisions"}],"predecessor-version":[{"id":557,"href":"https:\/\/grupohoymexico.com\/tlaxcala\/wp-json\/wp\/v2\/posts\/555\/revisions\/557"}],"wp:featuredmedia":[{"embeddable":true,"href":"https:\/\/grupohoymexico.com\/tlaxcala\/wp-json\/wp\/v2\/media\/556"}],"wp:attachment":[{"href":"https:\/\/grupohoymexico.com\/tlaxcala\/wp-json\/wp\/v2\/media?parent=555"}],"wp:term":[{"taxonomy":"category","embeddable":true,"href":"https:\/\/grupohoymexico.com\/tlaxcala\/wp-json\/wp\/v2\/categories?post=555"},{"taxonomy":"post_tag","embeddable":true,"href":"https:\/\/grupohoymexico.com\/tlaxcala\/wp-json\/wp\/v2\/tags?post=555"}],"curies":[{"name":"wp","href":"https:\/\/api.w.org\/{rel}","templated":true}]}}