{"id":530,"date":"2024-11-11T17:42:12","date_gmt":"2024-11-11T17:42:12","guid":{"rendered":"https:\/\/34.194.157.148\/?p=530"},"modified":"2024-11-11T17:42:12","modified_gmt":"2024-11-11T17:42:12","slug":"k-pop-brilla-en-la-feria-de-tlaxcala-2024","status":"publish","type":"post","link":"https:\/\/grupohoymexico.com\/tlaxcala\/espectaculos\/k-pop-brilla-en-la-feria-de-tlaxcala-2024\/","title":{"rendered":"K-Pop brilla en la Feria de Tlaxcala 2024"},"content":{"rendered":"\n<p>El<strong>&nbsp;K-Pop<\/strong>&nbsp;se apoder\u00f3 del&nbsp;<strong>Teatro del Pueblo<\/strong>&nbsp;durante la&nbsp;<strong>&#8220;Tlaxcala, Feria de Ferias 2024&#8221;<\/strong>, donde cientos de seguidores disfrutaron de una tarde llena de energ\u00eda y entusiasmo. A pesar de la lluvia, j\u00f3venes, familias y aficionados de todas las edades se reunieron para celebrar la m\u00fasica y la cultura coreana en un evento que destac\u00f3 por su diversidad y pasi\u00f3n.<\/p>\n\n\n\n<p><br>Cerca de 50 participantes de Tlaxcala y Puebla subieron al escenario en 16 presentaciones de cover dance y performances. Estos actos recrearon las coreograf\u00edas y canciones de las bandas de K-Pop m\u00e1s populares. El p\u00fablico, animado por el talento de los artistas, sigui\u00f3 los pasos de baile desde sus asientos, creando un ambiente vibrante y festivo.<\/p>\n\n\n\n<p><br><strong>Actuaciones destacadas y encuentro cultural<\/strong><\/p>\n\n\n\n<p><br>Entre los actos m\u00e1s aplaudidos se encontraron covers de \u00e9xitos de grupos como&nbsp;<strong>BTS, Misamo y Jungkook,<\/strong>&nbsp;cuyas interpretaciones generaron ovaciones entusiastas. La mayor\u00eda de los participantes eran adolescentes y j\u00f3venes, quienes presentaron tanto solistas como duetos, capturando la esencia del estilo coreano que ha ganado popularidad en Occidente.<\/p>\n\n\n\n<p><br>Adem\u00e1s del espect\u00e1culo, el evento sirvi\u00f3 como un punto de encuentro para los aficionados al K-Pop, organizado por La Colmena, Centro de Tecnolog\u00edas Creativas de la Secretar\u00eda de Cultura. Decenas de j\u00f3venes compartieron merchandising, \u00e1lbumes, posters y otros art\u00edculos relacionados con este fen\u00f3meno cultural. El K-Pop representa una corriente que sigue creciendo, especialmente entre la juventud, consolid\u00e1ndose como un importante referente cultural en la regi\u00f3n.<\/p>\n\n\n\n<p><br>La combinaci\u00f3n de m\u00fasica, baile y comunidad hizo que esta celebraci\u00f3n del K-Pop fuera una experiencia inolvidable para todos los asistentes. La Feria de Tlaxcala contin\u00faa siendo un espacio donde diversas culturas se encuentran y celebran su diversidad.<\/p>\n","protected":false},"excerpt":{"rendered":"El&nbsp;K-Pop&nbsp;se apoder\u00f3 del&nbsp;Teatro del Pueblo&nbsp;durante la&nbsp;&#8220;Tlaxcala, Feria de Ferias 2024&#8221;, donde cientos de seguidores disfrutaron de una tarde&hellip;","protected":false},"author":34,"featured_media":531,"comment_status":"open","ping_status":"open","sticky":false,"template":"","format":"standard","meta":{"csco_display_header_overlay":false,"csco_singular_sidebar":"","csco_page_header_type":"","csco_page_load_nextpost":"","csco_post_video_location":[],"csco_post_video_location_hash":"","csco_post_video_url":"","csco_post_video_bg_start_time":0,"csco_post_video_bg_end_time":0,"footnotes":""},"categories":[174],"tags":[],"class_list":{"0":"post-530","1":"post","2":"type-post","3":"status-publish","4":"format-standard","5":"has-post-thumbnail","7":"category-espectaculos","8":"cs-entry","9":"cs-video-wrap"},"yoast_head":"<!-- This site is optimized with the Yoast SEO Premium plugin v24.7 (Yoast SEO v27.4) - https:\/\/yoast.com\/product\/yoast-seo-premium-wordpress\/ -->\n<title>K-Pop brilla en la Feria de Tlaxcala 2024 - Tlaxcala Hoy<\/title>\n<meta name=\"robots\" content=\"index, follow, max-snippet:-1, max-image-preview:large, max-video-preview:-1\" \/>\n<link rel=\"canonical\" href=\"https:\/\/grupohoymexico.com\/tlaxcala\/espectaculos\/k-pop-brilla-en-la-feria-de-tlaxcala-2024\/\" \/>\n<meta property=\"og:locale\" content=\"es_MX\" \/>\n<meta property=\"og:type\" content=\"article\" \/>\n<meta property=\"og:title\" content=\"K-Pop brilla en la Feria de Tlaxcala 2024\" \/>\n<meta property=\"og:description\" content=\"El&nbsp;K-Pop&nbsp;se apoder\u00f3 del&nbsp;Teatro del Pueblo&nbsp;durante la&nbsp;&#8220;Tlaxcala, Feria de Ferias 2024&#8221;, donde cientos de seguidores disfrutaron de una tarde&hellip;\" \/>\n<meta property=\"og:url\" content=\"https:\/\/grupohoymexico.com\/tlaxcala\/espectaculos\/k-pop-brilla-en-la-feria-de-tlaxcala-2024\/\" \/>\n<meta property=\"og:site_name\" content=\"Tlaxcala Hoy\" \/>\n<meta property=\"article:published_time\" content=\"2024-11-11T17:42:12+00:00\" \/>\n<meta property=\"og:image\" content=\"https:\/\/grupohoymexico.com\/tlaxcala\/wp-content\/uploads\/sites\/4\/2024\/11\/post-2024-11-05-17-15-08-35caa785-ab44-4d50-8e3c-6d6457623765.jpg\" \/>\n\t<meta property=\"og:image:width\" content=\"1201\" \/>\n\t<meta property=\"og:image:height\" content=\"629\" \/>\n\t<meta property=\"og:image:type\" content=\"image\/jpeg\" \/>\n<meta name=\"author\" content=\"Redacci\u00f3n Grupo Hoy\" \/>\n<meta name=\"twitter:card\" content=\"summary_large_image\" \/>\n<meta name=\"twitter:label1\" content=\"Escrito por\" \/>\n\t<meta name=\"twitter:data1\" content=\"Redacci\u00f3n Grupo Hoy\" \/>\n\t<meta name=\"twitter:label2\" content=\"Tiempo de lectura\" \/>\n\t<meta name=\"twitter:data2\" content=\"1 minuto\" \/>\n<script type=\"application\/ld+json\" class=\"yoast-schema-graph\">{\"@context\":\"https:\\\/\\\/schema.org\",\"@graph\":[{\"@type\":\"Article\",\"@id\":\"https:\\\/\\\/grupohoymexico.com\\\/tlaxcala\\\/espectaculos\\\/k-pop-brilla-en-la-feria-de-tlaxcala-2024\\\/#article\",\"isPartOf\":{\"@id\":\"https:\\\/\\\/grupohoymexico.com\\\/tlaxcala\\\/espectaculos\\\/k-pop-brilla-en-la-feria-de-tlaxcala-2024\\\/\"},\"author\":{\"name\":\"Redacci\u00f3n Grupo Hoy\",\"@id\":\"https:\\\/\\\/grupohoymexico.com\\\/tlaxcala\\\/#\\\/schema\\\/person\\\/bc870cc34e948548ddb62cf78ef8474b\"},\"headline\":\"K-Pop brilla en la Feria de Tlaxcala 2024\",\"datePublished\":\"2024-11-11T17:42:12+00:00\",\"mainEntityOfPage\":{\"@id\":\"https:\\\/\\\/grupohoymexico.com\\\/tlaxcala\\\/espectaculos\\\/k-pop-brilla-en-la-feria-de-tlaxcala-2024\\\/\"},\"wordCount\":308,\"commentCount\":0,\"image\":{\"@id\":\"https:\\\/\\\/grupohoymexico.com\\\/tlaxcala\\\/espectaculos\\\/k-pop-brilla-en-la-feria-de-tlaxcala-2024\\\/#primaryimage\"},\"thumbnailUrl\":\"https:\\\/\\\/grupohoymexico.com\\\/tlaxcala\\\/wp-content\\\/uploads\\\/sites\\\/4\\\/2024\\\/11\\\/post-2024-11-05-17-15-08-35caa785-ab44-4d50-8e3c-6d6457623765.jpg\",\"articleSection\":[\"Espect\u00e1culos\"],\"inLanguage\":\"es\",\"potentialAction\":[{\"@type\":\"CommentAction\",\"name\":\"Comment\",\"target\":[\"https:\\\/\\\/grupohoymexico.com\\\/tlaxcala\\\/espectaculos\\\/k-pop-brilla-en-la-feria-de-tlaxcala-2024\\\/#respond\"]}]},{\"@type\":\"WebPage\",\"@id\":\"https:\\\/\\\/grupohoymexico.com\\\/tlaxcala\\\/espectaculos\\\/k-pop-brilla-en-la-feria-de-tlaxcala-2024\\\/\",\"url\":\"https:\\\/\\\/grupohoymexico.com\\\/tlaxcala\\\/espectaculos\\\/k-pop-brilla-en-la-feria-de-tlaxcala-2024\\\/\",\"name\":\"K-Pop brilla en la Feria de Tlaxcala 2024 - Tlaxcala Hoy\",\"isPartOf\":{\"@id\":\"https:\\\/\\\/grupohoymexico.com\\\/tlaxcala\\\/#website\"},\"primaryImageOfPage\":{\"@id\":\"https:\\\/\\\/grupohoymexico.com\\\/tlaxcala\\\/espectaculos\\\/k-pop-brilla-en-la-feria-de-tlaxcala-2024\\\/#primaryimage\"},\"image\":{\"@id\":\"https:\\\/\\\/grupohoymexico.com\\\/tlaxcala\\\/espectaculos\\\/k-pop-brilla-en-la-feria-de-tlaxcala-2024\\\/#primaryimage\"},\"thumbnailUrl\":\"https:\\\/\\\/grupohoymexico.com\\\/tlaxcala\\\/wp-content\\\/uploads\\\/sites\\\/4\\\/2024\\\/11\\\/post-2024-11-05-17-15-08-35caa785-ab44-4d50-8e3c-6d6457623765.jpg\",\"datePublished\":\"2024-11-11T17:42:12+00:00\",\"author\":{\"@id\":\"https:\\\/\\\/grupohoymexico.com\\\/tlaxcala\\\/#\\\/schema\\\/person\\\/bc870cc34e948548ddb62cf78ef8474b\"},\"breadcrumb\":{\"@id\":\"https:\\\/\\\/grupohoymexico.com\\\/tlaxcala\\\/espectaculos\\\/k-pop-brilla-en-la-feria-de-tlaxcala-2024\\\/#breadcrumb\"},\"inLanguage\":\"es\",\"potentialAction\":[{\"@type\":\"ReadAction\",\"target\":[\"https:\\\/\\\/grupohoymexico.com\\\/tlaxcala\\\/espectaculos\\\/k-pop-brilla-en-la-feria-de-tlaxcala-2024\\\/\"]}]},{\"@type\":\"ImageObject\",\"inLanguage\":\"es\",\"@id\":\"https:\\\/\\\/grupohoymexico.com\\\/tlaxcala\\\/espectaculos\\\/k-pop-brilla-en-la-feria-de-tlaxcala-2024\\\/#primaryimage\",\"url\":\"https:\\\/\\\/grupohoymexico.com\\\/tlaxcala\\\/wp-content\\\/uploads\\\/sites\\\/4\\\/2024\\\/11\\\/post-2024-11-05-17-15-08-35caa785-ab44-4d50-8e3c-6d6457623765.jpg\",\"contentUrl\":\"https:\\\/\\\/grupohoymexico.com\\\/tlaxcala\\\/wp-content\\\/uploads\\\/sites\\\/4\\\/2024\\\/11\\\/post-2024-11-05-17-15-08-35caa785-ab44-4d50-8e3c-6d6457623765.jpg\",\"width\":1201,\"height\":629},{\"@type\":\"BreadcrumbList\",\"@id\":\"https:\\\/\\\/grupohoymexico.com\\\/tlaxcala\\\/espectaculos\\\/k-pop-brilla-en-la-feria-de-tlaxcala-2024\\\/#breadcrumb\",\"itemListElement\":[{\"@type\":\"ListItem\",\"position\":1,\"name\":\"Inicio\",\"item\":\"https:\\\/\\\/grupohoymexico.com\\\/tlaxcala\\\/\"},{\"@type\":\"ListItem\",\"position\":2,\"name\":\"K-Pop brilla en la Feria de Tlaxcala 2024\"}]},{\"@type\":\"WebSite\",\"@id\":\"https:\\\/\\\/grupohoymexico.com\\\/tlaxcala\\\/#website\",\"url\":\"https:\\\/\\\/grupohoymexico.com\\\/tlaxcala\\\/\",\"name\":\"Tlaxcala Hoy\",\"description\":\"El alma de la naci\u00f3n\",\"potentialAction\":[{\"@type\":\"SearchAction\",\"target\":{\"@type\":\"EntryPoint\",\"urlTemplate\":\"https:\\\/\\\/grupohoymexico.com\\\/tlaxcala\\\/?s={search_term_string}\"},\"query-input\":{\"@type\":\"PropertyValueSpecification\",\"valueRequired\":true,\"valueName\":\"search_term_string\"}}],\"inLanguage\":\"es\"},{\"@type\":\"Person\",\"@id\":\"https:\\\/\\\/grupohoymexico.com\\\/tlaxcala\\\/#\\\/schema\\\/person\\\/bc870cc34e948548ddb62cf78ef8474b\",\"name\":\"Redacci\u00f3n Grupo Hoy\",\"image\":{\"@type\":\"ImageObject\",\"inLanguage\":\"es\",\"@id\":\"https:\\\/\\\/secure.gravatar.com\\\/avatar\\\/e8a44ae8f1b7592837f8c496178e70e065758a27945df208805f8cf6fdd56893?s=96&d=mm&r=g\",\"url\":\"https:\\\/\\\/secure.gravatar.com\\\/avatar\\\/e8a44ae8f1b7592837f8c496178e70e065758a27945df208805f8cf6fdd56893?s=96&d=mm&r=g\",\"contentUrl\":\"https:\\\/\\\/secure.gravatar.com\\\/avatar\\\/e8a44ae8f1b7592837f8c496178e70e065758a27945df208805f8cf6fdd56893?s=96&d=mm&r=g\",\"caption\":\"Redacci\u00f3n Grupo Hoy\"},\"url\":\"https:\\\/\\\/grupohoymexico.com\\\/tlaxcala\\\/author\\\/redaccion\\\/\"}]}<\/script>\n<!-- \/ Yoast SEO Premium plugin. -->","yoast_head_json":{"title":"K-Pop brilla en la Feria de Tlaxcala 2024 - Tlaxcala Hoy","robots":{"index":"index","follow":"follow","max-snippet":"max-snippet:-1","max-image-preview":"max-image-preview:large","max-video-preview":"max-video-preview:-1"},"canonical":"https:\/\/grupohoymexico.com\/tlaxcala\/espectaculos\/k-pop-brilla-en-la-feria-de-tlaxcala-2024\/","og_locale":"es_MX","og_type":"article","og_title":"K-Pop brilla en la Feria de Tlaxcala 2024","og_description":"El&nbsp;K-Pop&nbsp;se apoder\u00f3 del&nbsp;Teatro del Pueblo&nbsp;durante la&nbsp;&#8220;Tlaxcala, Feria de Ferias 2024&#8221;, donde cientos de seguidores disfrutaron de una tarde&hellip;","og_url":"https:\/\/grupohoymexico.com\/tlaxcala\/espectaculos\/k-pop-brilla-en-la-feria-de-tlaxcala-2024\/","og_site_name":"Tlaxcala Hoy","article_published_time":"2024-11-11T17:42:12+00:00","og_image":[{"width":1201,"height":629,"url":"https:\/\/grupohoymexico.com\/tlaxcala\/wp-content\/uploads\/sites\/4\/2024\/11\/post-2024-11-05-17-15-08-35caa785-ab44-4d50-8e3c-6d6457623765.jpg","type":"image\/jpeg"}],"author":"Redacci\u00f3n Grupo Hoy","twitter_card":"summary_large_image","twitter_misc":{"Escrito por":"Redacci\u00f3n Grupo Hoy","Tiempo de lectura":"1 minuto"},"schema":{"@context":"https:\/\/schema.org","@graph":[{"@type":"Article","@id":"https:\/\/grupohoymexico.com\/tlaxcala\/espectaculos\/k-pop-brilla-en-la-feria-de-tlaxcala-2024\/#article","isPartOf":{"@id":"https:\/\/grupohoymexico.com\/tlaxcala\/espectaculos\/k-pop-brilla-en-la-feria-de-tlaxcala-2024\/"},"author":{"name":"Redacci\u00f3n Grupo Hoy","@id":"https:\/\/grupohoymexico.com\/tlaxcala\/#\/schema\/person\/bc870cc34e948548ddb62cf78ef8474b"},"headline":"K-Pop brilla en la Feria de Tlaxcala 2024","datePublished":"2024-11-11T17:42:12+00:00","mainEntityOfPage":{"@id":"https:\/\/grupohoymexico.com\/tlaxcala\/espectaculos\/k-pop-brilla-en-la-feria-de-tlaxcala-2024\/"},"wordCount":308,"commentCount":0,"image":{"@id":"https:\/\/grupohoymexico.com\/tlaxcala\/espectaculos\/k-pop-brilla-en-la-feria-de-tlaxcala-2024\/#primaryimage"},"thumbnailUrl":"https:\/\/grupohoymexico.com\/tlaxcala\/wp-content\/uploads\/sites\/4\/2024\/11\/post-2024-11-05-17-15-08-35caa785-ab44-4d50-8e3c-6d6457623765.jpg","articleSection":["Espect\u00e1culos"],"inLanguage":"es","potentialAction":[{"@type":"CommentAction","name":"Comment","target":["https:\/\/grupohoymexico.com\/tlaxcala\/espectaculos\/k-pop-brilla-en-la-feria-de-tlaxcala-2024\/#respond"]}]},{"@type":"WebPage","@id":"https:\/\/grupohoymexico.com\/tlaxcala\/espectaculos\/k-pop-brilla-en-la-feria-de-tlaxcala-2024\/","url":"https:\/\/grupohoymexico.com\/tlaxcala\/espectaculos\/k-pop-brilla-en-la-feria-de-tlaxcala-2024\/","name":"K-Pop brilla en la Feria de Tlaxcala 2024 - Tlaxcala Hoy","isPartOf":{"@id":"https:\/\/grupohoymexico.com\/tlaxcala\/#website"},"primaryImageOfPage":{"@id":"https:\/\/grupohoymexico.com\/tlaxcala\/espectaculos\/k-pop-brilla-en-la-feria-de-tlaxcala-2024\/#primaryimage"},"image":{"@id":"https:\/\/grupohoymexico.com\/tlaxcala\/espectaculos\/k-pop-brilla-en-la-feria-de-tlaxcala-2024\/#primaryimage"},"thumbnailUrl":"https:\/\/grupohoymexico.com\/tlaxcala\/wp-content\/uploads\/sites\/4\/2024\/11\/post-2024-11-05-17-15-08-35caa785-ab44-4d50-8e3c-6d6457623765.jpg","datePublished":"2024-11-11T17:42:12+00:00","author":{"@id":"https:\/\/grupohoymexico.com\/tlaxcala\/#\/schema\/person\/bc870cc34e948548ddb62cf78ef8474b"},"breadcrumb":{"@id":"https:\/\/grupohoymexico.com\/tlaxcala\/espectaculos\/k-pop-brilla-en-la-feria-de-tlaxcala-2024\/#breadcrumb"},"inLanguage":"es","potentialAction":[{"@type":"ReadAction","target":["https:\/\/grupohoymexico.com\/tlaxcala\/espectaculos\/k-pop-brilla-en-la-feria-de-tlaxcala-2024\/"]}]},{"@type":"ImageObject","inLanguage":"es","@id":"https:\/\/grupohoymexico.com\/tlaxcala\/espectaculos\/k-pop-brilla-en-la-feria-de-tlaxcala-2024\/#primaryimage","url":"https:\/\/grupohoymexico.com\/tlaxcala\/wp-content\/uploads\/sites\/4\/2024\/11\/post-2024-11-05-17-15-08-35caa785-ab44-4d50-8e3c-6d6457623765.jpg","contentUrl":"https:\/\/grupohoymexico.com\/tlaxcala\/wp-content\/uploads\/sites\/4\/2024\/11\/post-2024-11-05-17-15-08-35caa785-ab44-4d50-8e3c-6d6457623765.jpg","width":1201,"height":629},{"@type":"BreadcrumbList","@id":"https:\/\/grupohoymexico.com\/tlaxcala\/espectaculos\/k-pop-brilla-en-la-feria-de-tlaxcala-2024\/#breadcrumb","itemListElement":[{"@type":"ListItem","position":1,"name":"Inicio","item":"https:\/\/grupohoymexico.com\/tlaxcala\/"},{"@type":"ListItem","position":2,"name":"K-Pop brilla en la Feria de Tlaxcala 2024"}]},{"@type":"WebSite","@id":"https:\/\/grupohoymexico.com\/tlaxcala\/#website","url":"https:\/\/grupohoymexico.com\/tlaxcala\/","name":"Tlaxcala Hoy","description":"El alma de la naci\u00f3n","potentialAction":[{"@type":"SearchAction","target":{"@type":"EntryPoint","urlTemplate":"https:\/\/grupohoymexico.com\/tlaxcala\/?s={search_term_string}"},"query-input":{"@type":"PropertyValueSpecification","valueRequired":true,"valueName":"search_term_string"}}],"inLanguage":"es"},{"@type":"Person","@id":"https:\/\/grupohoymexico.com\/tlaxcala\/#\/schema\/person\/bc870cc34e948548ddb62cf78ef8474b","name":"Redacci\u00f3n Grupo Hoy","image":{"@type":"ImageObject","inLanguage":"es","@id":"https:\/\/secure.gravatar.com\/avatar\/e8a44ae8f1b7592837f8c496178e70e065758a27945df208805f8cf6fdd56893?s=96&d=mm&r=g","url":"https:\/\/secure.gravatar.com\/avatar\/e8a44ae8f1b7592837f8c496178e70e065758a27945df208805f8cf6fdd56893?s=96&d=mm&r=g","contentUrl":"https:\/\/secure.gravatar.com\/avatar\/e8a44ae8f1b7592837f8c496178e70e065758a27945df208805f8cf6fdd56893?s=96&d=mm&r=g","caption":"Redacci\u00f3n Grupo Hoy"},"url":"https:\/\/grupohoymexico.com\/tlaxcala\/author\/redaccion\/"}]}},"_links":{"self":[{"href":"https:\/\/grupohoymexico.com\/tlaxcala\/wp-json\/wp\/v2\/posts\/530","targetHints":{"allow":["GET"]}}],"collection":[{"href":"https:\/\/grupohoymexico.com\/tlaxcala\/wp-json\/wp\/v2\/posts"}],"about":[{"href":"https:\/\/grupohoymexico.com\/tlaxcala\/wp-json\/wp\/v2\/types\/post"}],"author":[{"embeddable":true,"href":"https:\/\/grupohoymexico.com\/tlaxcala\/wp-json\/wp\/v2\/users\/34"}],"replies":[{"embeddable":true,"href":"https:\/\/grupohoymexico.com\/tlaxcala\/wp-json\/wp\/v2\/comments?post=530"}],"version-history":[{"count":1,"href":"https:\/\/grupohoymexico.com\/tlaxcala\/wp-json\/wp\/v2\/posts\/530\/revisions"}],"predecessor-version":[{"id":532,"href":"https:\/\/grupohoymexico.com\/tlaxcala\/wp-json\/wp\/v2\/posts\/530\/revisions\/532"}],"wp:featuredmedia":[{"embeddable":true,"href":"https:\/\/grupohoymexico.com\/tlaxcala\/wp-json\/wp\/v2\/media\/531"}],"wp:attachment":[{"href":"https:\/\/grupohoymexico.com\/tlaxcala\/wp-json\/wp\/v2\/media?parent=530"}],"wp:term":[{"taxonomy":"category","embeddable":true,"href":"https:\/\/grupohoymexico.com\/tlaxcala\/wp-json\/wp\/v2\/categories?post=530"},{"taxonomy":"post_tag","embeddable":true,"href":"https:\/\/grupohoymexico.com\/tlaxcala\/wp-json\/wp\/v2\/tags?post=530"}],"curies":[{"name":"wp","href":"https:\/\/api.w.org\/{rel}","templated":true}]}}