{"id":524,"date":"2024-11-11T17:40:49","date_gmt":"2024-11-11T17:40:49","guid":{"rendered":"https:\/\/34.194.157.148\/?p=524"},"modified":"2024-11-11T17:40:50","modified_gmt":"2024-11-11T17:40:50","slug":"fallece-gustavo-adolfo-ferrer-la-voz-iconica-de-en-familia-con-chabelo","status":"publish","type":"post","link":"https:\/\/grupohoymexico.com\/tlaxcala\/espectaculos\/fallece-gustavo-adolfo-ferrer-la-voz-iconica-de-en-familia-con-chabelo\/","title":{"rendered":"Fallece Gustavo Adolfo Ferrer, la voz ic\u00f3nica de &#8220;En Familia con Chabelo&#8221;"},"content":{"rendered":"\n<p>En la madrugada de este mi\u00e9rcoles 12 de febrero, el mundo de la radio y la televisi\u00f3n en M\u00e9xico se visti\u00f3 de luto con la triste noticia del fallecimiento de Gustavo Adolfo Ferrer Galguera, a los 79 a\u00f1os, en su hogar en el estado de Tabasco. Su partida dej\u00f3 un vac\u00edo en el coraz\u00f3n de aquellos que lo conocieron y apreciaron su trabajo a lo largo de los a\u00f1os.<\/p>\n\n\n\n<p>Ferrer Galguera, conocido cari\u00f1osamente como &#8220;El Caballero de la locuci\u00f3n&#8221;, dej\u00f3 este mundo a la 1:30 de la madrugada, seg\u00fan lo informado por Pose Pol\u00edtica, un semanario tabasque\u00f1o. Su legado en la industria de la comunicaci\u00f3n es innegable, especialmente por su participaci\u00f3n como la voz principal del ic\u00f3nico programa dominical &#8220;En Familia con Chabelo&#8221;, conducido por Xavier L\u00f3pez, durante 16 a\u00f1os.<\/p>\n\n\n\n<figure class=\"wp-block-image\"><img decoding=\"async\" src=\"https:\/\/i0.wp.com\/www.diarioevolucion.com.mx\/wp-content\/uploads\/sites\/4\/2024\/02\/f960x540-890342_964417_142-jpg.webp?fit=960%2C540&amp;ssl=1\" alt=\"Muere Gustavo Adolfo Ferrer, ic\u00f3nica voz de &quot;En Familia con Chabelo&quot;\"\/><\/figure>\n\n\n\n<p>El cuerpo del querido locutor lo velaron hoy a las 12:00 en el Velatorio del IMSS, de la cl\u00ednica 22, en la colonia Sabina, en Villahermosa, Tabasco, donde familiares, amigos y admiradores podr\u00e1n rendirle un \u00faltimo adi\u00f3s.<\/p>\n\n\n\n<h4 class=\"wp-block-heading\">LEGADO Y TRAYECTORIA DE FERRER<\/h4>\n\n\n\n<p>Gustavo Adolfo Ferrer Galguera naci\u00f3 el 29 de mayo de 1944, hijo de don Adolfo Ferrer y do\u00f1a Ana Mar\u00eda Galguera. Su carrera de 26 a\u00f1os en Televisa lo llev\u00f3 a convertirse en una figura emblem\u00e1tica de la radiodifusi\u00f3n en M\u00e9xico. Adem\u00e1s de su colaboraci\u00f3n en &#8220;En Familia con Chabelo&#8221;, Ferrer Galguera trabaj\u00f3 en programas como &#8220;24 horas&#8221; de Jacobo Zabludovsky, &#8220;Solo para Ni\u00f1os&#8221; en W Radio, y destac\u00f3 como editor del peri\u00f3dico &#8220;El Futuro de los Ni\u00f1os&#8221; y su p\u00e1gina &#8220;Club Amigos&#8221;, entre 2000 y 2004.<\/p>\n\n\n\n<p>Despu\u00e9s de su exitosa etapa en Televisa, Ferrer Galguera regres\u00f3 a su tierra natal, donde continu\u00f3 su labor en la radio, manteniendo su pasi\u00f3n por el entretenimiento y la comunicaci\u00f3n. Su legado perdurar\u00e1 en la memoria de aquellos que lo conocieron y en el coraz\u00f3n de los millones de mexicanos que disfrutaron de su inconfundible voz a lo largo de los a\u00f1os.<\/p>\n\n\n\n<p>Su relaci\u00f3n con&nbsp;<a href=\"https:\/\/es.wikipedia.org\/wiki\/Chabelo\" target=\"_blank\" rel=\"noreferrer noopener\">Xavier L\u00f3pez<\/a>, Chabelo, tambi\u00e9n fue especial. En una entrevista reciente, Ferrer Galguera record\u00f3 con cari\u00f1o la amistad y el respeto mutuo que compart\u00edan.<\/p>\n\n\n\n<blockquote class=\"wp-block-quote is-layout-flow wp-block-quote-is-layout-flow\">\n<p><strong><em>&#8220;Siempre trat\u00f3 y respet\u00f3 al ni\u00f1o como una persona, no como un adulto chiquito o un ser discapacitado, lo trat\u00f3 como debe de ser, eso nos lo ense\u00f1\u00f3 a nosotros, lo recuerdo siempre, para m\u00ed, es como un hermano mayor porque me ense\u00f1\u00f3 much\u00edsimo, sencillo, honesto, buen amigo&#8221;<\/em><\/strong>, coment\u00f3.<\/p>\n<\/blockquote>\n\n\n\n<figure class=\"wp-block-image\"><img decoding=\"async\" src=\"https:\/\/images.reporteindigo.com\/wp-content\/uploads\/sites\/4\/2024\/02\/Muere-Gustavo-Adolfo-Ferrer-familia-chabelo.jpg\" alt=\"\"\/><\/figure>\n","protected":false},"excerpt":{"rendered":"En la madrugada de este mi\u00e9rcoles 12 de febrero, el mundo de la radio y la televisi\u00f3n en&hellip;","protected":false},"author":34,"featured_media":525,"comment_status":"open","ping_status":"open","sticky":false,"template":"","format":"standard","meta":{"csco_display_header_overlay":false,"csco_singular_sidebar":"","csco_page_header_type":"","csco_page_load_nextpost":"","csco_post_video_location":[],"csco_post_video_location_hash":"","csco_post_video_url":"","csco_post_video_bg_start_time":0,"csco_post_video_bg_end_time":0,"footnotes":""},"categories":[174],"tags":[],"class_list":{"0":"post-524","1":"post","2":"type-post","3":"status-publish","4":"format-standard","5":"has-post-thumbnail","7":"category-espectaculos","8":"cs-entry","9":"cs-video-wrap"},"yoast_head":"<!-- This site is optimized with the Yoast SEO Premium plugin v24.7 (Yoast SEO v27.4) - https:\/\/yoast.com\/product\/yoast-seo-premium-wordpress\/ -->\n<title>Fallece Gustavo Adolfo Ferrer, la voz ic\u00f3nica de &quot;En Familia con Chabelo&quot; - Tlaxcala Hoy<\/title>\n<meta name=\"robots\" content=\"index, follow, max-snippet:-1, max-image-preview:large, max-video-preview:-1\" \/>\n<link rel=\"canonical\" href=\"https:\/\/grupohoymexico.com\/tlaxcala\/espectaculos\/fallece-gustavo-adolfo-ferrer-la-voz-iconica-de-en-familia-con-chabelo\/\" \/>\n<meta property=\"og:locale\" content=\"es_MX\" \/>\n<meta property=\"og:type\" content=\"article\" \/>\n<meta property=\"og:title\" content=\"Fallece Gustavo Adolfo Ferrer, la voz ic\u00f3nica de &quot;En Familia con Chabelo&quot;\" \/>\n<meta property=\"og:description\" content=\"En la madrugada de este mi\u00e9rcoles 12 de febrero, el mundo de la radio y la televisi\u00f3n en&hellip;\" \/>\n<meta property=\"og:url\" content=\"https:\/\/grupohoymexico.com\/tlaxcala\/espectaculos\/fallece-gustavo-adolfo-ferrer-la-voz-iconica-de-en-familia-con-chabelo\/\" \/>\n<meta property=\"og:site_name\" content=\"Tlaxcala Hoy\" \/>\n<meta property=\"article:published_time\" content=\"2024-11-11T17:40:49+00:00\" \/>\n<meta property=\"article:modified_time\" content=\"2024-11-11T17:40:50+00:00\" \/>\n<meta property=\"og:image\" content=\"https:\/\/grupohoymexico.com\/tlaxcala\/wp-content\/uploads\/sites\/4\/2024\/11\/post-2024-02-12-13-58-51-b05e963a-3c26-47af-a6de-4cfac9b05390.jpg\" \/>\n\t<meta property=\"og:image:width\" content=\"1000\" \/>\n\t<meta property=\"og:image:height\" content=\"600\" \/>\n\t<meta property=\"og:image:type\" content=\"image\/jpeg\" \/>\n<meta name=\"author\" content=\"Redacci\u00f3n Grupo Hoy\" \/>\n<meta name=\"twitter:card\" content=\"summary_large_image\" \/>\n<meta name=\"twitter:label1\" content=\"Escrito por\" \/>\n\t<meta name=\"twitter:data1\" content=\"Redacci\u00f3n Grupo Hoy\" \/>\n\t<meta name=\"twitter:label2\" content=\"Tiempo de lectura\" \/>\n\t<meta name=\"twitter:data2\" content=\"3 minutos\" \/>\n<script type=\"application\/ld+json\" class=\"yoast-schema-graph\">{\"@context\":\"https:\\\/\\\/schema.org\",\"@graph\":[{\"@type\":\"Article\",\"@id\":\"https:\\\/\\\/grupohoymexico.com\\\/tlaxcala\\\/espectaculos\\\/fallece-gustavo-adolfo-ferrer-la-voz-iconica-de-en-familia-con-chabelo\\\/#article\",\"isPartOf\":{\"@id\":\"https:\\\/\\\/grupohoymexico.com\\\/tlaxcala\\\/espectaculos\\\/fallece-gustavo-adolfo-ferrer-la-voz-iconica-de-en-familia-con-chabelo\\\/\"},\"author\":{\"name\":\"Redacci\u00f3n Grupo Hoy\",\"@id\":\"https:\\\/\\\/grupohoymexico.com\\\/tlaxcala\\\/#\\\/schema\\\/person\\\/bc870cc34e948548ddb62cf78ef8474b\"},\"headline\":\"Fallece Gustavo Adolfo Ferrer, la voz ic\u00f3nica de &#8220;En Familia con Chabelo&#8221;\",\"datePublished\":\"2024-11-11T17:40:49+00:00\",\"dateModified\":\"2024-11-11T17:40:50+00:00\",\"mainEntityOfPage\":{\"@id\":\"https:\\\/\\\/grupohoymexico.com\\\/tlaxcala\\\/espectaculos\\\/fallece-gustavo-adolfo-ferrer-la-voz-iconica-de-en-familia-con-chabelo\\\/\"},\"wordCount\":442,\"commentCount\":0,\"image\":{\"@id\":\"https:\\\/\\\/grupohoymexico.com\\\/tlaxcala\\\/espectaculos\\\/fallece-gustavo-adolfo-ferrer-la-voz-iconica-de-en-familia-con-chabelo\\\/#primaryimage\"},\"thumbnailUrl\":\"https:\\\/\\\/grupohoymexico.com\\\/tlaxcala\\\/wp-content\\\/uploads\\\/sites\\\/4\\\/2024\\\/11\\\/post-2024-02-12-13-58-51-b05e963a-3c26-47af-a6de-4cfac9b05390.jpg\",\"articleSection\":[\"Espect\u00e1culos\"],\"inLanguage\":\"es\",\"potentialAction\":[{\"@type\":\"CommentAction\",\"name\":\"Comment\",\"target\":[\"https:\\\/\\\/grupohoymexico.com\\\/tlaxcala\\\/espectaculos\\\/fallece-gustavo-adolfo-ferrer-la-voz-iconica-de-en-familia-con-chabelo\\\/#respond\"]}]},{\"@type\":\"WebPage\",\"@id\":\"https:\\\/\\\/grupohoymexico.com\\\/tlaxcala\\\/espectaculos\\\/fallece-gustavo-adolfo-ferrer-la-voz-iconica-de-en-familia-con-chabelo\\\/\",\"url\":\"https:\\\/\\\/grupohoymexico.com\\\/tlaxcala\\\/espectaculos\\\/fallece-gustavo-adolfo-ferrer-la-voz-iconica-de-en-familia-con-chabelo\\\/\",\"name\":\"Fallece Gustavo Adolfo Ferrer, la voz ic\u00f3nica de \\\"En Familia con Chabelo\\\" - Tlaxcala Hoy\",\"isPartOf\":{\"@id\":\"https:\\\/\\\/grupohoymexico.com\\\/tlaxcala\\\/#website\"},\"primaryImageOfPage\":{\"@id\":\"https:\\\/\\\/grupohoymexico.com\\\/tlaxcala\\\/espectaculos\\\/fallece-gustavo-adolfo-ferrer-la-voz-iconica-de-en-familia-con-chabelo\\\/#primaryimage\"},\"image\":{\"@id\":\"https:\\\/\\\/grupohoymexico.com\\\/tlaxcala\\\/espectaculos\\\/fallece-gustavo-adolfo-ferrer-la-voz-iconica-de-en-familia-con-chabelo\\\/#primaryimage\"},\"thumbnailUrl\":\"https:\\\/\\\/grupohoymexico.com\\\/tlaxcala\\\/wp-content\\\/uploads\\\/sites\\\/4\\\/2024\\\/11\\\/post-2024-02-12-13-58-51-b05e963a-3c26-47af-a6de-4cfac9b05390.jpg\",\"datePublished\":\"2024-11-11T17:40:49+00:00\",\"dateModified\":\"2024-11-11T17:40:50+00:00\",\"author\":{\"@id\":\"https:\\\/\\\/grupohoymexico.com\\\/tlaxcala\\\/#\\\/schema\\\/person\\\/bc870cc34e948548ddb62cf78ef8474b\"},\"breadcrumb\":{\"@id\":\"https:\\\/\\\/grupohoymexico.com\\\/tlaxcala\\\/espectaculos\\\/fallece-gustavo-adolfo-ferrer-la-voz-iconica-de-en-familia-con-chabelo\\\/#breadcrumb\"},\"inLanguage\":\"es\",\"potentialAction\":[{\"@type\":\"ReadAction\",\"target\":[\"https:\\\/\\\/grupohoymexico.com\\\/tlaxcala\\\/espectaculos\\\/fallece-gustavo-adolfo-ferrer-la-voz-iconica-de-en-familia-con-chabelo\\\/\"]}]},{\"@type\":\"ImageObject\",\"inLanguage\":\"es\",\"@id\":\"https:\\\/\\\/grupohoymexico.com\\\/tlaxcala\\\/espectaculos\\\/fallece-gustavo-adolfo-ferrer-la-voz-iconica-de-en-familia-con-chabelo\\\/#primaryimage\",\"url\":\"https:\\\/\\\/grupohoymexico.com\\\/tlaxcala\\\/wp-content\\\/uploads\\\/sites\\\/4\\\/2024\\\/11\\\/post-2024-02-12-13-58-51-b05e963a-3c26-47af-a6de-4cfac9b05390.jpg\",\"contentUrl\":\"https:\\\/\\\/grupohoymexico.com\\\/tlaxcala\\\/wp-content\\\/uploads\\\/sites\\\/4\\\/2024\\\/11\\\/post-2024-02-12-13-58-51-b05e963a-3c26-47af-a6de-4cfac9b05390.jpg\",\"width\":1000,\"height\":600},{\"@type\":\"BreadcrumbList\",\"@id\":\"https:\\\/\\\/grupohoymexico.com\\\/tlaxcala\\\/espectaculos\\\/fallece-gustavo-adolfo-ferrer-la-voz-iconica-de-en-familia-con-chabelo\\\/#breadcrumb\",\"itemListElement\":[{\"@type\":\"ListItem\",\"position\":1,\"name\":\"Inicio\",\"item\":\"https:\\\/\\\/grupohoymexico.com\\\/tlaxcala\\\/\"},{\"@type\":\"ListItem\",\"position\":2,\"name\":\"Fallece Gustavo Adolfo Ferrer, la voz ic\u00f3nica de &#8220;En Familia con Chabelo&#8221;\"}]},{\"@type\":\"WebSite\",\"@id\":\"https:\\\/\\\/grupohoymexico.com\\\/tlaxcala\\\/#website\",\"url\":\"https:\\\/\\\/grupohoymexico.com\\\/tlaxcala\\\/\",\"name\":\"Tlaxcala Hoy\",\"description\":\"El alma de la naci\u00f3n\",\"potentialAction\":[{\"@type\":\"SearchAction\",\"target\":{\"@type\":\"EntryPoint\",\"urlTemplate\":\"https:\\\/\\\/grupohoymexico.com\\\/tlaxcala\\\/?s={search_term_string}\"},\"query-input\":{\"@type\":\"PropertyValueSpecification\",\"valueRequired\":true,\"valueName\":\"search_term_string\"}}],\"inLanguage\":\"es\"},{\"@type\":\"Person\",\"@id\":\"https:\\\/\\\/grupohoymexico.com\\\/tlaxcala\\\/#\\\/schema\\\/person\\\/bc870cc34e948548ddb62cf78ef8474b\",\"name\":\"Redacci\u00f3n Grupo Hoy\",\"image\":{\"@type\":\"ImageObject\",\"inLanguage\":\"es\",\"@id\":\"https:\\\/\\\/secure.gravatar.com\\\/avatar\\\/e8a44ae8f1b7592837f8c496178e70e065758a27945df208805f8cf6fdd56893?s=96&d=mm&r=g\",\"url\":\"https:\\\/\\\/secure.gravatar.com\\\/avatar\\\/e8a44ae8f1b7592837f8c496178e70e065758a27945df208805f8cf6fdd56893?s=96&d=mm&r=g\",\"contentUrl\":\"https:\\\/\\\/secure.gravatar.com\\\/avatar\\\/e8a44ae8f1b7592837f8c496178e70e065758a27945df208805f8cf6fdd56893?s=96&d=mm&r=g\",\"caption\":\"Redacci\u00f3n Grupo Hoy\"},\"url\":\"https:\\\/\\\/grupohoymexico.com\\\/tlaxcala\\\/author\\\/redaccion\\\/\"}]}<\/script>\n<!-- \/ Yoast SEO Premium plugin. -->","yoast_head_json":{"title":"Fallece Gustavo Adolfo Ferrer, la voz ic\u00f3nica de \"En Familia con Chabelo\" - Tlaxcala Hoy","robots":{"index":"index","follow":"follow","max-snippet":"max-snippet:-1","max-image-preview":"max-image-preview:large","max-video-preview":"max-video-preview:-1"},"canonical":"https:\/\/grupohoymexico.com\/tlaxcala\/espectaculos\/fallece-gustavo-adolfo-ferrer-la-voz-iconica-de-en-familia-con-chabelo\/","og_locale":"es_MX","og_type":"article","og_title":"Fallece Gustavo Adolfo Ferrer, la voz ic\u00f3nica de \"En Familia con Chabelo\"","og_description":"En la madrugada de este mi\u00e9rcoles 12 de febrero, el mundo de la radio y la televisi\u00f3n en&hellip;","og_url":"https:\/\/grupohoymexico.com\/tlaxcala\/espectaculos\/fallece-gustavo-adolfo-ferrer-la-voz-iconica-de-en-familia-con-chabelo\/","og_site_name":"Tlaxcala Hoy","article_published_time":"2024-11-11T17:40:49+00:00","article_modified_time":"2024-11-11T17:40:50+00:00","og_image":[{"width":1000,"height":600,"url":"https:\/\/grupohoymexico.com\/tlaxcala\/wp-content\/uploads\/sites\/4\/2024\/11\/post-2024-02-12-13-58-51-b05e963a-3c26-47af-a6de-4cfac9b05390.jpg","type":"image\/jpeg"}],"author":"Redacci\u00f3n Grupo Hoy","twitter_card":"summary_large_image","twitter_misc":{"Escrito por":"Redacci\u00f3n Grupo Hoy","Tiempo de lectura":"3 minutos"},"schema":{"@context":"https:\/\/schema.org","@graph":[{"@type":"Article","@id":"https:\/\/grupohoymexico.com\/tlaxcala\/espectaculos\/fallece-gustavo-adolfo-ferrer-la-voz-iconica-de-en-familia-con-chabelo\/#article","isPartOf":{"@id":"https:\/\/grupohoymexico.com\/tlaxcala\/espectaculos\/fallece-gustavo-adolfo-ferrer-la-voz-iconica-de-en-familia-con-chabelo\/"},"author":{"name":"Redacci\u00f3n Grupo Hoy","@id":"https:\/\/grupohoymexico.com\/tlaxcala\/#\/schema\/person\/bc870cc34e948548ddb62cf78ef8474b"},"headline":"Fallece Gustavo Adolfo Ferrer, la voz ic\u00f3nica de &#8220;En Familia con Chabelo&#8221;","datePublished":"2024-11-11T17:40:49+00:00","dateModified":"2024-11-11T17:40:50+00:00","mainEntityOfPage":{"@id":"https:\/\/grupohoymexico.com\/tlaxcala\/espectaculos\/fallece-gustavo-adolfo-ferrer-la-voz-iconica-de-en-familia-con-chabelo\/"},"wordCount":442,"commentCount":0,"image":{"@id":"https:\/\/grupohoymexico.com\/tlaxcala\/espectaculos\/fallece-gustavo-adolfo-ferrer-la-voz-iconica-de-en-familia-con-chabelo\/#primaryimage"},"thumbnailUrl":"https:\/\/grupohoymexico.com\/tlaxcala\/wp-content\/uploads\/sites\/4\/2024\/11\/post-2024-02-12-13-58-51-b05e963a-3c26-47af-a6de-4cfac9b05390.jpg","articleSection":["Espect\u00e1culos"],"inLanguage":"es","potentialAction":[{"@type":"CommentAction","name":"Comment","target":["https:\/\/grupohoymexico.com\/tlaxcala\/espectaculos\/fallece-gustavo-adolfo-ferrer-la-voz-iconica-de-en-familia-con-chabelo\/#respond"]}]},{"@type":"WebPage","@id":"https:\/\/grupohoymexico.com\/tlaxcala\/espectaculos\/fallece-gustavo-adolfo-ferrer-la-voz-iconica-de-en-familia-con-chabelo\/","url":"https:\/\/grupohoymexico.com\/tlaxcala\/espectaculos\/fallece-gustavo-adolfo-ferrer-la-voz-iconica-de-en-familia-con-chabelo\/","name":"Fallece Gustavo Adolfo Ferrer, la voz ic\u00f3nica de \"En Familia con Chabelo\" - Tlaxcala Hoy","isPartOf":{"@id":"https:\/\/grupohoymexico.com\/tlaxcala\/#website"},"primaryImageOfPage":{"@id":"https:\/\/grupohoymexico.com\/tlaxcala\/espectaculos\/fallece-gustavo-adolfo-ferrer-la-voz-iconica-de-en-familia-con-chabelo\/#primaryimage"},"image":{"@id":"https:\/\/grupohoymexico.com\/tlaxcala\/espectaculos\/fallece-gustavo-adolfo-ferrer-la-voz-iconica-de-en-familia-con-chabelo\/#primaryimage"},"thumbnailUrl":"https:\/\/grupohoymexico.com\/tlaxcala\/wp-content\/uploads\/sites\/4\/2024\/11\/post-2024-02-12-13-58-51-b05e963a-3c26-47af-a6de-4cfac9b05390.jpg","datePublished":"2024-11-11T17:40:49+00:00","dateModified":"2024-11-11T17:40:50+00:00","author":{"@id":"https:\/\/grupohoymexico.com\/tlaxcala\/#\/schema\/person\/bc870cc34e948548ddb62cf78ef8474b"},"breadcrumb":{"@id":"https:\/\/grupohoymexico.com\/tlaxcala\/espectaculos\/fallece-gustavo-adolfo-ferrer-la-voz-iconica-de-en-familia-con-chabelo\/#breadcrumb"},"inLanguage":"es","potentialAction":[{"@type":"ReadAction","target":["https:\/\/grupohoymexico.com\/tlaxcala\/espectaculos\/fallece-gustavo-adolfo-ferrer-la-voz-iconica-de-en-familia-con-chabelo\/"]}]},{"@type":"ImageObject","inLanguage":"es","@id":"https:\/\/grupohoymexico.com\/tlaxcala\/espectaculos\/fallece-gustavo-adolfo-ferrer-la-voz-iconica-de-en-familia-con-chabelo\/#primaryimage","url":"https:\/\/grupohoymexico.com\/tlaxcala\/wp-content\/uploads\/sites\/4\/2024\/11\/post-2024-02-12-13-58-51-b05e963a-3c26-47af-a6de-4cfac9b05390.jpg","contentUrl":"https:\/\/grupohoymexico.com\/tlaxcala\/wp-content\/uploads\/sites\/4\/2024\/11\/post-2024-02-12-13-58-51-b05e963a-3c26-47af-a6de-4cfac9b05390.jpg","width":1000,"height":600},{"@type":"BreadcrumbList","@id":"https:\/\/grupohoymexico.com\/tlaxcala\/espectaculos\/fallece-gustavo-adolfo-ferrer-la-voz-iconica-de-en-familia-con-chabelo\/#breadcrumb","itemListElement":[{"@type":"ListItem","position":1,"name":"Inicio","item":"https:\/\/grupohoymexico.com\/tlaxcala\/"},{"@type":"ListItem","position":2,"name":"Fallece Gustavo Adolfo Ferrer, la voz ic\u00f3nica de &#8220;En Familia con Chabelo&#8221;"}]},{"@type":"WebSite","@id":"https:\/\/grupohoymexico.com\/tlaxcala\/#website","url":"https:\/\/grupohoymexico.com\/tlaxcala\/","name":"Tlaxcala Hoy","description":"El alma de la naci\u00f3n","potentialAction":[{"@type":"SearchAction","target":{"@type":"EntryPoint","urlTemplate":"https:\/\/grupohoymexico.com\/tlaxcala\/?s={search_term_string}"},"query-input":{"@type":"PropertyValueSpecification","valueRequired":true,"valueName":"search_term_string"}}],"inLanguage":"es"},{"@type":"Person","@id":"https:\/\/grupohoymexico.com\/tlaxcala\/#\/schema\/person\/bc870cc34e948548ddb62cf78ef8474b","name":"Redacci\u00f3n Grupo Hoy","image":{"@type":"ImageObject","inLanguage":"es","@id":"https:\/\/secure.gravatar.com\/avatar\/e8a44ae8f1b7592837f8c496178e70e065758a27945df208805f8cf6fdd56893?s=96&d=mm&r=g","url":"https:\/\/secure.gravatar.com\/avatar\/e8a44ae8f1b7592837f8c496178e70e065758a27945df208805f8cf6fdd56893?s=96&d=mm&r=g","contentUrl":"https:\/\/secure.gravatar.com\/avatar\/e8a44ae8f1b7592837f8c496178e70e065758a27945df208805f8cf6fdd56893?s=96&d=mm&r=g","caption":"Redacci\u00f3n Grupo Hoy"},"url":"https:\/\/grupohoymexico.com\/tlaxcala\/author\/redaccion\/"}]}},"_links":{"self":[{"href":"https:\/\/grupohoymexico.com\/tlaxcala\/wp-json\/wp\/v2\/posts\/524","targetHints":{"allow":["GET"]}}],"collection":[{"href":"https:\/\/grupohoymexico.com\/tlaxcala\/wp-json\/wp\/v2\/posts"}],"about":[{"href":"https:\/\/grupohoymexico.com\/tlaxcala\/wp-json\/wp\/v2\/types\/post"}],"author":[{"embeddable":true,"href":"https:\/\/grupohoymexico.com\/tlaxcala\/wp-json\/wp\/v2\/users\/34"}],"replies":[{"embeddable":true,"href":"https:\/\/grupohoymexico.com\/tlaxcala\/wp-json\/wp\/v2\/comments?post=524"}],"version-history":[{"count":1,"href":"https:\/\/grupohoymexico.com\/tlaxcala\/wp-json\/wp\/v2\/posts\/524\/revisions"}],"predecessor-version":[{"id":526,"href":"https:\/\/grupohoymexico.com\/tlaxcala\/wp-json\/wp\/v2\/posts\/524\/revisions\/526"}],"wp:featuredmedia":[{"embeddable":true,"href":"https:\/\/grupohoymexico.com\/tlaxcala\/wp-json\/wp\/v2\/media\/525"}],"wp:attachment":[{"href":"https:\/\/grupohoymexico.com\/tlaxcala\/wp-json\/wp\/v2\/media?parent=524"}],"wp:term":[{"taxonomy":"category","embeddable":true,"href":"https:\/\/grupohoymexico.com\/tlaxcala\/wp-json\/wp\/v2\/categories?post=524"},{"taxonomy":"post_tag","embeddable":true,"href":"https:\/\/grupohoymexico.com\/tlaxcala\/wp-json\/wp\/v2\/tags?post=524"}],"curies":[{"name":"wp","href":"https:\/\/api.w.org\/{rel}","templated":true}]}}