{"id":518,"date":"2024-11-11T17:39:17","date_gmt":"2024-11-11T17:39:17","guid":{"rendered":"https:\/\/34.194.157.148\/?p=518"},"modified":"2024-11-11T17:40:19","modified_gmt":"2024-11-11T17:40:19","slug":"argylle-decepciona-en-su-primer-semana-de-estreno","status":"publish","type":"post","link":"https:\/\/grupohoymexico.com\/tlaxcala\/espectaculos\/argylle-decepciona-en-su-primer-semana-de-estreno\/","title":{"rendered":"&#8220;Argylle&#8221; Decepciona en su Primer Semana de Estreno"},"content":{"rendered":"\n<p>La anticipada pel\u00edcula de esp\u00edas &#8220;Argylle&#8221; no logr\u00f3 cumplir con las altas expectativas que rodeaban su estreno, a pesar de ser presentada como la nueva gran apuesta del cine de acci\u00f3n al nivel de la saga de&nbsp;<a href=\"https:\/\/moreloshoy.com\/espectaculos\/nolan-en-conversaciones-para-dirigir-a-james-bond\/\" target=\"_blank\" rel=\"noreferrer noopener\">James Bond<\/a>. Dirigida por Matthew Vaughn y protagonizada por un elenco de renombre que incluye a Bryce Dallas Howard, Henry Cavill, Sam Rockwell, Dua Lipa y Samuel L. Jackson, la pel\u00edcula solo recaud\u00f3 35 millones de d\u00f3lares en su primera semana, una cifra significativamente baja en relaci\u00f3n con su abultado presupuesto.<\/p>\n\n\n\n<p>Desde su anuncio en julio de 2021, cuando los derechos del filme se adquirieron por 200 millones de d\u00f3lares, se especul\u00f3 que &#8220;Argylle&#8221; ser\u00eda el inicio de una nueva franquicia de al menos tres partes que combinar\u00edan acci\u00f3n, intriga y comedia, posiblemente cruz\u00e1ndose con la serie cinematogr\u00e1fica &#8220;Kingsman&#8221;. Sin embargo, el bajo inter\u00e9s del p\u00fablico y las cr\u00edticas negativas han puesto en duda la viabilidad de estos planes.<\/p>\n\n\n\n<p>La pel\u00edcula recibi\u00f3 una puntuaci\u00f3n del 34% en Rotten Tomatoes, reflejando el desd\u00e9n de la cr\u00edtica hacia el filme. A pesar de ello, el elenco se mostr\u00f3 optimista en cuanto a la posibilidad de una secuela. Sam Rockwell expres\u00f3 en una entrevista realizada por Variety: &#8220;Supongo que solo queda ver c\u00f3mo funciona&#8221;. Henry Cavill agreg\u00f3: &#8220;Todo depende de si al p\u00fablico le gusta lo que hemos hecho&#8221;. Ambos actores manifestaron su disposici\u00f3n a regresar al proyecto en caso de que se concrete una segunda parte.<\/p>\n\n\n\n<h4 class=\"wp-block-heading\">El cineasta Matthew Vaughn describi\u00f3 &#8220;Argylle&#8221; como un homenaje a los thrillers de acci\u00f3n de los a\u00f1os 80 ambientado en la actualidad. Sin embargo, las cr\u00edticas especializadas han se\u00f1alado que, si bien la propuesta est\u00e9tica est\u00e1 bien lograda, el guion junto con sus m\u00faltiples giros de trama resultan superficiales. Adem\u00e1s, se ha criticado el trabajo de efectos visuales, calific\u00e1ndolo como &#8220;terrible&#8221; y &#8220;decepcionante&#8221;.<\/h4>\n\n\n\n<p>A pesar de los obst\u00e1culos iniciales, el futuro de &#8220;Argylle&#8221; a\u00fan es incierto. Los espectadores y los productores deber\u00e1n esperar para ver si la pel\u00edcula logra recuperar su inversi\u00f3n y ganar el favor del p\u00fablico para asegurar una posible continuaci\u00f3n de la franquicia.<\/p>\n","protected":false},"excerpt":{"rendered":"La anticipada pel\u00edcula de esp\u00edas &#8220;Argylle&#8221; no logr\u00f3 cumplir con las altas expectativas que rodeaban su estreno, a&hellip;","protected":false},"author":34,"featured_media":519,"comment_status":"open","ping_status":"open","sticky":false,"template":"","format":"standard","meta":{"csco_display_header_overlay":false,"csco_singular_sidebar":"","csco_page_header_type":"","csco_page_load_nextpost":"","csco_post_video_location":[],"csco_post_video_location_hash":"","csco_post_video_url":"","csco_post_video_bg_start_time":0,"csco_post_video_bg_end_time":0,"footnotes":""},"categories":[174],"tags":[],"class_list":{"0":"post-518","1":"post","2":"type-post","3":"status-publish","4":"format-standard","5":"has-post-thumbnail","7":"category-espectaculos","8":"cs-entry","9":"cs-video-wrap"},"yoast_head":"<!-- This site is optimized with the Yoast SEO Premium plugin v24.7 (Yoast SEO v27.4) - https:\/\/yoast.com\/product\/yoast-seo-premium-wordpress\/ -->\n<title>&quot;Argylle&quot; Decepciona en su Primer Semana de Estreno - Tlaxcala Hoy<\/title>\n<meta name=\"robots\" content=\"index, follow, max-snippet:-1, max-image-preview:large, max-video-preview:-1\" \/>\n<link rel=\"canonical\" href=\"https:\/\/grupohoymexico.com\/tlaxcala\/espectaculos\/argylle-decepciona-en-su-primer-semana-de-estreno\/\" \/>\n<meta property=\"og:locale\" content=\"es_MX\" \/>\n<meta property=\"og:type\" content=\"article\" \/>\n<meta property=\"og:title\" content=\"&quot;Argylle&quot; Decepciona en su Primer Semana de Estreno\" \/>\n<meta property=\"og:description\" content=\"La anticipada pel\u00edcula de esp\u00edas &#8220;Argylle&#8221; no logr\u00f3 cumplir con las altas expectativas que rodeaban su estreno, a&hellip;\" \/>\n<meta property=\"og:url\" content=\"https:\/\/grupohoymexico.com\/tlaxcala\/espectaculos\/argylle-decepciona-en-su-primer-semana-de-estreno\/\" \/>\n<meta property=\"og:site_name\" content=\"Tlaxcala Hoy\" \/>\n<meta property=\"article:published_time\" content=\"2024-11-11T17:39:17+00:00\" \/>\n<meta property=\"article:modified_time\" content=\"2024-11-11T17:40:19+00:00\" \/>\n<meta property=\"og:image\" content=\"https:\/\/grupohoymexico.com\/tlaxcala\/wp-content\/uploads\/sites\/4\/2024\/11\/post-2024-02-07-20-02-07-73bd8e9f-4078-4a5a-9bc5-6dd380e631c0.jpeg\" \/>\n\t<meta property=\"og:image:width\" content=\"640\" \/>\n\t<meta property=\"og:image:height\" content=\"426\" \/>\n\t<meta property=\"og:image:type\" content=\"image\/jpeg\" \/>\n<meta name=\"author\" content=\"Redacci\u00f3n Grupo Hoy\" \/>\n<meta name=\"twitter:card\" content=\"summary_large_image\" \/>\n<meta name=\"twitter:label1\" content=\"Escrito por\" \/>\n\t<meta name=\"twitter:data1\" content=\"Redacci\u00f3n Grupo Hoy\" \/>\n\t<meta name=\"twitter:label2\" content=\"Tiempo de lectura\" \/>\n\t<meta name=\"twitter:data2\" content=\"1 minuto\" \/>\n<script type=\"application\/ld+json\" class=\"yoast-schema-graph\">{\"@context\":\"https:\\\/\\\/schema.org\",\"@graph\":[{\"@type\":\"Article\",\"@id\":\"https:\\\/\\\/grupohoymexico.com\\\/tlaxcala\\\/espectaculos\\\/argylle-decepciona-en-su-primer-semana-de-estreno\\\/#article\",\"isPartOf\":{\"@id\":\"https:\\\/\\\/grupohoymexico.com\\\/tlaxcala\\\/espectaculos\\\/argylle-decepciona-en-su-primer-semana-de-estreno\\\/\"},\"author\":{\"name\":\"Redacci\u00f3n Grupo Hoy\",\"@id\":\"https:\\\/\\\/grupohoymexico.com\\\/tlaxcala\\\/#\\\/schema\\\/person\\\/bc870cc34e948548ddb62cf78ef8474b\"},\"headline\":\"&#8220;Argylle&#8221; Decepciona en su Primer Semana de Estreno\",\"datePublished\":\"2024-11-11T17:39:17+00:00\",\"dateModified\":\"2024-11-11T17:40:19+00:00\",\"mainEntityOfPage\":{\"@id\":\"https:\\\/\\\/grupohoymexico.com\\\/tlaxcala\\\/espectaculos\\\/argylle-decepciona-en-su-primer-semana-de-estreno\\\/\"},\"wordCount\":388,\"commentCount\":0,\"image\":{\"@id\":\"https:\\\/\\\/grupohoymexico.com\\\/tlaxcala\\\/espectaculos\\\/argylle-decepciona-en-su-primer-semana-de-estreno\\\/#primaryimage\"},\"thumbnailUrl\":\"https:\\\/\\\/grupohoymexico.com\\\/tlaxcala\\\/wp-content\\\/uploads\\\/sites\\\/4\\\/2024\\\/11\\\/post-2024-02-07-20-02-07-73bd8e9f-4078-4a5a-9bc5-6dd380e631c0.jpeg\",\"articleSection\":[\"Espect\u00e1culos\"],\"inLanguage\":\"es\",\"potentialAction\":[{\"@type\":\"CommentAction\",\"name\":\"Comment\",\"target\":[\"https:\\\/\\\/grupohoymexico.com\\\/tlaxcala\\\/espectaculos\\\/argylle-decepciona-en-su-primer-semana-de-estreno\\\/#respond\"]}]},{\"@type\":\"WebPage\",\"@id\":\"https:\\\/\\\/grupohoymexico.com\\\/tlaxcala\\\/espectaculos\\\/argylle-decepciona-en-su-primer-semana-de-estreno\\\/\",\"url\":\"https:\\\/\\\/grupohoymexico.com\\\/tlaxcala\\\/espectaculos\\\/argylle-decepciona-en-su-primer-semana-de-estreno\\\/\",\"name\":\"\\\"Argylle\\\" Decepciona en su Primer Semana de Estreno - Tlaxcala Hoy\",\"isPartOf\":{\"@id\":\"https:\\\/\\\/grupohoymexico.com\\\/tlaxcala\\\/#website\"},\"primaryImageOfPage\":{\"@id\":\"https:\\\/\\\/grupohoymexico.com\\\/tlaxcala\\\/espectaculos\\\/argylle-decepciona-en-su-primer-semana-de-estreno\\\/#primaryimage\"},\"image\":{\"@id\":\"https:\\\/\\\/grupohoymexico.com\\\/tlaxcala\\\/espectaculos\\\/argylle-decepciona-en-su-primer-semana-de-estreno\\\/#primaryimage\"},\"thumbnailUrl\":\"https:\\\/\\\/grupohoymexico.com\\\/tlaxcala\\\/wp-content\\\/uploads\\\/sites\\\/4\\\/2024\\\/11\\\/post-2024-02-07-20-02-07-73bd8e9f-4078-4a5a-9bc5-6dd380e631c0.jpeg\",\"datePublished\":\"2024-11-11T17:39:17+00:00\",\"dateModified\":\"2024-11-11T17:40:19+00:00\",\"author\":{\"@id\":\"https:\\\/\\\/grupohoymexico.com\\\/tlaxcala\\\/#\\\/schema\\\/person\\\/bc870cc34e948548ddb62cf78ef8474b\"},\"breadcrumb\":{\"@id\":\"https:\\\/\\\/grupohoymexico.com\\\/tlaxcala\\\/espectaculos\\\/argylle-decepciona-en-su-primer-semana-de-estreno\\\/#breadcrumb\"},\"inLanguage\":\"es\",\"potentialAction\":[{\"@type\":\"ReadAction\",\"target\":[\"https:\\\/\\\/grupohoymexico.com\\\/tlaxcala\\\/espectaculos\\\/argylle-decepciona-en-su-primer-semana-de-estreno\\\/\"]}]},{\"@type\":\"ImageObject\",\"inLanguage\":\"es\",\"@id\":\"https:\\\/\\\/grupohoymexico.com\\\/tlaxcala\\\/espectaculos\\\/argylle-decepciona-en-su-primer-semana-de-estreno\\\/#primaryimage\",\"url\":\"https:\\\/\\\/grupohoymexico.com\\\/tlaxcala\\\/wp-content\\\/uploads\\\/sites\\\/4\\\/2024\\\/11\\\/post-2024-02-07-20-02-07-73bd8e9f-4078-4a5a-9bc5-6dd380e631c0.jpeg\",\"contentUrl\":\"https:\\\/\\\/grupohoymexico.com\\\/tlaxcala\\\/wp-content\\\/uploads\\\/sites\\\/4\\\/2024\\\/11\\\/post-2024-02-07-20-02-07-73bd8e9f-4078-4a5a-9bc5-6dd380e631c0.jpeg\",\"width\":640,\"height\":426},{\"@type\":\"BreadcrumbList\",\"@id\":\"https:\\\/\\\/grupohoymexico.com\\\/tlaxcala\\\/espectaculos\\\/argylle-decepciona-en-su-primer-semana-de-estreno\\\/#breadcrumb\",\"itemListElement\":[{\"@type\":\"ListItem\",\"position\":1,\"name\":\"Inicio\",\"item\":\"https:\\\/\\\/grupohoymexico.com\\\/tlaxcala\\\/\"},{\"@type\":\"ListItem\",\"position\":2,\"name\":\"&#8220;Argylle&#8221; Decepciona en su Primer Semana de Estreno\"}]},{\"@type\":\"WebSite\",\"@id\":\"https:\\\/\\\/grupohoymexico.com\\\/tlaxcala\\\/#website\",\"url\":\"https:\\\/\\\/grupohoymexico.com\\\/tlaxcala\\\/\",\"name\":\"Tlaxcala Hoy\",\"description\":\"El alma de la naci\u00f3n\",\"potentialAction\":[{\"@type\":\"SearchAction\",\"target\":{\"@type\":\"EntryPoint\",\"urlTemplate\":\"https:\\\/\\\/grupohoymexico.com\\\/tlaxcala\\\/?s={search_term_string}\"},\"query-input\":{\"@type\":\"PropertyValueSpecification\",\"valueRequired\":true,\"valueName\":\"search_term_string\"}}],\"inLanguage\":\"es\"},{\"@type\":\"Person\",\"@id\":\"https:\\\/\\\/grupohoymexico.com\\\/tlaxcala\\\/#\\\/schema\\\/person\\\/bc870cc34e948548ddb62cf78ef8474b\",\"name\":\"Redacci\u00f3n Grupo Hoy\",\"image\":{\"@type\":\"ImageObject\",\"inLanguage\":\"es\",\"@id\":\"https:\\\/\\\/secure.gravatar.com\\\/avatar\\\/e8a44ae8f1b7592837f8c496178e70e065758a27945df208805f8cf6fdd56893?s=96&d=mm&r=g\",\"url\":\"https:\\\/\\\/secure.gravatar.com\\\/avatar\\\/e8a44ae8f1b7592837f8c496178e70e065758a27945df208805f8cf6fdd56893?s=96&d=mm&r=g\",\"contentUrl\":\"https:\\\/\\\/secure.gravatar.com\\\/avatar\\\/e8a44ae8f1b7592837f8c496178e70e065758a27945df208805f8cf6fdd56893?s=96&d=mm&r=g\",\"caption\":\"Redacci\u00f3n Grupo Hoy\"},\"url\":\"https:\\\/\\\/grupohoymexico.com\\\/tlaxcala\\\/author\\\/redaccion\\\/\"}]}<\/script>\n<!-- \/ Yoast SEO Premium plugin. -->","yoast_head_json":{"title":"\"Argylle\" Decepciona en su Primer Semana de Estreno - Tlaxcala Hoy","robots":{"index":"index","follow":"follow","max-snippet":"max-snippet:-1","max-image-preview":"max-image-preview:large","max-video-preview":"max-video-preview:-1"},"canonical":"https:\/\/grupohoymexico.com\/tlaxcala\/espectaculos\/argylle-decepciona-en-su-primer-semana-de-estreno\/","og_locale":"es_MX","og_type":"article","og_title":"\"Argylle\" Decepciona en su Primer Semana de Estreno","og_description":"La anticipada pel\u00edcula de esp\u00edas &#8220;Argylle&#8221; no logr\u00f3 cumplir con las altas expectativas que rodeaban su estreno, a&hellip;","og_url":"https:\/\/grupohoymexico.com\/tlaxcala\/espectaculos\/argylle-decepciona-en-su-primer-semana-de-estreno\/","og_site_name":"Tlaxcala Hoy","article_published_time":"2024-11-11T17:39:17+00:00","article_modified_time":"2024-11-11T17:40:19+00:00","og_image":[{"width":640,"height":426,"url":"https:\/\/grupohoymexico.com\/tlaxcala\/wp-content\/uploads\/sites\/4\/2024\/11\/post-2024-02-07-20-02-07-73bd8e9f-4078-4a5a-9bc5-6dd380e631c0.jpeg","type":"image\/jpeg"}],"author":"Redacci\u00f3n Grupo Hoy","twitter_card":"summary_large_image","twitter_misc":{"Escrito por":"Redacci\u00f3n Grupo Hoy","Tiempo de lectura":"1 minuto"},"schema":{"@context":"https:\/\/schema.org","@graph":[{"@type":"Article","@id":"https:\/\/grupohoymexico.com\/tlaxcala\/espectaculos\/argylle-decepciona-en-su-primer-semana-de-estreno\/#article","isPartOf":{"@id":"https:\/\/grupohoymexico.com\/tlaxcala\/espectaculos\/argylle-decepciona-en-su-primer-semana-de-estreno\/"},"author":{"name":"Redacci\u00f3n Grupo Hoy","@id":"https:\/\/grupohoymexico.com\/tlaxcala\/#\/schema\/person\/bc870cc34e948548ddb62cf78ef8474b"},"headline":"&#8220;Argylle&#8221; Decepciona en su Primer Semana de Estreno","datePublished":"2024-11-11T17:39:17+00:00","dateModified":"2024-11-11T17:40:19+00:00","mainEntityOfPage":{"@id":"https:\/\/grupohoymexico.com\/tlaxcala\/espectaculos\/argylle-decepciona-en-su-primer-semana-de-estreno\/"},"wordCount":388,"commentCount":0,"image":{"@id":"https:\/\/grupohoymexico.com\/tlaxcala\/espectaculos\/argylle-decepciona-en-su-primer-semana-de-estreno\/#primaryimage"},"thumbnailUrl":"https:\/\/grupohoymexico.com\/tlaxcala\/wp-content\/uploads\/sites\/4\/2024\/11\/post-2024-02-07-20-02-07-73bd8e9f-4078-4a5a-9bc5-6dd380e631c0.jpeg","articleSection":["Espect\u00e1culos"],"inLanguage":"es","potentialAction":[{"@type":"CommentAction","name":"Comment","target":["https:\/\/grupohoymexico.com\/tlaxcala\/espectaculos\/argylle-decepciona-en-su-primer-semana-de-estreno\/#respond"]}]},{"@type":"WebPage","@id":"https:\/\/grupohoymexico.com\/tlaxcala\/espectaculos\/argylle-decepciona-en-su-primer-semana-de-estreno\/","url":"https:\/\/grupohoymexico.com\/tlaxcala\/espectaculos\/argylle-decepciona-en-su-primer-semana-de-estreno\/","name":"\"Argylle\" Decepciona en su Primer Semana de Estreno - Tlaxcala Hoy","isPartOf":{"@id":"https:\/\/grupohoymexico.com\/tlaxcala\/#website"},"primaryImageOfPage":{"@id":"https:\/\/grupohoymexico.com\/tlaxcala\/espectaculos\/argylle-decepciona-en-su-primer-semana-de-estreno\/#primaryimage"},"image":{"@id":"https:\/\/grupohoymexico.com\/tlaxcala\/espectaculos\/argylle-decepciona-en-su-primer-semana-de-estreno\/#primaryimage"},"thumbnailUrl":"https:\/\/grupohoymexico.com\/tlaxcala\/wp-content\/uploads\/sites\/4\/2024\/11\/post-2024-02-07-20-02-07-73bd8e9f-4078-4a5a-9bc5-6dd380e631c0.jpeg","datePublished":"2024-11-11T17:39:17+00:00","dateModified":"2024-11-11T17:40:19+00:00","author":{"@id":"https:\/\/grupohoymexico.com\/tlaxcala\/#\/schema\/person\/bc870cc34e948548ddb62cf78ef8474b"},"breadcrumb":{"@id":"https:\/\/grupohoymexico.com\/tlaxcala\/espectaculos\/argylle-decepciona-en-su-primer-semana-de-estreno\/#breadcrumb"},"inLanguage":"es","potentialAction":[{"@type":"ReadAction","target":["https:\/\/grupohoymexico.com\/tlaxcala\/espectaculos\/argylle-decepciona-en-su-primer-semana-de-estreno\/"]}]},{"@type":"ImageObject","inLanguage":"es","@id":"https:\/\/grupohoymexico.com\/tlaxcala\/espectaculos\/argylle-decepciona-en-su-primer-semana-de-estreno\/#primaryimage","url":"https:\/\/grupohoymexico.com\/tlaxcala\/wp-content\/uploads\/sites\/4\/2024\/11\/post-2024-02-07-20-02-07-73bd8e9f-4078-4a5a-9bc5-6dd380e631c0.jpeg","contentUrl":"https:\/\/grupohoymexico.com\/tlaxcala\/wp-content\/uploads\/sites\/4\/2024\/11\/post-2024-02-07-20-02-07-73bd8e9f-4078-4a5a-9bc5-6dd380e631c0.jpeg","width":640,"height":426},{"@type":"BreadcrumbList","@id":"https:\/\/grupohoymexico.com\/tlaxcala\/espectaculos\/argylle-decepciona-en-su-primer-semana-de-estreno\/#breadcrumb","itemListElement":[{"@type":"ListItem","position":1,"name":"Inicio","item":"https:\/\/grupohoymexico.com\/tlaxcala\/"},{"@type":"ListItem","position":2,"name":"&#8220;Argylle&#8221; Decepciona en su Primer Semana de Estreno"}]},{"@type":"WebSite","@id":"https:\/\/grupohoymexico.com\/tlaxcala\/#website","url":"https:\/\/grupohoymexico.com\/tlaxcala\/","name":"Tlaxcala Hoy","description":"El alma de la naci\u00f3n","potentialAction":[{"@type":"SearchAction","target":{"@type":"EntryPoint","urlTemplate":"https:\/\/grupohoymexico.com\/tlaxcala\/?s={search_term_string}"},"query-input":{"@type":"PropertyValueSpecification","valueRequired":true,"valueName":"search_term_string"}}],"inLanguage":"es"},{"@type":"Person","@id":"https:\/\/grupohoymexico.com\/tlaxcala\/#\/schema\/person\/bc870cc34e948548ddb62cf78ef8474b","name":"Redacci\u00f3n Grupo Hoy","image":{"@type":"ImageObject","inLanguage":"es","@id":"https:\/\/secure.gravatar.com\/avatar\/e8a44ae8f1b7592837f8c496178e70e065758a27945df208805f8cf6fdd56893?s=96&d=mm&r=g","url":"https:\/\/secure.gravatar.com\/avatar\/e8a44ae8f1b7592837f8c496178e70e065758a27945df208805f8cf6fdd56893?s=96&d=mm&r=g","contentUrl":"https:\/\/secure.gravatar.com\/avatar\/e8a44ae8f1b7592837f8c496178e70e065758a27945df208805f8cf6fdd56893?s=96&d=mm&r=g","caption":"Redacci\u00f3n Grupo Hoy"},"url":"https:\/\/grupohoymexico.com\/tlaxcala\/author\/redaccion\/"}]}},"_links":{"self":[{"href":"https:\/\/grupohoymexico.com\/tlaxcala\/wp-json\/wp\/v2\/posts\/518","targetHints":{"allow":["GET"]}}],"collection":[{"href":"https:\/\/grupohoymexico.com\/tlaxcala\/wp-json\/wp\/v2\/posts"}],"about":[{"href":"https:\/\/grupohoymexico.com\/tlaxcala\/wp-json\/wp\/v2\/types\/post"}],"author":[{"embeddable":true,"href":"https:\/\/grupohoymexico.com\/tlaxcala\/wp-json\/wp\/v2\/users\/34"}],"replies":[{"embeddable":true,"href":"https:\/\/grupohoymexico.com\/tlaxcala\/wp-json\/wp\/v2\/comments?post=518"}],"version-history":[{"count":1,"href":"https:\/\/grupohoymexico.com\/tlaxcala\/wp-json\/wp\/v2\/posts\/518\/revisions"}],"predecessor-version":[{"id":520,"href":"https:\/\/grupohoymexico.com\/tlaxcala\/wp-json\/wp\/v2\/posts\/518\/revisions\/520"}],"wp:featuredmedia":[{"embeddable":true,"href":"https:\/\/grupohoymexico.com\/tlaxcala\/wp-json\/wp\/v2\/media\/519"}],"wp:attachment":[{"href":"https:\/\/grupohoymexico.com\/tlaxcala\/wp-json\/wp\/v2\/media?parent=518"}],"wp:term":[{"taxonomy":"category","embeddable":true,"href":"https:\/\/grupohoymexico.com\/tlaxcala\/wp-json\/wp\/v2\/categories?post=518"},{"taxonomy":"post_tag","embeddable":true,"href":"https:\/\/grupohoymexico.com\/tlaxcala\/wp-json\/wp\/v2\/tags?post=518"}],"curies":[{"name":"wp","href":"https:\/\/api.w.org\/{rel}","templated":true}]}}