{"id":5068,"date":"2026-01-28T10:40:10","date_gmt":"2026-01-28T16:40:10","guid":{"rendered":"https:\/\/grupohoymexico.com\/tlaxcala\/?p=5068"},"modified":"2026-01-28T09:53:58","modified_gmt":"2026-01-28T15:53:58","slug":"ana-lilia-rivera-promueve-la-atencion-aboga-por-inversion-en-la-juventud","status":"publish","type":"post","link":"https:\/\/grupohoymexico.com\/tlaxcala\/politica\/ana-lilia-rivera-promueve-la-atencion-aboga-por-inversion-en-la-juventud\/","title":{"rendered":"Ana Lilia Rivera promueve la atenci\u00f3n aboga por inversi\u00f3n en la juventud"},"content":{"rendered":"<article>La senadora <strong>Ana Lilia Rivera Rivera<\/strong> reiter\u00f3 la importancia de destinar recursos a la juventud como una estrategia para garantizar el desarrollo futuro tanto de <strong>Tlaxcala<\/strong> como del pa\u00eds. La legisladora destac\u00f3 que invertir en las y los j\u00f3venes constituye una prioridad para fortalecer las bases sociales y econ\u00f3micas de M\u00e9xico.<\/p>\n<p>En sus recientes manifestaciones p\u00fablicas, Rivera Rivera afirm\u00f3 que la continuidad de las becas del Bienestar es fundamental para apoyar a la poblaci\u00f3n juvenil a nivel nacional. Estos apoyos buscan ofrecer oportunidades educativas y laborales que contribuyan a mejorar las condiciones de vida de este sector demogr\u00e1fico, considerado clave para el progreso del pa\u00eds.<\/p>\n<p>Las becas del Bienestar forman parte de los programas sociales impulsados en los \u00faltimos a\u00f1os por el gobierno federal, con el objetivo de reducir la desigualdad y facilitar el acceso a la educaci\u00f3n superior y t\u00e9cnica. En el contexto de Tlaxcala, estas iniciativas tienen un impacto relevante debido a las caracter\u00edsticas socioecon\u00f3micas de la regi\u00f3n, donde un porcentaje considerable de j\u00f3venes enfrenta limitaciones para continuar sus estudios o incorporarse al mercado laboral formal.<\/p>\n<p><em>Sigue nuestras cuentas en <a href=\"https:\/\/www.facebook.com\/TlaxcalaHoyNoticias?__tn__=%3C\" target=\"_blank\" rel=\"noopener\">Facebook<\/a> e <a href=\"https:\/\/www.instagram.com\/tlaxcalahoy_noticias\/\" target=\"_blank\" rel=\"noopener\">Instagram<\/a> para mantenerte informado con las noticias m\u00e1s relevantes.<\/em><\/p>\n<h2>Juventud y desarrollo ante el impulso a la ciencia y tecnolog\u00eda en Tlaxcala: Ana Lilia Rivera<\/h2>\n<p>En meses anteriores, Ana Lilia Rivera enfatiz\u00f3 que el a\u00f1o <strong>2026<\/strong> es una etapa decisiva para consolidar avances sociales y econ\u00f3micos. Asimismo, hizo un llamado a la juventud tlaxcalteca para involucrarse en \u00e1reas como la ciencia y la tecnolog\u00eda, sectores considerados esenciales para la innovaci\u00f3n y el desarrollo sostenible. La senadora subray\u00f3 que estas \u00e1reas no deben percibirse como distantes o inaccesibles, sino como oportunidades reales para la formaci\u00f3n profesional y la contribuci\u00f3n al bienestar colectivo.<\/p>\n<p>El impulso a la ciencia y la tecnolog\u00eda en Tlaxcala se inserta en un marco institucional que busca fortalecer la soberan\u00eda cient\u00edfica y tecnol\u00f3gica. Este enfoque responde a tendencias nacionales e internacionales que se\u00f1alan la importancia de una base cient\u00edfica s\u00f3lida para competir en la econom\u00eda global y mejorar la calidad de vida de la poblaci\u00f3n.<\/p>\n<p>En materia legislativa, Ana Lilia Rivera forma parte de comisiones vinculadas con la educaci\u00f3n, la juventud y las pol\u00edticas sociales, contextos desde los cuales promueve iniciativas para ampliar y consolidar los programas de apoyo a j\u00f3venes. Su labor se enmarca dentro del cumplimiento de compromisos del gobierno federal, que ha mantenido un \u00e9nfasis en pol\u00edticas sociales orientadas a sectores vulnerables y en desarrollo.<\/p>\n<p>El enfoque en la juventud refleja tambi\u00e9n una din\u00e1mica demogr\u00e1fica nacional, donde los j\u00f3venes representan una porci\u00f3n significativa de la poblaci\u00f3n y constituyen un factor esencial para la continuidad econ\u00f3mica, social y pol\u00edtica. Por ello, las decisiones y acciones orientadas a este grupo adquieren relevancia p\u00fablica y forman parte de la agenda gubernamental de largo plazo.<\/p>\n<p>Este an\u00e1lisis forma parte de las relaciones y temas abordados en la categor\u00eda <a href=\"https:\/\/grupohoymexico.com\/tlaxcala\/category\/estatal\/\">estatal<\/a>. M\u00e1s informaci\u00f3n sobre programas sociales gubernamentales puede consultarse en <a href=\"https:\/\/www.gob.mx\" target=\"_blank\" rel=\"noopener noreferrer\">www.gob.mx<\/a>.<\/p>\n<\/article>\n","protected":false},"excerpt":{"rendered":"La senadora Ana Lilia Rivera Rivera reiter\u00f3 la importancia de destinar recursos a la juventud como una estrategia&hellip;","protected":false},"author":34,"featured_media":5089,"comment_status":"open","ping_status":"open","sticky":false,"template":"","format":"standard","meta":{"csco_display_header_overlay":false,"csco_singular_sidebar":"","csco_page_header_type":"","csco_page_load_nextpost":"","csco_post_video_location":[],"csco_post_video_location_hash":"","csco_post_video_url":"","csco_post_video_bg_start_time":0,"csco_post_video_bg_end_time":0,"footnotes":""},"categories":[2162],"tags":[],"class_list":{"0":"post-5068","1":"post","2":"type-post","3":"status-publish","4":"format-standard","5":"has-post-thumbnail","7":"category-politica","8":"cs-entry","9":"cs-video-wrap"},"yoast_head":"<!-- This site is optimized with the Yoast SEO Premium plugin v24.7 (Yoast SEO v27.4) - https:\/\/yoast.com\/product\/yoast-seo-premium-wordpress\/ -->\n<title>Juventud y desarrollo, prioridades en discurso de Ana Lilia Rivera<\/title>\n<meta name=\"description\" content=\"Ana Lilia Rivera destac\u00f3 la inversi\u00f3n en juventud y desarrollo para fortalecer la educaci\u00f3n y oportunidades laborales en Tlaxcala y M\u00e9xico.\" \/>\n<meta name=\"robots\" content=\"index, follow, max-snippet:-1, max-image-preview:large, max-video-preview:-1\" \/>\n<link rel=\"canonical\" href=\"https:\/\/grupohoymexico.com\/tlaxcala\/politica\/ana-lilia-rivera-promueve-la-atencion-aboga-por-inversion-en-la-juventud\/\" \/>\n<meta property=\"og:locale\" content=\"es_MX\" \/>\n<meta property=\"og:type\" content=\"article\" \/>\n<meta property=\"og:title\" content=\"Ana Lilia Rivera promueve la atenci\u00f3n aboga por inversi\u00f3n en la juventud\" \/>\n<meta property=\"og:description\" content=\"Ana Lilia Rivera destac\u00f3 la inversi\u00f3n en juventud y desarrollo para fortalecer la educaci\u00f3n y oportunidades laborales en Tlaxcala y M\u00e9xico.\" \/>\n<meta property=\"og:url\" content=\"https:\/\/grupohoymexico.com\/tlaxcala\/politica\/ana-lilia-rivera-promueve-la-atencion-aboga-por-inversion-en-la-juventud\/\" \/>\n<meta property=\"og:site_name\" content=\"Tlaxcala Hoy\" \/>\n<meta property=\"article:published_time\" content=\"2026-01-28T16:40:10+00:00\" \/>\n<meta property=\"og:image\" content=\"https:\/\/grupohoymexico.com\/tlaxcala\/wp-content\/uploads\/sites\/4\/2026\/01\/ana_lilia_rivera_juventud_tlaxcala_.jpg\" \/>\n\t<meta property=\"og:image:width\" content=\"1280\" \/>\n\t<meta property=\"og:image:height\" content=\"740\" \/>\n\t<meta property=\"og:image:type\" content=\"image\/jpeg\" \/>\n<meta name=\"author\" content=\"Redacci\u00f3n Grupo Hoy\" \/>\n<meta name=\"twitter:card\" content=\"summary_large_image\" \/>\n<meta name=\"twitter:label1\" content=\"Escrito por\" \/>\n\t<meta name=\"twitter:data1\" content=\"Redacci\u00f3n Grupo Hoy\" \/>\n\t<meta name=\"twitter:label2\" content=\"Tiempo de lectura\" \/>\n\t<meta name=\"twitter:data2\" content=\"3 minutos\" \/>\n<script type=\"application\/ld+json\" class=\"yoast-schema-graph\">{\"@context\":\"https:\\\/\\\/schema.org\",\"@graph\":[{\"@type\":\"Article\",\"@id\":\"https:\\\/\\\/grupohoymexico.com\\\/tlaxcala\\\/politica\\\/ana-lilia-rivera-promueve-la-atencion-aboga-por-inversion-en-la-juventud\\\/#article\",\"isPartOf\":{\"@id\":\"https:\\\/\\\/grupohoymexico.com\\\/tlaxcala\\\/politica\\\/ana-lilia-rivera-promueve-la-atencion-aboga-por-inversion-en-la-juventud\\\/\"},\"author\":{\"name\":\"Redacci\u00f3n Grupo Hoy\",\"@id\":\"https:\\\/\\\/grupohoymexico.com\\\/tlaxcala\\\/#\\\/schema\\\/person\\\/bc870cc34e948548ddb62cf78ef8474b\"},\"headline\":\"Ana Lilia Rivera promueve la atenci\u00f3n aboga por inversi\u00f3n en la juventud\",\"datePublished\":\"2026-01-28T16:40:10+00:00\",\"mainEntityOfPage\":{\"@id\":\"https:\\\/\\\/grupohoymexico.com\\\/tlaxcala\\\/politica\\\/ana-lilia-rivera-promueve-la-atencion-aboga-por-inversion-en-la-juventud\\\/\"},\"wordCount\":548,\"commentCount\":0,\"image\":{\"@id\":\"https:\\\/\\\/grupohoymexico.com\\\/tlaxcala\\\/politica\\\/ana-lilia-rivera-promueve-la-atencion-aboga-por-inversion-en-la-juventud\\\/#primaryimage\"},\"thumbnailUrl\":\"https:\\\/\\\/grupohoymexico.com\\\/tlaxcala\\\/wp-content\\\/uploads\\\/sites\\\/4\\\/2026\\\/01\\\/ana_lilia_rivera_juventud_tlaxcala_.jpg\",\"articleSection\":[\"Pol\u00edtica\"],\"inLanguage\":\"es\",\"potentialAction\":[{\"@type\":\"CommentAction\",\"name\":\"Comment\",\"target\":[\"https:\\\/\\\/grupohoymexico.com\\\/tlaxcala\\\/politica\\\/ana-lilia-rivera-promueve-la-atencion-aboga-por-inversion-en-la-juventud\\\/#respond\"]}]},{\"@type\":\"WebPage\",\"@id\":\"https:\\\/\\\/grupohoymexico.com\\\/tlaxcala\\\/politica\\\/ana-lilia-rivera-promueve-la-atencion-aboga-por-inversion-en-la-juventud\\\/\",\"url\":\"https:\\\/\\\/grupohoymexico.com\\\/tlaxcala\\\/politica\\\/ana-lilia-rivera-promueve-la-atencion-aboga-por-inversion-en-la-juventud\\\/\",\"name\":\"Juventud y desarrollo, prioridades en discurso de Ana Lilia Rivera\",\"isPartOf\":{\"@id\":\"https:\\\/\\\/grupohoymexico.com\\\/tlaxcala\\\/#website\"},\"primaryImageOfPage\":{\"@id\":\"https:\\\/\\\/grupohoymexico.com\\\/tlaxcala\\\/politica\\\/ana-lilia-rivera-promueve-la-atencion-aboga-por-inversion-en-la-juventud\\\/#primaryimage\"},\"image\":{\"@id\":\"https:\\\/\\\/grupohoymexico.com\\\/tlaxcala\\\/politica\\\/ana-lilia-rivera-promueve-la-atencion-aboga-por-inversion-en-la-juventud\\\/#primaryimage\"},\"thumbnailUrl\":\"https:\\\/\\\/grupohoymexico.com\\\/tlaxcala\\\/wp-content\\\/uploads\\\/sites\\\/4\\\/2026\\\/01\\\/ana_lilia_rivera_juventud_tlaxcala_.jpg\",\"datePublished\":\"2026-01-28T16:40:10+00:00\",\"author\":{\"@id\":\"https:\\\/\\\/grupohoymexico.com\\\/tlaxcala\\\/#\\\/schema\\\/person\\\/bc870cc34e948548ddb62cf78ef8474b\"},\"description\":\"Ana Lilia Rivera destac\u00f3 la inversi\u00f3n en juventud y desarrollo para fortalecer la educaci\u00f3n y oportunidades laborales en Tlaxcala y M\u00e9xico.\",\"breadcrumb\":{\"@id\":\"https:\\\/\\\/grupohoymexico.com\\\/tlaxcala\\\/politica\\\/ana-lilia-rivera-promueve-la-atencion-aboga-por-inversion-en-la-juventud\\\/#breadcrumb\"},\"inLanguage\":\"es\",\"potentialAction\":[{\"@type\":\"ReadAction\",\"target\":[\"https:\\\/\\\/grupohoymexico.com\\\/tlaxcala\\\/politica\\\/ana-lilia-rivera-promueve-la-atencion-aboga-por-inversion-en-la-juventud\\\/\"]}]},{\"@type\":\"ImageObject\",\"inLanguage\":\"es\",\"@id\":\"https:\\\/\\\/grupohoymexico.com\\\/tlaxcala\\\/politica\\\/ana-lilia-rivera-promueve-la-atencion-aboga-por-inversion-en-la-juventud\\\/#primaryimage\",\"url\":\"https:\\\/\\\/grupohoymexico.com\\\/tlaxcala\\\/wp-content\\\/uploads\\\/sites\\\/4\\\/2026\\\/01\\\/ana_lilia_rivera_juventud_tlaxcala_.jpg\",\"contentUrl\":\"https:\\\/\\\/grupohoymexico.com\\\/tlaxcala\\\/wp-content\\\/uploads\\\/sites\\\/4\\\/2026\\\/01\\\/ana_lilia_rivera_juventud_tlaxcala_.jpg\",\"width\":1280,\"height\":740,\"caption\":\"Foto: Facebook\"},{\"@type\":\"BreadcrumbList\",\"@id\":\"https:\\\/\\\/grupohoymexico.com\\\/tlaxcala\\\/politica\\\/ana-lilia-rivera-promueve-la-atencion-aboga-por-inversion-en-la-juventud\\\/#breadcrumb\",\"itemListElement\":[{\"@type\":\"ListItem\",\"position\":1,\"name\":\"Inicio\",\"item\":\"https:\\\/\\\/grupohoymexico.com\\\/tlaxcala\\\/\"},{\"@type\":\"ListItem\",\"position\":2,\"name\":\"Ana Lilia Rivera promueve la atenci\u00f3n aboga por inversi\u00f3n en la juventud\"}]},{\"@type\":\"WebSite\",\"@id\":\"https:\\\/\\\/grupohoymexico.com\\\/tlaxcala\\\/#website\",\"url\":\"https:\\\/\\\/grupohoymexico.com\\\/tlaxcala\\\/\",\"name\":\"Tlaxcala Hoy\",\"description\":\"El alma de la naci\u00f3n\",\"potentialAction\":[{\"@type\":\"SearchAction\",\"target\":{\"@type\":\"EntryPoint\",\"urlTemplate\":\"https:\\\/\\\/grupohoymexico.com\\\/tlaxcala\\\/?s={search_term_string}\"},\"query-input\":{\"@type\":\"PropertyValueSpecification\",\"valueRequired\":true,\"valueName\":\"search_term_string\"}}],\"inLanguage\":\"es\"},{\"@type\":\"Person\",\"@id\":\"https:\\\/\\\/grupohoymexico.com\\\/tlaxcala\\\/#\\\/schema\\\/person\\\/bc870cc34e948548ddb62cf78ef8474b\",\"name\":\"Redacci\u00f3n Grupo Hoy\",\"image\":{\"@type\":\"ImageObject\",\"inLanguage\":\"es\",\"@id\":\"https:\\\/\\\/secure.gravatar.com\\\/avatar\\\/e8a44ae8f1b7592837f8c496178e70e065758a27945df208805f8cf6fdd56893?s=96&d=mm&r=g\",\"url\":\"https:\\\/\\\/secure.gravatar.com\\\/avatar\\\/e8a44ae8f1b7592837f8c496178e70e065758a27945df208805f8cf6fdd56893?s=96&d=mm&r=g\",\"contentUrl\":\"https:\\\/\\\/secure.gravatar.com\\\/avatar\\\/e8a44ae8f1b7592837f8c496178e70e065758a27945df208805f8cf6fdd56893?s=96&d=mm&r=g\",\"caption\":\"Redacci\u00f3n Grupo Hoy\"},\"url\":\"https:\\\/\\\/grupohoymexico.com\\\/tlaxcala\\\/author\\\/redaccion\\\/\"}]}<\/script>\n<!-- \/ Yoast SEO Premium plugin. -->","yoast_head_json":{"title":"Juventud y desarrollo, prioridades en discurso de Ana Lilia Rivera","description":"Ana Lilia Rivera destac\u00f3 la inversi\u00f3n en juventud y desarrollo para fortalecer la educaci\u00f3n y oportunidades laborales en Tlaxcala y M\u00e9xico.","robots":{"index":"index","follow":"follow","max-snippet":"max-snippet:-1","max-image-preview":"max-image-preview:large","max-video-preview":"max-video-preview:-1"},"canonical":"https:\/\/grupohoymexico.com\/tlaxcala\/politica\/ana-lilia-rivera-promueve-la-atencion-aboga-por-inversion-en-la-juventud\/","og_locale":"es_MX","og_type":"article","og_title":"Ana Lilia Rivera promueve la atenci\u00f3n aboga por inversi\u00f3n en la juventud","og_description":"Ana Lilia Rivera destac\u00f3 la inversi\u00f3n en juventud y desarrollo para fortalecer la educaci\u00f3n y oportunidades laborales en Tlaxcala y M\u00e9xico.","og_url":"https:\/\/grupohoymexico.com\/tlaxcala\/politica\/ana-lilia-rivera-promueve-la-atencion-aboga-por-inversion-en-la-juventud\/","og_site_name":"Tlaxcala Hoy","article_published_time":"2026-01-28T16:40:10+00:00","og_image":[{"width":1280,"height":740,"url":"https:\/\/grupohoymexico.com\/tlaxcala\/wp-content\/uploads\/sites\/4\/2026\/01\/ana_lilia_rivera_juventud_tlaxcala_.jpg","type":"image\/jpeg"}],"author":"Redacci\u00f3n Grupo Hoy","twitter_card":"summary_large_image","twitter_misc":{"Escrito por":"Redacci\u00f3n Grupo Hoy","Tiempo de lectura":"3 minutos"},"schema":{"@context":"https:\/\/schema.org","@graph":[{"@type":"Article","@id":"https:\/\/grupohoymexico.com\/tlaxcala\/politica\/ana-lilia-rivera-promueve-la-atencion-aboga-por-inversion-en-la-juventud\/#article","isPartOf":{"@id":"https:\/\/grupohoymexico.com\/tlaxcala\/politica\/ana-lilia-rivera-promueve-la-atencion-aboga-por-inversion-en-la-juventud\/"},"author":{"name":"Redacci\u00f3n Grupo Hoy","@id":"https:\/\/grupohoymexico.com\/tlaxcala\/#\/schema\/person\/bc870cc34e948548ddb62cf78ef8474b"},"headline":"Ana Lilia Rivera promueve la atenci\u00f3n aboga por inversi\u00f3n en la juventud","datePublished":"2026-01-28T16:40:10+00:00","mainEntityOfPage":{"@id":"https:\/\/grupohoymexico.com\/tlaxcala\/politica\/ana-lilia-rivera-promueve-la-atencion-aboga-por-inversion-en-la-juventud\/"},"wordCount":548,"commentCount":0,"image":{"@id":"https:\/\/grupohoymexico.com\/tlaxcala\/politica\/ana-lilia-rivera-promueve-la-atencion-aboga-por-inversion-en-la-juventud\/#primaryimage"},"thumbnailUrl":"https:\/\/grupohoymexico.com\/tlaxcala\/wp-content\/uploads\/sites\/4\/2026\/01\/ana_lilia_rivera_juventud_tlaxcala_.jpg","articleSection":["Pol\u00edtica"],"inLanguage":"es","potentialAction":[{"@type":"CommentAction","name":"Comment","target":["https:\/\/grupohoymexico.com\/tlaxcala\/politica\/ana-lilia-rivera-promueve-la-atencion-aboga-por-inversion-en-la-juventud\/#respond"]}]},{"@type":"WebPage","@id":"https:\/\/grupohoymexico.com\/tlaxcala\/politica\/ana-lilia-rivera-promueve-la-atencion-aboga-por-inversion-en-la-juventud\/","url":"https:\/\/grupohoymexico.com\/tlaxcala\/politica\/ana-lilia-rivera-promueve-la-atencion-aboga-por-inversion-en-la-juventud\/","name":"Juventud y desarrollo, prioridades en discurso de Ana Lilia Rivera","isPartOf":{"@id":"https:\/\/grupohoymexico.com\/tlaxcala\/#website"},"primaryImageOfPage":{"@id":"https:\/\/grupohoymexico.com\/tlaxcala\/politica\/ana-lilia-rivera-promueve-la-atencion-aboga-por-inversion-en-la-juventud\/#primaryimage"},"image":{"@id":"https:\/\/grupohoymexico.com\/tlaxcala\/politica\/ana-lilia-rivera-promueve-la-atencion-aboga-por-inversion-en-la-juventud\/#primaryimage"},"thumbnailUrl":"https:\/\/grupohoymexico.com\/tlaxcala\/wp-content\/uploads\/sites\/4\/2026\/01\/ana_lilia_rivera_juventud_tlaxcala_.jpg","datePublished":"2026-01-28T16:40:10+00:00","author":{"@id":"https:\/\/grupohoymexico.com\/tlaxcala\/#\/schema\/person\/bc870cc34e948548ddb62cf78ef8474b"},"description":"Ana Lilia Rivera destac\u00f3 la inversi\u00f3n en juventud y desarrollo para fortalecer la educaci\u00f3n y oportunidades laborales en Tlaxcala y M\u00e9xico.","breadcrumb":{"@id":"https:\/\/grupohoymexico.com\/tlaxcala\/politica\/ana-lilia-rivera-promueve-la-atencion-aboga-por-inversion-en-la-juventud\/#breadcrumb"},"inLanguage":"es","potentialAction":[{"@type":"ReadAction","target":["https:\/\/grupohoymexico.com\/tlaxcala\/politica\/ana-lilia-rivera-promueve-la-atencion-aboga-por-inversion-en-la-juventud\/"]}]},{"@type":"ImageObject","inLanguage":"es","@id":"https:\/\/grupohoymexico.com\/tlaxcala\/politica\/ana-lilia-rivera-promueve-la-atencion-aboga-por-inversion-en-la-juventud\/#primaryimage","url":"https:\/\/grupohoymexico.com\/tlaxcala\/wp-content\/uploads\/sites\/4\/2026\/01\/ana_lilia_rivera_juventud_tlaxcala_.jpg","contentUrl":"https:\/\/grupohoymexico.com\/tlaxcala\/wp-content\/uploads\/sites\/4\/2026\/01\/ana_lilia_rivera_juventud_tlaxcala_.jpg","width":1280,"height":740,"caption":"Foto: Facebook"},{"@type":"BreadcrumbList","@id":"https:\/\/grupohoymexico.com\/tlaxcala\/politica\/ana-lilia-rivera-promueve-la-atencion-aboga-por-inversion-en-la-juventud\/#breadcrumb","itemListElement":[{"@type":"ListItem","position":1,"name":"Inicio","item":"https:\/\/grupohoymexico.com\/tlaxcala\/"},{"@type":"ListItem","position":2,"name":"Ana Lilia Rivera promueve la atenci\u00f3n aboga por inversi\u00f3n en la juventud"}]},{"@type":"WebSite","@id":"https:\/\/grupohoymexico.com\/tlaxcala\/#website","url":"https:\/\/grupohoymexico.com\/tlaxcala\/","name":"Tlaxcala Hoy","description":"El alma de la naci\u00f3n","potentialAction":[{"@type":"SearchAction","target":{"@type":"EntryPoint","urlTemplate":"https:\/\/grupohoymexico.com\/tlaxcala\/?s={search_term_string}"},"query-input":{"@type":"PropertyValueSpecification","valueRequired":true,"valueName":"search_term_string"}}],"inLanguage":"es"},{"@type":"Person","@id":"https:\/\/grupohoymexico.com\/tlaxcala\/#\/schema\/person\/bc870cc34e948548ddb62cf78ef8474b","name":"Redacci\u00f3n Grupo Hoy","image":{"@type":"ImageObject","inLanguage":"es","@id":"https:\/\/secure.gravatar.com\/avatar\/e8a44ae8f1b7592837f8c496178e70e065758a27945df208805f8cf6fdd56893?s=96&d=mm&r=g","url":"https:\/\/secure.gravatar.com\/avatar\/e8a44ae8f1b7592837f8c496178e70e065758a27945df208805f8cf6fdd56893?s=96&d=mm&r=g","contentUrl":"https:\/\/secure.gravatar.com\/avatar\/e8a44ae8f1b7592837f8c496178e70e065758a27945df208805f8cf6fdd56893?s=96&d=mm&r=g","caption":"Redacci\u00f3n Grupo Hoy"},"url":"https:\/\/grupohoymexico.com\/tlaxcala\/author\/redaccion\/"}]}},"_links":{"self":[{"href":"https:\/\/grupohoymexico.com\/tlaxcala\/wp-json\/wp\/v2\/posts\/5068","targetHints":{"allow":["GET"]}}],"collection":[{"href":"https:\/\/grupohoymexico.com\/tlaxcala\/wp-json\/wp\/v2\/posts"}],"about":[{"href":"https:\/\/grupohoymexico.com\/tlaxcala\/wp-json\/wp\/v2\/types\/post"}],"author":[{"embeddable":true,"href":"https:\/\/grupohoymexico.com\/tlaxcala\/wp-json\/wp\/v2\/users\/34"}],"replies":[{"embeddable":true,"href":"https:\/\/grupohoymexico.com\/tlaxcala\/wp-json\/wp\/v2\/comments?post=5068"}],"version-history":[{"count":2,"href":"https:\/\/grupohoymexico.com\/tlaxcala\/wp-json\/wp\/v2\/posts\/5068\/revisions"}],"predecessor-version":[{"id":5090,"href":"https:\/\/grupohoymexico.com\/tlaxcala\/wp-json\/wp\/v2\/posts\/5068\/revisions\/5090"}],"wp:featuredmedia":[{"embeddable":true,"href":"https:\/\/grupohoymexico.com\/tlaxcala\/wp-json\/wp\/v2\/media\/5089"}],"wp:attachment":[{"href":"https:\/\/grupohoymexico.com\/tlaxcala\/wp-json\/wp\/v2\/media?parent=5068"}],"wp:term":[{"taxonomy":"category","embeddable":true,"href":"https:\/\/grupohoymexico.com\/tlaxcala\/wp-json\/wp\/v2\/categories?post=5068"},{"taxonomy":"post_tag","embeddable":true,"href":"https:\/\/grupohoymexico.com\/tlaxcala\/wp-json\/wp\/v2\/tags?post=5068"}],"curies":[{"name":"wp","href":"https:\/\/api.w.org\/{rel}","templated":true}]}}