{"id":4362,"date":"2025-10-01T10:00:55","date_gmt":"2025-10-01T10:00:55","guid":{"rendered":"https:\/\/grupohoymexico.com\/tlaxcala\/?p=4362"},"modified":"2025-10-30T23:03:40","modified_gmt":"2025-10-30T23:03:40","slug":"como-aprovechar-el-cempasuchil-despues-del-dia-de-muertos","status":"publish","type":"post","link":"https:\/\/grupohoymexico.com\/tlaxcala\/ultimas-noticias\/como-aprovechar-el-cempasuchil-despues-del-dia-de-muertos\/","title":{"rendered":"C\u00f3mo aprovechar el cempas\u00fachil despu\u00e9s del D\u00eda de Muertos"},"content":{"rendered":"<p data-start=\"698\" data-end=\"1129\"><strong>Qu\u00e9 hacer con el cempas\u00fachil despu\u00e9s del D\u00eda de Muertos es una pregunta frecuente cuando termina esta celebraci\u00f3n tradicional.<\/strong> Aunque su color y aroma caracter\u00edsticos llenan de vida los altares dedicados a los difuntos, esta flor puede tener una segunda vida m\u00e1s all\u00e1 del 2 de noviembre. Gracias a sus propiedades naturales, <strong>el cempas\u00fachil puede reutilizarse de distintas formas en el hogar<\/strong>, evitando que se convierta en desecho.<\/p>\n<p data-start=\"1131\" data-end=\"1440\">Originaria de M\u00e9xico, esta flor de p\u00e9talos dorados,<strong> cuyo nombre proviene del n\u00e1huatl <em data-start=\"1216\" data-end=\"1234\">cempohualxochitl<\/em>, \u201cflor de veinte p\u00e9talos\u201d<\/strong>, es un s\u00edmbolo esencial del D\u00eda de Muertos. M\u00e1s all\u00e1 de su papel en los altares, <strong>el cempas\u00fachil tiene usos pr\u00e1cticos y sostenibles<\/strong> que permiten aprovecharlo durante todo el a\u00f1o.<\/p>\n<p data-start=\"1131\" data-end=\"1440\"><img fetchpriority=\"high\" decoding=\"async\" class=\"alignnone size-medium wp-image-4363\" src=\"https:\/\/grupohoymexico.com\/tlaxcala\/wp-content\/uploads\/sites\/4\/2025\/10\/large_54853334938_a5c063446a_o_37f3a39a97-300x200.jpg\" alt=\"\" width=\"300\" height=\"200\" srcset=\"https:\/\/grupohoymexico.com\/tlaxcala\/wp-content\/uploads\/sites\/4\/2025\/10\/large_54853334938_a5c063446a_o_37f3a39a97-300x200.jpg 300w, https:\/\/grupohoymexico.com\/tlaxcala\/wp-content\/uploads\/sites\/4\/2025\/10\/large_54853334938_a5c063446a_o_37f3a39a97-768x512.jpg 768w, https:\/\/grupohoymexico.com\/tlaxcala\/wp-content\/uploads\/sites\/4\/2025\/10\/large_54853334938_a5c063446a_o_37f3a39a97-332x221.jpg 332w, https:\/\/grupohoymexico.com\/tlaxcala\/wp-content\/uploads\/sites\/4\/2025\/10\/large_54853334938_a5c063446a_o_37f3a39a97-664x443.jpg 664w, https:\/\/grupohoymexico.com\/tlaxcala\/wp-content\/uploads\/sites\/4\/2025\/10\/large_54853334938_a5c063446a_o_37f3a39a97-688x459.jpg 688w, https:\/\/grupohoymexico.com\/tlaxcala\/wp-content\/uploads\/sites\/4\/2025\/10\/large_54853334938_a5c063446a_o_37f3a39a97.jpg 1000w\" sizes=\"(max-width: 300px) 100vw, 300px\" \/><\/p>\n<h3 data-start=\"1131\" data-end=\"1440\"><strong data-start=\"1450\" data-end=\"1479\">Como insecticida org\u00e1nico<\/strong><\/h3>\n<p data-start=\"1483\" data-end=\"1698\"><strong>El cempas\u00fachil contiene compuestos naturales que act\u00faan como repelente contra plagas y hongos<\/strong>. Una forma sencilla de aprovecharlo es elaborando un insecticida org\u00e1nico para proteger plantas del hogar o del jard\u00edn.<\/p>\n<p data-start=\"1700\" data-end=\"2018\">Para hacerlo,<strong> se deben macerar aproximadamente un kilo de hojas y tallos secos en un litro de agua.<\/strong> Tras reposar un d\u00eda,<strong> se mezcla la preparaci\u00f3n en once litros de agua limpia.<\/strong> Este l\u00edquido puede aplicarse directamente sobre las plantas, ayudando a mantenerlas libres de insectos sin necesidad de productos qu\u00edmicos.<\/p>\n<p data-start=\"2020\" data-end=\"2203\">Este m\u00e9todo casero no solo contribuye al cuidado del medio ambiente, sino que tambi\u00e9n <strong>ofrece una alternativa econ\u00f3mica y natural para el mantenimiento de jardines y huertos urbanos.<\/strong><\/p>\n<p data-start=\"2020\" data-end=\"2203\"><img decoding=\"async\" class=\"alignnone size-medium wp-image-4364\" src=\"https:\/\/grupohoymexico.com\/tlaxcala\/wp-content\/uploads\/sites\/4\/2025\/10\/descarga-300x168.jpg\" alt=\"\" width=\"300\" height=\"168\" srcset=\"https:\/\/grupohoymexico.com\/tlaxcala\/wp-content\/uploads\/sites\/4\/2025\/10\/descarga-300x168.jpg 300w, https:\/\/grupohoymexico.com\/tlaxcala\/wp-content\/uploads\/sites\/4\/2025\/10\/descarga-1024x573.jpg 1024w, https:\/\/grupohoymexico.com\/tlaxcala\/wp-content\/uploads\/sites\/4\/2025\/10\/descarga-768x430.jpg 768w, https:\/\/grupohoymexico.com\/tlaxcala\/wp-content\/uploads\/sites\/4\/2025\/10\/descarga-332x186.jpg 332w, https:\/\/grupohoymexico.com\/tlaxcala\/wp-content\/uploads\/sites\/4\/2025\/10\/descarga-664x372.jpg 664w, https:\/\/grupohoymexico.com\/tlaxcala\/wp-content\/uploads\/sites\/4\/2025\/10\/descarga-688x385.jpg 688w, https:\/\/grupohoymexico.com\/tlaxcala\/wp-content\/uploads\/sites\/4\/2025\/10\/descarga-1044x585.jpg 1044w, https:\/\/grupohoymexico.com\/tlaxcala\/wp-content\/uploads\/sites\/4\/2025\/10\/descarga.jpg 1200w\" sizes=\"(max-width: 300px) 100vw, 300px\" \/><\/p>\n<h3 data-start=\"2210\" data-end=\"2257\"><strong data-start=\"2213\" data-end=\"2255\">Colorante natural y fuente de semillas<\/strong><\/h3>\n<p data-start=\"2259\" data-end=\"2611\"><strong>Otra forma de reutilizar el cempas\u00fachil es como colorante natural<\/strong>. Los p\u00e9talos hervidos liberan pigmentos que <strong>pueden te\u00f1ir fibras como lana o algod\u00f3n<\/strong>, produciendo un tono amarillo intenso sin a\u00f1adir compuestos t\u00f3xicos. Si se prefiere un uso art\u00edstico, <strong>la mezcla puede convertirse en acuarela l\u00edquida<\/strong> al reducir la cantidad de agua durante la cocci\u00f3n.<\/p>\n<p data-start=\"2613\" data-end=\"3039\">Asimismo, <strong>las flores secas son una fuente de semillas que permiten sembrar cempas\u00fachil durante todo el a\u00f1o.<\/strong> Una vez que las flores se marchitan,<strong> basta con dejarlas al sol para extraer las semillas.<\/strong> Estas pueden plantarse en macetas o jardines para atraer polinizadores o guardarse hasta la pr\u00f3xima temporada.<strong> Aunque las nuevas plantas suelen crecer m\u00e1s peque\u00f1as que las originales<\/strong>, mantienen su caracter\u00edstico color y aroma.<\/p>\n<p data-start=\"2613\" data-end=\"3039\"><img decoding=\"async\" class=\"alignnone size-medium wp-image-4365\" src=\"https:\/\/grupohoymexico.com\/tlaxcala\/wp-content\/uploads\/sites\/4\/2025\/10\/cempasuchil-300x184.jpg\" alt=\"\" width=\"300\" height=\"184\" srcset=\"https:\/\/grupohoymexico.com\/tlaxcala\/wp-content\/uploads\/sites\/4\/2025\/10\/cempasuchil-300x184.jpg 300w, https:\/\/grupohoymexico.com\/tlaxcala\/wp-content\/uploads\/sites\/4\/2025\/10\/cempasuchil-332x204.jpg 332w, https:\/\/grupohoymexico.com\/tlaxcala\/wp-content\/uploads\/sites\/4\/2025\/10\/cempasuchil.jpg 651w\" sizes=\"(max-width: 300px) 100vw, 300px\" \/><\/p>\n<p data-start=\"3046\" data-end=\"3362\">Aprovechar el cempas\u00fachil despu\u00e9s del D\u00eda de Muertos es una manera de prolongar su vida \u00fatil y honrar una tradici\u00f3n mexicana con un enfoque sustentable. <strong>Desde un insecticida natural hasta un colorante ecol\u00f3gico o una nueva generaci\u00f3n de flores<\/strong>, esta planta demuestra que su valor va mucho m\u00e1s all\u00e1 de las ofrendas.<\/p>\n","protected":false},"excerpt":{"rendered":"Qu\u00e9 hacer con el cempas\u00fachil despu\u00e9s del D\u00eda de Muertos es una pregunta frecuente cuando termina esta celebraci\u00f3n&hellip;","protected":false},"author":1,"featured_media":4366,"comment_status":"open","ping_status":"open","sticky":false,"template":"","format":"standard","meta":{"csco_display_header_overlay":false,"csco_singular_sidebar":"","csco_page_header_type":"","csco_page_load_nextpost":"","csco_post_video_location":[],"csco_post_video_location_hash":"","csco_post_video_url":"","csco_post_video_bg_start_time":0,"csco_post_video_bg_end_time":0,"footnotes":""},"categories":[338],"tags":[2229,2142],"class_list":{"0":"post-4362","1":"post","2":"type-post","3":"status-publish","4":"format-standard","5":"has-post-thumbnail","7":"category-ultimas-noticias","8":"tag-cempasuchil","9":"tag-dia-de-muertos","10":"cs-entry","11":"cs-video-wrap"},"yoast_head":"<!-- This site is optimized with the Yoast SEO Premium plugin v24.7 (Yoast SEO v27.4) - https:\/\/yoast.com\/product\/yoast-seo-premium-wordpress\/ -->\n<title>C\u00f3mo aprovechar el cempas\u00fachil despu\u00e9s del D\u00eda de Muertos - Tlaxcala Hoy<\/title>\n<meta name=\"description\" content=\"Descubre c\u00f3mo aprovechar el cempas\u00fachil y aprende a convertir esta flor en insecticida natural o colorante ecol\u00f3gico.\" \/>\n<meta name=\"robots\" content=\"index, follow, max-snippet:-1, max-image-preview:large, max-video-preview:-1\" \/>\n<link rel=\"canonical\" href=\"https:\/\/grupohoymexico.com\/tlaxcala\/ultimas-noticias\/como-aprovechar-el-cempasuchil-despues-del-dia-de-muertos\/\" \/>\n<meta property=\"og:locale\" content=\"es_MX\" \/>\n<meta property=\"og:type\" content=\"article\" \/>\n<meta property=\"og:title\" content=\"C\u00f3mo aprovechar el cempas\u00fachil despu\u00e9s del D\u00eda de Muertos\" \/>\n<meta property=\"og:description\" content=\"Descubre c\u00f3mo aprovechar el cempas\u00fachil y aprende a convertir esta flor en insecticida natural o colorante ecol\u00f3gico.\" \/>\n<meta property=\"og:url\" content=\"https:\/\/grupohoymexico.com\/tlaxcala\/ultimas-noticias\/como-aprovechar-el-cempasuchil-despues-del-dia-de-muertos\/\" \/>\n<meta property=\"og:site_name\" content=\"Tlaxcala Hoy\" \/>\n<meta property=\"article:published_time\" content=\"2025-10-01T10:00:55+00:00\" \/>\n<meta property=\"article:modified_time\" content=\"2025-10-30T23:03:40+00:00\" \/>\n<meta property=\"og:image\" content=\"https:\/\/grupohoymexico.com\/tlaxcala\/wp-content\/uploads\/sites\/4\/2025\/10\/GH_1_Del_homenaje_al_hogar_reaprovecha_el_cempasuchil_copia.webp\" \/>\n\t<meta property=\"og:image:width\" content=\"1201\" \/>\n\t<meta property=\"og:image:height\" content=\"639\" \/>\n\t<meta property=\"og:image:type\" content=\"image\/webp\" \/>\n<meta name=\"author\" content=\"user\" \/>\n<meta name=\"twitter:card\" content=\"summary_large_image\" \/>\n<meta name=\"twitter:label1\" content=\"Escrito por\" \/>\n\t<meta name=\"twitter:data1\" content=\"user\" \/>\n\t<meta name=\"twitter:label2\" content=\"Tiempo de lectura\" \/>\n\t<meta name=\"twitter:data2\" content=\"3 minutos\" \/>\n<script type=\"application\/ld+json\" class=\"yoast-schema-graph\">{\"@context\":\"https:\\\/\\\/schema.org\",\"@graph\":[{\"@type\":\"Article\",\"@id\":\"https:\\\/\\\/grupohoymexico.com\\\/tlaxcala\\\/ultimas-noticias\\\/como-aprovechar-el-cempasuchil-despues-del-dia-de-muertos\\\/#article\",\"isPartOf\":{\"@id\":\"https:\\\/\\\/grupohoymexico.com\\\/tlaxcala\\\/ultimas-noticias\\\/como-aprovechar-el-cempasuchil-despues-del-dia-de-muertos\\\/\"},\"author\":{\"name\":\"user\",\"@id\":\"https:\\\/\\\/grupohoymexico.com\\\/tlaxcala\\\/#\\\/schema\\\/person\\\/ce6086ac837852775a3a4f539356c297\"},\"headline\":\"C\u00f3mo aprovechar el cempas\u00fachil despu\u00e9s del D\u00eda de Muertos\",\"datePublished\":\"2025-10-01T10:00:55+00:00\",\"dateModified\":\"2025-10-30T23:03:40+00:00\",\"mainEntityOfPage\":{\"@id\":\"https:\\\/\\\/grupohoymexico.com\\\/tlaxcala\\\/ultimas-noticias\\\/como-aprovechar-el-cempasuchil-despues-del-dia-de-muertos\\\/\"},\"wordCount\":470,\"commentCount\":0,\"image\":{\"@id\":\"https:\\\/\\\/grupohoymexico.com\\\/tlaxcala\\\/ultimas-noticias\\\/como-aprovechar-el-cempasuchil-despues-del-dia-de-muertos\\\/#primaryimage\"},\"thumbnailUrl\":\"https:\\\/\\\/grupohoymexico.com\\\/tlaxcala\\\/wp-content\\\/uploads\\\/sites\\\/4\\\/2025\\\/10\\\/GH_1_Del_homenaje_al_hogar_reaprovecha_el_cempasuchil_copia.webp\",\"keywords\":[\"cempas\u00fachil\",\"D\u00eda de Muertos\"],\"articleSection\":[\"\u00daltimas noticias\"],\"inLanguage\":\"es\",\"potentialAction\":[{\"@type\":\"CommentAction\",\"name\":\"Comment\",\"target\":[\"https:\\\/\\\/grupohoymexico.com\\\/tlaxcala\\\/ultimas-noticias\\\/como-aprovechar-el-cempasuchil-despues-del-dia-de-muertos\\\/#respond\"]}]},{\"@type\":\"WebPage\",\"@id\":\"https:\\\/\\\/grupohoymexico.com\\\/tlaxcala\\\/ultimas-noticias\\\/como-aprovechar-el-cempasuchil-despues-del-dia-de-muertos\\\/\",\"url\":\"https:\\\/\\\/grupohoymexico.com\\\/tlaxcala\\\/ultimas-noticias\\\/como-aprovechar-el-cempasuchil-despues-del-dia-de-muertos\\\/\",\"name\":\"C\u00f3mo aprovechar el cempas\u00fachil despu\u00e9s del D\u00eda de Muertos - Tlaxcala Hoy\",\"isPartOf\":{\"@id\":\"https:\\\/\\\/grupohoymexico.com\\\/tlaxcala\\\/#website\"},\"primaryImageOfPage\":{\"@id\":\"https:\\\/\\\/grupohoymexico.com\\\/tlaxcala\\\/ultimas-noticias\\\/como-aprovechar-el-cempasuchil-despues-del-dia-de-muertos\\\/#primaryimage\"},\"image\":{\"@id\":\"https:\\\/\\\/grupohoymexico.com\\\/tlaxcala\\\/ultimas-noticias\\\/como-aprovechar-el-cempasuchil-despues-del-dia-de-muertos\\\/#primaryimage\"},\"thumbnailUrl\":\"https:\\\/\\\/grupohoymexico.com\\\/tlaxcala\\\/wp-content\\\/uploads\\\/sites\\\/4\\\/2025\\\/10\\\/GH_1_Del_homenaje_al_hogar_reaprovecha_el_cempasuchil_copia.webp\",\"datePublished\":\"2025-10-01T10:00:55+00:00\",\"dateModified\":\"2025-10-30T23:03:40+00:00\",\"author\":{\"@id\":\"https:\\\/\\\/grupohoymexico.com\\\/tlaxcala\\\/#\\\/schema\\\/person\\\/ce6086ac837852775a3a4f539356c297\"},\"description\":\"Descubre c\u00f3mo aprovechar el cempas\u00fachil y aprende a convertir esta flor en insecticida natural o colorante ecol\u00f3gico.\",\"breadcrumb\":{\"@id\":\"https:\\\/\\\/grupohoymexico.com\\\/tlaxcala\\\/ultimas-noticias\\\/como-aprovechar-el-cempasuchil-despues-del-dia-de-muertos\\\/#breadcrumb\"},\"inLanguage\":\"es\",\"potentialAction\":[{\"@type\":\"ReadAction\",\"target\":[\"https:\\\/\\\/grupohoymexico.com\\\/tlaxcala\\\/ultimas-noticias\\\/como-aprovechar-el-cempasuchil-despues-del-dia-de-muertos\\\/\"]}]},{\"@type\":\"ImageObject\",\"inLanguage\":\"es\",\"@id\":\"https:\\\/\\\/grupohoymexico.com\\\/tlaxcala\\\/ultimas-noticias\\\/como-aprovechar-el-cempasuchil-despues-del-dia-de-muertos\\\/#primaryimage\",\"url\":\"https:\\\/\\\/grupohoymexico.com\\\/tlaxcala\\\/wp-content\\\/uploads\\\/sites\\\/4\\\/2025\\\/10\\\/GH_1_Del_homenaje_al_hogar_reaprovecha_el_cempasuchil_copia.webp\",\"contentUrl\":\"https:\\\/\\\/grupohoymexico.com\\\/tlaxcala\\\/wp-content\\\/uploads\\\/sites\\\/4\\\/2025\\\/10\\\/GH_1_Del_homenaje_al_hogar_reaprovecha_el_cempasuchil_copia.webp\",\"width\":1201,\"height\":639,\"caption\":\"Descubre c\u00f3mo aprovechar el cempas\u00fachil y aprende a convertir esta flor en insecticida natural o colorante ecol\u00f3gico.\"},{\"@type\":\"BreadcrumbList\",\"@id\":\"https:\\\/\\\/grupohoymexico.com\\\/tlaxcala\\\/ultimas-noticias\\\/como-aprovechar-el-cempasuchil-despues-del-dia-de-muertos\\\/#breadcrumb\",\"itemListElement\":[{\"@type\":\"ListItem\",\"position\":1,\"name\":\"Inicio\",\"item\":\"https:\\\/\\\/grupohoymexico.com\\\/tlaxcala\\\/\"},{\"@type\":\"ListItem\",\"position\":2,\"name\":\"C\u00f3mo aprovechar el cempas\u00fachil despu\u00e9s del D\u00eda de Muertos\"}]},{\"@type\":\"WebSite\",\"@id\":\"https:\\\/\\\/grupohoymexico.com\\\/tlaxcala\\\/#website\",\"url\":\"https:\\\/\\\/grupohoymexico.com\\\/tlaxcala\\\/\",\"name\":\"Tlaxcala Hoy\",\"description\":\"El alma de la naci\u00f3n\",\"potentialAction\":[{\"@type\":\"SearchAction\",\"target\":{\"@type\":\"EntryPoint\",\"urlTemplate\":\"https:\\\/\\\/grupohoymexico.com\\\/tlaxcala\\\/?s={search_term_string}\"},\"query-input\":{\"@type\":\"PropertyValueSpecification\",\"valueRequired\":true,\"valueName\":\"search_term_string\"}}],\"inLanguage\":\"es\"},{\"@type\":\"Person\",\"@id\":\"https:\\\/\\\/grupohoymexico.com\\\/tlaxcala\\\/#\\\/schema\\\/person\\\/ce6086ac837852775a3a4f539356c297\",\"name\":\"user\",\"image\":{\"@type\":\"ImageObject\",\"inLanguage\":\"es\",\"@id\":\"https:\\\/\\\/secure.gravatar.com\\\/avatar\\\/25f78de4fa956f6f7c01f8d96f8087d8958ebe06d57e630cd54e36aefb9dacea?s=96&d=mm&r=g\",\"url\":\"https:\\\/\\\/secure.gravatar.com\\\/avatar\\\/25f78de4fa956f6f7c01f8d96f8087d8958ebe06d57e630cd54e36aefb9dacea?s=96&d=mm&r=g\",\"contentUrl\":\"https:\\\/\\\/secure.gravatar.com\\\/avatar\\\/25f78de4fa956f6f7c01f8d96f8087d8958ebe06d57e630cd54e36aefb9dacea?s=96&d=mm&r=g\",\"caption\":\"user\"},\"sameAs\":[\"http:\\\/\\\/44.197.188.197.nip.io\"],\"url\":\"https:\\\/\\\/grupohoymexico.com\\\/tlaxcala\\\/author\\\/user\\\/\"}]}<\/script>\n<!-- \/ Yoast SEO Premium plugin. -->","yoast_head_json":{"title":"C\u00f3mo aprovechar el cempas\u00fachil despu\u00e9s del D\u00eda de Muertos - Tlaxcala Hoy","description":"Descubre c\u00f3mo aprovechar el cempas\u00fachil y aprende a convertir esta flor en insecticida natural o colorante ecol\u00f3gico.","robots":{"index":"index","follow":"follow","max-snippet":"max-snippet:-1","max-image-preview":"max-image-preview:large","max-video-preview":"max-video-preview:-1"},"canonical":"https:\/\/grupohoymexico.com\/tlaxcala\/ultimas-noticias\/como-aprovechar-el-cempasuchil-despues-del-dia-de-muertos\/","og_locale":"es_MX","og_type":"article","og_title":"C\u00f3mo aprovechar el cempas\u00fachil despu\u00e9s del D\u00eda de Muertos","og_description":"Descubre c\u00f3mo aprovechar el cempas\u00fachil y aprende a convertir esta flor en insecticida natural o colorante ecol\u00f3gico.","og_url":"https:\/\/grupohoymexico.com\/tlaxcala\/ultimas-noticias\/como-aprovechar-el-cempasuchil-despues-del-dia-de-muertos\/","og_site_name":"Tlaxcala Hoy","article_published_time":"2025-10-01T10:00:55+00:00","article_modified_time":"2025-10-30T23:03:40+00:00","og_image":[{"width":1201,"height":639,"url":"https:\/\/grupohoymexico.com\/tlaxcala\/wp-content\/uploads\/sites\/4\/2025\/10\/GH_1_Del_homenaje_al_hogar_reaprovecha_el_cempasuchil_copia.webp","type":"image\/webp"}],"author":"user","twitter_card":"summary_large_image","twitter_misc":{"Escrito por":"user","Tiempo de lectura":"3 minutos"},"schema":{"@context":"https:\/\/schema.org","@graph":[{"@type":"Article","@id":"https:\/\/grupohoymexico.com\/tlaxcala\/ultimas-noticias\/como-aprovechar-el-cempasuchil-despues-del-dia-de-muertos\/#article","isPartOf":{"@id":"https:\/\/grupohoymexico.com\/tlaxcala\/ultimas-noticias\/como-aprovechar-el-cempasuchil-despues-del-dia-de-muertos\/"},"author":{"name":"user","@id":"https:\/\/grupohoymexico.com\/tlaxcala\/#\/schema\/person\/ce6086ac837852775a3a4f539356c297"},"headline":"C\u00f3mo aprovechar el cempas\u00fachil despu\u00e9s del D\u00eda de Muertos","datePublished":"2025-10-01T10:00:55+00:00","dateModified":"2025-10-30T23:03:40+00:00","mainEntityOfPage":{"@id":"https:\/\/grupohoymexico.com\/tlaxcala\/ultimas-noticias\/como-aprovechar-el-cempasuchil-despues-del-dia-de-muertos\/"},"wordCount":470,"commentCount":0,"image":{"@id":"https:\/\/grupohoymexico.com\/tlaxcala\/ultimas-noticias\/como-aprovechar-el-cempasuchil-despues-del-dia-de-muertos\/#primaryimage"},"thumbnailUrl":"https:\/\/grupohoymexico.com\/tlaxcala\/wp-content\/uploads\/sites\/4\/2025\/10\/GH_1_Del_homenaje_al_hogar_reaprovecha_el_cempasuchil_copia.webp","keywords":["cempas\u00fachil","D\u00eda de Muertos"],"articleSection":["\u00daltimas noticias"],"inLanguage":"es","potentialAction":[{"@type":"CommentAction","name":"Comment","target":["https:\/\/grupohoymexico.com\/tlaxcala\/ultimas-noticias\/como-aprovechar-el-cempasuchil-despues-del-dia-de-muertos\/#respond"]}]},{"@type":"WebPage","@id":"https:\/\/grupohoymexico.com\/tlaxcala\/ultimas-noticias\/como-aprovechar-el-cempasuchil-despues-del-dia-de-muertos\/","url":"https:\/\/grupohoymexico.com\/tlaxcala\/ultimas-noticias\/como-aprovechar-el-cempasuchil-despues-del-dia-de-muertos\/","name":"C\u00f3mo aprovechar el cempas\u00fachil despu\u00e9s del D\u00eda de Muertos - Tlaxcala Hoy","isPartOf":{"@id":"https:\/\/grupohoymexico.com\/tlaxcala\/#website"},"primaryImageOfPage":{"@id":"https:\/\/grupohoymexico.com\/tlaxcala\/ultimas-noticias\/como-aprovechar-el-cempasuchil-despues-del-dia-de-muertos\/#primaryimage"},"image":{"@id":"https:\/\/grupohoymexico.com\/tlaxcala\/ultimas-noticias\/como-aprovechar-el-cempasuchil-despues-del-dia-de-muertos\/#primaryimage"},"thumbnailUrl":"https:\/\/grupohoymexico.com\/tlaxcala\/wp-content\/uploads\/sites\/4\/2025\/10\/GH_1_Del_homenaje_al_hogar_reaprovecha_el_cempasuchil_copia.webp","datePublished":"2025-10-01T10:00:55+00:00","dateModified":"2025-10-30T23:03:40+00:00","author":{"@id":"https:\/\/grupohoymexico.com\/tlaxcala\/#\/schema\/person\/ce6086ac837852775a3a4f539356c297"},"description":"Descubre c\u00f3mo aprovechar el cempas\u00fachil y aprende a convertir esta flor en insecticida natural o colorante ecol\u00f3gico.","breadcrumb":{"@id":"https:\/\/grupohoymexico.com\/tlaxcala\/ultimas-noticias\/como-aprovechar-el-cempasuchil-despues-del-dia-de-muertos\/#breadcrumb"},"inLanguage":"es","potentialAction":[{"@type":"ReadAction","target":["https:\/\/grupohoymexico.com\/tlaxcala\/ultimas-noticias\/como-aprovechar-el-cempasuchil-despues-del-dia-de-muertos\/"]}]},{"@type":"ImageObject","inLanguage":"es","@id":"https:\/\/grupohoymexico.com\/tlaxcala\/ultimas-noticias\/como-aprovechar-el-cempasuchil-despues-del-dia-de-muertos\/#primaryimage","url":"https:\/\/grupohoymexico.com\/tlaxcala\/wp-content\/uploads\/sites\/4\/2025\/10\/GH_1_Del_homenaje_al_hogar_reaprovecha_el_cempasuchil_copia.webp","contentUrl":"https:\/\/grupohoymexico.com\/tlaxcala\/wp-content\/uploads\/sites\/4\/2025\/10\/GH_1_Del_homenaje_al_hogar_reaprovecha_el_cempasuchil_copia.webp","width":1201,"height":639,"caption":"Descubre c\u00f3mo aprovechar el cempas\u00fachil y aprende a convertir esta flor en insecticida natural o colorante ecol\u00f3gico."},{"@type":"BreadcrumbList","@id":"https:\/\/grupohoymexico.com\/tlaxcala\/ultimas-noticias\/como-aprovechar-el-cempasuchil-despues-del-dia-de-muertos\/#breadcrumb","itemListElement":[{"@type":"ListItem","position":1,"name":"Inicio","item":"https:\/\/grupohoymexico.com\/tlaxcala\/"},{"@type":"ListItem","position":2,"name":"C\u00f3mo aprovechar el cempas\u00fachil despu\u00e9s del D\u00eda de Muertos"}]},{"@type":"WebSite","@id":"https:\/\/grupohoymexico.com\/tlaxcala\/#website","url":"https:\/\/grupohoymexico.com\/tlaxcala\/","name":"Tlaxcala Hoy","description":"El alma de la naci\u00f3n","potentialAction":[{"@type":"SearchAction","target":{"@type":"EntryPoint","urlTemplate":"https:\/\/grupohoymexico.com\/tlaxcala\/?s={search_term_string}"},"query-input":{"@type":"PropertyValueSpecification","valueRequired":true,"valueName":"search_term_string"}}],"inLanguage":"es"},{"@type":"Person","@id":"https:\/\/grupohoymexico.com\/tlaxcala\/#\/schema\/person\/ce6086ac837852775a3a4f539356c297","name":"user","image":{"@type":"ImageObject","inLanguage":"es","@id":"https:\/\/secure.gravatar.com\/avatar\/25f78de4fa956f6f7c01f8d96f8087d8958ebe06d57e630cd54e36aefb9dacea?s=96&d=mm&r=g","url":"https:\/\/secure.gravatar.com\/avatar\/25f78de4fa956f6f7c01f8d96f8087d8958ebe06d57e630cd54e36aefb9dacea?s=96&d=mm&r=g","contentUrl":"https:\/\/secure.gravatar.com\/avatar\/25f78de4fa956f6f7c01f8d96f8087d8958ebe06d57e630cd54e36aefb9dacea?s=96&d=mm&r=g","caption":"user"},"sameAs":["http:\/\/44.197.188.197.nip.io"],"url":"https:\/\/grupohoymexico.com\/tlaxcala\/author\/user\/"}]}},"_links":{"self":[{"href":"https:\/\/grupohoymexico.com\/tlaxcala\/wp-json\/wp\/v2\/posts\/4362","targetHints":{"allow":["GET"]}}],"collection":[{"href":"https:\/\/grupohoymexico.com\/tlaxcala\/wp-json\/wp\/v2\/posts"}],"about":[{"href":"https:\/\/grupohoymexico.com\/tlaxcala\/wp-json\/wp\/v2\/types\/post"}],"author":[{"embeddable":true,"href":"https:\/\/grupohoymexico.com\/tlaxcala\/wp-json\/wp\/v2\/users\/1"}],"replies":[{"embeddable":true,"href":"https:\/\/grupohoymexico.com\/tlaxcala\/wp-json\/wp\/v2\/comments?post=4362"}],"version-history":[{"count":1,"href":"https:\/\/grupohoymexico.com\/tlaxcala\/wp-json\/wp\/v2\/posts\/4362\/revisions"}],"predecessor-version":[{"id":4367,"href":"https:\/\/grupohoymexico.com\/tlaxcala\/wp-json\/wp\/v2\/posts\/4362\/revisions\/4367"}],"wp:featuredmedia":[{"embeddable":true,"href":"https:\/\/grupohoymexico.com\/tlaxcala\/wp-json\/wp\/v2\/media\/4366"}],"wp:attachment":[{"href":"https:\/\/grupohoymexico.com\/tlaxcala\/wp-json\/wp\/v2\/media?parent=4362"}],"wp:term":[{"taxonomy":"category","embeddable":true,"href":"https:\/\/grupohoymexico.com\/tlaxcala\/wp-json\/wp\/v2\/categories?post=4362"},{"taxonomy":"post_tag","embeddable":true,"href":"https:\/\/grupohoymexico.com\/tlaxcala\/wp-json\/wp\/v2\/tags?post=4362"}],"curies":[{"name":"wp","href":"https:\/\/api.w.org\/{rel}","templated":true}]}}