{"id":4341,"date":"2025-10-28T19:54:04","date_gmt":"2025-10-28T19:54:04","guid":{"rendered":"https:\/\/grupohoymexico.com\/tlaxcala\/?p=4341"},"modified":"2025-10-28T19:54:04","modified_gmt":"2025-10-28T19:54:04","slug":"tlaxcala-marca-el-paso-en-la-vacunacion-contra-el-vph","status":"publish","type":"post","link":"https:\/\/grupohoymexico.com\/tlaxcala\/estatal\/tlaxcala-marca-el-paso-en-la-vacunacion-contra-el-vph\/","title":{"rendered":"Tlaxcala marca el paso en la vacunaci\u00f3n contra el VPH"},"content":{"rendered":"<p data-start=\"739\" data-end=\"1169\"><strong>Con un avance del 79.8% y m\u00e1s de 20 mil dosis aplicadas<\/strong>, Tlaxcala se coloca como el estado con mayor progreso en la campa\u00f1a nacional de vacunaci\u00f3n contra el Virus del Papiloma Humano (VPH), de acuerdo con el informe m\u00e1s reciente del Centro Nacional para la Salud de la Infancia y la Adolescencia (CENSIA), con corte al 17 de octubre de 2025.<strong> El resultado supera ampliamente el promedio nacional, que actualmente se sit\u00faa en 32.1%.<\/strong><\/p>\n<p data-start=\"1171\" data-end=\"1585\">Este avance responde al esfuerzo coordinado entre autoridades estatales y federales<strong>, luego de que Tlaxcala fuera elegida como sede del arranque nacional de la estrategia de vacunaci\u00f3n en septiembre pasado.<\/strong> La meta es proteger a ni\u00f1as y ni\u00f1os de quinto grado de primaria, as\u00ed como a menores de 11 a\u00f1os no escolarizados, <strong>contra los tipos de virus asociados al c\u00e1ncer cervicouterino y otras enfermedades relacionadas.<\/strong><\/p>\n<p data-start=\"1171\" data-end=\"1585\"><img fetchpriority=\"high\" decoding=\"async\" class=\"alignnone size-medium wp-image-4342\" src=\"https:\/\/grupohoymexico.com\/tlaxcala\/wp-content\/uploads\/sites\/4\/2025\/10\/Captura-de-pantalla-111-300x169.png\" alt=\"\" width=\"300\" height=\"169\" srcset=\"https:\/\/grupohoymexico.com\/tlaxcala\/wp-content\/uploads\/sites\/4\/2025\/10\/Captura-de-pantalla-111-300x169.png 300w, https:\/\/grupohoymexico.com\/tlaxcala\/wp-content\/uploads\/sites\/4\/2025\/10\/Captura-de-pantalla-111-332x187.png 332w, https:\/\/grupohoymexico.com\/tlaxcala\/wp-content\/uploads\/sites\/4\/2025\/10\/Captura-de-pantalla-111-664x374.png 664w, https:\/\/grupohoymexico.com\/tlaxcala\/wp-content\/uploads\/sites\/4\/2025\/10\/Captura-de-pantalla-111-688x387.png 688w, https:\/\/grupohoymexico.com\/tlaxcala\/wp-content\/uploads\/sites\/4\/2025\/10\/Captura-de-pantalla-111.png 759w\" sizes=\"(max-width: 300px) 100vw, 300px\" \/><\/p>\n<h3 data-start=\"1592\" data-end=\"1645\"><strong data-start=\"1595\" data-end=\"1645\">M\u00e1s de 20 mil dosis aplicadas en cinco semanas<\/strong><\/h3>\n<p data-start=\"1647\" data-end=\"1962\">Durante la quinta semana de la campa\u00f1a, Tlaxcala registr\u00f3 la aplicaci\u00f3n de <strong data-start=\"1722\" data-end=\"1742\">20 mil 501 dosis<\/strong>, cifra que representa casi<strong> ocho de cada diez vacunas proyectadas para el ciclo actual.<\/strong> Este logro refleja una cobertura cercana a la totalidad de <strong>la poblaci\u00f3n objetivo en escuelas p\u00fablicas, privadas y unidades de salud.<\/strong><\/p>\n<p data-start=\"1964\" data-end=\"2350\">La directora general del <a href=\"https:\/\/siscensia.salud.gob.mx\/\">CENSIA<\/a>, <strong data-start=\"1997\" data-end=\"2025\">Samantha Gaertner Barnad<\/strong>, reconoci\u00f3 el esfuerzo de las entidades que han cumplido o superado las metas establecidas, destacando<strong> el caso de Tlaxcala como ejemplo de coordinaci\u00f3n efectiva en el sector salud<\/strong>. Adem\u00e1s, exhort\u00f3 a las dem\u00e1s entidades federativas a intensificar sus acciones para lograr la cobertura nacional antes del cierre de la campa\u00f1a.<\/p>\n<h3 data-start=\"2357\" data-end=\"2403\"><img decoding=\"async\" class=\"alignnone size-medium wp-image-4343\" src=\"https:\/\/grupohoymexico.com\/tlaxcala\/wp-content\/uploads\/sites\/4\/2025\/10\/Captura-de-pantalla-112-300x169.png\" alt=\"\" width=\"300\" height=\"169\" srcset=\"https:\/\/grupohoymexico.com\/tlaxcala\/wp-content\/uploads\/sites\/4\/2025\/10\/Captura-de-pantalla-112-300x169.png 300w, https:\/\/grupohoymexico.com\/tlaxcala\/wp-content\/uploads\/sites\/4\/2025\/10\/Captura-de-pantalla-112-332x187.png 332w, https:\/\/grupohoymexico.com\/tlaxcala\/wp-content\/uploads\/sites\/4\/2025\/10\/Captura-de-pantalla-112-664x374.png 664w, https:\/\/grupohoymexico.com\/tlaxcala\/wp-content\/uploads\/sites\/4\/2025\/10\/Captura-de-pantalla-112-688x388.png 688w, https:\/\/grupohoymexico.com\/tlaxcala\/wp-content\/uploads\/sites\/4\/2025\/10\/Captura-de-pantalla-112.png 754w\" sizes=\"(max-width: 300px) 100vw, 300px\" \/><\/h3>\n<h3 data-start=\"2357\" data-end=\"2403\"><strong data-start=\"2360\" data-end=\"2403\">Referente en prevenci\u00f3n y salud p\u00fablica<\/strong><\/h3>\n<p data-start=\"2405\" data-end=\"2764\">El avance de Tlaxcala<strong> refuerza su compromiso con la salud infantil y adolescente, al garantizar la protecci\u00f3n temprana frente al Virus del Papiloma Humano<\/strong>. Esta estrategia, respaldada por la Secretar\u00eda de Salud y el CENSIA, busca reducir en el mediano plazo <strong>los casos de c\u00e1ncer cervicouterino<\/strong>, una de las principales causas de mortalidad en mujeres en M\u00e9xico.<\/p>\n","protected":false},"excerpt":{"rendered":"Con un avance del 79.8% y m\u00e1s de 20 mil dosis aplicadas, Tlaxcala se coloca como el estado&hellip;","protected":false},"author":1,"featured_media":4344,"comment_status":"open","ping_status":"open","sticky":false,"template":"","format":"standard","meta":{"csco_display_header_overlay":false,"csco_singular_sidebar":"","csco_page_header_type":"","csco_page_load_nextpost":"","csco_post_video_location":[],"csco_post_video_location_hash":"","csco_post_video_url":"","csco_post_video_bg_start_time":0,"csco_post_video_bg_end_time":0,"footnotes":""},"categories":[172],"tags":[2223,2177,230,229,2222],"class_list":{"0":"post-4341","1":"post","2":"type-post","3":"status-publish","4":"format-standard","5":"has-post-thumbnail","7":"category-estatal","8":"tag-censia","9":"tag-estatal","10":"tag-salud","11":"tag-tlaxcala","12":"tag-vph","13":"cs-entry","14":"cs-video-wrap"},"yoast_head":"<!-- This site is optimized with the Yoast SEO Premium plugin v24.7 (Yoast SEO v27.4) - https:\/\/yoast.com\/product\/yoast-seo-premium-wordpress\/ -->\n<title>Tlaxcala marca el paso en la vacunaci\u00f3n contra el VPH - Tlaxcala Hoy<\/title>\n<meta name=\"description\" content=\"Tlaxcala alcanza un avance del 79.8% en la vacunaci\u00f3n contra el Virus del Papiloma Humano, superando el promedio nacional del 32.1%\" \/>\n<meta name=\"robots\" content=\"index, follow, max-snippet:-1, max-image-preview:large, max-video-preview:-1\" \/>\n<link rel=\"canonical\" href=\"https:\/\/grupohoymexico.com\/tlaxcala\/estatal\/tlaxcala-marca-el-paso-en-la-vacunacion-contra-el-vph\/\" \/>\n<meta property=\"og:locale\" content=\"es_MX\" \/>\n<meta property=\"og:type\" content=\"article\" \/>\n<meta property=\"og:title\" content=\"Tlaxcala marca el paso en la vacunaci\u00f3n contra el VPH\" \/>\n<meta property=\"og:description\" content=\"Tlaxcala alcanza un avance del 79.8% en la vacunaci\u00f3n contra el Virus del Papiloma Humano, superando el promedio nacional del 32.1%\" \/>\n<meta property=\"og:url\" content=\"https:\/\/grupohoymexico.com\/tlaxcala\/estatal\/tlaxcala-marca-el-paso-en-la-vacunacion-contra-el-vph\/\" \/>\n<meta property=\"og:site_name\" content=\"Tlaxcala Hoy\" \/>\n<meta property=\"article:published_time\" content=\"2025-10-28T19:54:04+00:00\" \/>\n<meta property=\"og:image\" content=\"https:\/\/grupohoymexico.com\/tlaxcala\/wp-content\/uploads\/sites\/4\/2025\/10\/GH_1_Tlaxcala_encabeza_la_vacunacion_contra_el_VPH_en_Mexico_copia.webp\" \/>\n\t<meta property=\"og:image:width\" content=\"1201\" \/>\n\t<meta property=\"og:image:height\" content=\"639\" \/>\n\t<meta property=\"og:image:type\" content=\"image\/webp\" \/>\n<meta name=\"author\" content=\"user\" \/>\n<meta name=\"twitter:card\" content=\"summary_large_image\" \/>\n<meta name=\"twitter:label1\" content=\"Escrito por\" \/>\n\t<meta name=\"twitter:data1\" content=\"user\" \/>\n\t<meta name=\"twitter:label2\" content=\"Tiempo de lectura\" \/>\n\t<meta name=\"twitter:data2\" content=\"3 minutos\" \/>\n<script type=\"application\/ld+json\" class=\"yoast-schema-graph\">{\"@context\":\"https:\\\/\\\/schema.org\",\"@graph\":[{\"@type\":\"Article\",\"@id\":\"https:\\\/\\\/grupohoymexico.com\\\/tlaxcala\\\/estatal\\\/tlaxcala-marca-el-paso-en-la-vacunacion-contra-el-vph\\\/#article\",\"isPartOf\":{\"@id\":\"https:\\\/\\\/grupohoymexico.com\\\/tlaxcala\\\/estatal\\\/tlaxcala-marca-el-paso-en-la-vacunacion-contra-el-vph\\\/\"},\"author\":{\"name\":\"user\",\"@id\":\"https:\\\/\\\/grupohoymexico.com\\\/tlaxcala\\\/#\\\/schema\\\/person\\\/ce6086ac837852775a3a4f539356c297\"},\"headline\":\"Tlaxcala marca el paso en la vacunaci\u00f3n contra el VPH\",\"datePublished\":\"2025-10-28T19:54:04+00:00\",\"mainEntityOfPage\":{\"@id\":\"https:\\\/\\\/grupohoymexico.com\\\/tlaxcala\\\/estatal\\\/tlaxcala-marca-el-paso-en-la-vacunacion-contra-el-vph\\\/\"},\"wordCount\":348,\"commentCount\":0,\"image\":{\"@id\":\"https:\\\/\\\/grupohoymexico.com\\\/tlaxcala\\\/estatal\\\/tlaxcala-marca-el-paso-en-la-vacunacion-contra-el-vph\\\/#primaryimage\"},\"thumbnailUrl\":\"https:\\\/\\\/grupohoymexico.com\\\/tlaxcala\\\/wp-content\\\/uploads\\\/sites\\\/4\\\/2025\\\/10\\\/GH_1_Tlaxcala_encabeza_la_vacunacion_contra_el_VPH_en_Mexico_copia.webp\",\"keywords\":[\"CENSIA\",\"Estatal\",\"salud\",\"Tlaxcala\",\"VPH\"],\"articleSection\":[\"Estatal\"],\"inLanguage\":\"es\",\"potentialAction\":[{\"@type\":\"CommentAction\",\"name\":\"Comment\",\"target\":[\"https:\\\/\\\/grupohoymexico.com\\\/tlaxcala\\\/estatal\\\/tlaxcala-marca-el-paso-en-la-vacunacion-contra-el-vph\\\/#respond\"]}]},{\"@type\":\"WebPage\",\"@id\":\"https:\\\/\\\/grupohoymexico.com\\\/tlaxcala\\\/estatal\\\/tlaxcala-marca-el-paso-en-la-vacunacion-contra-el-vph\\\/\",\"url\":\"https:\\\/\\\/grupohoymexico.com\\\/tlaxcala\\\/estatal\\\/tlaxcala-marca-el-paso-en-la-vacunacion-contra-el-vph\\\/\",\"name\":\"Tlaxcala marca el paso en la vacunaci\u00f3n contra el VPH - Tlaxcala Hoy\",\"isPartOf\":{\"@id\":\"https:\\\/\\\/grupohoymexico.com\\\/tlaxcala\\\/#website\"},\"primaryImageOfPage\":{\"@id\":\"https:\\\/\\\/grupohoymexico.com\\\/tlaxcala\\\/estatal\\\/tlaxcala-marca-el-paso-en-la-vacunacion-contra-el-vph\\\/#primaryimage\"},\"image\":{\"@id\":\"https:\\\/\\\/grupohoymexico.com\\\/tlaxcala\\\/estatal\\\/tlaxcala-marca-el-paso-en-la-vacunacion-contra-el-vph\\\/#primaryimage\"},\"thumbnailUrl\":\"https:\\\/\\\/grupohoymexico.com\\\/tlaxcala\\\/wp-content\\\/uploads\\\/sites\\\/4\\\/2025\\\/10\\\/GH_1_Tlaxcala_encabeza_la_vacunacion_contra_el_VPH_en_Mexico_copia.webp\",\"datePublished\":\"2025-10-28T19:54:04+00:00\",\"author\":{\"@id\":\"https:\\\/\\\/grupohoymexico.com\\\/tlaxcala\\\/#\\\/schema\\\/person\\\/ce6086ac837852775a3a4f539356c297\"},\"description\":\"Tlaxcala alcanza un avance del 79.8% en la vacunaci\u00f3n contra el Virus del Papiloma Humano, superando el promedio nacional del 32.1%\",\"breadcrumb\":{\"@id\":\"https:\\\/\\\/grupohoymexico.com\\\/tlaxcala\\\/estatal\\\/tlaxcala-marca-el-paso-en-la-vacunacion-contra-el-vph\\\/#breadcrumb\"},\"inLanguage\":\"es\",\"potentialAction\":[{\"@type\":\"ReadAction\",\"target\":[\"https:\\\/\\\/grupohoymexico.com\\\/tlaxcala\\\/estatal\\\/tlaxcala-marca-el-paso-en-la-vacunacion-contra-el-vph\\\/\"]}]},{\"@type\":\"ImageObject\",\"inLanguage\":\"es\",\"@id\":\"https:\\\/\\\/grupohoymexico.com\\\/tlaxcala\\\/estatal\\\/tlaxcala-marca-el-paso-en-la-vacunacion-contra-el-vph\\\/#primaryimage\",\"url\":\"https:\\\/\\\/grupohoymexico.com\\\/tlaxcala\\\/wp-content\\\/uploads\\\/sites\\\/4\\\/2025\\\/10\\\/GH_1_Tlaxcala_encabeza_la_vacunacion_contra_el_VPH_en_Mexico_copia.webp\",\"contentUrl\":\"https:\\\/\\\/grupohoymexico.com\\\/tlaxcala\\\/wp-content\\\/uploads\\\/sites\\\/4\\\/2025\\\/10\\\/GH_1_Tlaxcala_encabeza_la_vacunacion_contra_el_VPH_en_Mexico_copia.webp\",\"width\":1201,\"height\":639,\"caption\":\"Tlaxcala alcanza un avance del 79.8% en la vacunaci\u00f3n contra el Virus del Papiloma Humano, superando el promedio nacional del 32.1%\"},{\"@type\":\"BreadcrumbList\",\"@id\":\"https:\\\/\\\/grupohoymexico.com\\\/tlaxcala\\\/estatal\\\/tlaxcala-marca-el-paso-en-la-vacunacion-contra-el-vph\\\/#breadcrumb\",\"itemListElement\":[{\"@type\":\"ListItem\",\"position\":1,\"name\":\"Inicio\",\"item\":\"https:\\\/\\\/grupohoymexico.com\\\/tlaxcala\\\/\"},{\"@type\":\"ListItem\",\"position\":2,\"name\":\"Tlaxcala marca el paso en la vacunaci\u00f3n contra el VPH\"}]},{\"@type\":\"WebSite\",\"@id\":\"https:\\\/\\\/grupohoymexico.com\\\/tlaxcala\\\/#website\",\"url\":\"https:\\\/\\\/grupohoymexico.com\\\/tlaxcala\\\/\",\"name\":\"Tlaxcala Hoy\",\"description\":\"El alma de la naci\u00f3n\",\"potentialAction\":[{\"@type\":\"SearchAction\",\"target\":{\"@type\":\"EntryPoint\",\"urlTemplate\":\"https:\\\/\\\/grupohoymexico.com\\\/tlaxcala\\\/?s={search_term_string}\"},\"query-input\":{\"@type\":\"PropertyValueSpecification\",\"valueRequired\":true,\"valueName\":\"search_term_string\"}}],\"inLanguage\":\"es\"},{\"@type\":\"Person\",\"@id\":\"https:\\\/\\\/grupohoymexico.com\\\/tlaxcala\\\/#\\\/schema\\\/person\\\/ce6086ac837852775a3a4f539356c297\",\"name\":\"user\",\"image\":{\"@type\":\"ImageObject\",\"inLanguage\":\"es\",\"@id\":\"https:\\\/\\\/secure.gravatar.com\\\/avatar\\\/25f78de4fa956f6f7c01f8d96f8087d8958ebe06d57e630cd54e36aefb9dacea?s=96&d=mm&r=g\",\"url\":\"https:\\\/\\\/secure.gravatar.com\\\/avatar\\\/25f78de4fa956f6f7c01f8d96f8087d8958ebe06d57e630cd54e36aefb9dacea?s=96&d=mm&r=g\",\"contentUrl\":\"https:\\\/\\\/secure.gravatar.com\\\/avatar\\\/25f78de4fa956f6f7c01f8d96f8087d8958ebe06d57e630cd54e36aefb9dacea?s=96&d=mm&r=g\",\"caption\":\"user\"},\"sameAs\":[\"http:\\\/\\\/44.197.188.197.nip.io\"],\"url\":\"https:\\\/\\\/grupohoymexico.com\\\/tlaxcala\\\/author\\\/user\\\/\"}]}<\/script>\n<!-- \/ Yoast SEO Premium plugin. -->","yoast_head_json":{"title":"Tlaxcala marca el paso en la vacunaci\u00f3n contra el VPH - Tlaxcala Hoy","description":"Tlaxcala alcanza un avance del 79.8% en la vacunaci\u00f3n contra el Virus del Papiloma Humano, superando el promedio nacional del 32.1%","robots":{"index":"index","follow":"follow","max-snippet":"max-snippet:-1","max-image-preview":"max-image-preview:large","max-video-preview":"max-video-preview:-1"},"canonical":"https:\/\/grupohoymexico.com\/tlaxcala\/estatal\/tlaxcala-marca-el-paso-en-la-vacunacion-contra-el-vph\/","og_locale":"es_MX","og_type":"article","og_title":"Tlaxcala marca el paso en la vacunaci\u00f3n contra el VPH","og_description":"Tlaxcala alcanza un avance del 79.8% en la vacunaci\u00f3n contra el Virus del Papiloma Humano, superando el promedio nacional del 32.1%","og_url":"https:\/\/grupohoymexico.com\/tlaxcala\/estatal\/tlaxcala-marca-el-paso-en-la-vacunacion-contra-el-vph\/","og_site_name":"Tlaxcala Hoy","article_published_time":"2025-10-28T19:54:04+00:00","og_image":[{"width":1201,"height":639,"url":"https:\/\/grupohoymexico.com\/tlaxcala\/wp-content\/uploads\/sites\/4\/2025\/10\/GH_1_Tlaxcala_encabeza_la_vacunacion_contra_el_VPH_en_Mexico_copia.webp","type":"image\/webp"}],"author":"user","twitter_card":"summary_large_image","twitter_misc":{"Escrito por":"user","Tiempo de lectura":"3 minutos"},"schema":{"@context":"https:\/\/schema.org","@graph":[{"@type":"Article","@id":"https:\/\/grupohoymexico.com\/tlaxcala\/estatal\/tlaxcala-marca-el-paso-en-la-vacunacion-contra-el-vph\/#article","isPartOf":{"@id":"https:\/\/grupohoymexico.com\/tlaxcala\/estatal\/tlaxcala-marca-el-paso-en-la-vacunacion-contra-el-vph\/"},"author":{"name":"user","@id":"https:\/\/grupohoymexico.com\/tlaxcala\/#\/schema\/person\/ce6086ac837852775a3a4f539356c297"},"headline":"Tlaxcala marca el paso en la vacunaci\u00f3n contra el VPH","datePublished":"2025-10-28T19:54:04+00:00","mainEntityOfPage":{"@id":"https:\/\/grupohoymexico.com\/tlaxcala\/estatal\/tlaxcala-marca-el-paso-en-la-vacunacion-contra-el-vph\/"},"wordCount":348,"commentCount":0,"image":{"@id":"https:\/\/grupohoymexico.com\/tlaxcala\/estatal\/tlaxcala-marca-el-paso-en-la-vacunacion-contra-el-vph\/#primaryimage"},"thumbnailUrl":"https:\/\/grupohoymexico.com\/tlaxcala\/wp-content\/uploads\/sites\/4\/2025\/10\/GH_1_Tlaxcala_encabeza_la_vacunacion_contra_el_VPH_en_Mexico_copia.webp","keywords":["CENSIA","Estatal","salud","Tlaxcala","VPH"],"articleSection":["Estatal"],"inLanguage":"es","potentialAction":[{"@type":"CommentAction","name":"Comment","target":["https:\/\/grupohoymexico.com\/tlaxcala\/estatal\/tlaxcala-marca-el-paso-en-la-vacunacion-contra-el-vph\/#respond"]}]},{"@type":"WebPage","@id":"https:\/\/grupohoymexico.com\/tlaxcala\/estatal\/tlaxcala-marca-el-paso-en-la-vacunacion-contra-el-vph\/","url":"https:\/\/grupohoymexico.com\/tlaxcala\/estatal\/tlaxcala-marca-el-paso-en-la-vacunacion-contra-el-vph\/","name":"Tlaxcala marca el paso en la vacunaci\u00f3n contra el VPH - Tlaxcala Hoy","isPartOf":{"@id":"https:\/\/grupohoymexico.com\/tlaxcala\/#website"},"primaryImageOfPage":{"@id":"https:\/\/grupohoymexico.com\/tlaxcala\/estatal\/tlaxcala-marca-el-paso-en-la-vacunacion-contra-el-vph\/#primaryimage"},"image":{"@id":"https:\/\/grupohoymexico.com\/tlaxcala\/estatal\/tlaxcala-marca-el-paso-en-la-vacunacion-contra-el-vph\/#primaryimage"},"thumbnailUrl":"https:\/\/grupohoymexico.com\/tlaxcala\/wp-content\/uploads\/sites\/4\/2025\/10\/GH_1_Tlaxcala_encabeza_la_vacunacion_contra_el_VPH_en_Mexico_copia.webp","datePublished":"2025-10-28T19:54:04+00:00","author":{"@id":"https:\/\/grupohoymexico.com\/tlaxcala\/#\/schema\/person\/ce6086ac837852775a3a4f539356c297"},"description":"Tlaxcala alcanza un avance del 79.8% en la vacunaci\u00f3n contra el Virus del Papiloma Humano, superando el promedio nacional del 32.1%","breadcrumb":{"@id":"https:\/\/grupohoymexico.com\/tlaxcala\/estatal\/tlaxcala-marca-el-paso-en-la-vacunacion-contra-el-vph\/#breadcrumb"},"inLanguage":"es","potentialAction":[{"@type":"ReadAction","target":["https:\/\/grupohoymexico.com\/tlaxcala\/estatal\/tlaxcala-marca-el-paso-en-la-vacunacion-contra-el-vph\/"]}]},{"@type":"ImageObject","inLanguage":"es","@id":"https:\/\/grupohoymexico.com\/tlaxcala\/estatal\/tlaxcala-marca-el-paso-en-la-vacunacion-contra-el-vph\/#primaryimage","url":"https:\/\/grupohoymexico.com\/tlaxcala\/wp-content\/uploads\/sites\/4\/2025\/10\/GH_1_Tlaxcala_encabeza_la_vacunacion_contra_el_VPH_en_Mexico_copia.webp","contentUrl":"https:\/\/grupohoymexico.com\/tlaxcala\/wp-content\/uploads\/sites\/4\/2025\/10\/GH_1_Tlaxcala_encabeza_la_vacunacion_contra_el_VPH_en_Mexico_copia.webp","width":1201,"height":639,"caption":"Tlaxcala alcanza un avance del 79.8% en la vacunaci\u00f3n contra el Virus del Papiloma Humano, superando el promedio nacional del 32.1%"},{"@type":"BreadcrumbList","@id":"https:\/\/grupohoymexico.com\/tlaxcala\/estatal\/tlaxcala-marca-el-paso-en-la-vacunacion-contra-el-vph\/#breadcrumb","itemListElement":[{"@type":"ListItem","position":1,"name":"Inicio","item":"https:\/\/grupohoymexico.com\/tlaxcala\/"},{"@type":"ListItem","position":2,"name":"Tlaxcala marca el paso en la vacunaci\u00f3n contra el VPH"}]},{"@type":"WebSite","@id":"https:\/\/grupohoymexico.com\/tlaxcala\/#website","url":"https:\/\/grupohoymexico.com\/tlaxcala\/","name":"Tlaxcala Hoy","description":"El alma de la naci\u00f3n","potentialAction":[{"@type":"SearchAction","target":{"@type":"EntryPoint","urlTemplate":"https:\/\/grupohoymexico.com\/tlaxcala\/?s={search_term_string}"},"query-input":{"@type":"PropertyValueSpecification","valueRequired":true,"valueName":"search_term_string"}}],"inLanguage":"es"},{"@type":"Person","@id":"https:\/\/grupohoymexico.com\/tlaxcala\/#\/schema\/person\/ce6086ac837852775a3a4f539356c297","name":"user","image":{"@type":"ImageObject","inLanguage":"es","@id":"https:\/\/secure.gravatar.com\/avatar\/25f78de4fa956f6f7c01f8d96f8087d8958ebe06d57e630cd54e36aefb9dacea?s=96&d=mm&r=g","url":"https:\/\/secure.gravatar.com\/avatar\/25f78de4fa956f6f7c01f8d96f8087d8958ebe06d57e630cd54e36aefb9dacea?s=96&d=mm&r=g","contentUrl":"https:\/\/secure.gravatar.com\/avatar\/25f78de4fa956f6f7c01f8d96f8087d8958ebe06d57e630cd54e36aefb9dacea?s=96&d=mm&r=g","caption":"user"},"sameAs":["http:\/\/44.197.188.197.nip.io"],"url":"https:\/\/grupohoymexico.com\/tlaxcala\/author\/user\/"}]}},"_links":{"self":[{"href":"https:\/\/grupohoymexico.com\/tlaxcala\/wp-json\/wp\/v2\/posts\/4341","targetHints":{"allow":["GET"]}}],"collection":[{"href":"https:\/\/grupohoymexico.com\/tlaxcala\/wp-json\/wp\/v2\/posts"}],"about":[{"href":"https:\/\/grupohoymexico.com\/tlaxcala\/wp-json\/wp\/v2\/types\/post"}],"author":[{"embeddable":true,"href":"https:\/\/grupohoymexico.com\/tlaxcala\/wp-json\/wp\/v2\/users\/1"}],"replies":[{"embeddable":true,"href":"https:\/\/grupohoymexico.com\/tlaxcala\/wp-json\/wp\/v2\/comments?post=4341"}],"version-history":[{"count":1,"href":"https:\/\/grupohoymexico.com\/tlaxcala\/wp-json\/wp\/v2\/posts\/4341\/revisions"}],"predecessor-version":[{"id":4345,"href":"https:\/\/grupohoymexico.com\/tlaxcala\/wp-json\/wp\/v2\/posts\/4341\/revisions\/4345"}],"wp:featuredmedia":[{"embeddable":true,"href":"https:\/\/grupohoymexico.com\/tlaxcala\/wp-json\/wp\/v2\/media\/4344"}],"wp:attachment":[{"href":"https:\/\/grupohoymexico.com\/tlaxcala\/wp-json\/wp\/v2\/media?parent=4341"}],"wp:term":[{"taxonomy":"category","embeddable":true,"href":"https:\/\/grupohoymexico.com\/tlaxcala\/wp-json\/wp\/v2\/categories?post=4341"},{"taxonomy":"post_tag","embeddable":true,"href":"https:\/\/grupohoymexico.com\/tlaxcala\/wp-json\/wp\/v2\/tags?post=4341"}],"curies":[{"name":"wp","href":"https:\/\/api.w.org\/{rel}","templated":true}]}}