{"id":4322,"date":"2025-10-23T19:04:25","date_gmt":"2025-10-23T19:04:25","guid":{"rendered":"https:\/\/grupohoymexico.com\/tlaxcala\/?p=4322"},"modified":"2025-10-23T19:04:25","modified_gmt":"2025-10-23T19:04:25","slug":"la-uatx-fomenta-el-aprendizaje-y-la-participacion-de-las-personas-mayores","status":"publish","type":"post","link":"https:\/\/grupohoymexico.com\/tlaxcala\/estatal\/la-uatx-fomenta-el-aprendizaje-y-la-participacion-de-las-personas-mayores\/","title":{"rendered":"La UATx fomenta el aprendizaje y la participaci\u00f3n de las personas mayores"},"content":{"rendered":"<p>La <strong>Universidad Aut\u00f3noma de Tlaxcala<\/strong> refuerza su compromiso con la educaci\u00f3n inclusiva mediante el <strong>programa Universidad para\/con Personas Mayores. <\/strong>Dicho programa, est\u00e1\u00a0dise\u00f1ado para brindar a los adultos mayores herramientas que favorezcan su desarrollo integral. La iniciativa combina <strong>aspectos f\u00edsicos, psicol\u00f3gicos, sociales y espirituales<\/strong>, buscando fortalecer la <strong>autonom\u00eda, la autoestima y el bienestar<\/strong> de quienes participan.<\/p>\n<h2><strong>Ceremonia de reconocimiento y entrega de credenciales<\/strong><\/h2>\n<p>En el<strong> Aula Magna \u201cRa\u00fal Jim\u00e9nez Guillen\u201d<\/strong> se llev\u00f3 a cabo un emotivo acto en el que <strong>150 personas recibieron sus credenciales como estudiantes de la universidad.<\/strong><\/p>\n<p>Durante la ceremonia, el <strong>Maestro Irving Eduardo Ortiz Gallardo, c<\/strong><strong>oordinador de la Divisi\u00f3n de Ciencias Sociales y Humanidades<\/strong>, destac\u00f3 que la inclusi\u00f3n de <strong>personas mayores en la vida universitaria<\/strong> enriquece el quehacer acad\u00e9mico. Tambi\u00e9n, fortalece los lazos entre generaciones, creando un ambiente de <a href=\"https:\/\/grupohoymexico.com\/tlaxcala\/estatal\/alumnos-con-autismo-en-tlaxcala-aumentan-a-263-en-cinco-anos\/\">aprendizaje<\/a> compartido y mutuo enriquecimiento.<\/p>\n<h2><strong>UATx: Ampliaci\u00f3n del programa y nuevos horizontes<\/strong><\/h2>\n<p>El <strong>director de la Facultad de Ciencias para el Desarrollo Humano, Maestro Josu\u00e9 Antonio Camacho Candia<\/strong>, destac\u00f3 que la facultad trabaja en la expansi\u00f3n del programa mediante cursos y actividades centradas en la gerontolog\u00eda. Su objetivo es el de atender las necesidades de la sociedad y crear <strong>espacios educativos inclusivos.<\/strong><\/p>\n<p>Esta estrategia busca promover la participaci\u00f3n activa de los adultos mayores, fomentar su <strong>desarrollo personal y profesional. <\/strong>Sobre todo, se busca visibilizar la importancia de su integraci\u00f3n en la comunidad acad\u00e9mica.<\/p>\n<h2><strong>Programa Universidad para\/con Personas Mayores: Crecimiento sostenido y enfoque humanista<\/strong><\/h2>\n<p>El coordinador del programa, <strong>Maestro Ra\u00fal Jim\u00e9nez Guillen<\/strong>, record\u00f3 que el proyecto comenz\u00f3 con apenas<strong> 15 participantes y hoy supera los 150.<\/strong> De esta forma, evidenci\u00f3 su crecimiento constante y la aceptaci\u00f3n de la sociedad.<\/p>\n<p>M\u00e1s all\u00e1 de la formaci\u00f3n acad\u00e9mica, el programa fortalece la comunidad, genera v\u00ednculos intergeneracionales y refleja la filosof\u00eda humanista de la <strong>UATx: educar implica cuidar, y cuidar a lo largo de todas las etapas de la vida contribuye a formar individuos m\u00e1s completos y a construir una sociedad m\u00e1s justa, emp\u00e1tica e inclusiva.<\/strong><\/p>\n","protected":false},"excerpt":{"rendered":"La Universidad Aut\u00f3noma de Tlaxcala refuerza su compromiso con la educaci\u00f3n inclusiva mediante el programa Universidad para\/con Personas&hellip;","protected":false},"author":1,"featured_media":4323,"comment_status":"open","ping_status":"open","sticky":false,"template":"","format":"standard","meta":{"csco_display_header_overlay":false,"csco_singular_sidebar":"","csco_page_header_type":"","csco_page_load_nextpost":"","csco_post_video_location":[],"csco_post_video_location_hash":"","csco_post_video_url":"","csco_post_video_bg_start_time":0,"csco_post_video_bg_end_time":0,"footnotes":""},"categories":[172],"tags":[207,238,2206,2207,265],"class_list":{"0":"post-4322","1":"post","2":"type-post","3":"status-publish","4":"format-standard","5":"has-post-thumbnail","7":"category-estatal","8":"tag-educacion","9":"tag-inclusion","10":"tag-personas-mayores","11":"tag-programa","12":"tag-uatx","13":"cs-entry","14":"cs-video-wrap"},"yoast_head":"<!-- This site is optimized with the Yoast SEO Premium plugin v24.7 (Yoast SEO v27.4) - https:\/\/yoast.com\/product\/yoast-seo-premium-wordpress\/ -->\n<title>La UATx fomenta el aprendizaje y la participaci\u00f3n de las personas mayores - Tlaxcala Hoy<\/title>\n<meta name=\"description\" content=\"La Universidad Aut\u00f3noma de Tlaxcala (UATx) fortalece la educaci\u00f3n inclusiva con su programa Universidad para\/con Personas Mayores\" \/>\n<meta name=\"robots\" content=\"index, follow, max-snippet:-1, max-image-preview:large, max-video-preview:-1\" \/>\n<link rel=\"canonical\" href=\"https:\/\/grupohoymexico.com\/tlaxcala\/estatal\/la-uatx-fomenta-el-aprendizaje-y-la-participacion-de-las-personas-mayores\/\" \/>\n<meta property=\"og:locale\" content=\"es_MX\" \/>\n<meta property=\"og:type\" content=\"article\" \/>\n<meta property=\"og:title\" content=\"La UATx fomenta el aprendizaje y la participaci\u00f3n de las personas mayores\" \/>\n<meta property=\"og:description\" content=\"La Universidad Aut\u00f3noma de Tlaxcala (UATx) fortalece la educaci\u00f3n inclusiva con su programa Universidad para\/con Personas Mayores\" \/>\n<meta property=\"og:url\" content=\"https:\/\/grupohoymexico.com\/tlaxcala\/estatal\/la-uatx-fomenta-el-aprendizaje-y-la-participacion-de-las-personas-mayores\/\" \/>\n<meta property=\"og:site_name\" content=\"Tlaxcala Hoy\" \/>\n<meta property=\"article:published_time\" content=\"2025-10-23T19:04:25+00:00\" \/>\n<meta property=\"og:image\" content=\"https:\/\/grupohoymexico.com\/tlaxcala\/wp-content\/uploads\/sites\/4\/2025\/10\/5177419346879711353.webp\" \/>\n\t<meta property=\"og:image:width\" content=\"1201\" \/>\n\t<meta property=\"og:image:height\" content=\"639\" \/>\n\t<meta property=\"og:image:type\" content=\"image\/webp\" \/>\n<meta name=\"author\" content=\"user\" \/>\n<meta name=\"twitter:card\" content=\"summary_large_image\" \/>\n<meta name=\"twitter:label1\" content=\"Escrito por\" \/>\n\t<meta name=\"twitter:data1\" content=\"user\" \/>\n\t<meta name=\"twitter:label2\" content=\"Tiempo de lectura\" \/>\n\t<meta name=\"twitter:data2\" content=\"2 minutos\" \/>\n<script type=\"application\/ld+json\" class=\"yoast-schema-graph\">{\"@context\":\"https:\\\/\\\/schema.org\",\"@graph\":[{\"@type\":\"Article\",\"@id\":\"https:\\\/\\\/grupohoymexico.com\\\/tlaxcala\\\/estatal\\\/la-uatx-fomenta-el-aprendizaje-y-la-participacion-de-las-personas-mayores\\\/#article\",\"isPartOf\":{\"@id\":\"https:\\\/\\\/grupohoymexico.com\\\/tlaxcala\\\/estatal\\\/la-uatx-fomenta-el-aprendizaje-y-la-participacion-de-las-personas-mayores\\\/\"},\"author\":{\"name\":\"user\",\"@id\":\"https:\\\/\\\/grupohoymexico.com\\\/tlaxcala\\\/#\\\/schema\\\/person\\\/ce6086ac837852775a3a4f539356c297\"},\"headline\":\"La UATx fomenta el aprendizaje y la participaci\u00f3n de las personas mayores\",\"datePublished\":\"2025-10-23T19:04:25+00:00\",\"mainEntityOfPage\":{\"@id\":\"https:\\\/\\\/grupohoymexico.com\\\/tlaxcala\\\/estatal\\\/la-uatx-fomenta-el-aprendizaje-y-la-participacion-de-las-personas-mayores\\\/\"},\"wordCount\":366,\"commentCount\":0,\"image\":{\"@id\":\"https:\\\/\\\/grupohoymexico.com\\\/tlaxcala\\\/estatal\\\/la-uatx-fomenta-el-aprendizaje-y-la-participacion-de-las-personas-mayores\\\/#primaryimage\"},\"thumbnailUrl\":\"https:\\\/\\\/grupohoymexico.com\\\/tlaxcala\\\/wp-content\\\/uploads\\\/sites\\\/4\\\/2025\\\/10\\\/5177419346879711353.webp\",\"keywords\":[\"Educaci\u00f3n\",\"Inclusi\u00f3n\",\"personas mayores\",\"programa\",\"UATx\"],\"articleSection\":[\"Estatal\"],\"inLanguage\":\"es\",\"potentialAction\":[{\"@type\":\"CommentAction\",\"name\":\"Comment\",\"target\":[\"https:\\\/\\\/grupohoymexico.com\\\/tlaxcala\\\/estatal\\\/la-uatx-fomenta-el-aprendizaje-y-la-participacion-de-las-personas-mayores\\\/#respond\"]}]},{\"@type\":\"WebPage\",\"@id\":\"https:\\\/\\\/grupohoymexico.com\\\/tlaxcala\\\/estatal\\\/la-uatx-fomenta-el-aprendizaje-y-la-participacion-de-las-personas-mayores\\\/\",\"url\":\"https:\\\/\\\/grupohoymexico.com\\\/tlaxcala\\\/estatal\\\/la-uatx-fomenta-el-aprendizaje-y-la-participacion-de-las-personas-mayores\\\/\",\"name\":\"La UATx fomenta el aprendizaje y la participaci\u00f3n de las personas mayores - Tlaxcala Hoy\",\"isPartOf\":{\"@id\":\"https:\\\/\\\/grupohoymexico.com\\\/tlaxcala\\\/#website\"},\"primaryImageOfPage\":{\"@id\":\"https:\\\/\\\/grupohoymexico.com\\\/tlaxcala\\\/estatal\\\/la-uatx-fomenta-el-aprendizaje-y-la-participacion-de-las-personas-mayores\\\/#primaryimage\"},\"image\":{\"@id\":\"https:\\\/\\\/grupohoymexico.com\\\/tlaxcala\\\/estatal\\\/la-uatx-fomenta-el-aprendizaje-y-la-participacion-de-las-personas-mayores\\\/#primaryimage\"},\"thumbnailUrl\":\"https:\\\/\\\/grupohoymexico.com\\\/tlaxcala\\\/wp-content\\\/uploads\\\/sites\\\/4\\\/2025\\\/10\\\/5177419346879711353.webp\",\"datePublished\":\"2025-10-23T19:04:25+00:00\",\"author\":{\"@id\":\"https:\\\/\\\/grupohoymexico.com\\\/tlaxcala\\\/#\\\/schema\\\/person\\\/ce6086ac837852775a3a4f539356c297\"},\"description\":\"La Universidad Aut\u00f3noma de Tlaxcala (UATx) fortalece la educaci\u00f3n inclusiva con su programa Universidad para\\\/con Personas Mayores\",\"breadcrumb\":{\"@id\":\"https:\\\/\\\/grupohoymexico.com\\\/tlaxcala\\\/estatal\\\/la-uatx-fomenta-el-aprendizaje-y-la-participacion-de-las-personas-mayores\\\/#breadcrumb\"},\"inLanguage\":\"es\",\"potentialAction\":[{\"@type\":\"ReadAction\",\"target\":[\"https:\\\/\\\/grupohoymexico.com\\\/tlaxcala\\\/estatal\\\/la-uatx-fomenta-el-aprendizaje-y-la-participacion-de-las-personas-mayores\\\/\"]}]},{\"@type\":\"ImageObject\",\"inLanguage\":\"es\",\"@id\":\"https:\\\/\\\/grupohoymexico.com\\\/tlaxcala\\\/estatal\\\/la-uatx-fomenta-el-aprendizaje-y-la-participacion-de-las-personas-mayores\\\/#primaryimage\",\"url\":\"https:\\\/\\\/grupohoymexico.com\\\/tlaxcala\\\/wp-content\\\/uploads\\\/sites\\\/4\\\/2025\\\/10\\\/5177419346879711353.webp\",\"contentUrl\":\"https:\\\/\\\/grupohoymexico.com\\\/tlaxcala\\\/wp-content\\\/uploads\\\/sites\\\/4\\\/2025\\\/10\\\/5177419346879711353.webp\",\"width\":1201,\"height\":639,\"caption\":\"UATx personas mayores\"},{\"@type\":\"BreadcrumbList\",\"@id\":\"https:\\\/\\\/grupohoymexico.com\\\/tlaxcala\\\/estatal\\\/la-uatx-fomenta-el-aprendizaje-y-la-participacion-de-las-personas-mayores\\\/#breadcrumb\",\"itemListElement\":[{\"@type\":\"ListItem\",\"position\":1,\"name\":\"Inicio\",\"item\":\"https:\\\/\\\/grupohoymexico.com\\\/tlaxcala\\\/\"},{\"@type\":\"ListItem\",\"position\":2,\"name\":\"La UATx fomenta el aprendizaje y la participaci\u00f3n de las personas mayores\"}]},{\"@type\":\"WebSite\",\"@id\":\"https:\\\/\\\/grupohoymexico.com\\\/tlaxcala\\\/#website\",\"url\":\"https:\\\/\\\/grupohoymexico.com\\\/tlaxcala\\\/\",\"name\":\"Tlaxcala Hoy\",\"description\":\"El alma de la naci\u00f3n\",\"potentialAction\":[{\"@type\":\"SearchAction\",\"target\":{\"@type\":\"EntryPoint\",\"urlTemplate\":\"https:\\\/\\\/grupohoymexico.com\\\/tlaxcala\\\/?s={search_term_string}\"},\"query-input\":{\"@type\":\"PropertyValueSpecification\",\"valueRequired\":true,\"valueName\":\"search_term_string\"}}],\"inLanguage\":\"es\"},{\"@type\":\"Person\",\"@id\":\"https:\\\/\\\/grupohoymexico.com\\\/tlaxcala\\\/#\\\/schema\\\/person\\\/ce6086ac837852775a3a4f539356c297\",\"name\":\"user\",\"image\":{\"@type\":\"ImageObject\",\"inLanguage\":\"es\",\"@id\":\"https:\\\/\\\/secure.gravatar.com\\\/avatar\\\/25f78de4fa956f6f7c01f8d96f8087d8958ebe06d57e630cd54e36aefb9dacea?s=96&d=mm&r=g\",\"url\":\"https:\\\/\\\/secure.gravatar.com\\\/avatar\\\/25f78de4fa956f6f7c01f8d96f8087d8958ebe06d57e630cd54e36aefb9dacea?s=96&d=mm&r=g\",\"contentUrl\":\"https:\\\/\\\/secure.gravatar.com\\\/avatar\\\/25f78de4fa956f6f7c01f8d96f8087d8958ebe06d57e630cd54e36aefb9dacea?s=96&d=mm&r=g\",\"caption\":\"user\"},\"sameAs\":[\"http:\\\/\\\/44.197.188.197.nip.io\"],\"url\":\"https:\\\/\\\/grupohoymexico.com\\\/tlaxcala\\\/author\\\/user\\\/\"}]}<\/script>\n<!-- \/ Yoast SEO Premium plugin. -->","yoast_head_json":{"title":"La UATx fomenta el aprendizaje y la participaci\u00f3n de las personas mayores - Tlaxcala Hoy","description":"La Universidad Aut\u00f3noma de Tlaxcala (UATx) fortalece la educaci\u00f3n inclusiva con su programa Universidad para\/con Personas Mayores","robots":{"index":"index","follow":"follow","max-snippet":"max-snippet:-1","max-image-preview":"max-image-preview:large","max-video-preview":"max-video-preview:-1"},"canonical":"https:\/\/grupohoymexico.com\/tlaxcala\/estatal\/la-uatx-fomenta-el-aprendizaje-y-la-participacion-de-las-personas-mayores\/","og_locale":"es_MX","og_type":"article","og_title":"La UATx fomenta el aprendizaje y la participaci\u00f3n de las personas mayores","og_description":"La Universidad Aut\u00f3noma de Tlaxcala (UATx) fortalece la educaci\u00f3n inclusiva con su programa Universidad para\/con Personas Mayores","og_url":"https:\/\/grupohoymexico.com\/tlaxcala\/estatal\/la-uatx-fomenta-el-aprendizaje-y-la-participacion-de-las-personas-mayores\/","og_site_name":"Tlaxcala Hoy","article_published_time":"2025-10-23T19:04:25+00:00","og_image":[{"width":1201,"height":639,"url":"https:\/\/grupohoymexico.com\/tlaxcala\/wp-content\/uploads\/sites\/4\/2025\/10\/5177419346879711353.webp","type":"image\/webp"}],"author":"user","twitter_card":"summary_large_image","twitter_misc":{"Escrito por":"user","Tiempo de lectura":"2 minutos"},"schema":{"@context":"https:\/\/schema.org","@graph":[{"@type":"Article","@id":"https:\/\/grupohoymexico.com\/tlaxcala\/estatal\/la-uatx-fomenta-el-aprendizaje-y-la-participacion-de-las-personas-mayores\/#article","isPartOf":{"@id":"https:\/\/grupohoymexico.com\/tlaxcala\/estatal\/la-uatx-fomenta-el-aprendizaje-y-la-participacion-de-las-personas-mayores\/"},"author":{"name":"user","@id":"https:\/\/grupohoymexico.com\/tlaxcala\/#\/schema\/person\/ce6086ac837852775a3a4f539356c297"},"headline":"La UATx fomenta el aprendizaje y la participaci\u00f3n de las personas mayores","datePublished":"2025-10-23T19:04:25+00:00","mainEntityOfPage":{"@id":"https:\/\/grupohoymexico.com\/tlaxcala\/estatal\/la-uatx-fomenta-el-aprendizaje-y-la-participacion-de-las-personas-mayores\/"},"wordCount":366,"commentCount":0,"image":{"@id":"https:\/\/grupohoymexico.com\/tlaxcala\/estatal\/la-uatx-fomenta-el-aprendizaje-y-la-participacion-de-las-personas-mayores\/#primaryimage"},"thumbnailUrl":"https:\/\/grupohoymexico.com\/tlaxcala\/wp-content\/uploads\/sites\/4\/2025\/10\/5177419346879711353.webp","keywords":["Educaci\u00f3n","Inclusi\u00f3n","personas mayores","programa","UATx"],"articleSection":["Estatal"],"inLanguage":"es","potentialAction":[{"@type":"CommentAction","name":"Comment","target":["https:\/\/grupohoymexico.com\/tlaxcala\/estatal\/la-uatx-fomenta-el-aprendizaje-y-la-participacion-de-las-personas-mayores\/#respond"]}]},{"@type":"WebPage","@id":"https:\/\/grupohoymexico.com\/tlaxcala\/estatal\/la-uatx-fomenta-el-aprendizaje-y-la-participacion-de-las-personas-mayores\/","url":"https:\/\/grupohoymexico.com\/tlaxcala\/estatal\/la-uatx-fomenta-el-aprendizaje-y-la-participacion-de-las-personas-mayores\/","name":"La UATx fomenta el aprendizaje y la participaci\u00f3n de las personas mayores - Tlaxcala Hoy","isPartOf":{"@id":"https:\/\/grupohoymexico.com\/tlaxcala\/#website"},"primaryImageOfPage":{"@id":"https:\/\/grupohoymexico.com\/tlaxcala\/estatal\/la-uatx-fomenta-el-aprendizaje-y-la-participacion-de-las-personas-mayores\/#primaryimage"},"image":{"@id":"https:\/\/grupohoymexico.com\/tlaxcala\/estatal\/la-uatx-fomenta-el-aprendizaje-y-la-participacion-de-las-personas-mayores\/#primaryimage"},"thumbnailUrl":"https:\/\/grupohoymexico.com\/tlaxcala\/wp-content\/uploads\/sites\/4\/2025\/10\/5177419346879711353.webp","datePublished":"2025-10-23T19:04:25+00:00","author":{"@id":"https:\/\/grupohoymexico.com\/tlaxcala\/#\/schema\/person\/ce6086ac837852775a3a4f539356c297"},"description":"La Universidad Aut\u00f3noma de Tlaxcala (UATx) fortalece la educaci\u00f3n inclusiva con su programa Universidad para\/con Personas Mayores","breadcrumb":{"@id":"https:\/\/grupohoymexico.com\/tlaxcala\/estatal\/la-uatx-fomenta-el-aprendizaje-y-la-participacion-de-las-personas-mayores\/#breadcrumb"},"inLanguage":"es","potentialAction":[{"@type":"ReadAction","target":["https:\/\/grupohoymexico.com\/tlaxcala\/estatal\/la-uatx-fomenta-el-aprendizaje-y-la-participacion-de-las-personas-mayores\/"]}]},{"@type":"ImageObject","inLanguage":"es","@id":"https:\/\/grupohoymexico.com\/tlaxcala\/estatal\/la-uatx-fomenta-el-aprendizaje-y-la-participacion-de-las-personas-mayores\/#primaryimage","url":"https:\/\/grupohoymexico.com\/tlaxcala\/wp-content\/uploads\/sites\/4\/2025\/10\/5177419346879711353.webp","contentUrl":"https:\/\/grupohoymexico.com\/tlaxcala\/wp-content\/uploads\/sites\/4\/2025\/10\/5177419346879711353.webp","width":1201,"height":639,"caption":"UATx personas mayores"},{"@type":"BreadcrumbList","@id":"https:\/\/grupohoymexico.com\/tlaxcala\/estatal\/la-uatx-fomenta-el-aprendizaje-y-la-participacion-de-las-personas-mayores\/#breadcrumb","itemListElement":[{"@type":"ListItem","position":1,"name":"Inicio","item":"https:\/\/grupohoymexico.com\/tlaxcala\/"},{"@type":"ListItem","position":2,"name":"La UATx fomenta el aprendizaje y la participaci\u00f3n de las personas mayores"}]},{"@type":"WebSite","@id":"https:\/\/grupohoymexico.com\/tlaxcala\/#website","url":"https:\/\/grupohoymexico.com\/tlaxcala\/","name":"Tlaxcala Hoy","description":"El alma de la naci\u00f3n","potentialAction":[{"@type":"SearchAction","target":{"@type":"EntryPoint","urlTemplate":"https:\/\/grupohoymexico.com\/tlaxcala\/?s={search_term_string}"},"query-input":{"@type":"PropertyValueSpecification","valueRequired":true,"valueName":"search_term_string"}}],"inLanguage":"es"},{"@type":"Person","@id":"https:\/\/grupohoymexico.com\/tlaxcala\/#\/schema\/person\/ce6086ac837852775a3a4f539356c297","name":"user","image":{"@type":"ImageObject","inLanguage":"es","@id":"https:\/\/secure.gravatar.com\/avatar\/25f78de4fa956f6f7c01f8d96f8087d8958ebe06d57e630cd54e36aefb9dacea?s=96&d=mm&r=g","url":"https:\/\/secure.gravatar.com\/avatar\/25f78de4fa956f6f7c01f8d96f8087d8958ebe06d57e630cd54e36aefb9dacea?s=96&d=mm&r=g","contentUrl":"https:\/\/secure.gravatar.com\/avatar\/25f78de4fa956f6f7c01f8d96f8087d8958ebe06d57e630cd54e36aefb9dacea?s=96&d=mm&r=g","caption":"user"},"sameAs":["http:\/\/44.197.188.197.nip.io"],"url":"https:\/\/grupohoymexico.com\/tlaxcala\/author\/user\/"}]}},"_links":{"self":[{"href":"https:\/\/grupohoymexico.com\/tlaxcala\/wp-json\/wp\/v2\/posts\/4322","targetHints":{"allow":["GET"]}}],"collection":[{"href":"https:\/\/grupohoymexico.com\/tlaxcala\/wp-json\/wp\/v2\/posts"}],"about":[{"href":"https:\/\/grupohoymexico.com\/tlaxcala\/wp-json\/wp\/v2\/types\/post"}],"author":[{"embeddable":true,"href":"https:\/\/grupohoymexico.com\/tlaxcala\/wp-json\/wp\/v2\/users\/1"}],"replies":[{"embeddable":true,"href":"https:\/\/grupohoymexico.com\/tlaxcala\/wp-json\/wp\/v2\/comments?post=4322"}],"version-history":[{"count":1,"href":"https:\/\/grupohoymexico.com\/tlaxcala\/wp-json\/wp\/v2\/posts\/4322\/revisions"}],"predecessor-version":[{"id":4324,"href":"https:\/\/grupohoymexico.com\/tlaxcala\/wp-json\/wp\/v2\/posts\/4322\/revisions\/4324"}],"wp:featuredmedia":[{"embeddable":true,"href":"https:\/\/grupohoymexico.com\/tlaxcala\/wp-json\/wp\/v2\/media\/4323"}],"wp:attachment":[{"href":"https:\/\/grupohoymexico.com\/tlaxcala\/wp-json\/wp\/v2\/media?parent=4322"}],"wp:term":[{"taxonomy":"category","embeddable":true,"href":"https:\/\/grupohoymexico.com\/tlaxcala\/wp-json\/wp\/v2\/categories?post=4322"},{"taxonomy":"post_tag","embeddable":true,"href":"https:\/\/grupohoymexico.com\/tlaxcala\/wp-json\/wp\/v2\/tags?post=4322"}],"curies":[{"name":"wp","href":"https:\/\/api.w.org\/{rel}","templated":true}]}}