{"id":4291,"date":"2025-10-21T16:35:23","date_gmt":"2025-10-21T16:35:23","guid":{"rendered":"https:\/\/grupohoymexico.com\/tlaxcala\/?p=4291"},"modified":"2025-10-21T16:48:36","modified_gmt":"2025-10-21T16:48:36","slug":"alumnos-con-autismo-en-tlaxcala-aumentan-a-263-en-cinco-anos","status":"publish","type":"post","link":"https:\/\/grupohoymexico.com\/tlaxcala\/estatal\/alumnos-con-autismo-en-tlaxcala-aumentan-a-263-en-cinco-anos\/","title":{"rendered":"Alumnos con autismo en Tlaxcala aumentan a 263 % en cinco a\u00f1os"},"content":{"rendered":"<p>El n\u00famero de alumnos con<strong> Trastorno del Espectro Autista (TEA) en Tlaxcala<\/strong> creci\u00f3 de manera notable en los \u00faltimos <strong>cinco a\u00f1os. <\/strong>Pas\u00f3\u00a0de <strong>199 casos en 2021 a 722 en 2025<\/strong>, seg\u00fan datos de la<strong> Secretar\u00eda de Educaci\u00f3n P\u00fablica del Estado (Sepe)<\/strong>. La cifra representa un incremento acumulado del <strong>263 %<\/strong> y refleja una identificaci\u00f3n m\u00e1s efectiva de estudiantes con autismo dentro del sistema educativo.<\/p>\n<p>El mayor salto se registr\u00f3 entre<strong> 2023 y 2024<\/strong>, cuando los casos aumentaron aproximadamente un<strong> 54 %<\/strong>. En promedio, cada escuela atiende a <strong>seis estudiantes con autismo o TEA<\/strong>\u00a0a trav\u00e9s de las <strong>Unidades de Servicios de Apoyo a la Educaci\u00f3n Regular (Usaer) y los Centros de Atenci\u00f3n M\u00faltiple (CAM)<\/strong>. La mayor concentraci\u00f3n se encuentra en el <strong>nivel primaria, donde 416 alumnos reciben atenci\u00f3n especializada.<\/strong><\/p>\n<h2><strong>Educaci\u00f3n inclusiva y apoyos espec\u00edficos<\/strong><\/h2>\n<p>Los estudiantes con autismo en <strong>Tlaxcala<\/strong> asisten a aulas regulares y reciben ajustes pedag\u00f3gicos, materiales adaptados y acompa\u00f1amiento docente para integrarse plenamente. Aquellos que requieren apoyos m\u00e1s significativos son canalizados a los<strong> CAM. <\/strong>Ah\u00ed,\u00a0se brinda <strong>atenci\u00f3n personalizada y estrategias para favorecer su aprendizaje y autonom\u00eda.<\/strong><\/p>\n<p>El<strong> investigador Josu\u00e9 Camacho Candia, director de la Facultad de Ciencias para el Desarrollo Humano de la <a href=\"https:\/\/uatx.mx\/\">UATx<\/a><\/strong>, destac\u00f3 que <strong>el autismo es un trastorno del neurodesarrollo que afecta la comunicaci\u00f3n, la interacci\u00f3n social y algunas funciones motoras y sensoriales.<\/strong> Subray\u00f3 que se trata de un espectro. Es decir, <strong>cada ni\u00f1o manifiesta la condici\u00f3n de manera distinta y el entorno escolar, familiar y social influye en su desarrollo.<\/strong><\/p>\n<h2><strong>Autismo: Participaci\u00f3n familiar y prevenci\u00f3n<\/strong><\/h2>\n<p>Camacho Candia enfatiz\u00f3 que la implicaci\u00f3n de las familias es crucial para el \u00e9xito educativo de los ni\u00f1os con <strong>autismo<\/strong>. Se\u00f1al\u00f3 que las <strong>rutinas diarias, la ense\u00f1anza de habilidades de autonom\u00eda y la comprensi\u00f3n del trastorno<\/strong> favorecen la integraci\u00f3n y desarrollo de los estudiantes.<\/p>\n<p>Tambi\u00e9n indic\u00f3 que la identificaci\u00f3n temprana y la atenci\u00f3n adecuada aumentan las oportunidades de que los <strong>ni\u00f1os concluyan estudios superiores. Sobre todo, para que se desenvuelvan plenamente en distintos \u00e1mbitos de la vida.<\/strong><\/p>\n<h2><strong>UATx y educaci\u00f3n inclusiva en Tlaxcala<\/strong><\/h2>\n<p>La <strong>Universidad Aut\u00f3noma de Tlaxcala<\/strong> reforz\u00f3 sus programas de inclusi\u00f3n mediante<strong> investigaciones, servicios de atenci\u00f3n especializada y diplomados para docentes<\/strong> sobre <strong>estrategias educativas para estudiantes con autismo<\/strong>. Adem\u00e1s, promueve la interacci\u00f3n social y art\u00edstica de infancias con discapacidad a trav\u00e9s del <strong>programa \u201cPeque\u00f1as y peque\u00f1os universitarios\u201d<\/strong> y ofrece formaci\u00f3n en <strong><a href=\"https:\/\/grupohoymexico.com\/tlaxcala\/politico\/tlaxcala-lanza-videollamadas-con-lsm-para-sordos\/\">Lengua de Se\u00f1as Mexicana<\/a>.<\/strong><\/p>\n<p>Actualmente, la poblaci\u00f3n con autismo en <strong>Tlaxcala<\/strong> se compone mayoritariamente de <strong>varones, con 594 registrados, frente a 128 ni\u00f1as.<\/strong> El crecimiento en la detecci\u00f3n de casos se vincula con mejores servicios educativos, mayor conciencia social y protocolos de inclusi\u00f3n que buscan garantizar igualdad de oportunidades en todas las escuelas.<\/p>\n","protected":false},"excerpt":{"rendered":"El n\u00famero de alumnos con Trastorno del Espectro Autista (TEA) en Tlaxcala creci\u00f3 de manera notable en los&hellip;","protected":false},"author":1,"featured_media":4295,"comment_status":"open","ping_status":"open","sticky":false,"template":"","format":"standard","meta":{"csco_display_header_overlay":false,"csco_singular_sidebar":"","csco_page_header_type":"","csco_page_load_nextpost":"","csco_post_video_location":[],"csco_post_video_location_hash":"","csco_post_video_url":"","csco_post_video_bg_start_time":0,"csco_post_video_bg_end_time":0,"footnotes":""},"categories":[172],"tags":[2190,1045,2191,229,2192,265],"class_list":{"0":"post-4291","1":"post","2":"type-post","3":"status-publish","4":"format-standard","5":"has-post-thumbnail","7":"category-estatal","8":"tag-autismo","9":"tag-sepe","10":"tag-tea","11":"tag-tlaxcala","12":"tag-trastorno-del-espectro-autista-tea","13":"tag-uatx","14":"cs-entry","15":"cs-video-wrap"},"yoast_head":"<!-- This site is optimized with the Yoast SEO Premium plugin v24.7 (Yoast SEO v27.4) - https:\/\/yoast.com\/product\/yoast-seo-premium-wordpress\/ -->\n<title>Alumnos con autismo en Tlaxcala aumentan a 263 % en cinco a\u00f1os - Tlaxcala Hoy<\/title>\n<meta name=\"description\" content=\"Los casos de autismo en Tlaxcala suben de 199 a 722 entre 2021 y 2025, con programas de inclusi\u00f3n escolar de UATx.\" \/>\n<meta name=\"robots\" content=\"index, follow, max-snippet:-1, max-image-preview:large, max-video-preview:-1\" \/>\n<link rel=\"canonical\" href=\"https:\/\/grupohoymexico.com\/tlaxcala\/estatal\/alumnos-con-autismo-en-tlaxcala-aumentan-a-263-en-cinco-anos\/\" \/>\n<meta property=\"og:locale\" content=\"es_MX\" \/>\n<meta property=\"og:type\" content=\"article\" \/>\n<meta property=\"og:title\" content=\"Alumnos con autismo en Tlaxcala aumentan a 263 % en cinco a\u00f1os\" \/>\n<meta property=\"og:description\" content=\"Los casos de autismo en Tlaxcala suben de 199 a 722 entre 2021 y 2025, con programas de inclusi\u00f3n escolar de UATx.\" \/>\n<meta property=\"og:url\" content=\"https:\/\/grupohoymexico.com\/tlaxcala\/estatal\/alumnos-con-autismo-en-tlaxcala-aumentan-a-263-en-cinco-anos\/\" \/>\n<meta property=\"og:site_name\" content=\"Tlaxcala Hoy\" \/>\n<meta property=\"article:published_time\" content=\"2025-10-21T16:35:23+00:00\" \/>\n<meta property=\"article:modified_time\" content=\"2025-10-21T16:48:36+00:00\" \/>\n<meta property=\"og:image\" content=\"https:\/\/grupohoymexico.com\/tlaxcala\/wp-content\/uploads\/sites\/4\/2025\/10\/5170553712808035802.webp\" \/>\n\t<meta property=\"og:image:width\" content=\"1201\" \/>\n\t<meta property=\"og:image:height\" content=\"639\" \/>\n\t<meta property=\"og:image:type\" content=\"image\/webp\" \/>\n<meta name=\"author\" content=\"user\" \/>\n<meta name=\"twitter:card\" content=\"summary_large_image\" \/>\n<meta name=\"twitter:label1\" content=\"Escrito por\" \/>\n\t<meta name=\"twitter:data1\" content=\"user\" \/>\n\t<meta name=\"twitter:label2\" content=\"Tiempo de lectura\" \/>\n\t<meta name=\"twitter:data2\" content=\"3 minutos\" \/>\n<script type=\"application\/ld+json\" class=\"yoast-schema-graph\">{\"@context\":\"https:\\\/\\\/schema.org\",\"@graph\":[{\"@type\":\"Article\",\"@id\":\"https:\\\/\\\/grupohoymexico.com\\\/tlaxcala\\\/estatal\\\/alumnos-con-autismo-en-tlaxcala-aumentan-a-263-en-cinco-anos\\\/#article\",\"isPartOf\":{\"@id\":\"https:\\\/\\\/grupohoymexico.com\\\/tlaxcala\\\/estatal\\\/alumnos-con-autismo-en-tlaxcala-aumentan-a-263-en-cinco-anos\\\/\"},\"author\":{\"name\":\"user\",\"@id\":\"https:\\\/\\\/grupohoymexico.com\\\/tlaxcala\\\/#\\\/schema\\\/person\\\/ce6086ac837852775a3a4f539356c297\"},\"headline\":\"Alumnos con autismo en Tlaxcala aumentan a 263 % en cinco a\u00f1os\",\"datePublished\":\"2025-10-21T16:35:23+00:00\",\"dateModified\":\"2025-10-21T16:48:36+00:00\",\"mainEntityOfPage\":{\"@id\":\"https:\\\/\\\/grupohoymexico.com\\\/tlaxcala\\\/estatal\\\/alumnos-con-autismo-en-tlaxcala-aumentan-a-263-en-cinco-anos\\\/\"},\"wordCount\":492,\"commentCount\":0,\"image\":{\"@id\":\"https:\\\/\\\/grupohoymexico.com\\\/tlaxcala\\\/estatal\\\/alumnos-con-autismo-en-tlaxcala-aumentan-a-263-en-cinco-anos\\\/#primaryimage\"},\"thumbnailUrl\":\"https:\\\/\\\/grupohoymexico.com\\\/tlaxcala\\\/wp-content\\\/uploads\\\/sites\\\/4\\\/2025\\\/10\\\/5170553712808035802.webp\",\"keywords\":[\"autismo\",\"Sepe\",\"TEA\",\"Tlaxcala\",\"Trastorno del Espectro Autista (TEA)\",\"UATx\"],\"articleSection\":[\"Estatal\"],\"inLanguage\":\"es\",\"potentialAction\":[{\"@type\":\"CommentAction\",\"name\":\"Comment\",\"target\":[\"https:\\\/\\\/grupohoymexico.com\\\/tlaxcala\\\/estatal\\\/alumnos-con-autismo-en-tlaxcala-aumentan-a-263-en-cinco-anos\\\/#respond\"]}]},{\"@type\":\"WebPage\",\"@id\":\"https:\\\/\\\/grupohoymexico.com\\\/tlaxcala\\\/estatal\\\/alumnos-con-autismo-en-tlaxcala-aumentan-a-263-en-cinco-anos\\\/\",\"url\":\"https:\\\/\\\/grupohoymexico.com\\\/tlaxcala\\\/estatal\\\/alumnos-con-autismo-en-tlaxcala-aumentan-a-263-en-cinco-anos\\\/\",\"name\":\"Alumnos con autismo en Tlaxcala aumentan a 263 % en cinco a\u00f1os - Tlaxcala Hoy\",\"isPartOf\":{\"@id\":\"https:\\\/\\\/grupohoymexico.com\\\/tlaxcala\\\/#website\"},\"primaryImageOfPage\":{\"@id\":\"https:\\\/\\\/grupohoymexico.com\\\/tlaxcala\\\/estatal\\\/alumnos-con-autismo-en-tlaxcala-aumentan-a-263-en-cinco-anos\\\/#primaryimage\"},\"image\":{\"@id\":\"https:\\\/\\\/grupohoymexico.com\\\/tlaxcala\\\/estatal\\\/alumnos-con-autismo-en-tlaxcala-aumentan-a-263-en-cinco-anos\\\/#primaryimage\"},\"thumbnailUrl\":\"https:\\\/\\\/grupohoymexico.com\\\/tlaxcala\\\/wp-content\\\/uploads\\\/sites\\\/4\\\/2025\\\/10\\\/5170553712808035802.webp\",\"datePublished\":\"2025-10-21T16:35:23+00:00\",\"dateModified\":\"2025-10-21T16:48:36+00:00\",\"author\":{\"@id\":\"https:\\\/\\\/grupohoymexico.com\\\/tlaxcala\\\/#\\\/schema\\\/person\\\/ce6086ac837852775a3a4f539356c297\"},\"description\":\"Los casos de autismo en Tlaxcala suben de 199 a 722 entre 2021 y 2025, con programas de inclusi\u00f3n escolar de UATx.\",\"breadcrumb\":{\"@id\":\"https:\\\/\\\/grupohoymexico.com\\\/tlaxcala\\\/estatal\\\/alumnos-con-autismo-en-tlaxcala-aumentan-a-263-en-cinco-anos\\\/#breadcrumb\"},\"inLanguage\":\"es\",\"potentialAction\":[{\"@type\":\"ReadAction\",\"target\":[\"https:\\\/\\\/grupohoymexico.com\\\/tlaxcala\\\/estatal\\\/alumnos-con-autismo-en-tlaxcala-aumentan-a-263-en-cinco-anos\\\/\"]}]},{\"@type\":\"ImageObject\",\"inLanguage\":\"es\",\"@id\":\"https:\\\/\\\/grupohoymexico.com\\\/tlaxcala\\\/estatal\\\/alumnos-con-autismo-en-tlaxcala-aumentan-a-263-en-cinco-anos\\\/#primaryimage\",\"url\":\"https:\\\/\\\/grupohoymexico.com\\\/tlaxcala\\\/wp-content\\\/uploads\\\/sites\\\/4\\\/2025\\\/10\\\/5170553712808035802.webp\",\"contentUrl\":\"https:\\\/\\\/grupohoymexico.com\\\/tlaxcala\\\/wp-content\\\/uploads\\\/sites\\\/4\\\/2025\\\/10\\\/5170553712808035802.webp\",\"width\":1201,\"height\":639,\"caption\":\"autismo Tlaxcala\"},{\"@type\":\"BreadcrumbList\",\"@id\":\"https:\\\/\\\/grupohoymexico.com\\\/tlaxcala\\\/estatal\\\/alumnos-con-autismo-en-tlaxcala-aumentan-a-263-en-cinco-anos\\\/#breadcrumb\",\"itemListElement\":[{\"@type\":\"ListItem\",\"position\":1,\"name\":\"Inicio\",\"item\":\"https:\\\/\\\/grupohoymexico.com\\\/tlaxcala\\\/\"},{\"@type\":\"ListItem\",\"position\":2,\"name\":\"Alumnos con autismo en Tlaxcala aumentan a 263 % en cinco a\u00f1os\"}]},{\"@type\":\"WebSite\",\"@id\":\"https:\\\/\\\/grupohoymexico.com\\\/tlaxcala\\\/#website\",\"url\":\"https:\\\/\\\/grupohoymexico.com\\\/tlaxcala\\\/\",\"name\":\"Tlaxcala Hoy\",\"description\":\"El alma de la naci\u00f3n\",\"potentialAction\":[{\"@type\":\"SearchAction\",\"target\":{\"@type\":\"EntryPoint\",\"urlTemplate\":\"https:\\\/\\\/grupohoymexico.com\\\/tlaxcala\\\/?s={search_term_string}\"},\"query-input\":{\"@type\":\"PropertyValueSpecification\",\"valueRequired\":true,\"valueName\":\"search_term_string\"}}],\"inLanguage\":\"es\"},{\"@type\":\"Person\",\"@id\":\"https:\\\/\\\/grupohoymexico.com\\\/tlaxcala\\\/#\\\/schema\\\/person\\\/ce6086ac837852775a3a4f539356c297\",\"name\":\"user\",\"image\":{\"@type\":\"ImageObject\",\"inLanguage\":\"es\",\"@id\":\"https:\\\/\\\/secure.gravatar.com\\\/avatar\\\/25f78de4fa956f6f7c01f8d96f8087d8958ebe06d57e630cd54e36aefb9dacea?s=96&d=mm&r=g\",\"url\":\"https:\\\/\\\/secure.gravatar.com\\\/avatar\\\/25f78de4fa956f6f7c01f8d96f8087d8958ebe06d57e630cd54e36aefb9dacea?s=96&d=mm&r=g\",\"contentUrl\":\"https:\\\/\\\/secure.gravatar.com\\\/avatar\\\/25f78de4fa956f6f7c01f8d96f8087d8958ebe06d57e630cd54e36aefb9dacea?s=96&d=mm&r=g\",\"caption\":\"user\"},\"sameAs\":[\"http:\\\/\\\/44.197.188.197.nip.io\"],\"url\":\"https:\\\/\\\/grupohoymexico.com\\\/tlaxcala\\\/author\\\/user\\\/\"}]}<\/script>\n<!-- \/ Yoast SEO Premium plugin. -->","yoast_head_json":{"title":"Alumnos con autismo en Tlaxcala aumentan a 263 % en cinco a\u00f1os - Tlaxcala Hoy","description":"Los casos de autismo en Tlaxcala suben de 199 a 722 entre 2021 y 2025, con programas de inclusi\u00f3n escolar de UATx.","robots":{"index":"index","follow":"follow","max-snippet":"max-snippet:-1","max-image-preview":"max-image-preview:large","max-video-preview":"max-video-preview:-1"},"canonical":"https:\/\/grupohoymexico.com\/tlaxcala\/estatal\/alumnos-con-autismo-en-tlaxcala-aumentan-a-263-en-cinco-anos\/","og_locale":"es_MX","og_type":"article","og_title":"Alumnos con autismo en Tlaxcala aumentan a 263 % en cinco a\u00f1os","og_description":"Los casos de autismo en Tlaxcala suben de 199 a 722 entre 2021 y 2025, con programas de inclusi\u00f3n escolar de UATx.","og_url":"https:\/\/grupohoymexico.com\/tlaxcala\/estatal\/alumnos-con-autismo-en-tlaxcala-aumentan-a-263-en-cinco-anos\/","og_site_name":"Tlaxcala Hoy","article_published_time":"2025-10-21T16:35:23+00:00","article_modified_time":"2025-10-21T16:48:36+00:00","og_image":[{"width":1201,"height":639,"url":"https:\/\/grupohoymexico.com\/tlaxcala\/wp-content\/uploads\/sites\/4\/2025\/10\/5170553712808035802.webp","type":"image\/webp"}],"author":"user","twitter_card":"summary_large_image","twitter_misc":{"Escrito por":"user","Tiempo de lectura":"3 minutos"},"schema":{"@context":"https:\/\/schema.org","@graph":[{"@type":"Article","@id":"https:\/\/grupohoymexico.com\/tlaxcala\/estatal\/alumnos-con-autismo-en-tlaxcala-aumentan-a-263-en-cinco-anos\/#article","isPartOf":{"@id":"https:\/\/grupohoymexico.com\/tlaxcala\/estatal\/alumnos-con-autismo-en-tlaxcala-aumentan-a-263-en-cinco-anos\/"},"author":{"name":"user","@id":"https:\/\/grupohoymexico.com\/tlaxcala\/#\/schema\/person\/ce6086ac837852775a3a4f539356c297"},"headline":"Alumnos con autismo en Tlaxcala aumentan a 263 % en cinco a\u00f1os","datePublished":"2025-10-21T16:35:23+00:00","dateModified":"2025-10-21T16:48:36+00:00","mainEntityOfPage":{"@id":"https:\/\/grupohoymexico.com\/tlaxcala\/estatal\/alumnos-con-autismo-en-tlaxcala-aumentan-a-263-en-cinco-anos\/"},"wordCount":492,"commentCount":0,"image":{"@id":"https:\/\/grupohoymexico.com\/tlaxcala\/estatal\/alumnos-con-autismo-en-tlaxcala-aumentan-a-263-en-cinco-anos\/#primaryimage"},"thumbnailUrl":"https:\/\/grupohoymexico.com\/tlaxcala\/wp-content\/uploads\/sites\/4\/2025\/10\/5170553712808035802.webp","keywords":["autismo","Sepe","TEA","Tlaxcala","Trastorno del Espectro Autista (TEA)","UATx"],"articleSection":["Estatal"],"inLanguage":"es","potentialAction":[{"@type":"CommentAction","name":"Comment","target":["https:\/\/grupohoymexico.com\/tlaxcala\/estatal\/alumnos-con-autismo-en-tlaxcala-aumentan-a-263-en-cinco-anos\/#respond"]}]},{"@type":"WebPage","@id":"https:\/\/grupohoymexico.com\/tlaxcala\/estatal\/alumnos-con-autismo-en-tlaxcala-aumentan-a-263-en-cinco-anos\/","url":"https:\/\/grupohoymexico.com\/tlaxcala\/estatal\/alumnos-con-autismo-en-tlaxcala-aumentan-a-263-en-cinco-anos\/","name":"Alumnos con autismo en Tlaxcala aumentan a 263 % en cinco a\u00f1os - Tlaxcala Hoy","isPartOf":{"@id":"https:\/\/grupohoymexico.com\/tlaxcala\/#website"},"primaryImageOfPage":{"@id":"https:\/\/grupohoymexico.com\/tlaxcala\/estatal\/alumnos-con-autismo-en-tlaxcala-aumentan-a-263-en-cinco-anos\/#primaryimage"},"image":{"@id":"https:\/\/grupohoymexico.com\/tlaxcala\/estatal\/alumnos-con-autismo-en-tlaxcala-aumentan-a-263-en-cinco-anos\/#primaryimage"},"thumbnailUrl":"https:\/\/grupohoymexico.com\/tlaxcala\/wp-content\/uploads\/sites\/4\/2025\/10\/5170553712808035802.webp","datePublished":"2025-10-21T16:35:23+00:00","dateModified":"2025-10-21T16:48:36+00:00","author":{"@id":"https:\/\/grupohoymexico.com\/tlaxcala\/#\/schema\/person\/ce6086ac837852775a3a4f539356c297"},"description":"Los casos de autismo en Tlaxcala suben de 199 a 722 entre 2021 y 2025, con programas de inclusi\u00f3n escolar de UATx.","breadcrumb":{"@id":"https:\/\/grupohoymexico.com\/tlaxcala\/estatal\/alumnos-con-autismo-en-tlaxcala-aumentan-a-263-en-cinco-anos\/#breadcrumb"},"inLanguage":"es","potentialAction":[{"@type":"ReadAction","target":["https:\/\/grupohoymexico.com\/tlaxcala\/estatal\/alumnos-con-autismo-en-tlaxcala-aumentan-a-263-en-cinco-anos\/"]}]},{"@type":"ImageObject","inLanguage":"es","@id":"https:\/\/grupohoymexico.com\/tlaxcala\/estatal\/alumnos-con-autismo-en-tlaxcala-aumentan-a-263-en-cinco-anos\/#primaryimage","url":"https:\/\/grupohoymexico.com\/tlaxcala\/wp-content\/uploads\/sites\/4\/2025\/10\/5170553712808035802.webp","contentUrl":"https:\/\/grupohoymexico.com\/tlaxcala\/wp-content\/uploads\/sites\/4\/2025\/10\/5170553712808035802.webp","width":1201,"height":639,"caption":"autismo Tlaxcala"},{"@type":"BreadcrumbList","@id":"https:\/\/grupohoymexico.com\/tlaxcala\/estatal\/alumnos-con-autismo-en-tlaxcala-aumentan-a-263-en-cinco-anos\/#breadcrumb","itemListElement":[{"@type":"ListItem","position":1,"name":"Inicio","item":"https:\/\/grupohoymexico.com\/tlaxcala\/"},{"@type":"ListItem","position":2,"name":"Alumnos con autismo en Tlaxcala aumentan a 263 % en cinco a\u00f1os"}]},{"@type":"WebSite","@id":"https:\/\/grupohoymexico.com\/tlaxcala\/#website","url":"https:\/\/grupohoymexico.com\/tlaxcala\/","name":"Tlaxcala Hoy","description":"El alma de la naci\u00f3n","potentialAction":[{"@type":"SearchAction","target":{"@type":"EntryPoint","urlTemplate":"https:\/\/grupohoymexico.com\/tlaxcala\/?s={search_term_string}"},"query-input":{"@type":"PropertyValueSpecification","valueRequired":true,"valueName":"search_term_string"}}],"inLanguage":"es"},{"@type":"Person","@id":"https:\/\/grupohoymexico.com\/tlaxcala\/#\/schema\/person\/ce6086ac837852775a3a4f539356c297","name":"user","image":{"@type":"ImageObject","inLanguage":"es","@id":"https:\/\/secure.gravatar.com\/avatar\/25f78de4fa956f6f7c01f8d96f8087d8958ebe06d57e630cd54e36aefb9dacea?s=96&d=mm&r=g","url":"https:\/\/secure.gravatar.com\/avatar\/25f78de4fa956f6f7c01f8d96f8087d8958ebe06d57e630cd54e36aefb9dacea?s=96&d=mm&r=g","contentUrl":"https:\/\/secure.gravatar.com\/avatar\/25f78de4fa956f6f7c01f8d96f8087d8958ebe06d57e630cd54e36aefb9dacea?s=96&d=mm&r=g","caption":"user"},"sameAs":["http:\/\/44.197.188.197.nip.io"],"url":"https:\/\/grupohoymexico.com\/tlaxcala\/author\/user\/"}]}},"_links":{"self":[{"href":"https:\/\/grupohoymexico.com\/tlaxcala\/wp-json\/wp\/v2\/posts\/4291","targetHints":{"allow":["GET"]}}],"collection":[{"href":"https:\/\/grupohoymexico.com\/tlaxcala\/wp-json\/wp\/v2\/posts"}],"about":[{"href":"https:\/\/grupohoymexico.com\/tlaxcala\/wp-json\/wp\/v2\/types\/post"}],"author":[{"embeddable":true,"href":"https:\/\/grupohoymexico.com\/tlaxcala\/wp-json\/wp\/v2\/users\/1"}],"replies":[{"embeddable":true,"href":"https:\/\/grupohoymexico.com\/tlaxcala\/wp-json\/wp\/v2\/comments?post=4291"}],"version-history":[{"count":1,"href":"https:\/\/grupohoymexico.com\/tlaxcala\/wp-json\/wp\/v2\/posts\/4291\/revisions"}],"predecessor-version":[{"id":4297,"href":"https:\/\/grupohoymexico.com\/tlaxcala\/wp-json\/wp\/v2\/posts\/4291\/revisions\/4297"}],"wp:featuredmedia":[{"embeddable":true,"href":"https:\/\/grupohoymexico.com\/tlaxcala\/wp-json\/wp\/v2\/media\/4295"}],"wp:attachment":[{"href":"https:\/\/grupohoymexico.com\/tlaxcala\/wp-json\/wp\/v2\/media?parent=4291"}],"wp:term":[{"taxonomy":"category","embeddable":true,"href":"https:\/\/grupohoymexico.com\/tlaxcala\/wp-json\/wp\/v2\/categories?post=4291"},{"taxonomy":"post_tag","embeddable":true,"href":"https:\/\/grupohoymexico.com\/tlaxcala\/wp-json\/wp\/v2\/tags?post=4291"}],"curies":[{"name":"wp","href":"https:\/\/api.w.org\/{rel}","templated":true}]}}