{"id":4278,"date":"2025-10-20T17:32:54","date_gmt":"2025-10-20T17:32:54","guid":{"rendered":"https:\/\/grupohoymexico.com\/tlaxcala\/?p=4278"},"modified":"2025-10-20T17:32:54","modified_gmt":"2025-10-20T17:32:54","slug":"cancer-de-mama-tlaxcala-entre-los-estados-con-menor-mortalidad","status":"publish","type":"post","link":"https:\/\/grupohoymexico.com\/tlaxcala\/estatal\/cancer-de-mama-tlaxcala-entre-los-estados-con-menor-mortalidad\/","title":{"rendered":"C\u00e1ncer de mama: Tlaxcala entre los estados con menor mortalidad"},"content":{"rendered":"<p data-start=\"562\" data-end=\"891\"><strong>Tlaxcala registra baja mortalidad por c\u00e1ncer de mama, con 12.9 defunciones por cada 100 mil mujeres mayores de 20 a\u00f1os<\/strong>, seg\u00fan datos del Instituto Nacional de Estad\u00edstica y Geograf\u00eda (Inegi) de 2024. La cifra sit\u00faa a la entidad como<strong> la segunda del pa\u00eds con menor tasa de mortalidad<\/strong>, muy por debajo del promedio nacional de 18.7.<\/p>\n<p data-start=\"562\" data-end=\"891\"><img fetchpriority=\"high\" decoding=\"async\" class=\"alignnone size-medium wp-image-4279\" src=\"https:\/\/grupohoymexico.com\/tlaxcala\/wp-content\/uploads\/sites\/4\/2025\/10\/FOTO_I_3-300x186.jpg\" alt=\"\" width=\"300\" height=\"186\" srcset=\"https:\/\/grupohoymexico.com\/tlaxcala\/wp-content\/uploads\/sites\/4\/2025\/10\/FOTO_I_3-300x186.jpg 300w, https:\/\/grupohoymexico.com\/tlaxcala\/wp-content\/uploads\/sites\/4\/2025\/10\/FOTO_I_3-1024x634.jpg 1024w, https:\/\/grupohoymexico.com\/tlaxcala\/wp-content\/uploads\/sites\/4\/2025\/10\/FOTO_I_3-768x475.jpg 768w, https:\/\/grupohoymexico.com\/tlaxcala\/wp-content\/uploads\/sites\/4\/2025\/10\/FOTO_I_3-332x206.jpg 332w, https:\/\/grupohoymexico.com\/tlaxcala\/wp-content\/uploads\/sites\/4\/2025\/10\/FOTO_I_3-664x411.jpg 664w, https:\/\/grupohoymexico.com\/tlaxcala\/wp-content\/uploads\/sites\/4\/2025\/10\/FOTO_I_3-688x426.jpg 688w, https:\/\/grupohoymexico.com\/tlaxcala\/wp-content\/uploads\/sites\/4\/2025\/10\/FOTO_I_3-1044x646.jpg 1044w, https:\/\/grupohoymexico.com\/tlaxcala\/wp-content\/uploads\/sites\/4\/2025\/10\/FOTO_I_3-1400x867.jpg 1400w, https:\/\/grupohoymexico.com\/tlaxcala\/wp-content\/uploads\/sites\/4\/2025\/10\/FOTO_I_3.jpg 1528w\" sizes=\"(max-width: 300px) 100vw, 300px\" \/><\/p>\n<h3 data-start=\"893\" data-end=\"930\"><strong data-start=\"893\" data-end=\"928\">Tasas nacionales y comparativas<\/strong><\/h3>\n<p data-start=\"932\" data-end=\"1382\">En el marco del D\u00eda Internacional de la Lucha contra el C\u00e1ncer de Mama, celebrado el 19 de octubre, <strong>se inform\u00f3 que Chihuahua y Baja California Sur reportaron las tasas m\u00e1s altas de defunciones por esta enfermedad<\/strong>, con <strong>27.6 y 24.0 por cada 100 mil mujeres<\/strong>, respectivamente. En contraste,<strong> Guerrero y Tlaxcala presentaron las tasas m\u00e1s bajas, 12.7 y 12.9<\/strong>, lo que refleja diferencias significativas en estrategias de salud y acceso a servicios m\u00e9dicos.<\/p>\n<h3 data-start=\"1384\" data-end=\"1437\"><strong data-start=\"1384\" data-end=\"1435\">Estrategias de detecci\u00f3n y atenci\u00f3n en Tlaxcala<\/strong><\/h3>\n<p data-start=\"1439\" data-end=\"1988\">Entre las acciones destacan <strong>la gratuidad de mastograf\u00edas y ultrasonidos en la Unidad de Especialidades M\u00e9dicas para la Detecci\u00f3n y Diagn\u00f3stico del C\u00e1ncer de Mama<\/strong> (<a href=\"https:\/\/www.gob.mx\/salud\/cnegssr\/acciones-y-programas\/uneme-dedicam-cancer-de-mama\">Uneme-Dedicam<\/a>), ubicada en San Mat\u00edas Tepetomatitl\u00e1n. Adem\u00e1s,<strong> se realizan exploraciones cl\u00ednicas en unidades m\u00e9dicas del sector salud<\/strong> y se ofrecen servicios a trav\u00e9s del <a href=\"https:\/\/difestatal.puebla.gob.mx\/\">Sistema Estatal para el Desarrollo Integral de la Familia<\/a> (SEDIF).<\/p>\n<p data-start=\"1990\" data-end=\"2442\">Otro elemento clave ha sido el convenio con el <a href=\"https:\/\/www.incan.salud.gob.mx\/\">Instituto Nacional de Cancerolog\u00eda<\/a> (Incan), que <strong>garantiza atenci\u00f3n especializada inmediata a mujeres con diagn\u00f3stico positivo<\/strong>, incluyendo traslados gratuitos a la Ciudad de M\u00e9xico. Las ferias de salud y campa\u00f1as informativas <strong>han reforzado la detecci\u00f3n oportuna<\/strong>, elemento crucial para reducir la mortalidad, ya que <strong>el c\u00e1ncer de mama detectado a tiempo tiene mayores probabilidades de tratamiento exitoso.<\/strong><\/p>\n<p data-start=\"1990\" data-end=\"2442\"><img decoding=\"async\" class=\"alignnone size-medium wp-image-4280\" src=\"https:\/\/grupohoymexico.com\/tlaxcala\/wp-content\/uploads\/sites\/4\/2025\/10\/WhatsApp-Image-2024-01-26-at-8.29.23-PM-300x200.jpeg\" alt=\"\" width=\"300\" height=\"200\" srcset=\"https:\/\/grupohoymexico.com\/tlaxcala\/wp-content\/uploads\/sites\/4\/2025\/10\/WhatsApp-Image-2024-01-26-at-8.29.23-PM-300x200.jpeg 300w, https:\/\/grupohoymexico.com\/tlaxcala\/wp-content\/uploads\/sites\/4\/2025\/10\/WhatsApp-Image-2024-01-26-at-8.29.23-PM-1024x682.jpeg 1024w, https:\/\/grupohoymexico.com\/tlaxcala\/wp-content\/uploads\/sites\/4\/2025\/10\/WhatsApp-Image-2024-01-26-at-8.29.23-PM-768x512.jpeg 768w, https:\/\/grupohoymexico.com\/tlaxcala\/wp-content\/uploads\/sites\/4\/2025\/10\/WhatsApp-Image-2024-01-26-at-8.29.23-PM-1536x1023.jpeg 1536w, https:\/\/grupohoymexico.com\/tlaxcala\/wp-content\/uploads\/sites\/4\/2025\/10\/WhatsApp-Image-2024-01-26-at-8.29.23-PM-332x221.jpeg 332w, https:\/\/grupohoymexico.com\/tlaxcala\/wp-content\/uploads\/sites\/4\/2025\/10\/WhatsApp-Image-2024-01-26-at-8.29.23-PM-664x442.jpeg 664w, https:\/\/grupohoymexico.com\/tlaxcala\/wp-content\/uploads\/sites\/4\/2025\/10\/WhatsApp-Image-2024-01-26-at-8.29.23-PM-688x458.jpeg 688w, https:\/\/grupohoymexico.com\/tlaxcala\/wp-content\/uploads\/sites\/4\/2025\/10\/WhatsApp-Image-2024-01-26-at-8.29.23-PM-1044x696.jpeg 1044w, https:\/\/grupohoymexico.com\/tlaxcala\/wp-content\/uploads\/sites\/4\/2025\/10\/WhatsApp-Image-2024-01-26-at-8.29.23-PM-1400x933.jpeg 1400w, https:\/\/grupohoymexico.com\/tlaxcala\/wp-content\/uploads\/sites\/4\/2025\/10\/WhatsApp-Image-2024-01-26-at-8.29.23-PM.jpeg 1600w\" sizes=\"(max-width: 300px) 100vw, 300px\" \/><\/p>\n<h3 data-start=\"2444\" data-end=\"2488\"><strong data-start=\"2444\" data-end=\"2486\">Compromiso con la salud de las mujeres<\/strong><\/h3>\n<p data-start=\"2490\" data-end=\"2947\">La Sesa destac\u00f3 que la baja mortalidad refleja no solo la efectividad de las acciones de salud, sino tambi\u00e9n<strong> un compromiso por proteger la vida, garantizar el acceso a servicios especializados y construir un sistema de salud m\u00e1s cercano y humano<\/strong>. La estrategia de Tlaxcala representa un ejemplo de c\u00f3mo la prevenci\u00f3n, la atenci\u00f3n oportuna y la coordinaci\u00f3n con instituciones especializadas pueden marcar la diferencia en la lucha contra el c\u00e1ncer de mama.<\/p>\n","protected":false},"excerpt":{"rendered":"Tlaxcala registra baja mortalidad por c\u00e1ncer de mama, con 12.9 defunciones por cada 100 mil mujeres mayores de&hellip;","protected":false},"author":1,"featured_media":4281,"comment_status":"open","ping_status":"open","sticky":false,"template":"","format":"standard","meta":{"csco_display_header_overlay":false,"csco_singular_sidebar":"","csco_page_header_type":"","csco_page_load_nextpost":"","csco_post_video_location":[],"csco_post_video_location_hash":"","csco_post_video_url":"","csco_post_video_bg_start_time":0,"csco_post_video_bg_end_time":0,"footnotes":""},"categories":[172,1443],"tags":[2178,2177,2179,1008,1742,1663,1365],"class_list":{"0":"post-4278","1":"post","2":"type-post","3":"status-publish","4":"format-standard","5":"has-post-thumbnail","7":"category-estatal","8":"category-news","9":"tag-cancer-de-mama","10":"tag-estatal","11":"tag-incan","12":"tag-inegi","13":"tag-news","14":"tag-sedif","15":"tag-sesa","16":"cs-entry","17":"cs-video-wrap"},"yoast_head":"<!-- This site is optimized with the Yoast SEO Premium plugin v24.7 (Yoast SEO v27.4) - https:\/\/yoast.com\/product\/yoast-seo-premium-wordpress\/ -->\n<title>C\u00e1ncer de mama: Tlaxcala entre los estados con menor mortalidad - Tlaxcala Hoy<\/title>\n<meta name=\"description\" content=\"Tlaxcala se consolida como el segundo estado con menor mortalidad por c\u00e1ncer de mama en M\u00e9xico, gracias a estrategias de detecci\u00f3n oportuna\" \/>\n<meta name=\"robots\" content=\"index, follow, max-snippet:-1, max-image-preview:large, max-video-preview:-1\" \/>\n<link rel=\"canonical\" href=\"https:\/\/grupohoymexico.com\/tlaxcala\/estatal\/cancer-de-mama-tlaxcala-entre-los-estados-con-menor-mortalidad\/\" \/>\n<meta property=\"og:locale\" content=\"es_MX\" \/>\n<meta property=\"og:type\" content=\"article\" \/>\n<meta property=\"og:title\" content=\"C\u00e1ncer de mama: Tlaxcala entre los estados con menor mortalidad\" \/>\n<meta property=\"og:description\" content=\"Tlaxcala se consolida como el segundo estado con menor mortalidad por c\u00e1ncer de mama en M\u00e9xico, gracias a estrategias de detecci\u00f3n oportuna\" \/>\n<meta property=\"og:url\" content=\"https:\/\/grupohoymexico.com\/tlaxcala\/estatal\/cancer-de-mama-tlaxcala-entre-los-estados-con-menor-mortalidad\/\" \/>\n<meta property=\"og:site_name\" content=\"Tlaxcala Hoy\" \/>\n<meta property=\"article:published_time\" content=\"2025-10-20T17:32:54+00:00\" \/>\n<meta property=\"og:image\" content=\"https:\/\/grupohoymexico.com\/tlaxcala\/wp-content\/uploads\/sites\/4\/2025\/10\/GH_1_Tlaxcala_con-baja-mortalidad-por-cancer-de-mama-copia.webp\" \/>\n\t<meta property=\"og:image:width\" content=\"1201\" \/>\n\t<meta property=\"og:image:height\" content=\"639\" \/>\n\t<meta property=\"og:image:type\" content=\"image\/webp\" \/>\n<meta name=\"author\" content=\"user\" \/>\n<meta name=\"twitter:card\" content=\"summary_large_image\" \/>\n<meta name=\"twitter:label1\" content=\"Escrito por\" \/>\n\t<meta name=\"twitter:data1\" content=\"user\" \/>\n\t<meta name=\"twitter:label2\" content=\"Tiempo de lectura\" \/>\n\t<meta name=\"twitter:data2\" content=\"3 minutos\" \/>\n<script type=\"application\/ld+json\" class=\"yoast-schema-graph\">{\"@context\":\"https:\\\/\\\/schema.org\",\"@graph\":[{\"@type\":\"Article\",\"@id\":\"https:\\\/\\\/grupohoymexico.com\\\/tlaxcala\\\/estatal\\\/cancer-de-mama-tlaxcala-entre-los-estados-con-menor-mortalidad\\\/#article\",\"isPartOf\":{\"@id\":\"https:\\\/\\\/grupohoymexico.com\\\/tlaxcala\\\/estatal\\\/cancer-de-mama-tlaxcala-entre-los-estados-con-menor-mortalidad\\\/\"},\"author\":{\"name\":\"user\",\"@id\":\"https:\\\/\\\/grupohoymexico.com\\\/tlaxcala\\\/#\\\/schema\\\/person\\\/ce6086ac837852775a3a4f539356c297\"},\"headline\":\"C\u00e1ncer de mama: Tlaxcala entre los estados con menor mortalidad\",\"datePublished\":\"2025-10-20T17:32:54+00:00\",\"mainEntityOfPage\":{\"@id\":\"https:\\\/\\\/grupohoymexico.com\\\/tlaxcala\\\/estatal\\\/cancer-de-mama-tlaxcala-entre-los-estados-con-menor-mortalidad\\\/\"},\"wordCount\":384,\"commentCount\":0,\"image\":{\"@id\":\"https:\\\/\\\/grupohoymexico.com\\\/tlaxcala\\\/estatal\\\/cancer-de-mama-tlaxcala-entre-los-estados-con-menor-mortalidad\\\/#primaryimage\"},\"thumbnailUrl\":\"https:\\\/\\\/grupohoymexico.com\\\/tlaxcala\\\/wp-content\\\/uploads\\\/sites\\\/4\\\/2025\\\/10\\\/GH_1_Tlaxcala_con-baja-mortalidad-por-cancer-de-mama-copia.webp\",\"keywords\":[\"C\u00e1ncer de Mama\",\"Estatal\",\"Incan\",\"INEGI\",\"News\",\"SEDIF\",\"Sesa\"],\"articleSection\":[\"Estatal\",\"News\"],\"inLanguage\":\"es\",\"potentialAction\":[{\"@type\":\"CommentAction\",\"name\":\"Comment\",\"target\":[\"https:\\\/\\\/grupohoymexico.com\\\/tlaxcala\\\/estatal\\\/cancer-de-mama-tlaxcala-entre-los-estados-con-menor-mortalidad\\\/#respond\"]}]},{\"@type\":\"WebPage\",\"@id\":\"https:\\\/\\\/grupohoymexico.com\\\/tlaxcala\\\/estatal\\\/cancer-de-mama-tlaxcala-entre-los-estados-con-menor-mortalidad\\\/\",\"url\":\"https:\\\/\\\/grupohoymexico.com\\\/tlaxcala\\\/estatal\\\/cancer-de-mama-tlaxcala-entre-los-estados-con-menor-mortalidad\\\/\",\"name\":\"C\u00e1ncer de mama: Tlaxcala entre los estados con menor mortalidad - Tlaxcala Hoy\",\"isPartOf\":{\"@id\":\"https:\\\/\\\/grupohoymexico.com\\\/tlaxcala\\\/#website\"},\"primaryImageOfPage\":{\"@id\":\"https:\\\/\\\/grupohoymexico.com\\\/tlaxcala\\\/estatal\\\/cancer-de-mama-tlaxcala-entre-los-estados-con-menor-mortalidad\\\/#primaryimage\"},\"image\":{\"@id\":\"https:\\\/\\\/grupohoymexico.com\\\/tlaxcala\\\/estatal\\\/cancer-de-mama-tlaxcala-entre-los-estados-con-menor-mortalidad\\\/#primaryimage\"},\"thumbnailUrl\":\"https:\\\/\\\/grupohoymexico.com\\\/tlaxcala\\\/wp-content\\\/uploads\\\/sites\\\/4\\\/2025\\\/10\\\/GH_1_Tlaxcala_con-baja-mortalidad-por-cancer-de-mama-copia.webp\",\"datePublished\":\"2025-10-20T17:32:54+00:00\",\"author\":{\"@id\":\"https:\\\/\\\/grupohoymexico.com\\\/tlaxcala\\\/#\\\/schema\\\/person\\\/ce6086ac837852775a3a4f539356c297\"},\"description\":\"Tlaxcala se consolida como el segundo estado con menor mortalidad por c\u00e1ncer de mama en M\u00e9xico, gracias a estrategias de detecci\u00f3n oportuna\",\"breadcrumb\":{\"@id\":\"https:\\\/\\\/grupohoymexico.com\\\/tlaxcala\\\/estatal\\\/cancer-de-mama-tlaxcala-entre-los-estados-con-menor-mortalidad\\\/#breadcrumb\"},\"inLanguage\":\"es\",\"potentialAction\":[{\"@type\":\"ReadAction\",\"target\":[\"https:\\\/\\\/grupohoymexico.com\\\/tlaxcala\\\/estatal\\\/cancer-de-mama-tlaxcala-entre-los-estados-con-menor-mortalidad\\\/\"]}]},{\"@type\":\"ImageObject\",\"inLanguage\":\"es\",\"@id\":\"https:\\\/\\\/grupohoymexico.com\\\/tlaxcala\\\/estatal\\\/cancer-de-mama-tlaxcala-entre-los-estados-con-menor-mortalidad\\\/#primaryimage\",\"url\":\"https:\\\/\\\/grupohoymexico.com\\\/tlaxcala\\\/wp-content\\\/uploads\\\/sites\\\/4\\\/2025\\\/10\\\/GH_1_Tlaxcala_con-baja-mortalidad-por-cancer-de-mama-copia.webp\",\"contentUrl\":\"https:\\\/\\\/grupohoymexico.com\\\/tlaxcala\\\/wp-content\\\/uploads\\\/sites\\\/4\\\/2025\\\/10\\\/GH_1_Tlaxcala_con-baja-mortalidad-por-cancer-de-mama-copia.webp\",\"width\":1201,\"height\":639,\"caption\":\"Tlaxcala se consolida como el segundo estado con menor mortalidad por c\u00e1ncer de mama en M\u00e9xico, gracias a estrategias de detecci\u00f3n oportuna\"},{\"@type\":\"BreadcrumbList\",\"@id\":\"https:\\\/\\\/grupohoymexico.com\\\/tlaxcala\\\/estatal\\\/cancer-de-mama-tlaxcala-entre-los-estados-con-menor-mortalidad\\\/#breadcrumb\",\"itemListElement\":[{\"@type\":\"ListItem\",\"position\":1,\"name\":\"Inicio\",\"item\":\"https:\\\/\\\/grupohoymexico.com\\\/tlaxcala\\\/\"},{\"@type\":\"ListItem\",\"position\":2,\"name\":\"C\u00e1ncer de mama: Tlaxcala entre los estados con menor mortalidad\"}]},{\"@type\":\"WebSite\",\"@id\":\"https:\\\/\\\/grupohoymexico.com\\\/tlaxcala\\\/#website\",\"url\":\"https:\\\/\\\/grupohoymexico.com\\\/tlaxcala\\\/\",\"name\":\"Tlaxcala Hoy\",\"description\":\"El alma de la naci\u00f3n\",\"potentialAction\":[{\"@type\":\"SearchAction\",\"target\":{\"@type\":\"EntryPoint\",\"urlTemplate\":\"https:\\\/\\\/grupohoymexico.com\\\/tlaxcala\\\/?s={search_term_string}\"},\"query-input\":{\"@type\":\"PropertyValueSpecification\",\"valueRequired\":true,\"valueName\":\"search_term_string\"}}],\"inLanguage\":\"es\"},{\"@type\":\"Person\",\"@id\":\"https:\\\/\\\/grupohoymexico.com\\\/tlaxcala\\\/#\\\/schema\\\/person\\\/ce6086ac837852775a3a4f539356c297\",\"name\":\"user\",\"image\":{\"@type\":\"ImageObject\",\"inLanguage\":\"es\",\"@id\":\"https:\\\/\\\/secure.gravatar.com\\\/avatar\\\/25f78de4fa956f6f7c01f8d96f8087d8958ebe06d57e630cd54e36aefb9dacea?s=96&d=mm&r=g\",\"url\":\"https:\\\/\\\/secure.gravatar.com\\\/avatar\\\/25f78de4fa956f6f7c01f8d96f8087d8958ebe06d57e630cd54e36aefb9dacea?s=96&d=mm&r=g\",\"contentUrl\":\"https:\\\/\\\/secure.gravatar.com\\\/avatar\\\/25f78de4fa956f6f7c01f8d96f8087d8958ebe06d57e630cd54e36aefb9dacea?s=96&d=mm&r=g\",\"caption\":\"user\"},\"sameAs\":[\"http:\\\/\\\/44.197.188.197.nip.io\"],\"url\":\"https:\\\/\\\/grupohoymexico.com\\\/tlaxcala\\\/author\\\/user\\\/\"}]}<\/script>\n<!-- \/ Yoast SEO Premium plugin. -->","yoast_head_json":{"title":"C\u00e1ncer de mama: Tlaxcala entre los estados con menor mortalidad - Tlaxcala Hoy","description":"Tlaxcala se consolida como el segundo estado con menor mortalidad por c\u00e1ncer de mama en M\u00e9xico, gracias a estrategias de detecci\u00f3n oportuna","robots":{"index":"index","follow":"follow","max-snippet":"max-snippet:-1","max-image-preview":"max-image-preview:large","max-video-preview":"max-video-preview:-1"},"canonical":"https:\/\/grupohoymexico.com\/tlaxcala\/estatal\/cancer-de-mama-tlaxcala-entre-los-estados-con-menor-mortalidad\/","og_locale":"es_MX","og_type":"article","og_title":"C\u00e1ncer de mama: Tlaxcala entre los estados con menor mortalidad","og_description":"Tlaxcala se consolida como el segundo estado con menor mortalidad por c\u00e1ncer de mama en M\u00e9xico, gracias a estrategias de detecci\u00f3n oportuna","og_url":"https:\/\/grupohoymexico.com\/tlaxcala\/estatal\/cancer-de-mama-tlaxcala-entre-los-estados-con-menor-mortalidad\/","og_site_name":"Tlaxcala Hoy","article_published_time":"2025-10-20T17:32:54+00:00","og_image":[{"width":1201,"height":639,"url":"https:\/\/grupohoymexico.com\/tlaxcala\/wp-content\/uploads\/sites\/4\/2025\/10\/GH_1_Tlaxcala_con-baja-mortalidad-por-cancer-de-mama-copia.webp","type":"image\/webp"}],"author":"user","twitter_card":"summary_large_image","twitter_misc":{"Escrito por":"user","Tiempo de lectura":"3 minutos"},"schema":{"@context":"https:\/\/schema.org","@graph":[{"@type":"Article","@id":"https:\/\/grupohoymexico.com\/tlaxcala\/estatal\/cancer-de-mama-tlaxcala-entre-los-estados-con-menor-mortalidad\/#article","isPartOf":{"@id":"https:\/\/grupohoymexico.com\/tlaxcala\/estatal\/cancer-de-mama-tlaxcala-entre-los-estados-con-menor-mortalidad\/"},"author":{"name":"user","@id":"https:\/\/grupohoymexico.com\/tlaxcala\/#\/schema\/person\/ce6086ac837852775a3a4f539356c297"},"headline":"C\u00e1ncer de mama: Tlaxcala entre los estados con menor mortalidad","datePublished":"2025-10-20T17:32:54+00:00","mainEntityOfPage":{"@id":"https:\/\/grupohoymexico.com\/tlaxcala\/estatal\/cancer-de-mama-tlaxcala-entre-los-estados-con-menor-mortalidad\/"},"wordCount":384,"commentCount":0,"image":{"@id":"https:\/\/grupohoymexico.com\/tlaxcala\/estatal\/cancer-de-mama-tlaxcala-entre-los-estados-con-menor-mortalidad\/#primaryimage"},"thumbnailUrl":"https:\/\/grupohoymexico.com\/tlaxcala\/wp-content\/uploads\/sites\/4\/2025\/10\/GH_1_Tlaxcala_con-baja-mortalidad-por-cancer-de-mama-copia.webp","keywords":["C\u00e1ncer de Mama","Estatal","Incan","INEGI","News","SEDIF","Sesa"],"articleSection":["Estatal","News"],"inLanguage":"es","potentialAction":[{"@type":"CommentAction","name":"Comment","target":["https:\/\/grupohoymexico.com\/tlaxcala\/estatal\/cancer-de-mama-tlaxcala-entre-los-estados-con-menor-mortalidad\/#respond"]}]},{"@type":"WebPage","@id":"https:\/\/grupohoymexico.com\/tlaxcala\/estatal\/cancer-de-mama-tlaxcala-entre-los-estados-con-menor-mortalidad\/","url":"https:\/\/grupohoymexico.com\/tlaxcala\/estatal\/cancer-de-mama-tlaxcala-entre-los-estados-con-menor-mortalidad\/","name":"C\u00e1ncer de mama: Tlaxcala entre los estados con menor mortalidad - Tlaxcala Hoy","isPartOf":{"@id":"https:\/\/grupohoymexico.com\/tlaxcala\/#website"},"primaryImageOfPage":{"@id":"https:\/\/grupohoymexico.com\/tlaxcala\/estatal\/cancer-de-mama-tlaxcala-entre-los-estados-con-menor-mortalidad\/#primaryimage"},"image":{"@id":"https:\/\/grupohoymexico.com\/tlaxcala\/estatal\/cancer-de-mama-tlaxcala-entre-los-estados-con-menor-mortalidad\/#primaryimage"},"thumbnailUrl":"https:\/\/grupohoymexico.com\/tlaxcala\/wp-content\/uploads\/sites\/4\/2025\/10\/GH_1_Tlaxcala_con-baja-mortalidad-por-cancer-de-mama-copia.webp","datePublished":"2025-10-20T17:32:54+00:00","author":{"@id":"https:\/\/grupohoymexico.com\/tlaxcala\/#\/schema\/person\/ce6086ac837852775a3a4f539356c297"},"description":"Tlaxcala se consolida como el segundo estado con menor mortalidad por c\u00e1ncer de mama en M\u00e9xico, gracias a estrategias de detecci\u00f3n oportuna","breadcrumb":{"@id":"https:\/\/grupohoymexico.com\/tlaxcala\/estatal\/cancer-de-mama-tlaxcala-entre-los-estados-con-menor-mortalidad\/#breadcrumb"},"inLanguage":"es","potentialAction":[{"@type":"ReadAction","target":["https:\/\/grupohoymexico.com\/tlaxcala\/estatal\/cancer-de-mama-tlaxcala-entre-los-estados-con-menor-mortalidad\/"]}]},{"@type":"ImageObject","inLanguage":"es","@id":"https:\/\/grupohoymexico.com\/tlaxcala\/estatal\/cancer-de-mama-tlaxcala-entre-los-estados-con-menor-mortalidad\/#primaryimage","url":"https:\/\/grupohoymexico.com\/tlaxcala\/wp-content\/uploads\/sites\/4\/2025\/10\/GH_1_Tlaxcala_con-baja-mortalidad-por-cancer-de-mama-copia.webp","contentUrl":"https:\/\/grupohoymexico.com\/tlaxcala\/wp-content\/uploads\/sites\/4\/2025\/10\/GH_1_Tlaxcala_con-baja-mortalidad-por-cancer-de-mama-copia.webp","width":1201,"height":639,"caption":"Tlaxcala se consolida como el segundo estado con menor mortalidad por c\u00e1ncer de mama en M\u00e9xico, gracias a estrategias de detecci\u00f3n oportuna"},{"@type":"BreadcrumbList","@id":"https:\/\/grupohoymexico.com\/tlaxcala\/estatal\/cancer-de-mama-tlaxcala-entre-los-estados-con-menor-mortalidad\/#breadcrumb","itemListElement":[{"@type":"ListItem","position":1,"name":"Inicio","item":"https:\/\/grupohoymexico.com\/tlaxcala\/"},{"@type":"ListItem","position":2,"name":"C\u00e1ncer de mama: Tlaxcala entre los estados con menor mortalidad"}]},{"@type":"WebSite","@id":"https:\/\/grupohoymexico.com\/tlaxcala\/#website","url":"https:\/\/grupohoymexico.com\/tlaxcala\/","name":"Tlaxcala Hoy","description":"El alma de la naci\u00f3n","potentialAction":[{"@type":"SearchAction","target":{"@type":"EntryPoint","urlTemplate":"https:\/\/grupohoymexico.com\/tlaxcala\/?s={search_term_string}"},"query-input":{"@type":"PropertyValueSpecification","valueRequired":true,"valueName":"search_term_string"}}],"inLanguage":"es"},{"@type":"Person","@id":"https:\/\/grupohoymexico.com\/tlaxcala\/#\/schema\/person\/ce6086ac837852775a3a4f539356c297","name":"user","image":{"@type":"ImageObject","inLanguage":"es","@id":"https:\/\/secure.gravatar.com\/avatar\/25f78de4fa956f6f7c01f8d96f8087d8958ebe06d57e630cd54e36aefb9dacea?s=96&d=mm&r=g","url":"https:\/\/secure.gravatar.com\/avatar\/25f78de4fa956f6f7c01f8d96f8087d8958ebe06d57e630cd54e36aefb9dacea?s=96&d=mm&r=g","contentUrl":"https:\/\/secure.gravatar.com\/avatar\/25f78de4fa956f6f7c01f8d96f8087d8958ebe06d57e630cd54e36aefb9dacea?s=96&d=mm&r=g","caption":"user"},"sameAs":["http:\/\/44.197.188.197.nip.io"],"url":"https:\/\/grupohoymexico.com\/tlaxcala\/author\/user\/"}]}},"_links":{"self":[{"href":"https:\/\/grupohoymexico.com\/tlaxcala\/wp-json\/wp\/v2\/posts\/4278","targetHints":{"allow":["GET"]}}],"collection":[{"href":"https:\/\/grupohoymexico.com\/tlaxcala\/wp-json\/wp\/v2\/posts"}],"about":[{"href":"https:\/\/grupohoymexico.com\/tlaxcala\/wp-json\/wp\/v2\/types\/post"}],"author":[{"embeddable":true,"href":"https:\/\/grupohoymexico.com\/tlaxcala\/wp-json\/wp\/v2\/users\/1"}],"replies":[{"embeddable":true,"href":"https:\/\/grupohoymexico.com\/tlaxcala\/wp-json\/wp\/v2\/comments?post=4278"}],"version-history":[{"count":1,"href":"https:\/\/grupohoymexico.com\/tlaxcala\/wp-json\/wp\/v2\/posts\/4278\/revisions"}],"predecessor-version":[{"id":4282,"href":"https:\/\/grupohoymexico.com\/tlaxcala\/wp-json\/wp\/v2\/posts\/4278\/revisions\/4282"}],"wp:featuredmedia":[{"embeddable":true,"href":"https:\/\/grupohoymexico.com\/tlaxcala\/wp-json\/wp\/v2\/media\/4281"}],"wp:attachment":[{"href":"https:\/\/grupohoymexico.com\/tlaxcala\/wp-json\/wp\/v2\/media?parent=4278"}],"wp:term":[{"taxonomy":"category","embeddable":true,"href":"https:\/\/grupohoymexico.com\/tlaxcala\/wp-json\/wp\/v2\/categories?post=4278"},{"taxonomy":"post_tag","embeddable":true,"href":"https:\/\/grupohoymexico.com\/tlaxcala\/wp-json\/wp\/v2\/tags?post=4278"}],"curies":[{"name":"wp","href":"https:\/\/api.w.org\/{rel}","templated":true}]}}