{"id":4272,"date":"2025-10-20T15:25:30","date_gmt":"2025-10-20T15:25:30","guid":{"rendered":"https:\/\/grupohoymexico.com\/tlaxcala\/?p=4272"},"modified":"2025-10-20T15:25:30","modified_gmt":"2025-10-20T15:25:30","slug":"tlaxcala-recibe-reconocimiento-mundial-por-su-sistema-agricola-ancestral-metepantle","status":"publish","type":"post","link":"https:\/\/grupohoymexico.com\/tlaxcala\/cultura\/tlaxcala-recibe-reconocimiento-mundial-por-su-sistema-agricola-ancestral-metepantle\/","title":{"rendered":"Tlaxcala recibe reconocimiento mundial por su sistema agr\u00edcola ancestral metepantle"},"content":{"rendered":"<p>El pr\u00f3ximo <strong>31 de octubre<\/strong>, la <strong>Organizaci\u00f3n de las Naciones Unidas para la Alimentaci\u00f3n y la Agricultura (FAO)<\/strong> entregar\u00e1 en <strong>Roma, Italia<\/strong>, el reconocimiento de <strong>Patrimonio Mundial al sistema agr\u00edcola ancestral metepantle de Tlaxcala<\/strong>. Este distintivo reconoce la capacidad del sistema para combinar tradici\u00f3n y sostenibilidad, adem\u00e1s de su resiliencia ante el cambio clim\u00e1tico. Esto lo convierte en un <strong>ejemplo de agricultura a nivel global.<\/strong><\/p>\n<p>El metepantle cultiva alimentos e integra la biodiversidad del entorno. La <strong>milpa<\/strong>, compuesta por <strong>ma\u00edz, frijol y calabaza<\/strong>, convive con animales como <strong>abejas, ardillas y conejos.<\/strong> Mientras,\u00a0especies silvestres como <strong>quintoniles, malvas y hongos<\/strong> completan este ecosistema.<\/p>\n<p>Las terrazas agr\u00edcolas cuentan con<strong> jag\u00fceyes<\/strong>, reservorios que regulan el exceso de humedad y permiten cultivar productos acu\u00e1ticos como <strong>ajolotes y carpas<\/strong>, armando un sistema integral y sostenible.<\/p>\n<h2><strong>Recorrido y promoci\u00f3n del sistema en Tlaxcala<\/strong><\/h2>\n<p>Durante la evaluaci\u00f3n del metepantle,<strong> Alfredo Mayela, del Programa del Frente Parlamentario contra el Hambre de la <a href=\"https:\/\/www.fao.org\/home\/es\">FAO<\/a><\/strong>, recorri\u00f3 la comunidad de <strong>Las Mesas, en Tlaxco. <\/strong>Estuvo\u00a0acompa\u00f1ado de periodistas nacionales e internacionales. La <strong>senadora Ana Lilia Rivera Rivera<\/strong>, principal promotora del sistema, present\u00f3 <strong>dos exhortos al gobierno del estado<\/strong> para fortalecer y proteger esta pr\u00e1ctica ancestral.<\/p>\n<p>En la visita se realizaron rituales tradicionales de respeto a la madre tierra y recorridos por los campos. Tambi\u00e9n se hicieron demostraciones de<strong> capado de maguey agave salmiana para la producci\u00f3n de pulque<\/strong>. Estas actividades muestran la riqueza cultural del sistema y su potencial productivo y ecol\u00f3gico.<\/p>\n<h2>Preservaci\u00f3n y expansi\u00f3n del metepantle<\/h2>\n<p>Actualmente, el metepantle se practica en <strong>33 municipios de Tlaxcala<\/strong>, siendo m\u00e1s completo en <strong><a href=\"https:\/\/grupohoymexico.com\/tlaxcala\/estatal\/acusan-a-javier-solis-ruiz-de-apropiacion-indebida-de-guarderia-del-imss-en-chiautempan\/\">Chiautempan<\/a>, Altzayanca, Tlaxco, Nanacamilpa, Ixtacuictla, Terrenate y Calpulalpan<\/strong>, abarcando <strong>26 mil hect\u00e1reas<\/strong>, lo que representa el<strong> 13%<\/strong> de la superficie agr\u00edcola estatal.<\/p>\n<p>Para garantizar su conservaci\u00f3n, en <strong>Calpulalpan<\/strong> se estableci\u00f3 una <strong>escuela INSITU, dedicada al cuidado y reproducci\u00f3n del sistema metepantle, incluyendo m\u00e1s de 2 mil plantas de maguey.<\/strong> Esta iniciativa busca transmitir conocimientos a nuevas generaciones y asegurar que esta t\u00e9cnica ancestral contin\u00fae siendo un referente agr\u00edcola y cultural a nivel mundial.<\/p>\n","protected":false},"excerpt":{"rendered":"El pr\u00f3ximo 31 de octubre, la Organizaci\u00f3n de las Naciones Unidas para la Alimentaci\u00f3n y la Agricultura (FAO)&hellip;","protected":false},"author":1,"featured_media":4273,"comment_status":"open","ping_status":"open","sticky":false,"template":"","format":"standard","meta":{"csco_display_header_overlay":false,"csco_singular_sidebar":"","csco_page_header_type":"","csco_page_load_nextpost":"","csco_post_video_location":[],"csco_post_video_location_hash":"","csco_post_video_url":"","csco_post_video_bg_start_time":0,"csco_post_video_bg_end_time":0,"footnotes":""},"categories":[343,172],"tags":[1548,1588,2171,2172,229],"class_list":{"0":"post-4272","1":"post","2":"type-post","3":"status-publish","4":"format-standard","5":"has-post-thumbnail","7":"category-cultura","8":"category-estatal","9":"tag-metepantle","10":"tag-organizacion-de-las-naciones-unidas-para-la-alimentacion-y-la-agricultura-fao","11":"tag-patrimonio-mundial","12":"tag-sistema-agricola-ancestral","13":"tag-tlaxcala","14":"cs-entry","15":"cs-video-wrap"},"yoast_head":"<!-- This site is optimized with the Yoast SEO Premium plugin v24.7 (Yoast SEO v27.4) - https:\/\/yoast.com\/product\/yoast-seo-premium-wordpress\/ -->\n<title>Tlaxcala recibe reconocimiento mundial por su sistema agr\u00edcola ancestral metepantle - Tlaxcala Hoy<\/title>\n<meta name=\"description\" content=\"La FAO reconoce al metepantle de Tlaxcala como Patrimonio Mundial, destacando su tradici\u00f3n, sostenibilidad y biodiversidad.\" \/>\n<meta name=\"robots\" content=\"index, follow, max-snippet:-1, max-image-preview:large, max-video-preview:-1\" \/>\n<link rel=\"canonical\" href=\"https:\/\/grupohoymexico.com\/tlaxcala\/cultura\/tlaxcala-recibe-reconocimiento-mundial-por-su-sistema-agricola-ancestral-metepantle\/\" \/>\n<meta property=\"og:locale\" content=\"es_MX\" \/>\n<meta property=\"og:type\" content=\"article\" \/>\n<meta property=\"og:title\" content=\"Tlaxcala recibe reconocimiento mundial por su sistema agr\u00edcola ancestral metepantle\" \/>\n<meta property=\"og:description\" content=\"La FAO reconoce al metepantle de Tlaxcala como Patrimonio Mundial, destacando su tradici\u00f3n, sostenibilidad y biodiversidad.\" \/>\n<meta property=\"og:url\" content=\"https:\/\/grupohoymexico.com\/tlaxcala\/cultura\/tlaxcala-recibe-reconocimiento-mundial-por-su-sistema-agricola-ancestral-metepantle\/\" \/>\n<meta property=\"og:site_name\" content=\"Tlaxcala Hoy\" \/>\n<meta property=\"article:published_time\" content=\"2025-10-20T15:25:30+00:00\" \/>\n<meta property=\"og:image\" content=\"https:\/\/grupohoymexico.com\/tlaxcala\/wp-content\/uploads\/sites\/4\/2025\/10\/5168350832671852168.webp\" \/>\n\t<meta property=\"og:image:width\" content=\"1201\" \/>\n\t<meta property=\"og:image:height\" content=\"639\" \/>\n\t<meta property=\"og:image:type\" content=\"image\/webp\" \/>\n<meta name=\"author\" content=\"user\" \/>\n<meta name=\"twitter:card\" content=\"summary_large_image\" \/>\n<meta name=\"twitter:label1\" content=\"Escrito por\" \/>\n\t<meta name=\"twitter:data1\" content=\"user\" \/>\n\t<meta name=\"twitter:label2\" content=\"Tiempo de lectura\" \/>\n\t<meta name=\"twitter:data2\" content=\"2 minutos\" \/>\n<script type=\"application\/ld+json\" class=\"yoast-schema-graph\">{\"@context\":\"https:\\\/\\\/schema.org\",\"@graph\":[{\"@type\":\"Article\",\"@id\":\"https:\\\/\\\/grupohoymexico.com\\\/tlaxcala\\\/cultura\\\/tlaxcala-recibe-reconocimiento-mundial-por-su-sistema-agricola-ancestral-metepantle\\\/#article\",\"isPartOf\":{\"@id\":\"https:\\\/\\\/grupohoymexico.com\\\/tlaxcala\\\/cultura\\\/tlaxcala-recibe-reconocimiento-mundial-por-su-sistema-agricola-ancestral-metepantle\\\/\"},\"author\":{\"name\":\"user\",\"@id\":\"https:\\\/\\\/grupohoymexico.com\\\/tlaxcala\\\/#\\\/schema\\\/person\\\/ce6086ac837852775a3a4f539356c297\"},\"headline\":\"Tlaxcala recibe reconocimiento mundial por su sistema agr\u00edcola ancestral metepantle\",\"datePublished\":\"2025-10-20T15:25:30+00:00\",\"mainEntityOfPage\":{\"@id\":\"https:\\\/\\\/grupohoymexico.com\\\/tlaxcala\\\/cultura\\\/tlaxcala-recibe-reconocimiento-mundial-por-su-sistema-agricola-ancestral-metepantle\\\/\"},\"wordCount\":368,\"commentCount\":0,\"image\":{\"@id\":\"https:\\\/\\\/grupohoymexico.com\\\/tlaxcala\\\/cultura\\\/tlaxcala-recibe-reconocimiento-mundial-por-su-sistema-agricola-ancestral-metepantle\\\/#primaryimage\"},\"thumbnailUrl\":\"https:\\\/\\\/grupohoymexico.com\\\/tlaxcala\\\/wp-content\\\/uploads\\\/sites\\\/4\\\/2025\\\/10\\\/5168350832671852168.webp\",\"keywords\":[\"metepantle\",\"Organizaci\u00f3n de las Naciones Unidas para la Alimentaci\u00f3n y la Agricultura (FAO)\",\"Patrimonio Mundial\",\"sistema agr\u00edcola ancestral\",\"Tlaxcala\"],\"articleSection\":[\"Cultura\",\"Estatal\"],\"inLanguage\":\"es\",\"potentialAction\":[{\"@type\":\"CommentAction\",\"name\":\"Comment\",\"target\":[\"https:\\\/\\\/grupohoymexico.com\\\/tlaxcala\\\/cultura\\\/tlaxcala-recibe-reconocimiento-mundial-por-su-sistema-agricola-ancestral-metepantle\\\/#respond\"]}]},{\"@type\":\"WebPage\",\"@id\":\"https:\\\/\\\/grupohoymexico.com\\\/tlaxcala\\\/cultura\\\/tlaxcala-recibe-reconocimiento-mundial-por-su-sistema-agricola-ancestral-metepantle\\\/\",\"url\":\"https:\\\/\\\/grupohoymexico.com\\\/tlaxcala\\\/cultura\\\/tlaxcala-recibe-reconocimiento-mundial-por-su-sistema-agricola-ancestral-metepantle\\\/\",\"name\":\"Tlaxcala recibe reconocimiento mundial por su sistema agr\u00edcola ancestral metepantle - Tlaxcala Hoy\",\"isPartOf\":{\"@id\":\"https:\\\/\\\/grupohoymexico.com\\\/tlaxcala\\\/#website\"},\"primaryImageOfPage\":{\"@id\":\"https:\\\/\\\/grupohoymexico.com\\\/tlaxcala\\\/cultura\\\/tlaxcala-recibe-reconocimiento-mundial-por-su-sistema-agricola-ancestral-metepantle\\\/#primaryimage\"},\"image\":{\"@id\":\"https:\\\/\\\/grupohoymexico.com\\\/tlaxcala\\\/cultura\\\/tlaxcala-recibe-reconocimiento-mundial-por-su-sistema-agricola-ancestral-metepantle\\\/#primaryimage\"},\"thumbnailUrl\":\"https:\\\/\\\/grupohoymexico.com\\\/tlaxcala\\\/wp-content\\\/uploads\\\/sites\\\/4\\\/2025\\\/10\\\/5168350832671852168.webp\",\"datePublished\":\"2025-10-20T15:25:30+00:00\",\"author\":{\"@id\":\"https:\\\/\\\/grupohoymexico.com\\\/tlaxcala\\\/#\\\/schema\\\/person\\\/ce6086ac837852775a3a4f539356c297\"},\"description\":\"La FAO reconoce al metepantle de Tlaxcala como Patrimonio Mundial, destacando su tradici\u00f3n, sostenibilidad y biodiversidad.\",\"breadcrumb\":{\"@id\":\"https:\\\/\\\/grupohoymexico.com\\\/tlaxcala\\\/cultura\\\/tlaxcala-recibe-reconocimiento-mundial-por-su-sistema-agricola-ancestral-metepantle\\\/#breadcrumb\"},\"inLanguage\":\"es\",\"potentialAction\":[{\"@type\":\"ReadAction\",\"target\":[\"https:\\\/\\\/grupohoymexico.com\\\/tlaxcala\\\/cultura\\\/tlaxcala-recibe-reconocimiento-mundial-por-su-sistema-agricola-ancestral-metepantle\\\/\"]}]},{\"@type\":\"ImageObject\",\"inLanguage\":\"es\",\"@id\":\"https:\\\/\\\/grupohoymexico.com\\\/tlaxcala\\\/cultura\\\/tlaxcala-recibe-reconocimiento-mundial-por-su-sistema-agricola-ancestral-metepantle\\\/#primaryimage\",\"url\":\"https:\\\/\\\/grupohoymexico.com\\\/tlaxcala\\\/wp-content\\\/uploads\\\/sites\\\/4\\\/2025\\\/10\\\/5168350832671852168.webp\",\"contentUrl\":\"https:\\\/\\\/grupohoymexico.com\\\/tlaxcala\\\/wp-content\\\/uploads\\\/sites\\\/4\\\/2025\\\/10\\\/5168350832671852168.webp\",\"width\":1201,\"height\":639,\"caption\":\"Foto: Gobierno de M\u00e9xico\"},{\"@type\":\"BreadcrumbList\",\"@id\":\"https:\\\/\\\/grupohoymexico.com\\\/tlaxcala\\\/cultura\\\/tlaxcala-recibe-reconocimiento-mundial-por-su-sistema-agricola-ancestral-metepantle\\\/#breadcrumb\",\"itemListElement\":[{\"@type\":\"ListItem\",\"position\":1,\"name\":\"Inicio\",\"item\":\"https:\\\/\\\/grupohoymexico.com\\\/tlaxcala\\\/\"},{\"@type\":\"ListItem\",\"position\":2,\"name\":\"Tlaxcala recibe reconocimiento mundial por su sistema agr\u00edcola ancestral metepantle\"}]},{\"@type\":\"WebSite\",\"@id\":\"https:\\\/\\\/grupohoymexico.com\\\/tlaxcala\\\/#website\",\"url\":\"https:\\\/\\\/grupohoymexico.com\\\/tlaxcala\\\/\",\"name\":\"Tlaxcala Hoy\",\"description\":\"El alma de la naci\u00f3n\",\"potentialAction\":[{\"@type\":\"SearchAction\",\"target\":{\"@type\":\"EntryPoint\",\"urlTemplate\":\"https:\\\/\\\/grupohoymexico.com\\\/tlaxcala\\\/?s={search_term_string}\"},\"query-input\":{\"@type\":\"PropertyValueSpecification\",\"valueRequired\":true,\"valueName\":\"search_term_string\"}}],\"inLanguage\":\"es\"},{\"@type\":\"Person\",\"@id\":\"https:\\\/\\\/grupohoymexico.com\\\/tlaxcala\\\/#\\\/schema\\\/person\\\/ce6086ac837852775a3a4f539356c297\",\"name\":\"user\",\"image\":{\"@type\":\"ImageObject\",\"inLanguage\":\"es\",\"@id\":\"https:\\\/\\\/secure.gravatar.com\\\/avatar\\\/25f78de4fa956f6f7c01f8d96f8087d8958ebe06d57e630cd54e36aefb9dacea?s=96&d=mm&r=g\",\"url\":\"https:\\\/\\\/secure.gravatar.com\\\/avatar\\\/25f78de4fa956f6f7c01f8d96f8087d8958ebe06d57e630cd54e36aefb9dacea?s=96&d=mm&r=g\",\"contentUrl\":\"https:\\\/\\\/secure.gravatar.com\\\/avatar\\\/25f78de4fa956f6f7c01f8d96f8087d8958ebe06d57e630cd54e36aefb9dacea?s=96&d=mm&r=g\",\"caption\":\"user\"},\"sameAs\":[\"http:\\\/\\\/44.197.188.197.nip.io\"],\"url\":\"https:\\\/\\\/grupohoymexico.com\\\/tlaxcala\\\/author\\\/user\\\/\"}]}<\/script>\n<!-- \/ Yoast SEO Premium plugin. -->","yoast_head_json":{"title":"Tlaxcala recibe reconocimiento mundial por su sistema agr\u00edcola ancestral metepantle - Tlaxcala Hoy","description":"La FAO reconoce al metepantle de Tlaxcala como Patrimonio Mundial, destacando su tradici\u00f3n, sostenibilidad y biodiversidad.","robots":{"index":"index","follow":"follow","max-snippet":"max-snippet:-1","max-image-preview":"max-image-preview:large","max-video-preview":"max-video-preview:-1"},"canonical":"https:\/\/grupohoymexico.com\/tlaxcala\/cultura\/tlaxcala-recibe-reconocimiento-mundial-por-su-sistema-agricola-ancestral-metepantle\/","og_locale":"es_MX","og_type":"article","og_title":"Tlaxcala recibe reconocimiento mundial por su sistema agr\u00edcola ancestral metepantle","og_description":"La FAO reconoce al metepantle de Tlaxcala como Patrimonio Mundial, destacando su tradici\u00f3n, sostenibilidad y biodiversidad.","og_url":"https:\/\/grupohoymexico.com\/tlaxcala\/cultura\/tlaxcala-recibe-reconocimiento-mundial-por-su-sistema-agricola-ancestral-metepantle\/","og_site_name":"Tlaxcala Hoy","article_published_time":"2025-10-20T15:25:30+00:00","og_image":[{"width":1201,"height":639,"url":"https:\/\/grupohoymexico.com\/tlaxcala\/wp-content\/uploads\/sites\/4\/2025\/10\/5168350832671852168.webp","type":"image\/webp"}],"author":"user","twitter_card":"summary_large_image","twitter_misc":{"Escrito por":"user","Tiempo de lectura":"2 minutos"},"schema":{"@context":"https:\/\/schema.org","@graph":[{"@type":"Article","@id":"https:\/\/grupohoymexico.com\/tlaxcala\/cultura\/tlaxcala-recibe-reconocimiento-mundial-por-su-sistema-agricola-ancestral-metepantle\/#article","isPartOf":{"@id":"https:\/\/grupohoymexico.com\/tlaxcala\/cultura\/tlaxcala-recibe-reconocimiento-mundial-por-su-sistema-agricola-ancestral-metepantle\/"},"author":{"name":"user","@id":"https:\/\/grupohoymexico.com\/tlaxcala\/#\/schema\/person\/ce6086ac837852775a3a4f539356c297"},"headline":"Tlaxcala recibe reconocimiento mundial por su sistema agr\u00edcola ancestral metepantle","datePublished":"2025-10-20T15:25:30+00:00","mainEntityOfPage":{"@id":"https:\/\/grupohoymexico.com\/tlaxcala\/cultura\/tlaxcala-recibe-reconocimiento-mundial-por-su-sistema-agricola-ancestral-metepantle\/"},"wordCount":368,"commentCount":0,"image":{"@id":"https:\/\/grupohoymexico.com\/tlaxcala\/cultura\/tlaxcala-recibe-reconocimiento-mundial-por-su-sistema-agricola-ancestral-metepantle\/#primaryimage"},"thumbnailUrl":"https:\/\/grupohoymexico.com\/tlaxcala\/wp-content\/uploads\/sites\/4\/2025\/10\/5168350832671852168.webp","keywords":["metepantle","Organizaci\u00f3n de las Naciones Unidas para la Alimentaci\u00f3n y la Agricultura (FAO)","Patrimonio Mundial","sistema agr\u00edcola ancestral","Tlaxcala"],"articleSection":["Cultura","Estatal"],"inLanguage":"es","potentialAction":[{"@type":"CommentAction","name":"Comment","target":["https:\/\/grupohoymexico.com\/tlaxcala\/cultura\/tlaxcala-recibe-reconocimiento-mundial-por-su-sistema-agricola-ancestral-metepantle\/#respond"]}]},{"@type":"WebPage","@id":"https:\/\/grupohoymexico.com\/tlaxcala\/cultura\/tlaxcala-recibe-reconocimiento-mundial-por-su-sistema-agricola-ancestral-metepantle\/","url":"https:\/\/grupohoymexico.com\/tlaxcala\/cultura\/tlaxcala-recibe-reconocimiento-mundial-por-su-sistema-agricola-ancestral-metepantle\/","name":"Tlaxcala recibe reconocimiento mundial por su sistema agr\u00edcola ancestral metepantle - Tlaxcala Hoy","isPartOf":{"@id":"https:\/\/grupohoymexico.com\/tlaxcala\/#website"},"primaryImageOfPage":{"@id":"https:\/\/grupohoymexico.com\/tlaxcala\/cultura\/tlaxcala-recibe-reconocimiento-mundial-por-su-sistema-agricola-ancestral-metepantle\/#primaryimage"},"image":{"@id":"https:\/\/grupohoymexico.com\/tlaxcala\/cultura\/tlaxcala-recibe-reconocimiento-mundial-por-su-sistema-agricola-ancestral-metepantle\/#primaryimage"},"thumbnailUrl":"https:\/\/grupohoymexico.com\/tlaxcala\/wp-content\/uploads\/sites\/4\/2025\/10\/5168350832671852168.webp","datePublished":"2025-10-20T15:25:30+00:00","author":{"@id":"https:\/\/grupohoymexico.com\/tlaxcala\/#\/schema\/person\/ce6086ac837852775a3a4f539356c297"},"description":"La FAO reconoce al metepantle de Tlaxcala como Patrimonio Mundial, destacando su tradici\u00f3n, sostenibilidad y biodiversidad.","breadcrumb":{"@id":"https:\/\/grupohoymexico.com\/tlaxcala\/cultura\/tlaxcala-recibe-reconocimiento-mundial-por-su-sistema-agricola-ancestral-metepantle\/#breadcrumb"},"inLanguage":"es","potentialAction":[{"@type":"ReadAction","target":["https:\/\/grupohoymexico.com\/tlaxcala\/cultura\/tlaxcala-recibe-reconocimiento-mundial-por-su-sistema-agricola-ancestral-metepantle\/"]}]},{"@type":"ImageObject","inLanguage":"es","@id":"https:\/\/grupohoymexico.com\/tlaxcala\/cultura\/tlaxcala-recibe-reconocimiento-mundial-por-su-sistema-agricola-ancestral-metepantle\/#primaryimage","url":"https:\/\/grupohoymexico.com\/tlaxcala\/wp-content\/uploads\/sites\/4\/2025\/10\/5168350832671852168.webp","contentUrl":"https:\/\/grupohoymexico.com\/tlaxcala\/wp-content\/uploads\/sites\/4\/2025\/10\/5168350832671852168.webp","width":1201,"height":639,"caption":"Foto: Gobierno de M\u00e9xico"},{"@type":"BreadcrumbList","@id":"https:\/\/grupohoymexico.com\/tlaxcala\/cultura\/tlaxcala-recibe-reconocimiento-mundial-por-su-sistema-agricola-ancestral-metepantle\/#breadcrumb","itemListElement":[{"@type":"ListItem","position":1,"name":"Inicio","item":"https:\/\/grupohoymexico.com\/tlaxcala\/"},{"@type":"ListItem","position":2,"name":"Tlaxcala recibe reconocimiento mundial por su sistema agr\u00edcola ancestral metepantle"}]},{"@type":"WebSite","@id":"https:\/\/grupohoymexico.com\/tlaxcala\/#website","url":"https:\/\/grupohoymexico.com\/tlaxcala\/","name":"Tlaxcala Hoy","description":"El alma de la naci\u00f3n","potentialAction":[{"@type":"SearchAction","target":{"@type":"EntryPoint","urlTemplate":"https:\/\/grupohoymexico.com\/tlaxcala\/?s={search_term_string}"},"query-input":{"@type":"PropertyValueSpecification","valueRequired":true,"valueName":"search_term_string"}}],"inLanguage":"es"},{"@type":"Person","@id":"https:\/\/grupohoymexico.com\/tlaxcala\/#\/schema\/person\/ce6086ac837852775a3a4f539356c297","name":"user","image":{"@type":"ImageObject","inLanguage":"es","@id":"https:\/\/secure.gravatar.com\/avatar\/25f78de4fa956f6f7c01f8d96f8087d8958ebe06d57e630cd54e36aefb9dacea?s=96&d=mm&r=g","url":"https:\/\/secure.gravatar.com\/avatar\/25f78de4fa956f6f7c01f8d96f8087d8958ebe06d57e630cd54e36aefb9dacea?s=96&d=mm&r=g","contentUrl":"https:\/\/secure.gravatar.com\/avatar\/25f78de4fa956f6f7c01f8d96f8087d8958ebe06d57e630cd54e36aefb9dacea?s=96&d=mm&r=g","caption":"user"},"sameAs":["http:\/\/44.197.188.197.nip.io"],"url":"https:\/\/grupohoymexico.com\/tlaxcala\/author\/user\/"}]}},"_links":{"self":[{"href":"https:\/\/grupohoymexico.com\/tlaxcala\/wp-json\/wp\/v2\/posts\/4272","targetHints":{"allow":["GET"]}}],"collection":[{"href":"https:\/\/grupohoymexico.com\/tlaxcala\/wp-json\/wp\/v2\/posts"}],"about":[{"href":"https:\/\/grupohoymexico.com\/tlaxcala\/wp-json\/wp\/v2\/types\/post"}],"author":[{"embeddable":true,"href":"https:\/\/grupohoymexico.com\/tlaxcala\/wp-json\/wp\/v2\/users\/1"}],"replies":[{"embeddable":true,"href":"https:\/\/grupohoymexico.com\/tlaxcala\/wp-json\/wp\/v2\/comments?post=4272"}],"version-history":[{"count":1,"href":"https:\/\/grupohoymexico.com\/tlaxcala\/wp-json\/wp\/v2\/posts\/4272\/revisions"}],"predecessor-version":[{"id":4274,"href":"https:\/\/grupohoymexico.com\/tlaxcala\/wp-json\/wp\/v2\/posts\/4272\/revisions\/4274"}],"wp:featuredmedia":[{"embeddable":true,"href":"https:\/\/grupohoymexico.com\/tlaxcala\/wp-json\/wp\/v2\/media\/4273"}],"wp:attachment":[{"href":"https:\/\/grupohoymexico.com\/tlaxcala\/wp-json\/wp\/v2\/media?parent=4272"}],"wp:term":[{"taxonomy":"category","embeddable":true,"href":"https:\/\/grupohoymexico.com\/tlaxcala\/wp-json\/wp\/v2\/categories?post=4272"},{"taxonomy":"post_tag","embeddable":true,"href":"https:\/\/grupohoymexico.com\/tlaxcala\/wp-json\/wp\/v2\/tags?post=4272"}],"curies":[{"name":"wp","href":"https:\/\/api.w.org\/{rel}","templated":true}]}}