{"id":4248,"date":"2025-10-16T15:18:31","date_gmt":"2025-10-16T15:18:31","guid":{"rendered":"https:\/\/grupohoymexico.com\/tlaxcala\/?p=4248"},"modified":"2025-10-16T15:18:31","modified_gmt":"2025-10-16T15:18:31","slug":"inah-presenta-tlaxcala-de-xicohtencatl-un-recorrido-por-la-historia-y-patrimonio-de-la-ciudad","status":"publish","type":"post","link":"https:\/\/grupohoymexico.com\/tlaxcala\/estatal\/inah-presenta-tlaxcala-de-xicohtencatl-un-recorrido-por-la-historia-y-patrimonio-de-la-ciudad\/","title":{"rendered":"INAH presenta \u201cTlaxcala de Xicoht\u00e9ncatl\u201d, un recorrido por la historia y patrimonio de la ciudad"},"content":{"rendered":"<p><strong>Tlaxcala<\/strong> refuerza su compromiso con la preservaci\u00f3n del patrimonio hist\u00f3rico a trav\u00e9s de una nueva publicaci\u00f3n del <strong>Instituto Nacional de Antropolog\u00eda e Historia (INAH): Tlaxcala de Xicoht\u00e9ncatl. Zona de Monumentos Hist\u00f3ricos.<\/strong> Este volumen forma parte de la<strong> Colecci\u00f3n Patrimonio<\/strong> y re\u00fane <strong>once<\/strong> <strong>art\u00edculos. <\/strong>Estos,\u00a0retratan la transformaci\u00f3n de la ciudad a lo largo de <strong>cinco siglos<\/strong>, combinando historia, arquitectura y vida cotidiana.<\/p>\n<h2><strong>&#8220;Tlaxcala de Xicoht\u00e9ncatl&#8221;: Una mirada cr\u00edtica al pasado y al presente<\/strong><\/h2>\n<p><strong>La coordinadora nacional de Monumentos Hist\u00f3ricos del INAH, Valeria Valero Pi\u00e9<\/strong>, present\u00f3 la obra en el <strong>Museo Regional de Tlaxcala<\/strong>. Explic\u00f3 que el libro busca una visi\u00f3n nost\u00e1lgica del pasado y una reflexi\u00f3n sobre los elementos que dan identidad a la ciudad.<\/p>\n<blockquote><p>\u201cCada n\u00famero de la colecci\u00f3n ofrece un recorrido visual y documental que nos ayuda a comprender los espacios que habitamos\u201d, se\u00f1al\u00f3.<\/p><\/blockquote>\n<p>El volumen tambi\u00e9n se integra a los festejos por los<strong> 500 a\u00f1os de la <a href=\"https:\/\/grupohoymexico.com\/tlaxcala\/estatal\/patrimonio-vivo-de-tlaxcala-llega-al-corazon-de-la-capital-con-una-muestra-cultural-unica\/\">capital tlaxcalteca<\/a><\/strong>. Adem\u00e1s<strong>, <\/strong>anticipa el <strong>40 aniversario de su declaratoria como Zona de Monumentos Hist\u00f3ricos<\/strong>, que se cumplir\u00e1 en <strong>2026.<\/strong><\/p>\n<h2><strong>Historia, arquitectura y vida social en un mismo relato<\/strong><\/h2>\n<p>Coordinado por el <strong>arque\u00f3logo Ram\u00f3n Santacruz Cano<\/strong>, el proyecto inici\u00f3 en <strong>marzo<\/strong> y recorre m\u00e1s de <strong>seis siglos de historia<\/strong>, desde el periodo prehisp\u00e1nico hasta el <strong>siglo XXI<\/strong>. La intenci\u00f3n, explic\u00f3, fue crear un texto accesible para todo p\u00fablico sin perder rigor acad\u00e9mico, con aportes desde la <strong>arqueolog\u00eda, la arquitectura y la antropolog\u00eda social.<\/strong><\/p>\n<p>Entre los autores destacan el <strong>arquitecto-perito Pablo Trujillo<\/strong>, quien analiza el contexto de la declaratoria de <strong>1986. Tambi\u00e9n, la historiadora Claudia Hern\u00e1ndez, que examina los desaf\u00edos ambientales del r\u00edo Zahuapan. Finalmente, igual el arquitecto Armando Moreschi, quien documenta el valor del Conjunto Franciscano y Catedralicio de Nuestra Se\u00f1ora de la Asunci\u00f3n, inscrito en 2021 en la <a href=\"https:\/\/whc.unesco.org\/es\/list\/\">Lista del Patrimonio Mundial de la UNESCO.<\/a><\/strong><\/p>\n<h2><strong>Un homenaje colectivo al patrimonio tlaxcalteca<\/strong><\/h2>\n<p>El libro cont\u00f3 con el apoyo de las coordinaciones nacionales de<strong> Difusi\u00f3n y Monumentos Hist\u00f3ricos del INAH, junto con la Secretar\u00eda de Cultura y la Secretar\u00eda de Turismo del estado, el gobierno municipal y diversos archivos y colecciones locales.<\/strong><\/p>\n<p><strong>El titular del Centro INAH Tlaxcala, Jos\u00e9 Vicente de la Rosa Herrera<\/strong>, destac\u00f3 que la obra muestra c\u00f3mo los habitantes de la capital han sabido conservar su legado y adaptarse a los cambios sin perder su esencia.<\/p>\n<blockquote><p>\u201cTlaxcala es un referente nacional en materia de protecci\u00f3n del patrimonio; los tres \u00f3rdenes de gobierno mantenemos una colaboraci\u00f3n constante para su conservaci\u00f3n\u201d, afirm\u00f3.<\/p><\/blockquote>\n<p><strong>Tlaxcala de Xicoht\u00e9ncatl. Zona de Monumentos Hist\u00f3ricos<\/strong> estar\u00e1 disponible pr\u00f3ximamente en la <strong>red de librer\u00edas del INAH.<\/strong><\/p>\n","protected":false},"excerpt":{"rendered":"Tlaxcala refuerza su compromiso con la preservaci\u00f3n del patrimonio hist\u00f3rico a trav\u00e9s de una nueva publicaci\u00f3n del Instituto&hellip;","protected":false},"author":1,"featured_media":4250,"comment_status":"open","ping_status":"open","sticky":false,"template":"","format":"standard","meta":{"csco_display_header_overlay":false,"csco_singular_sidebar":"","csco_page_header_type":"","csco_page_load_nextpost":"","csco_post_video_location":[],"csco_post_video_location_hash":"","csco_post_video_url":"","csco_post_video_bg_start_time":0,"csco_post_video_bg_end_time":0,"footnotes":""},"categories":[343,172],"tags":[2151,2152,946,2150,2149,2153],"class_list":{"0":"post-4248","1":"post","2":"type-post","3":"status-publish","4":"format-standard","5":"has-post-thumbnail","7":"category-cultura","8":"category-estatal","9":"tag-capital-de-tlaxcala","10":"tag-ciudad","11":"tag-cultura","12":"tag-inah","13":"tag-tlaxcala-de-xicohtencatl","14":"tag-zona-de-monumentos-historicos","15":"cs-entry","16":"cs-video-wrap"},"yoast_head":"<!-- This site is optimized with the Yoast SEO Premium plugin v24.7 (Yoast SEO v27.4) - https:\/\/yoast.com\/product\/yoast-seo-premium-wordpress\/ -->\n<title>INAH presenta \u201cTlaxcala de Xicoht\u00e9ncatl\u201d, un recorrido por la historia y patrimonio de la ciudad - Tlaxcala Hoy<\/title>\n<meta name=\"description\" content=\"INAH presenta Tlaxcala de Xicoht\u00e9ncatl, libro sobre cinco siglos de historia y patrimonio de la capital tlaxcalteca.\" \/>\n<meta name=\"robots\" content=\"index, follow, max-snippet:-1, max-image-preview:large, max-video-preview:-1\" \/>\n<link rel=\"canonical\" href=\"https:\/\/grupohoymexico.com\/tlaxcala\/estatal\/inah-presenta-tlaxcala-de-xicohtencatl-un-recorrido-por-la-historia-y-patrimonio-de-la-ciudad\/\" \/>\n<meta property=\"og:locale\" content=\"es_MX\" \/>\n<meta property=\"og:type\" content=\"article\" \/>\n<meta property=\"og:title\" content=\"INAH presenta \u201cTlaxcala de Xicoht\u00e9ncatl\u201d, un recorrido por la historia y patrimonio de la ciudad\" \/>\n<meta property=\"og:description\" content=\"INAH presenta Tlaxcala de Xicoht\u00e9ncatl, libro sobre cinco siglos de historia y patrimonio de la capital tlaxcalteca.\" \/>\n<meta property=\"og:url\" content=\"https:\/\/grupohoymexico.com\/tlaxcala\/estatal\/inah-presenta-tlaxcala-de-xicohtencatl-un-recorrido-por-la-historia-y-patrimonio-de-la-ciudad\/\" \/>\n<meta property=\"og:site_name\" content=\"Tlaxcala Hoy\" \/>\n<meta property=\"article:published_time\" content=\"2025-10-16T15:18:31+00:00\" \/>\n<meta property=\"og:image\" content=\"https:\/\/grupohoymexico.com\/tlaxcala\/wp-content\/uploads\/sites\/4\/2025\/10\/5154855719010305480.webp\" \/>\n\t<meta property=\"og:image:width\" content=\"1201\" \/>\n\t<meta property=\"og:image:height\" content=\"639\" \/>\n\t<meta property=\"og:image:type\" content=\"image\/webp\" \/>\n<meta name=\"author\" content=\"user\" \/>\n<meta name=\"twitter:card\" content=\"summary_large_image\" \/>\n<meta name=\"twitter:label1\" content=\"Escrito por\" \/>\n\t<meta name=\"twitter:data1\" content=\"user\" \/>\n\t<meta name=\"twitter:label2\" content=\"Tiempo de lectura\" \/>\n\t<meta name=\"twitter:data2\" content=\"2 minutos\" \/>\n<script type=\"application\/ld+json\" class=\"yoast-schema-graph\">{\"@context\":\"https:\\\/\\\/schema.org\",\"@graph\":[{\"@type\":\"Article\",\"@id\":\"https:\\\/\\\/grupohoymexico.com\\\/tlaxcala\\\/estatal\\\/inah-presenta-tlaxcala-de-xicohtencatl-un-recorrido-por-la-historia-y-patrimonio-de-la-ciudad\\\/#article\",\"isPartOf\":{\"@id\":\"https:\\\/\\\/grupohoymexico.com\\\/tlaxcala\\\/estatal\\\/inah-presenta-tlaxcala-de-xicohtencatl-un-recorrido-por-la-historia-y-patrimonio-de-la-ciudad\\\/\"},\"author\":{\"name\":\"user\",\"@id\":\"https:\\\/\\\/grupohoymexico.com\\\/tlaxcala\\\/#\\\/schema\\\/person\\\/ce6086ac837852775a3a4f539356c297\"},\"headline\":\"INAH presenta \u201cTlaxcala de Xicoht\u00e9ncatl\u201d, un recorrido por la historia y patrimonio de la ciudad\",\"datePublished\":\"2025-10-16T15:18:31+00:00\",\"mainEntityOfPage\":{\"@id\":\"https:\\\/\\\/grupohoymexico.com\\\/tlaxcala\\\/estatal\\\/inah-presenta-tlaxcala-de-xicohtencatl-un-recorrido-por-la-historia-y-patrimonio-de-la-ciudad\\\/\"},\"wordCount\":481,\"commentCount\":0,\"image\":{\"@id\":\"https:\\\/\\\/grupohoymexico.com\\\/tlaxcala\\\/estatal\\\/inah-presenta-tlaxcala-de-xicohtencatl-un-recorrido-por-la-historia-y-patrimonio-de-la-ciudad\\\/#primaryimage\"},\"thumbnailUrl\":\"https:\\\/\\\/grupohoymexico.com\\\/tlaxcala\\\/wp-content\\\/uploads\\\/sites\\\/4\\\/2025\\\/10\\\/5154855719010305480.webp\",\"keywords\":[\"capital de Tlaxcala\",\"ciudad\",\"cultura\",\"INAH\",\"Tlaxcala de Xicoht\u00e9ncatl\",\"Zona de Monumentos Hist\u00f3ricos\"],\"articleSection\":[\"Cultura\",\"Estatal\"],\"inLanguage\":\"es\",\"potentialAction\":[{\"@type\":\"CommentAction\",\"name\":\"Comment\",\"target\":[\"https:\\\/\\\/grupohoymexico.com\\\/tlaxcala\\\/estatal\\\/inah-presenta-tlaxcala-de-xicohtencatl-un-recorrido-por-la-historia-y-patrimonio-de-la-ciudad\\\/#respond\"]}]},{\"@type\":\"WebPage\",\"@id\":\"https:\\\/\\\/grupohoymexico.com\\\/tlaxcala\\\/estatal\\\/inah-presenta-tlaxcala-de-xicohtencatl-un-recorrido-por-la-historia-y-patrimonio-de-la-ciudad\\\/\",\"url\":\"https:\\\/\\\/grupohoymexico.com\\\/tlaxcala\\\/estatal\\\/inah-presenta-tlaxcala-de-xicohtencatl-un-recorrido-por-la-historia-y-patrimonio-de-la-ciudad\\\/\",\"name\":\"INAH presenta \u201cTlaxcala de Xicoht\u00e9ncatl\u201d, un recorrido por la historia y patrimonio de la ciudad - Tlaxcala Hoy\",\"isPartOf\":{\"@id\":\"https:\\\/\\\/grupohoymexico.com\\\/tlaxcala\\\/#website\"},\"primaryImageOfPage\":{\"@id\":\"https:\\\/\\\/grupohoymexico.com\\\/tlaxcala\\\/estatal\\\/inah-presenta-tlaxcala-de-xicohtencatl-un-recorrido-por-la-historia-y-patrimonio-de-la-ciudad\\\/#primaryimage\"},\"image\":{\"@id\":\"https:\\\/\\\/grupohoymexico.com\\\/tlaxcala\\\/estatal\\\/inah-presenta-tlaxcala-de-xicohtencatl-un-recorrido-por-la-historia-y-patrimonio-de-la-ciudad\\\/#primaryimage\"},\"thumbnailUrl\":\"https:\\\/\\\/grupohoymexico.com\\\/tlaxcala\\\/wp-content\\\/uploads\\\/sites\\\/4\\\/2025\\\/10\\\/5154855719010305480.webp\",\"datePublished\":\"2025-10-16T15:18:31+00:00\",\"author\":{\"@id\":\"https:\\\/\\\/grupohoymexico.com\\\/tlaxcala\\\/#\\\/schema\\\/person\\\/ce6086ac837852775a3a4f539356c297\"},\"description\":\"INAH presenta Tlaxcala de Xicoht\u00e9ncatl, libro sobre cinco siglos de historia y patrimonio de la capital tlaxcalteca.\",\"breadcrumb\":{\"@id\":\"https:\\\/\\\/grupohoymexico.com\\\/tlaxcala\\\/estatal\\\/inah-presenta-tlaxcala-de-xicohtencatl-un-recorrido-por-la-historia-y-patrimonio-de-la-ciudad\\\/#breadcrumb\"},\"inLanguage\":\"es\",\"potentialAction\":[{\"@type\":\"ReadAction\",\"target\":[\"https:\\\/\\\/grupohoymexico.com\\\/tlaxcala\\\/estatal\\\/inah-presenta-tlaxcala-de-xicohtencatl-un-recorrido-por-la-historia-y-patrimonio-de-la-ciudad\\\/\"]}]},{\"@type\":\"ImageObject\",\"inLanguage\":\"es\",\"@id\":\"https:\\\/\\\/grupohoymexico.com\\\/tlaxcala\\\/estatal\\\/inah-presenta-tlaxcala-de-xicohtencatl-un-recorrido-por-la-historia-y-patrimonio-de-la-ciudad\\\/#primaryimage\",\"url\":\"https:\\\/\\\/grupohoymexico.com\\\/tlaxcala\\\/wp-content\\\/uploads\\\/sites\\\/4\\\/2025\\\/10\\\/5154855719010305480.webp\",\"contentUrl\":\"https:\\\/\\\/grupohoymexico.com\\\/tlaxcala\\\/wp-content\\\/uploads\\\/sites\\\/4\\\/2025\\\/10\\\/5154855719010305480.webp\",\"width\":1201,\"height\":639,\"caption\":\"Foto: Gobierno de M\u00e9xico\"},{\"@type\":\"BreadcrumbList\",\"@id\":\"https:\\\/\\\/grupohoymexico.com\\\/tlaxcala\\\/estatal\\\/inah-presenta-tlaxcala-de-xicohtencatl-un-recorrido-por-la-historia-y-patrimonio-de-la-ciudad\\\/#breadcrumb\",\"itemListElement\":[{\"@type\":\"ListItem\",\"position\":1,\"name\":\"Inicio\",\"item\":\"https:\\\/\\\/grupohoymexico.com\\\/tlaxcala\\\/\"},{\"@type\":\"ListItem\",\"position\":2,\"name\":\"INAH presenta \u201cTlaxcala de Xicoht\u00e9ncatl\u201d, un recorrido por la historia y patrimonio de la ciudad\"}]},{\"@type\":\"WebSite\",\"@id\":\"https:\\\/\\\/grupohoymexico.com\\\/tlaxcala\\\/#website\",\"url\":\"https:\\\/\\\/grupohoymexico.com\\\/tlaxcala\\\/\",\"name\":\"Tlaxcala Hoy\",\"description\":\"El alma de la naci\u00f3n\",\"potentialAction\":[{\"@type\":\"SearchAction\",\"target\":{\"@type\":\"EntryPoint\",\"urlTemplate\":\"https:\\\/\\\/grupohoymexico.com\\\/tlaxcala\\\/?s={search_term_string}\"},\"query-input\":{\"@type\":\"PropertyValueSpecification\",\"valueRequired\":true,\"valueName\":\"search_term_string\"}}],\"inLanguage\":\"es\"},{\"@type\":\"Person\",\"@id\":\"https:\\\/\\\/grupohoymexico.com\\\/tlaxcala\\\/#\\\/schema\\\/person\\\/ce6086ac837852775a3a4f539356c297\",\"name\":\"user\",\"image\":{\"@type\":\"ImageObject\",\"inLanguage\":\"es\",\"@id\":\"https:\\\/\\\/secure.gravatar.com\\\/avatar\\\/25f78de4fa956f6f7c01f8d96f8087d8958ebe06d57e630cd54e36aefb9dacea?s=96&d=mm&r=g\",\"url\":\"https:\\\/\\\/secure.gravatar.com\\\/avatar\\\/25f78de4fa956f6f7c01f8d96f8087d8958ebe06d57e630cd54e36aefb9dacea?s=96&d=mm&r=g\",\"contentUrl\":\"https:\\\/\\\/secure.gravatar.com\\\/avatar\\\/25f78de4fa956f6f7c01f8d96f8087d8958ebe06d57e630cd54e36aefb9dacea?s=96&d=mm&r=g\",\"caption\":\"user\"},\"sameAs\":[\"http:\\\/\\\/44.197.188.197.nip.io\"],\"url\":\"https:\\\/\\\/grupohoymexico.com\\\/tlaxcala\\\/author\\\/user\\\/\"}]}<\/script>\n<!-- \/ Yoast SEO Premium plugin. -->","yoast_head_json":{"title":"INAH presenta \u201cTlaxcala de Xicoht\u00e9ncatl\u201d, un recorrido por la historia y patrimonio de la ciudad - Tlaxcala Hoy","description":"INAH presenta Tlaxcala de Xicoht\u00e9ncatl, libro sobre cinco siglos de historia y patrimonio de la capital tlaxcalteca.","robots":{"index":"index","follow":"follow","max-snippet":"max-snippet:-1","max-image-preview":"max-image-preview:large","max-video-preview":"max-video-preview:-1"},"canonical":"https:\/\/grupohoymexico.com\/tlaxcala\/estatal\/inah-presenta-tlaxcala-de-xicohtencatl-un-recorrido-por-la-historia-y-patrimonio-de-la-ciudad\/","og_locale":"es_MX","og_type":"article","og_title":"INAH presenta \u201cTlaxcala de Xicoht\u00e9ncatl\u201d, un recorrido por la historia y patrimonio de la ciudad","og_description":"INAH presenta Tlaxcala de Xicoht\u00e9ncatl, libro sobre cinco siglos de historia y patrimonio de la capital tlaxcalteca.","og_url":"https:\/\/grupohoymexico.com\/tlaxcala\/estatal\/inah-presenta-tlaxcala-de-xicohtencatl-un-recorrido-por-la-historia-y-patrimonio-de-la-ciudad\/","og_site_name":"Tlaxcala Hoy","article_published_time":"2025-10-16T15:18:31+00:00","og_image":[{"width":1201,"height":639,"url":"https:\/\/grupohoymexico.com\/tlaxcala\/wp-content\/uploads\/sites\/4\/2025\/10\/5154855719010305480.webp","type":"image\/webp"}],"author":"user","twitter_card":"summary_large_image","twitter_misc":{"Escrito por":"user","Tiempo de lectura":"2 minutos"},"schema":{"@context":"https:\/\/schema.org","@graph":[{"@type":"Article","@id":"https:\/\/grupohoymexico.com\/tlaxcala\/estatal\/inah-presenta-tlaxcala-de-xicohtencatl-un-recorrido-por-la-historia-y-patrimonio-de-la-ciudad\/#article","isPartOf":{"@id":"https:\/\/grupohoymexico.com\/tlaxcala\/estatal\/inah-presenta-tlaxcala-de-xicohtencatl-un-recorrido-por-la-historia-y-patrimonio-de-la-ciudad\/"},"author":{"name":"user","@id":"https:\/\/grupohoymexico.com\/tlaxcala\/#\/schema\/person\/ce6086ac837852775a3a4f539356c297"},"headline":"INAH presenta \u201cTlaxcala de Xicoht\u00e9ncatl\u201d, un recorrido por la historia y patrimonio de la ciudad","datePublished":"2025-10-16T15:18:31+00:00","mainEntityOfPage":{"@id":"https:\/\/grupohoymexico.com\/tlaxcala\/estatal\/inah-presenta-tlaxcala-de-xicohtencatl-un-recorrido-por-la-historia-y-patrimonio-de-la-ciudad\/"},"wordCount":481,"commentCount":0,"image":{"@id":"https:\/\/grupohoymexico.com\/tlaxcala\/estatal\/inah-presenta-tlaxcala-de-xicohtencatl-un-recorrido-por-la-historia-y-patrimonio-de-la-ciudad\/#primaryimage"},"thumbnailUrl":"https:\/\/grupohoymexico.com\/tlaxcala\/wp-content\/uploads\/sites\/4\/2025\/10\/5154855719010305480.webp","keywords":["capital de Tlaxcala","ciudad","cultura","INAH","Tlaxcala de Xicoht\u00e9ncatl","Zona de Monumentos Hist\u00f3ricos"],"articleSection":["Cultura","Estatal"],"inLanguage":"es","potentialAction":[{"@type":"CommentAction","name":"Comment","target":["https:\/\/grupohoymexico.com\/tlaxcala\/estatal\/inah-presenta-tlaxcala-de-xicohtencatl-un-recorrido-por-la-historia-y-patrimonio-de-la-ciudad\/#respond"]}]},{"@type":"WebPage","@id":"https:\/\/grupohoymexico.com\/tlaxcala\/estatal\/inah-presenta-tlaxcala-de-xicohtencatl-un-recorrido-por-la-historia-y-patrimonio-de-la-ciudad\/","url":"https:\/\/grupohoymexico.com\/tlaxcala\/estatal\/inah-presenta-tlaxcala-de-xicohtencatl-un-recorrido-por-la-historia-y-patrimonio-de-la-ciudad\/","name":"INAH presenta \u201cTlaxcala de Xicoht\u00e9ncatl\u201d, un recorrido por la historia y patrimonio de la ciudad - Tlaxcala Hoy","isPartOf":{"@id":"https:\/\/grupohoymexico.com\/tlaxcala\/#website"},"primaryImageOfPage":{"@id":"https:\/\/grupohoymexico.com\/tlaxcala\/estatal\/inah-presenta-tlaxcala-de-xicohtencatl-un-recorrido-por-la-historia-y-patrimonio-de-la-ciudad\/#primaryimage"},"image":{"@id":"https:\/\/grupohoymexico.com\/tlaxcala\/estatal\/inah-presenta-tlaxcala-de-xicohtencatl-un-recorrido-por-la-historia-y-patrimonio-de-la-ciudad\/#primaryimage"},"thumbnailUrl":"https:\/\/grupohoymexico.com\/tlaxcala\/wp-content\/uploads\/sites\/4\/2025\/10\/5154855719010305480.webp","datePublished":"2025-10-16T15:18:31+00:00","author":{"@id":"https:\/\/grupohoymexico.com\/tlaxcala\/#\/schema\/person\/ce6086ac837852775a3a4f539356c297"},"description":"INAH presenta Tlaxcala de Xicoht\u00e9ncatl, libro sobre cinco siglos de historia y patrimonio de la capital tlaxcalteca.","breadcrumb":{"@id":"https:\/\/grupohoymexico.com\/tlaxcala\/estatal\/inah-presenta-tlaxcala-de-xicohtencatl-un-recorrido-por-la-historia-y-patrimonio-de-la-ciudad\/#breadcrumb"},"inLanguage":"es","potentialAction":[{"@type":"ReadAction","target":["https:\/\/grupohoymexico.com\/tlaxcala\/estatal\/inah-presenta-tlaxcala-de-xicohtencatl-un-recorrido-por-la-historia-y-patrimonio-de-la-ciudad\/"]}]},{"@type":"ImageObject","inLanguage":"es","@id":"https:\/\/grupohoymexico.com\/tlaxcala\/estatal\/inah-presenta-tlaxcala-de-xicohtencatl-un-recorrido-por-la-historia-y-patrimonio-de-la-ciudad\/#primaryimage","url":"https:\/\/grupohoymexico.com\/tlaxcala\/wp-content\/uploads\/sites\/4\/2025\/10\/5154855719010305480.webp","contentUrl":"https:\/\/grupohoymexico.com\/tlaxcala\/wp-content\/uploads\/sites\/4\/2025\/10\/5154855719010305480.webp","width":1201,"height":639,"caption":"Foto: Gobierno de M\u00e9xico"},{"@type":"BreadcrumbList","@id":"https:\/\/grupohoymexico.com\/tlaxcala\/estatal\/inah-presenta-tlaxcala-de-xicohtencatl-un-recorrido-por-la-historia-y-patrimonio-de-la-ciudad\/#breadcrumb","itemListElement":[{"@type":"ListItem","position":1,"name":"Inicio","item":"https:\/\/grupohoymexico.com\/tlaxcala\/"},{"@type":"ListItem","position":2,"name":"INAH presenta \u201cTlaxcala de Xicoht\u00e9ncatl\u201d, un recorrido por la historia y patrimonio de la ciudad"}]},{"@type":"WebSite","@id":"https:\/\/grupohoymexico.com\/tlaxcala\/#website","url":"https:\/\/grupohoymexico.com\/tlaxcala\/","name":"Tlaxcala Hoy","description":"El alma de la naci\u00f3n","potentialAction":[{"@type":"SearchAction","target":{"@type":"EntryPoint","urlTemplate":"https:\/\/grupohoymexico.com\/tlaxcala\/?s={search_term_string}"},"query-input":{"@type":"PropertyValueSpecification","valueRequired":true,"valueName":"search_term_string"}}],"inLanguage":"es"},{"@type":"Person","@id":"https:\/\/grupohoymexico.com\/tlaxcala\/#\/schema\/person\/ce6086ac837852775a3a4f539356c297","name":"user","image":{"@type":"ImageObject","inLanguage":"es","@id":"https:\/\/secure.gravatar.com\/avatar\/25f78de4fa956f6f7c01f8d96f8087d8958ebe06d57e630cd54e36aefb9dacea?s=96&d=mm&r=g","url":"https:\/\/secure.gravatar.com\/avatar\/25f78de4fa956f6f7c01f8d96f8087d8958ebe06d57e630cd54e36aefb9dacea?s=96&d=mm&r=g","contentUrl":"https:\/\/secure.gravatar.com\/avatar\/25f78de4fa956f6f7c01f8d96f8087d8958ebe06d57e630cd54e36aefb9dacea?s=96&d=mm&r=g","caption":"user"},"sameAs":["http:\/\/44.197.188.197.nip.io"],"url":"https:\/\/grupohoymexico.com\/tlaxcala\/author\/user\/"}]}},"_links":{"self":[{"href":"https:\/\/grupohoymexico.com\/tlaxcala\/wp-json\/wp\/v2\/posts\/4248","targetHints":{"allow":["GET"]}}],"collection":[{"href":"https:\/\/grupohoymexico.com\/tlaxcala\/wp-json\/wp\/v2\/posts"}],"about":[{"href":"https:\/\/grupohoymexico.com\/tlaxcala\/wp-json\/wp\/v2\/types\/post"}],"author":[{"embeddable":true,"href":"https:\/\/grupohoymexico.com\/tlaxcala\/wp-json\/wp\/v2\/users\/1"}],"replies":[{"embeddable":true,"href":"https:\/\/grupohoymexico.com\/tlaxcala\/wp-json\/wp\/v2\/comments?post=4248"}],"version-history":[{"count":1,"href":"https:\/\/grupohoymexico.com\/tlaxcala\/wp-json\/wp\/v2\/posts\/4248\/revisions"}],"predecessor-version":[{"id":4251,"href":"https:\/\/grupohoymexico.com\/tlaxcala\/wp-json\/wp\/v2\/posts\/4248\/revisions\/4251"}],"wp:featuredmedia":[{"embeddable":true,"href":"https:\/\/grupohoymexico.com\/tlaxcala\/wp-json\/wp\/v2\/media\/4250"}],"wp:attachment":[{"href":"https:\/\/grupohoymexico.com\/tlaxcala\/wp-json\/wp\/v2\/media?parent=4248"}],"wp:term":[{"taxonomy":"category","embeddable":true,"href":"https:\/\/grupohoymexico.com\/tlaxcala\/wp-json\/wp\/v2\/categories?post=4248"},{"taxonomy":"post_tag","embeddable":true,"href":"https:\/\/grupohoymexico.com\/tlaxcala\/wp-json\/wp\/v2\/tags?post=4248"}],"curies":[{"name":"wp","href":"https:\/\/api.w.org\/{rel}","templated":true}]}}