{"id":4210,"date":"2025-10-18T10:00:29","date_gmt":"2025-10-18T10:00:29","guid":{"rendered":"https:\/\/grupohoymexico.com\/tlaxcala\/?p=4210"},"modified":"2025-10-13T22:34:17","modified_gmt":"2025-10-13T22:34:17","slug":"tlaxcala-feria-de-ferias-2025-tradicion-cultura-y-diversion","status":"publish","type":"post","link":"https:\/\/grupohoymexico.com\/tlaxcala\/cultura\/tlaxcala-feria-de-ferias-2025-tradicion-cultura-y-diversion\/","title":{"rendered":"Tlaxcala Feria de Ferias 2025: tradici\u00f3n, cultura y diversi\u00f3n"},"content":{"rendered":"<p data-start=\"708\" data-end=\"1053\">La <strong data-start=\"711\" data-end=\"744\">Tlaxcala<\/strong> <strong data-start=\"711\" data-end=\"744\">Feria de Ferias 2025<\/strong> se celebrar\u00e1 del <strong data-start=\"762\" data-end=\"798\">23 de octubre al 17 de noviembre<\/strong>, con m\u00e1s de 400 actividades, de las cuales el 96 por ciento ser\u00e1n gratuitas. Este a\u00f1o, la festividad tendr\u00e1 como eje tem\u00e1tico el <strong data-start=\"928\" data-end=\"946\">D\u00eda de Muertos<\/strong>, buscando <strong>fortalecer la identidad cultural del estado<\/strong> a trav\u00e9s de expresiones art\u00edsticas y comunitarias.<\/p>\n<p data-start=\"1055\" data-end=\"1350\">El desfile inaugural se realizar\u00e1 el <strong data-start=\"1092\" data-end=\"1109\">24 de octubre<\/strong>, con la participaci\u00f3n de <strong>m\u00e1s de 70 contingentes y 3 mil personas<\/strong>. Cada grupo mostrar\u00e1 elementos tradicionales de la<strong> celebraci\u00f3n mexicana, con carros aleg\u00f3ricos, m\u00fasica y disfraces<\/strong> inspirados en la memoria y el colorido del D\u00eda de Muertos.<\/p>\n<p data-start=\"1055\" data-end=\"1350\"><img decoding=\"async\" class=\"alignnone size-medium wp-image-4211\" src=\"https:\/\/grupohoymexico.com\/tlaxcala\/wp-content\/uploads\/sites\/4\/2025\/10\/527676639_1160935336079788_6806540159880191056_n-300x98.jpg\" alt=\"\" width=\"300\" height=\"98\" srcset=\"https:\/\/grupohoymexico.com\/tlaxcala\/wp-content\/uploads\/sites\/4\/2025\/10\/527676639_1160935336079788_6806540159880191056_n-300x98.jpg 300w, https:\/\/grupohoymexico.com\/tlaxcala\/wp-content\/uploads\/sites\/4\/2025\/10\/527676639_1160935336079788_6806540159880191056_n-1024x334.jpg 1024w, https:\/\/grupohoymexico.com\/tlaxcala\/wp-content\/uploads\/sites\/4\/2025\/10\/527676639_1160935336079788_6806540159880191056_n-768x251.jpg 768w, https:\/\/grupohoymexico.com\/tlaxcala\/wp-content\/uploads\/sites\/4\/2025\/10\/527676639_1160935336079788_6806540159880191056_n-1536x501.jpg 1536w, https:\/\/grupohoymexico.com\/tlaxcala\/wp-content\/uploads\/sites\/4\/2025\/10\/527676639_1160935336079788_6806540159880191056_n-332x108.jpg 332w, https:\/\/grupohoymexico.com\/tlaxcala\/wp-content\/uploads\/sites\/4\/2025\/10\/527676639_1160935336079788_6806540159880191056_n-664x217.jpg 664w, https:\/\/grupohoymexico.com\/tlaxcala\/wp-content\/uploads\/sites\/4\/2025\/10\/527676639_1160935336079788_6806540159880191056_n-688x224.jpg 688w, https:\/\/grupohoymexico.com\/tlaxcala\/wp-content\/uploads\/sites\/4\/2025\/10\/527676639_1160935336079788_6806540159880191056_n-1044x341.jpg 1044w, https:\/\/grupohoymexico.com\/tlaxcala\/wp-content\/uploads\/sites\/4\/2025\/10\/527676639_1160935336079788_6806540159880191056_n-1400x457.jpg 1400w, https:\/\/grupohoymexico.com\/tlaxcala\/wp-content\/uploads\/sites\/4\/2025\/10\/527676639_1160935336079788_6806540159880191056_n-1920x626.jpg 1920w, https:\/\/grupohoymexico.com\/tlaxcala\/wp-content\/uploads\/sites\/4\/2025\/10\/527676639_1160935336079788_6806540159880191056_n.jpg 2048w\" sizes=\"(max-width: 300px) 100vw, 300px\" \/><\/p>\n<h3 data-start=\"1357\" data-end=\"1421\"><strong data-start=\"1361\" data-end=\"1419\">Concursos que unen tradici\u00f3n y participaci\u00f3n ciudadana<\/strong><\/h3>\n<p data-start=\"1423\" data-end=\"1657\">Entre las actividades destacadas se encuentran tres concursos emblem\u00e1ticos: el <strong data-start=\"1502\" data-end=\"1514\">de gateo<\/strong>, el <strong data-start=\"1519\" data-end=\"1551\">nacional \u201cAl Son del Danz\u00f3n\u201d<\/strong> y la <strong data-start=\"1557\" data-end=\"1580\">carrera de botargas<\/strong>, que promueven la convivencia familiar y la participaci\u00f3n de la comunidad.<\/p>\n<p data-start=\"1659\" data-end=\"1846\">El <strong data-start=\"1662\" data-end=\"1683\">concurso de gateo<\/strong> se llevar\u00e1 a cabo el <strong data-start=\"1705\" data-end=\"1724\">10 de noviembre<\/strong> en el Centro de Convenciones, con dos categor\u00edas de beb\u00e9s de 8 a 12 meses. Los premios ir\u00e1n de <strong data-start=\"1820\" data-end=\"1843\">1,500 a 2,500 pesos<\/strong>.<\/p>\n<p data-start=\"1848\" data-end=\"2055\">El <strong data-start=\"1851\" data-end=\"1882\">concurso nacional de danz\u00f3n<\/strong> se realizar\u00e1 el <strong data-start=\"1899\" data-end=\"1917\">9 de noviembre<\/strong> en el Teatro del Pueblo y reunir\u00e1 a parejas mayores de 50 a\u00f1os de todo el pa\u00eds. Los ganadores recibir\u00e1n entre <strong data-start=\"2028\" data-end=\"2052\">3,000 y 10,000 pesos<\/strong>.<\/p>\n<p data-start=\"2057\" data-end=\"2244\">Por su parte, la <strong data-start=\"2074\" data-end=\"2097\">carrera de botargas<\/strong>, en su segunda edici\u00f3n, tendr\u00e1 lugar el <strong data-start=\"2138\" data-end=\"2157\">12 de noviembre<\/strong> en el Lienzo Charro, con premios que incluyen <strong data-start=\"2204\" data-end=\"2241\">efectivo y art\u00edculos electr\u00f3nicos<\/strong>.<\/p>\n<p data-start=\"2057\" data-end=\"2244\"><img fetchpriority=\"high\" decoding=\"async\" class=\"alignnone size-medium wp-image-4212\" src=\"https:\/\/grupohoymexico.com\/tlaxcala\/wp-content\/uploads\/sites\/4\/2025\/10\/550897907_17945788656018407_2632281479687604839_n-240x300.jpg\" alt=\"\" width=\"240\" height=\"300\" srcset=\"https:\/\/grupohoymexico.com\/tlaxcala\/wp-content\/uploads\/sites\/4\/2025\/10\/550897907_17945788656018407_2632281479687604839_n-240x300.jpg 240w, https:\/\/grupohoymexico.com\/tlaxcala\/wp-content\/uploads\/sites\/4\/2025\/10\/550897907_17945788656018407_2632281479687604839_n-820x1024.jpg 820w, https:\/\/grupohoymexico.com\/tlaxcala\/wp-content\/uploads\/sites\/4\/2025\/10\/550897907_17945788656018407_2632281479687604839_n-768x959.jpg 768w, https:\/\/grupohoymexico.com\/tlaxcala\/wp-content\/uploads\/sites\/4\/2025\/10\/550897907_17945788656018407_2632281479687604839_n-1229x1536.jpg 1229w, https:\/\/grupohoymexico.com\/tlaxcala\/wp-content\/uploads\/sites\/4\/2025\/10\/550897907_17945788656018407_2632281479687604839_n-332x415.jpg 332w, https:\/\/grupohoymexico.com\/tlaxcala\/wp-content\/uploads\/sites\/4\/2025\/10\/550897907_17945788656018407_2632281479687604839_n-664x830.jpg 664w, https:\/\/grupohoymexico.com\/tlaxcala\/wp-content\/uploads\/sites\/4\/2025\/10\/550897907_17945788656018407_2632281479687604839_n-688x860.jpg 688w, https:\/\/grupohoymexico.com\/tlaxcala\/wp-content\/uploads\/sites\/4\/2025\/10\/550897907_17945788656018407_2632281479687604839_n-1044x1304.jpg 1044w, https:\/\/grupohoymexico.com\/tlaxcala\/wp-content\/uploads\/sites\/4\/2025\/10\/550897907_17945788656018407_2632281479687604839_n-1400x1749.jpg 1400w, https:\/\/grupohoymexico.com\/tlaxcala\/wp-content\/uploads\/sites\/4\/2025\/10\/550897907_17945788656018407_2632281479687604839_n.jpg 1440w\" sizes=\"(max-width: 240px) 100vw, 240px\" \/> <img decoding=\"async\" class=\"alignnone size-medium wp-image-4213\" src=\"https:\/\/grupohoymexico.com\/tlaxcala\/wp-content\/uploads\/sites\/4\/2025\/10\/550343255_17945811591018407_4217925529012070742_n-240x300.jpg\" alt=\"\" width=\"240\" height=\"300\" srcset=\"https:\/\/grupohoymexico.com\/tlaxcala\/wp-content\/uploads\/sites\/4\/2025\/10\/550343255_17945811591018407_4217925529012070742_n-240x300.jpg 240w, https:\/\/grupohoymexico.com\/tlaxcala\/wp-content\/uploads\/sites\/4\/2025\/10\/550343255_17945811591018407_4217925529012070742_n-820x1024.jpg 820w, https:\/\/grupohoymexico.com\/tlaxcala\/wp-content\/uploads\/sites\/4\/2025\/10\/550343255_17945811591018407_4217925529012070742_n-768x959.jpg 768w, https:\/\/grupohoymexico.com\/tlaxcala\/wp-content\/uploads\/sites\/4\/2025\/10\/550343255_17945811591018407_4217925529012070742_n-1229x1536.jpg 1229w, https:\/\/grupohoymexico.com\/tlaxcala\/wp-content\/uploads\/sites\/4\/2025\/10\/550343255_17945811591018407_4217925529012070742_n-332x415.jpg 332w, https:\/\/grupohoymexico.com\/tlaxcala\/wp-content\/uploads\/sites\/4\/2025\/10\/550343255_17945811591018407_4217925529012070742_n-664x830.jpg 664w, https:\/\/grupohoymexico.com\/tlaxcala\/wp-content\/uploads\/sites\/4\/2025\/10\/550343255_17945811591018407_4217925529012070742_n-688x860.jpg 688w, https:\/\/grupohoymexico.com\/tlaxcala\/wp-content\/uploads\/sites\/4\/2025\/10\/550343255_17945811591018407_4217925529012070742_n-1044x1304.jpg 1044w, https:\/\/grupohoymexico.com\/tlaxcala\/wp-content\/uploads\/sites\/4\/2025\/10\/550343255_17945811591018407_4217925529012070742_n-1400x1749.jpg 1400w, https:\/\/grupohoymexico.com\/tlaxcala\/wp-content\/uploads\/sites\/4\/2025\/10\/550343255_17945811591018407_4217925529012070742_n.jpg 1440w\" sizes=\"(max-width: 240px) 100vw, 240px\" \/> <img loading=\"lazy\" decoding=\"async\" class=\"alignnone size-medium wp-image-4214\" src=\"https:\/\/grupohoymexico.com\/tlaxcala\/wp-content\/uploads\/sites\/4\/2025\/10\/551634829_17945791842018407_1239396208199067453_n-240x300.jpg\" alt=\"\" width=\"240\" height=\"300\" srcset=\"https:\/\/grupohoymexico.com\/tlaxcala\/wp-content\/uploads\/sites\/4\/2025\/10\/551634829_17945791842018407_1239396208199067453_n-240x300.jpg 240w, https:\/\/grupohoymexico.com\/tlaxcala\/wp-content\/uploads\/sites\/4\/2025\/10\/551634829_17945791842018407_1239396208199067453_n-820x1024.jpg 820w, https:\/\/grupohoymexico.com\/tlaxcala\/wp-content\/uploads\/sites\/4\/2025\/10\/551634829_17945791842018407_1239396208199067453_n-768x959.jpg 768w, https:\/\/grupohoymexico.com\/tlaxcala\/wp-content\/uploads\/sites\/4\/2025\/10\/551634829_17945791842018407_1239396208199067453_n-1229x1536.jpg 1229w, https:\/\/grupohoymexico.com\/tlaxcala\/wp-content\/uploads\/sites\/4\/2025\/10\/551634829_17945791842018407_1239396208199067453_n-332x415.jpg 332w, https:\/\/grupohoymexico.com\/tlaxcala\/wp-content\/uploads\/sites\/4\/2025\/10\/551634829_17945791842018407_1239396208199067453_n-664x830.jpg 664w, https:\/\/grupohoymexico.com\/tlaxcala\/wp-content\/uploads\/sites\/4\/2025\/10\/551634829_17945791842018407_1239396208199067453_n-688x860.jpg 688w, https:\/\/grupohoymexico.com\/tlaxcala\/wp-content\/uploads\/sites\/4\/2025\/10\/551634829_17945791842018407_1239396208199067453_n-1044x1304.jpg 1044w, https:\/\/grupohoymexico.com\/tlaxcala\/wp-content\/uploads\/sites\/4\/2025\/10\/551634829_17945791842018407_1239396208199067453_n-1400x1749.jpg 1400w, https:\/\/grupohoymexico.com\/tlaxcala\/wp-content\/uploads\/sites\/4\/2025\/10\/551634829_17945791842018407_1239396208199067453_n.jpg 1440w\" sizes=\"(max-width: 240px) 100vw, 240px\" \/><\/p>\n<h3><strong data-start=\"2255\" data-end=\"2297\">Ofrendas, catrinas y carros aleg\u00f3ricos<\/strong><\/h3>\n<p data-start=\"2301\" data-end=\"2576\">El <strong data-start=\"2304\" data-end=\"2336\">Concurso Estatal de Ofrendas<\/strong>, con m\u00e1s de cuatro d\u00e9cadas de historia, se celebrar\u00e1 el <strong data-start=\"2393\" data-end=\"2411\">1 de noviembre<\/strong> en el Teatro del Pueblo. Las exhibiciones permanecer\u00e1n abiertas al p\u00fablico del <strong data-start=\"2491\" data-end=\"2526\">29 de octubre al 2 de noviembre<\/strong>, con premios que alcanzan los <strong data-start=\"2557\" data-end=\"2573\">12 mil pesos<\/strong>.<\/p>\n<p data-start=\"2578\" data-end=\"2782\">Adem\u00e1s, el tradicional <strong data-start=\"2601\" data-end=\"2625\">concurso de Catrinas<\/strong> se realizar\u00e1 el <strong data-start=\"2642\" data-end=\"2660\">3 de noviembre<\/strong>, acompa\u00f1ado de una caminata nocturna que recorrer\u00e1 las principales calles del centro hist\u00f3rico hasta el recinto ferial.<\/p>\n<p data-start=\"2784\" data-end=\"2951\">El acceso general al recinto tendr\u00e1 un costo de <strong data-start=\"2832\" data-end=\"2844\">10 pesos<\/strong>, mientras que <strong data-start=\"2859\" data-end=\"2913\">ni\u00f1os, adultos mayores y personas con discapacidad<\/strong> podr\u00e1n ingresar de manera gratuita.<\/p>\n","protected":false},"excerpt":{"rendered":"La Tlaxcala Feria de Ferias 2025 se celebrar\u00e1 del 23 de octubre al 17 de noviembre, con m\u00e1s&hellip;","protected":false},"author":1,"featured_media":4216,"comment_status":"open","ping_status":"open","sticky":false,"template":"","format":"standard","meta":{"csco_display_header_overlay":false,"csco_singular_sidebar":"","csco_page_header_type":"","csco_page_load_nextpost":"","csco_post_video_location":[],"csco_post_video_location_hash":"","csco_post_video_url":"","csco_post_video_bg_start_time":0,"csco_post_video_bg_end_time":0,"footnotes":""},"categories":[343,339],"tags":[946,1550,2121,229,931],"class_list":{"0":"post-4210","1":"post","2":"type-post","3":"status-publish","4":"format-standard","5":"has-post-thumbnail","7":"category-cultura","8":"category-entretenimiento","9":"tag-cultura","10":"tag-entretenimiento","11":"tag-feria-de-ferias-2025","12":"tag-tlaxcala","13":"tag-turismo","14":"cs-entry","15":"cs-video-wrap"},"yoast_head":"<!-- This site is optimized with the Yoast SEO Premium plugin v24.7 (Yoast SEO v27.4) - https:\/\/yoast.com\/product\/yoast-seo-premium-wordpress\/ -->\n<title>Tlaxcala Feria de Ferias 2025: tradici\u00f3n, cultura y diversi\u00f3n - Tlaxcala Hoy<\/title>\n<meta name=\"description\" content=\"La Feria de Ferias Tlaxcala 2025 se celebrar\u00e1 del 23 de octubre al 17 de noviembre, con m\u00e1s de 400 actividades, desfiles y concursos.\" \/>\n<meta name=\"robots\" content=\"index, follow, max-snippet:-1, max-image-preview:large, max-video-preview:-1\" \/>\n<link rel=\"canonical\" href=\"https:\/\/grupohoymexico.com\/tlaxcala\/cultura\/tlaxcala-feria-de-ferias-2025-tradicion-cultura-y-diversion\/\" \/>\n<meta property=\"og:locale\" content=\"es_MX\" \/>\n<meta property=\"og:type\" content=\"article\" \/>\n<meta property=\"og:title\" content=\"Tlaxcala Feria de Ferias 2025: tradici\u00f3n, cultura y diversi\u00f3n\" \/>\n<meta property=\"og:description\" content=\"La Feria de Ferias Tlaxcala 2025 se celebrar\u00e1 del 23 de octubre al 17 de noviembre, con m\u00e1s de 400 actividades, desfiles y concursos.\" \/>\n<meta property=\"og:url\" content=\"https:\/\/grupohoymexico.com\/tlaxcala\/cultura\/tlaxcala-feria-de-ferias-2025-tradicion-cultura-y-diversion\/\" \/>\n<meta property=\"og:site_name\" content=\"Tlaxcala Hoy\" \/>\n<meta property=\"article:published_time\" content=\"2025-10-18T10:00:29+00:00\" \/>\n<meta property=\"og:image\" content=\"https:\/\/grupohoymexico.com\/tlaxcala\/wp-content\/uploads\/sites\/4\/2025\/10\/GH_1_Tlaxcala_abre_las_puertas_a_su_Feria_de_Ferias_2025_copia.webp\" \/>\n\t<meta property=\"og:image:width\" content=\"1201\" \/>\n\t<meta property=\"og:image:height\" content=\"639\" \/>\n\t<meta property=\"og:image:type\" content=\"image\/webp\" \/>\n<meta name=\"author\" content=\"user\" \/>\n<meta name=\"twitter:card\" content=\"summary_large_image\" \/>\n<meta name=\"twitter:label1\" content=\"Escrito por\" \/>\n\t<meta name=\"twitter:data1\" content=\"user\" \/>\n\t<meta name=\"twitter:label2\" content=\"Tiempo de lectura\" \/>\n\t<meta name=\"twitter:data2\" content=\"3 minutos\" \/>\n<script type=\"application\/ld+json\" class=\"yoast-schema-graph\">{\"@context\":\"https:\\\/\\\/schema.org\",\"@graph\":[{\"@type\":\"Article\",\"@id\":\"https:\\\/\\\/grupohoymexico.com\\\/tlaxcala\\\/cultura\\\/tlaxcala-feria-de-ferias-2025-tradicion-cultura-y-diversion\\\/#article\",\"isPartOf\":{\"@id\":\"https:\\\/\\\/grupohoymexico.com\\\/tlaxcala\\\/cultura\\\/tlaxcala-feria-de-ferias-2025-tradicion-cultura-y-diversion\\\/\"},\"author\":{\"name\":\"user\",\"@id\":\"https:\\\/\\\/grupohoymexico.com\\\/tlaxcala\\\/#\\\/schema\\\/person\\\/ce6086ac837852775a3a4f539356c297\"},\"headline\":\"Tlaxcala Feria de Ferias 2025: tradici\u00f3n, cultura y diversi\u00f3n\",\"datePublished\":\"2025-10-18T10:00:29+00:00\",\"mainEntityOfPage\":{\"@id\":\"https:\\\/\\\/grupohoymexico.com\\\/tlaxcala\\\/cultura\\\/tlaxcala-feria-de-ferias-2025-tradicion-cultura-y-diversion\\\/\"},\"wordCount\":372,\"commentCount\":0,\"image\":{\"@id\":\"https:\\\/\\\/grupohoymexico.com\\\/tlaxcala\\\/cultura\\\/tlaxcala-feria-de-ferias-2025-tradicion-cultura-y-diversion\\\/#primaryimage\"},\"thumbnailUrl\":\"https:\\\/\\\/grupohoymexico.com\\\/tlaxcala\\\/wp-content\\\/uploads\\\/sites\\\/4\\\/2025\\\/10\\\/GH_1_Tlaxcala_abre_las_puertas_a_su_Feria_de_Ferias_2025_copia.webp\",\"keywords\":[\"cultura\",\"Entretenimiento\",\"Feria de Ferias 2025\",\"Tlaxcala\",\"Turismo\"],\"articleSection\":[\"Cultura\",\"Entretenimiento\"],\"inLanguage\":\"es\",\"potentialAction\":[{\"@type\":\"CommentAction\",\"name\":\"Comment\",\"target\":[\"https:\\\/\\\/grupohoymexico.com\\\/tlaxcala\\\/cultura\\\/tlaxcala-feria-de-ferias-2025-tradicion-cultura-y-diversion\\\/#respond\"]}]},{\"@type\":\"WebPage\",\"@id\":\"https:\\\/\\\/grupohoymexico.com\\\/tlaxcala\\\/cultura\\\/tlaxcala-feria-de-ferias-2025-tradicion-cultura-y-diversion\\\/\",\"url\":\"https:\\\/\\\/grupohoymexico.com\\\/tlaxcala\\\/cultura\\\/tlaxcala-feria-de-ferias-2025-tradicion-cultura-y-diversion\\\/\",\"name\":\"Tlaxcala Feria de Ferias 2025: tradici\u00f3n, cultura y diversi\u00f3n - Tlaxcala Hoy\",\"isPartOf\":{\"@id\":\"https:\\\/\\\/grupohoymexico.com\\\/tlaxcala\\\/#website\"},\"primaryImageOfPage\":{\"@id\":\"https:\\\/\\\/grupohoymexico.com\\\/tlaxcala\\\/cultura\\\/tlaxcala-feria-de-ferias-2025-tradicion-cultura-y-diversion\\\/#primaryimage\"},\"image\":{\"@id\":\"https:\\\/\\\/grupohoymexico.com\\\/tlaxcala\\\/cultura\\\/tlaxcala-feria-de-ferias-2025-tradicion-cultura-y-diversion\\\/#primaryimage\"},\"thumbnailUrl\":\"https:\\\/\\\/grupohoymexico.com\\\/tlaxcala\\\/wp-content\\\/uploads\\\/sites\\\/4\\\/2025\\\/10\\\/GH_1_Tlaxcala_abre_las_puertas_a_su_Feria_de_Ferias_2025_copia.webp\",\"datePublished\":\"2025-10-18T10:00:29+00:00\",\"author\":{\"@id\":\"https:\\\/\\\/grupohoymexico.com\\\/tlaxcala\\\/#\\\/schema\\\/person\\\/ce6086ac837852775a3a4f539356c297\"},\"description\":\"La Feria de Ferias Tlaxcala 2025 se celebrar\u00e1 del 23 de octubre al 17 de noviembre, con m\u00e1s de 400 actividades, desfiles y concursos.\",\"breadcrumb\":{\"@id\":\"https:\\\/\\\/grupohoymexico.com\\\/tlaxcala\\\/cultura\\\/tlaxcala-feria-de-ferias-2025-tradicion-cultura-y-diversion\\\/#breadcrumb\"},\"inLanguage\":\"es\",\"potentialAction\":[{\"@type\":\"ReadAction\",\"target\":[\"https:\\\/\\\/grupohoymexico.com\\\/tlaxcala\\\/cultura\\\/tlaxcala-feria-de-ferias-2025-tradicion-cultura-y-diversion\\\/\"]}]},{\"@type\":\"ImageObject\",\"inLanguage\":\"es\",\"@id\":\"https:\\\/\\\/grupohoymexico.com\\\/tlaxcala\\\/cultura\\\/tlaxcala-feria-de-ferias-2025-tradicion-cultura-y-diversion\\\/#primaryimage\",\"url\":\"https:\\\/\\\/grupohoymexico.com\\\/tlaxcala\\\/wp-content\\\/uploads\\\/sites\\\/4\\\/2025\\\/10\\\/GH_1_Tlaxcala_abre_las_puertas_a_su_Feria_de_Ferias_2025_copia.webp\",\"contentUrl\":\"https:\\\/\\\/grupohoymexico.com\\\/tlaxcala\\\/wp-content\\\/uploads\\\/sites\\\/4\\\/2025\\\/10\\\/GH_1_Tlaxcala_abre_las_puertas_a_su_Feria_de_Ferias_2025_copia.webp\",\"width\":1201,\"height\":639,\"caption\":\"La Feria de Ferias Tlaxcala 2025 se celebrar\u00e1 del 23 de octubre al 17 de noviembre, con m\u00e1s de 400 actividades, desfiles y concursos.\"},{\"@type\":\"BreadcrumbList\",\"@id\":\"https:\\\/\\\/grupohoymexico.com\\\/tlaxcala\\\/cultura\\\/tlaxcala-feria-de-ferias-2025-tradicion-cultura-y-diversion\\\/#breadcrumb\",\"itemListElement\":[{\"@type\":\"ListItem\",\"position\":1,\"name\":\"Inicio\",\"item\":\"https:\\\/\\\/grupohoymexico.com\\\/tlaxcala\\\/\"},{\"@type\":\"ListItem\",\"position\":2,\"name\":\"Tlaxcala Feria de Ferias 2025: tradici\u00f3n, cultura y diversi\u00f3n\"}]},{\"@type\":\"WebSite\",\"@id\":\"https:\\\/\\\/grupohoymexico.com\\\/tlaxcala\\\/#website\",\"url\":\"https:\\\/\\\/grupohoymexico.com\\\/tlaxcala\\\/\",\"name\":\"Tlaxcala Hoy\",\"description\":\"El alma de la naci\u00f3n\",\"potentialAction\":[{\"@type\":\"SearchAction\",\"target\":{\"@type\":\"EntryPoint\",\"urlTemplate\":\"https:\\\/\\\/grupohoymexico.com\\\/tlaxcala\\\/?s={search_term_string}\"},\"query-input\":{\"@type\":\"PropertyValueSpecification\",\"valueRequired\":true,\"valueName\":\"search_term_string\"}}],\"inLanguage\":\"es\"},{\"@type\":\"Person\",\"@id\":\"https:\\\/\\\/grupohoymexico.com\\\/tlaxcala\\\/#\\\/schema\\\/person\\\/ce6086ac837852775a3a4f539356c297\",\"name\":\"user\",\"image\":{\"@type\":\"ImageObject\",\"inLanguage\":\"es\",\"@id\":\"https:\\\/\\\/secure.gravatar.com\\\/avatar\\\/25f78de4fa956f6f7c01f8d96f8087d8958ebe06d57e630cd54e36aefb9dacea?s=96&d=mm&r=g\",\"url\":\"https:\\\/\\\/secure.gravatar.com\\\/avatar\\\/25f78de4fa956f6f7c01f8d96f8087d8958ebe06d57e630cd54e36aefb9dacea?s=96&d=mm&r=g\",\"contentUrl\":\"https:\\\/\\\/secure.gravatar.com\\\/avatar\\\/25f78de4fa956f6f7c01f8d96f8087d8958ebe06d57e630cd54e36aefb9dacea?s=96&d=mm&r=g\",\"caption\":\"user\"},\"sameAs\":[\"http:\\\/\\\/44.197.188.197.nip.io\"],\"url\":\"https:\\\/\\\/grupohoymexico.com\\\/tlaxcala\\\/author\\\/user\\\/\"}]}<\/script>\n<!-- \/ Yoast SEO Premium plugin. -->","yoast_head_json":{"title":"Tlaxcala Feria de Ferias 2025: tradici\u00f3n, cultura y diversi\u00f3n - Tlaxcala Hoy","description":"La Feria de Ferias Tlaxcala 2025 se celebrar\u00e1 del 23 de octubre al 17 de noviembre, con m\u00e1s de 400 actividades, desfiles y concursos.","robots":{"index":"index","follow":"follow","max-snippet":"max-snippet:-1","max-image-preview":"max-image-preview:large","max-video-preview":"max-video-preview:-1"},"canonical":"https:\/\/grupohoymexico.com\/tlaxcala\/cultura\/tlaxcala-feria-de-ferias-2025-tradicion-cultura-y-diversion\/","og_locale":"es_MX","og_type":"article","og_title":"Tlaxcala Feria de Ferias 2025: tradici\u00f3n, cultura y diversi\u00f3n","og_description":"La Feria de Ferias Tlaxcala 2025 se celebrar\u00e1 del 23 de octubre al 17 de noviembre, con m\u00e1s de 400 actividades, desfiles y concursos.","og_url":"https:\/\/grupohoymexico.com\/tlaxcala\/cultura\/tlaxcala-feria-de-ferias-2025-tradicion-cultura-y-diversion\/","og_site_name":"Tlaxcala Hoy","article_published_time":"2025-10-18T10:00:29+00:00","og_image":[{"width":1201,"height":639,"url":"https:\/\/grupohoymexico.com\/tlaxcala\/wp-content\/uploads\/sites\/4\/2025\/10\/GH_1_Tlaxcala_abre_las_puertas_a_su_Feria_de_Ferias_2025_copia.webp","type":"image\/webp"}],"author":"user","twitter_card":"summary_large_image","twitter_misc":{"Escrito por":"user","Tiempo de lectura":"3 minutos"},"schema":{"@context":"https:\/\/schema.org","@graph":[{"@type":"Article","@id":"https:\/\/grupohoymexico.com\/tlaxcala\/cultura\/tlaxcala-feria-de-ferias-2025-tradicion-cultura-y-diversion\/#article","isPartOf":{"@id":"https:\/\/grupohoymexico.com\/tlaxcala\/cultura\/tlaxcala-feria-de-ferias-2025-tradicion-cultura-y-diversion\/"},"author":{"name":"user","@id":"https:\/\/grupohoymexico.com\/tlaxcala\/#\/schema\/person\/ce6086ac837852775a3a4f539356c297"},"headline":"Tlaxcala Feria de Ferias 2025: tradici\u00f3n, cultura y diversi\u00f3n","datePublished":"2025-10-18T10:00:29+00:00","mainEntityOfPage":{"@id":"https:\/\/grupohoymexico.com\/tlaxcala\/cultura\/tlaxcala-feria-de-ferias-2025-tradicion-cultura-y-diversion\/"},"wordCount":372,"commentCount":0,"image":{"@id":"https:\/\/grupohoymexico.com\/tlaxcala\/cultura\/tlaxcala-feria-de-ferias-2025-tradicion-cultura-y-diversion\/#primaryimage"},"thumbnailUrl":"https:\/\/grupohoymexico.com\/tlaxcala\/wp-content\/uploads\/sites\/4\/2025\/10\/GH_1_Tlaxcala_abre_las_puertas_a_su_Feria_de_Ferias_2025_copia.webp","keywords":["cultura","Entretenimiento","Feria de Ferias 2025","Tlaxcala","Turismo"],"articleSection":["Cultura","Entretenimiento"],"inLanguage":"es","potentialAction":[{"@type":"CommentAction","name":"Comment","target":["https:\/\/grupohoymexico.com\/tlaxcala\/cultura\/tlaxcala-feria-de-ferias-2025-tradicion-cultura-y-diversion\/#respond"]}]},{"@type":"WebPage","@id":"https:\/\/grupohoymexico.com\/tlaxcala\/cultura\/tlaxcala-feria-de-ferias-2025-tradicion-cultura-y-diversion\/","url":"https:\/\/grupohoymexico.com\/tlaxcala\/cultura\/tlaxcala-feria-de-ferias-2025-tradicion-cultura-y-diversion\/","name":"Tlaxcala Feria de Ferias 2025: tradici\u00f3n, cultura y diversi\u00f3n - Tlaxcala Hoy","isPartOf":{"@id":"https:\/\/grupohoymexico.com\/tlaxcala\/#website"},"primaryImageOfPage":{"@id":"https:\/\/grupohoymexico.com\/tlaxcala\/cultura\/tlaxcala-feria-de-ferias-2025-tradicion-cultura-y-diversion\/#primaryimage"},"image":{"@id":"https:\/\/grupohoymexico.com\/tlaxcala\/cultura\/tlaxcala-feria-de-ferias-2025-tradicion-cultura-y-diversion\/#primaryimage"},"thumbnailUrl":"https:\/\/grupohoymexico.com\/tlaxcala\/wp-content\/uploads\/sites\/4\/2025\/10\/GH_1_Tlaxcala_abre_las_puertas_a_su_Feria_de_Ferias_2025_copia.webp","datePublished":"2025-10-18T10:00:29+00:00","author":{"@id":"https:\/\/grupohoymexico.com\/tlaxcala\/#\/schema\/person\/ce6086ac837852775a3a4f539356c297"},"description":"La Feria de Ferias Tlaxcala 2025 se celebrar\u00e1 del 23 de octubre al 17 de noviembre, con m\u00e1s de 400 actividades, desfiles y concursos.","breadcrumb":{"@id":"https:\/\/grupohoymexico.com\/tlaxcala\/cultura\/tlaxcala-feria-de-ferias-2025-tradicion-cultura-y-diversion\/#breadcrumb"},"inLanguage":"es","potentialAction":[{"@type":"ReadAction","target":["https:\/\/grupohoymexico.com\/tlaxcala\/cultura\/tlaxcala-feria-de-ferias-2025-tradicion-cultura-y-diversion\/"]}]},{"@type":"ImageObject","inLanguage":"es","@id":"https:\/\/grupohoymexico.com\/tlaxcala\/cultura\/tlaxcala-feria-de-ferias-2025-tradicion-cultura-y-diversion\/#primaryimage","url":"https:\/\/grupohoymexico.com\/tlaxcala\/wp-content\/uploads\/sites\/4\/2025\/10\/GH_1_Tlaxcala_abre_las_puertas_a_su_Feria_de_Ferias_2025_copia.webp","contentUrl":"https:\/\/grupohoymexico.com\/tlaxcala\/wp-content\/uploads\/sites\/4\/2025\/10\/GH_1_Tlaxcala_abre_las_puertas_a_su_Feria_de_Ferias_2025_copia.webp","width":1201,"height":639,"caption":"La Feria de Ferias Tlaxcala 2025 se celebrar\u00e1 del 23 de octubre al 17 de noviembre, con m\u00e1s de 400 actividades, desfiles y concursos."},{"@type":"BreadcrumbList","@id":"https:\/\/grupohoymexico.com\/tlaxcala\/cultura\/tlaxcala-feria-de-ferias-2025-tradicion-cultura-y-diversion\/#breadcrumb","itemListElement":[{"@type":"ListItem","position":1,"name":"Inicio","item":"https:\/\/grupohoymexico.com\/tlaxcala\/"},{"@type":"ListItem","position":2,"name":"Tlaxcala Feria de Ferias 2025: tradici\u00f3n, cultura y diversi\u00f3n"}]},{"@type":"WebSite","@id":"https:\/\/grupohoymexico.com\/tlaxcala\/#website","url":"https:\/\/grupohoymexico.com\/tlaxcala\/","name":"Tlaxcala Hoy","description":"El alma de la naci\u00f3n","potentialAction":[{"@type":"SearchAction","target":{"@type":"EntryPoint","urlTemplate":"https:\/\/grupohoymexico.com\/tlaxcala\/?s={search_term_string}"},"query-input":{"@type":"PropertyValueSpecification","valueRequired":true,"valueName":"search_term_string"}}],"inLanguage":"es"},{"@type":"Person","@id":"https:\/\/grupohoymexico.com\/tlaxcala\/#\/schema\/person\/ce6086ac837852775a3a4f539356c297","name":"user","image":{"@type":"ImageObject","inLanguage":"es","@id":"https:\/\/secure.gravatar.com\/avatar\/25f78de4fa956f6f7c01f8d96f8087d8958ebe06d57e630cd54e36aefb9dacea?s=96&d=mm&r=g","url":"https:\/\/secure.gravatar.com\/avatar\/25f78de4fa956f6f7c01f8d96f8087d8958ebe06d57e630cd54e36aefb9dacea?s=96&d=mm&r=g","contentUrl":"https:\/\/secure.gravatar.com\/avatar\/25f78de4fa956f6f7c01f8d96f8087d8958ebe06d57e630cd54e36aefb9dacea?s=96&d=mm&r=g","caption":"user"},"sameAs":["http:\/\/44.197.188.197.nip.io"],"url":"https:\/\/grupohoymexico.com\/tlaxcala\/author\/user\/"}]}},"_links":{"self":[{"href":"https:\/\/grupohoymexico.com\/tlaxcala\/wp-json\/wp\/v2\/posts\/4210","targetHints":{"allow":["GET"]}}],"collection":[{"href":"https:\/\/grupohoymexico.com\/tlaxcala\/wp-json\/wp\/v2\/posts"}],"about":[{"href":"https:\/\/grupohoymexico.com\/tlaxcala\/wp-json\/wp\/v2\/types\/post"}],"author":[{"embeddable":true,"href":"https:\/\/grupohoymexico.com\/tlaxcala\/wp-json\/wp\/v2\/users\/1"}],"replies":[{"embeddable":true,"href":"https:\/\/grupohoymexico.com\/tlaxcala\/wp-json\/wp\/v2\/comments?post=4210"}],"version-history":[{"count":1,"href":"https:\/\/grupohoymexico.com\/tlaxcala\/wp-json\/wp\/v2\/posts\/4210\/revisions"}],"predecessor-version":[{"id":4215,"href":"https:\/\/grupohoymexico.com\/tlaxcala\/wp-json\/wp\/v2\/posts\/4210\/revisions\/4215"}],"wp:featuredmedia":[{"embeddable":true,"href":"https:\/\/grupohoymexico.com\/tlaxcala\/wp-json\/wp\/v2\/media\/4216"}],"wp:attachment":[{"href":"https:\/\/grupohoymexico.com\/tlaxcala\/wp-json\/wp\/v2\/media?parent=4210"}],"wp:term":[{"taxonomy":"category","embeddable":true,"href":"https:\/\/grupohoymexico.com\/tlaxcala\/wp-json\/wp\/v2\/categories?post=4210"},{"taxonomy":"post_tag","embeddable":true,"href":"https:\/\/grupohoymexico.com\/tlaxcala\/wp-json\/wp\/v2\/tags?post=4210"}],"curies":[{"name":"wp","href":"https:\/\/api.w.org\/{rel}","templated":true}]}}