{"id":3600,"date":"2025-07-10T20:08:01","date_gmt":"2025-07-10T20:08:01","guid":{"rendered":"https:\/\/grupohoymexico.com\/tlaxcala\/?p=3600"},"modified":"2025-07-10T20:08:01","modified_gmt":"2025-07-10T20:08:01","slug":"10-programas-para-ordenamiento-territorial-en-tlaxcala","status":"publish","type":"post","link":"https:\/\/grupohoymexico.com\/tlaxcala\/politico\/10-programas-para-ordenamiento-territorial-en-tlaxcala\/","title":{"rendered":"10 programas para ordenamiento territorial en Tlaxcala"},"content":{"rendered":"<p class=\"ds-markdown-paragraph\">La gobernadora <a href=\"https:\/\/www.facebook.com\/lorenacuellarcisneros\/?locale=es_LA\">Lorena Cu\u00e9llar Cisneros<\/a> puso en marcha este martes <strong>10 Programas Municipales de Ordenamiento Territorial y Desarrollo Urbano en Tlaxcala<\/strong>. El proyecto, que requiere una inversi\u00f3n conjunta de <strong>8 millones de pesos entre gobierno estatal y municipios<\/strong>, busca planificar el crecimiento urbano, garantizar certeza jur\u00eddica <strong>en construcciones<\/strong> y sentar las bases para futuras obras de infraestructura.<\/p>\n<p class=\"ds-markdown-paragraph\">Durante el acto celebrado en el <strong>Sal\u00f3n Rojo de Palacio de Gobierno<\/strong>, Cu\u00e9llar Cisneros destac\u00f3 que estos programas forman parte del legado de su administraci\u00f3n:<\/p>\n<blockquote>\n<p class=\"ds-markdown-paragraph\">&#8220;Significa abrir la posibilidad de recuperar recursos y realizar obras de alto impacto&#8221;, afirm\u00f3.<\/p>\n<\/blockquote>\n<p class=\"ds-markdown-paragraph\">Cada municipio participante <strong>destinar\u00e1 400 mil pesos<\/strong>, mientras el estado aporta el resto de los fondos.<\/p>\n<p><img fetchpriority=\"high\" decoding=\"async\" class=\"alignnone size-medium wp-image-3602\" src=\"https:\/\/grupohoymexico.com\/tlaxcala\/wp-content\/uploads\/sites\/4\/2025\/07\/516479202_1285284026296251_5635235203348616214_n-300x237.jpg\" alt=\"\" width=\"300\" height=\"237\" srcset=\"https:\/\/grupohoymexico.com\/tlaxcala\/wp-content\/uploads\/sites\/4\/2025\/07\/516479202_1285284026296251_5635235203348616214_n-300x237.jpg 300w, https:\/\/grupohoymexico.com\/tlaxcala\/wp-content\/uploads\/sites\/4\/2025\/07\/516479202_1285284026296251_5635235203348616214_n-1024x808.jpg 1024w, https:\/\/grupohoymexico.com\/tlaxcala\/wp-content\/uploads\/sites\/4\/2025\/07\/516479202_1285284026296251_5635235203348616214_n-768x606.jpg 768w, https:\/\/grupohoymexico.com\/tlaxcala\/wp-content\/uploads\/sites\/4\/2025\/07\/516479202_1285284026296251_5635235203348616214_n-332x262.jpg 332w, https:\/\/grupohoymexico.com\/tlaxcala\/wp-content\/uploads\/sites\/4\/2025\/07\/516479202_1285284026296251_5635235203348616214_n-664x524.jpg 664w, https:\/\/grupohoymexico.com\/tlaxcala\/wp-content\/uploads\/sites\/4\/2025\/07\/516479202_1285284026296251_5635235203348616214_n-688x543.jpg 688w, https:\/\/grupohoymexico.com\/tlaxcala\/wp-content\/uploads\/sites\/4\/2025\/07\/516479202_1285284026296251_5635235203348616214_n-1044x824.jpg 1044w, https:\/\/grupohoymexico.com\/tlaxcala\/wp-content\/uploads\/sites\/4\/2025\/07\/516479202_1285284026296251_5635235203348616214_n.jpg 1125w\" sizes=\"(max-width: 300px) 100vw, 300px\" \/><\/p>\n<h3 class=\"ds-markdown-paragraph\"><strong>Ciudades tem\u00e1ticas y desarrollo equilibrado en Tlaxcala<\/strong><\/h3>\n<p class=\"ds-markdown-paragraph\">\nLa estrategia incluye la creaci\u00f3n de <strong>11 ciudades tem\u00e1ticas<\/strong> distribuidas en el territorio:<\/p>\n<ul>\n<li>\n<p class=\"ds-markdown-paragraph\">Ciudad de la Salud<\/p>\n<\/li>\n<li>\n<p class=\"ds-markdown-paragraph\">Ciudad Deportiva (Apizaco)<\/p>\n<\/li>\n<li>\n<p class=\"ds-markdown-paragraph\">Ciudad del Abastecimiento (Huamantla)<\/p>\n<\/li>\n<li>\n<p class=\"ds-markdown-paragraph\">Ciudad Administrativa<\/p>\n<\/li>\n<li>\n<p class=\"ds-markdown-paragraph\">Espacios dedicados a juventud, mujeres y adultos mayores<\/p>\n<\/li>\n<\/ul>\n<p class=\"ds-markdown-paragraph\">Este modelo <strong>busca evitar la concentraci\u00f3n de servicios<\/strong> en zonas urbanas centrales y <strong>promover el desarrollo regional equilibrado<\/strong>. <a href=\"https:\/\/www.instagram.com\/dgtapiamx\/\">David Guerrero Tapia<\/a>, secretario de Ordenamiento Territorial, se\u00f1al\u00f3 que varios municipios operaban con planes urbanos obsoletos &#8211;<strong>algunos con 40 a\u00f1os de antig\u00fcedad<\/strong>&#8211; lo que limitaba el acceso a recursos federales.<\/p>\n<h3 class=\"ds-markdown-paragraph\"><strong>Participaci\u00f3n multisectorial<\/strong><\/h3>\n<p class=\"ds-markdown-paragraph\">\nEl Colegio de Tlaxcala (Coltlax) aportar\u00e1 especialistas en:<\/p>\n<ul>\n<li>\n<p class=\"ds-markdown-paragraph\">Urbanismo<\/p>\n<\/li>\n<li>\n<p class=\"ds-markdown-paragraph\">Pol\u00edticas p\u00fablicas<\/p>\n<\/li>\n<li>\n<p class=\"ds-markdown-paragraph\">Geograf\u00eda<\/p>\n<\/li>\n<li>\n<p class=\"ds-markdown-paragraph\">Finanzas municipales<\/p>\n<\/li>\n<\/ul>\n<p class=\"ds-markdown-paragraph\"><a href=\"https:\/\/www.instagram.com\/serafinrioselorza\/?hl=en\">Seraf\u00edn R\u00edos Elorza<\/a>, presidente del Coltlax, destac\u00f3 <strong>la coordinaci\u00f3n entre gobierno, municipios y academia<\/strong>. Mientras tanto, el alcalde de Tlaxcala, <a href=\"https:\/\/www.facebook.com\/alfonsosanchezgarcia.tlx\/\">Alfonso S\u00e1nchez Garc\u00eda<\/a>, enfatiz\u00f3 que este esfuerzo define <strong>&#8220;c\u00f3mo crecer\u00e1 el estado con responsabilidad&#8221;<\/strong>.<\/p>\n<p class=\"ds-markdown-paragraph\">La gobernadora concluy\u00f3 el evento <strong>firmando el acta declaratoria junto a funcionarios y alcaldes<\/strong>, marcando el inicio formal de los trabajos t\u00e9cnicos. Estos programas actualizar\u00e1n la planeaci\u00f3n urbana en municipios como <strong>Panotla, Totolac y Apetatitl\u00e1n<\/strong>, que se suman a otros siete que ya iniciaron procesos similares desde 2022.<\/p>\n","protected":false},"excerpt":{"rendered":"La gobernadora Lorena Cu\u00e9llar Cisneros puso en marcha este martes 10 Programas Municipales de Ordenamiento Territorial y Desarrollo&hellip;","protected":false},"author":1,"featured_media":3603,"comment_status":"open","ping_status":"open","sticky":false,"template":"","format":"standard","meta":{"csco_display_header_overlay":false,"csco_singular_sidebar":"","csco_page_header_type":"","csco_page_load_nextpost":"","csco_post_video_location":[],"csco_post_video_location_hash":"","csco_post_video_url":"","csco_post_video_bg_start_time":0,"csco_post_video_bg_end_time":0,"footnotes":""},"categories":[340],"tags":[282,1765,229],"class_list":{"0":"post-3600","1":"post","2":"type-post","3":"status-publish","4":"format-standard","5":"has-post-thumbnail","7":"category-politico","8":"tag-lorena-cuellar-cisneros","9":"tag-ordenamiento-territorial","10":"tag-tlaxcala","11":"cs-entry","12":"cs-video-wrap"},"yoast_head":"<!-- This site is optimized with the Yoast SEO Premium plugin v24.7 (Yoast SEO v27.4) - https:\/\/yoast.com\/product\/yoast-seo-premium-wordpress\/ -->\n<title>10 programas para ordenamiento territorial en Tlaxcala - Tlaxcala Hoy<\/title>\n<meta name=\"description\" content=\"La gobernadora Lorena Cu\u00e9llar inici\u00f3 10 programas de ordenamiento territorial en Tlaxcala, con inversi\u00f3n de 8 MDP.\" \/>\n<meta name=\"robots\" content=\"index, follow, max-snippet:-1, max-image-preview:large, max-video-preview:-1\" \/>\n<link rel=\"canonical\" href=\"https:\/\/grupohoymexico.com\/tlaxcala\/politico\/10-programas-para-ordenamiento-territorial-en-tlaxcala\/\" \/>\n<meta property=\"og:locale\" content=\"es_MX\" \/>\n<meta property=\"og:type\" content=\"article\" \/>\n<meta property=\"og:title\" content=\"10 programas para ordenamiento territorial en Tlaxcala\" \/>\n<meta property=\"og:description\" content=\"La gobernadora Lorena Cu\u00e9llar inici\u00f3 10 programas de ordenamiento territorial en Tlaxcala, con inversi\u00f3n de 8 MDP.\" \/>\n<meta property=\"og:url\" content=\"https:\/\/grupohoymexico.com\/tlaxcala\/politico\/10-programas-para-ordenamiento-territorial-en-tlaxcala\/\" \/>\n<meta property=\"og:site_name\" content=\"Tlaxcala Hoy\" \/>\n<meta property=\"article:published_time\" content=\"2025-07-10T20:08:01+00:00\" \/>\n<meta property=\"og:image\" content=\"https:\/\/grupohoymexico.com\/tlaxcala\/wp-content\/uploads\/sites\/4\/2025\/07\/5152357921106013802.jpg\" \/>\n\t<meta property=\"og:image:width\" content=\"1280\" \/>\n\t<meta property=\"og:image:height\" content=\"680\" \/>\n\t<meta property=\"og:image:type\" content=\"image\/jpeg\" \/>\n<meta name=\"author\" content=\"user\" \/>\n<meta name=\"twitter:card\" content=\"summary_large_image\" \/>\n<meta name=\"twitter:label1\" content=\"Escrito por\" \/>\n\t<meta name=\"twitter:data1\" content=\"user\" \/>\n\t<meta name=\"twitter:label2\" content=\"Tiempo de lectura\" \/>\n\t<meta name=\"twitter:data2\" content=\"2 minutos\" \/>\n<script type=\"application\/ld+json\" class=\"yoast-schema-graph\">{\"@context\":\"https:\\\/\\\/schema.org\",\"@graph\":[{\"@type\":\"Article\",\"@id\":\"https:\\\/\\\/grupohoymexico.com\\\/tlaxcala\\\/politico\\\/10-programas-para-ordenamiento-territorial-en-tlaxcala\\\/#article\",\"isPartOf\":{\"@id\":\"https:\\\/\\\/grupohoymexico.com\\\/tlaxcala\\\/politico\\\/10-programas-para-ordenamiento-territorial-en-tlaxcala\\\/\"},\"author\":{\"name\":\"user\",\"@id\":\"https:\\\/\\\/grupohoymexico.com\\\/tlaxcala\\\/#\\\/schema\\\/person\\\/ce6086ac837852775a3a4f539356c297\"},\"headline\":\"10 programas para ordenamiento territorial en Tlaxcala\",\"datePublished\":\"2025-07-10T20:08:01+00:00\",\"mainEntityOfPage\":{\"@id\":\"https:\\\/\\\/grupohoymexico.com\\\/tlaxcala\\\/politico\\\/10-programas-para-ordenamiento-territorial-en-tlaxcala\\\/\"},\"wordCount\":326,\"commentCount\":0,\"image\":{\"@id\":\"https:\\\/\\\/grupohoymexico.com\\\/tlaxcala\\\/politico\\\/10-programas-para-ordenamiento-territorial-en-tlaxcala\\\/#primaryimage\"},\"thumbnailUrl\":\"https:\\\/\\\/grupohoymexico.com\\\/tlaxcala\\\/wp-content\\\/uploads\\\/sites\\\/4\\\/2025\\\/07\\\/5152357921106013802.jpg\",\"keywords\":[\"Lorena Cu\u00e9llar Cisneros\",\"Ordenamiento Territorial\",\"Tlaxcala\"],\"articleSection\":[\"Pol\u00edtico\"],\"inLanguage\":\"es\",\"potentialAction\":[{\"@type\":\"CommentAction\",\"name\":\"Comment\",\"target\":[\"https:\\\/\\\/grupohoymexico.com\\\/tlaxcala\\\/politico\\\/10-programas-para-ordenamiento-territorial-en-tlaxcala\\\/#respond\"]}]},{\"@type\":\"WebPage\",\"@id\":\"https:\\\/\\\/grupohoymexico.com\\\/tlaxcala\\\/politico\\\/10-programas-para-ordenamiento-territorial-en-tlaxcala\\\/\",\"url\":\"https:\\\/\\\/grupohoymexico.com\\\/tlaxcala\\\/politico\\\/10-programas-para-ordenamiento-territorial-en-tlaxcala\\\/\",\"name\":\"10 programas para ordenamiento territorial en Tlaxcala - Tlaxcala Hoy\",\"isPartOf\":{\"@id\":\"https:\\\/\\\/grupohoymexico.com\\\/tlaxcala\\\/#website\"},\"primaryImageOfPage\":{\"@id\":\"https:\\\/\\\/grupohoymexico.com\\\/tlaxcala\\\/politico\\\/10-programas-para-ordenamiento-territorial-en-tlaxcala\\\/#primaryimage\"},\"image\":{\"@id\":\"https:\\\/\\\/grupohoymexico.com\\\/tlaxcala\\\/politico\\\/10-programas-para-ordenamiento-territorial-en-tlaxcala\\\/#primaryimage\"},\"thumbnailUrl\":\"https:\\\/\\\/grupohoymexico.com\\\/tlaxcala\\\/wp-content\\\/uploads\\\/sites\\\/4\\\/2025\\\/07\\\/5152357921106013802.jpg\",\"datePublished\":\"2025-07-10T20:08:01+00:00\",\"author\":{\"@id\":\"https:\\\/\\\/grupohoymexico.com\\\/tlaxcala\\\/#\\\/schema\\\/person\\\/ce6086ac837852775a3a4f539356c297\"},\"description\":\"La gobernadora Lorena Cu\u00e9llar inici\u00f3 10 programas de ordenamiento territorial en Tlaxcala, con inversi\u00f3n de 8 MDP.\",\"breadcrumb\":{\"@id\":\"https:\\\/\\\/grupohoymexico.com\\\/tlaxcala\\\/politico\\\/10-programas-para-ordenamiento-territorial-en-tlaxcala\\\/#breadcrumb\"},\"inLanguage\":\"es\",\"potentialAction\":[{\"@type\":\"ReadAction\",\"target\":[\"https:\\\/\\\/grupohoymexico.com\\\/tlaxcala\\\/politico\\\/10-programas-para-ordenamiento-territorial-en-tlaxcala\\\/\"]}]},{\"@type\":\"ImageObject\",\"inLanguage\":\"es\",\"@id\":\"https:\\\/\\\/grupohoymexico.com\\\/tlaxcala\\\/politico\\\/10-programas-para-ordenamiento-territorial-en-tlaxcala\\\/#primaryimage\",\"url\":\"https:\\\/\\\/grupohoymexico.com\\\/tlaxcala\\\/wp-content\\\/uploads\\\/sites\\\/4\\\/2025\\\/07\\\/5152357921106013802.jpg\",\"contentUrl\":\"https:\\\/\\\/grupohoymexico.com\\\/tlaxcala\\\/wp-content\\\/uploads\\\/sites\\\/4\\\/2025\\\/07\\\/5152357921106013802.jpg\",\"width\":1280,\"height\":680,\"caption\":\"La gobernadora Lorena Cu\u00e9llar inici\u00f3 10 programas de ordenamiento territorial en Tlaxcala, con inversi\u00f3n de 8 MDP.\"},{\"@type\":\"BreadcrumbList\",\"@id\":\"https:\\\/\\\/grupohoymexico.com\\\/tlaxcala\\\/politico\\\/10-programas-para-ordenamiento-territorial-en-tlaxcala\\\/#breadcrumb\",\"itemListElement\":[{\"@type\":\"ListItem\",\"position\":1,\"name\":\"Inicio\",\"item\":\"https:\\\/\\\/grupohoymexico.com\\\/tlaxcala\\\/\"},{\"@type\":\"ListItem\",\"position\":2,\"name\":\"10 programas para ordenamiento territorial en Tlaxcala\"}]},{\"@type\":\"WebSite\",\"@id\":\"https:\\\/\\\/grupohoymexico.com\\\/tlaxcala\\\/#website\",\"url\":\"https:\\\/\\\/grupohoymexico.com\\\/tlaxcala\\\/\",\"name\":\"Tlaxcala Hoy\",\"description\":\"El alma de la naci\u00f3n\",\"potentialAction\":[{\"@type\":\"SearchAction\",\"target\":{\"@type\":\"EntryPoint\",\"urlTemplate\":\"https:\\\/\\\/grupohoymexico.com\\\/tlaxcala\\\/?s={search_term_string}\"},\"query-input\":{\"@type\":\"PropertyValueSpecification\",\"valueRequired\":true,\"valueName\":\"search_term_string\"}}],\"inLanguage\":\"es\"},{\"@type\":\"Person\",\"@id\":\"https:\\\/\\\/grupohoymexico.com\\\/tlaxcala\\\/#\\\/schema\\\/person\\\/ce6086ac837852775a3a4f539356c297\",\"name\":\"user\",\"image\":{\"@type\":\"ImageObject\",\"inLanguage\":\"es\",\"@id\":\"https:\\\/\\\/secure.gravatar.com\\\/avatar\\\/25f78de4fa956f6f7c01f8d96f8087d8958ebe06d57e630cd54e36aefb9dacea?s=96&d=mm&r=g\",\"url\":\"https:\\\/\\\/secure.gravatar.com\\\/avatar\\\/25f78de4fa956f6f7c01f8d96f8087d8958ebe06d57e630cd54e36aefb9dacea?s=96&d=mm&r=g\",\"contentUrl\":\"https:\\\/\\\/secure.gravatar.com\\\/avatar\\\/25f78de4fa956f6f7c01f8d96f8087d8958ebe06d57e630cd54e36aefb9dacea?s=96&d=mm&r=g\",\"caption\":\"user\"},\"sameAs\":[\"http:\\\/\\\/44.197.188.197.nip.io\"],\"url\":\"https:\\\/\\\/grupohoymexico.com\\\/tlaxcala\\\/author\\\/user\\\/\"}]}<\/script>\n<!-- \/ Yoast SEO Premium plugin. -->","yoast_head_json":{"title":"10 programas para ordenamiento territorial en Tlaxcala - Tlaxcala Hoy","description":"La gobernadora Lorena Cu\u00e9llar inici\u00f3 10 programas de ordenamiento territorial en Tlaxcala, con inversi\u00f3n de 8 MDP.","robots":{"index":"index","follow":"follow","max-snippet":"max-snippet:-1","max-image-preview":"max-image-preview:large","max-video-preview":"max-video-preview:-1"},"canonical":"https:\/\/grupohoymexico.com\/tlaxcala\/politico\/10-programas-para-ordenamiento-territorial-en-tlaxcala\/","og_locale":"es_MX","og_type":"article","og_title":"10 programas para ordenamiento territorial en Tlaxcala","og_description":"La gobernadora Lorena Cu\u00e9llar inici\u00f3 10 programas de ordenamiento territorial en Tlaxcala, con inversi\u00f3n de 8 MDP.","og_url":"https:\/\/grupohoymexico.com\/tlaxcala\/politico\/10-programas-para-ordenamiento-territorial-en-tlaxcala\/","og_site_name":"Tlaxcala Hoy","article_published_time":"2025-07-10T20:08:01+00:00","og_image":[{"width":1280,"height":680,"url":"https:\/\/grupohoymexico.com\/tlaxcala\/wp-content\/uploads\/sites\/4\/2025\/07\/5152357921106013802.jpg","type":"image\/jpeg"}],"author":"user","twitter_card":"summary_large_image","twitter_misc":{"Escrito por":"user","Tiempo de lectura":"2 minutos"},"schema":{"@context":"https:\/\/schema.org","@graph":[{"@type":"Article","@id":"https:\/\/grupohoymexico.com\/tlaxcala\/politico\/10-programas-para-ordenamiento-territorial-en-tlaxcala\/#article","isPartOf":{"@id":"https:\/\/grupohoymexico.com\/tlaxcala\/politico\/10-programas-para-ordenamiento-territorial-en-tlaxcala\/"},"author":{"name":"user","@id":"https:\/\/grupohoymexico.com\/tlaxcala\/#\/schema\/person\/ce6086ac837852775a3a4f539356c297"},"headline":"10 programas para ordenamiento territorial en Tlaxcala","datePublished":"2025-07-10T20:08:01+00:00","mainEntityOfPage":{"@id":"https:\/\/grupohoymexico.com\/tlaxcala\/politico\/10-programas-para-ordenamiento-territorial-en-tlaxcala\/"},"wordCount":326,"commentCount":0,"image":{"@id":"https:\/\/grupohoymexico.com\/tlaxcala\/politico\/10-programas-para-ordenamiento-territorial-en-tlaxcala\/#primaryimage"},"thumbnailUrl":"https:\/\/grupohoymexico.com\/tlaxcala\/wp-content\/uploads\/sites\/4\/2025\/07\/5152357921106013802.jpg","keywords":["Lorena Cu\u00e9llar Cisneros","Ordenamiento Territorial","Tlaxcala"],"articleSection":["Pol\u00edtico"],"inLanguage":"es","potentialAction":[{"@type":"CommentAction","name":"Comment","target":["https:\/\/grupohoymexico.com\/tlaxcala\/politico\/10-programas-para-ordenamiento-territorial-en-tlaxcala\/#respond"]}]},{"@type":"WebPage","@id":"https:\/\/grupohoymexico.com\/tlaxcala\/politico\/10-programas-para-ordenamiento-territorial-en-tlaxcala\/","url":"https:\/\/grupohoymexico.com\/tlaxcala\/politico\/10-programas-para-ordenamiento-territorial-en-tlaxcala\/","name":"10 programas para ordenamiento territorial en Tlaxcala - Tlaxcala Hoy","isPartOf":{"@id":"https:\/\/grupohoymexico.com\/tlaxcala\/#website"},"primaryImageOfPage":{"@id":"https:\/\/grupohoymexico.com\/tlaxcala\/politico\/10-programas-para-ordenamiento-territorial-en-tlaxcala\/#primaryimage"},"image":{"@id":"https:\/\/grupohoymexico.com\/tlaxcala\/politico\/10-programas-para-ordenamiento-territorial-en-tlaxcala\/#primaryimage"},"thumbnailUrl":"https:\/\/grupohoymexico.com\/tlaxcala\/wp-content\/uploads\/sites\/4\/2025\/07\/5152357921106013802.jpg","datePublished":"2025-07-10T20:08:01+00:00","author":{"@id":"https:\/\/grupohoymexico.com\/tlaxcala\/#\/schema\/person\/ce6086ac837852775a3a4f539356c297"},"description":"La gobernadora Lorena Cu\u00e9llar inici\u00f3 10 programas de ordenamiento territorial en Tlaxcala, con inversi\u00f3n de 8 MDP.","breadcrumb":{"@id":"https:\/\/grupohoymexico.com\/tlaxcala\/politico\/10-programas-para-ordenamiento-territorial-en-tlaxcala\/#breadcrumb"},"inLanguage":"es","potentialAction":[{"@type":"ReadAction","target":["https:\/\/grupohoymexico.com\/tlaxcala\/politico\/10-programas-para-ordenamiento-territorial-en-tlaxcala\/"]}]},{"@type":"ImageObject","inLanguage":"es","@id":"https:\/\/grupohoymexico.com\/tlaxcala\/politico\/10-programas-para-ordenamiento-territorial-en-tlaxcala\/#primaryimage","url":"https:\/\/grupohoymexico.com\/tlaxcala\/wp-content\/uploads\/sites\/4\/2025\/07\/5152357921106013802.jpg","contentUrl":"https:\/\/grupohoymexico.com\/tlaxcala\/wp-content\/uploads\/sites\/4\/2025\/07\/5152357921106013802.jpg","width":1280,"height":680,"caption":"La gobernadora Lorena Cu\u00e9llar inici\u00f3 10 programas de ordenamiento territorial en Tlaxcala, con inversi\u00f3n de 8 MDP."},{"@type":"BreadcrumbList","@id":"https:\/\/grupohoymexico.com\/tlaxcala\/politico\/10-programas-para-ordenamiento-territorial-en-tlaxcala\/#breadcrumb","itemListElement":[{"@type":"ListItem","position":1,"name":"Inicio","item":"https:\/\/grupohoymexico.com\/tlaxcala\/"},{"@type":"ListItem","position":2,"name":"10 programas para ordenamiento territorial en Tlaxcala"}]},{"@type":"WebSite","@id":"https:\/\/grupohoymexico.com\/tlaxcala\/#website","url":"https:\/\/grupohoymexico.com\/tlaxcala\/","name":"Tlaxcala Hoy","description":"El alma de la naci\u00f3n","potentialAction":[{"@type":"SearchAction","target":{"@type":"EntryPoint","urlTemplate":"https:\/\/grupohoymexico.com\/tlaxcala\/?s={search_term_string}"},"query-input":{"@type":"PropertyValueSpecification","valueRequired":true,"valueName":"search_term_string"}}],"inLanguage":"es"},{"@type":"Person","@id":"https:\/\/grupohoymexico.com\/tlaxcala\/#\/schema\/person\/ce6086ac837852775a3a4f539356c297","name":"user","image":{"@type":"ImageObject","inLanguage":"es","@id":"https:\/\/secure.gravatar.com\/avatar\/25f78de4fa956f6f7c01f8d96f8087d8958ebe06d57e630cd54e36aefb9dacea?s=96&d=mm&r=g","url":"https:\/\/secure.gravatar.com\/avatar\/25f78de4fa956f6f7c01f8d96f8087d8958ebe06d57e630cd54e36aefb9dacea?s=96&d=mm&r=g","contentUrl":"https:\/\/secure.gravatar.com\/avatar\/25f78de4fa956f6f7c01f8d96f8087d8958ebe06d57e630cd54e36aefb9dacea?s=96&d=mm&r=g","caption":"user"},"sameAs":["http:\/\/44.197.188.197.nip.io"],"url":"https:\/\/grupohoymexico.com\/tlaxcala\/author\/user\/"}]}},"_links":{"self":[{"href":"https:\/\/grupohoymexico.com\/tlaxcala\/wp-json\/wp\/v2\/posts\/3600","targetHints":{"allow":["GET"]}}],"collection":[{"href":"https:\/\/grupohoymexico.com\/tlaxcala\/wp-json\/wp\/v2\/posts"}],"about":[{"href":"https:\/\/grupohoymexico.com\/tlaxcala\/wp-json\/wp\/v2\/types\/post"}],"author":[{"embeddable":true,"href":"https:\/\/grupohoymexico.com\/tlaxcala\/wp-json\/wp\/v2\/users\/1"}],"replies":[{"embeddable":true,"href":"https:\/\/grupohoymexico.com\/tlaxcala\/wp-json\/wp\/v2\/comments?post=3600"}],"version-history":[{"count":2,"href":"https:\/\/grupohoymexico.com\/tlaxcala\/wp-json\/wp\/v2\/posts\/3600\/revisions"}],"predecessor-version":[{"id":3604,"href":"https:\/\/grupohoymexico.com\/tlaxcala\/wp-json\/wp\/v2\/posts\/3600\/revisions\/3604"}],"wp:featuredmedia":[{"embeddable":true,"href":"https:\/\/grupohoymexico.com\/tlaxcala\/wp-json\/wp\/v2\/media\/3603"}],"wp:attachment":[{"href":"https:\/\/grupohoymexico.com\/tlaxcala\/wp-json\/wp\/v2\/media?parent=3600"}],"wp:term":[{"taxonomy":"category","embeddable":true,"href":"https:\/\/grupohoymexico.com\/tlaxcala\/wp-json\/wp\/v2\/categories?post=3600"},{"taxonomy":"post_tag","embeddable":true,"href":"https:\/\/grupohoymexico.com\/tlaxcala\/wp-json\/wp\/v2\/tags?post=3600"}],"curies":[{"name":"wp","href":"https:\/\/api.w.org\/{rel}","templated":true}]}}