{"id":3547,"date":"2025-07-04T19:35:41","date_gmt":"2025-07-04T19:35:41","guid":{"rendered":"https:\/\/grupohoymexico.com\/tlaxcala\/?p=3547"},"modified":"2025-07-04T19:35:49","modified_gmt":"2025-07-04T19:35:49","slug":"arranca-la-canicula-2025-en-mexico-que-significa-cuanto-dura-y-como-afecta-a-tlaxcala","status":"publish","type":"post","link":"https:\/\/grupohoymexico.com\/tlaxcala\/estatal\/arranca-la-canicula-2025-en-mexico-que-significa-cuanto-dura-y-como-afecta-a-tlaxcala\/","title":{"rendered":"Arranca la can\u00edcula 2025 en M\u00e9xico: \u00bfQu\u00e9 significa, cu\u00e1nto dura y c\u00f3mo afecta a Tlaxcala?"},"content":{"rendered":"<p data-start=\"93\" data-end=\"560\">A partir de este <strong data-start=\"132\" data-end=\"153\">mi\u00e9rcoles 3 de julio<\/strong>, inici\u00f3 formalmente en gran parte del pa\u00eds la <strong data-start=\"200\" data-end=\"217\">can\u00edcula 2025<\/strong>, un fen\u00f3meno clim\u00e1tico que, aunque muchas veces se asocia err\u00f3neamente con los d\u00edas m\u00e1s calurosos del a\u00f1o, <strong data-start=\"325\" data-end=\"385\">consiste en una disminuci\u00f3n significativa de las lluvias<\/strong>, particularmente en el centro y sur de M\u00e9xico. <strong data-start=\"433\" data-end=\"503\">Tlaxcala ser\u00e1 uno de los estados donde m\u00e1s se resentir\u00e1 esta etapa<\/strong>, de acuerdo con autoridades meteorol\u00f3gicas y sanitarias.<\/p>\n<h2 data-start=\"1292\" data-end=\"1334\">\u00bfC\u00f3mo afectar\u00e1 la can\u00edcula a Tlaxcala?<\/h2>\n<p data-start=\"1336\" data-end=\"1754\">Durante esta temporada, Tlaxcala podr\u00eda experimentar un <strong data-start=\"1392\" data-end=\"1431\">aumento en la temperatura ambiental<\/strong>, especialmente en la zona oriente, donde los <strong data-start=\"1477\" data-end=\"1534\">term\u00f3metros podr\u00edan superar los 30 grados cent\u00edgrados<\/strong>. A esto se suma la <strong data-start=\"1554\" data-end=\"1575\">sequedad del aire<\/strong>, que incrementa la <strong data-start=\"1595\" data-end=\"1616\">sensaci\u00f3n t\u00e9rmica<\/strong> y contribuye a condiciones de riesgo, como <strong data-start=\"1660\" data-end=\"1684\">incendios forestales<\/strong> y <strong data-start=\"1687\" data-end=\"1724\">afectaciones al campo de temporal<\/strong>, debido a la escasez de agua.<\/p>\n<p data-start=\"1756\" data-end=\"2062\">El <strong data-start=\"1759\" data-end=\"1781\">d\u00e9ficit de lluvias<\/strong> impacta directamente a cultivos como el ma\u00edz, frijol o hortalizas, cuya producci\u00f3n depende de las precipitaciones estacionales. Por ello, <strong data-start=\"1920\" data-end=\"1967\">productores agr\u00edcolas y autoridades locales<\/strong> han sido alertados para tomar medidas de adaptaci\u00f3n y prevenci\u00f3n durante las pr\u00f3ximas semanas.<\/p>\n<h3 data-start=\"1756\" data-end=\"2062\"><em><strong>Leer m\u00e1s: <a href=\"https:\/\/grupohoymexico.com\/tlaxcala\/estatal\/tlaxcala-registra-35-llamadas-por-acoso-y-hostigamiento-sexual-en-primeros-cinco-meses-de-2025\/\">Tlaxcala registra 35 llamadas por acoso y hostigamiento sexual en primeros cinco meses de 2025<\/a><\/strong><\/em><\/h3>\n<h2 data-start=\"2064\" data-end=\"2105\">Golpes de calor: Un riesgo en aumento<\/h2>\n<p data-start=\"2107\" data-end=\"2515\">El <a href=\"https:\/\/www.facebook.com\/IMSSTlaxcala\/?locale=es_LA\"><strong data-start=\"2110\" data-end=\"2157\">Instituto Mexicano del Seguro Social (IMSS)<\/strong><\/a> emiti\u00f3 recomendaciones para enfrentar el riesgo de <strong data-start=\"2209\" data-end=\"2228\">golpes de calor<\/strong>, especialmente entre <strong data-start=\"2250\" data-end=\"2285\">ni\u00f1os, personas adultas mayores<\/strong> y trabajadores al aire libre. Esta condici\u00f3n puede surgir de forma repentina cuando el cuerpo se sobrecalienta y no logra regular su temperatura interna, lo que puede derivar en consecuencias graves si no se atiende de inmediato.<\/p>\n<h4 data-start=\"2517\" data-end=\"2564\">Recomendaciones del IMSS para la can\u00edcula:<\/h4>\n<ul data-start=\"2565\" data-end=\"3114\">\n<li data-start=\"2565\" data-end=\"2670\">\n<p data-start=\"2567\" data-end=\"2670\"><strong data-start=\"2567\" data-end=\"2596\">Hidratarse constantemente<\/strong>, incluso sin tener sed. Preferentemente con sueros orales o agua natural.<\/p>\n<\/li>\n<li data-start=\"2671\" data-end=\"2744\">\n<p data-start=\"2673\" data-end=\"2744\"><strong data-start=\"2673\" data-end=\"2709\">Evitar exposici\u00f3n directa al sol<\/strong> entre las 11:00 y las 16:00 horas.<\/p>\n<\/li>\n<li data-start=\"2745\" data-end=\"2837\">\n<p data-start=\"2747\" data-end=\"2837\"><strong data-start=\"2747\" data-end=\"2769\">Vestir ropa ligera<\/strong>, de <strong data-start=\"2774\" data-end=\"2792\">colores claros<\/strong> y con tejidos que permitan la transpiraci\u00f3n.<\/p>\n<\/li>\n<li data-start=\"2838\" data-end=\"2923\">\n<p data-start=\"2840\" data-end=\"2923\"><strong data-start=\"2840\" data-end=\"2876\">Usar sombrero, gorra o sombrilla<\/strong>, y permanecer en lugares frescos y con sombra.<\/p>\n<\/li>\n<li data-start=\"2924\" data-end=\"3114\">\n<p data-start=\"2926\" data-end=\"3114\">En caso de <strong data-start=\"2937\" data-end=\"2977\">v\u00f3mito, desorientaci\u00f3n o fiebre alta<\/strong>, no administrar l\u00edquidos por v\u00eda oral y <strong data-start=\"3018\" data-end=\"3061\">acudir a servicios m\u00e9dicos de inmediato<\/strong>, ya que podr\u00eda tratarse de un golpe de calor severo.<\/p>\n<\/li>\n<\/ul>\n<figure style=\"width: 714px\" class=\"wp-caption alignnone\"><img fetchpriority=\"high\" decoding=\"async\" class=\"\" src=\"https:\/\/scontent.fmex19-1.fna.fbcdn.net\/v\/t39.30808-6\/515081380_1155562409946392_9008748950621215399_n.jpg?_nc_cat=110&amp;ccb=1-7&amp;_nc_sid=127cfc&amp;_nc_ohc=Ho-jkgcrXboQ7kNvwEr1Dp9&amp;_nc_oc=AdnMPYdkYlMaiT6get7nMCplK5Nl0cRblDGqt9A38t7-6BQOif8DIMJ86AN6ZjWQdp4Ha50lS7GmMjJbIQYgO5zR&amp;_nc_zt=23&amp;_nc_ht=scontent.fmex19-1.fna&amp;_nc_gid=BPX7EKOzf6rBMaOXEA6pxw&amp;oh=00_AfNEIzDeZi_O2lG_rP2IuO5wBN42Y5AgoLaHBZf1q0xENw&amp;oe=686E064A\" alt=\"\" width=\"714\" height=\"714\" \/><figcaption class=\"wp-caption-text\">Foto: Facebook IMSS<\/figcaption><\/figure>\n<h2 data-start=\"562\" data-end=\"631\">\u00bfQu\u00e9 es la can\u00edcula y por qu\u00e9 no son \u201clos 40 d\u00edas m\u00e1s calurosos\u201d?<\/h2>\n<p data-start=\"633\" data-end=\"967\">La <strong data-start=\"636\" data-end=\"648\">can\u00edcula<\/strong> es una <strong data-start=\"656\" data-end=\"678\">anomal\u00eda clim\u00e1tica<\/strong> que ocurre, principalmente, en <strong data-start=\"710\" data-end=\"728\">julio y agosto<\/strong>, y se caracteriza por una <strong data-start=\"755\" data-end=\"813\">reducci\u00f3n en la frecuencia e intensidad de las lluvias<\/strong>, lo que genera d\u00edas m\u00e1s secos y, en muchos casos, <strong data-start=\"864\" data-end=\"879\">m\u00e1s c\u00e1lidos<\/strong>, pero no necesariamente <strong data-start=\"904\" data-end=\"925\">los m\u00e1s calurosos<\/strong> del a\u00f1o, como indica la creencia popular.<\/p>\n<p data-start=\"969\" data-end=\"1290\">A diferencia de lo que se suele pensar, <strong data-start=\"1009\" data-end=\"1064\">la can\u00edcula no tiene una duraci\u00f3n exacta de 40 d\u00edas<\/strong> ni siempre se manifiesta con el mismo grado de intensidad. De hecho, <strong data-start=\"1134\" data-end=\"1183\">no es un fen\u00f3meno pronosticable con exactitud<\/strong>, ya que su inicio y fin pueden variar cada a\u00f1o dependiendo de m\u00faltiples factores atmosf\u00e9ricos y oce\u00e1nicos.<\/p>\n<p data-start=\"969\" data-end=\"1290\">La palabra <strong data-start=\"3165\" data-end=\"3177\">can\u00edcula<\/strong> proviene del lat\u00edn <em data-start=\"3197\" data-end=\"3204\">canes<\/em> (perros) y hace alusi\u00f3n a la <strong data-start=\"3234\" data-end=\"3260\">constelaci\u00f3n Can Mayor<\/strong> y su estrella principal, <strong data-start=\"3286\" data-end=\"3295\">Sirio<\/strong>, tambi\u00e9n conocida como <em data-start=\"3319\" data-end=\"3334\">La Abrasadora<\/em>. En la antig\u00fcedad, los egipcios y romanos observaron que <strong data-start=\"3392\" data-end=\"3456\">la salida heliaca de Sirio coincid\u00eda con el aumento de calor<\/strong>, fen\u00f3meno que luego se asoci\u00f3 con esta temporada de calor seco y sofocante.<\/p>\n","protected":false},"excerpt":{"rendered":"A partir de este mi\u00e9rcoles 3 de julio, inici\u00f3 formalmente en gran parte del pa\u00eds la can\u00edcula 2025,&hellip;","protected":false},"author":5,"featured_media":3549,"comment_status":"open","ping_status":"open","sticky":false,"template":"","format":"standard","meta":{"csco_display_header_overlay":false,"csco_singular_sidebar":"","csco_page_header_type":"","csco_page_load_nextpost":"","csco_post_video_location":[],"csco_post_video_location_hash":"","csco_post_video_url":"","csco_post_video_bg_start_time":0,"csco_post_video_bg_end_time":0,"footnotes":""},"categories":[172],"tags":[],"class_list":{"0":"post-3547","1":"post","2":"type-post","3":"status-publish","4":"format-standard","5":"has-post-thumbnail","7":"category-estatal","8":"cs-entry","9":"cs-video-wrap"},"yoast_head":"<!-- This site is optimized with the Yoast SEO Premium plugin v24.7 (Yoast SEO v27.4) - https:\/\/yoast.com\/product\/yoast-seo-premium-wordpress\/ -->\n<title>Arranca la can\u00edcula 2025 en M\u00e9xico: \u00bfQu\u00e9 significa, cu\u00e1nto dura y c\u00f3mo afecta a Tlaxcala? - Tlaxcala Hoy<\/title>\n<meta name=\"description\" content=\"Todo sobre la can\u00edcula 2025 en M\u00e9xico: qu\u00e9 es, cu\u00e1ndo inicia, c\u00f3mo afectar\u00e1 a Tlaxcala y las recomendaciones para prevenir golpes de calor.\" \/>\n<meta name=\"robots\" content=\"index, follow, max-snippet:-1, max-image-preview:large, max-video-preview:-1\" \/>\n<link rel=\"canonical\" href=\"https:\/\/grupohoymexico.com\/tlaxcala\/estatal\/arranca-la-canicula-2025-en-mexico-que-significa-cuanto-dura-y-como-afecta-a-tlaxcala\/\" \/>\n<meta property=\"og:locale\" content=\"es_MX\" \/>\n<meta property=\"og:type\" content=\"article\" \/>\n<meta property=\"og:title\" content=\"Arranca la can\u00edcula 2025 en M\u00e9xico: \u00bfQu\u00e9 significa, cu\u00e1nto dura y c\u00f3mo afecta a Tlaxcala?\" \/>\n<meta property=\"og:description\" content=\"Todo sobre la can\u00edcula 2025 en M\u00e9xico: qu\u00e9 es, cu\u00e1ndo inicia, c\u00f3mo afectar\u00e1 a Tlaxcala y las recomendaciones para prevenir golpes de calor.\" \/>\n<meta property=\"og:url\" content=\"https:\/\/grupohoymexico.com\/tlaxcala\/estatal\/arranca-la-canicula-2025-en-mexico-que-significa-cuanto-dura-y-como-afecta-a-tlaxcala\/\" \/>\n<meta property=\"og:site_name\" content=\"Tlaxcala Hoy\" \/>\n<meta property=\"article:published_time\" content=\"2025-07-04T19:35:41+00:00\" \/>\n<meta property=\"article:modified_time\" content=\"2025-07-04T19:35:49+00:00\" \/>\n<meta property=\"og:image\" content=\"https:\/\/grupohoymexico.com\/tlaxcala\/wp-content\/uploads\/sites\/4\/2025\/07\/photo_2025-07-04_12-28-13.jpg\" \/>\n\t<meta property=\"og:image:width\" content=\"1280\" \/>\n\t<meta property=\"og:image:height\" content=\"680\" \/>\n\t<meta property=\"og:image:type\" content=\"image\/jpeg\" \/>\n<meta name=\"author\" content=\"jair\" \/>\n<meta name=\"twitter:card\" content=\"summary_large_image\" \/>\n<meta name=\"twitter:label1\" content=\"Escrito por\" \/>\n\t<meta name=\"twitter:data1\" content=\"jair\" \/>\n\t<meta name=\"twitter:label2\" content=\"Tiempo de lectura\" \/>\n\t<meta name=\"twitter:data2\" content=\"3 minutos\" \/>\n<script type=\"application\/ld+json\" class=\"yoast-schema-graph\">{\"@context\":\"https:\\\/\\\/schema.org\",\"@graph\":[{\"@type\":\"Article\",\"@id\":\"https:\\\/\\\/grupohoymexico.com\\\/tlaxcala\\\/estatal\\\/arranca-la-canicula-2025-en-mexico-que-significa-cuanto-dura-y-como-afecta-a-tlaxcala\\\/#article\",\"isPartOf\":{\"@id\":\"https:\\\/\\\/grupohoymexico.com\\\/tlaxcala\\\/estatal\\\/arranca-la-canicula-2025-en-mexico-que-significa-cuanto-dura-y-como-afecta-a-tlaxcala\\\/\"},\"author\":{\"name\":\"jair\",\"@id\":\"https:\\\/\\\/grupohoymexico.com\\\/tlaxcala\\\/#\\\/schema\\\/person\\\/98e2425fe99fbbdf486895b69dab3c3d\"},\"headline\":\"Arranca la can\u00edcula 2025 en M\u00e9xico: \u00bfQu\u00e9 significa, cu\u00e1nto dura y c\u00f3mo afecta a Tlaxcala?\",\"datePublished\":\"2025-07-04T19:35:41+00:00\",\"dateModified\":\"2025-07-04T19:35:49+00:00\",\"mainEntityOfPage\":{\"@id\":\"https:\\\/\\\/grupohoymexico.com\\\/tlaxcala\\\/estatal\\\/arranca-la-canicula-2025-en-mexico-que-significa-cuanto-dura-y-como-afecta-a-tlaxcala\\\/\"},\"wordCount\":616,\"commentCount\":0,\"image\":{\"@id\":\"https:\\\/\\\/grupohoymexico.com\\\/tlaxcala\\\/estatal\\\/arranca-la-canicula-2025-en-mexico-que-significa-cuanto-dura-y-como-afecta-a-tlaxcala\\\/#primaryimage\"},\"thumbnailUrl\":\"https:\\\/\\\/grupohoymexico.com\\\/tlaxcala\\\/wp-content\\\/uploads\\\/sites\\\/4\\\/2025\\\/07\\\/photo_2025-07-04_12-28-13.jpg\",\"articleSection\":[\"Estatal\"],\"inLanguage\":\"es\",\"potentialAction\":[{\"@type\":\"CommentAction\",\"name\":\"Comment\",\"target\":[\"https:\\\/\\\/grupohoymexico.com\\\/tlaxcala\\\/estatal\\\/arranca-la-canicula-2025-en-mexico-que-significa-cuanto-dura-y-como-afecta-a-tlaxcala\\\/#respond\"]}]},{\"@type\":\"WebPage\",\"@id\":\"https:\\\/\\\/grupohoymexico.com\\\/tlaxcala\\\/estatal\\\/arranca-la-canicula-2025-en-mexico-que-significa-cuanto-dura-y-como-afecta-a-tlaxcala\\\/\",\"url\":\"https:\\\/\\\/grupohoymexico.com\\\/tlaxcala\\\/estatal\\\/arranca-la-canicula-2025-en-mexico-que-significa-cuanto-dura-y-como-afecta-a-tlaxcala\\\/\",\"name\":\"Arranca la can\u00edcula 2025 en M\u00e9xico: \u00bfQu\u00e9 significa, cu\u00e1nto dura y c\u00f3mo afecta a Tlaxcala? - Tlaxcala Hoy\",\"isPartOf\":{\"@id\":\"https:\\\/\\\/grupohoymexico.com\\\/tlaxcala\\\/#website\"},\"primaryImageOfPage\":{\"@id\":\"https:\\\/\\\/grupohoymexico.com\\\/tlaxcala\\\/estatal\\\/arranca-la-canicula-2025-en-mexico-que-significa-cuanto-dura-y-como-afecta-a-tlaxcala\\\/#primaryimage\"},\"image\":{\"@id\":\"https:\\\/\\\/grupohoymexico.com\\\/tlaxcala\\\/estatal\\\/arranca-la-canicula-2025-en-mexico-que-significa-cuanto-dura-y-como-afecta-a-tlaxcala\\\/#primaryimage\"},\"thumbnailUrl\":\"https:\\\/\\\/grupohoymexico.com\\\/tlaxcala\\\/wp-content\\\/uploads\\\/sites\\\/4\\\/2025\\\/07\\\/photo_2025-07-04_12-28-13.jpg\",\"datePublished\":\"2025-07-04T19:35:41+00:00\",\"dateModified\":\"2025-07-04T19:35:49+00:00\",\"author\":{\"@id\":\"https:\\\/\\\/grupohoymexico.com\\\/tlaxcala\\\/#\\\/schema\\\/person\\\/98e2425fe99fbbdf486895b69dab3c3d\"},\"description\":\"Todo sobre la can\u00edcula 2025 en M\u00e9xico: qu\u00e9 es, cu\u00e1ndo inicia, c\u00f3mo afectar\u00e1 a Tlaxcala y las recomendaciones para prevenir golpes de calor.\",\"breadcrumb\":{\"@id\":\"https:\\\/\\\/grupohoymexico.com\\\/tlaxcala\\\/estatal\\\/arranca-la-canicula-2025-en-mexico-que-significa-cuanto-dura-y-como-afecta-a-tlaxcala\\\/#breadcrumb\"},\"inLanguage\":\"es\",\"potentialAction\":[{\"@type\":\"ReadAction\",\"target\":[\"https:\\\/\\\/grupohoymexico.com\\\/tlaxcala\\\/estatal\\\/arranca-la-canicula-2025-en-mexico-que-significa-cuanto-dura-y-como-afecta-a-tlaxcala\\\/\"]}]},{\"@type\":\"ImageObject\",\"inLanguage\":\"es\",\"@id\":\"https:\\\/\\\/grupohoymexico.com\\\/tlaxcala\\\/estatal\\\/arranca-la-canicula-2025-en-mexico-que-significa-cuanto-dura-y-como-afecta-a-tlaxcala\\\/#primaryimage\",\"url\":\"https:\\\/\\\/grupohoymexico.com\\\/tlaxcala\\\/wp-content\\\/uploads\\\/sites\\\/4\\\/2025\\\/07\\\/photo_2025-07-04_12-28-13.jpg\",\"contentUrl\":\"https:\\\/\\\/grupohoymexico.com\\\/tlaxcala\\\/wp-content\\\/uploads\\\/sites\\\/4\\\/2025\\\/07\\\/photo_2025-07-04_12-28-13.jpg\",\"width\":1280,\"height\":680,\"caption\":\"Foto: Freepik\"},{\"@type\":\"BreadcrumbList\",\"@id\":\"https:\\\/\\\/grupohoymexico.com\\\/tlaxcala\\\/estatal\\\/arranca-la-canicula-2025-en-mexico-que-significa-cuanto-dura-y-como-afecta-a-tlaxcala\\\/#breadcrumb\",\"itemListElement\":[{\"@type\":\"ListItem\",\"position\":1,\"name\":\"Inicio\",\"item\":\"https:\\\/\\\/grupohoymexico.com\\\/tlaxcala\\\/\"},{\"@type\":\"ListItem\",\"position\":2,\"name\":\"Arranca la can\u00edcula 2025 en M\u00e9xico: \u00bfQu\u00e9 significa, cu\u00e1nto dura y c\u00f3mo afecta a Tlaxcala?\"}]},{\"@type\":\"WebSite\",\"@id\":\"https:\\\/\\\/grupohoymexico.com\\\/tlaxcala\\\/#website\",\"url\":\"https:\\\/\\\/grupohoymexico.com\\\/tlaxcala\\\/\",\"name\":\"Tlaxcala Hoy\",\"description\":\"El alma de la naci\u00f3n\",\"potentialAction\":[{\"@type\":\"SearchAction\",\"target\":{\"@type\":\"EntryPoint\",\"urlTemplate\":\"https:\\\/\\\/grupohoymexico.com\\\/tlaxcala\\\/?s={search_term_string}\"},\"query-input\":{\"@type\":\"PropertyValueSpecification\",\"valueRequired\":true,\"valueName\":\"search_term_string\"}}],\"inLanguage\":\"es\"},{\"@type\":\"Person\",\"@id\":\"https:\\\/\\\/grupohoymexico.com\\\/tlaxcala\\\/#\\\/schema\\\/person\\\/98e2425fe99fbbdf486895b69dab3c3d\",\"name\":\"jair\",\"image\":{\"@type\":\"ImageObject\",\"inLanguage\":\"es\",\"@id\":\"https:\\\/\\\/secure.gravatar.com\\\/avatar\\\/ec205dfb8733a1ce1601942dddb04fc9294fb780c832e3c1ec58faa8e4e64e9b?s=96&d=mm&r=g\",\"url\":\"https:\\\/\\\/secure.gravatar.com\\\/avatar\\\/ec205dfb8733a1ce1601942dddb04fc9294fb780c832e3c1ec58faa8e4e64e9b?s=96&d=mm&r=g\",\"contentUrl\":\"https:\\\/\\\/secure.gravatar.com\\\/avatar\\\/ec205dfb8733a1ce1601942dddb04fc9294fb780c832e3c1ec58faa8e4e64e9b?s=96&d=mm&r=g\",\"caption\":\"jair\"},\"url\":\"https:\\\/\\\/grupohoymexico.com\\\/tlaxcala\\\/author\\\/jair\\\/\"}]}<\/script>\n<!-- \/ Yoast SEO Premium plugin. -->","yoast_head_json":{"title":"Arranca la can\u00edcula 2025 en M\u00e9xico: \u00bfQu\u00e9 significa, cu\u00e1nto dura y c\u00f3mo afecta a Tlaxcala? - Tlaxcala Hoy","description":"Todo sobre la can\u00edcula 2025 en M\u00e9xico: qu\u00e9 es, cu\u00e1ndo inicia, c\u00f3mo afectar\u00e1 a Tlaxcala y las recomendaciones para prevenir golpes de calor.","robots":{"index":"index","follow":"follow","max-snippet":"max-snippet:-1","max-image-preview":"max-image-preview:large","max-video-preview":"max-video-preview:-1"},"canonical":"https:\/\/grupohoymexico.com\/tlaxcala\/estatal\/arranca-la-canicula-2025-en-mexico-que-significa-cuanto-dura-y-como-afecta-a-tlaxcala\/","og_locale":"es_MX","og_type":"article","og_title":"Arranca la can\u00edcula 2025 en M\u00e9xico: \u00bfQu\u00e9 significa, cu\u00e1nto dura y c\u00f3mo afecta a Tlaxcala?","og_description":"Todo sobre la can\u00edcula 2025 en M\u00e9xico: qu\u00e9 es, cu\u00e1ndo inicia, c\u00f3mo afectar\u00e1 a Tlaxcala y las recomendaciones para prevenir golpes de calor.","og_url":"https:\/\/grupohoymexico.com\/tlaxcala\/estatal\/arranca-la-canicula-2025-en-mexico-que-significa-cuanto-dura-y-como-afecta-a-tlaxcala\/","og_site_name":"Tlaxcala Hoy","article_published_time":"2025-07-04T19:35:41+00:00","article_modified_time":"2025-07-04T19:35:49+00:00","og_image":[{"width":1280,"height":680,"url":"https:\/\/grupohoymexico.com\/tlaxcala\/wp-content\/uploads\/sites\/4\/2025\/07\/photo_2025-07-04_12-28-13.jpg","type":"image\/jpeg"}],"author":"jair","twitter_card":"summary_large_image","twitter_misc":{"Escrito por":"jair","Tiempo de lectura":"3 minutos"},"schema":{"@context":"https:\/\/schema.org","@graph":[{"@type":"Article","@id":"https:\/\/grupohoymexico.com\/tlaxcala\/estatal\/arranca-la-canicula-2025-en-mexico-que-significa-cuanto-dura-y-como-afecta-a-tlaxcala\/#article","isPartOf":{"@id":"https:\/\/grupohoymexico.com\/tlaxcala\/estatal\/arranca-la-canicula-2025-en-mexico-que-significa-cuanto-dura-y-como-afecta-a-tlaxcala\/"},"author":{"name":"jair","@id":"https:\/\/grupohoymexico.com\/tlaxcala\/#\/schema\/person\/98e2425fe99fbbdf486895b69dab3c3d"},"headline":"Arranca la can\u00edcula 2025 en M\u00e9xico: \u00bfQu\u00e9 significa, cu\u00e1nto dura y c\u00f3mo afecta a Tlaxcala?","datePublished":"2025-07-04T19:35:41+00:00","dateModified":"2025-07-04T19:35:49+00:00","mainEntityOfPage":{"@id":"https:\/\/grupohoymexico.com\/tlaxcala\/estatal\/arranca-la-canicula-2025-en-mexico-que-significa-cuanto-dura-y-como-afecta-a-tlaxcala\/"},"wordCount":616,"commentCount":0,"image":{"@id":"https:\/\/grupohoymexico.com\/tlaxcala\/estatal\/arranca-la-canicula-2025-en-mexico-que-significa-cuanto-dura-y-como-afecta-a-tlaxcala\/#primaryimage"},"thumbnailUrl":"https:\/\/grupohoymexico.com\/tlaxcala\/wp-content\/uploads\/sites\/4\/2025\/07\/photo_2025-07-04_12-28-13.jpg","articleSection":["Estatal"],"inLanguage":"es","potentialAction":[{"@type":"CommentAction","name":"Comment","target":["https:\/\/grupohoymexico.com\/tlaxcala\/estatal\/arranca-la-canicula-2025-en-mexico-que-significa-cuanto-dura-y-como-afecta-a-tlaxcala\/#respond"]}]},{"@type":"WebPage","@id":"https:\/\/grupohoymexico.com\/tlaxcala\/estatal\/arranca-la-canicula-2025-en-mexico-que-significa-cuanto-dura-y-como-afecta-a-tlaxcala\/","url":"https:\/\/grupohoymexico.com\/tlaxcala\/estatal\/arranca-la-canicula-2025-en-mexico-que-significa-cuanto-dura-y-como-afecta-a-tlaxcala\/","name":"Arranca la can\u00edcula 2025 en M\u00e9xico: \u00bfQu\u00e9 significa, cu\u00e1nto dura y c\u00f3mo afecta a Tlaxcala? - Tlaxcala Hoy","isPartOf":{"@id":"https:\/\/grupohoymexico.com\/tlaxcala\/#website"},"primaryImageOfPage":{"@id":"https:\/\/grupohoymexico.com\/tlaxcala\/estatal\/arranca-la-canicula-2025-en-mexico-que-significa-cuanto-dura-y-como-afecta-a-tlaxcala\/#primaryimage"},"image":{"@id":"https:\/\/grupohoymexico.com\/tlaxcala\/estatal\/arranca-la-canicula-2025-en-mexico-que-significa-cuanto-dura-y-como-afecta-a-tlaxcala\/#primaryimage"},"thumbnailUrl":"https:\/\/grupohoymexico.com\/tlaxcala\/wp-content\/uploads\/sites\/4\/2025\/07\/photo_2025-07-04_12-28-13.jpg","datePublished":"2025-07-04T19:35:41+00:00","dateModified":"2025-07-04T19:35:49+00:00","author":{"@id":"https:\/\/grupohoymexico.com\/tlaxcala\/#\/schema\/person\/98e2425fe99fbbdf486895b69dab3c3d"},"description":"Todo sobre la can\u00edcula 2025 en M\u00e9xico: qu\u00e9 es, cu\u00e1ndo inicia, c\u00f3mo afectar\u00e1 a Tlaxcala y las recomendaciones para prevenir golpes de calor.","breadcrumb":{"@id":"https:\/\/grupohoymexico.com\/tlaxcala\/estatal\/arranca-la-canicula-2025-en-mexico-que-significa-cuanto-dura-y-como-afecta-a-tlaxcala\/#breadcrumb"},"inLanguage":"es","potentialAction":[{"@type":"ReadAction","target":["https:\/\/grupohoymexico.com\/tlaxcala\/estatal\/arranca-la-canicula-2025-en-mexico-que-significa-cuanto-dura-y-como-afecta-a-tlaxcala\/"]}]},{"@type":"ImageObject","inLanguage":"es","@id":"https:\/\/grupohoymexico.com\/tlaxcala\/estatal\/arranca-la-canicula-2025-en-mexico-que-significa-cuanto-dura-y-como-afecta-a-tlaxcala\/#primaryimage","url":"https:\/\/grupohoymexico.com\/tlaxcala\/wp-content\/uploads\/sites\/4\/2025\/07\/photo_2025-07-04_12-28-13.jpg","contentUrl":"https:\/\/grupohoymexico.com\/tlaxcala\/wp-content\/uploads\/sites\/4\/2025\/07\/photo_2025-07-04_12-28-13.jpg","width":1280,"height":680,"caption":"Foto: Freepik"},{"@type":"BreadcrumbList","@id":"https:\/\/grupohoymexico.com\/tlaxcala\/estatal\/arranca-la-canicula-2025-en-mexico-que-significa-cuanto-dura-y-como-afecta-a-tlaxcala\/#breadcrumb","itemListElement":[{"@type":"ListItem","position":1,"name":"Inicio","item":"https:\/\/grupohoymexico.com\/tlaxcala\/"},{"@type":"ListItem","position":2,"name":"Arranca la can\u00edcula 2025 en M\u00e9xico: \u00bfQu\u00e9 significa, cu\u00e1nto dura y c\u00f3mo afecta a Tlaxcala?"}]},{"@type":"WebSite","@id":"https:\/\/grupohoymexico.com\/tlaxcala\/#website","url":"https:\/\/grupohoymexico.com\/tlaxcala\/","name":"Tlaxcala Hoy","description":"El alma de la naci\u00f3n","potentialAction":[{"@type":"SearchAction","target":{"@type":"EntryPoint","urlTemplate":"https:\/\/grupohoymexico.com\/tlaxcala\/?s={search_term_string}"},"query-input":{"@type":"PropertyValueSpecification","valueRequired":true,"valueName":"search_term_string"}}],"inLanguage":"es"},{"@type":"Person","@id":"https:\/\/grupohoymexico.com\/tlaxcala\/#\/schema\/person\/98e2425fe99fbbdf486895b69dab3c3d","name":"jair","image":{"@type":"ImageObject","inLanguage":"es","@id":"https:\/\/secure.gravatar.com\/avatar\/ec205dfb8733a1ce1601942dddb04fc9294fb780c832e3c1ec58faa8e4e64e9b?s=96&d=mm&r=g","url":"https:\/\/secure.gravatar.com\/avatar\/ec205dfb8733a1ce1601942dddb04fc9294fb780c832e3c1ec58faa8e4e64e9b?s=96&d=mm&r=g","contentUrl":"https:\/\/secure.gravatar.com\/avatar\/ec205dfb8733a1ce1601942dddb04fc9294fb780c832e3c1ec58faa8e4e64e9b?s=96&d=mm&r=g","caption":"jair"},"url":"https:\/\/grupohoymexico.com\/tlaxcala\/author\/jair\/"}]}},"_links":{"self":[{"href":"https:\/\/grupohoymexico.com\/tlaxcala\/wp-json\/wp\/v2\/posts\/3547","targetHints":{"allow":["GET"]}}],"collection":[{"href":"https:\/\/grupohoymexico.com\/tlaxcala\/wp-json\/wp\/v2\/posts"}],"about":[{"href":"https:\/\/grupohoymexico.com\/tlaxcala\/wp-json\/wp\/v2\/types\/post"}],"author":[{"embeddable":true,"href":"https:\/\/grupohoymexico.com\/tlaxcala\/wp-json\/wp\/v2\/users\/5"}],"replies":[{"embeddable":true,"href":"https:\/\/grupohoymexico.com\/tlaxcala\/wp-json\/wp\/v2\/comments?post=3547"}],"version-history":[{"count":2,"href":"https:\/\/grupohoymexico.com\/tlaxcala\/wp-json\/wp\/v2\/posts\/3547\/revisions"}],"predecessor-version":[{"id":3550,"href":"https:\/\/grupohoymexico.com\/tlaxcala\/wp-json\/wp\/v2\/posts\/3547\/revisions\/3550"}],"wp:featuredmedia":[{"embeddable":true,"href":"https:\/\/grupohoymexico.com\/tlaxcala\/wp-json\/wp\/v2\/media\/3549"}],"wp:attachment":[{"href":"https:\/\/grupohoymexico.com\/tlaxcala\/wp-json\/wp\/v2\/media?parent=3547"}],"wp:term":[{"taxonomy":"category","embeddable":true,"href":"https:\/\/grupohoymexico.com\/tlaxcala\/wp-json\/wp\/v2\/categories?post=3547"},{"taxonomy":"post_tag","embeddable":true,"href":"https:\/\/grupohoymexico.com\/tlaxcala\/wp-json\/wp\/v2\/tags?post=3547"}],"curies":[{"name":"wp","href":"https:\/\/api.w.org\/{rel}","templated":true}]}}