{"id":3470,"date":"2025-06-28T23:05:35","date_gmt":"2025-06-28T23:05:35","guid":{"rendered":"https:\/\/grupohoymexico.com\/tlaxcala\/?p=3470"},"modified":"2025-06-28T23:05:35","modified_gmt":"2025-06-28T23:05:35","slug":"acusan-a-javier-solis-ruiz-de-apropiacion-indebida-de-guarderia-del-imss-en-chiautempan","status":"publish","type":"post","link":"https:\/\/grupohoymexico.com\/tlaxcala\/estatal\/acusan-a-javier-solis-ruiz-de-apropiacion-indebida-de-guarderia-del-imss-en-chiautempan\/","title":{"rendered":"Acusan a Javier Sol\u00eds Ruiz de apropiaci\u00f3n indebida de guarder\u00eda del IMSS en Chiautempan"},"content":{"rendered":"<p data-start=\"317\" data-end=\"726\">En uno de los actos m\u00e1s pol\u00e9micos que han sacudido a los organismos empresariales de Tlaxcala, <strong data-start=\"412\" data-end=\"433\">Javier Sol\u00eds Ruiz<\/strong>, expresidente de la <a href=\"https:\/\/concanaco.digital\/canacochiautempan\/\"><strong data-start=\"454\" data-end=\"542\">C\u00e1mara Nacional de Comercio, Servicios y Turismo de Chiautempan (CANACO Chiautempan)<\/strong><\/a>, ha sido se\u00f1alado por <strong data-start=\"565\" data-end=\"633\">apropiarse de manera indebida de la guarder\u00eda subrogada del IMSS<\/strong> con clave <strong data-start=\"644\" data-end=\"654\">U-0719<\/strong>, un inmueble que <strong data-start=\"672\" data-end=\"725\">pertenecer\u00eda al patrimonio colectivo de la c\u00e1mara<\/strong>.<\/p>\n<p data-start=\"728\" data-end=\"1010\">Este caso, en el que tambi\u00e9n figura la colaboraci\u00f3n del exl\u00edder nacional Enrique Solana, ha generado <strong data-start=\"829\" data-end=\"893\">profunda indignaci\u00f3n en la comunidad empresarial de Tlaxcala<\/strong>, al considerarse una <strong data-start=\"915\" data-end=\"1009\">clara muestra de abuso de poder, opacidad y desv\u00edo de recursos p\u00fablicos y organizacionales<\/strong>.<\/p>\n<h2 data-start=\"1017\" data-end=\"1073\"><strong>\u00bfQu\u00e9 ocurri\u00f3 con la Guarder\u00eda CANACO de Chiautempan?<\/strong><\/h2>\n<p data-start=\"1075\" data-end=\"1468\">La <strong data-start=\"1078\" data-end=\"1118\">Guarder\u00eda Canaco de Chiautempan A.C.<\/strong>, que se ubica en el municipio del mismo nombre, se cre\u00f3 originalmente bajo el amparo institucional de la c\u00e1mara local, con <strong data-start=\"1240\" data-end=\"1303\">recursos gestionados durante la presidencia de Javier Sol\u00eds<\/strong>. Se trataba de un <strong data-start=\"1322\" data-end=\"1398\">proyecto social vinculado al Instituto Mexicano del Seguro Social (IMSS)<\/strong>, con la intenci\u00f3n de apoyar a madres y padres trabajadores afiliados.<\/p>\n<p data-start=\"1075\" data-end=\"1468\"><img fetchpriority=\"high\" decoding=\"async\" class=\"alignnone wp-image-3471 \" src=\"https:\/\/grupohoymexico.com\/tlaxcala\/wp-content\/uploads\/sites\/4\/2025\/06\/ESCRITURA-PUBLICA_page-0001-791x1024.jpg\" alt=\"\" width=\"613\" height=\"794\" srcset=\"https:\/\/grupohoymexico.com\/tlaxcala\/wp-content\/uploads\/sites\/4\/2025\/06\/ESCRITURA-PUBLICA_page-0001-791x1024.jpg 791w, https:\/\/grupohoymexico.com\/tlaxcala\/wp-content\/uploads\/sites\/4\/2025\/06\/ESCRITURA-PUBLICA_page-0001-232x300.jpg 232w, https:\/\/grupohoymexico.com\/tlaxcala\/wp-content\/uploads\/sites\/4\/2025\/06\/ESCRITURA-PUBLICA_page-0001-768x994.jpg 768w, https:\/\/grupohoymexico.com\/tlaxcala\/wp-content\/uploads\/sites\/4\/2025\/06\/ESCRITURA-PUBLICA_page-0001-1187x1536.jpg 1187w, https:\/\/grupohoymexico.com\/tlaxcala\/wp-content\/uploads\/sites\/4\/2025\/06\/ESCRITURA-PUBLICA_page-0001-332x430.jpg 332w, https:\/\/grupohoymexico.com\/tlaxcala\/wp-content\/uploads\/sites\/4\/2025\/06\/ESCRITURA-PUBLICA_page-0001-664x859.jpg 664w, https:\/\/grupohoymexico.com\/tlaxcala\/wp-content\/uploads\/sites\/4\/2025\/06\/ESCRITURA-PUBLICA_page-0001-688x890.jpg 688w, https:\/\/grupohoymexico.com\/tlaxcala\/wp-content\/uploads\/sites\/4\/2025\/06\/ESCRITURA-PUBLICA_page-0001-1044x1351.jpg 1044w, https:\/\/grupohoymexico.com\/tlaxcala\/wp-content\/uploads\/sites\/4\/2025\/06\/ESCRITURA-PUBLICA_page-0001.jpg 1275w\" sizes=\"(max-width: 613px) 100vw, 613px\" \/><\/p>\n<p data-start=\"1470\" data-end=\"1782\">Sin embargo, seg\u00fan documentos notariales, <strong data-start=\"1512\" data-end=\"1573\">Javier Sol\u00eds registr\u00f3 la guarder\u00eda a su nombre particular<\/strong> y no al de la CANACO Chiautempan, <strong data-start=\"1596\" data-end=\"1685\">pese a que la iniciativa se desarroll\u00f3 con fondos y respaldo de la c\u00e1mara empresarial<\/strong>, lo que constituye un presunto caso de <strong data-start=\"1725\" data-end=\"1781\">apropiaci\u00f3n indebida de bienes de car\u00e1cter colectivo<\/strong>.<\/p>\n<h3><em><strong>Leer m\u00e1s: <a href=\"https:\/\/grupohoymexico.com\/tlaxcala\/deportes\/paul-vs-chavez-jr-2025-todo-listo-para-el-combate\/\">Paul vs Ch\u00e1vez Jr 2025: todo listo para el combate<\/a><\/strong><\/em><\/h3>\n<h3 data-start=\"1789\" data-end=\"1825\"><strong>\u00bfPor qu\u00e9 es tan grave este caso?<\/strong><\/h3>\n<p data-start=\"1827\" data-end=\"2062\">El hecho no solo pone en duda la \u00e9tica del expresidente de la c\u00e1mara, sino que <strong data-start=\"1906\" data-end=\"2061\">representa un precedente alarmante sobre c\u00f3mo los liderazgos dentro de organismos empresariales se puede usar para fines personales y pol\u00edticos<\/strong>.<\/p>\n<p data-start=\"2064\" data-end=\"2351\">De acuerdo con integrantes del sector, <strong data-start=\"2103\" data-end=\"2176\">Javier Sol\u00eds ha hecho carrera dentro de las estructuras empresariales<\/strong>, <strong data-start=\"2178\" data-end=\"2237\">usando la CANACO y sus relaciones para beneficio propio<\/strong>, alej\u00e1ndose de los principios rectores de legalidad, transparencia y servicio que deben guiar a estos organismos.<\/p>\n<p data-start=\"2353\" data-end=\"2631\">La comunidad empresarial denunci\u00f3 que <strong data-start=\"2396\" data-end=\"2446\">la guarder\u00eda no solo fue \u201cusurpada\u201d legalmente<\/strong>, sino que <strong data-start=\"2457\" data-end=\"2523\">tambi\u00e9n se habr\u00edan desviado ingresos operativos y subvenciones<\/strong> hacia fines personales, despojando a los agremiados de un recurso importante para la comunidad trabajadora.<\/p>\n<h3 data-start=\"2638\" data-end=\"2667\"><strong>Exigen medidas inmediatas<\/strong><\/h3>\n<p data-start=\"2669\" data-end=\"2892\">Diversos actores del sector empresarial y civil han exigido que <strong data-start=\"2733\" data-end=\"2807\">se investigue formalmente a Javier Sol\u00eds Ruiz y a todos los implicados<\/strong> en este acto de posible corrupci\u00f3n. Las demandas se concentran en tres puntos clave:<\/p>\n<ul data-start=\"2894\" data-end=\"3152\">\n<li data-start=\"2894\" data-end=\"2969\">\n<p data-start=\"2896\" data-end=\"2969\"><strong data-start=\"2898\" data-end=\"2967\">Investigaci\u00f3n por parte de las autoridades fiscales y judiciales.<\/strong><\/p>\n<\/li>\n<li data-start=\"2970\" data-end=\"3050\">\n<p data-start=\"2972\" data-end=\"3050\"><strong data-start=\"2974\" data-end=\"3048\">Devoluci\u00f3n inmediata del inmueble al patrimonio de CANACO Chiautempan.<\/strong><\/p>\n<\/li>\n<li data-start=\"3051\" data-end=\"3152\">\n<p data-start=\"3053\" data-end=\"3152\"><strong data-start=\"3055\" data-end=\"3152\">Establecimiento de mecanismos de transparencia en el manejo de recursos y proyectos sociales.<\/strong><\/p>\n<\/li>\n<\/ul>\n<p data-start=\"3212\" data-end=\"3423\">Este esc\u00e1ndalo ha <strong data-start=\"3230\" data-end=\"3311\">afectado seriamente la credibilidad de las c\u00e1maras empresariales en la regi\u00f3n<\/strong>, justo en un momento donde se requieren liderazgos s\u00f3lidos para impulsar la reactivaci\u00f3n econ\u00f3mica en Tlaxcala.<\/p>\n<p data-start=\"3425\" data-end=\"3763\">Expertos se\u00f1alan que <strong data-start=\"3446\" data-end=\"3526\">la corrupci\u00f3n dentro de organismos como la CANACO es especialmente peligrosa<\/strong>, ya que estas entidades fungen como intermediarias entre el sector productivo y las instituciones p\u00fablicas. Su deslegitimaci\u00f3n, se\u00f1alan, <strong data-start=\"3664\" data-end=\"3762\">perjudica no solo a los empresarios, sino tambi\u00e9n al desarrollo local y la confianza ciudadana<\/strong>.<\/p>\n","protected":false},"excerpt":{"rendered":"En uno de los actos m\u00e1s pol\u00e9micos que han sacudido a los organismos empresariales de Tlaxcala, Javier Sol\u00eds&hellip;","protected":false},"author":5,"featured_media":3473,"comment_status":"open","ping_status":"open","sticky":false,"template":"","format":"standard","meta":{"csco_display_header_overlay":false,"csco_singular_sidebar":"","csco_page_header_type":"","csco_page_load_nextpost":"","csco_post_video_location":[],"csco_post_video_location_hash":"","csco_post_video_url":"","csco_post_video_bg_start_time":0,"csco_post_video_bg_end_time":0,"footnotes":""},"categories":[172],"tags":[],"class_list":{"0":"post-3470","1":"post","2":"type-post","3":"status-publish","4":"format-standard","5":"has-post-thumbnail","7":"category-estatal","8":"cs-entry","9":"cs-video-wrap"},"yoast_head":"<!-- This site is optimized with the Yoast SEO Premium plugin v24.7 (Yoast SEO v27.4) - https:\/\/yoast.com\/product\/yoast-seo-premium-wordpress\/ -->\n<title>Acusan a Javier Sol\u00eds Ruiz de apropiaci\u00f3n indebida de guarder\u00eda del IMSS en Chiautempan - Tlaxcala Hoy<\/title>\n<meta name=\"description\" content=\"Javier Sol\u00eds Ruiz, expresidente de la CANACO Chiautempan, es se\u00f1alado por apropiarse de manera indebida de la guarder\u00eda subrogada del IMSS.\" \/>\n<meta name=\"robots\" content=\"index, follow, max-snippet:-1, max-image-preview:large, max-video-preview:-1\" \/>\n<link rel=\"canonical\" href=\"https:\/\/grupohoymexico.com\/tlaxcala\/estatal\/acusan-a-javier-solis-ruiz-de-apropiacion-indebida-de-guarderia-del-imss-en-chiautempan\/\" \/>\n<meta property=\"og:locale\" content=\"es_MX\" \/>\n<meta property=\"og:type\" content=\"article\" \/>\n<meta property=\"og:title\" content=\"Acusan a Javier Sol\u00eds Ruiz de apropiaci\u00f3n indebida de guarder\u00eda del IMSS en Chiautempan\" \/>\n<meta property=\"og:description\" content=\"Javier Sol\u00eds Ruiz, expresidente de la CANACO Chiautempan, es se\u00f1alado por apropiarse de manera indebida de la guarder\u00eda subrogada del IMSS.\" \/>\n<meta property=\"og:url\" content=\"https:\/\/grupohoymexico.com\/tlaxcala\/estatal\/acusan-a-javier-solis-ruiz-de-apropiacion-indebida-de-guarderia-del-imss-en-chiautempan\/\" \/>\n<meta property=\"og:site_name\" content=\"Tlaxcala Hoy\" \/>\n<meta property=\"article:published_time\" content=\"2025-06-28T23:05:35+00:00\" \/>\n<meta property=\"og:image\" content=\"https:\/\/grupohoymexico.com\/tlaxcala\/wp-content\/uploads\/sites\/4\/2025\/06\/photo_2025-06-28_17-01-13.jpg\" \/>\n\t<meta property=\"og:image:width\" content=\"1200\" \/>\n\t<meta property=\"og:image:height\" content=\"638\" \/>\n\t<meta property=\"og:image:type\" content=\"image\/jpeg\" \/>\n<meta name=\"author\" content=\"jair\" \/>\n<meta name=\"twitter:card\" content=\"summary_large_image\" \/>\n<meta name=\"twitter:label1\" content=\"Escrito por\" \/>\n\t<meta name=\"twitter:data1\" content=\"jair\" \/>\n\t<meta name=\"twitter:label2\" content=\"Tiempo de lectura\" \/>\n\t<meta name=\"twitter:data2\" content=\"3 minutos\" \/>\n<script type=\"application\/ld+json\" class=\"yoast-schema-graph\">{\"@context\":\"https:\\\/\\\/schema.org\",\"@graph\":[{\"@type\":\"Article\",\"@id\":\"https:\\\/\\\/grupohoymexico.com\\\/tlaxcala\\\/estatal\\\/acusan-a-javier-solis-ruiz-de-apropiacion-indebida-de-guarderia-del-imss-en-chiautempan\\\/#article\",\"isPartOf\":{\"@id\":\"https:\\\/\\\/grupohoymexico.com\\\/tlaxcala\\\/estatal\\\/acusan-a-javier-solis-ruiz-de-apropiacion-indebida-de-guarderia-del-imss-en-chiautempan\\\/\"},\"author\":{\"name\":\"jair\",\"@id\":\"https:\\\/\\\/grupohoymexico.com\\\/tlaxcala\\\/#\\\/schema\\\/person\\\/98e2425fe99fbbdf486895b69dab3c3d\"},\"headline\":\"Acusan a Javier Sol\u00eds Ruiz de apropiaci\u00f3n indebida de guarder\u00eda del IMSS en Chiautempan\",\"datePublished\":\"2025-06-28T23:05:35+00:00\",\"mainEntityOfPage\":{\"@id\":\"https:\\\/\\\/grupohoymexico.com\\\/tlaxcala\\\/estatal\\\/acusan-a-javier-solis-ruiz-de-apropiacion-indebida-de-guarderia-del-imss-en-chiautempan\\\/\"},\"wordCount\":567,\"commentCount\":0,\"image\":{\"@id\":\"https:\\\/\\\/grupohoymexico.com\\\/tlaxcala\\\/estatal\\\/acusan-a-javier-solis-ruiz-de-apropiacion-indebida-de-guarderia-del-imss-en-chiautempan\\\/#primaryimage\"},\"thumbnailUrl\":\"https:\\\/\\\/grupohoymexico.com\\\/tlaxcala\\\/wp-content\\\/uploads\\\/sites\\\/4\\\/2025\\\/06\\\/photo_2025-06-28_17-01-13.jpg\",\"articleSection\":[\"Estatal\"],\"inLanguage\":\"es\",\"potentialAction\":[{\"@type\":\"CommentAction\",\"name\":\"Comment\",\"target\":[\"https:\\\/\\\/grupohoymexico.com\\\/tlaxcala\\\/estatal\\\/acusan-a-javier-solis-ruiz-de-apropiacion-indebida-de-guarderia-del-imss-en-chiautempan\\\/#respond\"]}]},{\"@type\":\"WebPage\",\"@id\":\"https:\\\/\\\/grupohoymexico.com\\\/tlaxcala\\\/estatal\\\/acusan-a-javier-solis-ruiz-de-apropiacion-indebida-de-guarderia-del-imss-en-chiautempan\\\/\",\"url\":\"https:\\\/\\\/grupohoymexico.com\\\/tlaxcala\\\/estatal\\\/acusan-a-javier-solis-ruiz-de-apropiacion-indebida-de-guarderia-del-imss-en-chiautempan\\\/\",\"name\":\"Acusan a Javier Sol\u00eds Ruiz de apropiaci\u00f3n indebida de guarder\u00eda del IMSS en Chiautempan - Tlaxcala Hoy\",\"isPartOf\":{\"@id\":\"https:\\\/\\\/grupohoymexico.com\\\/tlaxcala\\\/#website\"},\"primaryImageOfPage\":{\"@id\":\"https:\\\/\\\/grupohoymexico.com\\\/tlaxcala\\\/estatal\\\/acusan-a-javier-solis-ruiz-de-apropiacion-indebida-de-guarderia-del-imss-en-chiautempan\\\/#primaryimage\"},\"image\":{\"@id\":\"https:\\\/\\\/grupohoymexico.com\\\/tlaxcala\\\/estatal\\\/acusan-a-javier-solis-ruiz-de-apropiacion-indebida-de-guarderia-del-imss-en-chiautempan\\\/#primaryimage\"},\"thumbnailUrl\":\"https:\\\/\\\/grupohoymexico.com\\\/tlaxcala\\\/wp-content\\\/uploads\\\/sites\\\/4\\\/2025\\\/06\\\/photo_2025-06-28_17-01-13.jpg\",\"datePublished\":\"2025-06-28T23:05:35+00:00\",\"author\":{\"@id\":\"https:\\\/\\\/grupohoymexico.com\\\/tlaxcala\\\/#\\\/schema\\\/person\\\/98e2425fe99fbbdf486895b69dab3c3d\"},\"description\":\"Javier Sol\u00eds Ruiz, expresidente de la CANACO Chiautempan, es se\u00f1alado por apropiarse de manera indebida de la guarder\u00eda subrogada del IMSS.\",\"breadcrumb\":{\"@id\":\"https:\\\/\\\/grupohoymexico.com\\\/tlaxcala\\\/estatal\\\/acusan-a-javier-solis-ruiz-de-apropiacion-indebida-de-guarderia-del-imss-en-chiautempan\\\/#breadcrumb\"},\"inLanguage\":\"es\",\"potentialAction\":[{\"@type\":\"ReadAction\",\"target\":[\"https:\\\/\\\/grupohoymexico.com\\\/tlaxcala\\\/estatal\\\/acusan-a-javier-solis-ruiz-de-apropiacion-indebida-de-guarderia-del-imss-en-chiautempan\\\/\"]}]},{\"@type\":\"ImageObject\",\"inLanguage\":\"es\",\"@id\":\"https:\\\/\\\/grupohoymexico.com\\\/tlaxcala\\\/estatal\\\/acusan-a-javier-solis-ruiz-de-apropiacion-indebida-de-guarderia-del-imss-en-chiautempan\\\/#primaryimage\",\"url\":\"https:\\\/\\\/grupohoymexico.com\\\/tlaxcala\\\/wp-content\\\/uploads\\\/sites\\\/4\\\/2025\\\/06\\\/photo_2025-06-28_17-01-13.jpg\",\"contentUrl\":\"https:\\\/\\\/grupohoymexico.com\\\/tlaxcala\\\/wp-content\\\/uploads\\\/sites\\\/4\\\/2025\\\/06\\\/photo_2025-06-28_17-01-13.jpg\",\"width\":1200,\"height\":638,\"caption\":\"Foto: Freepik\"},{\"@type\":\"BreadcrumbList\",\"@id\":\"https:\\\/\\\/grupohoymexico.com\\\/tlaxcala\\\/estatal\\\/acusan-a-javier-solis-ruiz-de-apropiacion-indebida-de-guarderia-del-imss-en-chiautempan\\\/#breadcrumb\",\"itemListElement\":[{\"@type\":\"ListItem\",\"position\":1,\"name\":\"Inicio\",\"item\":\"https:\\\/\\\/grupohoymexico.com\\\/tlaxcala\\\/\"},{\"@type\":\"ListItem\",\"position\":2,\"name\":\"Acusan a Javier Sol\u00eds Ruiz de apropiaci\u00f3n indebida de guarder\u00eda del IMSS en Chiautempan\"}]},{\"@type\":\"WebSite\",\"@id\":\"https:\\\/\\\/grupohoymexico.com\\\/tlaxcala\\\/#website\",\"url\":\"https:\\\/\\\/grupohoymexico.com\\\/tlaxcala\\\/\",\"name\":\"Tlaxcala Hoy\",\"description\":\"El alma de la naci\u00f3n\",\"potentialAction\":[{\"@type\":\"SearchAction\",\"target\":{\"@type\":\"EntryPoint\",\"urlTemplate\":\"https:\\\/\\\/grupohoymexico.com\\\/tlaxcala\\\/?s={search_term_string}\"},\"query-input\":{\"@type\":\"PropertyValueSpecification\",\"valueRequired\":true,\"valueName\":\"search_term_string\"}}],\"inLanguage\":\"es\"},{\"@type\":\"Person\",\"@id\":\"https:\\\/\\\/grupohoymexico.com\\\/tlaxcala\\\/#\\\/schema\\\/person\\\/98e2425fe99fbbdf486895b69dab3c3d\",\"name\":\"jair\",\"image\":{\"@type\":\"ImageObject\",\"inLanguage\":\"es\",\"@id\":\"https:\\\/\\\/secure.gravatar.com\\\/avatar\\\/ec205dfb8733a1ce1601942dddb04fc9294fb780c832e3c1ec58faa8e4e64e9b?s=96&d=mm&r=g\",\"url\":\"https:\\\/\\\/secure.gravatar.com\\\/avatar\\\/ec205dfb8733a1ce1601942dddb04fc9294fb780c832e3c1ec58faa8e4e64e9b?s=96&d=mm&r=g\",\"contentUrl\":\"https:\\\/\\\/secure.gravatar.com\\\/avatar\\\/ec205dfb8733a1ce1601942dddb04fc9294fb780c832e3c1ec58faa8e4e64e9b?s=96&d=mm&r=g\",\"caption\":\"jair\"},\"url\":\"https:\\\/\\\/grupohoymexico.com\\\/tlaxcala\\\/author\\\/jair\\\/\"}]}<\/script>\n<!-- \/ Yoast SEO Premium plugin. -->","yoast_head_json":{"title":"Acusan a Javier Sol\u00eds Ruiz de apropiaci\u00f3n indebida de guarder\u00eda del IMSS en Chiautempan - Tlaxcala Hoy","description":"Javier Sol\u00eds Ruiz, expresidente de la CANACO Chiautempan, es se\u00f1alado por apropiarse de manera indebida de la guarder\u00eda subrogada del IMSS.","robots":{"index":"index","follow":"follow","max-snippet":"max-snippet:-1","max-image-preview":"max-image-preview:large","max-video-preview":"max-video-preview:-1"},"canonical":"https:\/\/grupohoymexico.com\/tlaxcala\/estatal\/acusan-a-javier-solis-ruiz-de-apropiacion-indebida-de-guarderia-del-imss-en-chiautempan\/","og_locale":"es_MX","og_type":"article","og_title":"Acusan a Javier Sol\u00eds Ruiz de apropiaci\u00f3n indebida de guarder\u00eda del IMSS en Chiautempan","og_description":"Javier Sol\u00eds Ruiz, expresidente de la CANACO Chiautempan, es se\u00f1alado por apropiarse de manera indebida de la guarder\u00eda subrogada del IMSS.","og_url":"https:\/\/grupohoymexico.com\/tlaxcala\/estatal\/acusan-a-javier-solis-ruiz-de-apropiacion-indebida-de-guarderia-del-imss-en-chiautempan\/","og_site_name":"Tlaxcala Hoy","article_published_time":"2025-06-28T23:05:35+00:00","og_image":[{"width":1200,"height":638,"url":"https:\/\/grupohoymexico.com\/tlaxcala\/wp-content\/uploads\/sites\/4\/2025\/06\/photo_2025-06-28_17-01-13.jpg","type":"image\/jpeg"}],"author":"jair","twitter_card":"summary_large_image","twitter_misc":{"Escrito por":"jair","Tiempo de lectura":"3 minutos"},"schema":{"@context":"https:\/\/schema.org","@graph":[{"@type":"Article","@id":"https:\/\/grupohoymexico.com\/tlaxcala\/estatal\/acusan-a-javier-solis-ruiz-de-apropiacion-indebida-de-guarderia-del-imss-en-chiautempan\/#article","isPartOf":{"@id":"https:\/\/grupohoymexico.com\/tlaxcala\/estatal\/acusan-a-javier-solis-ruiz-de-apropiacion-indebida-de-guarderia-del-imss-en-chiautempan\/"},"author":{"name":"jair","@id":"https:\/\/grupohoymexico.com\/tlaxcala\/#\/schema\/person\/98e2425fe99fbbdf486895b69dab3c3d"},"headline":"Acusan a Javier Sol\u00eds Ruiz de apropiaci\u00f3n indebida de guarder\u00eda del IMSS en Chiautempan","datePublished":"2025-06-28T23:05:35+00:00","mainEntityOfPage":{"@id":"https:\/\/grupohoymexico.com\/tlaxcala\/estatal\/acusan-a-javier-solis-ruiz-de-apropiacion-indebida-de-guarderia-del-imss-en-chiautempan\/"},"wordCount":567,"commentCount":0,"image":{"@id":"https:\/\/grupohoymexico.com\/tlaxcala\/estatal\/acusan-a-javier-solis-ruiz-de-apropiacion-indebida-de-guarderia-del-imss-en-chiautempan\/#primaryimage"},"thumbnailUrl":"https:\/\/grupohoymexico.com\/tlaxcala\/wp-content\/uploads\/sites\/4\/2025\/06\/photo_2025-06-28_17-01-13.jpg","articleSection":["Estatal"],"inLanguage":"es","potentialAction":[{"@type":"CommentAction","name":"Comment","target":["https:\/\/grupohoymexico.com\/tlaxcala\/estatal\/acusan-a-javier-solis-ruiz-de-apropiacion-indebida-de-guarderia-del-imss-en-chiautempan\/#respond"]}]},{"@type":"WebPage","@id":"https:\/\/grupohoymexico.com\/tlaxcala\/estatal\/acusan-a-javier-solis-ruiz-de-apropiacion-indebida-de-guarderia-del-imss-en-chiautempan\/","url":"https:\/\/grupohoymexico.com\/tlaxcala\/estatal\/acusan-a-javier-solis-ruiz-de-apropiacion-indebida-de-guarderia-del-imss-en-chiautempan\/","name":"Acusan a Javier Sol\u00eds Ruiz de apropiaci\u00f3n indebida de guarder\u00eda del IMSS en Chiautempan - Tlaxcala Hoy","isPartOf":{"@id":"https:\/\/grupohoymexico.com\/tlaxcala\/#website"},"primaryImageOfPage":{"@id":"https:\/\/grupohoymexico.com\/tlaxcala\/estatal\/acusan-a-javier-solis-ruiz-de-apropiacion-indebida-de-guarderia-del-imss-en-chiautempan\/#primaryimage"},"image":{"@id":"https:\/\/grupohoymexico.com\/tlaxcala\/estatal\/acusan-a-javier-solis-ruiz-de-apropiacion-indebida-de-guarderia-del-imss-en-chiautempan\/#primaryimage"},"thumbnailUrl":"https:\/\/grupohoymexico.com\/tlaxcala\/wp-content\/uploads\/sites\/4\/2025\/06\/photo_2025-06-28_17-01-13.jpg","datePublished":"2025-06-28T23:05:35+00:00","author":{"@id":"https:\/\/grupohoymexico.com\/tlaxcala\/#\/schema\/person\/98e2425fe99fbbdf486895b69dab3c3d"},"description":"Javier Sol\u00eds Ruiz, expresidente de la CANACO Chiautempan, es se\u00f1alado por apropiarse de manera indebida de la guarder\u00eda subrogada del IMSS.","breadcrumb":{"@id":"https:\/\/grupohoymexico.com\/tlaxcala\/estatal\/acusan-a-javier-solis-ruiz-de-apropiacion-indebida-de-guarderia-del-imss-en-chiautempan\/#breadcrumb"},"inLanguage":"es","potentialAction":[{"@type":"ReadAction","target":["https:\/\/grupohoymexico.com\/tlaxcala\/estatal\/acusan-a-javier-solis-ruiz-de-apropiacion-indebida-de-guarderia-del-imss-en-chiautempan\/"]}]},{"@type":"ImageObject","inLanguage":"es","@id":"https:\/\/grupohoymexico.com\/tlaxcala\/estatal\/acusan-a-javier-solis-ruiz-de-apropiacion-indebida-de-guarderia-del-imss-en-chiautempan\/#primaryimage","url":"https:\/\/grupohoymexico.com\/tlaxcala\/wp-content\/uploads\/sites\/4\/2025\/06\/photo_2025-06-28_17-01-13.jpg","contentUrl":"https:\/\/grupohoymexico.com\/tlaxcala\/wp-content\/uploads\/sites\/4\/2025\/06\/photo_2025-06-28_17-01-13.jpg","width":1200,"height":638,"caption":"Foto: Freepik"},{"@type":"BreadcrumbList","@id":"https:\/\/grupohoymexico.com\/tlaxcala\/estatal\/acusan-a-javier-solis-ruiz-de-apropiacion-indebida-de-guarderia-del-imss-en-chiautempan\/#breadcrumb","itemListElement":[{"@type":"ListItem","position":1,"name":"Inicio","item":"https:\/\/grupohoymexico.com\/tlaxcala\/"},{"@type":"ListItem","position":2,"name":"Acusan a Javier Sol\u00eds Ruiz de apropiaci\u00f3n indebida de guarder\u00eda del IMSS en Chiautempan"}]},{"@type":"WebSite","@id":"https:\/\/grupohoymexico.com\/tlaxcala\/#website","url":"https:\/\/grupohoymexico.com\/tlaxcala\/","name":"Tlaxcala Hoy","description":"El alma de la naci\u00f3n","potentialAction":[{"@type":"SearchAction","target":{"@type":"EntryPoint","urlTemplate":"https:\/\/grupohoymexico.com\/tlaxcala\/?s={search_term_string}"},"query-input":{"@type":"PropertyValueSpecification","valueRequired":true,"valueName":"search_term_string"}}],"inLanguage":"es"},{"@type":"Person","@id":"https:\/\/grupohoymexico.com\/tlaxcala\/#\/schema\/person\/98e2425fe99fbbdf486895b69dab3c3d","name":"jair","image":{"@type":"ImageObject","inLanguage":"es","@id":"https:\/\/secure.gravatar.com\/avatar\/ec205dfb8733a1ce1601942dddb04fc9294fb780c832e3c1ec58faa8e4e64e9b?s=96&d=mm&r=g","url":"https:\/\/secure.gravatar.com\/avatar\/ec205dfb8733a1ce1601942dddb04fc9294fb780c832e3c1ec58faa8e4e64e9b?s=96&d=mm&r=g","contentUrl":"https:\/\/secure.gravatar.com\/avatar\/ec205dfb8733a1ce1601942dddb04fc9294fb780c832e3c1ec58faa8e4e64e9b?s=96&d=mm&r=g","caption":"jair"},"url":"https:\/\/grupohoymexico.com\/tlaxcala\/author\/jair\/"}]}},"_links":{"self":[{"href":"https:\/\/grupohoymexico.com\/tlaxcala\/wp-json\/wp\/v2\/posts\/3470","targetHints":{"allow":["GET"]}}],"collection":[{"href":"https:\/\/grupohoymexico.com\/tlaxcala\/wp-json\/wp\/v2\/posts"}],"about":[{"href":"https:\/\/grupohoymexico.com\/tlaxcala\/wp-json\/wp\/v2\/types\/post"}],"author":[{"embeddable":true,"href":"https:\/\/grupohoymexico.com\/tlaxcala\/wp-json\/wp\/v2\/users\/5"}],"replies":[{"embeddable":true,"href":"https:\/\/grupohoymexico.com\/tlaxcala\/wp-json\/wp\/v2\/comments?post=3470"}],"version-history":[{"count":2,"href":"https:\/\/grupohoymexico.com\/tlaxcala\/wp-json\/wp\/v2\/posts\/3470\/revisions"}],"predecessor-version":[{"id":3474,"href":"https:\/\/grupohoymexico.com\/tlaxcala\/wp-json\/wp\/v2\/posts\/3470\/revisions\/3474"}],"wp:featuredmedia":[{"embeddable":true,"href":"https:\/\/grupohoymexico.com\/tlaxcala\/wp-json\/wp\/v2\/media\/3473"}],"wp:attachment":[{"href":"https:\/\/grupohoymexico.com\/tlaxcala\/wp-json\/wp\/v2\/media?parent=3470"}],"wp:term":[{"taxonomy":"category","embeddable":true,"href":"https:\/\/grupohoymexico.com\/tlaxcala\/wp-json\/wp\/v2\/categories?post=3470"},{"taxonomy":"post_tag","embeddable":true,"href":"https:\/\/grupohoymexico.com\/tlaxcala\/wp-json\/wp\/v2\/tags?post=3470"}],"curies":[{"name":"wp","href":"https:\/\/api.w.org\/{rel}","templated":true}]}}