{"id":2421,"date":"2025-04-23T15:36:28","date_gmt":"2025-04-23T15:36:28","guid":{"rendered":"https:\/\/grupohoymexico.com\/tlaxcala\/?p=2421"},"modified":"2025-04-23T15:36:28","modified_gmt":"2025-04-23T15:36:28","slug":"repunte-de-tos-ferina-en-tlaxcala-como-protegerse","status":"publish","type":"post","link":"https:\/\/grupohoymexico.com\/tlaxcala\/estatal\/repunte-de-tos-ferina-en-tlaxcala-como-protegerse\/","title":{"rendered":"Tos ferina en Tlaxcala: Casos aumentan 50% en 2025 y autoridades refuerzan vacunaci\u00f3n"},"content":{"rendered":"<p>La\u00a0<strong>tos ferina<\/strong>, una enfermedad respiratoria altamente contagiosa, est\u00e1 repuntando en Tlaxcala con\u00a0<strong>18 casos confirmados<\/strong>\u00a0en lo que va de 2025, superando en un\u00a0<strong>50%<\/strong>\u00a0las cifras totales de 2019. Seg\u00fan\u00a0<strong>Rigoberto Zamudio Meneses<\/strong>, titular de la\u00a0<strong>Secretar\u00eda de Salud (Sesa)<\/strong>, el estado ya implementa\u00a0<strong>cercos epidemiol\u00f3gicos<\/strong>\u00a0y campa\u00f1as de revacunaci\u00f3n para contener el brote.<\/p>\n<p>Aunque Tlaxcala mantiene una\u00a0<strong>&#8220;muy baja mortalidad&#8221;<\/strong>\u00a0comparada con Puebla, el secretario confirm\u00f3 que\u00a0<strong>un ni\u00f1o falleci\u00f3<\/strong>\u00a0tras ser trasladado desde esa entidad. El menor no figura en las estad\u00edsticas locales porque recibi\u00f3 tratamiento en Puebla, pero su deceso alert\u00f3 a las autoridades. Los municipios m\u00e1s afectados son\u00a0<strong>San Pablo del Monte<\/strong>\u00a0y la zona lim\u00edtrofe entre\u00a0<strong>Chiautempan y Tlaxcala<\/strong>.<\/p>\n<ul>\n<li>\n<p class=\"ds-markdown-paragraph\"><strong>11 son mujeres<\/strong>\u00a0y\u00a0<strong>7 hombres<\/strong>.<\/p>\n<\/li>\n<li>\n<p class=\"ds-markdown-paragraph\">Las edades oscilan entre\u00a0<strong>1 mes y 47 a\u00f1os<\/strong>.<\/p>\n<\/li>\n<li>\n<p class=\"ds-markdown-paragraph\">Los pacientes fueron atendidos en hospitales del\u00a0<strong><a href=\"https:\/\/www.imss.gob.mx\/\">IMSS<\/a>, <a href=\"https:\/\/grupohoymexico.com\/tlaxcala\/estatal\/hospital-del-issste-en-tlaxcala-realiza-su-primera-cirugia-de-columna\/\">ISSSTE<\/a><\/strong>\u00a0y el\u00a0<strong>Hospital Infantil de Tlaxcala<\/strong>.<\/p>\n<\/li>\n<\/ul>\n<p><img fetchpriority=\"high\" decoding=\"async\" class=\"aligncenter\" src=\"https:\/\/scontent.fmex19-1.fna.fbcdn.net\/v\/t39.30808-6\/483485424_974793594785280_3283843487878511496_n.jpg?_nc_cat=102&amp;ccb=1-7&amp;_nc_sid=833d8c&amp;_nc_eui2=AeFSNPRgny7mJhhJJ3ybP5RwBw8JOvHcchwHDwk68dxyHEwhKb9aI-s6JOkG5-qaBOz0ZVB4iOHNHk1PxwFzzuYt&amp;_nc_ohc=4mBHLoA8q1oQ7kNvwHZBifY&amp;_nc_oc=AdmCc5KKwzx3S0YIhs1OEZisDpRdsB5BCUYqMmHAlgaPPDsuxqGHkDlM1r6e7WK3Kez8BZaWTO6j58EvMEKkIypi&amp;_nc_zt=23&amp;_nc_ht=scontent.fmex19-1.fna&amp;_nc_gid=OvL2cJSVGBWdSak8H_D-mQ&amp;oh=00_AfGYFvJjlzo17pFALvHXT9WaAPyl0iIkxaXYExHkdluPSQ&amp;oe=680EC233\" alt=\"Puede ser una imagen de 1 persona, ni\u00f1os, estudiando y texto\" width=\"885\" height=\"590\" \/><\/p>\n<p>Ante el brote, la Sesa orden\u00f3 a unidades m\u00e9dicas de\u00a0<strong>Chiautempan<\/strong>\u00a0habilitar\u00a0<strong>\u00e1reas de aislamiento<\/strong>\u00a0para casos sospechosos. Adem\u00e1s, se aplica vacunaci\u00f3n &#8220;indiscriminada&#8221; en un radio de\u00a0<strong>20 manzanas<\/strong>\u00a0por cada paciente positivo.<\/p>\n<h2><strong>\u00bfPor qu\u00e9 est\u00e1 aumentando la tos ferina?<\/strong><\/h2>\n<p class=\"ds-markdown-paragraph\">Expertos atribuyen el repunte a:<\/p>\n<ol start=\"1\">\n<li>\n<p class=\"ds-markdown-paragraph\"><strong>Baja cobertura de vacunaci\u00f3n<\/strong>\u00a0pospandemia.<\/p>\n<\/li>\n<li>\n<p class=\"ds-markdown-paragraph\"><strong>Movilidad interestatal<\/strong>, especialmente con Puebla (epicentro del brote).<\/p>\n<\/li>\n<li>\n<p class=\"ds-markdown-paragraph\"><strong>Variantes m\u00e1s contagiosas<\/strong>\u00a0del pat\u00f3geno.<\/p>\n<\/li>\n<li>\n<p class=\"ds-markdown-paragraph\"><strong>Diagn\u00f3sticos tard\u00edos<\/strong> por confusi\u00f3n con resfriados comunes.<\/p>\n<\/li>\n<\/ol>\n<p class=\"ds-markdown-paragraph\">El\u00a0<strong>Panorama Epidemiol\u00f3gico federal<\/strong>\u00a0reporta\u00a0<strong>40 casos probables<\/strong>\u00a0en Tlaxcala (semana 15 de 2025), aunque no todos est\u00e1n confirmados. Zamudio aclar\u00f3 que, pese al aumento, no hay\u00a0<strong>letalidad elevada<\/strong>, gracias a las medidas de contenci\u00f3n.<\/p>\n<h2><strong>Recomendaciones clave:\u00a0<\/strong><\/h2>\n<ul>\n<li><strong>Vacunaci\u00f3n<\/strong>: Ni\u00f1os menores de 5 a\u00f1os y embarazadas son prioridad.<\/li>\n<li><strong>S\u00edntomas<\/strong>: Tos violenta con &#8220;silbido&#8221;, fiebre y dificultad para respirar.<\/li>\n<li><strong>Aislamiento<\/strong>: Casos confirmados deben evitar contacto por 3 semanas.<\/li>\n<li><strong>Higiene<\/strong>: Lavado de manos y uso de cubrebocas en zonas de riesgo.<\/li>\n<\/ul>\n<p>La Sesa intensifica la\u00a0<strong>vacunaci\u00f3n en fronteras<\/strong>\u00a0y exige a hospitales protocolos estrictos. Aunque el escenario no es cr\u00edtico, el riesgo persiste.\u00a0<strong>\u00bfLa soluci\u00f3n?<\/strong>\u00a0Recuperar tasas de vacunaci\u00f3n superiores al\u00a0<strong>95%<\/strong>\u00a0y mantener vigilancia activa.<\/p>\n","protected":false},"excerpt":{"rendered":"La\u00a0tos ferina, una enfermedad respiratoria altamente contagiosa, est\u00e1 repuntando en Tlaxcala con\u00a018 casos confirmados\u00a0en lo que va de&hellip;","protected":false},"author":13,"featured_media":2422,"comment_status":"open","ping_status":"open","sticky":false,"template":"","format":"standard","meta":{"csco_display_header_overlay":false,"csco_singular_sidebar":"","csco_page_header_type":"","csco_page_load_nextpost":"","csco_post_video_location":[],"csco_post_video_location_hash":"","csco_post_video_url":"","csco_post_video_bg_start_time":0,"csco_post_video_bg_end_time":0,"footnotes":""},"categories":[172],"tags":[1364,1365,1363],"class_list":{"0":"post-2421","1":"post","2":"type-post","3":"status-publish","4":"format-standard","5":"has-post-thumbnail","7":"category-estatal","8":"tag-nuevos-casos","9":"tag-sesa","10":"tag-vacunacion","11":"cs-entry","12":"cs-video-wrap"},"yoast_head":"<!-- This site is optimized with the Yoast SEO Premium plugin v24.7 (Yoast SEO v27.4) - https:\/\/yoast.com\/product\/yoast-seo-premium-wordpress\/ -->\n<title>Repunte de tos ferina en Tlaxcala: \u00bfC\u00f3mo protegerse?<\/title>\n<meta name=\"description\" content=\"Tlaxcala registra 18 casos de tos ferina en 2025, un 50% m\u00e1s que en todo 2019. Autoridades sanitarias implementan vacunaci\u00f3n intensiva.\" \/>\n<meta name=\"robots\" content=\"index, follow, max-snippet:-1, max-image-preview:large, max-video-preview:-1\" \/>\n<link rel=\"canonical\" href=\"https:\/\/grupohoymexico.com\/tlaxcala\/estatal\/repunte-de-tos-ferina-en-tlaxcala-como-protegerse\/\" \/>\n<meta property=\"og:locale\" content=\"es_MX\" \/>\n<meta property=\"og:type\" content=\"article\" \/>\n<meta property=\"og:title\" content=\"Tos ferina en Tlaxcala: Casos aumentan 50% en 2025 y autoridades refuerzan vacunaci\u00f3n\" \/>\n<meta property=\"og:description\" content=\"Tlaxcala registra 18 casos de tos ferina en 2025, un 50% m\u00e1s que en todo 2019. Autoridades sanitarias implementan vacunaci\u00f3n intensiva.\" \/>\n<meta property=\"og:url\" content=\"https:\/\/grupohoymexico.com\/tlaxcala\/estatal\/repunte-de-tos-ferina-en-tlaxcala-como-protegerse\/\" \/>\n<meta property=\"og:site_name\" content=\"Tlaxcala Hoy\" \/>\n<meta property=\"article:published_time\" content=\"2025-04-23T15:36:28+00:00\" \/>\n<meta property=\"og:image\" content=\"https:\/\/grupohoymexico.com\/tlaxcala\/wp-content\/uploads\/sites\/4\/2025\/04\/Tos-ferina.jpg\" \/>\n\t<meta property=\"og:image:width\" content=\"1201\" \/>\n\t<meta property=\"og:image:height\" content=\"639\" \/>\n\t<meta property=\"og:image:type\" content=\"image\/jpeg\" \/>\n<meta name=\"author\" content=\"abigail\" \/>\n<meta name=\"twitter:card\" content=\"summary_large_image\" \/>\n<meta name=\"twitter:label1\" content=\"Escrito por\" \/>\n\t<meta name=\"twitter:data1\" content=\"abigail\" \/>\n\t<meta name=\"twitter:label2\" content=\"Tiempo de lectura\" \/>\n\t<meta name=\"twitter:data2\" content=\"2 minutos\" \/>\n<script type=\"application\/ld+json\" class=\"yoast-schema-graph\">{\"@context\":\"https:\\\/\\\/schema.org\",\"@graph\":[{\"@type\":\"Article\",\"@id\":\"https:\\\/\\\/grupohoymexico.com\\\/tlaxcala\\\/estatal\\\/repunte-de-tos-ferina-en-tlaxcala-como-protegerse\\\/#article\",\"isPartOf\":{\"@id\":\"https:\\\/\\\/grupohoymexico.com\\\/tlaxcala\\\/estatal\\\/repunte-de-tos-ferina-en-tlaxcala-como-protegerse\\\/\"},\"author\":{\"name\":\"abigail\",\"@id\":\"https:\\\/\\\/grupohoymexico.com\\\/tlaxcala\\\/#\\\/schema\\\/person\\\/6465a81f74f8fe935623ced453f2c826\"},\"headline\":\"Tos ferina en Tlaxcala: Casos aumentan 50% en 2025 y autoridades refuerzan vacunaci\u00f3n\",\"datePublished\":\"2025-04-23T15:36:28+00:00\",\"mainEntityOfPage\":{\"@id\":\"https:\\\/\\\/grupohoymexico.com\\\/tlaxcala\\\/estatal\\\/repunte-de-tos-ferina-en-tlaxcala-como-protegerse\\\/\"},\"wordCount\":356,\"commentCount\":0,\"image\":{\"@id\":\"https:\\\/\\\/grupohoymexico.com\\\/tlaxcala\\\/estatal\\\/repunte-de-tos-ferina-en-tlaxcala-como-protegerse\\\/#primaryimage\"},\"thumbnailUrl\":\"https:\\\/\\\/grupohoymexico.com\\\/tlaxcala\\\/wp-content\\\/uploads\\\/sites\\\/4\\\/2025\\\/04\\\/Tos-ferina.jpg\",\"keywords\":[\"Nuevos casos\",\"Sesa\",\"Vacunaci\u00f3n\"],\"articleSection\":[\"Estatal\"],\"inLanguage\":\"es\",\"potentialAction\":[{\"@type\":\"CommentAction\",\"name\":\"Comment\",\"target\":[\"https:\\\/\\\/grupohoymexico.com\\\/tlaxcala\\\/estatal\\\/repunte-de-tos-ferina-en-tlaxcala-como-protegerse\\\/#respond\"]}]},{\"@type\":\"WebPage\",\"@id\":\"https:\\\/\\\/grupohoymexico.com\\\/tlaxcala\\\/estatal\\\/repunte-de-tos-ferina-en-tlaxcala-como-protegerse\\\/\",\"url\":\"https:\\\/\\\/grupohoymexico.com\\\/tlaxcala\\\/estatal\\\/repunte-de-tos-ferina-en-tlaxcala-como-protegerse\\\/\",\"name\":\"Repunte de tos ferina en Tlaxcala: \u00bfC\u00f3mo protegerse?\",\"isPartOf\":{\"@id\":\"https:\\\/\\\/grupohoymexico.com\\\/tlaxcala\\\/#website\"},\"primaryImageOfPage\":{\"@id\":\"https:\\\/\\\/grupohoymexico.com\\\/tlaxcala\\\/estatal\\\/repunte-de-tos-ferina-en-tlaxcala-como-protegerse\\\/#primaryimage\"},\"image\":{\"@id\":\"https:\\\/\\\/grupohoymexico.com\\\/tlaxcala\\\/estatal\\\/repunte-de-tos-ferina-en-tlaxcala-como-protegerse\\\/#primaryimage\"},\"thumbnailUrl\":\"https:\\\/\\\/grupohoymexico.com\\\/tlaxcala\\\/wp-content\\\/uploads\\\/sites\\\/4\\\/2025\\\/04\\\/Tos-ferina.jpg\",\"datePublished\":\"2025-04-23T15:36:28+00:00\",\"author\":{\"@id\":\"https:\\\/\\\/grupohoymexico.com\\\/tlaxcala\\\/#\\\/schema\\\/person\\\/6465a81f74f8fe935623ced453f2c826\"},\"description\":\"Tlaxcala registra 18 casos de tos ferina en 2025, un 50% m\u00e1s que en todo 2019. Autoridades sanitarias implementan vacunaci\u00f3n intensiva.\",\"breadcrumb\":{\"@id\":\"https:\\\/\\\/grupohoymexico.com\\\/tlaxcala\\\/estatal\\\/repunte-de-tos-ferina-en-tlaxcala-como-protegerse\\\/#breadcrumb\"},\"inLanguage\":\"es\",\"potentialAction\":[{\"@type\":\"ReadAction\",\"target\":[\"https:\\\/\\\/grupohoymexico.com\\\/tlaxcala\\\/estatal\\\/repunte-de-tos-ferina-en-tlaxcala-como-protegerse\\\/\"]}]},{\"@type\":\"ImageObject\",\"inLanguage\":\"es\",\"@id\":\"https:\\\/\\\/grupohoymexico.com\\\/tlaxcala\\\/estatal\\\/repunte-de-tos-ferina-en-tlaxcala-como-protegerse\\\/#primaryimage\",\"url\":\"https:\\\/\\\/grupohoymexico.com\\\/tlaxcala\\\/wp-content\\\/uploads\\\/sites\\\/4\\\/2025\\\/04\\\/Tos-ferina.jpg\",\"contentUrl\":\"https:\\\/\\\/grupohoymexico.com\\\/tlaxcala\\\/wp-content\\\/uploads\\\/sites\\\/4\\\/2025\\\/04\\\/Tos-ferina.jpg\",\"width\":1201,\"height\":639},{\"@type\":\"BreadcrumbList\",\"@id\":\"https:\\\/\\\/grupohoymexico.com\\\/tlaxcala\\\/estatal\\\/repunte-de-tos-ferina-en-tlaxcala-como-protegerse\\\/#breadcrumb\",\"itemListElement\":[{\"@type\":\"ListItem\",\"position\":1,\"name\":\"Inicio\",\"item\":\"https:\\\/\\\/grupohoymexico.com\\\/tlaxcala\\\/\"},{\"@type\":\"ListItem\",\"position\":2,\"name\":\"Tos ferina en Tlaxcala: Casos aumentan 50% en 2025 y autoridades refuerzan vacunaci\u00f3n\"}]},{\"@type\":\"WebSite\",\"@id\":\"https:\\\/\\\/grupohoymexico.com\\\/tlaxcala\\\/#website\",\"url\":\"https:\\\/\\\/grupohoymexico.com\\\/tlaxcala\\\/\",\"name\":\"Tlaxcala Hoy\",\"description\":\"El alma de la naci\u00f3n\",\"potentialAction\":[{\"@type\":\"SearchAction\",\"target\":{\"@type\":\"EntryPoint\",\"urlTemplate\":\"https:\\\/\\\/grupohoymexico.com\\\/tlaxcala\\\/?s={search_term_string}\"},\"query-input\":{\"@type\":\"PropertyValueSpecification\",\"valueRequired\":true,\"valueName\":\"search_term_string\"}}],\"inLanguage\":\"es\"},{\"@type\":\"Person\",\"@id\":\"https:\\\/\\\/grupohoymexico.com\\\/tlaxcala\\\/#\\\/schema\\\/person\\\/6465a81f74f8fe935623ced453f2c826\",\"name\":\"abigail\",\"image\":{\"@type\":\"ImageObject\",\"inLanguage\":\"es\",\"@id\":\"https:\\\/\\\/secure.gravatar.com\\\/avatar\\\/19e4cc706671384d4deef22e8ad915a9a269e11caaed9bd4611ed15f63900141?s=96&d=mm&r=g\",\"url\":\"https:\\\/\\\/secure.gravatar.com\\\/avatar\\\/19e4cc706671384d4deef22e8ad915a9a269e11caaed9bd4611ed15f63900141?s=96&d=mm&r=g\",\"contentUrl\":\"https:\\\/\\\/secure.gravatar.com\\\/avatar\\\/19e4cc706671384d4deef22e8ad915a9a269e11caaed9bd4611ed15f63900141?s=96&d=mm&r=g\",\"caption\":\"abigail\"},\"url\":\"https:\\\/\\\/grupohoymexico.com\\\/tlaxcala\\\/author\\\/abigail\\\/\"}]}<\/script>\n<!-- \/ Yoast SEO Premium plugin. -->","yoast_head_json":{"title":"Repunte de tos ferina en Tlaxcala: \u00bfC\u00f3mo protegerse?","description":"Tlaxcala registra 18 casos de tos ferina en 2025, un 50% m\u00e1s que en todo 2019. Autoridades sanitarias implementan vacunaci\u00f3n intensiva.","robots":{"index":"index","follow":"follow","max-snippet":"max-snippet:-1","max-image-preview":"max-image-preview:large","max-video-preview":"max-video-preview:-1"},"canonical":"https:\/\/grupohoymexico.com\/tlaxcala\/estatal\/repunte-de-tos-ferina-en-tlaxcala-como-protegerse\/","og_locale":"es_MX","og_type":"article","og_title":"Tos ferina en Tlaxcala: Casos aumentan 50% en 2025 y autoridades refuerzan vacunaci\u00f3n","og_description":"Tlaxcala registra 18 casos de tos ferina en 2025, un 50% m\u00e1s que en todo 2019. Autoridades sanitarias implementan vacunaci\u00f3n intensiva.","og_url":"https:\/\/grupohoymexico.com\/tlaxcala\/estatal\/repunte-de-tos-ferina-en-tlaxcala-como-protegerse\/","og_site_name":"Tlaxcala Hoy","article_published_time":"2025-04-23T15:36:28+00:00","og_image":[{"width":1201,"height":639,"url":"https:\/\/grupohoymexico.com\/tlaxcala\/wp-content\/uploads\/sites\/4\/2025\/04\/Tos-ferina.jpg","type":"image\/jpeg"}],"author":"abigail","twitter_card":"summary_large_image","twitter_misc":{"Escrito por":"abigail","Tiempo de lectura":"2 minutos"},"schema":{"@context":"https:\/\/schema.org","@graph":[{"@type":"Article","@id":"https:\/\/grupohoymexico.com\/tlaxcala\/estatal\/repunte-de-tos-ferina-en-tlaxcala-como-protegerse\/#article","isPartOf":{"@id":"https:\/\/grupohoymexico.com\/tlaxcala\/estatal\/repunte-de-tos-ferina-en-tlaxcala-como-protegerse\/"},"author":{"name":"abigail","@id":"https:\/\/grupohoymexico.com\/tlaxcala\/#\/schema\/person\/6465a81f74f8fe935623ced453f2c826"},"headline":"Tos ferina en Tlaxcala: Casos aumentan 50% en 2025 y autoridades refuerzan vacunaci\u00f3n","datePublished":"2025-04-23T15:36:28+00:00","mainEntityOfPage":{"@id":"https:\/\/grupohoymexico.com\/tlaxcala\/estatal\/repunte-de-tos-ferina-en-tlaxcala-como-protegerse\/"},"wordCount":356,"commentCount":0,"image":{"@id":"https:\/\/grupohoymexico.com\/tlaxcala\/estatal\/repunte-de-tos-ferina-en-tlaxcala-como-protegerse\/#primaryimage"},"thumbnailUrl":"https:\/\/grupohoymexico.com\/tlaxcala\/wp-content\/uploads\/sites\/4\/2025\/04\/Tos-ferina.jpg","keywords":["Nuevos casos","Sesa","Vacunaci\u00f3n"],"articleSection":["Estatal"],"inLanguage":"es","potentialAction":[{"@type":"CommentAction","name":"Comment","target":["https:\/\/grupohoymexico.com\/tlaxcala\/estatal\/repunte-de-tos-ferina-en-tlaxcala-como-protegerse\/#respond"]}]},{"@type":"WebPage","@id":"https:\/\/grupohoymexico.com\/tlaxcala\/estatal\/repunte-de-tos-ferina-en-tlaxcala-como-protegerse\/","url":"https:\/\/grupohoymexico.com\/tlaxcala\/estatal\/repunte-de-tos-ferina-en-tlaxcala-como-protegerse\/","name":"Repunte de tos ferina en Tlaxcala: \u00bfC\u00f3mo protegerse?","isPartOf":{"@id":"https:\/\/grupohoymexico.com\/tlaxcala\/#website"},"primaryImageOfPage":{"@id":"https:\/\/grupohoymexico.com\/tlaxcala\/estatal\/repunte-de-tos-ferina-en-tlaxcala-como-protegerse\/#primaryimage"},"image":{"@id":"https:\/\/grupohoymexico.com\/tlaxcala\/estatal\/repunte-de-tos-ferina-en-tlaxcala-como-protegerse\/#primaryimage"},"thumbnailUrl":"https:\/\/grupohoymexico.com\/tlaxcala\/wp-content\/uploads\/sites\/4\/2025\/04\/Tos-ferina.jpg","datePublished":"2025-04-23T15:36:28+00:00","author":{"@id":"https:\/\/grupohoymexico.com\/tlaxcala\/#\/schema\/person\/6465a81f74f8fe935623ced453f2c826"},"description":"Tlaxcala registra 18 casos de tos ferina en 2025, un 50% m\u00e1s que en todo 2019. Autoridades sanitarias implementan vacunaci\u00f3n intensiva.","breadcrumb":{"@id":"https:\/\/grupohoymexico.com\/tlaxcala\/estatal\/repunte-de-tos-ferina-en-tlaxcala-como-protegerse\/#breadcrumb"},"inLanguage":"es","potentialAction":[{"@type":"ReadAction","target":["https:\/\/grupohoymexico.com\/tlaxcala\/estatal\/repunte-de-tos-ferina-en-tlaxcala-como-protegerse\/"]}]},{"@type":"ImageObject","inLanguage":"es","@id":"https:\/\/grupohoymexico.com\/tlaxcala\/estatal\/repunte-de-tos-ferina-en-tlaxcala-como-protegerse\/#primaryimage","url":"https:\/\/grupohoymexico.com\/tlaxcala\/wp-content\/uploads\/sites\/4\/2025\/04\/Tos-ferina.jpg","contentUrl":"https:\/\/grupohoymexico.com\/tlaxcala\/wp-content\/uploads\/sites\/4\/2025\/04\/Tos-ferina.jpg","width":1201,"height":639},{"@type":"BreadcrumbList","@id":"https:\/\/grupohoymexico.com\/tlaxcala\/estatal\/repunte-de-tos-ferina-en-tlaxcala-como-protegerse\/#breadcrumb","itemListElement":[{"@type":"ListItem","position":1,"name":"Inicio","item":"https:\/\/grupohoymexico.com\/tlaxcala\/"},{"@type":"ListItem","position":2,"name":"Tos ferina en Tlaxcala: Casos aumentan 50% en 2025 y autoridades refuerzan vacunaci\u00f3n"}]},{"@type":"WebSite","@id":"https:\/\/grupohoymexico.com\/tlaxcala\/#website","url":"https:\/\/grupohoymexico.com\/tlaxcala\/","name":"Tlaxcala Hoy","description":"El alma de la naci\u00f3n","potentialAction":[{"@type":"SearchAction","target":{"@type":"EntryPoint","urlTemplate":"https:\/\/grupohoymexico.com\/tlaxcala\/?s={search_term_string}"},"query-input":{"@type":"PropertyValueSpecification","valueRequired":true,"valueName":"search_term_string"}}],"inLanguage":"es"},{"@type":"Person","@id":"https:\/\/grupohoymexico.com\/tlaxcala\/#\/schema\/person\/6465a81f74f8fe935623ced453f2c826","name":"abigail","image":{"@type":"ImageObject","inLanguage":"es","@id":"https:\/\/secure.gravatar.com\/avatar\/19e4cc706671384d4deef22e8ad915a9a269e11caaed9bd4611ed15f63900141?s=96&d=mm&r=g","url":"https:\/\/secure.gravatar.com\/avatar\/19e4cc706671384d4deef22e8ad915a9a269e11caaed9bd4611ed15f63900141?s=96&d=mm&r=g","contentUrl":"https:\/\/secure.gravatar.com\/avatar\/19e4cc706671384d4deef22e8ad915a9a269e11caaed9bd4611ed15f63900141?s=96&d=mm&r=g","caption":"abigail"},"url":"https:\/\/grupohoymexico.com\/tlaxcala\/author\/abigail\/"}]}},"_links":{"self":[{"href":"https:\/\/grupohoymexico.com\/tlaxcala\/wp-json\/wp\/v2\/posts\/2421","targetHints":{"allow":["GET"]}}],"collection":[{"href":"https:\/\/grupohoymexico.com\/tlaxcala\/wp-json\/wp\/v2\/posts"}],"about":[{"href":"https:\/\/grupohoymexico.com\/tlaxcala\/wp-json\/wp\/v2\/types\/post"}],"author":[{"embeddable":true,"href":"https:\/\/grupohoymexico.com\/tlaxcala\/wp-json\/wp\/v2\/users\/13"}],"replies":[{"embeddable":true,"href":"https:\/\/grupohoymexico.com\/tlaxcala\/wp-json\/wp\/v2\/comments?post=2421"}],"version-history":[{"count":1,"href":"https:\/\/grupohoymexico.com\/tlaxcala\/wp-json\/wp\/v2\/posts\/2421\/revisions"}],"predecessor-version":[{"id":2423,"href":"https:\/\/grupohoymexico.com\/tlaxcala\/wp-json\/wp\/v2\/posts\/2421\/revisions\/2423"}],"wp:featuredmedia":[{"embeddable":true,"href":"https:\/\/grupohoymexico.com\/tlaxcala\/wp-json\/wp\/v2\/media\/2422"}],"wp:attachment":[{"href":"https:\/\/grupohoymexico.com\/tlaxcala\/wp-json\/wp\/v2\/media?parent=2421"}],"wp:term":[{"taxonomy":"category","embeddable":true,"href":"https:\/\/grupohoymexico.com\/tlaxcala\/wp-json\/wp\/v2\/categories?post=2421"},{"taxonomy":"post_tag","embeddable":true,"href":"https:\/\/grupohoymexico.com\/tlaxcala\/wp-json\/wp\/v2\/tags?post=2421"}],"curies":[{"name":"wp","href":"https:\/\/api.w.org\/{rel}","templated":true}]}}