{"id":2415,"date":"2025-04-22T18:42:41","date_gmt":"2025-04-22T18:42:41","guid":{"rendered":"https:\/\/grupohoymexico.com\/tlaxcala\/?p=2415"},"modified":"2025-04-22T18:42:51","modified_gmt":"2025-04-22T18:42:51","slug":"universidad-rosario-castellanos-tlaxcala-primera-generacion-inicia-en-agosto","status":"publish","type":"post","link":"https:\/\/grupohoymexico.com\/tlaxcala\/estatal\/universidad-rosario-castellanos-tlaxcala-primera-generacion-inicia-en-agosto\/","title":{"rendered":"Universidad Rosario Castellanos Tlaxcala: Primera generaci\u00f3n inicia en agosto"},"content":{"rendered":"<p>La <strong>Universidad Nacional Rosario Castellanos (UNRC)<\/strong> se alista para abrir su campus en <strong>Tlaxcala<\/strong>, ubicado en <strong>San Luis Teolocholco<\/strong>, con el objetivo de recibir a<strong> dos mil estudiantes<\/strong> en su primera generaci\u00f3n que comenzar\u00e1 en <strong>agosto.<\/strong><\/p>\n<p>Aunque los <strong>programas de licenciatura<\/strong> a\u00fan est\u00e1n siendo definidos, ya se confirm\u00f3 la aplicaci\u00f3n de una<strong> maestr\u00eda en derechos humanos y cultura de paz<\/strong>, dise\u00f1ada para responder a las necesidades de la regi\u00f3n, seg\u00fan lo informado por <strong>Homero Meneses Hern\u00e1ndez, titular de la <a href=\"https:\/\/septlaxcala.gob.mx\/web\/convocatorias\/\">Secretar\u00eda de Educaci\u00f3n P\u00fablica del Estado (Sepe).<\/a><\/strong><\/p>\n<h2><strong>Oferta acad\u00e9mica y modalidades adaptadas a las necesidades locales<\/strong><\/h2>\n<p>La<strong> Universidad Rosario Castellanos<\/strong>\u00a0ofrecer\u00e1 educaci\u00f3n gratuita, con las licenciaturas definidas a partir de un proceso de estudios de factibilidad y encuestas dirigidas a la comunidad. <strong>Este enfoque busca garantizar que las carreras seleccionadas tengan relevancia laboral y respondan a las expectativas de la regi\u00f3n.<\/strong><\/p>\n<p>Para ello, se organizar\u00e1n <strong>asambleas con estudiantes, padres y miembros de la comunidad<\/strong>, donde se discutir\u00e1n las opciones de formaci\u00f3n que mejor se adapten a las necesidades de desarrollo local.<\/p>\n<p>Adem\u00e1s, la universidad brindar\u00e1 una segunda oportunidad educativa a <strong>aquellos estudiantes que no pudieron terminar su licenciatura<\/strong>. Se est\u00e1 evaluando la posibilidad de permitir que estos alumnos retomen sus estudios, <strong>sin el costo de colegiaturas ni inscripciones<\/strong>, en un esfuerzo por reducir la brecha educativa.<\/p>\n<h2><strong>Universidad Nacional Rosario Castellanos Tlaxcala: Infraestructura provisional y futuros planes de inauguraci\u00f3n<\/strong><\/h2>\n<p>La universidad comenzar\u00e1 actividades en <strong>agosto<\/strong> utilizando instalaciones provisionales cedidas por el<strong> municipio de Teolocholco<\/strong>, que estar\u00e1n equipadas con <strong>aulas y oficinas administrativas.<\/strong> Mientras tanto, se contin\u00faa trabajando en el edificio principal, cuya inauguraci\u00f3n est\u00e1 prevista para principios de<strong> 2026<\/strong>, con la presencia de la <a href=\"https:\/\/grupohoymexico.com\/tlaxcala\/estatal\/claudia-sheinbaum-lidera-el-rescate-del-rio-atoyac-y-el-desarrollo-educativo-en-tlaxcala\/\"><strong>presidenta de M\u00e9xico, Claudia Sheinbaum.<\/strong><\/a><\/p>\n","protected":false},"excerpt":{"rendered":"La Universidad Nacional Rosario Castellanos (UNRC) se alista para abrir su campus en Tlaxcala, ubicado en San Luis&hellip;","protected":false},"author":1,"featured_media":2416,"comment_status":"open","ping_status":"open","sticky":false,"template":"","format":"standard","meta":{"csco_display_header_overlay":false,"csco_singular_sidebar":"","csco_page_header_type":"","csco_page_load_nextpost":"","csco_post_video_location":[],"csco_post_video_location_hash":"","csco_post_video_url":"","csco_post_video_bg_start_time":0,"csco_post_video_bg_end_time":0,"footnotes":""},"categories":[172],"tags":[1359,207,1361,1362,1360,229,1358],"class_list":{"0":"post-2415","1":"post","2":"type-post","3":"status-publish","4":"format-standard","5":"has-post-thumbnail","7":"category-estatal","8":"tag-agosto","9":"tag-educacion","10":"tag-homero-meneses-hernandez","11":"tag-san-luis-teolocholco","12":"tag-secretaria-de-educacion-publica-del-estado-sepe","13":"tag-tlaxcala","14":"tag-universidad-rosario-castellanos","15":"cs-entry","16":"cs-video-wrap"},"yoast_head":"<!-- This site is optimized with the Yoast SEO Premium plugin v24.7 (Yoast SEO v27.4) - https:\/\/yoast.com\/product\/yoast-seo-premium-wordpress\/ -->\n<title>Universidad Rosario Castellanos Tlaxcala: Primera generaci\u00f3n inicia en agosto - Tlaxcala Hoy<\/title>\n<meta name=\"description\" content=\"La Universidad Nacional Rosario Castellanos abrir\u00e1 su campus en Tlaxcala en agosto, con programas gratuitos.\" \/>\n<meta name=\"robots\" content=\"index, follow, max-snippet:-1, max-image-preview:large, max-video-preview:-1\" \/>\n<link rel=\"canonical\" href=\"https:\/\/grupohoymexico.com\/tlaxcala\/estatal\/universidad-rosario-castellanos-tlaxcala-primera-generacion-inicia-en-agosto\/\" \/>\n<meta property=\"og:locale\" content=\"es_MX\" \/>\n<meta property=\"og:type\" content=\"article\" \/>\n<meta property=\"og:title\" content=\"Universidad Rosario Castellanos Tlaxcala: Primera generaci\u00f3n inicia en agosto\" \/>\n<meta property=\"og:description\" content=\"La Universidad Nacional Rosario Castellanos abrir\u00e1 su campus en Tlaxcala en agosto, con programas gratuitos.\" \/>\n<meta property=\"og:url\" content=\"https:\/\/grupohoymexico.com\/tlaxcala\/estatal\/universidad-rosario-castellanos-tlaxcala-primera-generacion-inicia-en-agosto\/\" \/>\n<meta property=\"og:site_name\" content=\"Tlaxcala Hoy\" \/>\n<meta property=\"article:published_time\" content=\"2025-04-22T18:42:41+00:00\" \/>\n<meta property=\"article:modified_time\" content=\"2025-04-22T18:42:51+00:00\" \/>\n<meta property=\"og:image\" content=\"https:\/\/grupohoymexico.com\/tlaxcala\/wp-content\/uploads\/sites\/4\/2025\/04\/4915904346370190814.jpg\" \/>\n\t<meta property=\"og:image:width\" content=\"1280\" \/>\n\t<meta property=\"og:image:height\" content=\"680\" \/>\n\t<meta property=\"og:image:type\" content=\"image\/jpeg\" \/>\n<meta name=\"author\" content=\"user\" \/>\n<meta name=\"twitter:card\" content=\"summary_large_image\" \/>\n<meta name=\"twitter:label1\" content=\"Escrito por\" \/>\n\t<meta name=\"twitter:data1\" content=\"user\" \/>\n\t<meta name=\"twitter:label2\" content=\"Tiempo de lectura\" \/>\n\t<meta name=\"twitter:data2\" content=\"2 minutos\" \/>\n<script type=\"application\/ld+json\" class=\"yoast-schema-graph\">{\"@context\":\"https:\\\/\\\/schema.org\",\"@graph\":[{\"@type\":\"Article\",\"@id\":\"https:\\\/\\\/grupohoymexico.com\\\/tlaxcala\\\/estatal\\\/universidad-rosario-castellanos-tlaxcala-primera-generacion-inicia-en-agosto\\\/#article\",\"isPartOf\":{\"@id\":\"https:\\\/\\\/grupohoymexico.com\\\/tlaxcala\\\/estatal\\\/universidad-rosario-castellanos-tlaxcala-primera-generacion-inicia-en-agosto\\\/\"},\"author\":{\"name\":\"user\",\"@id\":\"https:\\\/\\\/grupohoymexico.com\\\/tlaxcala\\\/#\\\/schema\\\/person\\\/ce6086ac837852775a3a4f539356c297\"},\"headline\":\"Universidad Rosario Castellanos Tlaxcala: Primera generaci\u00f3n inicia en agosto\",\"datePublished\":\"2025-04-22T18:42:41+00:00\",\"dateModified\":\"2025-04-22T18:42:51+00:00\",\"mainEntityOfPage\":{\"@id\":\"https:\\\/\\\/grupohoymexico.com\\\/tlaxcala\\\/estatal\\\/universidad-rosario-castellanos-tlaxcala-primera-generacion-inicia-en-agosto\\\/\"},\"wordCount\":310,\"commentCount\":0,\"image\":{\"@id\":\"https:\\\/\\\/grupohoymexico.com\\\/tlaxcala\\\/estatal\\\/universidad-rosario-castellanos-tlaxcala-primera-generacion-inicia-en-agosto\\\/#primaryimage\"},\"thumbnailUrl\":\"https:\\\/\\\/grupohoymexico.com\\\/tlaxcala\\\/wp-content\\\/uploads\\\/sites\\\/4\\\/2025\\\/04\\\/4915904346370190814.jpg\",\"keywords\":[\"agosto\",\"Educaci\u00f3n\",\"Homero Meneses Hern\u00e1ndez\",\"San Luis Teolocholco\",\"Secretar\u00eda de Educaci\u00f3n P\u00fablica del Estado (Sepe).\",\"Tlaxcala\",\"Universidad Rosario Castellanos\"],\"articleSection\":[\"Estatal\"],\"inLanguage\":\"es\",\"potentialAction\":[{\"@type\":\"CommentAction\",\"name\":\"Comment\",\"target\":[\"https:\\\/\\\/grupohoymexico.com\\\/tlaxcala\\\/estatal\\\/universidad-rosario-castellanos-tlaxcala-primera-generacion-inicia-en-agosto\\\/#respond\"]}]},{\"@type\":\"WebPage\",\"@id\":\"https:\\\/\\\/grupohoymexico.com\\\/tlaxcala\\\/estatal\\\/universidad-rosario-castellanos-tlaxcala-primera-generacion-inicia-en-agosto\\\/\",\"url\":\"https:\\\/\\\/grupohoymexico.com\\\/tlaxcala\\\/estatal\\\/universidad-rosario-castellanos-tlaxcala-primera-generacion-inicia-en-agosto\\\/\",\"name\":\"Universidad Rosario Castellanos Tlaxcala: Primera generaci\u00f3n inicia en agosto - Tlaxcala Hoy\",\"isPartOf\":{\"@id\":\"https:\\\/\\\/grupohoymexico.com\\\/tlaxcala\\\/#website\"},\"primaryImageOfPage\":{\"@id\":\"https:\\\/\\\/grupohoymexico.com\\\/tlaxcala\\\/estatal\\\/universidad-rosario-castellanos-tlaxcala-primera-generacion-inicia-en-agosto\\\/#primaryimage\"},\"image\":{\"@id\":\"https:\\\/\\\/grupohoymexico.com\\\/tlaxcala\\\/estatal\\\/universidad-rosario-castellanos-tlaxcala-primera-generacion-inicia-en-agosto\\\/#primaryimage\"},\"thumbnailUrl\":\"https:\\\/\\\/grupohoymexico.com\\\/tlaxcala\\\/wp-content\\\/uploads\\\/sites\\\/4\\\/2025\\\/04\\\/4915904346370190814.jpg\",\"datePublished\":\"2025-04-22T18:42:41+00:00\",\"dateModified\":\"2025-04-22T18:42:51+00:00\",\"author\":{\"@id\":\"https:\\\/\\\/grupohoymexico.com\\\/tlaxcala\\\/#\\\/schema\\\/person\\\/ce6086ac837852775a3a4f539356c297\"},\"description\":\"La Universidad Nacional Rosario Castellanos abrir\u00e1 su campus en Tlaxcala en agosto, con programas gratuitos.\",\"breadcrumb\":{\"@id\":\"https:\\\/\\\/grupohoymexico.com\\\/tlaxcala\\\/estatal\\\/universidad-rosario-castellanos-tlaxcala-primera-generacion-inicia-en-agosto\\\/#breadcrumb\"},\"inLanguage\":\"es\",\"potentialAction\":[{\"@type\":\"ReadAction\",\"target\":[\"https:\\\/\\\/grupohoymexico.com\\\/tlaxcala\\\/estatal\\\/universidad-rosario-castellanos-tlaxcala-primera-generacion-inicia-en-agosto\\\/\"]}]},{\"@type\":\"ImageObject\",\"inLanguage\":\"es\",\"@id\":\"https:\\\/\\\/grupohoymexico.com\\\/tlaxcala\\\/estatal\\\/universidad-rosario-castellanos-tlaxcala-primera-generacion-inicia-en-agosto\\\/#primaryimage\",\"url\":\"https:\\\/\\\/grupohoymexico.com\\\/tlaxcala\\\/wp-content\\\/uploads\\\/sites\\\/4\\\/2025\\\/04\\\/4915904346370190814.jpg\",\"contentUrl\":\"https:\\\/\\\/grupohoymexico.com\\\/tlaxcala\\\/wp-content\\\/uploads\\\/sites\\\/4\\\/2025\\\/04\\\/4915904346370190814.jpg\",\"width\":1280,\"height\":680,\"caption\":\"Universidad Rosario Castellanos Tlaxcala\"},{\"@type\":\"BreadcrumbList\",\"@id\":\"https:\\\/\\\/grupohoymexico.com\\\/tlaxcala\\\/estatal\\\/universidad-rosario-castellanos-tlaxcala-primera-generacion-inicia-en-agosto\\\/#breadcrumb\",\"itemListElement\":[{\"@type\":\"ListItem\",\"position\":1,\"name\":\"Inicio\",\"item\":\"https:\\\/\\\/grupohoymexico.com\\\/tlaxcala\\\/\"},{\"@type\":\"ListItem\",\"position\":2,\"name\":\"Universidad Rosario Castellanos Tlaxcala: Primera generaci\u00f3n inicia en agosto\"}]},{\"@type\":\"WebSite\",\"@id\":\"https:\\\/\\\/grupohoymexico.com\\\/tlaxcala\\\/#website\",\"url\":\"https:\\\/\\\/grupohoymexico.com\\\/tlaxcala\\\/\",\"name\":\"Tlaxcala Hoy\",\"description\":\"El alma de la naci\u00f3n\",\"potentialAction\":[{\"@type\":\"SearchAction\",\"target\":{\"@type\":\"EntryPoint\",\"urlTemplate\":\"https:\\\/\\\/grupohoymexico.com\\\/tlaxcala\\\/?s={search_term_string}\"},\"query-input\":{\"@type\":\"PropertyValueSpecification\",\"valueRequired\":true,\"valueName\":\"search_term_string\"}}],\"inLanguage\":\"es\"},{\"@type\":\"Person\",\"@id\":\"https:\\\/\\\/grupohoymexico.com\\\/tlaxcala\\\/#\\\/schema\\\/person\\\/ce6086ac837852775a3a4f539356c297\",\"name\":\"user\",\"image\":{\"@type\":\"ImageObject\",\"inLanguage\":\"es\",\"@id\":\"https:\\\/\\\/secure.gravatar.com\\\/avatar\\\/25f78de4fa956f6f7c01f8d96f8087d8958ebe06d57e630cd54e36aefb9dacea?s=96&d=mm&r=g\",\"url\":\"https:\\\/\\\/secure.gravatar.com\\\/avatar\\\/25f78de4fa956f6f7c01f8d96f8087d8958ebe06d57e630cd54e36aefb9dacea?s=96&d=mm&r=g\",\"contentUrl\":\"https:\\\/\\\/secure.gravatar.com\\\/avatar\\\/25f78de4fa956f6f7c01f8d96f8087d8958ebe06d57e630cd54e36aefb9dacea?s=96&d=mm&r=g\",\"caption\":\"user\"},\"sameAs\":[\"http:\\\/\\\/44.197.188.197.nip.io\"],\"url\":\"https:\\\/\\\/grupohoymexico.com\\\/tlaxcala\\\/author\\\/user\\\/\"}]}<\/script>\n<!-- \/ Yoast SEO Premium plugin. -->","yoast_head_json":{"title":"Universidad Rosario Castellanos Tlaxcala: Primera generaci\u00f3n inicia en agosto - Tlaxcala Hoy","description":"La Universidad Nacional Rosario Castellanos abrir\u00e1 su campus en Tlaxcala en agosto, con programas gratuitos.","robots":{"index":"index","follow":"follow","max-snippet":"max-snippet:-1","max-image-preview":"max-image-preview:large","max-video-preview":"max-video-preview:-1"},"canonical":"https:\/\/grupohoymexico.com\/tlaxcala\/estatal\/universidad-rosario-castellanos-tlaxcala-primera-generacion-inicia-en-agosto\/","og_locale":"es_MX","og_type":"article","og_title":"Universidad Rosario Castellanos Tlaxcala: Primera generaci\u00f3n inicia en agosto","og_description":"La Universidad Nacional Rosario Castellanos abrir\u00e1 su campus en Tlaxcala en agosto, con programas gratuitos.","og_url":"https:\/\/grupohoymexico.com\/tlaxcala\/estatal\/universidad-rosario-castellanos-tlaxcala-primera-generacion-inicia-en-agosto\/","og_site_name":"Tlaxcala Hoy","article_published_time":"2025-04-22T18:42:41+00:00","article_modified_time":"2025-04-22T18:42:51+00:00","og_image":[{"width":1280,"height":680,"url":"https:\/\/grupohoymexico.com\/tlaxcala\/wp-content\/uploads\/sites\/4\/2025\/04\/4915904346370190814.jpg","type":"image\/jpeg"}],"author":"user","twitter_card":"summary_large_image","twitter_misc":{"Escrito por":"user","Tiempo de lectura":"2 minutos"},"schema":{"@context":"https:\/\/schema.org","@graph":[{"@type":"Article","@id":"https:\/\/grupohoymexico.com\/tlaxcala\/estatal\/universidad-rosario-castellanos-tlaxcala-primera-generacion-inicia-en-agosto\/#article","isPartOf":{"@id":"https:\/\/grupohoymexico.com\/tlaxcala\/estatal\/universidad-rosario-castellanos-tlaxcala-primera-generacion-inicia-en-agosto\/"},"author":{"name":"user","@id":"https:\/\/grupohoymexico.com\/tlaxcala\/#\/schema\/person\/ce6086ac837852775a3a4f539356c297"},"headline":"Universidad Rosario Castellanos Tlaxcala: Primera generaci\u00f3n inicia en agosto","datePublished":"2025-04-22T18:42:41+00:00","dateModified":"2025-04-22T18:42:51+00:00","mainEntityOfPage":{"@id":"https:\/\/grupohoymexico.com\/tlaxcala\/estatal\/universidad-rosario-castellanos-tlaxcala-primera-generacion-inicia-en-agosto\/"},"wordCount":310,"commentCount":0,"image":{"@id":"https:\/\/grupohoymexico.com\/tlaxcala\/estatal\/universidad-rosario-castellanos-tlaxcala-primera-generacion-inicia-en-agosto\/#primaryimage"},"thumbnailUrl":"https:\/\/grupohoymexico.com\/tlaxcala\/wp-content\/uploads\/sites\/4\/2025\/04\/4915904346370190814.jpg","keywords":["agosto","Educaci\u00f3n","Homero Meneses Hern\u00e1ndez","San Luis Teolocholco","Secretar\u00eda de Educaci\u00f3n P\u00fablica del Estado (Sepe).","Tlaxcala","Universidad Rosario Castellanos"],"articleSection":["Estatal"],"inLanguage":"es","potentialAction":[{"@type":"CommentAction","name":"Comment","target":["https:\/\/grupohoymexico.com\/tlaxcala\/estatal\/universidad-rosario-castellanos-tlaxcala-primera-generacion-inicia-en-agosto\/#respond"]}]},{"@type":"WebPage","@id":"https:\/\/grupohoymexico.com\/tlaxcala\/estatal\/universidad-rosario-castellanos-tlaxcala-primera-generacion-inicia-en-agosto\/","url":"https:\/\/grupohoymexico.com\/tlaxcala\/estatal\/universidad-rosario-castellanos-tlaxcala-primera-generacion-inicia-en-agosto\/","name":"Universidad Rosario Castellanos Tlaxcala: Primera generaci\u00f3n inicia en agosto - Tlaxcala Hoy","isPartOf":{"@id":"https:\/\/grupohoymexico.com\/tlaxcala\/#website"},"primaryImageOfPage":{"@id":"https:\/\/grupohoymexico.com\/tlaxcala\/estatal\/universidad-rosario-castellanos-tlaxcala-primera-generacion-inicia-en-agosto\/#primaryimage"},"image":{"@id":"https:\/\/grupohoymexico.com\/tlaxcala\/estatal\/universidad-rosario-castellanos-tlaxcala-primera-generacion-inicia-en-agosto\/#primaryimage"},"thumbnailUrl":"https:\/\/grupohoymexico.com\/tlaxcala\/wp-content\/uploads\/sites\/4\/2025\/04\/4915904346370190814.jpg","datePublished":"2025-04-22T18:42:41+00:00","dateModified":"2025-04-22T18:42:51+00:00","author":{"@id":"https:\/\/grupohoymexico.com\/tlaxcala\/#\/schema\/person\/ce6086ac837852775a3a4f539356c297"},"description":"La Universidad Nacional Rosario Castellanos abrir\u00e1 su campus en Tlaxcala en agosto, con programas gratuitos.","breadcrumb":{"@id":"https:\/\/grupohoymexico.com\/tlaxcala\/estatal\/universidad-rosario-castellanos-tlaxcala-primera-generacion-inicia-en-agosto\/#breadcrumb"},"inLanguage":"es","potentialAction":[{"@type":"ReadAction","target":["https:\/\/grupohoymexico.com\/tlaxcala\/estatal\/universidad-rosario-castellanos-tlaxcala-primera-generacion-inicia-en-agosto\/"]}]},{"@type":"ImageObject","inLanguage":"es","@id":"https:\/\/grupohoymexico.com\/tlaxcala\/estatal\/universidad-rosario-castellanos-tlaxcala-primera-generacion-inicia-en-agosto\/#primaryimage","url":"https:\/\/grupohoymexico.com\/tlaxcala\/wp-content\/uploads\/sites\/4\/2025\/04\/4915904346370190814.jpg","contentUrl":"https:\/\/grupohoymexico.com\/tlaxcala\/wp-content\/uploads\/sites\/4\/2025\/04\/4915904346370190814.jpg","width":1280,"height":680,"caption":"Universidad Rosario Castellanos Tlaxcala"},{"@type":"BreadcrumbList","@id":"https:\/\/grupohoymexico.com\/tlaxcala\/estatal\/universidad-rosario-castellanos-tlaxcala-primera-generacion-inicia-en-agosto\/#breadcrumb","itemListElement":[{"@type":"ListItem","position":1,"name":"Inicio","item":"https:\/\/grupohoymexico.com\/tlaxcala\/"},{"@type":"ListItem","position":2,"name":"Universidad Rosario Castellanos Tlaxcala: Primera generaci\u00f3n inicia en agosto"}]},{"@type":"WebSite","@id":"https:\/\/grupohoymexico.com\/tlaxcala\/#website","url":"https:\/\/grupohoymexico.com\/tlaxcala\/","name":"Tlaxcala Hoy","description":"El alma de la naci\u00f3n","potentialAction":[{"@type":"SearchAction","target":{"@type":"EntryPoint","urlTemplate":"https:\/\/grupohoymexico.com\/tlaxcala\/?s={search_term_string}"},"query-input":{"@type":"PropertyValueSpecification","valueRequired":true,"valueName":"search_term_string"}}],"inLanguage":"es"},{"@type":"Person","@id":"https:\/\/grupohoymexico.com\/tlaxcala\/#\/schema\/person\/ce6086ac837852775a3a4f539356c297","name":"user","image":{"@type":"ImageObject","inLanguage":"es","@id":"https:\/\/secure.gravatar.com\/avatar\/25f78de4fa956f6f7c01f8d96f8087d8958ebe06d57e630cd54e36aefb9dacea?s=96&d=mm&r=g","url":"https:\/\/secure.gravatar.com\/avatar\/25f78de4fa956f6f7c01f8d96f8087d8958ebe06d57e630cd54e36aefb9dacea?s=96&d=mm&r=g","contentUrl":"https:\/\/secure.gravatar.com\/avatar\/25f78de4fa956f6f7c01f8d96f8087d8958ebe06d57e630cd54e36aefb9dacea?s=96&d=mm&r=g","caption":"user"},"sameAs":["http:\/\/44.197.188.197.nip.io"],"url":"https:\/\/grupohoymexico.com\/tlaxcala\/author\/user\/"}]}},"_links":{"self":[{"href":"https:\/\/grupohoymexico.com\/tlaxcala\/wp-json\/wp\/v2\/posts\/2415","targetHints":{"allow":["GET"]}}],"collection":[{"href":"https:\/\/grupohoymexico.com\/tlaxcala\/wp-json\/wp\/v2\/posts"}],"about":[{"href":"https:\/\/grupohoymexico.com\/tlaxcala\/wp-json\/wp\/v2\/types\/post"}],"author":[{"embeddable":true,"href":"https:\/\/grupohoymexico.com\/tlaxcala\/wp-json\/wp\/v2\/users\/1"}],"replies":[{"embeddable":true,"href":"https:\/\/grupohoymexico.com\/tlaxcala\/wp-json\/wp\/v2\/comments?post=2415"}],"version-history":[{"count":1,"href":"https:\/\/grupohoymexico.com\/tlaxcala\/wp-json\/wp\/v2\/posts\/2415\/revisions"}],"predecessor-version":[{"id":2417,"href":"https:\/\/grupohoymexico.com\/tlaxcala\/wp-json\/wp\/v2\/posts\/2415\/revisions\/2417"}],"wp:featuredmedia":[{"embeddable":true,"href":"https:\/\/grupohoymexico.com\/tlaxcala\/wp-json\/wp\/v2\/media\/2416"}],"wp:attachment":[{"href":"https:\/\/grupohoymexico.com\/tlaxcala\/wp-json\/wp\/v2\/media?parent=2415"}],"wp:term":[{"taxonomy":"category","embeddable":true,"href":"https:\/\/grupohoymexico.com\/tlaxcala\/wp-json\/wp\/v2\/categories?post=2415"},{"taxonomy":"post_tag","embeddable":true,"href":"https:\/\/grupohoymexico.com\/tlaxcala\/wp-json\/wp\/v2\/tags?post=2415"}],"curies":[{"name":"wp","href":"https:\/\/api.w.org\/{rel}","templated":true}]}}