{"id":2200,"date":"2025-04-03T19:50:51","date_gmt":"2025-04-03T19:50:51","guid":{"rendered":"https:\/\/grupohoymexico.com\/tlaxcala\/?p=2200"},"modified":"2025-04-03T19:50:51","modified_gmt":"2025-04-03T19:50:51","slug":"tlaxcala-se-prepara-para-la-caminata-2025-pura-vida","status":"publish","type":"post","link":"https:\/\/grupohoymexico.com\/tlaxcala\/estatal\/tlaxcala-se-prepara-para-la-caminata-2025-pura-vida\/","title":{"rendered":"Tlaxcala se prepara para la Caminata 2025 \u201cPura Vida\u201d"},"content":{"rendered":"<p>El pr\u00f3ximo<strong> 6 de abril<\/strong>, la <strong>ciudad de Tlaxcala<\/strong> ser\u00e1 escenario de la <strong>Caminata 2025 \u201cPura Vida\u201d<\/strong>, un evento que fusiona el bienestar f\u00edsico con la identidad cultural. Organizado por la <a href=\"https:\/\/cossies.tlaxcala.gob.mx\/\"><strong>Coordinaci\u00f3n de Servicios Sociales de Instituciones de Educaci\u00f3n Superior (Cossies)<\/strong> <\/a>y el <strong>Instituto Tlaxcalteca de Posgrados Nantli<\/strong>, este recorrido busca fortalecer la conexi\u00f3n con el patrimonio hist\u00f3rico y promover un estilo de vida activo.<\/p>\n<h2>\n<strong>Caminata 2025 \u201cPura Vida\u201d: Recorrido por calles emblem\u00e1ticas del centro hist\u00f3rico<\/strong><\/h2>\n<p>La caminata iniciar\u00e1 en la <strong>Plaza de la Constituci\u00f3n a las 08:00 horas<\/strong> y cubrir\u00e1 una ruta de <strong>1.4 kil\u00f3metros<\/strong>, pasando por calles ic\u00f3nicas como <strong>Av. Benito Ju\u00e1rez, Av. Miguel de Lardiz\u00e1bal y Uribe, Av. 20 de Noviembre, Av. Vicente Guerrero y Av. Independencia<\/strong>, para finalizar en el punto de partida.<\/p>\n<p>Antes de comenzar, a las <strong>07:00 horas<\/strong>, los participantes recibir\u00e1n sus playeras conmemorativas y ser\u00e1n testigos de la <a href=\"https:\/\/grupohoymexico.com\/tlaxcala\/cultura\/tlaxcala-premia-a-los-ganadores-del-xviii-concurso-de-camadas-del-carnaval-2025\/\">ceremonia<\/a> de encendido del fuego <strong>\u201cPura Vida\u201d.<\/strong><\/p>\n<h2>\n<strong>Inscripci\u00f3n gratuita y recomendaciones para los asistentes<\/strong><\/h2>\n<p>La convocatoria est\u00e1 abierta a <strong>personas de todas las edades, sin costo de inscripci\u00f3n<\/strong>. Quienes deseen participar pueden registrarse el mismo d\u00eda del evento en la <strong>Plaza de la Constituci\u00f3n o mediante el c\u00f3digo QR de la convocatoria.<\/strong><\/p>\n<p>Se recomienda llevar <strong>ropa y calzado c\u00f3modos, protector solar, gorra y una botella de agua para mantenerse hidratado<\/strong>. Para m\u00e1s informaci\u00f3n, est\u00e1n disponibles los n\u00fameros <strong>246 466 28 22 \/ 246 248 52 94<\/strong> y los <strong>correos cossies@septlaxcala.gob.mx \/ tlaxnantli@gmail.com.<\/strong><\/p>\n","protected":false},"excerpt":{"rendered":"El pr\u00f3ximo 6 de abril, la ciudad de Tlaxcala ser\u00e1 escenario de la Caminata 2025 \u201cPura Vida\u201d, un&hellip;","protected":false},"author":1,"featured_media":2201,"comment_status":"open","ping_status":"open","sticky":false,"template":"","format":"standard","meta":{"csco_display_header_overlay":false,"csco_singular_sidebar":"","csco_page_header_type":"","csco_page_load_nextpost":"","csco_post_video_location":[],"csco_post_video_location_hash":"","csco_post_video_url":"","csco_post_video_bg_start_time":0,"csco_post_video_bg_end_time":0,"footnotes":""},"categories":[172],"tags":[1232,1234,1233,230,229],"class_list":{"0":"post-2200","1":"post","2":"type-post","3":"status-publish","4":"format-standard","5":"has-post-thumbnail","7":"category-estatal","8":"tag-caminata-2025-pura-vida","9":"tag-familia","10":"tag-recorrido","11":"tag-salud","12":"tag-tlaxcala","13":"cs-entry","14":"cs-video-wrap"},"yoast_head":"<!-- This site is optimized with the Yoast SEO Premium plugin v24.7 (Yoast SEO v27.4) - https:\/\/yoast.com\/product\/yoast-seo-premium-wordpress\/ -->\n<title>Tlaxcala se prepara para la Caminata 2025 \u201cPura Vida\u201d - Tlaxcala Hoy<\/title>\n<meta name=\"description\" content=\"Caminata 2025 \u201cPura Vida\u201d en Tlaxcala: evento gratuito el 6 de abril para promover salud e identidad cultural.\" \/>\n<meta name=\"robots\" content=\"index, follow, max-snippet:-1, max-image-preview:large, max-video-preview:-1\" \/>\n<link rel=\"canonical\" href=\"https:\/\/grupohoymexico.com\/tlaxcala\/estatal\/tlaxcala-se-prepara-para-la-caminata-2025-pura-vida\/\" \/>\n<meta property=\"og:locale\" content=\"es_MX\" \/>\n<meta property=\"og:type\" content=\"article\" \/>\n<meta property=\"og:title\" content=\"Tlaxcala se prepara para la Caminata 2025 \u201cPura Vida\u201d\" \/>\n<meta property=\"og:description\" content=\"Caminata 2025 \u201cPura Vida\u201d en Tlaxcala: evento gratuito el 6 de abril para promover salud e identidad cultural.\" \/>\n<meta property=\"og:url\" content=\"https:\/\/grupohoymexico.com\/tlaxcala\/estatal\/tlaxcala-se-prepara-para-la-caminata-2025-pura-vida\/\" \/>\n<meta property=\"og:site_name\" content=\"Tlaxcala Hoy\" \/>\n<meta property=\"article:published_time\" content=\"2025-04-03T19:50:51+00:00\" \/>\n<meta property=\"og:image\" content=\"https:\/\/grupohoymexico.com\/tlaxcala\/wp-content\/uploads\/sites\/4\/2025\/04\/5147830054913421062.jpg\" \/>\n\t<meta property=\"og:image:width\" content=\"1280\" \/>\n\t<meta property=\"og:image:height\" content=\"680\" \/>\n\t<meta property=\"og:image:type\" content=\"image\/jpeg\" \/>\n<meta name=\"author\" content=\"user\" \/>\n<meta name=\"twitter:card\" content=\"summary_large_image\" \/>\n<meta name=\"twitter:label1\" content=\"Escrito por\" \/>\n\t<meta name=\"twitter:data1\" content=\"user\" \/>\n\t<meta name=\"twitter:label2\" content=\"Tiempo de lectura\" \/>\n\t<meta name=\"twitter:data2\" content=\"2 minutos\" \/>\n<script type=\"application\/ld+json\" class=\"yoast-schema-graph\">{\"@context\":\"https:\\\/\\\/schema.org\",\"@graph\":[{\"@type\":\"Article\",\"@id\":\"https:\\\/\\\/grupohoymexico.com\\\/tlaxcala\\\/estatal\\\/tlaxcala-se-prepara-para-la-caminata-2025-pura-vida\\\/#article\",\"isPartOf\":{\"@id\":\"https:\\\/\\\/grupohoymexico.com\\\/tlaxcala\\\/estatal\\\/tlaxcala-se-prepara-para-la-caminata-2025-pura-vida\\\/\"},\"author\":{\"name\":\"user\",\"@id\":\"https:\\\/\\\/grupohoymexico.com\\\/tlaxcala\\\/#\\\/schema\\\/person\\\/ce6086ac837852775a3a4f539356c297\"},\"headline\":\"Tlaxcala se prepara para la Caminata 2025 \u201cPura Vida\u201d\",\"datePublished\":\"2025-04-03T19:50:51+00:00\",\"mainEntityOfPage\":{\"@id\":\"https:\\\/\\\/grupohoymexico.com\\\/tlaxcala\\\/estatal\\\/tlaxcala-se-prepara-para-la-caminata-2025-pura-vida\\\/\"},\"wordCount\":258,\"commentCount\":0,\"image\":{\"@id\":\"https:\\\/\\\/grupohoymexico.com\\\/tlaxcala\\\/estatal\\\/tlaxcala-se-prepara-para-la-caminata-2025-pura-vida\\\/#primaryimage\"},\"thumbnailUrl\":\"https:\\\/\\\/grupohoymexico.com\\\/tlaxcala\\\/wp-content\\\/uploads\\\/sites\\\/4\\\/2025\\\/04\\\/5147830054913421062.jpg\",\"keywords\":[\"Caminata 2025 \u201cPura Vida\u201d\",\"familia\",\"recorrido\",\"salud\",\"Tlaxcala\"],\"articleSection\":[\"Estatal\"],\"inLanguage\":\"es\",\"potentialAction\":[{\"@type\":\"CommentAction\",\"name\":\"Comment\",\"target\":[\"https:\\\/\\\/grupohoymexico.com\\\/tlaxcala\\\/estatal\\\/tlaxcala-se-prepara-para-la-caminata-2025-pura-vida\\\/#respond\"]}]},{\"@type\":\"WebPage\",\"@id\":\"https:\\\/\\\/grupohoymexico.com\\\/tlaxcala\\\/estatal\\\/tlaxcala-se-prepara-para-la-caminata-2025-pura-vida\\\/\",\"url\":\"https:\\\/\\\/grupohoymexico.com\\\/tlaxcala\\\/estatal\\\/tlaxcala-se-prepara-para-la-caminata-2025-pura-vida\\\/\",\"name\":\"Tlaxcala se prepara para la Caminata 2025 \u201cPura Vida\u201d - Tlaxcala Hoy\",\"isPartOf\":{\"@id\":\"https:\\\/\\\/grupohoymexico.com\\\/tlaxcala\\\/#website\"},\"primaryImageOfPage\":{\"@id\":\"https:\\\/\\\/grupohoymexico.com\\\/tlaxcala\\\/estatal\\\/tlaxcala-se-prepara-para-la-caminata-2025-pura-vida\\\/#primaryimage\"},\"image\":{\"@id\":\"https:\\\/\\\/grupohoymexico.com\\\/tlaxcala\\\/estatal\\\/tlaxcala-se-prepara-para-la-caminata-2025-pura-vida\\\/#primaryimage\"},\"thumbnailUrl\":\"https:\\\/\\\/grupohoymexico.com\\\/tlaxcala\\\/wp-content\\\/uploads\\\/sites\\\/4\\\/2025\\\/04\\\/5147830054913421062.jpg\",\"datePublished\":\"2025-04-03T19:50:51+00:00\",\"author\":{\"@id\":\"https:\\\/\\\/grupohoymexico.com\\\/tlaxcala\\\/#\\\/schema\\\/person\\\/ce6086ac837852775a3a4f539356c297\"},\"description\":\"Caminata 2025 \u201cPura Vida\u201d en Tlaxcala: evento gratuito el 6 de abril para promover salud e identidad cultural.\",\"breadcrumb\":{\"@id\":\"https:\\\/\\\/grupohoymexico.com\\\/tlaxcala\\\/estatal\\\/tlaxcala-se-prepara-para-la-caminata-2025-pura-vida\\\/#breadcrumb\"},\"inLanguage\":\"es\",\"potentialAction\":[{\"@type\":\"ReadAction\",\"target\":[\"https:\\\/\\\/grupohoymexico.com\\\/tlaxcala\\\/estatal\\\/tlaxcala-se-prepara-para-la-caminata-2025-pura-vida\\\/\"]}]},{\"@type\":\"ImageObject\",\"inLanguage\":\"es\",\"@id\":\"https:\\\/\\\/grupohoymexico.com\\\/tlaxcala\\\/estatal\\\/tlaxcala-se-prepara-para-la-caminata-2025-pura-vida\\\/#primaryimage\",\"url\":\"https:\\\/\\\/grupohoymexico.com\\\/tlaxcala\\\/wp-content\\\/uploads\\\/sites\\\/4\\\/2025\\\/04\\\/5147830054913421062.jpg\",\"contentUrl\":\"https:\\\/\\\/grupohoymexico.com\\\/tlaxcala\\\/wp-content\\\/uploads\\\/sites\\\/4\\\/2025\\\/04\\\/5147830054913421062.jpg\",\"width\":1280,\"height\":680,\"caption\":\"cossies tlaxcala caminata\"},{\"@type\":\"BreadcrumbList\",\"@id\":\"https:\\\/\\\/grupohoymexico.com\\\/tlaxcala\\\/estatal\\\/tlaxcala-se-prepara-para-la-caminata-2025-pura-vida\\\/#breadcrumb\",\"itemListElement\":[{\"@type\":\"ListItem\",\"position\":1,\"name\":\"Inicio\",\"item\":\"https:\\\/\\\/grupohoymexico.com\\\/tlaxcala\\\/\"},{\"@type\":\"ListItem\",\"position\":2,\"name\":\"Tlaxcala se prepara para la Caminata 2025 \u201cPura Vida\u201d\"}]},{\"@type\":\"WebSite\",\"@id\":\"https:\\\/\\\/grupohoymexico.com\\\/tlaxcala\\\/#website\",\"url\":\"https:\\\/\\\/grupohoymexico.com\\\/tlaxcala\\\/\",\"name\":\"Tlaxcala Hoy\",\"description\":\"El alma de la naci\u00f3n\",\"potentialAction\":[{\"@type\":\"SearchAction\",\"target\":{\"@type\":\"EntryPoint\",\"urlTemplate\":\"https:\\\/\\\/grupohoymexico.com\\\/tlaxcala\\\/?s={search_term_string}\"},\"query-input\":{\"@type\":\"PropertyValueSpecification\",\"valueRequired\":true,\"valueName\":\"search_term_string\"}}],\"inLanguage\":\"es\"},{\"@type\":\"Person\",\"@id\":\"https:\\\/\\\/grupohoymexico.com\\\/tlaxcala\\\/#\\\/schema\\\/person\\\/ce6086ac837852775a3a4f539356c297\",\"name\":\"user\",\"image\":{\"@type\":\"ImageObject\",\"inLanguage\":\"es\",\"@id\":\"https:\\\/\\\/secure.gravatar.com\\\/avatar\\\/25f78de4fa956f6f7c01f8d96f8087d8958ebe06d57e630cd54e36aefb9dacea?s=96&d=mm&r=g\",\"url\":\"https:\\\/\\\/secure.gravatar.com\\\/avatar\\\/25f78de4fa956f6f7c01f8d96f8087d8958ebe06d57e630cd54e36aefb9dacea?s=96&d=mm&r=g\",\"contentUrl\":\"https:\\\/\\\/secure.gravatar.com\\\/avatar\\\/25f78de4fa956f6f7c01f8d96f8087d8958ebe06d57e630cd54e36aefb9dacea?s=96&d=mm&r=g\",\"caption\":\"user\"},\"sameAs\":[\"http:\\\/\\\/44.197.188.197.nip.io\"],\"url\":\"https:\\\/\\\/grupohoymexico.com\\\/tlaxcala\\\/author\\\/user\\\/\"}]}<\/script>\n<!-- \/ Yoast SEO Premium plugin. -->","yoast_head_json":{"title":"Tlaxcala se prepara para la Caminata 2025 \u201cPura Vida\u201d - Tlaxcala Hoy","description":"Caminata 2025 \u201cPura Vida\u201d en Tlaxcala: evento gratuito el 6 de abril para promover salud e identidad cultural.","robots":{"index":"index","follow":"follow","max-snippet":"max-snippet:-1","max-image-preview":"max-image-preview:large","max-video-preview":"max-video-preview:-1"},"canonical":"https:\/\/grupohoymexico.com\/tlaxcala\/estatal\/tlaxcala-se-prepara-para-la-caminata-2025-pura-vida\/","og_locale":"es_MX","og_type":"article","og_title":"Tlaxcala se prepara para la Caminata 2025 \u201cPura Vida\u201d","og_description":"Caminata 2025 \u201cPura Vida\u201d en Tlaxcala: evento gratuito el 6 de abril para promover salud e identidad cultural.","og_url":"https:\/\/grupohoymexico.com\/tlaxcala\/estatal\/tlaxcala-se-prepara-para-la-caminata-2025-pura-vida\/","og_site_name":"Tlaxcala Hoy","article_published_time":"2025-04-03T19:50:51+00:00","og_image":[{"width":1280,"height":680,"url":"https:\/\/grupohoymexico.com\/tlaxcala\/wp-content\/uploads\/sites\/4\/2025\/04\/5147830054913421062.jpg","type":"image\/jpeg"}],"author":"user","twitter_card":"summary_large_image","twitter_misc":{"Escrito por":"user","Tiempo de lectura":"2 minutos"},"schema":{"@context":"https:\/\/schema.org","@graph":[{"@type":"Article","@id":"https:\/\/grupohoymexico.com\/tlaxcala\/estatal\/tlaxcala-se-prepara-para-la-caminata-2025-pura-vida\/#article","isPartOf":{"@id":"https:\/\/grupohoymexico.com\/tlaxcala\/estatal\/tlaxcala-se-prepara-para-la-caminata-2025-pura-vida\/"},"author":{"name":"user","@id":"https:\/\/grupohoymexico.com\/tlaxcala\/#\/schema\/person\/ce6086ac837852775a3a4f539356c297"},"headline":"Tlaxcala se prepara para la Caminata 2025 \u201cPura Vida\u201d","datePublished":"2025-04-03T19:50:51+00:00","mainEntityOfPage":{"@id":"https:\/\/grupohoymexico.com\/tlaxcala\/estatal\/tlaxcala-se-prepara-para-la-caminata-2025-pura-vida\/"},"wordCount":258,"commentCount":0,"image":{"@id":"https:\/\/grupohoymexico.com\/tlaxcala\/estatal\/tlaxcala-se-prepara-para-la-caminata-2025-pura-vida\/#primaryimage"},"thumbnailUrl":"https:\/\/grupohoymexico.com\/tlaxcala\/wp-content\/uploads\/sites\/4\/2025\/04\/5147830054913421062.jpg","keywords":["Caminata 2025 \u201cPura Vida\u201d","familia","recorrido","salud","Tlaxcala"],"articleSection":["Estatal"],"inLanguage":"es","potentialAction":[{"@type":"CommentAction","name":"Comment","target":["https:\/\/grupohoymexico.com\/tlaxcala\/estatal\/tlaxcala-se-prepara-para-la-caminata-2025-pura-vida\/#respond"]}]},{"@type":"WebPage","@id":"https:\/\/grupohoymexico.com\/tlaxcala\/estatal\/tlaxcala-se-prepara-para-la-caminata-2025-pura-vida\/","url":"https:\/\/grupohoymexico.com\/tlaxcala\/estatal\/tlaxcala-se-prepara-para-la-caminata-2025-pura-vida\/","name":"Tlaxcala se prepara para la Caminata 2025 \u201cPura Vida\u201d - Tlaxcala Hoy","isPartOf":{"@id":"https:\/\/grupohoymexico.com\/tlaxcala\/#website"},"primaryImageOfPage":{"@id":"https:\/\/grupohoymexico.com\/tlaxcala\/estatal\/tlaxcala-se-prepara-para-la-caminata-2025-pura-vida\/#primaryimage"},"image":{"@id":"https:\/\/grupohoymexico.com\/tlaxcala\/estatal\/tlaxcala-se-prepara-para-la-caminata-2025-pura-vida\/#primaryimage"},"thumbnailUrl":"https:\/\/grupohoymexico.com\/tlaxcala\/wp-content\/uploads\/sites\/4\/2025\/04\/5147830054913421062.jpg","datePublished":"2025-04-03T19:50:51+00:00","author":{"@id":"https:\/\/grupohoymexico.com\/tlaxcala\/#\/schema\/person\/ce6086ac837852775a3a4f539356c297"},"description":"Caminata 2025 \u201cPura Vida\u201d en Tlaxcala: evento gratuito el 6 de abril para promover salud e identidad cultural.","breadcrumb":{"@id":"https:\/\/grupohoymexico.com\/tlaxcala\/estatal\/tlaxcala-se-prepara-para-la-caminata-2025-pura-vida\/#breadcrumb"},"inLanguage":"es","potentialAction":[{"@type":"ReadAction","target":["https:\/\/grupohoymexico.com\/tlaxcala\/estatal\/tlaxcala-se-prepara-para-la-caminata-2025-pura-vida\/"]}]},{"@type":"ImageObject","inLanguage":"es","@id":"https:\/\/grupohoymexico.com\/tlaxcala\/estatal\/tlaxcala-se-prepara-para-la-caminata-2025-pura-vida\/#primaryimage","url":"https:\/\/grupohoymexico.com\/tlaxcala\/wp-content\/uploads\/sites\/4\/2025\/04\/5147830054913421062.jpg","contentUrl":"https:\/\/grupohoymexico.com\/tlaxcala\/wp-content\/uploads\/sites\/4\/2025\/04\/5147830054913421062.jpg","width":1280,"height":680,"caption":"cossies tlaxcala caminata"},{"@type":"BreadcrumbList","@id":"https:\/\/grupohoymexico.com\/tlaxcala\/estatal\/tlaxcala-se-prepara-para-la-caminata-2025-pura-vida\/#breadcrumb","itemListElement":[{"@type":"ListItem","position":1,"name":"Inicio","item":"https:\/\/grupohoymexico.com\/tlaxcala\/"},{"@type":"ListItem","position":2,"name":"Tlaxcala se prepara para la Caminata 2025 \u201cPura Vida\u201d"}]},{"@type":"WebSite","@id":"https:\/\/grupohoymexico.com\/tlaxcala\/#website","url":"https:\/\/grupohoymexico.com\/tlaxcala\/","name":"Tlaxcala Hoy","description":"El alma de la naci\u00f3n","potentialAction":[{"@type":"SearchAction","target":{"@type":"EntryPoint","urlTemplate":"https:\/\/grupohoymexico.com\/tlaxcala\/?s={search_term_string}"},"query-input":{"@type":"PropertyValueSpecification","valueRequired":true,"valueName":"search_term_string"}}],"inLanguage":"es"},{"@type":"Person","@id":"https:\/\/grupohoymexico.com\/tlaxcala\/#\/schema\/person\/ce6086ac837852775a3a4f539356c297","name":"user","image":{"@type":"ImageObject","inLanguage":"es","@id":"https:\/\/secure.gravatar.com\/avatar\/25f78de4fa956f6f7c01f8d96f8087d8958ebe06d57e630cd54e36aefb9dacea?s=96&d=mm&r=g","url":"https:\/\/secure.gravatar.com\/avatar\/25f78de4fa956f6f7c01f8d96f8087d8958ebe06d57e630cd54e36aefb9dacea?s=96&d=mm&r=g","contentUrl":"https:\/\/secure.gravatar.com\/avatar\/25f78de4fa956f6f7c01f8d96f8087d8958ebe06d57e630cd54e36aefb9dacea?s=96&d=mm&r=g","caption":"user"},"sameAs":["http:\/\/44.197.188.197.nip.io"],"url":"https:\/\/grupohoymexico.com\/tlaxcala\/author\/user\/"}]}},"_links":{"self":[{"href":"https:\/\/grupohoymexico.com\/tlaxcala\/wp-json\/wp\/v2\/posts\/2200","targetHints":{"allow":["GET"]}}],"collection":[{"href":"https:\/\/grupohoymexico.com\/tlaxcala\/wp-json\/wp\/v2\/posts"}],"about":[{"href":"https:\/\/grupohoymexico.com\/tlaxcala\/wp-json\/wp\/v2\/types\/post"}],"author":[{"embeddable":true,"href":"https:\/\/grupohoymexico.com\/tlaxcala\/wp-json\/wp\/v2\/users\/1"}],"replies":[{"embeddable":true,"href":"https:\/\/grupohoymexico.com\/tlaxcala\/wp-json\/wp\/v2\/comments?post=2200"}],"version-history":[{"count":1,"href":"https:\/\/grupohoymexico.com\/tlaxcala\/wp-json\/wp\/v2\/posts\/2200\/revisions"}],"predecessor-version":[{"id":2202,"href":"https:\/\/grupohoymexico.com\/tlaxcala\/wp-json\/wp\/v2\/posts\/2200\/revisions\/2202"}],"wp:featuredmedia":[{"embeddable":true,"href":"https:\/\/grupohoymexico.com\/tlaxcala\/wp-json\/wp\/v2\/media\/2201"}],"wp:attachment":[{"href":"https:\/\/grupohoymexico.com\/tlaxcala\/wp-json\/wp\/v2\/media?parent=2200"}],"wp:term":[{"taxonomy":"category","embeddable":true,"href":"https:\/\/grupohoymexico.com\/tlaxcala\/wp-json\/wp\/v2\/categories?post=2200"},{"taxonomy":"post_tag","embeddable":true,"href":"https:\/\/grupohoymexico.com\/tlaxcala\/wp-json\/wp\/v2\/tags?post=2200"}],"curies":[{"name":"wp","href":"https:\/\/api.w.org\/{rel}","templated":true}]}}