{"id":2194,"date":"2025-04-03T17:00:10","date_gmt":"2025-04-03T17:00:10","guid":{"rendered":"https:\/\/grupohoymexico.com\/tlaxcala\/?p=2194"},"modified":"2025-04-03T17:00:10","modified_gmt":"2025-04-03T17:00:10","slug":"lorena-cuellar-inaugura-la-casa-del-abuelo-en-san-diego-metepec","status":"publish","type":"post","link":"https:\/\/grupohoymexico.com\/tlaxcala\/estatal\/lorena-cuellar-inaugura-la-casa-del-abuelo-en-san-diego-metepec\/","title":{"rendered":"Lorena Cu\u00e9llar inaugura la Casa del Abuelo en San Diego Metepec"},"content":{"rendered":"<p>La <strong>gobernadora de Tlaxcala, Lorena Cu\u00e9llar Cisneros<\/strong>, acompa\u00f1ada por el<strong> presidente municipal de Tlaxcala, <a href=\"https:\/\/x.com\/sanchezgarciatx\">Alfonso S\u00e1nchez Garc\u00eda<\/a><\/strong>, llev\u00f3 a cabo la inauguraci\u00f3n de la <strong>Casa del Abuelo en San Diego Metepec<\/strong>. Esta nueva infraestructura, que beneficiar\u00e1 a<strong> 3,593 personas<\/strong>, requiri\u00f3 una inversi\u00f3n de <strong>2.7 millones de pesos<\/strong> y busca mejorar la calidad de vida de los adultos mayores.<\/p>\n<h2>\n<strong>Casa del Abuelo: Un compromiso con el bienestar de los adultos mayores<\/strong><\/h2>\n<p>Durante la ceremonia, la gobernadora record\u00f3 sus primeros a\u00f1os de trabajo social, especialmente en casas del abuelo, un campo en el que inici\u00f3 su labor comunitaria como voluntaria. <strong>Cu\u00e9llar Cisneros<\/strong> resalt\u00f3 que, adem\u00e1s de este proyecto, est\u00e1 trabajando en la <strong>creaci\u00f3n de un asilo que brinde un hogar digno a aquellos abuelos en situaci\u00f3n de abandono y sin recursos.<\/strong><\/p>\n<blockquote><p>\n&#8220;Queremos construir un lugar donde nuestros abuelitos que no tienen donde vivir, tengan acceso a todos los servicios que necesitan&#8221;, asegur\u00f3 la mandataria estatal, quien destac\u00f3 la importancia de brindarles un espacio de atenci\u00f3n integral.<\/p><\/blockquote>\n<h2>\n<strong>Un espacio de justicia social para los adultos mayores<\/strong><\/h2>\n<p>Por su parte, el <strong>presidente municipal<\/strong>, <strong>Alfonso S\u00e1nchez Garc\u00eda<\/strong>, resalt\u00f3 que esta obra refleja el esfuerzo conjunto entre los <a href=\"https:\/\/grupohoymexico.com\/tlaxcala\/nacional\/estrategia-de-seguridad-en-tlaxcala-enfoque-en-violencia-de-genero-y-coordinacion-estatal\/\">gobiernos estatal y municipal<\/a>, con el fin de ofrecer un lugar adecuado para que los adultos mayores sigan activos y cuidados.<\/p>\n<blockquote><p>&#8220;Hoy cumplimos con una promesa m\u00e1s de gobierno. Este centro es un homenaje a quienes han sido pilares de nuestra sociedad&#8221;, expres\u00f3.<\/p><\/blockquote>\n<p>La <strong>Casa del Abuelo<\/strong>, que cuenta con un <strong>sal\u00f3n de usos m\u00faltiples, un \u00e1rea de ejercitaci\u00f3n, una sala multimedia y otros servicios<\/strong>, fue construida con una inversi\u00f3n total de <strong>2 millones 799 mil 344 pesos. Diego Corona Cremean, titular de la Secretar\u00eda de Infraestructura<\/strong>, destac\u00f3 que el centro busca ofrecer un lugar completo y funcional para los habitantes de la comunidad.<\/p>\n<p>Con la puesta en marcha de este centro, las autoridades reafirmaron su compromiso de cuidar y apoyar a los adultos mayores, un sector fundamental en la construcci\u00f3n de la sociedad tlaxcalteca.<\/p>\n","protected":false},"excerpt":{"rendered":"La gobernadora de Tlaxcala, Lorena Cu\u00e9llar Cisneros, acompa\u00f1ada por el presidente municipal de Tlaxcala, Alfonso S\u00e1nchez Garc\u00eda, llev\u00f3&hellip;","protected":false},"author":1,"featured_media":2195,"comment_status":"open","ping_status":"open","sticky":false,"template":"","format":"standard","meta":{"csco_display_header_overlay":false,"csco_singular_sidebar":"","csco_page_header_type":"","csco_page_load_nextpost":"","csco_post_video_location":[],"csco_post_video_location_hash":"","csco_post_video_url":"","csco_post_video_bg_start_time":0,"csco_post_video_bg_end_time":0,"footnotes":""},"categories":[172],"tags":[242,196,1229,369,229,1230],"class_list":{"0":"post-2194","1":"post","2":"type-post","3":"status-publish","4":"format-standard","5":"has-post-thumbnail","7":"category-estatal","8":"tag-adultos-mayores","9":"tag-alfonso-sanchez-garcia","10":"tag-casa-del-abuelo","11":"tag-lorena-cuellar","12":"tag-tlaxcala","13":"tag-trabajo-social","14":"cs-entry","15":"cs-video-wrap"},"yoast_head":"<!-- This site is optimized with the Yoast SEO Premium plugin v24.7 (Yoast SEO v27.4) - https:\/\/yoast.com\/product\/yoast-seo-premium-wordpress\/ -->\n<title>Lorena Cu\u00e9llar inaugura la Casa del Abuelo en San Diego Metepec - Tlaxcala Hoy<\/title>\n<meta name=\"description\" content=\"La gobernadora Lorena Cu\u00e9llar y el presidente Alfonso S\u00e1nchez inauguraron la Casa del Abuelo en San Diego Metepec.\" \/>\n<meta name=\"robots\" content=\"index, follow, max-snippet:-1, max-image-preview:large, max-video-preview:-1\" \/>\n<link rel=\"canonical\" href=\"https:\/\/grupohoymexico.com\/tlaxcala\/estatal\/lorena-cuellar-inaugura-la-casa-del-abuelo-en-san-diego-metepec\/\" \/>\n<meta property=\"og:locale\" content=\"es_MX\" \/>\n<meta property=\"og:type\" content=\"article\" \/>\n<meta property=\"og:title\" content=\"Lorena Cu\u00e9llar inaugura la Casa del Abuelo en San Diego Metepec\" \/>\n<meta property=\"og:description\" content=\"La gobernadora Lorena Cu\u00e9llar y el presidente Alfonso S\u00e1nchez inauguraron la Casa del Abuelo en San Diego Metepec.\" \/>\n<meta property=\"og:url\" content=\"https:\/\/grupohoymexico.com\/tlaxcala\/estatal\/lorena-cuellar-inaugura-la-casa-del-abuelo-en-san-diego-metepec\/\" \/>\n<meta property=\"og:site_name\" content=\"Tlaxcala Hoy\" \/>\n<meta property=\"article:published_time\" content=\"2025-04-03T17:00:10+00:00\" \/>\n<meta property=\"og:image\" content=\"https:\/\/grupohoymexico.com\/tlaxcala\/wp-content\/uploads\/sites\/4\/2025\/04\/5147830054913420970.jpg\" \/>\n\t<meta property=\"og:image:width\" content=\"1280\" \/>\n\t<meta property=\"og:image:height\" content=\"680\" \/>\n\t<meta property=\"og:image:type\" content=\"image\/jpeg\" \/>\n<meta name=\"author\" content=\"user\" \/>\n<meta name=\"twitter:card\" content=\"summary_large_image\" \/>\n<meta name=\"twitter:label1\" content=\"Escrito por\" \/>\n\t<meta name=\"twitter:data1\" content=\"user\" \/>\n\t<meta name=\"twitter:label2\" content=\"Tiempo de lectura\" \/>\n\t<meta name=\"twitter:data2\" content=\"2 minutos\" \/>\n<script type=\"application\/ld+json\" class=\"yoast-schema-graph\">{\"@context\":\"https:\\\/\\\/schema.org\",\"@graph\":[{\"@type\":\"Article\",\"@id\":\"https:\\\/\\\/grupohoymexico.com\\\/tlaxcala\\\/estatal\\\/lorena-cuellar-inaugura-la-casa-del-abuelo-en-san-diego-metepec\\\/#article\",\"isPartOf\":{\"@id\":\"https:\\\/\\\/grupohoymexico.com\\\/tlaxcala\\\/estatal\\\/lorena-cuellar-inaugura-la-casa-del-abuelo-en-san-diego-metepec\\\/\"},\"author\":{\"name\":\"user\",\"@id\":\"https:\\\/\\\/grupohoymexico.com\\\/tlaxcala\\\/#\\\/schema\\\/person\\\/ce6086ac837852775a3a4f539356c297\"},\"headline\":\"Lorena Cu\u00e9llar inaugura la Casa del Abuelo en San Diego Metepec\",\"datePublished\":\"2025-04-03T17:00:10+00:00\",\"mainEntityOfPage\":{\"@id\":\"https:\\\/\\\/grupohoymexico.com\\\/tlaxcala\\\/estatal\\\/lorena-cuellar-inaugura-la-casa-del-abuelo-en-san-diego-metepec\\\/\"},\"wordCount\":355,\"commentCount\":0,\"image\":{\"@id\":\"https:\\\/\\\/grupohoymexico.com\\\/tlaxcala\\\/estatal\\\/lorena-cuellar-inaugura-la-casa-del-abuelo-en-san-diego-metepec\\\/#primaryimage\"},\"thumbnailUrl\":\"https:\\\/\\\/grupohoymexico.com\\\/tlaxcala\\\/wp-content\\\/uploads\\\/sites\\\/4\\\/2025\\\/04\\\/5147830054913420970.jpg\",\"keywords\":[\"Adultos mayores\",\"Alfonso S\u00e1nchez Garc\u00eda\",\"Casa del Abuelo\",\"Lorena Cu\u00e9llar\",\"Tlaxcala\",\"trabajo social\"],\"articleSection\":[\"Estatal\"],\"inLanguage\":\"es\",\"potentialAction\":[{\"@type\":\"CommentAction\",\"name\":\"Comment\",\"target\":[\"https:\\\/\\\/grupohoymexico.com\\\/tlaxcala\\\/estatal\\\/lorena-cuellar-inaugura-la-casa-del-abuelo-en-san-diego-metepec\\\/#respond\"]}]},{\"@type\":\"WebPage\",\"@id\":\"https:\\\/\\\/grupohoymexico.com\\\/tlaxcala\\\/estatal\\\/lorena-cuellar-inaugura-la-casa-del-abuelo-en-san-diego-metepec\\\/\",\"url\":\"https:\\\/\\\/grupohoymexico.com\\\/tlaxcala\\\/estatal\\\/lorena-cuellar-inaugura-la-casa-del-abuelo-en-san-diego-metepec\\\/\",\"name\":\"Lorena Cu\u00e9llar inaugura la Casa del Abuelo en San Diego Metepec - Tlaxcala Hoy\",\"isPartOf\":{\"@id\":\"https:\\\/\\\/grupohoymexico.com\\\/tlaxcala\\\/#website\"},\"primaryImageOfPage\":{\"@id\":\"https:\\\/\\\/grupohoymexico.com\\\/tlaxcala\\\/estatal\\\/lorena-cuellar-inaugura-la-casa-del-abuelo-en-san-diego-metepec\\\/#primaryimage\"},\"image\":{\"@id\":\"https:\\\/\\\/grupohoymexico.com\\\/tlaxcala\\\/estatal\\\/lorena-cuellar-inaugura-la-casa-del-abuelo-en-san-diego-metepec\\\/#primaryimage\"},\"thumbnailUrl\":\"https:\\\/\\\/grupohoymexico.com\\\/tlaxcala\\\/wp-content\\\/uploads\\\/sites\\\/4\\\/2025\\\/04\\\/5147830054913420970.jpg\",\"datePublished\":\"2025-04-03T17:00:10+00:00\",\"author\":{\"@id\":\"https:\\\/\\\/grupohoymexico.com\\\/tlaxcala\\\/#\\\/schema\\\/person\\\/ce6086ac837852775a3a4f539356c297\"},\"description\":\"La gobernadora Lorena Cu\u00e9llar y el presidente Alfonso S\u00e1nchez inauguraron la Casa del Abuelo en San Diego Metepec.\",\"breadcrumb\":{\"@id\":\"https:\\\/\\\/grupohoymexico.com\\\/tlaxcala\\\/estatal\\\/lorena-cuellar-inaugura-la-casa-del-abuelo-en-san-diego-metepec\\\/#breadcrumb\"},\"inLanguage\":\"es\",\"potentialAction\":[{\"@type\":\"ReadAction\",\"target\":[\"https:\\\/\\\/grupohoymexico.com\\\/tlaxcala\\\/estatal\\\/lorena-cuellar-inaugura-la-casa-del-abuelo-en-san-diego-metepec\\\/\"]}]},{\"@type\":\"ImageObject\",\"inLanguage\":\"es\",\"@id\":\"https:\\\/\\\/grupohoymexico.com\\\/tlaxcala\\\/estatal\\\/lorena-cuellar-inaugura-la-casa-del-abuelo-en-san-diego-metepec\\\/#primaryimage\",\"url\":\"https:\\\/\\\/grupohoymexico.com\\\/tlaxcala\\\/wp-content\\\/uploads\\\/sites\\\/4\\\/2025\\\/04\\\/5147830054913420970.jpg\",\"contentUrl\":\"https:\\\/\\\/grupohoymexico.com\\\/tlaxcala\\\/wp-content\\\/uploads\\\/sites\\\/4\\\/2025\\\/04\\\/5147830054913420970.jpg\",\"width\":1280,\"height\":680,\"caption\":\"Casa del Abuelo Tlaxcala\"},{\"@type\":\"BreadcrumbList\",\"@id\":\"https:\\\/\\\/grupohoymexico.com\\\/tlaxcala\\\/estatal\\\/lorena-cuellar-inaugura-la-casa-del-abuelo-en-san-diego-metepec\\\/#breadcrumb\",\"itemListElement\":[{\"@type\":\"ListItem\",\"position\":1,\"name\":\"Inicio\",\"item\":\"https:\\\/\\\/grupohoymexico.com\\\/tlaxcala\\\/\"},{\"@type\":\"ListItem\",\"position\":2,\"name\":\"Lorena Cu\u00e9llar inaugura la Casa del Abuelo en San Diego Metepec\"}]},{\"@type\":\"WebSite\",\"@id\":\"https:\\\/\\\/grupohoymexico.com\\\/tlaxcala\\\/#website\",\"url\":\"https:\\\/\\\/grupohoymexico.com\\\/tlaxcala\\\/\",\"name\":\"Tlaxcala Hoy\",\"description\":\"El alma de la naci\u00f3n\",\"potentialAction\":[{\"@type\":\"SearchAction\",\"target\":{\"@type\":\"EntryPoint\",\"urlTemplate\":\"https:\\\/\\\/grupohoymexico.com\\\/tlaxcala\\\/?s={search_term_string}\"},\"query-input\":{\"@type\":\"PropertyValueSpecification\",\"valueRequired\":true,\"valueName\":\"search_term_string\"}}],\"inLanguage\":\"es\"},{\"@type\":\"Person\",\"@id\":\"https:\\\/\\\/grupohoymexico.com\\\/tlaxcala\\\/#\\\/schema\\\/person\\\/ce6086ac837852775a3a4f539356c297\",\"name\":\"user\",\"image\":{\"@type\":\"ImageObject\",\"inLanguage\":\"es\",\"@id\":\"https:\\\/\\\/secure.gravatar.com\\\/avatar\\\/25f78de4fa956f6f7c01f8d96f8087d8958ebe06d57e630cd54e36aefb9dacea?s=96&d=mm&r=g\",\"url\":\"https:\\\/\\\/secure.gravatar.com\\\/avatar\\\/25f78de4fa956f6f7c01f8d96f8087d8958ebe06d57e630cd54e36aefb9dacea?s=96&d=mm&r=g\",\"contentUrl\":\"https:\\\/\\\/secure.gravatar.com\\\/avatar\\\/25f78de4fa956f6f7c01f8d96f8087d8958ebe06d57e630cd54e36aefb9dacea?s=96&d=mm&r=g\",\"caption\":\"user\"},\"sameAs\":[\"http:\\\/\\\/44.197.188.197.nip.io\"],\"url\":\"https:\\\/\\\/grupohoymexico.com\\\/tlaxcala\\\/author\\\/user\\\/\"}]}<\/script>\n<!-- \/ Yoast SEO Premium plugin. -->","yoast_head_json":{"title":"Lorena Cu\u00e9llar inaugura la Casa del Abuelo en San Diego Metepec - Tlaxcala Hoy","description":"La gobernadora Lorena Cu\u00e9llar y el presidente Alfonso S\u00e1nchez inauguraron la Casa del Abuelo en San Diego Metepec.","robots":{"index":"index","follow":"follow","max-snippet":"max-snippet:-1","max-image-preview":"max-image-preview:large","max-video-preview":"max-video-preview:-1"},"canonical":"https:\/\/grupohoymexico.com\/tlaxcala\/estatal\/lorena-cuellar-inaugura-la-casa-del-abuelo-en-san-diego-metepec\/","og_locale":"es_MX","og_type":"article","og_title":"Lorena Cu\u00e9llar inaugura la Casa del Abuelo en San Diego Metepec","og_description":"La gobernadora Lorena Cu\u00e9llar y el presidente Alfonso S\u00e1nchez inauguraron la Casa del Abuelo en San Diego Metepec.","og_url":"https:\/\/grupohoymexico.com\/tlaxcala\/estatal\/lorena-cuellar-inaugura-la-casa-del-abuelo-en-san-diego-metepec\/","og_site_name":"Tlaxcala Hoy","article_published_time":"2025-04-03T17:00:10+00:00","og_image":[{"width":1280,"height":680,"url":"https:\/\/grupohoymexico.com\/tlaxcala\/wp-content\/uploads\/sites\/4\/2025\/04\/5147830054913420970.jpg","type":"image\/jpeg"}],"author":"user","twitter_card":"summary_large_image","twitter_misc":{"Escrito por":"user","Tiempo de lectura":"2 minutos"},"schema":{"@context":"https:\/\/schema.org","@graph":[{"@type":"Article","@id":"https:\/\/grupohoymexico.com\/tlaxcala\/estatal\/lorena-cuellar-inaugura-la-casa-del-abuelo-en-san-diego-metepec\/#article","isPartOf":{"@id":"https:\/\/grupohoymexico.com\/tlaxcala\/estatal\/lorena-cuellar-inaugura-la-casa-del-abuelo-en-san-diego-metepec\/"},"author":{"name":"user","@id":"https:\/\/grupohoymexico.com\/tlaxcala\/#\/schema\/person\/ce6086ac837852775a3a4f539356c297"},"headline":"Lorena Cu\u00e9llar inaugura la Casa del Abuelo en San Diego Metepec","datePublished":"2025-04-03T17:00:10+00:00","mainEntityOfPage":{"@id":"https:\/\/grupohoymexico.com\/tlaxcala\/estatal\/lorena-cuellar-inaugura-la-casa-del-abuelo-en-san-diego-metepec\/"},"wordCount":355,"commentCount":0,"image":{"@id":"https:\/\/grupohoymexico.com\/tlaxcala\/estatal\/lorena-cuellar-inaugura-la-casa-del-abuelo-en-san-diego-metepec\/#primaryimage"},"thumbnailUrl":"https:\/\/grupohoymexico.com\/tlaxcala\/wp-content\/uploads\/sites\/4\/2025\/04\/5147830054913420970.jpg","keywords":["Adultos mayores","Alfonso S\u00e1nchez Garc\u00eda","Casa del Abuelo","Lorena Cu\u00e9llar","Tlaxcala","trabajo social"],"articleSection":["Estatal"],"inLanguage":"es","potentialAction":[{"@type":"CommentAction","name":"Comment","target":["https:\/\/grupohoymexico.com\/tlaxcala\/estatal\/lorena-cuellar-inaugura-la-casa-del-abuelo-en-san-diego-metepec\/#respond"]}]},{"@type":"WebPage","@id":"https:\/\/grupohoymexico.com\/tlaxcala\/estatal\/lorena-cuellar-inaugura-la-casa-del-abuelo-en-san-diego-metepec\/","url":"https:\/\/grupohoymexico.com\/tlaxcala\/estatal\/lorena-cuellar-inaugura-la-casa-del-abuelo-en-san-diego-metepec\/","name":"Lorena Cu\u00e9llar inaugura la Casa del Abuelo en San Diego Metepec - Tlaxcala Hoy","isPartOf":{"@id":"https:\/\/grupohoymexico.com\/tlaxcala\/#website"},"primaryImageOfPage":{"@id":"https:\/\/grupohoymexico.com\/tlaxcala\/estatal\/lorena-cuellar-inaugura-la-casa-del-abuelo-en-san-diego-metepec\/#primaryimage"},"image":{"@id":"https:\/\/grupohoymexico.com\/tlaxcala\/estatal\/lorena-cuellar-inaugura-la-casa-del-abuelo-en-san-diego-metepec\/#primaryimage"},"thumbnailUrl":"https:\/\/grupohoymexico.com\/tlaxcala\/wp-content\/uploads\/sites\/4\/2025\/04\/5147830054913420970.jpg","datePublished":"2025-04-03T17:00:10+00:00","author":{"@id":"https:\/\/grupohoymexico.com\/tlaxcala\/#\/schema\/person\/ce6086ac837852775a3a4f539356c297"},"description":"La gobernadora Lorena Cu\u00e9llar y el presidente Alfonso S\u00e1nchez inauguraron la Casa del Abuelo en San Diego Metepec.","breadcrumb":{"@id":"https:\/\/grupohoymexico.com\/tlaxcala\/estatal\/lorena-cuellar-inaugura-la-casa-del-abuelo-en-san-diego-metepec\/#breadcrumb"},"inLanguage":"es","potentialAction":[{"@type":"ReadAction","target":["https:\/\/grupohoymexico.com\/tlaxcala\/estatal\/lorena-cuellar-inaugura-la-casa-del-abuelo-en-san-diego-metepec\/"]}]},{"@type":"ImageObject","inLanguage":"es","@id":"https:\/\/grupohoymexico.com\/tlaxcala\/estatal\/lorena-cuellar-inaugura-la-casa-del-abuelo-en-san-diego-metepec\/#primaryimage","url":"https:\/\/grupohoymexico.com\/tlaxcala\/wp-content\/uploads\/sites\/4\/2025\/04\/5147830054913420970.jpg","contentUrl":"https:\/\/grupohoymexico.com\/tlaxcala\/wp-content\/uploads\/sites\/4\/2025\/04\/5147830054913420970.jpg","width":1280,"height":680,"caption":"Casa del Abuelo Tlaxcala"},{"@type":"BreadcrumbList","@id":"https:\/\/grupohoymexico.com\/tlaxcala\/estatal\/lorena-cuellar-inaugura-la-casa-del-abuelo-en-san-diego-metepec\/#breadcrumb","itemListElement":[{"@type":"ListItem","position":1,"name":"Inicio","item":"https:\/\/grupohoymexico.com\/tlaxcala\/"},{"@type":"ListItem","position":2,"name":"Lorena Cu\u00e9llar inaugura la Casa del Abuelo en San Diego Metepec"}]},{"@type":"WebSite","@id":"https:\/\/grupohoymexico.com\/tlaxcala\/#website","url":"https:\/\/grupohoymexico.com\/tlaxcala\/","name":"Tlaxcala Hoy","description":"El alma de la naci\u00f3n","potentialAction":[{"@type":"SearchAction","target":{"@type":"EntryPoint","urlTemplate":"https:\/\/grupohoymexico.com\/tlaxcala\/?s={search_term_string}"},"query-input":{"@type":"PropertyValueSpecification","valueRequired":true,"valueName":"search_term_string"}}],"inLanguage":"es"},{"@type":"Person","@id":"https:\/\/grupohoymexico.com\/tlaxcala\/#\/schema\/person\/ce6086ac837852775a3a4f539356c297","name":"user","image":{"@type":"ImageObject","inLanguage":"es","@id":"https:\/\/secure.gravatar.com\/avatar\/25f78de4fa956f6f7c01f8d96f8087d8958ebe06d57e630cd54e36aefb9dacea?s=96&d=mm&r=g","url":"https:\/\/secure.gravatar.com\/avatar\/25f78de4fa956f6f7c01f8d96f8087d8958ebe06d57e630cd54e36aefb9dacea?s=96&d=mm&r=g","contentUrl":"https:\/\/secure.gravatar.com\/avatar\/25f78de4fa956f6f7c01f8d96f8087d8958ebe06d57e630cd54e36aefb9dacea?s=96&d=mm&r=g","caption":"user"},"sameAs":["http:\/\/44.197.188.197.nip.io"],"url":"https:\/\/grupohoymexico.com\/tlaxcala\/author\/user\/"}]}},"_links":{"self":[{"href":"https:\/\/grupohoymexico.com\/tlaxcala\/wp-json\/wp\/v2\/posts\/2194","targetHints":{"allow":["GET"]}}],"collection":[{"href":"https:\/\/grupohoymexico.com\/tlaxcala\/wp-json\/wp\/v2\/posts"}],"about":[{"href":"https:\/\/grupohoymexico.com\/tlaxcala\/wp-json\/wp\/v2\/types\/post"}],"author":[{"embeddable":true,"href":"https:\/\/grupohoymexico.com\/tlaxcala\/wp-json\/wp\/v2\/users\/1"}],"replies":[{"embeddable":true,"href":"https:\/\/grupohoymexico.com\/tlaxcala\/wp-json\/wp\/v2\/comments?post=2194"}],"version-history":[{"count":1,"href":"https:\/\/grupohoymexico.com\/tlaxcala\/wp-json\/wp\/v2\/posts\/2194\/revisions"}],"predecessor-version":[{"id":2196,"href":"https:\/\/grupohoymexico.com\/tlaxcala\/wp-json\/wp\/v2\/posts\/2194\/revisions\/2196"}],"wp:featuredmedia":[{"embeddable":true,"href":"https:\/\/grupohoymexico.com\/tlaxcala\/wp-json\/wp\/v2\/media\/2195"}],"wp:attachment":[{"href":"https:\/\/grupohoymexico.com\/tlaxcala\/wp-json\/wp\/v2\/media?parent=2194"}],"wp:term":[{"taxonomy":"category","embeddable":true,"href":"https:\/\/grupohoymexico.com\/tlaxcala\/wp-json\/wp\/v2\/categories?post=2194"},{"taxonomy":"post_tag","embeddable":true,"href":"https:\/\/grupohoymexico.com\/tlaxcala\/wp-json\/wp\/v2\/tags?post=2194"}],"curies":[{"name":"wp","href":"https:\/\/api.w.org\/{rel}","templated":true}]}}