{"id":2193,"date":"2025-04-03T17:13:25","date_gmt":"2025-04-03T17:13:25","guid":{"rendered":"https:\/\/grupohoymexico.com\/tlaxcala\/?p=2193"},"modified":"2025-04-03T17:13:25","modified_gmt":"2025-04-03T17:13:25","slug":"tlaxcala-supera-meta-en-vacunacion-antirrabica-2025-protegiendo-a-mascotas-y-familias","status":"publish","type":"post","link":"https:\/\/grupohoymexico.com\/tlaxcala\/estatal\/tlaxcala-supera-meta-en-vacunacion-antirrabica-2025-protegiendo-a-mascotas-y-familias\/","title":{"rendered":"Tlaxcala supera meta en vacunaci\u00f3n antirr\u00e1bica 2025: \u00a1Protegiendo a mascotas y familias!"},"content":{"rendered":"<p>La\u00a0<strong>Secretar\u00eda de Salud (SESA)<\/strong>\u00a0de Tlaxcala ha logrado una\u00a0<strong>alta participaci\u00f3n ciudadana<\/strong>\u00a0en la\u00a0<strong>Jornada de Vacunaci\u00f3n Antirr\u00e1bica Canina y Felina 2025<\/strong>, que se realiza en los\u00a0<strong>60 municipios<\/strong>\u00a0de la entidad hasta el\u00a0<strong>6 de abril<\/strong>. Con una meta de\u00a0<strong>394,000 dosis gratuitas<\/strong>, la campa\u00f1a avanza con \u00e9xito en\u00a0<strong>Centros de Salud y Unidades M\u00e9dicas IMSS-Bienestar<\/strong>, protegiendo a perros y gatos mayores de un mes de edad.<\/p>\n<p>Las autoridades sanitarias destacaron que esta estrategia no solo busca aplicar\u00a0<strong>primera dosis<\/strong>, sino tambi\u00e9n\u00a0<strong>refuerzos anuales<\/strong>, garantizando la inmunizaci\u00f3n continua. El\u00a0<strong>M\u00f3dulo Canino<\/strong>\u00a0seguir\u00e1 operando despu\u00e9s de la jornada intensiva, con horarios amplios para facilitar el acceso a los due\u00f1os de mascotas. Tlaxcala mantiene su estatus de\u00a0<strong>libre de rabia humana desde 1995 y de rabia canina desde 2005<\/strong>, un logro que esta campa\u00f1a refuerza.<\/p>\n<p><iframe style=\"border: none; overflow: hidden;\" src=\"https:\/\/www.facebook.com\/plugins\/post.php?href=https%3A%2F%2Fwww.facebook.com%2FGobTlaxcala%2Fposts%2Fpfbid02oKzoNEte3JAKBrFzUAu6Xo1mE7UJFECmRrZRsBMQ134rC2aoBtE55jbtT7obZR1Tl&amp;show_text=true&amp;width=500\" width=\"500\" height=\"773\" frameborder=\"0\" scrolling=\"no\" allowfullscreen=\"allowfullscreen\"><\/iframe><\/p>\n<h2>\u00bfPor qu\u00e9 es clave la vacunaci\u00f3n antirr\u00e1bica a perros y gatos?<\/h2>\n<p>La\u00a0<strong>rabia<\/strong>\u00a0es una enfermedad mortal que puede transmitirse a los humanos, por lo que la vacunaci\u00f3n masiva es esencial para\u00a0<strong>proteger la salud p\u00fablica<\/strong>. La SESA recomienda llevar la\u00a0<strong>cartilla de vacunaci\u00f3n<\/strong>\u00a0y mantener a las mascotas\u00a0<strong>con correa<\/strong>\u00a0durante la aplicaci\u00f3n. Aunque no se ha especificado el porcentaje de avance, la coordinaci\u00f3n estatal de\u00a0<strong>Zoonosis<\/strong>\u00a0asegura que la respuesta ciudadana ha sido\u00a0<strong>excepcional<\/strong>.<\/p>\n<p>Esta campa\u00f1a refleja el compromiso de <a href=\"https:\/\/grupohoymexico.com\/tlaxcala\/estatal\/sesa-tlaxcala-realiza-mas-de-15-mil-pruebas-gratuitas-de-vih-y-hepatitis-c-en-2024\/\">Tlaxcala<\/a> con la\u00a0<strong>prevenci\u00f3n y el bienestar animal<\/strong>, evitando brotes y consolidando su reputaci\u00f3n como un estado\u00a0<strong>libre de rabia<\/strong>. Si a\u00fan no has vacunado a tu mascota,\u00a0<strong>\u00a1a\u00fan est\u00e1s a tiempo!<\/strong>\u00a0Acude a los centros autorizados y contribuye a mantener este logro sanitario.<\/p>\n","protected":false},"excerpt":{"rendered":"La\u00a0Secretar\u00eda de Salud (SESA)\u00a0de Tlaxcala ha logrado una\u00a0alta participaci\u00f3n ciudadana\u00a0en la\u00a0Jornada de Vacunaci\u00f3n Antirr\u00e1bica Canina y Felina 2025,&hellip;","protected":false},"author":13,"featured_media":2197,"comment_status":"open","ping_status":"open","sticky":false,"template":"","format":"standard","meta":{"csco_display_header_overlay":false,"csco_singular_sidebar":"","csco_page_header_type":"","csco_page_load_nextpost":"","csco_post_video_location":[],"csco_post_video_location_hash":"","csco_post_video_url":"","csco_post_video_bg_start_time":0,"csco_post_video_bg_end_time":0,"footnotes":""},"categories":[172],"tags":[1231,495],"class_list":{"0":"post-2193","1":"post","2":"type-post","3":"status-publish","4":"format-standard","5":"has-post-thumbnail","7":"category-estatal","8":"tag-campana-antirrabica","9":"tag-sesa-tlaxcala","10":"cs-entry","11":"cs-video-wrap"},"yoast_head":"<!-- This site is optimized with the Yoast SEO Premium plugin v24.7 (Yoast SEO v27.4) - https:\/\/yoast.com\/product\/yoast-seo-premium-wordpress\/ -->\n<title>Vacunaci\u00f3n antirr\u00e1bica en Tlaxcala: \u00e9xito con 394,000 dosis<\/title>\n<meta name=\"description\" content=\"&quot;Tlaxcala avanza en su Jornada de Vacunaci\u00f3n Antirr\u00e1bica 2025 con 394,000 dosis gratuitas. \u00a1Mant\u00e9n a tus mascotas protegidas!&quot;\" \/>\n<meta name=\"robots\" content=\"index, follow, max-snippet:-1, max-image-preview:large, max-video-preview:-1\" \/>\n<link rel=\"canonical\" href=\"https:\/\/grupohoymexico.com\/tlaxcala\/estatal\/tlaxcala-supera-meta-en-vacunacion-antirrabica-2025-protegiendo-a-mascotas-y-familias\/\" \/>\n<meta property=\"og:locale\" content=\"es_MX\" \/>\n<meta property=\"og:type\" content=\"article\" \/>\n<meta property=\"og:title\" content=\"Tlaxcala supera meta en vacunaci\u00f3n antirr\u00e1bica 2025: \u00a1Protegiendo a mascotas y familias!\" \/>\n<meta property=\"og:description\" content=\"&quot;Tlaxcala avanza en su Jornada de Vacunaci\u00f3n Antirr\u00e1bica 2025 con 394,000 dosis gratuitas. \u00a1Mant\u00e9n a tus mascotas protegidas!&quot;\" \/>\n<meta property=\"og:url\" content=\"https:\/\/grupohoymexico.com\/tlaxcala\/estatal\/tlaxcala-supera-meta-en-vacunacion-antirrabica-2025-protegiendo-a-mascotas-y-familias\/\" \/>\n<meta property=\"og:site_name\" content=\"Tlaxcala Hoy\" \/>\n<meta property=\"article:published_time\" content=\"2025-04-03T17:13:25+00:00\" \/>\n<meta property=\"og:image\" content=\"https:\/\/grupohoymexico.com\/tlaxcala\/wp-content\/uploads\/sites\/4\/2025\/04\/Tlaxcala-supera-meta-en-vacunacion-antirrabica-2025.jpg\" \/>\n\t<meta property=\"og:image:width\" content=\"1201\" \/>\n\t<meta property=\"og:image:height\" content=\"639\" \/>\n\t<meta property=\"og:image:type\" content=\"image\/jpeg\" \/>\n<meta name=\"author\" content=\"abigail\" \/>\n<meta name=\"twitter:card\" content=\"summary_large_image\" \/>\n<meta name=\"twitter:label1\" content=\"Escrito por\" \/>\n\t<meta name=\"twitter:data1\" content=\"abigail\" \/>\n\t<meta name=\"twitter:label2\" content=\"Tiempo de lectura\" \/>\n\t<meta name=\"twitter:data2\" content=\"2 minutos\" \/>\n<script type=\"application\/ld+json\" class=\"yoast-schema-graph\">{\"@context\":\"https:\\\/\\\/schema.org\",\"@graph\":[{\"@type\":\"Article\",\"@id\":\"https:\\\/\\\/grupohoymexico.com\\\/tlaxcala\\\/estatal\\\/tlaxcala-supera-meta-en-vacunacion-antirrabica-2025-protegiendo-a-mascotas-y-familias\\\/#article\",\"isPartOf\":{\"@id\":\"https:\\\/\\\/grupohoymexico.com\\\/tlaxcala\\\/estatal\\\/tlaxcala-supera-meta-en-vacunacion-antirrabica-2025-protegiendo-a-mascotas-y-familias\\\/\"},\"author\":{\"name\":\"abigail\",\"@id\":\"https:\\\/\\\/grupohoymexico.com\\\/tlaxcala\\\/#\\\/schema\\\/person\\\/6465a81f74f8fe935623ced453f2c826\"},\"headline\":\"Tlaxcala supera meta en vacunaci\u00f3n antirr\u00e1bica 2025: \u00a1Protegiendo a mascotas y familias!\",\"datePublished\":\"2025-04-03T17:13:25+00:00\",\"mainEntityOfPage\":{\"@id\":\"https:\\\/\\\/grupohoymexico.com\\\/tlaxcala\\\/estatal\\\/tlaxcala-supera-meta-en-vacunacion-antirrabica-2025-protegiendo-a-mascotas-y-familias\\\/\"},\"wordCount\":293,\"commentCount\":0,\"image\":{\"@id\":\"https:\\\/\\\/grupohoymexico.com\\\/tlaxcala\\\/estatal\\\/tlaxcala-supera-meta-en-vacunacion-antirrabica-2025-protegiendo-a-mascotas-y-familias\\\/#primaryimage\"},\"thumbnailUrl\":\"https:\\\/\\\/grupohoymexico.com\\\/tlaxcala\\\/wp-content\\\/uploads\\\/sites\\\/4\\\/2025\\\/04\\\/Tlaxcala-supera-meta-en-vacunacion-antirrabica-2025.jpg\",\"keywords\":[\"campa\u00f1a antirr\u00e1bica\",\"SESA Tlaxcala\"],\"articleSection\":[\"Estatal\"],\"inLanguage\":\"es\",\"potentialAction\":[{\"@type\":\"CommentAction\",\"name\":\"Comment\",\"target\":[\"https:\\\/\\\/grupohoymexico.com\\\/tlaxcala\\\/estatal\\\/tlaxcala-supera-meta-en-vacunacion-antirrabica-2025-protegiendo-a-mascotas-y-familias\\\/#respond\"]}]},{\"@type\":\"WebPage\",\"@id\":\"https:\\\/\\\/grupohoymexico.com\\\/tlaxcala\\\/estatal\\\/tlaxcala-supera-meta-en-vacunacion-antirrabica-2025-protegiendo-a-mascotas-y-familias\\\/\",\"url\":\"https:\\\/\\\/grupohoymexico.com\\\/tlaxcala\\\/estatal\\\/tlaxcala-supera-meta-en-vacunacion-antirrabica-2025-protegiendo-a-mascotas-y-familias\\\/\",\"name\":\"Vacunaci\u00f3n antirr\u00e1bica en Tlaxcala: \u00e9xito con 394,000 dosis\",\"isPartOf\":{\"@id\":\"https:\\\/\\\/grupohoymexico.com\\\/tlaxcala\\\/#website\"},\"primaryImageOfPage\":{\"@id\":\"https:\\\/\\\/grupohoymexico.com\\\/tlaxcala\\\/estatal\\\/tlaxcala-supera-meta-en-vacunacion-antirrabica-2025-protegiendo-a-mascotas-y-familias\\\/#primaryimage\"},\"image\":{\"@id\":\"https:\\\/\\\/grupohoymexico.com\\\/tlaxcala\\\/estatal\\\/tlaxcala-supera-meta-en-vacunacion-antirrabica-2025-protegiendo-a-mascotas-y-familias\\\/#primaryimage\"},\"thumbnailUrl\":\"https:\\\/\\\/grupohoymexico.com\\\/tlaxcala\\\/wp-content\\\/uploads\\\/sites\\\/4\\\/2025\\\/04\\\/Tlaxcala-supera-meta-en-vacunacion-antirrabica-2025.jpg\",\"datePublished\":\"2025-04-03T17:13:25+00:00\",\"author\":{\"@id\":\"https:\\\/\\\/grupohoymexico.com\\\/tlaxcala\\\/#\\\/schema\\\/person\\\/6465a81f74f8fe935623ced453f2c826\"},\"description\":\"\\\"Tlaxcala avanza en su Jornada de Vacunaci\u00f3n Antirr\u00e1bica 2025 con 394,000 dosis gratuitas. \u00a1Mant\u00e9n a tus mascotas protegidas!\\\"\",\"breadcrumb\":{\"@id\":\"https:\\\/\\\/grupohoymexico.com\\\/tlaxcala\\\/estatal\\\/tlaxcala-supera-meta-en-vacunacion-antirrabica-2025-protegiendo-a-mascotas-y-familias\\\/#breadcrumb\"},\"inLanguage\":\"es\",\"potentialAction\":[{\"@type\":\"ReadAction\",\"target\":[\"https:\\\/\\\/grupohoymexico.com\\\/tlaxcala\\\/estatal\\\/tlaxcala-supera-meta-en-vacunacion-antirrabica-2025-protegiendo-a-mascotas-y-familias\\\/\"]}]},{\"@type\":\"ImageObject\",\"inLanguage\":\"es\",\"@id\":\"https:\\\/\\\/grupohoymexico.com\\\/tlaxcala\\\/estatal\\\/tlaxcala-supera-meta-en-vacunacion-antirrabica-2025-protegiendo-a-mascotas-y-familias\\\/#primaryimage\",\"url\":\"https:\\\/\\\/grupohoymexico.com\\\/tlaxcala\\\/wp-content\\\/uploads\\\/sites\\\/4\\\/2025\\\/04\\\/Tlaxcala-supera-meta-en-vacunacion-antirrabica-2025.jpg\",\"contentUrl\":\"https:\\\/\\\/grupohoymexico.com\\\/tlaxcala\\\/wp-content\\\/uploads\\\/sites\\\/4\\\/2025\\\/04\\\/Tlaxcala-supera-meta-en-vacunacion-antirrabica-2025.jpg\",\"width\":1201,\"height\":639},{\"@type\":\"BreadcrumbList\",\"@id\":\"https:\\\/\\\/grupohoymexico.com\\\/tlaxcala\\\/estatal\\\/tlaxcala-supera-meta-en-vacunacion-antirrabica-2025-protegiendo-a-mascotas-y-familias\\\/#breadcrumb\",\"itemListElement\":[{\"@type\":\"ListItem\",\"position\":1,\"name\":\"Inicio\",\"item\":\"https:\\\/\\\/grupohoymexico.com\\\/tlaxcala\\\/\"},{\"@type\":\"ListItem\",\"position\":2,\"name\":\"Tlaxcala supera meta en vacunaci\u00f3n antirr\u00e1bica 2025: \u00a1Protegiendo a mascotas y familias!\"}]},{\"@type\":\"WebSite\",\"@id\":\"https:\\\/\\\/grupohoymexico.com\\\/tlaxcala\\\/#website\",\"url\":\"https:\\\/\\\/grupohoymexico.com\\\/tlaxcala\\\/\",\"name\":\"Tlaxcala Hoy\",\"description\":\"El alma de la naci\u00f3n\",\"potentialAction\":[{\"@type\":\"SearchAction\",\"target\":{\"@type\":\"EntryPoint\",\"urlTemplate\":\"https:\\\/\\\/grupohoymexico.com\\\/tlaxcala\\\/?s={search_term_string}\"},\"query-input\":{\"@type\":\"PropertyValueSpecification\",\"valueRequired\":true,\"valueName\":\"search_term_string\"}}],\"inLanguage\":\"es\"},{\"@type\":\"Person\",\"@id\":\"https:\\\/\\\/grupohoymexico.com\\\/tlaxcala\\\/#\\\/schema\\\/person\\\/6465a81f74f8fe935623ced453f2c826\",\"name\":\"abigail\",\"image\":{\"@type\":\"ImageObject\",\"inLanguage\":\"es\",\"@id\":\"https:\\\/\\\/secure.gravatar.com\\\/avatar\\\/19e4cc706671384d4deef22e8ad915a9a269e11caaed9bd4611ed15f63900141?s=96&d=mm&r=g\",\"url\":\"https:\\\/\\\/secure.gravatar.com\\\/avatar\\\/19e4cc706671384d4deef22e8ad915a9a269e11caaed9bd4611ed15f63900141?s=96&d=mm&r=g\",\"contentUrl\":\"https:\\\/\\\/secure.gravatar.com\\\/avatar\\\/19e4cc706671384d4deef22e8ad915a9a269e11caaed9bd4611ed15f63900141?s=96&d=mm&r=g\",\"caption\":\"abigail\"},\"url\":\"https:\\\/\\\/grupohoymexico.com\\\/tlaxcala\\\/author\\\/abigail\\\/\"}]}<\/script>\n<!-- \/ Yoast SEO Premium plugin. -->","yoast_head_json":{"title":"Vacunaci\u00f3n antirr\u00e1bica en Tlaxcala: \u00e9xito con 394,000 dosis","description":"\"Tlaxcala avanza en su Jornada de Vacunaci\u00f3n Antirr\u00e1bica 2025 con 394,000 dosis gratuitas. \u00a1Mant\u00e9n a tus mascotas protegidas!\"","robots":{"index":"index","follow":"follow","max-snippet":"max-snippet:-1","max-image-preview":"max-image-preview:large","max-video-preview":"max-video-preview:-1"},"canonical":"https:\/\/grupohoymexico.com\/tlaxcala\/estatal\/tlaxcala-supera-meta-en-vacunacion-antirrabica-2025-protegiendo-a-mascotas-y-familias\/","og_locale":"es_MX","og_type":"article","og_title":"Tlaxcala supera meta en vacunaci\u00f3n antirr\u00e1bica 2025: \u00a1Protegiendo a mascotas y familias!","og_description":"\"Tlaxcala avanza en su Jornada de Vacunaci\u00f3n Antirr\u00e1bica 2025 con 394,000 dosis gratuitas. \u00a1Mant\u00e9n a tus mascotas protegidas!\"","og_url":"https:\/\/grupohoymexico.com\/tlaxcala\/estatal\/tlaxcala-supera-meta-en-vacunacion-antirrabica-2025-protegiendo-a-mascotas-y-familias\/","og_site_name":"Tlaxcala Hoy","article_published_time":"2025-04-03T17:13:25+00:00","og_image":[{"width":1201,"height":639,"url":"https:\/\/grupohoymexico.com\/tlaxcala\/wp-content\/uploads\/sites\/4\/2025\/04\/Tlaxcala-supera-meta-en-vacunacion-antirrabica-2025.jpg","type":"image\/jpeg"}],"author":"abigail","twitter_card":"summary_large_image","twitter_misc":{"Escrito por":"abigail","Tiempo de lectura":"2 minutos"},"schema":{"@context":"https:\/\/schema.org","@graph":[{"@type":"Article","@id":"https:\/\/grupohoymexico.com\/tlaxcala\/estatal\/tlaxcala-supera-meta-en-vacunacion-antirrabica-2025-protegiendo-a-mascotas-y-familias\/#article","isPartOf":{"@id":"https:\/\/grupohoymexico.com\/tlaxcala\/estatal\/tlaxcala-supera-meta-en-vacunacion-antirrabica-2025-protegiendo-a-mascotas-y-familias\/"},"author":{"name":"abigail","@id":"https:\/\/grupohoymexico.com\/tlaxcala\/#\/schema\/person\/6465a81f74f8fe935623ced453f2c826"},"headline":"Tlaxcala supera meta en vacunaci\u00f3n antirr\u00e1bica 2025: \u00a1Protegiendo a mascotas y familias!","datePublished":"2025-04-03T17:13:25+00:00","mainEntityOfPage":{"@id":"https:\/\/grupohoymexico.com\/tlaxcala\/estatal\/tlaxcala-supera-meta-en-vacunacion-antirrabica-2025-protegiendo-a-mascotas-y-familias\/"},"wordCount":293,"commentCount":0,"image":{"@id":"https:\/\/grupohoymexico.com\/tlaxcala\/estatal\/tlaxcala-supera-meta-en-vacunacion-antirrabica-2025-protegiendo-a-mascotas-y-familias\/#primaryimage"},"thumbnailUrl":"https:\/\/grupohoymexico.com\/tlaxcala\/wp-content\/uploads\/sites\/4\/2025\/04\/Tlaxcala-supera-meta-en-vacunacion-antirrabica-2025.jpg","keywords":["campa\u00f1a antirr\u00e1bica","SESA Tlaxcala"],"articleSection":["Estatal"],"inLanguage":"es","potentialAction":[{"@type":"CommentAction","name":"Comment","target":["https:\/\/grupohoymexico.com\/tlaxcala\/estatal\/tlaxcala-supera-meta-en-vacunacion-antirrabica-2025-protegiendo-a-mascotas-y-familias\/#respond"]}]},{"@type":"WebPage","@id":"https:\/\/grupohoymexico.com\/tlaxcala\/estatal\/tlaxcala-supera-meta-en-vacunacion-antirrabica-2025-protegiendo-a-mascotas-y-familias\/","url":"https:\/\/grupohoymexico.com\/tlaxcala\/estatal\/tlaxcala-supera-meta-en-vacunacion-antirrabica-2025-protegiendo-a-mascotas-y-familias\/","name":"Vacunaci\u00f3n antirr\u00e1bica en Tlaxcala: \u00e9xito con 394,000 dosis","isPartOf":{"@id":"https:\/\/grupohoymexico.com\/tlaxcala\/#website"},"primaryImageOfPage":{"@id":"https:\/\/grupohoymexico.com\/tlaxcala\/estatal\/tlaxcala-supera-meta-en-vacunacion-antirrabica-2025-protegiendo-a-mascotas-y-familias\/#primaryimage"},"image":{"@id":"https:\/\/grupohoymexico.com\/tlaxcala\/estatal\/tlaxcala-supera-meta-en-vacunacion-antirrabica-2025-protegiendo-a-mascotas-y-familias\/#primaryimage"},"thumbnailUrl":"https:\/\/grupohoymexico.com\/tlaxcala\/wp-content\/uploads\/sites\/4\/2025\/04\/Tlaxcala-supera-meta-en-vacunacion-antirrabica-2025.jpg","datePublished":"2025-04-03T17:13:25+00:00","author":{"@id":"https:\/\/grupohoymexico.com\/tlaxcala\/#\/schema\/person\/6465a81f74f8fe935623ced453f2c826"},"description":"\"Tlaxcala avanza en su Jornada de Vacunaci\u00f3n Antirr\u00e1bica 2025 con 394,000 dosis gratuitas. \u00a1Mant\u00e9n a tus mascotas protegidas!\"","breadcrumb":{"@id":"https:\/\/grupohoymexico.com\/tlaxcala\/estatal\/tlaxcala-supera-meta-en-vacunacion-antirrabica-2025-protegiendo-a-mascotas-y-familias\/#breadcrumb"},"inLanguage":"es","potentialAction":[{"@type":"ReadAction","target":["https:\/\/grupohoymexico.com\/tlaxcala\/estatal\/tlaxcala-supera-meta-en-vacunacion-antirrabica-2025-protegiendo-a-mascotas-y-familias\/"]}]},{"@type":"ImageObject","inLanguage":"es","@id":"https:\/\/grupohoymexico.com\/tlaxcala\/estatal\/tlaxcala-supera-meta-en-vacunacion-antirrabica-2025-protegiendo-a-mascotas-y-familias\/#primaryimage","url":"https:\/\/grupohoymexico.com\/tlaxcala\/wp-content\/uploads\/sites\/4\/2025\/04\/Tlaxcala-supera-meta-en-vacunacion-antirrabica-2025.jpg","contentUrl":"https:\/\/grupohoymexico.com\/tlaxcala\/wp-content\/uploads\/sites\/4\/2025\/04\/Tlaxcala-supera-meta-en-vacunacion-antirrabica-2025.jpg","width":1201,"height":639},{"@type":"BreadcrumbList","@id":"https:\/\/grupohoymexico.com\/tlaxcala\/estatal\/tlaxcala-supera-meta-en-vacunacion-antirrabica-2025-protegiendo-a-mascotas-y-familias\/#breadcrumb","itemListElement":[{"@type":"ListItem","position":1,"name":"Inicio","item":"https:\/\/grupohoymexico.com\/tlaxcala\/"},{"@type":"ListItem","position":2,"name":"Tlaxcala supera meta en vacunaci\u00f3n antirr\u00e1bica 2025: \u00a1Protegiendo a mascotas y familias!"}]},{"@type":"WebSite","@id":"https:\/\/grupohoymexico.com\/tlaxcala\/#website","url":"https:\/\/grupohoymexico.com\/tlaxcala\/","name":"Tlaxcala Hoy","description":"El alma de la naci\u00f3n","potentialAction":[{"@type":"SearchAction","target":{"@type":"EntryPoint","urlTemplate":"https:\/\/grupohoymexico.com\/tlaxcala\/?s={search_term_string}"},"query-input":{"@type":"PropertyValueSpecification","valueRequired":true,"valueName":"search_term_string"}}],"inLanguage":"es"},{"@type":"Person","@id":"https:\/\/grupohoymexico.com\/tlaxcala\/#\/schema\/person\/6465a81f74f8fe935623ced453f2c826","name":"abigail","image":{"@type":"ImageObject","inLanguage":"es","@id":"https:\/\/secure.gravatar.com\/avatar\/19e4cc706671384d4deef22e8ad915a9a269e11caaed9bd4611ed15f63900141?s=96&d=mm&r=g","url":"https:\/\/secure.gravatar.com\/avatar\/19e4cc706671384d4deef22e8ad915a9a269e11caaed9bd4611ed15f63900141?s=96&d=mm&r=g","contentUrl":"https:\/\/secure.gravatar.com\/avatar\/19e4cc706671384d4deef22e8ad915a9a269e11caaed9bd4611ed15f63900141?s=96&d=mm&r=g","caption":"abigail"},"url":"https:\/\/grupohoymexico.com\/tlaxcala\/author\/abigail\/"}]}},"_links":{"self":[{"href":"https:\/\/grupohoymexico.com\/tlaxcala\/wp-json\/wp\/v2\/posts\/2193","targetHints":{"allow":["GET"]}}],"collection":[{"href":"https:\/\/grupohoymexico.com\/tlaxcala\/wp-json\/wp\/v2\/posts"}],"about":[{"href":"https:\/\/grupohoymexico.com\/tlaxcala\/wp-json\/wp\/v2\/types\/post"}],"author":[{"embeddable":true,"href":"https:\/\/grupohoymexico.com\/tlaxcala\/wp-json\/wp\/v2\/users\/13"}],"replies":[{"embeddable":true,"href":"https:\/\/grupohoymexico.com\/tlaxcala\/wp-json\/wp\/v2\/comments?post=2193"}],"version-history":[{"count":1,"href":"https:\/\/grupohoymexico.com\/tlaxcala\/wp-json\/wp\/v2\/posts\/2193\/revisions"}],"predecessor-version":[{"id":2198,"href":"https:\/\/grupohoymexico.com\/tlaxcala\/wp-json\/wp\/v2\/posts\/2193\/revisions\/2198"}],"wp:featuredmedia":[{"embeddable":true,"href":"https:\/\/grupohoymexico.com\/tlaxcala\/wp-json\/wp\/v2\/media\/2197"}],"wp:attachment":[{"href":"https:\/\/grupohoymexico.com\/tlaxcala\/wp-json\/wp\/v2\/media?parent=2193"}],"wp:term":[{"taxonomy":"category","embeddable":true,"href":"https:\/\/grupohoymexico.com\/tlaxcala\/wp-json\/wp\/v2\/categories?post=2193"},{"taxonomy":"post_tag","embeddable":true,"href":"https:\/\/grupohoymexico.com\/tlaxcala\/wp-json\/wp\/v2\/tags?post=2193"}],"curies":[{"name":"wp","href":"https:\/\/api.w.org\/{rel}","templated":true}]}}