{"id":1442,"date":"2025-02-11T01:07:49","date_gmt":"2025-02-11T01:07:49","guid":{"rendered":"https:\/\/grupohoymexico.com\/tlaxcala\/?p=1442"},"modified":"2025-02-11T01:08:01","modified_gmt":"2025-02-11T01:08:01","slug":"trascendidos-garganta-no-tan-profunda-10-02-2025","status":"publish","type":"post","link":"https:\/\/grupohoymexico.com\/tlaxcala\/columnas\/trascendidos-garganta-no-tan-profunda-10-02-2025\/","title":{"rendered":"Trascendidos: Garganta No Tan Profunda (10\/02\/2025)"},"content":{"rendered":"<p>La Fiscal\u00eda General de Justicia de Tlaxcala, encabezada por Ernestina Carro Rold\u00e1n, anunci\u00f3 la puesta en marcha de la Fiscal\u00eda Especializada en Delitos por Violencia de G\u00e9nero, una medida que llega en un contexto donde la exigencia por atender estos casos es cada vez mayor.<\/p>\n<p>Se dice que, aunque el anuncio es bien recibido, a\u00fan falta ver c\u00f3mo y con qu\u00e9 recursos operar\u00e1.<\/p>\n<p>Su reglamento interior deber\u00e1 estar listo en un m\u00e1ximo de 120 d\u00edas, y se espera que en tres meses cuente con los fondos necesarios para su funcionamiento.<\/p>\n<p>Mientras tanto, colectivos y organizaciones seguir\u00e1n vigilantes para que no quede solo en buenas intenciones.<\/p>\n","protected":false},"excerpt":{"rendered":"La Fiscal\u00eda General de Justicia de Tlaxcala, encabezada por Ernestina Carro Rold\u00e1n, anunci\u00f3 la puesta en marcha de&hellip;","protected":false},"author":13,"featured_media":1444,"comment_status":"open","ping_status":"open","sticky":false,"template":"","format":"standard","meta":{"csco_display_header_overlay":false,"csco_singular_sidebar":"","csco_page_header_type":"","csco_page_load_nextpost":"","csco_post_video_location":[],"csco_post_video_location_hash":"","csco_post_video_url":"","csco_post_video_bg_start_time":0,"csco_post_video_bg_end_time":0,"footnotes":""},"categories":[182,183],"tags":[186],"class_list":{"0":"post-1442","1":"post","2":"type-post","3":"status-publish","4":"format-standard","5":"has-post-thumbnail","7":"category-columnas","8":"category-garganta-no-tan-profunda","9":"tag-garganta-no-tan-profunda","10":"cs-entry","11":"cs-video-wrap"},"yoast_head":"<!-- This site is optimized with the Yoast SEO Premium plugin v24.7 (Yoast SEO v27.4) - https:\/\/yoast.com\/product\/yoast-seo-premium-wordpress\/ -->\n<title>Trascendidos: Garganta No Tan Profunda (10\/02\/2025) - Tlaxcala Hoy<\/title>\n<meta name=\"description\" content=\"La Fiscal\u00eda General de Justicia de Tlaxcala, anunci\u00f3 la puesta en marcha de la Fiscal\u00eda Especializada en Delitos por Violencia de G\u00e9nero.\" \/>\n<meta name=\"robots\" content=\"index, follow, max-snippet:-1, max-image-preview:large, max-video-preview:-1\" \/>\n<link rel=\"canonical\" href=\"https:\/\/grupohoymexico.com\/tlaxcala\/columnas\/trascendidos-garganta-no-tan-profunda-10-02-2025\/\" \/>\n<meta property=\"og:locale\" content=\"es_MX\" \/>\n<meta property=\"og:type\" content=\"article\" \/>\n<meta property=\"og:title\" content=\"Trascendidos: Garganta No Tan Profunda (10\/02\/2025)\" \/>\n<meta property=\"og:description\" content=\"La Fiscal\u00eda General de Justicia de Tlaxcala, anunci\u00f3 la puesta en marcha de la Fiscal\u00eda Especializada en Delitos por Violencia de G\u00e9nero.\" \/>\n<meta property=\"og:url\" content=\"https:\/\/grupohoymexico.com\/tlaxcala\/columnas\/trascendidos-garganta-no-tan-profunda-10-02-2025\/\" \/>\n<meta property=\"og:site_name\" content=\"Tlaxcala Hoy\" \/>\n<meta property=\"article:published_time\" content=\"2025-02-11T01:07:49+00:00\" \/>\n<meta property=\"article:modified_time\" content=\"2025-02-11T01:08:01+00:00\" \/>\n<meta property=\"og:image\" content=\"https:\/\/grupohoymexico.com\/tlaxcala\/wp-content\/uploads\/sites\/4\/2025\/02\/WhatsApp-Image-2024-04-24-at-14.48.04.jpg\" \/>\n\t<meta property=\"og:image:width\" content=\"1200\" \/>\n\t<meta property=\"og:image:height\" content=\"675\" \/>\n\t<meta property=\"og:image:type\" content=\"image\/jpeg\" \/>\n<meta name=\"author\" content=\"abigail\" \/>\n<meta name=\"twitter:card\" content=\"summary_large_image\" \/>\n<meta name=\"twitter:label1\" content=\"Escrito por\" \/>\n\t<meta name=\"twitter:data1\" content=\"abigail\" \/>\n\t<meta name=\"twitter:label2\" content=\"Tiempo de lectura\" \/>\n\t<meta name=\"twitter:data2\" content=\"1 minuto\" \/>\n<script type=\"application\/ld+json\" class=\"yoast-schema-graph\">{\"@context\":\"https:\\\/\\\/schema.org\",\"@graph\":[{\"@type\":\"Article\",\"@id\":\"https:\\\/\\\/grupohoymexico.com\\\/tlaxcala\\\/columnas\\\/trascendidos-garganta-no-tan-profunda-10-02-2025\\\/#article\",\"isPartOf\":{\"@id\":\"https:\\\/\\\/grupohoymexico.com\\\/tlaxcala\\\/columnas\\\/trascendidos-garganta-no-tan-profunda-10-02-2025\\\/\"},\"author\":{\"name\":\"abigail\",\"@id\":\"https:\\\/\\\/grupohoymexico.com\\\/tlaxcala\\\/#\\\/schema\\\/person\\\/6465a81f74f8fe935623ced453f2c826\"},\"headline\":\"Trascendidos: Garganta No Tan Profunda (10\\\/02\\\/2025)\",\"datePublished\":\"2025-02-11T01:07:49+00:00\",\"dateModified\":\"2025-02-11T01:08:01+00:00\",\"mainEntityOfPage\":{\"@id\":\"https:\\\/\\\/grupohoymexico.com\\\/tlaxcala\\\/columnas\\\/trascendidos-garganta-no-tan-profunda-10-02-2025\\\/\"},\"wordCount\":118,\"commentCount\":0,\"image\":{\"@id\":\"https:\\\/\\\/grupohoymexico.com\\\/tlaxcala\\\/columnas\\\/trascendidos-garganta-no-tan-profunda-10-02-2025\\\/#primaryimage\"},\"thumbnailUrl\":\"https:\\\/\\\/grupohoymexico.com\\\/tlaxcala\\\/wp-content\\\/uploads\\\/sites\\\/4\\\/2025\\\/02\\\/WhatsApp-Image-2024-04-24-at-14.48.04.jpg\",\"keywords\":[\"Garganta No Tan Profunda\"],\"articleSection\":[\"Columnas\",\"Garganta no tan profunda\"],\"inLanguage\":\"es\",\"potentialAction\":[{\"@type\":\"CommentAction\",\"name\":\"Comment\",\"target\":[\"https:\\\/\\\/grupohoymexico.com\\\/tlaxcala\\\/columnas\\\/trascendidos-garganta-no-tan-profunda-10-02-2025\\\/#respond\"]}]},{\"@type\":\"WebPage\",\"@id\":\"https:\\\/\\\/grupohoymexico.com\\\/tlaxcala\\\/columnas\\\/trascendidos-garganta-no-tan-profunda-10-02-2025\\\/\",\"url\":\"https:\\\/\\\/grupohoymexico.com\\\/tlaxcala\\\/columnas\\\/trascendidos-garganta-no-tan-profunda-10-02-2025\\\/\",\"name\":\"Trascendidos: Garganta No Tan Profunda (10\\\/02\\\/2025) - Tlaxcala Hoy\",\"isPartOf\":{\"@id\":\"https:\\\/\\\/grupohoymexico.com\\\/tlaxcala\\\/#website\"},\"primaryImageOfPage\":{\"@id\":\"https:\\\/\\\/grupohoymexico.com\\\/tlaxcala\\\/columnas\\\/trascendidos-garganta-no-tan-profunda-10-02-2025\\\/#primaryimage\"},\"image\":{\"@id\":\"https:\\\/\\\/grupohoymexico.com\\\/tlaxcala\\\/columnas\\\/trascendidos-garganta-no-tan-profunda-10-02-2025\\\/#primaryimage\"},\"thumbnailUrl\":\"https:\\\/\\\/grupohoymexico.com\\\/tlaxcala\\\/wp-content\\\/uploads\\\/sites\\\/4\\\/2025\\\/02\\\/WhatsApp-Image-2024-04-24-at-14.48.04.jpg\",\"datePublished\":\"2025-02-11T01:07:49+00:00\",\"dateModified\":\"2025-02-11T01:08:01+00:00\",\"author\":{\"@id\":\"https:\\\/\\\/grupohoymexico.com\\\/tlaxcala\\\/#\\\/schema\\\/person\\\/6465a81f74f8fe935623ced453f2c826\"},\"description\":\"La Fiscal\u00eda General de Justicia de Tlaxcala, anunci\u00f3 la puesta en marcha de la Fiscal\u00eda Especializada en Delitos por Violencia de G\u00e9nero.\",\"breadcrumb\":{\"@id\":\"https:\\\/\\\/grupohoymexico.com\\\/tlaxcala\\\/columnas\\\/trascendidos-garganta-no-tan-profunda-10-02-2025\\\/#breadcrumb\"},\"inLanguage\":\"es\",\"potentialAction\":[{\"@type\":\"ReadAction\",\"target\":[\"https:\\\/\\\/grupohoymexico.com\\\/tlaxcala\\\/columnas\\\/trascendidos-garganta-no-tan-profunda-10-02-2025\\\/\"]}]},{\"@type\":\"ImageObject\",\"inLanguage\":\"es\",\"@id\":\"https:\\\/\\\/grupohoymexico.com\\\/tlaxcala\\\/columnas\\\/trascendidos-garganta-no-tan-profunda-10-02-2025\\\/#primaryimage\",\"url\":\"https:\\\/\\\/grupohoymexico.com\\\/tlaxcala\\\/wp-content\\\/uploads\\\/sites\\\/4\\\/2025\\\/02\\\/WhatsApp-Image-2024-04-24-at-14.48.04.jpg\",\"contentUrl\":\"https:\\\/\\\/grupohoymexico.com\\\/tlaxcala\\\/wp-content\\\/uploads\\\/sites\\\/4\\\/2025\\\/02\\\/WhatsApp-Image-2024-04-24-at-14.48.04.jpg\",\"width\":1200,\"height\":675},{\"@type\":\"BreadcrumbList\",\"@id\":\"https:\\\/\\\/grupohoymexico.com\\\/tlaxcala\\\/columnas\\\/trascendidos-garganta-no-tan-profunda-10-02-2025\\\/#breadcrumb\",\"itemListElement\":[{\"@type\":\"ListItem\",\"position\":1,\"name\":\"Inicio\",\"item\":\"https:\\\/\\\/grupohoymexico.com\\\/tlaxcala\\\/\"},{\"@type\":\"ListItem\",\"position\":2,\"name\":\"Trascendidos: Garganta No Tan Profunda (10\\\/02\\\/2025)\"}]},{\"@type\":\"WebSite\",\"@id\":\"https:\\\/\\\/grupohoymexico.com\\\/tlaxcala\\\/#website\",\"url\":\"https:\\\/\\\/grupohoymexico.com\\\/tlaxcala\\\/\",\"name\":\"Tlaxcala Hoy\",\"description\":\"El alma de la naci\u00f3n\",\"potentialAction\":[{\"@type\":\"SearchAction\",\"target\":{\"@type\":\"EntryPoint\",\"urlTemplate\":\"https:\\\/\\\/grupohoymexico.com\\\/tlaxcala\\\/?s={search_term_string}\"},\"query-input\":{\"@type\":\"PropertyValueSpecification\",\"valueRequired\":true,\"valueName\":\"search_term_string\"}}],\"inLanguage\":\"es\"},{\"@type\":\"Person\",\"@id\":\"https:\\\/\\\/grupohoymexico.com\\\/tlaxcala\\\/#\\\/schema\\\/person\\\/6465a81f74f8fe935623ced453f2c826\",\"name\":\"abigail\",\"image\":{\"@type\":\"ImageObject\",\"inLanguage\":\"es\",\"@id\":\"https:\\\/\\\/secure.gravatar.com\\\/avatar\\\/19e4cc706671384d4deef22e8ad915a9a269e11caaed9bd4611ed15f63900141?s=96&d=mm&r=g\",\"url\":\"https:\\\/\\\/secure.gravatar.com\\\/avatar\\\/19e4cc706671384d4deef22e8ad915a9a269e11caaed9bd4611ed15f63900141?s=96&d=mm&r=g\",\"contentUrl\":\"https:\\\/\\\/secure.gravatar.com\\\/avatar\\\/19e4cc706671384d4deef22e8ad915a9a269e11caaed9bd4611ed15f63900141?s=96&d=mm&r=g\",\"caption\":\"abigail\"},\"url\":\"https:\\\/\\\/grupohoymexico.com\\\/tlaxcala\\\/author\\\/abigail\\\/\"}]}<\/script>\n<!-- \/ Yoast SEO Premium plugin. -->","yoast_head_json":{"title":"Trascendidos: Garganta No Tan Profunda (10\/02\/2025) - Tlaxcala Hoy","description":"La Fiscal\u00eda General de Justicia de Tlaxcala, anunci\u00f3 la puesta en marcha de la Fiscal\u00eda Especializada en Delitos por Violencia de G\u00e9nero.","robots":{"index":"index","follow":"follow","max-snippet":"max-snippet:-1","max-image-preview":"max-image-preview:large","max-video-preview":"max-video-preview:-1"},"canonical":"https:\/\/grupohoymexico.com\/tlaxcala\/columnas\/trascendidos-garganta-no-tan-profunda-10-02-2025\/","og_locale":"es_MX","og_type":"article","og_title":"Trascendidos: Garganta No Tan Profunda (10\/02\/2025)","og_description":"La Fiscal\u00eda General de Justicia de Tlaxcala, anunci\u00f3 la puesta en marcha de la Fiscal\u00eda Especializada en Delitos por Violencia de G\u00e9nero.","og_url":"https:\/\/grupohoymexico.com\/tlaxcala\/columnas\/trascendidos-garganta-no-tan-profunda-10-02-2025\/","og_site_name":"Tlaxcala Hoy","article_published_time":"2025-02-11T01:07:49+00:00","article_modified_time":"2025-02-11T01:08:01+00:00","og_image":[{"width":1200,"height":675,"url":"https:\/\/grupohoymexico.com\/tlaxcala\/wp-content\/uploads\/sites\/4\/2025\/02\/WhatsApp-Image-2024-04-24-at-14.48.04.jpg","type":"image\/jpeg"}],"author":"abigail","twitter_card":"summary_large_image","twitter_misc":{"Escrito por":"abigail","Tiempo de lectura":"1 minuto"},"schema":{"@context":"https:\/\/schema.org","@graph":[{"@type":"Article","@id":"https:\/\/grupohoymexico.com\/tlaxcala\/columnas\/trascendidos-garganta-no-tan-profunda-10-02-2025\/#article","isPartOf":{"@id":"https:\/\/grupohoymexico.com\/tlaxcala\/columnas\/trascendidos-garganta-no-tan-profunda-10-02-2025\/"},"author":{"name":"abigail","@id":"https:\/\/grupohoymexico.com\/tlaxcala\/#\/schema\/person\/6465a81f74f8fe935623ced453f2c826"},"headline":"Trascendidos: Garganta No Tan Profunda (10\/02\/2025)","datePublished":"2025-02-11T01:07:49+00:00","dateModified":"2025-02-11T01:08:01+00:00","mainEntityOfPage":{"@id":"https:\/\/grupohoymexico.com\/tlaxcala\/columnas\/trascendidos-garganta-no-tan-profunda-10-02-2025\/"},"wordCount":118,"commentCount":0,"image":{"@id":"https:\/\/grupohoymexico.com\/tlaxcala\/columnas\/trascendidos-garganta-no-tan-profunda-10-02-2025\/#primaryimage"},"thumbnailUrl":"https:\/\/grupohoymexico.com\/tlaxcala\/wp-content\/uploads\/sites\/4\/2025\/02\/WhatsApp-Image-2024-04-24-at-14.48.04.jpg","keywords":["Garganta No Tan Profunda"],"articleSection":["Columnas","Garganta no tan profunda"],"inLanguage":"es","potentialAction":[{"@type":"CommentAction","name":"Comment","target":["https:\/\/grupohoymexico.com\/tlaxcala\/columnas\/trascendidos-garganta-no-tan-profunda-10-02-2025\/#respond"]}]},{"@type":"WebPage","@id":"https:\/\/grupohoymexico.com\/tlaxcala\/columnas\/trascendidos-garganta-no-tan-profunda-10-02-2025\/","url":"https:\/\/grupohoymexico.com\/tlaxcala\/columnas\/trascendidos-garganta-no-tan-profunda-10-02-2025\/","name":"Trascendidos: Garganta No Tan Profunda (10\/02\/2025) - Tlaxcala Hoy","isPartOf":{"@id":"https:\/\/grupohoymexico.com\/tlaxcala\/#website"},"primaryImageOfPage":{"@id":"https:\/\/grupohoymexico.com\/tlaxcala\/columnas\/trascendidos-garganta-no-tan-profunda-10-02-2025\/#primaryimage"},"image":{"@id":"https:\/\/grupohoymexico.com\/tlaxcala\/columnas\/trascendidos-garganta-no-tan-profunda-10-02-2025\/#primaryimage"},"thumbnailUrl":"https:\/\/grupohoymexico.com\/tlaxcala\/wp-content\/uploads\/sites\/4\/2025\/02\/WhatsApp-Image-2024-04-24-at-14.48.04.jpg","datePublished":"2025-02-11T01:07:49+00:00","dateModified":"2025-02-11T01:08:01+00:00","author":{"@id":"https:\/\/grupohoymexico.com\/tlaxcala\/#\/schema\/person\/6465a81f74f8fe935623ced453f2c826"},"description":"La Fiscal\u00eda General de Justicia de Tlaxcala, anunci\u00f3 la puesta en marcha de la Fiscal\u00eda Especializada en Delitos por Violencia de G\u00e9nero.","breadcrumb":{"@id":"https:\/\/grupohoymexico.com\/tlaxcala\/columnas\/trascendidos-garganta-no-tan-profunda-10-02-2025\/#breadcrumb"},"inLanguage":"es","potentialAction":[{"@type":"ReadAction","target":["https:\/\/grupohoymexico.com\/tlaxcala\/columnas\/trascendidos-garganta-no-tan-profunda-10-02-2025\/"]}]},{"@type":"ImageObject","inLanguage":"es","@id":"https:\/\/grupohoymexico.com\/tlaxcala\/columnas\/trascendidos-garganta-no-tan-profunda-10-02-2025\/#primaryimage","url":"https:\/\/grupohoymexico.com\/tlaxcala\/wp-content\/uploads\/sites\/4\/2025\/02\/WhatsApp-Image-2024-04-24-at-14.48.04.jpg","contentUrl":"https:\/\/grupohoymexico.com\/tlaxcala\/wp-content\/uploads\/sites\/4\/2025\/02\/WhatsApp-Image-2024-04-24-at-14.48.04.jpg","width":1200,"height":675},{"@type":"BreadcrumbList","@id":"https:\/\/grupohoymexico.com\/tlaxcala\/columnas\/trascendidos-garganta-no-tan-profunda-10-02-2025\/#breadcrumb","itemListElement":[{"@type":"ListItem","position":1,"name":"Inicio","item":"https:\/\/grupohoymexico.com\/tlaxcala\/"},{"@type":"ListItem","position":2,"name":"Trascendidos: Garganta No Tan Profunda (10\/02\/2025)"}]},{"@type":"WebSite","@id":"https:\/\/grupohoymexico.com\/tlaxcala\/#website","url":"https:\/\/grupohoymexico.com\/tlaxcala\/","name":"Tlaxcala Hoy","description":"El alma de la naci\u00f3n","potentialAction":[{"@type":"SearchAction","target":{"@type":"EntryPoint","urlTemplate":"https:\/\/grupohoymexico.com\/tlaxcala\/?s={search_term_string}"},"query-input":{"@type":"PropertyValueSpecification","valueRequired":true,"valueName":"search_term_string"}}],"inLanguage":"es"},{"@type":"Person","@id":"https:\/\/grupohoymexico.com\/tlaxcala\/#\/schema\/person\/6465a81f74f8fe935623ced453f2c826","name":"abigail","image":{"@type":"ImageObject","inLanguage":"es","@id":"https:\/\/secure.gravatar.com\/avatar\/19e4cc706671384d4deef22e8ad915a9a269e11caaed9bd4611ed15f63900141?s=96&d=mm&r=g","url":"https:\/\/secure.gravatar.com\/avatar\/19e4cc706671384d4deef22e8ad915a9a269e11caaed9bd4611ed15f63900141?s=96&d=mm&r=g","contentUrl":"https:\/\/secure.gravatar.com\/avatar\/19e4cc706671384d4deef22e8ad915a9a269e11caaed9bd4611ed15f63900141?s=96&d=mm&r=g","caption":"abigail"},"url":"https:\/\/grupohoymexico.com\/tlaxcala\/author\/abigail\/"}]}},"_links":{"self":[{"href":"https:\/\/grupohoymexico.com\/tlaxcala\/wp-json\/wp\/v2\/posts\/1442","targetHints":{"allow":["GET"]}}],"collection":[{"href":"https:\/\/grupohoymexico.com\/tlaxcala\/wp-json\/wp\/v2\/posts"}],"about":[{"href":"https:\/\/grupohoymexico.com\/tlaxcala\/wp-json\/wp\/v2\/types\/post"}],"author":[{"embeddable":true,"href":"https:\/\/grupohoymexico.com\/tlaxcala\/wp-json\/wp\/v2\/users\/13"}],"replies":[{"embeddable":true,"href":"https:\/\/grupohoymexico.com\/tlaxcala\/wp-json\/wp\/v2\/comments?post=1442"}],"version-history":[{"count":1,"href":"https:\/\/grupohoymexico.com\/tlaxcala\/wp-json\/wp\/v2\/posts\/1442\/revisions"}],"predecessor-version":[{"id":1443,"href":"https:\/\/grupohoymexico.com\/tlaxcala\/wp-json\/wp\/v2\/posts\/1442\/revisions\/1443"}],"wp:featuredmedia":[{"embeddable":true,"href":"https:\/\/grupohoymexico.com\/tlaxcala\/wp-json\/wp\/v2\/media\/1444"}],"wp:attachment":[{"href":"https:\/\/grupohoymexico.com\/tlaxcala\/wp-json\/wp\/v2\/media?parent=1442"}],"wp:term":[{"taxonomy":"category","embeddable":true,"href":"https:\/\/grupohoymexico.com\/tlaxcala\/wp-json\/wp\/v2\/categories?post=1442"},{"taxonomy":"post_tag","embeddable":true,"href":"https:\/\/grupohoymexico.com\/tlaxcala\/wp-json\/wp\/v2\/tags?post=1442"}],"curies":[{"name":"wp","href":"https:\/\/api.w.org\/{rel}","templated":true}]}}