{"id":84198,"date":"2026-09-03T12:52:54","date_gmt":"2026-09-03T18:52:54","guid":{"rendered":"https:\/\/grupohoymexico.com\/puebla\/?p=84198"},"modified":"2026-09-03T12:52:57","modified_gmt":"2026-09-03T18:52:57","slug":"capturan-amarillo-lomas-angelopolis-lider-rusos","status":"publish","type":"post","link":"https:\/\/grupohoymexico.com\/puebla\/2026\/09\/03\/capturan-amarillo-lomas-angelopolis-lider-rusos\/","title":{"rendered":"Capturan a El Amarillo en Lomas de Angel\u00f3polis, l\u00edder de Los Rusos"},"content":{"rendered":"<p>&#8211;<\/p>\n","protected":false},"excerpt":{"rendered":"Autoridades federales detuvieron en San Andr\u00e9s Cholula al presunto l\u00edder delictivo conocido como El Amarillo o El Gob\u00e9n, vinculado a la organizaci\u00f3n criminal Los Rusos, junto con dos de sus escoltas.","protected":false},"author":1,"featured_media":84207,"comment_status":"open","ping_status":"open","sticky":false,"template":"","format":"standard","meta":{"_yoast_wpseo_opengraph-title":"","_yoast_wpseo_opengraph-description":"","csco_display_header_overlay":false,"csco_singular_sidebar":"","csco_page_header_type":"","csco_page_load_nextpost":"","csco_post_video_location":[],"csco_post_video_location_hash":"","csco_post_video_url":"","csco_post_video_bg_start_time":0,"csco_post_video_bg_end_time":0,"footnotes":"","_news_article_schema":"{\"@context\": \"https:\/\/schema.org\", \"@type\": \"NewsArticle\", \"headline\": \"Post 84198\", \"datePublished\": \"2026-09-03 13:07:53\", \"dateModified\": \"2026-09-03 13:07:53\", \"publisher\": {\"@type\": \"Organization\", \"name\": \"Grupo Hoy Puebla\"}}"},"categories":[4131],"tags":[75,55,492,179],"class_list":["post-84198","post","type-post","status-publish","format-standard","has-post-thumbnail","category-seguridad","tag-agua","tag-eduardo-rivera-s","tag-octavio-de-la-torre","tag-puebla-pierde","cs-entry","cs-video-wrap"],"yoast_head":"<!-- This site is optimized with the Yoast SEO Premium plugin v26.0 (Yoast SEO v28.0) - https:\/\/yoast.com\/product\/yoast-seo-premium-wordpress\/ -->\n<title>Capturan a El Amarillo en Lomas de Angel\u00f3polis, l\u00edder d | Grupo Hoy Puebla<\/title>\n<meta name=\"description\" content=\"Capturan a El Amarillo, presunto l\u00edder de Los Rusos, en Lomas de Angel\u00f3polis junto con dos escoltas. Operativo en San Andr\u00e9s Cholula. Todo lo que necesitas saber.\" \/>\n<meta name=\"robots\" content=\"index, follow, max-snippet:-1, max-image-preview:large, max-video-preview:-1\" \/>\n<link rel=\"canonical\" href=\"https:\/\/grupohoymexico.com\/puebla\/2026\/09\/03\/capturan-amarillo-lomas-angelopolis-lider-rusos\/\" \/>\n<meta property=\"og:locale\" content=\"es_MX\" \/>\n<meta property=\"og:type\" content=\"article\" \/>\n<meta property=\"og:title\" content=\"Capturan a El Amarillo en Lomas de Angel\u00f3polis, l\u00edder de Los Rusos\" \/>\n<meta property=\"og:description\" content=\"Capturan a El Amarillo, presunto l\u00edder de Los Rusos, en Lomas de Angel\u00f3polis junto con dos escoltas. Operativo en San Andr\u00e9s Cholula. Todo lo que necesitas saber.\" \/>\n<meta property=\"og:url\" content=\"https:\/\/grupohoymexico.com\/puebla\/2026\/09\/03\/capturan-amarillo-lomas-angelopolis-lider-rusos\/\" \/>\n<meta property=\"og:site_name\" content=\"Grupo Hoy Puebla\" \/>\n<meta property=\"article:published_time\" content=\"2026-09-03T18:52:54+00:00\" \/>\n<meta property=\"article:modified_time\" content=\"2026-09-03T18:52:57+00:00\" \/>\n<meta property=\"og:image\" content=\"https:\/\/grupohoymexico.com\/puebla\/wp-content\/uploads\/sites\/3\/2026\/09\/capturan-amarillo-lomas-angelopolis-lider-rusos.jpg\" \/>\n\t<meta property=\"og:image:width\" content=\"1200\" \/>\n\t<meta property=\"og:image:height\" content=\"675\" \/>\n\t<meta property=\"og:image:type\" content=\"image\/jpeg\" \/>\n<meta name=\"author\" content=\"Grupo Hoy\" \/>\n<meta name=\"twitter:card\" content=\"summary_large_image\" \/>\n<meta name=\"twitter:label1\" content=\"Escrito por\" \/>\n\t<meta name=\"twitter:data1\" content=\"Grupo Hoy\" \/>\n<script type=\"application\/ld+json\" class=\"yoast-schema-graph\">{\"@context\":\"https:\\\/\\\/schema.org\",\"@graph\":[{\"@type\":\"Article\",\"@id\":\"https:\\\/\\\/grupohoymexico.com\\\/puebla\\\/2026\\\/09\\\/03\\\/capturan-amarillo-lomas-angelopolis-lider-rusos\\\/#article\",\"isPartOf\":{\"@id\":\"https:\\\/\\\/grupohoymexico.com\\\/puebla\\\/2026\\\/09\\\/03\\\/capturan-amarillo-lomas-angelopolis-lider-rusos\\\/\"},\"author\":{\"name\":\"Grupo Hoy\",\"@id\":\"https:\\\/\\\/grupohoymexico.com\\\/puebla\\\/#\\\/schema\\\/person\\\/ce6086ac837852775a3a4f539356c297\"},\"headline\":\"Capturan a El Amarillo en Lomas de Angel\u00f3polis, l\u00edder de Los Rusos\",\"datePublished\":\"2026-09-03T18:52:54+00:00\",\"dateModified\":\"2026-09-03T18:52:57+00:00\",\"mainEntityOfPage\":{\"@id\":\"https:\\\/\\\/grupohoymexico.com\\\/puebla\\\/2026\\\/09\\\/03\\\/capturan-amarillo-lomas-angelopolis-lider-rusos\\\/\"},\"wordCount\":14,\"commentCount\":0,\"image\":{\"@id\":\"https:\\\/\\\/grupohoymexico.com\\\/puebla\\\/2026\\\/09\\\/03\\\/capturan-amarillo-lomas-angelopolis-lider-rusos\\\/#primaryimage\"},\"thumbnailUrl\":\"https:\\\/\\\/grupohoymexico.com\\\/puebla\\\/wp-content\\\/uploads\\\/sites\\\/3\\\/2026\\\/09\\\/imgregen-ai-84198-1788462725.jpg\",\"keywords\":[\"agua\",\"Eduardo Rivera S\",\"Octavio de la Torre\",\"Puebla pierde\"],\"articleSection\":[\"Seguridad\"],\"inLanguage\":\"es\",\"copyrightYear\":\"2026\",\"copyrightHolder\":{\"@id\":\"https:\\\/\\\/grupohoymexico.com\\\/#organization\"}},{\"@type\":\"WebPage\",\"@id\":\"https:\\\/\\\/grupohoymexico.com\\\/puebla\\\/2026\\\/09\\\/03\\\/capturan-amarillo-lomas-angelopolis-lider-rusos\\\/\",\"url\":\"https:\\\/\\\/grupohoymexico.com\\\/puebla\\\/2026\\\/09\\\/03\\\/capturan-amarillo-lomas-angelopolis-lider-rusos\\\/\",\"name\":\"Capturan a El Amarillo en Lomas de Angel\u00f3polis, l\u00edder d | Grupo Hoy Puebla\",\"isPartOf\":{\"@id\":\"https:\\\/\\\/grupohoymexico.com\\\/puebla\\\/#website\"},\"primaryImageOfPage\":{\"@id\":\"https:\\\/\\\/grupohoymexico.com\\\/puebla\\\/2026\\\/09\\\/03\\\/capturan-amarillo-lomas-angelopolis-lider-rusos\\\/#primaryimage\"},\"image\":{\"@id\":\"https:\\\/\\\/grupohoymexico.com\\\/puebla\\\/2026\\\/09\\\/03\\\/capturan-amarillo-lomas-angelopolis-lider-rusos\\\/#primaryimage\"},\"thumbnailUrl\":\"https:\\\/\\\/grupohoymexico.com\\\/puebla\\\/wp-content\\\/uploads\\\/sites\\\/3\\\/2026\\\/09\\\/imgregen-ai-84198-1788462725.jpg\",\"datePublished\":\"2026-09-03T18:52:54+00:00\",\"dateModified\":\"2026-09-03T18:52:57+00:00\",\"author\":{\"@id\":\"https:\\\/\\\/grupohoymexico.com\\\/puebla\\\/#\\\/schema\\\/person\\\/ce6086ac837852775a3a4f539356c297\"},\"description\":\"Capturan a El Amarillo, presunto l\u00edder de Los Rusos, en Lomas de Angel\u00f3polis junto con dos escoltas. Operativo en San Andr\u00e9s Cholula. Todo lo que necesitas saber.\",\"breadcrumb\":{\"@id\":\"https:\\\/\\\/grupohoymexico.com\\\/puebla\\\/2026\\\/09\\\/03\\\/capturan-amarillo-lomas-angelopolis-lider-rusos\\\/#breadcrumb\"},\"inLanguage\":\"es\",\"potentialAction\":[{\"@type\":\"ReadAction\",\"target\":[\"https:\\\/\\\/grupohoymexico.com\\\/puebla\\\/2026\\\/09\\\/03\\\/capturan-amarillo-lomas-angelopolis-lider-rusos\\\/\"]}]},{\"@type\":\"ImageObject\",\"inLanguage\":\"es\",\"@id\":\"https:\\\/\\\/grupohoymexico.com\\\/puebla\\\/2026\\\/09\\\/03\\\/capturan-amarillo-lomas-angelopolis-lider-rusos\\\/#primaryimage\",\"url\":\"https:\\\/\\\/grupohoymexico.com\\\/puebla\\\/wp-content\\\/uploads\\\/sites\\\/3\\\/2026\\\/09\\\/imgregen-ai-84198-1788462725.jpg\",\"contentUrl\":\"https:\\\/\\\/grupohoymexico.com\\\/puebla\\\/wp-content\\\/uploads\\\/sites\\\/3\\\/2026\\\/09\\\/imgregen-ai-84198-1788462725.jpg\",\"width\":1200,\"height\":675},{\"@type\":\"BreadcrumbList\",\"@id\":\"https:\\\/\\\/grupohoymexico.com\\\/puebla\\\/2026\\\/09\\\/03\\\/capturan-amarillo-lomas-angelopolis-lider-rusos\\\/#breadcrumb\",\"itemListElement\":[{\"@type\":\"ListItem\",\"position\":1,\"name\":\"Inicio\",\"item\":\"https:\\\/\\\/grupohoymexico.com\\\/puebla\\\/\"},{\"@type\":\"ListItem\",\"position\":2,\"name\":\"Capturan a El Amarillo en Lomas de Angel\u00f3polis, l\u00edder de Los Rusos\"}]},{\"@type\":\"WebSite\",\"@id\":\"https:\\\/\\\/grupohoymexico.com\\\/puebla\\\/#website\",\"url\":\"https:\\\/\\\/grupohoymexico.com\\\/puebla\\\/\",\"name\":\"Grupo Hoy Puebla\",\"description\":\"\",\"potentialAction\":[{\"@type\":\"SearchAction\",\"target\":{\"@type\":\"EntryPoint\",\"urlTemplate\":\"https:\\\/\\\/grupohoymexico.com\\\/puebla\\\/?s={search_term_string}\"},\"query-input\":{\"@type\":\"PropertyValueSpecification\",\"valueRequired\":true,\"valueName\":\"search_term_string\"}}],\"inLanguage\":\"es\"},{\"@type\":\"Person\",\"@id\":\"https:\\\/\\\/grupohoymexico.com\\\/puebla\\\/#\\\/schema\\\/person\\\/ce6086ac837852775a3a4f539356c297\",\"name\":\"Grupo Hoy\",\"image\":{\"@type\":\"ImageObject\",\"inLanguage\":\"es\",\"@id\":\"https:\\\/\\\/secure.gravatar.com\\\/avatar\\\/f81cc5f2e837a4a7a75e70655bff9f60706d3a462a25b4af7ad93941c2c44edb?s=96&d=mm&r=g\",\"url\":\"https:\\\/\\\/secure.gravatar.com\\\/avatar\\\/f81cc5f2e837a4a7a75e70655bff9f60706d3a462a25b4af7ad93941c2c44edb?s=96&d=mm&r=g\",\"contentUrl\":\"https:\\\/\\\/secure.gravatar.com\\\/avatar\\\/f81cc5f2e837a4a7a75e70655bff9f60706d3a462a25b4af7ad93941c2c44edb?s=96&d=mm&r=g\",\"caption\":\"Grupo Hoy\"},\"sameAs\":[\"https:\\\/\\\/grupohoymexico.com\\\/\"],\"url\":\"https:\\\/\\\/grupohoymexico.com\\\/puebla\\\/author\\\/user\\\/\"}]}<\/script>\n<!-- \/ Yoast SEO Premium plugin. -->","yoast_head_json":{"title":"Capturan a El Amarillo en Lomas de Angel\u00f3polis, l\u00edder d | Grupo Hoy Puebla","description":"Capturan a El Amarillo, presunto l\u00edder de Los Rusos, en Lomas de Angel\u00f3polis junto con dos escoltas. Operativo en San Andr\u00e9s Cholula. Todo lo que necesitas saber.","robots":{"index":"index","follow":"follow","max-snippet":"max-snippet:-1","max-image-preview":"max-image-preview:large","max-video-preview":"max-video-preview:-1"},"canonical":"https:\/\/grupohoymexico.com\/puebla\/2026\/09\/03\/capturan-amarillo-lomas-angelopolis-lider-rusos\/","og_locale":"es_MX","og_type":"article","og_title":"Capturan a El Amarillo en Lomas de Angel\u00f3polis, l\u00edder de Los Rusos","og_description":"Capturan a El Amarillo, presunto l\u00edder de Los Rusos, en Lomas de Angel\u00f3polis junto con dos escoltas. Operativo en San Andr\u00e9s Cholula. Todo lo que necesitas saber.","og_url":"https:\/\/grupohoymexico.com\/puebla\/2026\/09\/03\/capturan-amarillo-lomas-angelopolis-lider-rusos\/","og_site_name":"Grupo Hoy Puebla","article_published_time":"2026-09-03T18:52:54+00:00","article_modified_time":"2026-09-03T18:52:57+00:00","og_image":[{"width":1200,"height":675,"url":"https:\/\/grupohoymexico.com\/puebla\/wp-content\/uploads\/sites\/3\/2026\/09\/capturan-amarillo-lomas-angelopolis-lider-rusos.jpg","type":"image\/jpeg"}],"author":"Grupo Hoy","twitter_card":"summary_large_image","twitter_misc":{"Escrito por":"Grupo Hoy"},"schema":{"@context":"https:\/\/schema.org","@graph":[{"@type":"Article","@id":"https:\/\/grupohoymexico.com\/puebla\/2026\/09\/03\/capturan-amarillo-lomas-angelopolis-lider-rusos\/#article","isPartOf":{"@id":"https:\/\/grupohoymexico.com\/puebla\/2026\/09\/03\/capturan-amarillo-lomas-angelopolis-lider-rusos\/"},"author":{"name":"Grupo Hoy","@id":"https:\/\/grupohoymexico.com\/puebla\/#\/schema\/person\/ce6086ac837852775a3a4f539356c297"},"headline":"Capturan a El Amarillo en Lomas de Angel\u00f3polis, l\u00edder de Los Rusos","datePublished":"2026-09-03T18:52:54+00:00","dateModified":"2026-09-03T18:52:57+00:00","mainEntityOfPage":{"@id":"https:\/\/grupohoymexico.com\/puebla\/2026\/09\/03\/capturan-amarillo-lomas-angelopolis-lider-rusos\/"},"wordCount":14,"commentCount":0,"image":{"@id":"https:\/\/grupohoymexico.com\/puebla\/2026\/09\/03\/capturan-amarillo-lomas-angelopolis-lider-rusos\/#primaryimage"},"thumbnailUrl":"https:\/\/grupohoymexico.com\/puebla\/wp-content\/uploads\/sites\/3\/2026\/09\/imgregen-ai-84198-1788462725.jpg","keywords":["agua","Eduardo Rivera S","Octavio de la Torre","Puebla pierde"],"articleSection":["Seguridad"],"inLanguage":"es","copyrightYear":"2026","copyrightHolder":{"@id":"https:\/\/grupohoymexico.com\/#organization"}},{"@type":"WebPage","@id":"https:\/\/grupohoymexico.com\/puebla\/2026\/09\/03\/capturan-amarillo-lomas-angelopolis-lider-rusos\/","url":"https:\/\/grupohoymexico.com\/puebla\/2026\/09\/03\/capturan-amarillo-lomas-angelopolis-lider-rusos\/","name":"Capturan a El Amarillo en Lomas de Angel\u00f3polis, l\u00edder d | Grupo Hoy Puebla","isPartOf":{"@id":"https:\/\/grupohoymexico.com\/puebla\/#website"},"primaryImageOfPage":{"@id":"https:\/\/grupohoymexico.com\/puebla\/2026\/09\/03\/capturan-amarillo-lomas-angelopolis-lider-rusos\/#primaryimage"},"image":{"@id":"https:\/\/grupohoymexico.com\/puebla\/2026\/09\/03\/capturan-amarillo-lomas-angelopolis-lider-rusos\/#primaryimage"},"thumbnailUrl":"https:\/\/grupohoymexico.com\/puebla\/wp-content\/uploads\/sites\/3\/2026\/09\/imgregen-ai-84198-1788462725.jpg","datePublished":"2026-09-03T18:52:54+00:00","dateModified":"2026-09-03T18:52:57+00:00","author":{"@id":"https:\/\/grupohoymexico.com\/puebla\/#\/schema\/person\/ce6086ac837852775a3a4f539356c297"},"description":"Capturan a El Amarillo, presunto l\u00edder de Los Rusos, en Lomas de Angel\u00f3polis junto con dos escoltas. Operativo en San Andr\u00e9s Cholula. Todo lo que necesitas saber.","breadcrumb":{"@id":"https:\/\/grupohoymexico.com\/puebla\/2026\/09\/03\/capturan-amarillo-lomas-angelopolis-lider-rusos\/#breadcrumb"},"inLanguage":"es","potentialAction":[{"@type":"ReadAction","target":["https:\/\/grupohoymexico.com\/puebla\/2026\/09\/03\/capturan-amarillo-lomas-angelopolis-lider-rusos\/"]}]},{"@type":"ImageObject","inLanguage":"es","@id":"https:\/\/grupohoymexico.com\/puebla\/2026\/09\/03\/capturan-amarillo-lomas-angelopolis-lider-rusos\/#primaryimage","url":"https:\/\/grupohoymexico.com\/puebla\/wp-content\/uploads\/sites\/3\/2026\/09\/imgregen-ai-84198-1788462725.jpg","contentUrl":"https:\/\/grupohoymexico.com\/puebla\/wp-content\/uploads\/sites\/3\/2026\/09\/imgregen-ai-84198-1788462725.jpg","width":1200,"height":675},{"@type":"BreadcrumbList","@id":"https:\/\/grupohoymexico.com\/puebla\/2026\/09\/03\/capturan-amarillo-lomas-angelopolis-lider-rusos\/#breadcrumb","itemListElement":[{"@type":"ListItem","position":1,"name":"Inicio","item":"https:\/\/grupohoymexico.com\/puebla\/"},{"@type":"ListItem","position":2,"name":"Capturan a El Amarillo en Lomas de Angel\u00f3polis, l\u00edder de Los Rusos"}]},{"@type":"WebSite","@id":"https:\/\/grupohoymexico.com\/puebla\/#website","url":"https:\/\/grupohoymexico.com\/puebla\/","name":"Grupo Hoy Puebla","description":"","potentialAction":[{"@type":"SearchAction","target":{"@type":"EntryPoint","urlTemplate":"https:\/\/grupohoymexico.com\/puebla\/?s={search_term_string}"},"query-input":{"@type":"PropertyValueSpecification","valueRequired":true,"valueName":"search_term_string"}}],"inLanguage":"es"},{"@type":"Person","@id":"https:\/\/grupohoymexico.com\/puebla\/#\/schema\/person\/ce6086ac837852775a3a4f539356c297","name":"Grupo Hoy","image":{"@type":"ImageObject","inLanguage":"es","@id":"https:\/\/secure.gravatar.com\/avatar\/f81cc5f2e837a4a7a75e70655bff9f60706d3a462a25b4af7ad93941c2c44edb?s=96&d=mm&r=g","url":"https:\/\/secure.gravatar.com\/avatar\/f81cc5f2e837a4a7a75e70655bff9f60706d3a462a25b4af7ad93941c2c44edb?s=96&d=mm&r=g","contentUrl":"https:\/\/secure.gravatar.com\/avatar\/f81cc5f2e837a4a7a75e70655bff9f60706d3a462a25b4af7ad93941c2c44edb?s=96&d=mm&r=g","caption":"Grupo Hoy"},"sameAs":["https:\/\/grupohoymexico.com\/"],"url":"https:\/\/grupohoymexico.com\/puebla\/author\/user\/"}]}},"_links":{"self":[{"href":"https:\/\/grupohoymexico.com\/puebla\/wp-json\/wp\/v2\/posts\/84198","targetHints":{"allow":["GET"]}}],"collection":[{"href":"https:\/\/grupohoymexico.com\/puebla\/wp-json\/wp\/v2\/posts"}],"about":[{"href":"https:\/\/grupohoymexico.com\/puebla\/wp-json\/wp\/v2\/types\/post"}],"author":[{"embeddable":true,"href":"https:\/\/grupohoymexico.com\/puebla\/wp-json\/wp\/v2\/users\/1"}],"replies":[{"embeddable":true,"href":"https:\/\/grupohoymexico.com\/puebla\/wp-json\/wp\/v2\/comments?post=84198"}],"version-history":[{"count":2,"href":"https:\/\/grupohoymexico.com\/puebla\/wp-json\/wp\/v2\/posts\/84198\/revisions"}],"predecessor-version":[{"id":84204,"href":"https:\/\/grupohoymexico.com\/puebla\/wp-json\/wp\/v2\/posts\/84198\/revisions\/84204"}],"wp:featuredmedia":[{"embeddable":true,"href":"https:\/\/grupohoymexico.com\/puebla\/wp-json\/wp\/v2\/media\/84207"}],"wp:attachment":[{"href":"https:\/\/grupohoymexico.com\/puebla\/wp-json\/wp\/v2\/media?parent=84198"}],"wp:term":[{"taxonomy":"category","embeddable":true,"href":"https:\/\/grupohoymexico.com\/puebla\/wp-json\/wp\/v2\/categories?post=84198"},{"taxonomy":"post_tag","embeddable":true,"href":"https:\/\/grupohoymexico.com\/puebla\/wp-json\/wp\/v2\/tags?post=84198"}],"curies":[{"name":"wp","href":"https:\/\/api.w.org\/{rel}","templated":true}]}}