{"id":84106,"date":"2026-08-23T11:00:00","date_gmt":"2026-08-23T17:00:00","guid":{"rendered":"https:\/\/grupohoymexico.com\/puebla\/?p=84106"},"modified":"2026-08-23T19:02:32","modified_gmt":"2026-08-24T01:02:32","slug":"alumnas-de-la-normal-de-teteles-denuncian-agresiones-afuera-del-plantel","status":"publish","type":"post","link":"https:\/\/grupohoymexico.com\/puebla\/2026\/08\/23\/alumnas-de-la-normal-de-teteles-denuncian-agresiones-afuera-del-plantel\/","title":{"rendered":"Alumnas de la Normal de Teteles denuncian agresiones afuera del plantel"},"content":{"rendered":"<p>Alumnas de la <strong>Escuela Normal de Teteles<\/strong> denunciaron agresiones ocurridas afuera del plantel educativo en Puebla. Los hechos fueron dados a conocer este <strong>domingo 23 de agosto<\/strong>.<\/p>\n<p>Las estudiantes se\u00f1alaron que las agresiones se registraron en las inmediaciones de la escuela. No se especific\u00f3 cu\u00e1ntas alumnas resultaron afectadas ni el tipo de agresiones que enfrentaron.<\/p>\n<h2>Ya hay denuncias ante la Fiscal\u00eda<\/h2>\n<p>Seg\u00fan las alumnas, <strong>existen denuncias formales ante la Fiscal\u00eda General del Estado<\/strong> de Puebla relacionadas con estos hechos.<\/p>\n<p>No se inform\u00f3 si las denuncias fueron presentadas por las propias estudiantes o si est\u00e1n en su contra, como sugiere parte de la informaci\u00f3n disponible. Tampoco se dio a conocer el estado actual de las investigaciones.<\/p>\n<p>Hasta el momento, las autoridades de la Normal de Teteles y la Fiscal\u00eda poblana no han emitido declaraciones p\u00fablicas sobre el caso. Se desconoce si ya hay personas identificadas o detenidas por los hechos denunciados.<\/p>\n<p>La falta de detalles deja varias interrogantes abiertas sobre el contexto de las agresiones y las circunstancias exactas en que ocurrieron.<\/p>\n","protected":false},"excerpt":{"rendered":"Estudiantes de la Escuela Normal de Teteles en Puebla denunciaron agresiones afuera del plantel. Hay denuncias formales ante la Fiscal\u00eda del estado.","protected":false},"author":1,"featured_media":84141,"comment_status":"closed","ping_status":"closed","sticky":false,"template":"","format":"standard","meta":{"_yoast_wpseo_opengraph-title":"","_yoast_wpseo_opengraph-description":"","csco_display_header_overlay":false,"csco_singular_sidebar":"","csco_page_header_type":"","csco_page_load_nextpost":"","csco_post_video_location":[],"csco_post_video_location_hash":"","csco_post_video_url":"","csco_post_video_bg_start_time":0,"csco_post_video_bg_end_time":0,"footnotes":"","_news_article_schema":""},"categories":[111],"tags":[],"class_list":["post-84106","post","type-post","status-publish","format-standard","has-post-thumbnail","category-policiaco","cs-entry","cs-video-wrap"],"yoast_head":"<!-- This site is optimized with the Yoast SEO Premium plugin v26.0 (Yoast SEO v28.0) - https:\/\/yoast.com\/product\/yoast-seo-premium-wordpress\/ -->\n<title>Alumnas de Normal de Teteles denuncian agresiones en Puebla<\/title>\n<meta name=\"description\" content=\"Alumnas de la Normal de Teteles denuncian agresiones afuera del plantel en Puebla. Existen denuncias ante la Fiscal\u00eda General del Estado.\" \/>\n<meta name=\"robots\" content=\"index, follow, max-snippet:-1, max-image-preview:large, max-video-preview:-1\" \/>\n<link rel=\"canonical\" href=\"https:\/\/grupohoymexico.com\/puebla\/2026\/08\/23\/alumnas-de-la-normal-de-teteles-denuncian-agresiones-afuera-del-plantel\/\" \/>\n<meta property=\"og:locale\" content=\"es_MX\" \/>\n<meta property=\"og:type\" content=\"article\" \/>\n<meta property=\"og:title\" content=\"Alumnas de la Normal de Teteles denuncian agresiones afuera del plantel\" \/>\n<meta property=\"og:description\" content=\"Alumnas de la Normal de Teteles denuncian agresiones afuera del plantel en Puebla. Existen denuncias ante la Fiscal\u00eda General del Estado.\" \/>\n<meta property=\"og:url\" content=\"https:\/\/grupohoymexico.com\/puebla\/2026\/08\/23\/alumnas-de-la-normal-de-teteles-denuncian-agresiones-afuera-del-plantel\/\" \/>\n<meta property=\"og:site_name\" content=\"Grupo Hoy Puebla\" \/>\n<meta property=\"article:published_time\" content=\"2026-08-23T17:00:00+00:00\" \/>\n<meta property=\"article:modified_time\" content=\"2026-08-24T01:02:32+00:00\" \/>\n<meta property=\"og:image\" content=\"https:\/\/grupohoymexico.com\/puebla\/wp-content\/uploads\/sites\/3\/2026\/08\/imgregen-ai-84106-1787533042.jpg\" \/>\n\t<meta property=\"og:image:width\" content=\"1600\" \/>\n\t<meta property=\"og:image:height\" content=\"893\" \/>\n\t<meta property=\"og:image:type\" content=\"image\/jpeg\" \/>\n<meta name=\"author\" content=\"Grupo Hoy\" \/>\n<meta name=\"twitter:card\" content=\"summary_large_image\" \/>\n<meta name=\"twitter:label1\" content=\"Escrito por\" \/>\n\t<meta name=\"twitter:data1\" content=\"Grupo Hoy\" \/>\n\t<meta name=\"twitter:label2\" content=\"Tiempo de lectura\" \/>\n\t<meta name=\"twitter:data2\" content=\"1 minuto\" \/>\n<script type=\"application\/ld+json\" class=\"yoast-schema-graph\">{\"@context\":\"https:\\\/\\\/schema.org\",\"@graph\":[{\"@type\":\"Article\",\"@id\":\"https:\\\/\\\/grupohoymexico.com\\\/puebla\\\/2026\\\/08\\\/23\\\/alumnas-de-la-normal-de-teteles-denuncian-agresiones-afuera-del-plantel\\\/#article\",\"isPartOf\":{\"@id\":\"https:\\\/\\\/grupohoymexico.com\\\/puebla\\\/2026\\\/08\\\/23\\\/alumnas-de-la-normal-de-teteles-denuncian-agresiones-afuera-del-plantel\\\/\"},\"author\":{\"name\":\"Grupo Hoy\",\"@id\":\"https:\\\/\\\/grupohoymexico.com\\\/puebla\\\/#\\\/schema\\\/person\\\/ce6086ac837852775a3a4f539356c297\"},\"headline\":\"Alumnas de la Normal de Teteles denuncian agresiones afuera del plantel\",\"datePublished\":\"2026-08-23T17:00:00+00:00\",\"dateModified\":\"2026-08-24T01:02:32+00:00\",\"mainEntityOfPage\":{\"@id\":\"https:\\\/\\\/grupohoymexico.com\\\/puebla\\\/2026\\\/08\\\/23\\\/alumnas-de-la-normal-de-teteles-denuncian-agresiones-afuera-del-plantel\\\/\"},\"wordCount\":190,\"image\":{\"@id\":\"https:\\\/\\\/grupohoymexico.com\\\/puebla\\\/2026\\\/08\\\/23\\\/alumnas-de-la-normal-de-teteles-denuncian-agresiones-afuera-del-plantel\\\/#primaryimage\"},\"thumbnailUrl\":\"https:\\\/\\\/grupohoymexico.com\\\/puebla\\\/wp-content\\\/uploads\\\/sites\\\/3\\\/2026\\\/08\\\/imgregen-ai-84106-1787587113.jpg\",\"articleSection\":[\"Policiaco\"],\"inLanguage\":\"es\",\"copyrightYear\":\"2026\",\"copyrightHolder\":{\"@id\":\"https:\\\/\\\/grupohoymexico.com\\\/#organization\"}},{\"@type\":\"WebPage\",\"@id\":\"https:\\\/\\\/grupohoymexico.com\\\/puebla\\\/2026\\\/08\\\/23\\\/alumnas-de-la-normal-de-teteles-denuncian-agresiones-afuera-del-plantel\\\/\",\"url\":\"https:\\\/\\\/grupohoymexico.com\\\/puebla\\\/2026\\\/08\\\/23\\\/alumnas-de-la-normal-de-teteles-denuncian-agresiones-afuera-del-plantel\\\/\",\"name\":\"Alumnas de Normal de Teteles denuncian agresiones en Puebla\",\"isPartOf\":{\"@id\":\"https:\\\/\\\/grupohoymexico.com\\\/puebla\\\/#website\"},\"primaryImageOfPage\":{\"@id\":\"https:\\\/\\\/grupohoymexico.com\\\/puebla\\\/2026\\\/08\\\/23\\\/alumnas-de-la-normal-de-teteles-denuncian-agresiones-afuera-del-plantel\\\/#primaryimage\"},\"image\":{\"@id\":\"https:\\\/\\\/grupohoymexico.com\\\/puebla\\\/2026\\\/08\\\/23\\\/alumnas-de-la-normal-de-teteles-denuncian-agresiones-afuera-del-plantel\\\/#primaryimage\"},\"thumbnailUrl\":\"https:\\\/\\\/grupohoymexico.com\\\/puebla\\\/wp-content\\\/uploads\\\/sites\\\/3\\\/2026\\\/08\\\/imgregen-ai-84106-1787587113.jpg\",\"datePublished\":\"2026-08-23T17:00:00+00:00\",\"dateModified\":\"2026-08-24T01:02:32+00:00\",\"author\":{\"@id\":\"https:\\\/\\\/grupohoymexico.com\\\/puebla\\\/#\\\/schema\\\/person\\\/ce6086ac837852775a3a4f539356c297\"},\"description\":\"Alumnas de la Normal de Teteles denuncian agresiones afuera del plantel en Puebla. Existen denuncias ante la Fiscal\u00eda General del Estado.\",\"breadcrumb\":{\"@id\":\"https:\\\/\\\/grupohoymexico.com\\\/puebla\\\/2026\\\/08\\\/23\\\/alumnas-de-la-normal-de-teteles-denuncian-agresiones-afuera-del-plantel\\\/#breadcrumb\"},\"inLanguage\":\"es\",\"potentialAction\":[{\"@type\":\"ReadAction\",\"target\":[\"https:\\\/\\\/grupohoymexico.com\\\/puebla\\\/2026\\\/08\\\/23\\\/alumnas-de-la-normal-de-teteles-denuncian-agresiones-afuera-del-plantel\\\/\"]}]},{\"@type\":\"ImageObject\",\"inLanguage\":\"es\",\"@id\":\"https:\\\/\\\/grupohoymexico.com\\\/puebla\\\/2026\\\/08\\\/23\\\/alumnas-de-la-normal-de-teteles-denuncian-agresiones-afuera-del-plantel\\\/#primaryimage\",\"url\":\"https:\\\/\\\/grupohoymexico.com\\\/puebla\\\/wp-content\\\/uploads\\\/sites\\\/3\\\/2026\\\/08\\\/imgregen-ai-84106-1787587113.jpg\",\"contentUrl\":\"https:\\\/\\\/grupohoymexico.com\\\/puebla\\\/wp-content\\\/uploads\\\/sites\\\/3\\\/2026\\\/08\\\/imgregen-ai-84106-1787587113.jpg\",\"width\":1600,\"height\":893},{\"@type\":\"BreadcrumbList\",\"@id\":\"https:\\\/\\\/grupohoymexico.com\\\/puebla\\\/2026\\\/08\\\/23\\\/alumnas-de-la-normal-de-teteles-denuncian-agresiones-afuera-del-plantel\\\/#breadcrumb\",\"itemListElement\":[{\"@type\":\"ListItem\",\"position\":1,\"name\":\"Inicio\",\"item\":\"https:\\\/\\\/grupohoymexico.com\\\/puebla\\\/\"},{\"@type\":\"ListItem\",\"position\":2,\"name\":\"Alumnas de la Normal de Teteles denuncian agresiones afuera del plantel\"}]},{\"@type\":\"WebSite\",\"@id\":\"https:\\\/\\\/grupohoymexico.com\\\/puebla\\\/#website\",\"url\":\"https:\\\/\\\/grupohoymexico.com\\\/puebla\\\/\",\"name\":\"Grupo Hoy Puebla\",\"description\":\"\",\"potentialAction\":[{\"@type\":\"SearchAction\",\"target\":{\"@type\":\"EntryPoint\",\"urlTemplate\":\"https:\\\/\\\/grupohoymexico.com\\\/puebla\\\/?s={search_term_string}\"},\"query-input\":{\"@type\":\"PropertyValueSpecification\",\"valueRequired\":true,\"valueName\":\"search_term_string\"}}],\"inLanguage\":\"es\"},{\"@type\":\"Person\",\"@id\":\"https:\\\/\\\/grupohoymexico.com\\\/puebla\\\/#\\\/schema\\\/person\\\/ce6086ac837852775a3a4f539356c297\",\"name\":\"Grupo Hoy\",\"image\":{\"@type\":\"ImageObject\",\"inLanguage\":\"es\",\"@id\":\"https:\\\/\\\/secure.gravatar.com\\\/avatar\\\/f81cc5f2e837a4a7a75e70655bff9f60706d3a462a25b4af7ad93941c2c44edb?s=96&d=mm&r=g\",\"url\":\"https:\\\/\\\/secure.gravatar.com\\\/avatar\\\/f81cc5f2e837a4a7a75e70655bff9f60706d3a462a25b4af7ad93941c2c44edb?s=96&d=mm&r=g\",\"contentUrl\":\"https:\\\/\\\/secure.gravatar.com\\\/avatar\\\/f81cc5f2e837a4a7a75e70655bff9f60706d3a462a25b4af7ad93941c2c44edb?s=96&d=mm&r=g\",\"caption\":\"Grupo Hoy\"},\"sameAs\":[\"https:\\\/\\\/grupohoymexico.com\\\/\"],\"url\":\"https:\\\/\\\/grupohoymexico.com\\\/puebla\\\/author\\\/user\\\/\"}]}<\/script>\n<!-- \/ Yoast SEO Premium plugin. -->","yoast_head_json":{"title":"Alumnas de Normal de Teteles denuncian agresiones en Puebla","description":"Alumnas de la Normal de Teteles denuncian agresiones afuera del plantel en Puebla. Existen denuncias ante la Fiscal\u00eda General del Estado.","robots":{"index":"index","follow":"follow","max-snippet":"max-snippet:-1","max-image-preview":"max-image-preview:large","max-video-preview":"max-video-preview:-1"},"canonical":"https:\/\/grupohoymexico.com\/puebla\/2026\/08\/23\/alumnas-de-la-normal-de-teteles-denuncian-agresiones-afuera-del-plantel\/","og_locale":"es_MX","og_type":"article","og_title":"Alumnas de la Normal de Teteles denuncian agresiones afuera del plantel","og_description":"Alumnas de la Normal de Teteles denuncian agresiones afuera del plantel en Puebla. Existen denuncias ante la Fiscal\u00eda General del Estado.","og_url":"https:\/\/grupohoymexico.com\/puebla\/2026\/08\/23\/alumnas-de-la-normal-de-teteles-denuncian-agresiones-afuera-del-plantel\/","og_site_name":"Grupo Hoy Puebla","article_published_time":"2026-08-23T17:00:00+00:00","article_modified_time":"2026-08-24T01:02:32+00:00","og_image":[{"width":1600,"height":893,"url":"https:\/\/grupohoymexico.com\/puebla\/wp-content\/uploads\/sites\/3\/2026\/08\/imgregen-ai-84106-1787533042.jpg","type":"image\/jpeg"}],"author":"Grupo Hoy","twitter_card":"summary_large_image","twitter_misc":{"Escrito por":"Grupo Hoy","Tiempo de lectura":"1 minuto"},"schema":{"@context":"https:\/\/schema.org","@graph":[{"@type":"Article","@id":"https:\/\/grupohoymexico.com\/puebla\/2026\/08\/23\/alumnas-de-la-normal-de-teteles-denuncian-agresiones-afuera-del-plantel\/#article","isPartOf":{"@id":"https:\/\/grupohoymexico.com\/puebla\/2026\/08\/23\/alumnas-de-la-normal-de-teteles-denuncian-agresiones-afuera-del-plantel\/"},"author":{"name":"Grupo Hoy","@id":"https:\/\/grupohoymexico.com\/puebla\/#\/schema\/person\/ce6086ac837852775a3a4f539356c297"},"headline":"Alumnas de la Normal de Teteles denuncian agresiones afuera del plantel","datePublished":"2026-08-23T17:00:00+00:00","dateModified":"2026-08-24T01:02:32+00:00","mainEntityOfPage":{"@id":"https:\/\/grupohoymexico.com\/puebla\/2026\/08\/23\/alumnas-de-la-normal-de-teteles-denuncian-agresiones-afuera-del-plantel\/"},"wordCount":190,"image":{"@id":"https:\/\/grupohoymexico.com\/puebla\/2026\/08\/23\/alumnas-de-la-normal-de-teteles-denuncian-agresiones-afuera-del-plantel\/#primaryimage"},"thumbnailUrl":"https:\/\/grupohoymexico.com\/puebla\/wp-content\/uploads\/sites\/3\/2026\/08\/imgregen-ai-84106-1787587113.jpg","articleSection":["Policiaco"],"inLanguage":"es","copyrightYear":"2026","copyrightHolder":{"@id":"https:\/\/grupohoymexico.com\/#organization"}},{"@type":"WebPage","@id":"https:\/\/grupohoymexico.com\/puebla\/2026\/08\/23\/alumnas-de-la-normal-de-teteles-denuncian-agresiones-afuera-del-plantel\/","url":"https:\/\/grupohoymexico.com\/puebla\/2026\/08\/23\/alumnas-de-la-normal-de-teteles-denuncian-agresiones-afuera-del-plantel\/","name":"Alumnas de Normal de Teteles denuncian agresiones en Puebla","isPartOf":{"@id":"https:\/\/grupohoymexico.com\/puebla\/#website"},"primaryImageOfPage":{"@id":"https:\/\/grupohoymexico.com\/puebla\/2026\/08\/23\/alumnas-de-la-normal-de-teteles-denuncian-agresiones-afuera-del-plantel\/#primaryimage"},"image":{"@id":"https:\/\/grupohoymexico.com\/puebla\/2026\/08\/23\/alumnas-de-la-normal-de-teteles-denuncian-agresiones-afuera-del-plantel\/#primaryimage"},"thumbnailUrl":"https:\/\/grupohoymexico.com\/puebla\/wp-content\/uploads\/sites\/3\/2026\/08\/imgregen-ai-84106-1787587113.jpg","datePublished":"2026-08-23T17:00:00+00:00","dateModified":"2026-08-24T01:02:32+00:00","author":{"@id":"https:\/\/grupohoymexico.com\/puebla\/#\/schema\/person\/ce6086ac837852775a3a4f539356c297"},"description":"Alumnas de la Normal de Teteles denuncian agresiones afuera del plantel en Puebla. Existen denuncias ante la Fiscal\u00eda General del Estado.","breadcrumb":{"@id":"https:\/\/grupohoymexico.com\/puebla\/2026\/08\/23\/alumnas-de-la-normal-de-teteles-denuncian-agresiones-afuera-del-plantel\/#breadcrumb"},"inLanguage":"es","potentialAction":[{"@type":"ReadAction","target":["https:\/\/grupohoymexico.com\/puebla\/2026\/08\/23\/alumnas-de-la-normal-de-teteles-denuncian-agresiones-afuera-del-plantel\/"]}]},{"@type":"ImageObject","inLanguage":"es","@id":"https:\/\/grupohoymexico.com\/puebla\/2026\/08\/23\/alumnas-de-la-normal-de-teteles-denuncian-agresiones-afuera-del-plantel\/#primaryimage","url":"https:\/\/grupohoymexico.com\/puebla\/wp-content\/uploads\/sites\/3\/2026\/08\/imgregen-ai-84106-1787587113.jpg","contentUrl":"https:\/\/grupohoymexico.com\/puebla\/wp-content\/uploads\/sites\/3\/2026\/08\/imgregen-ai-84106-1787587113.jpg","width":1600,"height":893},{"@type":"BreadcrumbList","@id":"https:\/\/grupohoymexico.com\/puebla\/2026\/08\/23\/alumnas-de-la-normal-de-teteles-denuncian-agresiones-afuera-del-plantel\/#breadcrumb","itemListElement":[{"@type":"ListItem","position":1,"name":"Inicio","item":"https:\/\/grupohoymexico.com\/puebla\/"},{"@type":"ListItem","position":2,"name":"Alumnas de la Normal de Teteles denuncian agresiones afuera del plantel"}]},{"@type":"WebSite","@id":"https:\/\/grupohoymexico.com\/puebla\/#website","url":"https:\/\/grupohoymexico.com\/puebla\/","name":"Grupo Hoy Puebla","description":"","potentialAction":[{"@type":"SearchAction","target":{"@type":"EntryPoint","urlTemplate":"https:\/\/grupohoymexico.com\/puebla\/?s={search_term_string}"},"query-input":{"@type":"PropertyValueSpecification","valueRequired":true,"valueName":"search_term_string"}}],"inLanguage":"es"},{"@type":"Person","@id":"https:\/\/grupohoymexico.com\/puebla\/#\/schema\/person\/ce6086ac837852775a3a4f539356c297","name":"Grupo Hoy","image":{"@type":"ImageObject","inLanguage":"es","@id":"https:\/\/secure.gravatar.com\/avatar\/f81cc5f2e837a4a7a75e70655bff9f60706d3a462a25b4af7ad93941c2c44edb?s=96&d=mm&r=g","url":"https:\/\/secure.gravatar.com\/avatar\/f81cc5f2e837a4a7a75e70655bff9f60706d3a462a25b4af7ad93941c2c44edb?s=96&d=mm&r=g","contentUrl":"https:\/\/secure.gravatar.com\/avatar\/f81cc5f2e837a4a7a75e70655bff9f60706d3a462a25b4af7ad93941c2c44edb?s=96&d=mm&r=g","caption":"Grupo Hoy"},"sameAs":["https:\/\/grupohoymexico.com\/"],"url":"https:\/\/grupohoymexico.com\/puebla\/author\/user\/"}]}},"_links":{"self":[{"href":"https:\/\/grupohoymexico.com\/puebla\/wp-json\/wp\/v2\/posts\/84106","targetHints":{"allow":["GET"]}}],"collection":[{"href":"https:\/\/grupohoymexico.com\/puebla\/wp-json\/wp\/v2\/posts"}],"about":[{"href":"https:\/\/grupohoymexico.com\/puebla\/wp-json\/wp\/v2\/types\/post"}],"author":[{"embeddable":true,"href":"https:\/\/grupohoymexico.com\/puebla\/wp-json\/wp\/v2\/users\/1"}],"replies":[{"embeddable":true,"href":"https:\/\/grupohoymexico.com\/puebla\/wp-json\/wp\/v2\/comments?post=84106"}],"version-history":[{"count":1,"href":"https:\/\/grupohoymexico.com\/puebla\/wp-json\/wp\/v2\/posts\/84106\/revisions"}],"predecessor-version":[{"id":84111,"href":"https:\/\/grupohoymexico.com\/puebla\/wp-json\/wp\/v2\/posts\/84106\/revisions\/84111"}],"wp:featuredmedia":[{"embeddable":true,"href":"https:\/\/grupohoymexico.com\/puebla\/wp-json\/wp\/v2\/media\/84141"}],"wp:attachment":[{"href":"https:\/\/grupohoymexico.com\/puebla\/wp-json\/wp\/v2\/media?parent=84106"}],"wp:term":[{"taxonomy":"category","embeddable":true,"href":"https:\/\/grupohoymexico.com\/puebla\/wp-json\/wp\/v2\/categories?post=84106"},{"taxonomy":"post_tag","embeddable":true,"href":"https:\/\/grupohoymexico.com\/puebla\/wp-json\/wp\/v2\/tags?post=84106"}],"curies":[{"name":"wp","href":"https:\/\/api.w.org\/{rel}","templated":true}]}}