{"id":82173,"date":"2026-04-30T17:36:43","date_gmt":"2026-04-30T17:36:43","guid":{"rendered":"https:\/\/grupohoymexico.com\/puebla\/2026\/04\/30\/nuevo-laredo-registra-0-ahogamientos-de-migrantes-en-el-rio-bravo-en-este-2026\/"},"modified":"2026-04-30T17:36:44","modified_gmt":"2026-04-30T17:36:44","slug":"nuevo-laredo-registra-0-ahogamientos-de-migrantes-en-el-rio-bravo-en-este-2026","status":"publish","type":"post","link":"https:\/\/grupohoymexico.com\/puebla\/2026\/04\/30\/nuevo-laredo-registra-0-ahogamientos-de-migrantes-en-el-rio-bravo-en-este-2026\/","title":{"rendered":"Nuevo Laredo registra 0 ahogamientos de migrantes en el R\u00edo Bravo en este 2026"},"content":{"rendered":"\n<p>Durante lo que va de 2026, la <strong><a href=\"https:\/\/www.tamaulipas.gob.mx\/datosabiertos\/wp-content\/blogs.dir\/49\/files_mf\/1590682903proteccioncivil.pdf\">Direcci\u00f3n de Protecci\u00f3n Civil y Bomberos de Nuevo Laredo<\/a><\/strong> <strong>no ha registrado muertes de personas migrantes por ahogamiento en el R\u00edo Bravo<\/strong>, un hecho considerado inusual frente a los antecedentes de a\u00f1os recientes en esta zona fronteriza.<\/p>\n\n\n\n<p>Este dato marca un cambio significativo en la tendencia de incidentes fatales relacionados con el cruce irregular hacia <strong>Estados Unidos<\/strong>, uno de los temas m\u00e1s buscados en torno a migraci\u00f3n y seguridad en la frontera norte de M\u00e9xico.<\/p>\n\n\n\n<h3 class=\"wp-block-heading\" id=\"h-sigue-nuestras-cuentas-en-facebook-e-instagram-para-mantenerte-informado-con-las-noticias-mas-relevantes\"><strong>Sigue nuestras cuentas en Facebook e Instagram para mantenerte informado con las noticias m\u00e1s relevantes.<\/strong><\/h3>\n\n\n\n<h2 class=\"wp-block-heading\" id=\"h-historico-de-muertes-de-migrantes-en-el-rio-bravo\"><strong>Hist\u00f3rico de muertes de migrantes en el r\u00edo Bravo<\/strong><\/h2>\n\n\n\n<p>Las cifras oficiales evidencian una disminuci\u00f3n notable en comparaci\u00f3n con a\u00f1os anteriores:<\/p>\n\n\n\n<ul class=\"wp-block-list\">\n<li><strong>2025:<\/strong> 5 cuerpos recuperados.<\/li>\n\n\n\n<li><strong>2024:<\/strong> 8 fallecidos (7 migrantes).<\/li>\n\n\n\n<li><strong>2023:<\/strong> 9 casos.<\/li>\n\n\n\n<li><strong>2022:<\/strong> 10 casos.<\/li>\n\n\n\n<li><strong>2021:<\/strong> 20 muertes.<\/li>\n<\/ul>\n\n\n\n<p>La ausencia de muertes en 2026 representa la primera vez en varios a\u00f1os que no se registran tragedias de este tipo en el <strong>r\u00edo Bravo en Nuevo Laredo<\/strong>.<\/p>\n\n\n\n<h2 class=\"wp-block-heading\" id=\"h-estrategias-de-prevencion-reducen-riesgos-en-el-rio-bravo\"><strong>Estrategias de prevenci\u00f3n reducen riesgos en el r\u00edo Bravo<\/strong><\/h2>\n\n\n\n<p>El titular de <strong>Protecci\u00f3n Civil, Humberto Fern\u00e1ndez Diez de Pinos<\/strong>, atribuy\u00f3 esta disminuci\u00f3n a la implementaci\u00f3n de operativos preventivos y campa\u00f1as de concientizaci\u00f3n.<\/p>\n\n\n\n<p>Entre las acciones destacan:<\/p>\n\n\n\n<ul class=\"wp-block-list\">\n<li>Patrullaje constante en zonas cercanas al r\u00edo.<\/li>\n\n\n\n<li>Uso de autoparlantes para alertar a migrantes y poblaci\u00f3n.<\/li>\n\n\n\n<li>Coordinaci\u00f3n con cuerpos de emergencia.<\/li>\n\n\n\n<li>Participaci\u00f3n de pescadores locales en labores preventivas.<\/li>\n<\/ul>\n\n\n\n<blockquote class=\"wp-block-quote is-layout-flow wp-block-quote-is-layout-flow\">\n<p><strong><em>\u201cEl objetivo es evitar que las personas se expongan a condiciones peligrosas en el r\u00edo\u201d<\/em><\/strong>, se\u00f1al\u00f3 el funcionario.<\/p>\n<\/blockquote>\n\n\n\n<h3 class=\"wp-block-heading\" id=\"h-leer-mas-capturan-en-venezuela-a-erika-maria-n-presunta-feminicida-de-carolina-flores\"><strong><em>Leer m\u00e1s: <a href=\"https:\/\/grupohoymexico.com\/2026\/04\/30\/capturan-en-venezuela-a-erika-maria-n-presunta-feminicida-de-carolina-flores\/\">Capturan en Venezuela a Erika Mar\u00eda &#8220;N&#8221;, presunta feminicida de Carolina Flores<\/a><\/em><\/strong><\/h3>\n\n\n\n<h2 class=\"wp-block-heading\" id=\"h-mayor-vigilancia-de-estados-unidos-frena-intentos-de-cruce\"><strong>Mayor vigilancia de Estados Unidos frena intentos de cruce<\/strong><\/h2>\n\n\n\n<p>Otro factor clave en la reducci\u00f3n de muertes ha sido el reforzamiento de la seguridad fronteriza por parte de autoridades estadounidenses como <strong>Customs and Border Protection y la Patrulla Fronteriza<\/strong>.<\/p>\n\n\n\n<p>De acuerdo con autoridades mexicanas, la supervisi\u00f3n m\u00e1s estricta ha disminuido los intentos de cruce ilegal, lo que impacta directamente en la reducci\u00f3n de incidentes en el <strong>r\u00edo Bravo<\/strong>.<\/p>\n\n\n\n<h2 class=\"wp-block-heading\" id=\"h-a-pesar-de-la-baja-se-registra-una-tragedia-local-en-2026\"><strong>A pesar de la baja, se registra una tragedia local en 2026<\/strong><\/h2>\n\n\n\n<p>Aunque no se han reportado muertes de migrantes, s\u00ed ocurri\u00f3 un incidente fatal en el que un menor de 14 a\u00f1os perdi\u00f3 la vida al ingresar al r\u00edo con fines recreativos.<\/p>\n\n\n\n<p>Elementos de rescate realizaron labores para recuperar el cuerpo, lo que subraya que el peligro del <strong>r\u00edo Bravo<\/strong> no se limita \u00fanicamente a la migraci\u00f3n.<\/p>\n\n\n\n<h2 class=\"wp-block-heading\" id=\"h-autoridades-advierten-el-rio-bravo-no-es-seguro\"><strong>Autoridades advierten: el r\u00edo Bravo no es seguro<\/strong><\/h2>\n\n\n\n<p><strong>Protecci\u00f3n Civil<\/strong> reiter\u00f3 el llamado a la poblaci\u00f3n a no ingresar al r\u00edo, debido a los m\u00faltiples riesgos que presenta:<\/p>\n\n\n\n<ul class=\"wp-block-list\">\n<li>Corrientes impredecibles.<\/li>\n\n\n\n<li>Cambios bruscos de profundidad.<\/li>\n\n\n\n<li>Presencia de basura y objetos peligrosos.<\/li>\n<\/ul>\n\n\n\n<blockquote class=\"wp-block-quote is-layout-flow wp-block-quote-is-layout-flow\">\n<p><strong><em>\u201cEl r\u00edo no es un balneario; representa un riesgo considerable para cualquier persona\u201d<\/em><\/strong>, advirti\u00f3 Fern\u00e1ndez Diez de Pinos.<\/p>\n<\/blockquote>\n\n\n\n<p>Aunque la ausencia de muertes de migrantes en el r\u00edo Bravo durante 2026 es una se\u00f1al positiva, las autoridades subrayan que los riesgos contin\u00faan presentes.<\/p>\n\n\n\n<h2 class=\"wp-block-heading\" id=\"h-unete-a-nuestro-canal-de-whatsapp\"><strong><a href=\"https:\/\/whatsapp.com\/channel\/0029Vaylt1XG3R3gm4Nsgp2m\">\u00danete a nuestro canal de WhatsApp<\/a><\/strong><\/h2>\n","protected":false},"excerpt":{"rendered":"Durante lo que va de 2026, la Direcci\u00f3n de Protecci\u00f3n Civil y Bomberos de Nuevo Laredo no ha&hellip;","protected":false},"author":5,"featured_media":82174,"comment_status":"open","ping_status":"open","sticky":false,"template":"","format":"standard","meta":{"csco_display_header_overlay":false,"csco_singular_sidebar":"","csco_page_header_type":"","csco_page_load_nextpost":"","csco_post_video_location":[],"csco_post_video_location_hash":"","csco_post_video_url":"","csco_post_video_bg_start_time":0,"csco_post_video_bg_end_time":0,"footnotes":""},"categories":[28],"tags":[414,126,4012,4037,158,4038],"class_list":{"0":"post-82173","1":"post","2":"type-post","3":"status-publish","4":"format-standard","5":"has-post-thumbnail","7":"category-nacional","8":"tag-estados-unidos","9":"tag-mexico","10":"tag-migrantes-2","11":"tag-nuevo-laredo","12":"tag-proteccion-civil","13":"tag-rio-bravo","14":"cs-entry","15":"cs-video-wrap"},"yoast_head":"<!-- This site is optimized with the Yoast SEO Premium plugin v24.7 (Yoast SEO v27.4) - https:\/\/yoast.com\/product\/yoast-seo-premium-wordpress\/ -->\n<title>Nuevo Laredo registra 0 ahogamientos de migrantes en el R\u00edo Bravo en este 2026 - Grupo Hoy Puebla<\/title>\n<meta name=\"description\" content=\"Cero muertes de migrantes en el R\u00edo Bravo 2026 en Nuevo Laredo: estad\u00edsticas hist\u00f3ricas, prevenci\u00f3n de cruces ilegales frontera M\u00e9xico-EE.UU.\" \/>\n<meta name=\"robots\" content=\"index, follow, max-snippet:-1, max-image-preview:large, max-video-preview:-1\" \/>\n<link rel=\"canonical\" href=\"https:\/\/grupohoymexico.com\/puebla\/2026\/04\/30\/nuevo-laredo-registra-0-ahogamientos-de-migrantes-en-el-rio-bravo-en-este-2026\/\" \/>\n<meta property=\"og:locale\" content=\"es_MX\" \/>\n<meta property=\"og:type\" content=\"article\" \/>\n<meta property=\"og:title\" content=\"Nuevo Laredo registra 0 ahogamientos de migrantes en el R\u00edo Bravo en este 2026\" \/>\n<meta property=\"og:description\" content=\"Cero muertes de migrantes en el R\u00edo Bravo 2026 en Nuevo Laredo: estad\u00edsticas hist\u00f3ricas, prevenci\u00f3n de cruces ilegales frontera M\u00e9xico-EE.UU.\" \/>\n<meta property=\"og:url\" content=\"https:\/\/grupohoymexico.com\/puebla\/2026\/04\/30\/nuevo-laredo-registra-0-ahogamientos-de-migrantes-en-el-rio-bravo-en-este-2026\/\" \/>\n<meta property=\"og:site_name\" content=\"Grupo Hoy Puebla\" \/>\n<meta property=\"article:published_time\" content=\"2026-04-30T17:36:43+00:00\" \/>\n<meta property=\"article:modified_time\" content=\"2026-04-30T17:36:44+00:00\" \/>\n<meta property=\"og:image\" content=\"https:\/\/grupohoymexico.com\/puebla\/wp-content\/uploads\/sites\/3\/2026\/04\/muertes-migrantes-Rio-Bravo.jpg\" \/>\n\t<meta property=\"og:image:width\" content=\"1200\" \/>\n\t<meta property=\"og:image:height\" content=\"638\" \/>\n\t<meta property=\"og:image:type\" content=\"image\/jpeg\" \/>\n<meta name=\"author\" content=\"jair\" \/>\n<meta name=\"twitter:card\" content=\"summary_large_image\" \/>\n<meta name=\"twitter:label1\" content=\"Escrito por\" \/>\n\t<meta name=\"twitter:data1\" content=\"jair\" \/>\n\t<meta name=\"twitter:label2\" content=\"Tiempo de lectura\" \/>\n\t<meta name=\"twitter:data2\" content=\"3 minutos\" \/>\n<script type=\"application\/ld+json\" class=\"yoast-schema-graph\">{\"@context\":\"https:\\\/\\\/schema.org\",\"@graph\":[{\"@type\":\"Article\",\"@id\":\"https:\\\/\\\/grupohoymexico.com\\\/puebla\\\/2026\\\/04\\\/30\\\/nuevo-laredo-registra-0-ahogamientos-de-migrantes-en-el-rio-bravo-en-este-2026\\\/#article\",\"isPartOf\":{\"@id\":\"https:\\\/\\\/grupohoymexico.com\\\/puebla\\\/2026\\\/04\\\/30\\\/nuevo-laredo-registra-0-ahogamientos-de-migrantes-en-el-rio-bravo-en-este-2026\\\/\"},\"author\":{\"name\":\"jair\",\"@id\":\"https:\\\/\\\/grupohoymexico.com\\\/puebla\\\/#\\\/schema\\\/person\\\/98e2425fe99fbbdf486895b69dab3c3d\"},\"headline\":\"Nuevo Laredo registra 0 ahogamientos de migrantes en el R\u00edo Bravo en este 2026\",\"datePublished\":\"2026-04-30T17:36:43+00:00\",\"dateModified\":\"2026-04-30T17:36:44+00:00\",\"mainEntityOfPage\":{\"@id\":\"https:\\\/\\\/grupohoymexico.com\\\/puebla\\\/2026\\\/04\\\/30\\\/nuevo-laredo-registra-0-ahogamientos-de-migrantes-en-el-rio-bravo-en-este-2026\\\/\"},\"wordCount\":532,\"commentCount\":0,\"image\":{\"@id\":\"https:\\\/\\\/grupohoymexico.com\\\/puebla\\\/2026\\\/04\\\/30\\\/nuevo-laredo-registra-0-ahogamientos-de-migrantes-en-el-rio-bravo-en-este-2026\\\/#primaryimage\"},\"thumbnailUrl\":\"https:\\\/\\\/grupohoymexico.com\\\/puebla\\\/wp-content\\\/uploads\\\/sites\\\/3\\\/2026\\\/04\\\/muertes-migrantes-Rio-Bravo.jpg\",\"keywords\":[\"Estados Unidos\",\"M\u00e9xico\",\"Migrantes\",\"Nuevo Laredo\",\"protecci\u00f3n civil\",\"R\u00edo Bravo\"],\"articleSection\":[\"Nacional\"],\"inLanguage\":\"es\",\"potentialAction\":[{\"@type\":\"CommentAction\",\"name\":\"Comment\",\"target\":[\"https:\\\/\\\/grupohoymexico.com\\\/puebla\\\/2026\\\/04\\\/30\\\/nuevo-laredo-registra-0-ahogamientos-de-migrantes-en-el-rio-bravo-en-este-2026\\\/#respond\"]}]},{\"@type\":\"WebPage\",\"@id\":\"https:\\\/\\\/grupohoymexico.com\\\/puebla\\\/2026\\\/04\\\/30\\\/nuevo-laredo-registra-0-ahogamientos-de-migrantes-en-el-rio-bravo-en-este-2026\\\/\",\"url\":\"https:\\\/\\\/grupohoymexico.com\\\/puebla\\\/2026\\\/04\\\/30\\\/nuevo-laredo-registra-0-ahogamientos-de-migrantes-en-el-rio-bravo-en-este-2026\\\/\",\"name\":\"Nuevo Laredo registra 0 ahogamientos de migrantes en el R\u00edo Bravo en este 2026 - Grupo Hoy Puebla\",\"isPartOf\":{\"@id\":\"https:\\\/\\\/grupohoymexico.com\\\/puebla\\\/#website\"},\"primaryImageOfPage\":{\"@id\":\"https:\\\/\\\/grupohoymexico.com\\\/puebla\\\/2026\\\/04\\\/30\\\/nuevo-laredo-registra-0-ahogamientos-de-migrantes-en-el-rio-bravo-en-este-2026\\\/#primaryimage\"},\"image\":{\"@id\":\"https:\\\/\\\/grupohoymexico.com\\\/puebla\\\/2026\\\/04\\\/30\\\/nuevo-laredo-registra-0-ahogamientos-de-migrantes-en-el-rio-bravo-en-este-2026\\\/#primaryimage\"},\"thumbnailUrl\":\"https:\\\/\\\/grupohoymexico.com\\\/puebla\\\/wp-content\\\/uploads\\\/sites\\\/3\\\/2026\\\/04\\\/muertes-migrantes-Rio-Bravo.jpg\",\"datePublished\":\"2026-04-30T17:36:43+00:00\",\"dateModified\":\"2026-04-30T17:36:44+00:00\",\"author\":{\"@id\":\"https:\\\/\\\/grupohoymexico.com\\\/puebla\\\/#\\\/schema\\\/person\\\/98e2425fe99fbbdf486895b69dab3c3d\"},\"description\":\"Cero muertes de migrantes en el R\u00edo Bravo 2026 en Nuevo Laredo: estad\u00edsticas hist\u00f3ricas, prevenci\u00f3n de cruces ilegales frontera M\u00e9xico-EE.UU.\",\"breadcrumb\":{\"@id\":\"https:\\\/\\\/grupohoymexico.com\\\/puebla\\\/2026\\\/04\\\/30\\\/nuevo-laredo-registra-0-ahogamientos-de-migrantes-en-el-rio-bravo-en-este-2026\\\/#breadcrumb\"},\"inLanguage\":\"es\",\"potentialAction\":[{\"@type\":\"ReadAction\",\"target\":[\"https:\\\/\\\/grupohoymexico.com\\\/puebla\\\/2026\\\/04\\\/30\\\/nuevo-laredo-registra-0-ahogamientos-de-migrantes-en-el-rio-bravo-en-este-2026\\\/\"]}]},{\"@type\":\"ImageObject\",\"inLanguage\":\"es\",\"@id\":\"https:\\\/\\\/grupohoymexico.com\\\/puebla\\\/2026\\\/04\\\/30\\\/nuevo-laredo-registra-0-ahogamientos-de-migrantes-en-el-rio-bravo-en-este-2026\\\/#primaryimage\",\"url\":\"https:\\\/\\\/grupohoymexico.com\\\/puebla\\\/wp-content\\\/uploads\\\/sites\\\/3\\\/2026\\\/04\\\/muertes-migrantes-Rio-Bravo.jpg\",\"contentUrl\":\"https:\\\/\\\/grupohoymexico.com\\\/puebla\\\/wp-content\\\/uploads\\\/sites\\\/3\\\/2026\\\/04\\\/muertes-migrantes-Rio-Bravo.jpg\",\"width\":1200,\"height\":638,\"caption\":\"Foto: Redes Sociales\"},{\"@type\":\"BreadcrumbList\",\"@id\":\"https:\\\/\\\/grupohoymexico.com\\\/puebla\\\/2026\\\/04\\\/30\\\/nuevo-laredo-registra-0-ahogamientos-de-migrantes-en-el-rio-bravo-en-este-2026\\\/#breadcrumb\",\"itemListElement\":[{\"@type\":\"ListItem\",\"position\":1,\"name\":\"Inicio\",\"item\":\"https:\\\/\\\/grupohoymexico.com\\\/puebla\\\/\"},{\"@type\":\"ListItem\",\"position\":2,\"name\":\"Nuevo Laredo registra 0 ahogamientos de migrantes en el R\u00edo Bravo en este 2026\"}]},{\"@type\":\"WebSite\",\"@id\":\"https:\\\/\\\/grupohoymexico.com\\\/puebla\\\/#website\",\"url\":\"https:\\\/\\\/grupohoymexico.com\\\/puebla\\\/\",\"name\":\"Grupo Hoy Puebla\",\"description\":\"\",\"potentialAction\":[{\"@type\":\"SearchAction\",\"target\":{\"@type\":\"EntryPoint\",\"urlTemplate\":\"https:\\\/\\\/grupohoymexico.com\\\/puebla\\\/?s={search_term_string}\"},\"query-input\":{\"@type\":\"PropertyValueSpecification\",\"valueRequired\":true,\"valueName\":\"search_term_string\"}}],\"inLanguage\":\"es\"},{\"@type\":\"Person\",\"@id\":\"https:\\\/\\\/grupohoymexico.com\\\/puebla\\\/#\\\/schema\\\/person\\\/98e2425fe99fbbdf486895b69dab3c3d\",\"name\":\"jair\",\"image\":{\"@type\":\"ImageObject\",\"inLanguage\":\"es\",\"@id\":\"https:\\\/\\\/secure.gravatar.com\\\/avatar\\\/ec205dfb8733a1ce1601942dddb04fc9294fb780c832e3c1ec58faa8e4e64e9b?s=96&d=mm&r=g\",\"url\":\"https:\\\/\\\/secure.gravatar.com\\\/avatar\\\/ec205dfb8733a1ce1601942dddb04fc9294fb780c832e3c1ec58faa8e4e64e9b?s=96&d=mm&r=g\",\"contentUrl\":\"https:\\\/\\\/secure.gravatar.com\\\/avatar\\\/ec205dfb8733a1ce1601942dddb04fc9294fb780c832e3c1ec58faa8e4e64e9b?s=96&d=mm&r=g\",\"caption\":\"jair\"},\"url\":\"https:\\\/\\\/grupohoymexico.com\\\/puebla\\\/author\\\/jair\\\/\"}]}<\/script>\n<!-- \/ Yoast SEO Premium plugin. -->","yoast_head_json":{"title":"Nuevo Laredo registra 0 ahogamientos de migrantes en el R\u00edo Bravo en este 2026 - Grupo Hoy Puebla","description":"Cero muertes de migrantes en el R\u00edo Bravo 2026 en Nuevo Laredo: estad\u00edsticas hist\u00f3ricas, prevenci\u00f3n de cruces ilegales frontera M\u00e9xico-EE.UU.","robots":{"index":"index","follow":"follow","max-snippet":"max-snippet:-1","max-image-preview":"max-image-preview:large","max-video-preview":"max-video-preview:-1"},"canonical":"https:\/\/grupohoymexico.com\/puebla\/2026\/04\/30\/nuevo-laredo-registra-0-ahogamientos-de-migrantes-en-el-rio-bravo-en-este-2026\/","og_locale":"es_MX","og_type":"article","og_title":"Nuevo Laredo registra 0 ahogamientos de migrantes en el R\u00edo Bravo en este 2026","og_description":"Cero muertes de migrantes en el R\u00edo Bravo 2026 en Nuevo Laredo: estad\u00edsticas hist\u00f3ricas, prevenci\u00f3n de cruces ilegales frontera M\u00e9xico-EE.UU.","og_url":"https:\/\/grupohoymexico.com\/puebla\/2026\/04\/30\/nuevo-laredo-registra-0-ahogamientos-de-migrantes-en-el-rio-bravo-en-este-2026\/","og_site_name":"Grupo Hoy Puebla","article_published_time":"2026-04-30T17:36:43+00:00","article_modified_time":"2026-04-30T17:36:44+00:00","og_image":[{"width":1200,"height":638,"url":"https:\/\/grupohoymexico.com\/puebla\/wp-content\/uploads\/sites\/3\/2026\/04\/muertes-migrantes-Rio-Bravo.jpg","type":"image\/jpeg"}],"author":"jair","twitter_card":"summary_large_image","twitter_misc":{"Escrito por":"jair","Tiempo de lectura":"3 minutos"},"schema":{"@context":"https:\/\/schema.org","@graph":[{"@type":"Article","@id":"https:\/\/grupohoymexico.com\/puebla\/2026\/04\/30\/nuevo-laredo-registra-0-ahogamientos-de-migrantes-en-el-rio-bravo-en-este-2026\/#article","isPartOf":{"@id":"https:\/\/grupohoymexico.com\/puebla\/2026\/04\/30\/nuevo-laredo-registra-0-ahogamientos-de-migrantes-en-el-rio-bravo-en-este-2026\/"},"author":{"name":"jair","@id":"https:\/\/grupohoymexico.com\/puebla\/#\/schema\/person\/98e2425fe99fbbdf486895b69dab3c3d"},"headline":"Nuevo Laredo registra 0 ahogamientos de migrantes en el R\u00edo Bravo en este 2026","datePublished":"2026-04-30T17:36:43+00:00","dateModified":"2026-04-30T17:36:44+00:00","mainEntityOfPage":{"@id":"https:\/\/grupohoymexico.com\/puebla\/2026\/04\/30\/nuevo-laredo-registra-0-ahogamientos-de-migrantes-en-el-rio-bravo-en-este-2026\/"},"wordCount":532,"commentCount":0,"image":{"@id":"https:\/\/grupohoymexico.com\/puebla\/2026\/04\/30\/nuevo-laredo-registra-0-ahogamientos-de-migrantes-en-el-rio-bravo-en-este-2026\/#primaryimage"},"thumbnailUrl":"https:\/\/grupohoymexico.com\/puebla\/wp-content\/uploads\/sites\/3\/2026\/04\/muertes-migrantes-Rio-Bravo.jpg","keywords":["Estados Unidos","M\u00e9xico","Migrantes","Nuevo Laredo","protecci\u00f3n civil","R\u00edo Bravo"],"articleSection":["Nacional"],"inLanguage":"es","potentialAction":[{"@type":"CommentAction","name":"Comment","target":["https:\/\/grupohoymexico.com\/puebla\/2026\/04\/30\/nuevo-laredo-registra-0-ahogamientos-de-migrantes-en-el-rio-bravo-en-este-2026\/#respond"]}]},{"@type":"WebPage","@id":"https:\/\/grupohoymexico.com\/puebla\/2026\/04\/30\/nuevo-laredo-registra-0-ahogamientos-de-migrantes-en-el-rio-bravo-en-este-2026\/","url":"https:\/\/grupohoymexico.com\/puebla\/2026\/04\/30\/nuevo-laredo-registra-0-ahogamientos-de-migrantes-en-el-rio-bravo-en-este-2026\/","name":"Nuevo Laredo registra 0 ahogamientos de migrantes en el R\u00edo Bravo en este 2026 - Grupo Hoy Puebla","isPartOf":{"@id":"https:\/\/grupohoymexico.com\/puebla\/#website"},"primaryImageOfPage":{"@id":"https:\/\/grupohoymexico.com\/puebla\/2026\/04\/30\/nuevo-laredo-registra-0-ahogamientos-de-migrantes-en-el-rio-bravo-en-este-2026\/#primaryimage"},"image":{"@id":"https:\/\/grupohoymexico.com\/puebla\/2026\/04\/30\/nuevo-laredo-registra-0-ahogamientos-de-migrantes-en-el-rio-bravo-en-este-2026\/#primaryimage"},"thumbnailUrl":"https:\/\/grupohoymexico.com\/puebla\/wp-content\/uploads\/sites\/3\/2026\/04\/muertes-migrantes-Rio-Bravo.jpg","datePublished":"2026-04-30T17:36:43+00:00","dateModified":"2026-04-30T17:36:44+00:00","author":{"@id":"https:\/\/grupohoymexico.com\/puebla\/#\/schema\/person\/98e2425fe99fbbdf486895b69dab3c3d"},"description":"Cero muertes de migrantes en el R\u00edo Bravo 2026 en Nuevo Laredo: estad\u00edsticas hist\u00f3ricas, prevenci\u00f3n de cruces ilegales frontera M\u00e9xico-EE.UU.","breadcrumb":{"@id":"https:\/\/grupohoymexico.com\/puebla\/2026\/04\/30\/nuevo-laredo-registra-0-ahogamientos-de-migrantes-en-el-rio-bravo-en-este-2026\/#breadcrumb"},"inLanguage":"es","potentialAction":[{"@type":"ReadAction","target":["https:\/\/grupohoymexico.com\/puebla\/2026\/04\/30\/nuevo-laredo-registra-0-ahogamientos-de-migrantes-en-el-rio-bravo-en-este-2026\/"]}]},{"@type":"ImageObject","inLanguage":"es","@id":"https:\/\/grupohoymexico.com\/puebla\/2026\/04\/30\/nuevo-laredo-registra-0-ahogamientos-de-migrantes-en-el-rio-bravo-en-este-2026\/#primaryimage","url":"https:\/\/grupohoymexico.com\/puebla\/wp-content\/uploads\/sites\/3\/2026\/04\/muertes-migrantes-Rio-Bravo.jpg","contentUrl":"https:\/\/grupohoymexico.com\/puebla\/wp-content\/uploads\/sites\/3\/2026\/04\/muertes-migrantes-Rio-Bravo.jpg","width":1200,"height":638,"caption":"Foto: Redes Sociales"},{"@type":"BreadcrumbList","@id":"https:\/\/grupohoymexico.com\/puebla\/2026\/04\/30\/nuevo-laredo-registra-0-ahogamientos-de-migrantes-en-el-rio-bravo-en-este-2026\/#breadcrumb","itemListElement":[{"@type":"ListItem","position":1,"name":"Inicio","item":"https:\/\/grupohoymexico.com\/puebla\/"},{"@type":"ListItem","position":2,"name":"Nuevo Laredo registra 0 ahogamientos de migrantes en el R\u00edo Bravo en este 2026"}]},{"@type":"WebSite","@id":"https:\/\/grupohoymexico.com\/puebla\/#website","url":"https:\/\/grupohoymexico.com\/puebla\/","name":"Grupo Hoy Puebla","description":"","potentialAction":[{"@type":"SearchAction","target":{"@type":"EntryPoint","urlTemplate":"https:\/\/grupohoymexico.com\/puebla\/?s={search_term_string}"},"query-input":{"@type":"PropertyValueSpecification","valueRequired":true,"valueName":"search_term_string"}}],"inLanguage":"es"},{"@type":"Person","@id":"https:\/\/grupohoymexico.com\/puebla\/#\/schema\/person\/98e2425fe99fbbdf486895b69dab3c3d","name":"jair","image":{"@type":"ImageObject","inLanguage":"es","@id":"https:\/\/secure.gravatar.com\/avatar\/ec205dfb8733a1ce1601942dddb04fc9294fb780c832e3c1ec58faa8e4e64e9b?s=96&d=mm&r=g","url":"https:\/\/secure.gravatar.com\/avatar\/ec205dfb8733a1ce1601942dddb04fc9294fb780c832e3c1ec58faa8e4e64e9b?s=96&d=mm&r=g","contentUrl":"https:\/\/secure.gravatar.com\/avatar\/ec205dfb8733a1ce1601942dddb04fc9294fb780c832e3c1ec58faa8e4e64e9b?s=96&d=mm&r=g","caption":"jair"},"url":"https:\/\/grupohoymexico.com\/puebla\/author\/jair\/"}]}},"_links":{"self":[{"href":"https:\/\/grupohoymexico.com\/puebla\/wp-json\/wp\/v2\/posts\/82173","targetHints":{"allow":["GET"]}}],"collection":[{"href":"https:\/\/grupohoymexico.com\/puebla\/wp-json\/wp\/v2\/posts"}],"about":[{"href":"https:\/\/grupohoymexico.com\/puebla\/wp-json\/wp\/v2\/types\/post"}],"author":[{"embeddable":true,"href":"https:\/\/grupohoymexico.com\/puebla\/wp-json\/wp\/v2\/users\/5"}],"replies":[{"embeddable":true,"href":"https:\/\/grupohoymexico.com\/puebla\/wp-json\/wp\/v2\/comments?post=82173"}],"version-history":[{"count":0,"href":"https:\/\/grupohoymexico.com\/puebla\/wp-json\/wp\/v2\/posts\/82173\/revisions"}],"wp:featuredmedia":[{"embeddable":true,"href":"https:\/\/grupohoymexico.com\/puebla\/wp-json\/wp\/v2\/media\/82174"}],"wp:attachment":[{"href":"https:\/\/grupohoymexico.com\/puebla\/wp-json\/wp\/v2\/media?parent=82173"}],"wp:term":[{"taxonomy":"category","embeddable":true,"href":"https:\/\/grupohoymexico.com\/puebla\/wp-json\/wp\/v2\/categories?post=82173"},{"taxonomy":"post_tag","embeddable":true,"href":"https:\/\/grupohoymexico.com\/puebla\/wp-json\/wp\/v2\/tags?post=82173"}],"curies":[{"name":"wp","href":"https:\/\/api.w.org\/{rel}","templated":true}]}}