{"id":82159,"date":"2026-04-30T14:49:15","date_gmt":"2026-04-30T14:49:15","guid":{"rendered":"https:\/\/grupohoymexico.com\/puebla\/?p=82159"},"modified":"2026-04-30T14:49:16","modified_gmt":"2026-04-30T14:49:16","slug":"talavera-natalia-gomez-montero-a-la-capital","status":"publish","type":"post","link":"https:\/\/grupohoymexico.com\/puebla\/2026\/04\/30\/talavera-natalia-gomez-montero-a-la-capital\/","title":{"rendered":"Talavera, Natalia, G\u00f3mez, Montero\u2026 a la capital"},"content":{"rendered":"\n<p>S\u00f3lo Jos\u00e9 Luis Figueroa por el Partido del Trabajo y Jaime Natale por el Verde, tienen asegurada su reelecci\u00f3n como diputados al Congreso del Estado por la ciudad capital.<br>Natale seguro. Figueroa a donde lo mand\u00e9 su jefe.<br>Los restantes distritos capitalinos tendr\u00e1n nuevas y nuevos aspirantes.<br>Entre las y los aspirantes est\u00e1n:<br>Michel Talavera, directora de Parques y Convenciones. Y hay que pensar qui\u00e9n ser\u00e1 su relevo.<br>Natalia Su\u00e1rez, \u201cLa g\u00fcera de MORENA\u201d.<br>Mario Montero Rossano.<br>Rafael Moreno Valle Buitr\u00f3n, Director del Instituto de la Vivienda.<br>Carlos G\u00f3mez Tepoz, Secretario de Bienestar en el Ayuntamiento de Puebla.<br>Gabriela \u201cLa Bonita\u201d S\u00e1nchez, Secretaria del Deporte y la Juventud.<br>Paola Ruiz, delegada de Leche para el Bienestar.<br>Obviamente faltan los ajustes naturales de la pol\u00edtica.<br>Punto.<br>He informado.<br>\u2026<\/p>\n\n\n\n<p>Distritos 11 y 12 son y ser\u00e1n del PT<\/p>\n\n\n\n<p>\u201cEl Profe\u201d Anaya, dirigente del Partido del Trabajo (PT) dej\u00f3 en claro que los distritos (federales) 11 y 12 de la ciudad de Puebla, son intocables, innegociables e intransferibles.<br>La Senadora y coordinadora estatal del PT en Puebla Liz S\u00e1nchez, \u201ctuite\u00f3\u201d:<br>\u201cConcluimos el d\u00eda con una importante reuni\u00f3n de trabajo junto a presidentes municipales del @PTPueblaOficial, encabezada por nuestro l\u00edder nacional, @AlbertoAnayaGt. Agradezco el acompa\u00f1amiento de mi querido amigo @ernestovillareal, as\u00ed como de mi amiga diputada @NoraMEscamilla y mi amigo diputado @soy_tonolopez. Su compromiso y entrega fortalecen este proyecto que sigue creciendo.<br>Sigamos avanzando con unidad y convicci\u00f3n.<br>\u00a1UNIDAD NACIONAL, TODO EL PODER AL PUEBLO!\u201d<br>\u00c9nfasis en lo de mi amiga Nora Merino Escamilla y mi amigo To\u00f1o L\u00f3pez.<br>Un \u201ctuit\u201d as\u00ed, no se sube sino es que es una orden\u2026 y un mensaje del l\u00edder nacional.<br>Punto.<br>He reportado.<br>\u2026<\/p>\n\n\n\n<p>Ray Cuautli va arriba de Karina P\u00e9rez<\/p>\n\n\n\n<p>Ray Cuautli se acerca a la coordinaci\u00f3n municipal de MORENA en San Andr\u00e9s Cholula.<br>Si otra cosa no sucede, el 21 de septiembre pr\u00f3ximo el Movimiento de Regeneraci\u00f3n Nacional designar\u00e1 al hoy delegado de Bienestar como su coordinador municipal.<br>Obviamente hay competencia con Omar P\u00e9rez Torres.<br>Y desde luego con Karina P\u00e9rez Popoca, la diputada federal del distrito 10.<br>Digamos que Karina y Ray est\u00e1n empatados en conocimiento o popularidad.<br>Karina, por el ejercicio del poder como alcaldesa entre 2018 y 2021 tiene negativos naturales.<br>Pero el mensaje pol\u00edtico es contundente.<br>Fue el el gobernador Alejandro Armenta quien incorpor\u00f3 a Cuautli a la competencia.<br>Punto.<br>He analizado.<br>\u2026<\/p>\n\n\n\n<p>Ni Obama<br>\u00bfDe qu\u00e9 se enojan? El Narco-Estado es la verdad. Pero las acusaciones de Estados Unidos contra Rocha Moya y dem\u00e1s especies de MORENA, no las esperaba ni Obama.<br>\u2026<\/p>\n\n\n\n<p>El Verdugo<br>Sobre el caso de Rocha Moya. El Verdugo dice: Lo castig\u00f3 Dios.. y Donald.<br>\u2026<\/p>\n\n\n\n<p>De Buena Fuente, no es la mejor columna pol\u00edtica, pero tiene\u2026 a los mejores lectores.<br>cmaciaspalma@yahoo.com.mx<\/p>\n","protected":false},"excerpt":{"rendered":"S\u00f3lo Jos\u00e9 Luis Figueroa por el Partido del Trabajo y Jaime Natale por el Verde, tienen asegurada su&hellip;","protected":false},"author":34,"featured_media":70393,"comment_status":"open","ping_status":"open","sticky":false,"template":"","format":"standard","meta":{"csco_display_header_overlay":false,"csco_singular_sidebar":"","csco_page_header_type":"","csco_page_load_nextpost":"","csco_post_video_location":[],"csco_post_video_location_hash":"","csco_post_video_url":"","csco_post_video_bg_start_time":0,"csco_post_video_bg_end_time":0,"footnotes":""},"categories":[50,51],"tags":[4034,4033,4032],"class_list":{"0":"post-82159","1":"post","2":"type-post","3":"status-publish","4":"format-standard","5":"has-post-thumbnail","7":"category-columnas","8":"category-de-buena-fuente","9":"tag-jaime-natale","10":"tag-jose-luis-figueroa","11":"tag-partido-del-trabajo","12":"cs-entry","13":"cs-video-wrap"},"yoast_head":"<!-- This site is optimized with the Yoast SEO Premium plugin v24.7 (Yoast SEO v27.4) - https:\/\/yoast.com\/product\/yoast-seo-premium-wordpress\/ -->\n<title>Talavera, Natalia, G\u00f3mez, Montero\u2026 a la capital - Grupo Hoy Puebla<\/title>\n<meta name=\"robots\" content=\"index, follow, max-snippet:-1, max-image-preview:large, max-video-preview:-1\" \/>\n<link rel=\"canonical\" href=\"https:\/\/grupohoymexico.com\/puebla\/2026\/04\/30\/talavera-natalia-gomez-montero-a-la-capital\/\" \/>\n<meta property=\"og:locale\" content=\"es_MX\" \/>\n<meta property=\"og:type\" content=\"article\" \/>\n<meta property=\"og:title\" content=\"Talavera, Natalia, G\u00f3mez, Montero\u2026 a la capital\" \/>\n<meta property=\"og:description\" content=\"S\u00f3lo Jos\u00e9 Luis Figueroa por el Partido del Trabajo y Jaime Natale por el Verde, tienen asegurada su&hellip;\" \/>\n<meta property=\"og:url\" content=\"https:\/\/grupohoymexico.com\/puebla\/2026\/04\/30\/talavera-natalia-gomez-montero-a-la-capital\/\" \/>\n<meta property=\"og:site_name\" content=\"Grupo Hoy Puebla\" \/>\n<meta property=\"article:published_time\" content=\"2026-04-30T14:49:15+00:00\" \/>\n<meta property=\"article:modified_time\" content=\"2026-04-30T14:49:16+00:00\" \/>\n<meta property=\"og:image\" content=\"https:\/\/grupohoymexico.com\/puebla\/wp-content\/uploads\/sites\/3\/2024\/09\/Demuybuena-fuente.jpg\" \/>\n\t<meta property=\"og:image:width\" content=\"1060\" \/>\n\t<meta property=\"og:image:height\" content=\"840\" \/>\n\t<meta property=\"og:image:type\" content=\"image\/jpeg\" \/>\n<meta name=\"author\" content=\"Redacci\u00f3n Grupo Hoy\" \/>\n<meta name=\"twitter:card\" content=\"summary_large_image\" \/>\n<meta name=\"twitter:label1\" content=\"Escrito por\" \/>\n\t<meta name=\"twitter:data1\" content=\"Redacci\u00f3n Grupo Hoy\" \/>\n\t<meta name=\"twitter:label2\" content=\"Tiempo de lectura\" \/>\n\t<meta name=\"twitter:data2\" content=\"3 minutos\" \/>\n<script type=\"application\/ld+json\" class=\"yoast-schema-graph\">{\"@context\":\"https:\\\/\\\/schema.org\",\"@graph\":[{\"@type\":\"Article\",\"@id\":\"https:\\\/\\\/grupohoymexico.com\\\/puebla\\\/2026\\\/04\\\/30\\\/talavera-natalia-gomez-montero-a-la-capital\\\/#article\",\"isPartOf\":{\"@id\":\"https:\\\/\\\/grupohoymexico.com\\\/puebla\\\/2026\\\/04\\\/30\\\/talavera-natalia-gomez-montero-a-la-capital\\\/\"},\"author\":{\"name\":\"Redacci\u00f3n Grupo Hoy\",\"@id\":\"https:\\\/\\\/grupohoymexico.com\\\/puebla\\\/#\\\/schema\\\/person\\\/bc870cc34e948548ddb62cf78ef8474b\"},\"headline\":\"Talavera, Natalia, G\u00f3mez, Montero\u2026 a la capital\",\"datePublished\":\"2026-04-30T14:49:15+00:00\",\"dateModified\":\"2026-04-30T14:49:16+00:00\",\"mainEntityOfPage\":{\"@id\":\"https:\\\/\\\/grupohoymexico.com\\\/puebla\\\/2026\\\/04\\\/30\\\/talavera-natalia-gomez-montero-a-la-capital\\\/\"},\"wordCount\":487,\"commentCount\":0,\"image\":{\"@id\":\"https:\\\/\\\/grupohoymexico.com\\\/puebla\\\/2026\\\/04\\\/30\\\/talavera-natalia-gomez-montero-a-la-capital\\\/#primaryimage\"},\"thumbnailUrl\":\"https:\\\/\\\/grupohoymexico.com\\\/puebla\\\/wp-content\\\/uploads\\\/sites\\\/3\\\/2024\\\/09\\\/Demuybuena-fuente.jpg\",\"keywords\":[\"Jaime Natale\",\"Jos\u00e9 Luis Figueroa\",\"Partido del Trabajo\"],\"articleSection\":[\"Columnas\",\"De Buena Fuente\"],\"inLanguage\":\"es\",\"potentialAction\":[{\"@type\":\"CommentAction\",\"name\":\"Comment\",\"target\":[\"https:\\\/\\\/grupohoymexico.com\\\/puebla\\\/2026\\\/04\\\/30\\\/talavera-natalia-gomez-montero-a-la-capital\\\/#respond\"]}]},{\"@type\":\"WebPage\",\"@id\":\"https:\\\/\\\/grupohoymexico.com\\\/puebla\\\/2026\\\/04\\\/30\\\/talavera-natalia-gomez-montero-a-la-capital\\\/\",\"url\":\"https:\\\/\\\/grupohoymexico.com\\\/puebla\\\/2026\\\/04\\\/30\\\/talavera-natalia-gomez-montero-a-la-capital\\\/\",\"name\":\"Talavera, Natalia, G\u00f3mez, Montero\u2026 a la capital - Grupo Hoy Puebla\",\"isPartOf\":{\"@id\":\"https:\\\/\\\/grupohoymexico.com\\\/puebla\\\/#website\"},\"primaryImageOfPage\":{\"@id\":\"https:\\\/\\\/grupohoymexico.com\\\/puebla\\\/2026\\\/04\\\/30\\\/talavera-natalia-gomez-montero-a-la-capital\\\/#primaryimage\"},\"image\":{\"@id\":\"https:\\\/\\\/grupohoymexico.com\\\/puebla\\\/2026\\\/04\\\/30\\\/talavera-natalia-gomez-montero-a-la-capital\\\/#primaryimage\"},\"thumbnailUrl\":\"https:\\\/\\\/grupohoymexico.com\\\/puebla\\\/wp-content\\\/uploads\\\/sites\\\/3\\\/2024\\\/09\\\/Demuybuena-fuente.jpg\",\"datePublished\":\"2026-04-30T14:49:15+00:00\",\"dateModified\":\"2026-04-30T14:49:16+00:00\",\"author\":{\"@id\":\"https:\\\/\\\/grupohoymexico.com\\\/puebla\\\/#\\\/schema\\\/person\\\/bc870cc34e948548ddb62cf78ef8474b\"},\"breadcrumb\":{\"@id\":\"https:\\\/\\\/grupohoymexico.com\\\/puebla\\\/2026\\\/04\\\/30\\\/talavera-natalia-gomez-montero-a-la-capital\\\/#breadcrumb\"},\"inLanguage\":\"es\",\"potentialAction\":[{\"@type\":\"ReadAction\",\"target\":[\"https:\\\/\\\/grupohoymexico.com\\\/puebla\\\/2026\\\/04\\\/30\\\/talavera-natalia-gomez-montero-a-la-capital\\\/\"]}]},{\"@type\":\"ImageObject\",\"inLanguage\":\"es\",\"@id\":\"https:\\\/\\\/grupohoymexico.com\\\/puebla\\\/2026\\\/04\\\/30\\\/talavera-natalia-gomez-montero-a-la-capital\\\/#primaryimage\",\"url\":\"https:\\\/\\\/grupohoymexico.com\\\/puebla\\\/wp-content\\\/uploads\\\/sites\\\/3\\\/2024\\\/09\\\/Demuybuena-fuente.jpg\",\"contentUrl\":\"https:\\\/\\\/grupohoymexico.com\\\/puebla\\\/wp-content\\\/uploads\\\/sites\\\/3\\\/2024\\\/09\\\/Demuybuena-fuente.jpg\",\"width\":1060,\"height\":840,\"caption\":\"Es De Muy Buena Fuente\"},{\"@type\":\"BreadcrumbList\",\"@id\":\"https:\\\/\\\/grupohoymexico.com\\\/puebla\\\/2026\\\/04\\\/30\\\/talavera-natalia-gomez-montero-a-la-capital\\\/#breadcrumb\",\"itemListElement\":[{\"@type\":\"ListItem\",\"position\":1,\"name\":\"Inicio\",\"item\":\"https:\\\/\\\/grupohoymexico.com\\\/puebla\\\/\"},{\"@type\":\"ListItem\",\"position\":2,\"name\":\"Talavera, Natalia, G\u00f3mez, Montero\u2026 a la capital\"}]},{\"@type\":\"WebSite\",\"@id\":\"https:\\\/\\\/grupohoymexico.com\\\/puebla\\\/#website\",\"url\":\"https:\\\/\\\/grupohoymexico.com\\\/puebla\\\/\",\"name\":\"Grupo Hoy Puebla\",\"description\":\"\",\"potentialAction\":[{\"@type\":\"SearchAction\",\"target\":{\"@type\":\"EntryPoint\",\"urlTemplate\":\"https:\\\/\\\/grupohoymexico.com\\\/puebla\\\/?s={search_term_string}\"},\"query-input\":{\"@type\":\"PropertyValueSpecification\",\"valueRequired\":true,\"valueName\":\"search_term_string\"}}],\"inLanguage\":\"es\"},{\"@type\":\"Person\",\"@id\":\"https:\\\/\\\/grupohoymexico.com\\\/puebla\\\/#\\\/schema\\\/person\\\/bc870cc34e948548ddb62cf78ef8474b\",\"name\":\"Redacci\u00f3n Grupo Hoy\",\"image\":{\"@type\":\"ImageObject\",\"inLanguage\":\"es\",\"@id\":\"https:\\\/\\\/secure.gravatar.com\\\/avatar\\\/e8a44ae8f1b7592837f8c496178e70e065758a27945df208805f8cf6fdd56893?s=96&d=mm&r=g\",\"url\":\"https:\\\/\\\/secure.gravatar.com\\\/avatar\\\/e8a44ae8f1b7592837f8c496178e70e065758a27945df208805f8cf6fdd56893?s=96&d=mm&r=g\",\"contentUrl\":\"https:\\\/\\\/secure.gravatar.com\\\/avatar\\\/e8a44ae8f1b7592837f8c496178e70e065758a27945df208805f8cf6fdd56893?s=96&d=mm&r=g\",\"caption\":\"Redacci\u00f3n Grupo Hoy\"},\"url\":\"https:\\\/\\\/grupohoymexico.com\\\/puebla\\\/author\\\/redaccion\\\/\"}]}<\/script>\n<!-- \/ Yoast SEO Premium plugin. -->","yoast_head_json":{"title":"Talavera, Natalia, G\u00f3mez, Montero\u2026 a la capital - Grupo Hoy Puebla","robots":{"index":"index","follow":"follow","max-snippet":"max-snippet:-1","max-image-preview":"max-image-preview:large","max-video-preview":"max-video-preview:-1"},"canonical":"https:\/\/grupohoymexico.com\/puebla\/2026\/04\/30\/talavera-natalia-gomez-montero-a-la-capital\/","og_locale":"es_MX","og_type":"article","og_title":"Talavera, Natalia, G\u00f3mez, Montero\u2026 a la capital","og_description":"S\u00f3lo Jos\u00e9 Luis Figueroa por el Partido del Trabajo y Jaime Natale por el Verde, tienen asegurada su&hellip;","og_url":"https:\/\/grupohoymexico.com\/puebla\/2026\/04\/30\/talavera-natalia-gomez-montero-a-la-capital\/","og_site_name":"Grupo Hoy Puebla","article_published_time":"2026-04-30T14:49:15+00:00","article_modified_time":"2026-04-30T14:49:16+00:00","og_image":[{"width":1060,"height":840,"url":"https:\/\/grupohoymexico.com\/puebla\/wp-content\/uploads\/sites\/3\/2024\/09\/Demuybuena-fuente.jpg","type":"image\/jpeg"}],"author":"Redacci\u00f3n Grupo Hoy","twitter_card":"summary_large_image","twitter_misc":{"Escrito por":"Redacci\u00f3n Grupo Hoy","Tiempo de lectura":"3 minutos"},"schema":{"@context":"https:\/\/schema.org","@graph":[{"@type":"Article","@id":"https:\/\/grupohoymexico.com\/puebla\/2026\/04\/30\/talavera-natalia-gomez-montero-a-la-capital\/#article","isPartOf":{"@id":"https:\/\/grupohoymexico.com\/puebla\/2026\/04\/30\/talavera-natalia-gomez-montero-a-la-capital\/"},"author":{"name":"Redacci\u00f3n Grupo Hoy","@id":"https:\/\/grupohoymexico.com\/puebla\/#\/schema\/person\/bc870cc34e948548ddb62cf78ef8474b"},"headline":"Talavera, Natalia, G\u00f3mez, Montero\u2026 a la capital","datePublished":"2026-04-30T14:49:15+00:00","dateModified":"2026-04-30T14:49:16+00:00","mainEntityOfPage":{"@id":"https:\/\/grupohoymexico.com\/puebla\/2026\/04\/30\/talavera-natalia-gomez-montero-a-la-capital\/"},"wordCount":487,"commentCount":0,"image":{"@id":"https:\/\/grupohoymexico.com\/puebla\/2026\/04\/30\/talavera-natalia-gomez-montero-a-la-capital\/#primaryimage"},"thumbnailUrl":"https:\/\/grupohoymexico.com\/puebla\/wp-content\/uploads\/sites\/3\/2024\/09\/Demuybuena-fuente.jpg","keywords":["Jaime Natale","Jos\u00e9 Luis Figueroa","Partido del Trabajo"],"articleSection":["Columnas","De Buena Fuente"],"inLanguage":"es","potentialAction":[{"@type":"CommentAction","name":"Comment","target":["https:\/\/grupohoymexico.com\/puebla\/2026\/04\/30\/talavera-natalia-gomez-montero-a-la-capital\/#respond"]}]},{"@type":"WebPage","@id":"https:\/\/grupohoymexico.com\/puebla\/2026\/04\/30\/talavera-natalia-gomez-montero-a-la-capital\/","url":"https:\/\/grupohoymexico.com\/puebla\/2026\/04\/30\/talavera-natalia-gomez-montero-a-la-capital\/","name":"Talavera, Natalia, G\u00f3mez, Montero\u2026 a la capital - Grupo Hoy Puebla","isPartOf":{"@id":"https:\/\/grupohoymexico.com\/puebla\/#website"},"primaryImageOfPage":{"@id":"https:\/\/grupohoymexico.com\/puebla\/2026\/04\/30\/talavera-natalia-gomez-montero-a-la-capital\/#primaryimage"},"image":{"@id":"https:\/\/grupohoymexico.com\/puebla\/2026\/04\/30\/talavera-natalia-gomez-montero-a-la-capital\/#primaryimage"},"thumbnailUrl":"https:\/\/grupohoymexico.com\/puebla\/wp-content\/uploads\/sites\/3\/2024\/09\/Demuybuena-fuente.jpg","datePublished":"2026-04-30T14:49:15+00:00","dateModified":"2026-04-30T14:49:16+00:00","author":{"@id":"https:\/\/grupohoymexico.com\/puebla\/#\/schema\/person\/bc870cc34e948548ddb62cf78ef8474b"},"breadcrumb":{"@id":"https:\/\/grupohoymexico.com\/puebla\/2026\/04\/30\/talavera-natalia-gomez-montero-a-la-capital\/#breadcrumb"},"inLanguage":"es","potentialAction":[{"@type":"ReadAction","target":["https:\/\/grupohoymexico.com\/puebla\/2026\/04\/30\/talavera-natalia-gomez-montero-a-la-capital\/"]}]},{"@type":"ImageObject","inLanguage":"es","@id":"https:\/\/grupohoymexico.com\/puebla\/2026\/04\/30\/talavera-natalia-gomez-montero-a-la-capital\/#primaryimage","url":"https:\/\/grupohoymexico.com\/puebla\/wp-content\/uploads\/sites\/3\/2024\/09\/Demuybuena-fuente.jpg","contentUrl":"https:\/\/grupohoymexico.com\/puebla\/wp-content\/uploads\/sites\/3\/2024\/09\/Demuybuena-fuente.jpg","width":1060,"height":840,"caption":"Es De Muy Buena Fuente"},{"@type":"BreadcrumbList","@id":"https:\/\/grupohoymexico.com\/puebla\/2026\/04\/30\/talavera-natalia-gomez-montero-a-la-capital\/#breadcrumb","itemListElement":[{"@type":"ListItem","position":1,"name":"Inicio","item":"https:\/\/grupohoymexico.com\/puebla\/"},{"@type":"ListItem","position":2,"name":"Talavera, Natalia, G\u00f3mez, Montero\u2026 a la capital"}]},{"@type":"WebSite","@id":"https:\/\/grupohoymexico.com\/puebla\/#website","url":"https:\/\/grupohoymexico.com\/puebla\/","name":"Grupo Hoy Puebla","description":"","potentialAction":[{"@type":"SearchAction","target":{"@type":"EntryPoint","urlTemplate":"https:\/\/grupohoymexico.com\/puebla\/?s={search_term_string}"},"query-input":{"@type":"PropertyValueSpecification","valueRequired":true,"valueName":"search_term_string"}}],"inLanguage":"es"},{"@type":"Person","@id":"https:\/\/grupohoymexico.com\/puebla\/#\/schema\/person\/bc870cc34e948548ddb62cf78ef8474b","name":"Redacci\u00f3n Grupo Hoy","image":{"@type":"ImageObject","inLanguage":"es","@id":"https:\/\/secure.gravatar.com\/avatar\/e8a44ae8f1b7592837f8c496178e70e065758a27945df208805f8cf6fdd56893?s=96&d=mm&r=g","url":"https:\/\/secure.gravatar.com\/avatar\/e8a44ae8f1b7592837f8c496178e70e065758a27945df208805f8cf6fdd56893?s=96&d=mm&r=g","contentUrl":"https:\/\/secure.gravatar.com\/avatar\/e8a44ae8f1b7592837f8c496178e70e065758a27945df208805f8cf6fdd56893?s=96&d=mm&r=g","caption":"Redacci\u00f3n Grupo Hoy"},"url":"https:\/\/grupohoymexico.com\/puebla\/author\/redaccion\/"}]}},"_links":{"self":[{"href":"https:\/\/grupohoymexico.com\/puebla\/wp-json\/wp\/v2\/posts\/82159","targetHints":{"allow":["GET"]}}],"collection":[{"href":"https:\/\/grupohoymexico.com\/puebla\/wp-json\/wp\/v2\/posts"}],"about":[{"href":"https:\/\/grupohoymexico.com\/puebla\/wp-json\/wp\/v2\/types\/post"}],"author":[{"embeddable":true,"href":"https:\/\/grupohoymexico.com\/puebla\/wp-json\/wp\/v2\/users\/34"}],"replies":[{"embeddable":true,"href":"https:\/\/grupohoymexico.com\/puebla\/wp-json\/wp\/v2\/comments?post=82159"}],"version-history":[{"count":1,"href":"https:\/\/grupohoymexico.com\/puebla\/wp-json\/wp\/v2\/posts\/82159\/revisions"}],"predecessor-version":[{"id":82160,"href":"https:\/\/grupohoymexico.com\/puebla\/wp-json\/wp\/v2\/posts\/82159\/revisions\/82160"}],"wp:featuredmedia":[{"embeddable":true,"href":"https:\/\/grupohoymexico.com\/puebla\/wp-json\/wp\/v2\/media\/70393"}],"wp:attachment":[{"href":"https:\/\/grupohoymexico.com\/puebla\/wp-json\/wp\/v2\/media?parent=82159"}],"wp:term":[{"taxonomy":"category","embeddable":true,"href":"https:\/\/grupohoymexico.com\/puebla\/wp-json\/wp\/v2\/categories?post=82159"},{"taxonomy":"post_tag","embeddable":true,"href":"https:\/\/grupohoymexico.com\/puebla\/wp-json\/wp\/v2\/tags?post=82159"}],"curies":[{"name":"wp","href":"https:\/\/api.w.org\/{rel}","templated":true}]}}