{"id":82014,"date":"2026-04-29T14:33:25","date_gmt":"2026-04-29T14:33:25","guid":{"rendered":"https:\/\/grupohoymexico.com\/puebla\/?p=82014"},"modified":"2026-04-29T14:33:25","modified_gmt":"2026-04-29T14:33:25","slug":"el-profe-negocia-depende-de-las-formas","status":"publish","type":"post","link":"https:\/\/grupohoymexico.com\/puebla\/2026\/04\/29\/el-profe-negocia-depende-de-las-formas\/","title":{"rendered":"&#8216;El Profe&#8217; negoc\u00eda. Depende de &#8216;las formas&#8217;"},"content":{"rendered":"\n<p>De que \u201cEl Profe\u201d es bravo, hasta a los de Puebla muerde.<br>Dicho de otra manera, no deja que lo muerdan.<br>Corr\u00eda el proceso de selecci\u00f3n de candidatas y candidatos para las elecciones del 2024.<br>Una vez que Jorge Estefan perdi\u00f3 la posibilidad de ser candidato a Senador por el PRI, habilidosamente busc\u00f3 ser candidato a diputado federal.<br>Ten\u00eda todo amarrado con el Partido Verde.<br>Los de all\u00e1, no los de ac\u00e1.<br>Es m\u00e1s, entre los acuerdos de la 4T, al Verde le dar\u00edan la presidencia de la Comisi\u00f3n de Hacienda en la C\u00e1mara de Diputados.<br>Y ese cargo, era para Jorge Estefan.<br>La \u00fanica condici\u00f3n que puso el entonces Secretario de Educaci\u00f3n del gobierno de Sergio Salom\u00f3n, es que le dieran el distrito electoral federal n\u00famero 14 con cabecera en Iz\u00facar de Matamoros.<br>Nada m\u00e1s que el 14, es del Partido del Trabajo.<br>Entonces, le propusieron a \u201cEl Profe Anaya\u201d cambiarle el distrito: Le dar\u00edan el 1 de Huauchinango por el 14 de Iz\u00facar.<br>La respuesta del dirigente nacional del Partido del Trabajo fue contundente:<br>El Verde tiene sus distritos. Si quiere ser diputado, que se vaya a hacer campa\u00f1a por all\u00e1.<br>Casi-casi: Aqu\u00ed mando yo.<br>\u201cEl Profe\u201d sabe negociar.<br>El tema, son las formas.<br>Punto.<br>He recordado.<br>\u2026<\/p>\n\n\n\n<p>No hubo omisiones en el Congreso del Estado<\/p>\n\n\n\n<p>Fin al tema.<br>El Secretario General del Congreso del Estado Julio Leopoldo de Lara, no incurri\u00f3 en omisiones en el desempe\u00f1o de sus funciones.<br>El Tribunal Electoral del Estado de Puebla (TriElec) desech\u00f3 los juicios promovidos por diputadas y diputados de oposici\u00f3n, en su justo derecho.<br>Sin embargo, el Tribunal determin\u00f3 que la denuncia de las y los panistas, no ha lugar.<br>Punto.<br>He anunciado.<br>\u2026<\/p>\n\n\n\n<p>Ni Obama<br>\u201cSacrificaron\u201d pol\u00edticamente a Mauricio C\u00e9spedes Peregrina. El mensaje es para Nacho Mier. Pero la reelecci\u00f3n de Nacho Mier Ba\u00f1uelos en Ciudad Serd\u00e1n, se decide en Palacio y eso no lo discute, ni Obama.<br>\u2026<\/p>\n\n\n\n<p>El Verdugo<br>Si tres \u201cbrothers\u201d tiene el Senador del Partido Verde Manuel Velasco en la pol\u00edtica poblana, ellos son (en el orden que quieran): Tony Gali L\u00f3pez, Pepe Chedraui y Jorge Estefan. El Verdugo dice: M\u00e1s vale Jaye que nunca.<br>\u2026<\/p>\n\n\n\n<p>De Buena Fuente, no es la mejor columna pol\u00edtica, pero tiene\u2026 a los mejores lectores.<br>cmaciaspalma@yahoo.com.mx<\/p>\n","protected":false},"excerpt":{"rendered":"De que \u201cEl Profe\u201d es bravo, hasta a los de Puebla muerde.Dicho de otra manera, no deja que&hellip;","protected":false},"author":34,"featured_media":74340,"comment_status":"open","ping_status":"open","sticky":false,"template":"","format":"standard","meta":{"csco_display_header_overlay":false,"csco_singular_sidebar":"","csco_page_header_type":"","csco_page_load_nextpost":"","csco_post_video_location":[],"csco_post_video_location_hash":"","csco_post_video_url":"","csco_post_video_bg_start_time":0,"csco_post_video_bg_end_time":0,"footnotes":""},"categories":[50,51],"tags":[],"class_list":{"0":"post-82014","1":"post","2":"type-post","3":"status-publish","4":"format-standard","5":"has-post-thumbnail","7":"category-columnas","8":"category-de-buena-fuente","9":"cs-entry","10":"cs-video-wrap"},"yoast_head":"<!-- This site is optimized with the Yoast SEO Premium plugin v24.7 (Yoast SEO v27.4) - https:\/\/yoast.com\/product\/yoast-seo-premium-wordpress\/ -->\n<title>&#039;El Profe&#039; negoc\u00eda. Depende de &#039;las formas&#039; - Grupo Hoy Puebla<\/title>\n<meta name=\"robots\" content=\"index, follow, max-snippet:-1, max-image-preview:large, max-video-preview:-1\" \/>\n<link rel=\"canonical\" href=\"https:\/\/grupohoymexico.com\/puebla\/2026\/04\/29\/el-profe-negocia-depende-de-las-formas\/\" \/>\n<meta property=\"og:locale\" content=\"es_MX\" \/>\n<meta property=\"og:type\" content=\"article\" \/>\n<meta property=\"og:title\" content=\"&#039;El Profe&#039; negoc\u00eda. Depende de &#039;las formas&#039;\" \/>\n<meta property=\"og:description\" content=\"De que \u201cEl Profe\u201d es bravo, hasta a los de Puebla muerde.Dicho de otra manera, no deja que&hellip;\" \/>\n<meta property=\"og:url\" content=\"https:\/\/grupohoymexico.com\/puebla\/2026\/04\/29\/el-profe-negocia-depende-de-las-formas\/\" \/>\n<meta property=\"og:site_name\" content=\"Grupo Hoy Puebla\" \/>\n<meta property=\"article:published_time\" content=\"2026-04-29T14:33:25+00:00\" \/>\n<meta property=\"og:image\" content=\"https:\/\/grupohoymexico.com\/puebla\/wp-content\/uploads\/sites\/3\/2025\/05\/CARLOS-01-01-01-jpg.webp\" \/>\n\t<meta property=\"og:image:width\" content=\"1060\" \/>\n\t<meta property=\"og:image:height\" content=\"840\" \/>\n\t<meta property=\"og:image:type\" content=\"image\/webp\" \/>\n<meta name=\"author\" content=\"Redacci\u00f3n Grupo Hoy\" \/>\n<meta name=\"twitter:card\" content=\"summary_large_image\" \/>\n<meta name=\"twitter:label1\" content=\"Escrito por\" \/>\n\t<meta name=\"twitter:data1\" content=\"Redacci\u00f3n Grupo Hoy\" \/>\n\t<meta name=\"twitter:label2\" content=\"Tiempo de lectura\" \/>\n\t<meta name=\"twitter:data2\" content=\"2 minutos\" \/>\n<script type=\"application\/ld+json\" class=\"yoast-schema-graph\">{\"@context\":\"https:\\\/\\\/schema.org\",\"@graph\":[{\"@type\":\"Article\",\"@id\":\"https:\\\/\\\/grupohoymexico.com\\\/puebla\\\/2026\\\/04\\\/29\\\/el-profe-negocia-depende-de-las-formas\\\/#article\",\"isPartOf\":{\"@id\":\"https:\\\/\\\/grupohoymexico.com\\\/puebla\\\/2026\\\/04\\\/29\\\/el-profe-negocia-depende-de-las-formas\\\/\"},\"author\":{\"name\":\"Redacci\u00f3n Grupo Hoy\",\"@id\":\"https:\\\/\\\/grupohoymexico.com\\\/puebla\\\/#\\\/schema\\\/person\\\/bc870cc34e948548ddb62cf78ef8474b\"},\"headline\":\"&#8216;El Profe&#8217; negoc\u00eda. Depende de &#8216;las formas&#8217;\",\"datePublished\":\"2026-04-29T14:33:25+00:00\",\"mainEntityOfPage\":{\"@id\":\"https:\\\/\\\/grupohoymexico.com\\\/puebla\\\/2026\\\/04\\\/29\\\/el-profe-negocia-depende-de-las-formas\\\/\"},\"wordCount\":405,\"commentCount\":0,\"image\":{\"@id\":\"https:\\\/\\\/grupohoymexico.com\\\/puebla\\\/2026\\\/04\\\/29\\\/el-profe-negocia-depende-de-las-formas\\\/#primaryimage\"},\"thumbnailUrl\":\"https:\\\/\\\/grupohoymexico.com\\\/puebla\\\/wp-content\\\/uploads\\\/sites\\\/3\\\/2025\\\/05\\\/CARLOS-01-01-01-jpg.webp\",\"articleSection\":[\"Columnas\",\"De Buena Fuente\"],\"inLanguage\":\"es\",\"potentialAction\":[{\"@type\":\"CommentAction\",\"name\":\"Comment\",\"target\":[\"https:\\\/\\\/grupohoymexico.com\\\/puebla\\\/2026\\\/04\\\/29\\\/el-profe-negocia-depende-de-las-formas\\\/#respond\"]}]},{\"@type\":\"WebPage\",\"@id\":\"https:\\\/\\\/grupohoymexico.com\\\/puebla\\\/2026\\\/04\\\/29\\\/el-profe-negocia-depende-de-las-formas\\\/\",\"url\":\"https:\\\/\\\/grupohoymexico.com\\\/puebla\\\/2026\\\/04\\\/29\\\/el-profe-negocia-depende-de-las-formas\\\/\",\"name\":\"'El Profe' negoc\u00eda. Depende de 'las formas' - Grupo Hoy Puebla\",\"isPartOf\":{\"@id\":\"https:\\\/\\\/grupohoymexico.com\\\/puebla\\\/#website\"},\"primaryImageOfPage\":{\"@id\":\"https:\\\/\\\/grupohoymexico.com\\\/puebla\\\/2026\\\/04\\\/29\\\/el-profe-negocia-depende-de-las-formas\\\/#primaryimage\"},\"image\":{\"@id\":\"https:\\\/\\\/grupohoymexico.com\\\/puebla\\\/2026\\\/04\\\/29\\\/el-profe-negocia-depende-de-las-formas\\\/#primaryimage\"},\"thumbnailUrl\":\"https:\\\/\\\/grupohoymexico.com\\\/puebla\\\/wp-content\\\/uploads\\\/sites\\\/3\\\/2025\\\/05\\\/CARLOS-01-01-01-jpg.webp\",\"datePublished\":\"2026-04-29T14:33:25+00:00\",\"author\":{\"@id\":\"https:\\\/\\\/grupohoymexico.com\\\/puebla\\\/#\\\/schema\\\/person\\\/bc870cc34e948548ddb62cf78ef8474b\"},\"breadcrumb\":{\"@id\":\"https:\\\/\\\/grupohoymexico.com\\\/puebla\\\/2026\\\/04\\\/29\\\/el-profe-negocia-depende-de-las-formas\\\/#breadcrumb\"},\"inLanguage\":\"es\",\"potentialAction\":[{\"@type\":\"ReadAction\",\"target\":[\"https:\\\/\\\/grupohoymexico.com\\\/puebla\\\/2026\\\/04\\\/29\\\/el-profe-negocia-depende-de-las-formas\\\/\"]}]},{\"@type\":\"ImageObject\",\"inLanguage\":\"es\",\"@id\":\"https:\\\/\\\/grupohoymexico.com\\\/puebla\\\/2026\\\/04\\\/29\\\/el-profe-negocia-depende-de-las-formas\\\/#primaryimage\",\"url\":\"https:\\\/\\\/grupohoymexico.com\\\/puebla\\\/wp-content\\\/uploads\\\/sites\\\/3\\\/2025\\\/05\\\/CARLOS-01-01-01-jpg.webp\",\"contentUrl\":\"https:\\\/\\\/grupohoymexico.com\\\/puebla\\\/wp-content\\\/uploads\\\/sites\\\/3\\\/2025\\\/05\\\/CARLOS-01-01-01-jpg.webp\",\"width\":1060,\"height\":840},{\"@type\":\"BreadcrumbList\",\"@id\":\"https:\\\/\\\/grupohoymexico.com\\\/puebla\\\/2026\\\/04\\\/29\\\/el-profe-negocia-depende-de-las-formas\\\/#breadcrumb\",\"itemListElement\":[{\"@type\":\"ListItem\",\"position\":1,\"name\":\"Inicio\",\"item\":\"https:\\\/\\\/grupohoymexico.com\\\/puebla\\\/\"},{\"@type\":\"ListItem\",\"position\":2,\"name\":\"&#8216;El Profe&#8217; negoc\u00eda. Depende de &#8216;las formas&#8217;\"}]},{\"@type\":\"WebSite\",\"@id\":\"https:\\\/\\\/grupohoymexico.com\\\/puebla\\\/#website\",\"url\":\"https:\\\/\\\/grupohoymexico.com\\\/puebla\\\/\",\"name\":\"Grupo Hoy Puebla\",\"description\":\"\",\"potentialAction\":[{\"@type\":\"SearchAction\",\"target\":{\"@type\":\"EntryPoint\",\"urlTemplate\":\"https:\\\/\\\/grupohoymexico.com\\\/puebla\\\/?s={search_term_string}\"},\"query-input\":{\"@type\":\"PropertyValueSpecification\",\"valueRequired\":true,\"valueName\":\"search_term_string\"}}],\"inLanguage\":\"es\"},{\"@type\":\"Person\",\"@id\":\"https:\\\/\\\/grupohoymexico.com\\\/puebla\\\/#\\\/schema\\\/person\\\/bc870cc34e948548ddb62cf78ef8474b\",\"name\":\"Redacci\u00f3n Grupo Hoy\",\"image\":{\"@type\":\"ImageObject\",\"inLanguage\":\"es\",\"@id\":\"https:\\\/\\\/secure.gravatar.com\\\/avatar\\\/e8a44ae8f1b7592837f8c496178e70e065758a27945df208805f8cf6fdd56893?s=96&d=mm&r=g\",\"url\":\"https:\\\/\\\/secure.gravatar.com\\\/avatar\\\/e8a44ae8f1b7592837f8c496178e70e065758a27945df208805f8cf6fdd56893?s=96&d=mm&r=g\",\"contentUrl\":\"https:\\\/\\\/secure.gravatar.com\\\/avatar\\\/e8a44ae8f1b7592837f8c496178e70e065758a27945df208805f8cf6fdd56893?s=96&d=mm&r=g\",\"caption\":\"Redacci\u00f3n Grupo Hoy\"},\"url\":\"https:\\\/\\\/grupohoymexico.com\\\/puebla\\\/author\\\/redaccion\\\/\"}]}<\/script>\n<!-- \/ Yoast SEO Premium plugin. -->","yoast_head_json":{"title":"'El Profe' negoc\u00eda. Depende de 'las formas' - Grupo Hoy Puebla","robots":{"index":"index","follow":"follow","max-snippet":"max-snippet:-1","max-image-preview":"max-image-preview:large","max-video-preview":"max-video-preview:-1"},"canonical":"https:\/\/grupohoymexico.com\/puebla\/2026\/04\/29\/el-profe-negocia-depende-de-las-formas\/","og_locale":"es_MX","og_type":"article","og_title":"'El Profe' negoc\u00eda. Depende de 'las formas'","og_description":"De que \u201cEl Profe\u201d es bravo, hasta a los de Puebla muerde.Dicho de otra manera, no deja que&hellip;","og_url":"https:\/\/grupohoymexico.com\/puebla\/2026\/04\/29\/el-profe-negocia-depende-de-las-formas\/","og_site_name":"Grupo Hoy Puebla","article_published_time":"2026-04-29T14:33:25+00:00","og_image":[{"width":1060,"height":840,"url":"https:\/\/grupohoymexico.com\/puebla\/wp-content\/uploads\/sites\/3\/2025\/05\/CARLOS-01-01-01-jpg.webp","type":"image\/webp"}],"author":"Redacci\u00f3n Grupo Hoy","twitter_card":"summary_large_image","twitter_misc":{"Escrito por":"Redacci\u00f3n Grupo Hoy","Tiempo de lectura":"2 minutos"},"schema":{"@context":"https:\/\/schema.org","@graph":[{"@type":"Article","@id":"https:\/\/grupohoymexico.com\/puebla\/2026\/04\/29\/el-profe-negocia-depende-de-las-formas\/#article","isPartOf":{"@id":"https:\/\/grupohoymexico.com\/puebla\/2026\/04\/29\/el-profe-negocia-depende-de-las-formas\/"},"author":{"name":"Redacci\u00f3n Grupo Hoy","@id":"https:\/\/grupohoymexico.com\/puebla\/#\/schema\/person\/bc870cc34e948548ddb62cf78ef8474b"},"headline":"&#8216;El Profe&#8217; negoc\u00eda. Depende de &#8216;las formas&#8217;","datePublished":"2026-04-29T14:33:25+00:00","mainEntityOfPage":{"@id":"https:\/\/grupohoymexico.com\/puebla\/2026\/04\/29\/el-profe-negocia-depende-de-las-formas\/"},"wordCount":405,"commentCount":0,"image":{"@id":"https:\/\/grupohoymexico.com\/puebla\/2026\/04\/29\/el-profe-negocia-depende-de-las-formas\/#primaryimage"},"thumbnailUrl":"https:\/\/grupohoymexico.com\/puebla\/wp-content\/uploads\/sites\/3\/2025\/05\/CARLOS-01-01-01-jpg.webp","articleSection":["Columnas","De Buena Fuente"],"inLanguage":"es","potentialAction":[{"@type":"CommentAction","name":"Comment","target":["https:\/\/grupohoymexico.com\/puebla\/2026\/04\/29\/el-profe-negocia-depende-de-las-formas\/#respond"]}]},{"@type":"WebPage","@id":"https:\/\/grupohoymexico.com\/puebla\/2026\/04\/29\/el-profe-negocia-depende-de-las-formas\/","url":"https:\/\/grupohoymexico.com\/puebla\/2026\/04\/29\/el-profe-negocia-depende-de-las-formas\/","name":"'El Profe' negoc\u00eda. Depende de 'las formas' - Grupo Hoy Puebla","isPartOf":{"@id":"https:\/\/grupohoymexico.com\/puebla\/#website"},"primaryImageOfPage":{"@id":"https:\/\/grupohoymexico.com\/puebla\/2026\/04\/29\/el-profe-negocia-depende-de-las-formas\/#primaryimage"},"image":{"@id":"https:\/\/grupohoymexico.com\/puebla\/2026\/04\/29\/el-profe-negocia-depende-de-las-formas\/#primaryimage"},"thumbnailUrl":"https:\/\/grupohoymexico.com\/puebla\/wp-content\/uploads\/sites\/3\/2025\/05\/CARLOS-01-01-01-jpg.webp","datePublished":"2026-04-29T14:33:25+00:00","author":{"@id":"https:\/\/grupohoymexico.com\/puebla\/#\/schema\/person\/bc870cc34e948548ddb62cf78ef8474b"},"breadcrumb":{"@id":"https:\/\/grupohoymexico.com\/puebla\/2026\/04\/29\/el-profe-negocia-depende-de-las-formas\/#breadcrumb"},"inLanguage":"es","potentialAction":[{"@type":"ReadAction","target":["https:\/\/grupohoymexico.com\/puebla\/2026\/04\/29\/el-profe-negocia-depende-de-las-formas\/"]}]},{"@type":"ImageObject","inLanguage":"es","@id":"https:\/\/grupohoymexico.com\/puebla\/2026\/04\/29\/el-profe-negocia-depende-de-las-formas\/#primaryimage","url":"https:\/\/grupohoymexico.com\/puebla\/wp-content\/uploads\/sites\/3\/2025\/05\/CARLOS-01-01-01-jpg.webp","contentUrl":"https:\/\/grupohoymexico.com\/puebla\/wp-content\/uploads\/sites\/3\/2025\/05\/CARLOS-01-01-01-jpg.webp","width":1060,"height":840},{"@type":"BreadcrumbList","@id":"https:\/\/grupohoymexico.com\/puebla\/2026\/04\/29\/el-profe-negocia-depende-de-las-formas\/#breadcrumb","itemListElement":[{"@type":"ListItem","position":1,"name":"Inicio","item":"https:\/\/grupohoymexico.com\/puebla\/"},{"@type":"ListItem","position":2,"name":"&#8216;El Profe&#8217; negoc\u00eda. Depende de &#8216;las formas&#8217;"}]},{"@type":"WebSite","@id":"https:\/\/grupohoymexico.com\/puebla\/#website","url":"https:\/\/grupohoymexico.com\/puebla\/","name":"Grupo Hoy Puebla","description":"","potentialAction":[{"@type":"SearchAction","target":{"@type":"EntryPoint","urlTemplate":"https:\/\/grupohoymexico.com\/puebla\/?s={search_term_string}"},"query-input":{"@type":"PropertyValueSpecification","valueRequired":true,"valueName":"search_term_string"}}],"inLanguage":"es"},{"@type":"Person","@id":"https:\/\/grupohoymexico.com\/puebla\/#\/schema\/person\/bc870cc34e948548ddb62cf78ef8474b","name":"Redacci\u00f3n Grupo Hoy","image":{"@type":"ImageObject","inLanguage":"es","@id":"https:\/\/secure.gravatar.com\/avatar\/e8a44ae8f1b7592837f8c496178e70e065758a27945df208805f8cf6fdd56893?s=96&d=mm&r=g","url":"https:\/\/secure.gravatar.com\/avatar\/e8a44ae8f1b7592837f8c496178e70e065758a27945df208805f8cf6fdd56893?s=96&d=mm&r=g","contentUrl":"https:\/\/secure.gravatar.com\/avatar\/e8a44ae8f1b7592837f8c496178e70e065758a27945df208805f8cf6fdd56893?s=96&d=mm&r=g","caption":"Redacci\u00f3n Grupo Hoy"},"url":"https:\/\/grupohoymexico.com\/puebla\/author\/redaccion\/"}]}},"_links":{"self":[{"href":"https:\/\/grupohoymexico.com\/puebla\/wp-json\/wp\/v2\/posts\/82014","targetHints":{"allow":["GET"]}}],"collection":[{"href":"https:\/\/grupohoymexico.com\/puebla\/wp-json\/wp\/v2\/posts"}],"about":[{"href":"https:\/\/grupohoymexico.com\/puebla\/wp-json\/wp\/v2\/types\/post"}],"author":[{"embeddable":true,"href":"https:\/\/grupohoymexico.com\/puebla\/wp-json\/wp\/v2\/users\/34"}],"replies":[{"embeddable":true,"href":"https:\/\/grupohoymexico.com\/puebla\/wp-json\/wp\/v2\/comments?post=82014"}],"version-history":[{"count":1,"href":"https:\/\/grupohoymexico.com\/puebla\/wp-json\/wp\/v2\/posts\/82014\/revisions"}],"predecessor-version":[{"id":82015,"href":"https:\/\/grupohoymexico.com\/puebla\/wp-json\/wp\/v2\/posts\/82014\/revisions\/82015"}],"wp:featuredmedia":[{"embeddable":true,"href":"https:\/\/grupohoymexico.com\/puebla\/wp-json\/wp\/v2\/media\/74340"}],"wp:attachment":[{"href":"https:\/\/grupohoymexico.com\/puebla\/wp-json\/wp\/v2\/media?parent=82014"}],"wp:term":[{"taxonomy":"category","embeddable":true,"href":"https:\/\/grupohoymexico.com\/puebla\/wp-json\/wp\/v2\/categories?post=82014"},{"taxonomy":"post_tag","embeddable":true,"href":"https:\/\/grupohoymexico.com\/puebla\/wp-json\/wp\/v2\/tags?post=82014"}],"curies":[{"name":"wp","href":"https:\/\/api.w.org\/{rel}","templated":true}]}}