{"id":81977,"date":"2026-04-28T14:30:47","date_gmt":"2026-04-28T14:30:47","guid":{"rendered":"https:\/\/grupohoymexico.com\/puebla\/?p=81977"},"modified":"2026-04-28T14:30:48","modified_gmt":"2026-04-28T14:30:48","slug":"estefan-a-sep-abdala-y-valdes-disputan-bienestar","status":"publish","type":"post","link":"https:\/\/grupohoymexico.com\/puebla\/2026\/04\/28\/estefan-a-sep-abdala-y-valdes-disputan-bienestar\/","title":{"rendered":"Estefan a SEP, Abdala y Vald\u00e9s disputan Bienestar"},"content":{"rendered":"\n<p>Ahora que dejen sus cargos en el gobierno para ser candidatas y candidatos, vamos buscando a las y los sucesores.<br>Lo cierto es que, el \u00fanico que decide, es el gobernador Alejandro Armenta.<br>Es, finalmente, su equipo.<br>1.- Manuel Viveros Narciso dejar\u00e1 de ser Secretario de Educaci\u00f3n P\u00fablica para ser candidato a diputado federal por el segundo distrito electoral federal con cabecera en Zacatl\u00e1n.<br>La actual diputada es F\u00e1tima Cruz Pel\u00e1ez y pues ya se va.<br>El tema es \u00bfQui\u00e9n llega a la SEP?<br>Casualmente, el gobernador Armenta se reuni\u00f3 a comer hace pocos d\u00edas con el ex titular de SEP, Charbel Jorge Estefan Chidiac.<br>Y adem\u00e1s, en com\u00fan acuerdo, lo presumieron en redes sociales.<br>Es casualidad.<br>2.- Laura Artemisa Garc\u00eda Ch\u00e1vez dejar\u00e1 la Secretar\u00eda de Bienestar.<br>\u00bfQui\u00e9n llega?<br>La l\u00f3gica y la prospectiva pol\u00edtica dicen que Rodrigo Abdala.<br>Rodrigo era el candidato de Armenta para ser Secretario de Bienestar del Ayuntamiento de Puebla.<br>No acept\u00f3 porque su amiga-amiga-sister-brother Ariadna Montiel fue designada Secretaria de Bienestar y le pidi\u00f3 que se hiciera cargo de la Delegaci\u00f3n del Bienestar en Puebla<br>Las condiciones para Rodrigo, ahora que llegue la o el nuevo Secretario federal ser\u00e1n diferentes. Entonces, la mejor salida de la federaci\u00f3n, es ir al Estado. Adem\u00e1s, como \u201ces tiempo de mujeres\u201d, nom\u00e1s no va a ser candidato a alcalde de Puebla (seg\u00fan AA).<br>Otra opci\u00f3n para Bienestar es ascender a Carlos G\u00f3mez Tepoz del Ayuntamiento al Estado.<br>Una \u00faltima es: Pasar a G\u00f3mez al DIF estatal y \u201csubir\u201d a Juan Carlos Vald\u00e9s Sayas a Bienestar.<br>Falta por analizar otras posiciones donde habr\u00e1 relevos, como la Secretar\u00eda del Deporte y la Juventud, la Comisi\u00f3n Estatal de Vivienda y la Direcci\u00f3n de Relaciones P\u00fablicas, dependencias de las que sus titulares saltar\u00e1n al legislativo.<br>Vamos con calma.<br>Punto.<br>He anunciado.<br>\u2026<\/p>\n\n\n\n<p>AA y Estefan \u00bfAmigos? Mmmm. Conocidos, s\u00ed<\/p>\n\n\n\n<p>Jorge Estefan Chidiac y Alejandro Armenta, se conocen desde la \u00e9poca de Manuel Bartlett.<br>El entonces gobernador de Puebla puso como alcalde de Acatzingo al hoy gobernador de Puebla.<br>En aquella \u00e9poca, Estefan ya era el poderoso Contralor del Estado y a la postre poderoso diputado federal.<br>Despu\u00e9s, se encontraron en el gobierno de Mario, \u201cEl Precioso\u201d, Mar\u00edn.<br>Estefan fue el primer Secretario de Desarrollo Social (hoy Secretar\u00eda del Bienestar) de la \u00e9poca marinista.<br>A su salida para ser diputado federal, Alejandro Armenta ascendi\u00f3 de Director General del DIF a Secretario de Desarrollo Social. Es decir, Jorge le entreg\u00f3 a Alejandro.<br>Los sucesores de \u201cDoble A\u201d fueron: Javier L\u00f3pez Zavala, Juan Carlos Lastiri y Juan Manuel Vega Rayet.<br>As\u00ed es que Jorge y Alejandro son conocidos desde hace 20 o m\u00e1s a\u00f1os.<br>No s\u00e9 si sean amigos, pero conocidos, s\u00ed.<br>Como vemos, es la misma mafia, pero revolcada.<br>Punto.<br>He recordado.<br>\u2026<\/p>\n\n\n\n<p>Ni Obama<br>La historia de cuando Marco Rojas le renunci\u00f3 a Mariano Pi\u00f1a, no se la sabe, ni Obama. (Pero #DeBuenaFuente, s\u00ed).<br>\u2026<\/p>\n\n\n\n<p>El Verdugo<br>A To\u00f1o L\u00f3pez podr\u00e1n inventarle todo lo que quieran, pero es diputado federal de la 4T y la 4T no se auto-destruye. El Verdugo dice: Y tengo fuero \u00a1Pa-p\u00e1!<br>\u2026<\/p>\n\n\n\n<p>De Buena Fuente, no es la mejor columna pol\u00edtica, pero tiene\u2026 a los mejores lectores.<br>cmaciaspalma@yahoo.com.mx<\/p>\n","protected":false},"excerpt":{"rendered":"Ahora que dejen sus cargos en el gobierno para ser candidatas y candidatos, vamos buscando a las y&hellip;","protected":false},"author":34,"featured_media":70393,"comment_status":"open","ping_status":"open","sticky":false,"template":"","format":"standard","meta":{"csco_display_header_overlay":false,"csco_singular_sidebar":"","csco_page_header_type":"","csco_page_load_nextpost":"","csco_post_video_location":[],"csco_post_video_location_hash":"","csco_post_video_url":"","csco_post_video_bg_start_time":0,"csco_post_video_bg_end_time":0,"footnotes":""},"categories":[50,51],"tags":[98,4022,42],"class_list":{"0":"post-81977","1":"post","2":"type-post","3":"status-publish","4":"format-standard","5":"has-post-thumbnail","7":"category-columnas","8":"category-de-buena-fuente","9":"tag-alejandro-armenta","10":"tag-manuel-viveros-narciso","11":"tag-sep","12":"cs-entry","13":"cs-video-wrap"},"yoast_head":"<!-- This site is optimized with the Yoast SEO Premium plugin v24.7 (Yoast SEO v27.4) - https:\/\/yoast.com\/product\/yoast-seo-premium-wordpress\/ -->\n<title>Estefan a SEP, Abdala y Vald\u00e9s disputan Bienestar - Grupo Hoy Puebla<\/title>\n<meta name=\"robots\" content=\"index, follow, max-snippet:-1, max-image-preview:large, max-video-preview:-1\" \/>\n<link rel=\"canonical\" href=\"https:\/\/grupohoymexico.com\/puebla\/2026\/04\/28\/estefan-a-sep-abdala-y-valdes-disputan-bienestar\/\" \/>\n<meta property=\"og:locale\" content=\"es_MX\" \/>\n<meta property=\"og:type\" content=\"article\" \/>\n<meta property=\"og:title\" content=\"Estefan a SEP, Abdala y Vald\u00e9s disputan Bienestar\" \/>\n<meta property=\"og:description\" content=\"Ahora que dejen sus cargos en el gobierno para ser candidatas y candidatos, vamos buscando a las y&hellip;\" \/>\n<meta property=\"og:url\" content=\"https:\/\/grupohoymexico.com\/puebla\/2026\/04\/28\/estefan-a-sep-abdala-y-valdes-disputan-bienestar\/\" \/>\n<meta property=\"og:site_name\" content=\"Grupo Hoy Puebla\" \/>\n<meta property=\"article:published_time\" content=\"2026-04-28T14:30:47+00:00\" \/>\n<meta property=\"article:modified_time\" content=\"2026-04-28T14:30:48+00:00\" \/>\n<meta property=\"og:image\" content=\"https:\/\/grupohoymexico.com\/puebla\/wp-content\/uploads\/sites\/3\/2024\/09\/Demuybuena-fuente.jpg\" \/>\n\t<meta property=\"og:image:width\" content=\"1060\" \/>\n\t<meta property=\"og:image:height\" content=\"840\" \/>\n\t<meta property=\"og:image:type\" content=\"image\/jpeg\" \/>\n<meta name=\"author\" content=\"Redacci\u00f3n Grupo Hoy\" \/>\n<meta name=\"twitter:card\" content=\"summary_large_image\" \/>\n<meta name=\"twitter:label1\" content=\"Escrito por\" \/>\n\t<meta name=\"twitter:data1\" content=\"Redacci\u00f3n Grupo Hoy\" \/>\n\t<meta name=\"twitter:label2\" content=\"Tiempo de lectura\" \/>\n\t<meta name=\"twitter:data2\" content=\"3 minutos\" \/>\n<script type=\"application\/ld+json\" class=\"yoast-schema-graph\">{\"@context\":\"https:\\\/\\\/schema.org\",\"@graph\":[{\"@type\":\"Article\",\"@id\":\"https:\\\/\\\/grupohoymexico.com\\\/puebla\\\/2026\\\/04\\\/28\\\/estefan-a-sep-abdala-y-valdes-disputan-bienestar\\\/#article\",\"isPartOf\":{\"@id\":\"https:\\\/\\\/grupohoymexico.com\\\/puebla\\\/2026\\\/04\\\/28\\\/estefan-a-sep-abdala-y-valdes-disputan-bienestar\\\/\"},\"author\":{\"name\":\"Redacci\u00f3n Grupo Hoy\",\"@id\":\"https:\\\/\\\/grupohoymexico.com\\\/puebla\\\/#\\\/schema\\\/person\\\/bc870cc34e948548ddb62cf78ef8474b\"},\"headline\":\"Estefan a SEP, Abdala y Vald\u00e9s disputan Bienestar\",\"datePublished\":\"2026-04-28T14:30:47+00:00\",\"dateModified\":\"2026-04-28T14:30:48+00:00\",\"mainEntityOfPage\":{\"@id\":\"https:\\\/\\\/grupohoymexico.com\\\/puebla\\\/2026\\\/04\\\/28\\\/estefan-a-sep-abdala-y-valdes-disputan-bienestar\\\/\"},\"wordCount\":574,\"commentCount\":0,\"image\":{\"@id\":\"https:\\\/\\\/grupohoymexico.com\\\/puebla\\\/2026\\\/04\\\/28\\\/estefan-a-sep-abdala-y-valdes-disputan-bienestar\\\/#primaryimage\"},\"thumbnailUrl\":\"https:\\\/\\\/grupohoymexico.com\\\/puebla\\\/wp-content\\\/uploads\\\/sites\\\/3\\\/2024\\\/09\\\/Demuybuena-fuente.jpg\",\"keywords\":[\"Alejandro Armenta\",\"Manuel Viveros Narciso\",\"SEP\"],\"articleSection\":[\"Columnas\",\"De Buena Fuente\"],\"inLanguage\":\"es\",\"potentialAction\":[{\"@type\":\"CommentAction\",\"name\":\"Comment\",\"target\":[\"https:\\\/\\\/grupohoymexico.com\\\/puebla\\\/2026\\\/04\\\/28\\\/estefan-a-sep-abdala-y-valdes-disputan-bienestar\\\/#respond\"]}]},{\"@type\":\"WebPage\",\"@id\":\"https:\\\/\\\/grupohoymexico.com\\\/puebla\\\/2026\\\/04\\\/28\\\/estefan-a-sep-abdala-y-valdes-disputan-bienestar\\\/\",\"url\":\"https:\\\/\\\/grupohoymexico.com\\\/puebla\\\/2026\\\/04\\\/28\\\/estefan-a-sep-abdala-y-valdes-disputan-bienestar\\\/\",\"name\":\"Estefan a SEP, Abdala y Vald\u00e9s disputan Bienestar - Grupo Hoy Puebla\",\"isPartOf\":{\"@id\":\"https:\\\/\\\/grupohoymexico.com\\\/puebla\\\/#website\"},\"primaryImageOfPage\":{\"@id\":\"https:\\\/\\\/grupohoymexico.com\\\/puebla\\\/2026\\\/04\\\/28\\\/estefan-a-sep-abdala-y-valdes-disputan-bienestar\\\/#primaryimage\"},\"image\":{\"@id\":\"https:\\\/\\\/grupohoymexico.com\\\/puebla\\\/2026\\\/04\\\/28\\\/estefan-a-sep-abdala-y-valdes-disputan-bienestar\\\/#primaryimage\"},\"thumbnailUrl\":\"https:\\\/\\\/grupohoymexico.com\\\/puebla\\\/wp-content\\\/uploads\\\/sites\\\/3\\\/2024\\\/09\\\/Demuybuena-fuente.jpg\",\"datePublished\":\"2026-04-28T14:30:47+00:00\",\"dateModified\":\"2026-04-28T14:30:48+00:00\",\"author\":{\"@id\":\"https:\\\/\\\/grupohoymexico.com\\\/puebla\\\/#\\\/schema\\\/person\\\/bc870cc34e948548ddb62cf78ef8474b\"},\"breadcrumb\":{\"@id\":\"https:\\\/\\\/grupohoymexico.com\\\/puebla\\\/2026\\\/04\\\/28\\\/estefan-a-sep-abdala-y-valdes-disputan-bienestar\\\/#breadcrumb\"},\"inLanguage\":\"es\",\"potentialAction\":[{\"@type\":\"ReadAction\",\"target\":[\"https:\\\/\\\/grupohoymexico.com\\\/puebla\\\/2026\\\/04\\\/28\\\/estefan-a-sep-abdala-y-valdes-disputan-bienestar\\\/\"]}]},{\"@type\":\"ImageObject\",\"inLanguage\":\"es\",\"@id\":\"https:\\\/\\\/grupohoymexico.com\\\/puebla\\\/2026\\\/04\\\/28\\\/estefan-a-sep-abdala-y-valdes-disputan-bienestar\\\/#primaryimage\",\"url\":\"https:\\\/\\\/grupohoymexico.com\\\/puebla\\\/wp-content\\\/uploads\\\/sites\\\/3\\\/2024\\\/09\\\/Demuybuena-fuente.jpg\",\"contentUrl\":\"https:\\\/\\\/grupohoymexico.com\\\/puebla\\\/wp-content\\\/uploads\\\/sites\\\/3\\\/2024\\\/09\\\/Demuybuena-fuente.jpg\",\"width\":1060,\"height\":840,\"caption\":\"Es De Muy Buena Fuente\"},{\"@type\":\"BreadcrumbList\",\"@id\":\"https:\\\/\\\/grupohoymexico.com\\\/puebla\\\/2026\\\/04\\\/28\\\/estefan-a-sep-abdala-y-valdes-disputan-bienestar\\\/#breadcrumb\",\"itemListElement\":[{\"@type\":\"ListItem\",\"position\":1,\"name\":\"Inicio\",\"item\":\"https:\\\/\\\/grupohoymexico.com\\\/puebla\\\/\"},{\"@type\":\"ListItem\",\"position\":2,\"name\":\"Estefan a SEP, Abdala y Vald\u00e9s disputan Bienestar\"}]},{\"@type\":\"WebSite\",\"@id\":\"https:\\\/\\\/grupohoymexico.com\\\/puebla\\\/#website\",\"url\":\"https:\\\/\\\/grupohoymexico.com\\\/puebla\\\/\",\"name\":\"Grupo Hoy Puebla\",\"description\":\"\",\"potentialAction\":[{\"@type\":\"SearchAction\",\"target\":{\"@type\":\"EntryPoint\",\"urlTemplate\":\"https:\\\/\\\/grupohoymexico.com\\\/puebla\\\/?s={search_term_string}\"},\"query-input\":{\"@type\":\"PropertyValueSpecification\",\"valueRequired\":true,\"valueName\":\"search_term_string\"}}],\"inLanguage\":\"es\"},{\"@type\":\"Person\",\"@id\":\"https:\\\/\\\/grupohoymexico.com\\\/puebla\\\/#\\\/schema\\\/person\\\/bc870cc34e948548ddb62cf78ef8474b\",\"name\":\"Redacci\u00f3n Grupo Hoy\",\"image\":{\"@type\":\"ImageObject\",\"inLanguage\":\"es\",\"@id\":\"https:\\\/\\\/secure.gravatar.com\\\/avatar\\\/e8a44ae8f1b7592837f8c496178e70e065758a27945df208805f8cf6fdd56893?s=96&d=mm&r=g\",\"url\":\"https:\\\/\\\/secure.gravatar.com\\\/avatar\\\/e8a44ae8f1b7592837f8c496178e70e065758a27945df208805f8cf6fdd56893?s=96&d=mm&r=g\",\"contentUrl\":\"https:\\\/\\\/secure.gravatar.com\\\/avatar\\\/e8a44ae8f1b7592837f8c496178e70e065758a27945df208805f8cf6fdd56893?s=96&d=mm&r=g\",\"caption\":\"Redacci\u00f3n Grupo Hoy\"},\"url\":\"https:\\\/\\\/grupohoymexico.com\\\/puebla\\\/author\\\/redaccion\\\/\"}]}<\/script>\n<!-- \/ Yoast SEO Premium plugin. -->","yoast_head_json":{"title":"Estefan a SEP, Abdala y Vald\u00e9s disputan Bienestar - Grupo Hoy Puebla","robots":{"index":"index","follow":"follow","max-snippet":"max-snippet:-1","max-image-preview":"max-image-preview:large","max-video-preview":"max-video-preview:-1"},"canonical":"https:\/\/grupohoymexico.com\/puebla\/2026\/04\/28\/estefan-a-sep-abdala-y-valdes-disputan-bienestar\/","og_locale":"es_MX","og_type":"article","og_title":"Estefan a SEP, Abdala y Vald\u00e9s disputan Bienestar","og_description":"Ahora que dejen sus cargos en el gobierno para ser candidatas y candidatos, vamos buscando a las y&hellip;","og_url":"https:\/\/grupohoymexico.com\/puebla\/2026\/04\/28\/estefan-a-sep-abdala-y-valdes-disputan-bienestar\/","og_site_name":"Grupo Hoy Puebla","article_published_time":"2026-04-28T14:30:47+00:00","article_modified_time":"2026-04-28T14:30:48+00:00","og_image":[{"width":1060,"height":840,"url":"https:\/\/grupohoymexico.com\/puebla\/wp-content\/uploads\/sites\/3\/2024\/09\/Demuybuena-fuente.jpg","type":"image\/jpeg"}],"author":"Redacci\u00f3n Grupo Hoy","twitter_card":"summary_large_image","twitter_misc":{"Escrito por":"Redacci\u00f3n Grupo Hoy","Tiempo de lectura":"3 minutos"},"schema":{"@context":"https:\/\/schema.org","@graph":[{"@type":"Article","@id":"https:\/\/grupohoymexico.com\/puebla\/2026\/04\/28\/estefan-a-sep-abdala-y-valdes-disputan-bienestar\/#article","isPartOf":{"@id":"https:\/\/grupohoymexico.com\/puebla\/2026\/04\/28\/estefan-a-sep-abdala-y-valdes-disputan-bienestar\/"},"author":{"name":"Redacci\u00f3n Grupo Hoy","@id":"https:\/\/grupohoymexico.com\/puebla\/#\/schema\/person\/bc870cc34e948548ddb62cf78ef8474b"},"headline":"Estefan a SEP, Abdala y Vald\u00e9s disputan Bienestar","datePublished":"2026-04-28T14:30:47+00:00","dateModified":"2026-04-28T14:30:48+00:00","mainEntityOfPage":{"@id":"https:\/\/grupohoymexico.com\/puebla\/2026\/04\/28\/estefan-a-sep-abdala-y-valdes-disputan-bienestar\/"},"wordCount":574,"commentCount":0,"image":{"@id":"https:\/\/grupohoymexico.com\/puebla\/2026\/04\/28\/estefan-a-sep-abdala-y-valdes-disputan-bienestar\/#primaryimage"},"thumbnailUrl":"https:\/\/grupohoymexico.com\/puebla\/wp-content\/uploads\/sites\/3\/2024\/09\/Demuybuena-fuente.jpg","keywords":["Alejandro Armenta","Manuel Viveros Narciso","SEP"],"articleSection":["Columnas","De Buena Fuente"],"inLanguage":"es","potentialAction":[{"@type":"CommentAction","name":"Comment","target":["https:\/\/grupohoymexico.com\/puebla\/2026\/04\/28\/estefan-a-sep-abdala-y-valdes-disputan-bienestar\/#respond"]}]},{"@type":"WebPage","@id":"https:\/\/grupohoymexico.com\/puebla\/2026\/04\/28\/estefan-a-sep-abdala-y-valdes-disputan-bienestar\/","url":"https:\/\/grupohoymexico.com\/puebla\/2026\/04\/28\/estefan-a-sep-abdala-y-valdes-disputan-bienestar\/","name":"Estefan a SEP, Abdala y Vald\u00e9s disputan Bienestar - Grupo Hoy Puebla","isPartOf":{"@id":"https:\/\/grupohoymexico.com\/puebla\/#website"},"primaryImageOfPage":{"@id":"https:\/\/grupohoymexico.com\/puebla\/2026\/04\/28\/estefan-a-sep-abdala-y-valdes-disputan-bienestar\/#primaryimage"},"image":{"@id":"https:\/\/grupohoymexico.com\/puebla\/2026\/04\/28\/estefan-a-sep-abdala-y-valdes-disputan-bienestar\/#primaryimage"},"thumbnailUrl":"https:\/\/grupohoymexico.com\/puebla\/wp-content\/uploads\/sites\/3\/2024\/09\/Demuybuena-fuente.jpg","datePublished":"2026-04-28T14:30:47+00:00","dateModified":"2026-04-28T14:30:48+00:00","author":{"@id":"https:\/\/grupohoymexico.com\/puebla\/#\/schema\/person\/bc870cc34e948548ddb62cf78ef8474b"},"breadcrumb":{"@id":"https:\/\/grupohoymexico.com\/puebla\/2026\/04\/28\/estefan-a-sep-abdala-y-valdes-disputan-bienestar\/#breadcrumb"},"inLanguage":"es","potentialAction":[{"@type":"ReadAction","target":["https:\/\/grupohoymexico.com\/puebla\/2026\/04\/28\/estefan-a-sep-abdala-y-valdes-disputan-bienestar\/"]}]},{"@type":"ImageObject","inLanguage":"es","@id":"https:\/\/grupohoymexico.com\/puebla\/2026\/04\/28\/estefan-a-sep-abdala-y-valdes-disputan-bienestar\/#primaryimage","url":"https:\/\/grupohoymexico.com\/puebla\/wp-content\/uploads\/sites\/3\/2024\/09\/Demuybuena-fuente.jpg","contentUrl":"https:\/\/grupohoymexico.com\/puebla\/wp-content\/uploads\/sites\/3\/2024\/09\/Demuybuena-fuente.jpg","width":1060,"height":840,"caption":"Es De Muy Buena Fuente"},{"@type":"BreadcrumbList","@id":"https:\/\/grupohoymexico.com\/puebla\/2026\/04\/28\/estefan-a-sep-abdala-y-valdes-disputan-bienestar\/#breadcrumb","itemListElement":[{"@type":"ListItem","position":1,"name":"Inicio","item":"https:\/\/grupohoymexico.com\/puebla\/"},{"@type":"ListItem","position":2,"name":"Estefan a SEP, Abdala y Vald\u00e9s disputan Bienestar"}]},{"@type":"WebSite","@id":"https:\/\/grupohoymexico.com\/puebla\/#website","url":"https:\/\/grupohoymexico.com\/puebla\/","name":"Grupo Hoy Puebla","description":"","potentialAction":[{"@type":"SearchAction","target":{"@type":"EntryPoint","urlTemplate":"https:\/\/grupohoymexico.com\/puebla\/?s={search_term_string}"},"query-input":{"@type":"PropertyValueSpecification","valueRequired":true,"valueName":"search_term_string"}}],"inLanguage":"es"},{"@type":"Person","@id":"https:\/\/grupohoymexico.com\/puebla\/#\/schema\/person\/bc870cc34e948548ddb62cf78ef8474b","name":"Redacci\u00f3n Grupo Hoy","image":{"@type":"ImageObject","inLanguage":"es","@id":"https:\/\/secure.gravatar.com\/avatar\/e8a44ae8f1b7592837f8c496178e70e065758a27945df208805f8cf6fdd56893?s=96&d=mm&r=g","url":"https:\/\/secure.gravatar.com\/avatar\/e8a44ae8f1b7592837f8c496178e70e065758a27945df208805f8cf6fdd56893?s=96&d=mm&r=g","contentUrl":"https:\/\/secure.gravatar.com\/avatar\/e8a44ae8f1b7592837f8c496178e70e065758a27945df208805f8cf6fdd56893?s=96&d=mm&r=g","caption":"Redacci\u00f3n Grupo Hoy"},"url":"https:\/\/grupohoymexico.com\/puebla\/author\/redaccion\/"}]}},"_links":{"self":[{"href":"https:\/\/grupohoymexico.com\/puebla\/wp-json\/wp\/v2\/posts\/81977","targetHints":{"allow":["GET"]}}],"collection":[{"href":"https:\/\/grupohoymexico.com\/puebla\/wp-json\/wp\/v2\/posts"}],"about":[{"href":"https:\/\/grupohoymexico.com\/puebla\/wp-json\/wp\/v2\/types\/post"}],"author":[{"embeddable":true,"href":"https:\/\/grupohoymexico.com\/puebla\/wp-json\/wp\/v2\/users\/34"}],"replies":[{"embeddable":true,"href":"https:\/\/grupohoymexico.com\/puebla\/wp-json\/wp\/v2\/comments?post=81977"}],"version-history":[{"count":1,"href":"https:\/\/grupohoymexico.com\/puebla\/wp-json\/wp\/v2\/posts\/81977\/revisions"}],"predecessor-version":[{"id":81978,"href":"https:\/\/grupohoymexico.com\/puebla\/wp-json\/wp\/v2\/posts\/81977\/revisions\/81978"}],"wp:featuredmedia":[{"embeddable":true,"href":"https:\/\/grupohoymexico.com\/puebla\/wp-json\/wp\/v2\/media\/70393"}],"wp:attachment":[{"href":"https:\/\/grupohoymexico.com\/puebla\/wp-json\/wp\/v2\/media?parent=81977"}],"wp:term":[{"taxonomy":"category","embeddable":true,"href":"https:\/\/grupohoymexico.com\/puebla\/wp-json\/wp\/v2\/categories?post=81977"},{"taxonomy":"post_tag","embeddable":true,"href":"https:\/\/grupohoymexico.com\/puebla\/wp-json\/wp\/v2\/tags?post=81977"}],"curies":[{"name":"wp","href":"https:\/\/api.w.org\/{rel}","templated":true}]}}