{"id":81818,"date":"2026-04-27T14:25:10","date_gmt":"2026-04-27T14:25:10","guid":{"rendered":"https:\/\/grupohoymexico.com\/puebla\/?p=81818"},"modified":"2026-04-27T14:25:11","modified_gmt":"2026-04-27T14:25:11","slug":"lili-tete-denisse-vega-claudia-rebeca-rmv-biestro","status":"publish","type":"post","link":"https:\/\/grupohoymexico.com\/puebla\/2026\/04\/27\/lili-tete-denisse-vega-claudia-rebeca-rmv-biestro\/","title":{"rendered":"Lili, Tet\u00e9, Denisse, Vega, Claudia, Rebeca, RMV, Biestro"},"content":{"rendered":"\n<p>Lili, Tet\u00e9, Denisse, Vega, Claudia, Rebeca, RMV, Biestro<\/p>\n\n\n\n<p>Apuntes de fin de mes y para que tengan que comentar en los \u201cpuentes\u201d vacacionales que se acercan.<br>Ah, y durante las fiestas de los poblanos.<br>Vamos pues.<br>\u2026<\/p>\n\n\n\n<p>Las 3 Ort\u00edz, van por Puebla. MC, PT, PAN<\/p>\n\n\n\n<p>Con eso de que es tiempo de mujeres, por primera vez en la historia pol\u00edtica de Puebla, 3 hermanas pudieran ser candidatas a la presidencia municipal de Puebla en la misma elecci\u00f3n, la del 2027.<br>Movimiento Ciudadano: Esther Ort\u00edz P\u00e9rez, regidora en el Ayuntamiento de Puebla.<br>Partido del Trabajo: Denisse Ort\u00edz P\u00e9rez, Senadora de la Rep\u00fablica y del equipo de \u201cEl Profe. Anaya\u201d.<br>Partido Acci\u00f3n Nacional, Liliana Ort\u00edz P\u00e9rez, diputada federal y por mucho, la panista mejor \u201cposicionada\u201d en la capital.<br>Vamos a detenernos en el caso de MC.<br>1.- De Esther vamos a ver una campa\u00f1a publicitaria, m\u00e1s pronto de lo programado.<br>2.- Al Senador N\u00e9stor Camarillo Medina, quien quiere ser candidato a la alcald\u00eda, no le agradar\u00e1 esta noticia. No le digan.<br>3.- No es un suicidio pol\u00edtico. Es cosechar, para sembrar.<br>Luego analizamos lo de Denisse y luego lo de Liliana.<br>Punto.<br>He adelantado.<br>\u2026<\/p>\n\n\n\n<p>A m\u00ed, si me conocen<\/p>\n\n\n\n<p>Una charla de viernes por la tarde:<br>Hermano, no me reportado bardas pintadas con tu nombre.<br>No las necesito. A m\u00ed s\u00ed me conocen.<br>Punto.<br>Ha dicho.<br>\u2026<\/p>\n\n\n\n<p>\u00bfQui\u00e9n va a pagarle a Claudia? \u00bfMORENA o con \u201cla herencia\u201d?<\/p>\n\n\n\n<p>Si que le hace mucha falta coordinar la comunicaci\u00f3n a MORENA Puebla.<br>La primera acci\u00f3n es quitarle el micr\u00f3fono a la presidenta Olga Romero Garci-Crespo, no s\u00f3lo por la serie de desatinos que hace en sus declaraciones, sino porque ahora no goza de cabal salud pol\u00edtica, por los esc\u00e1ndalos del pelito de la herencia de Socorro Romero, en el que se encuentra involucrada.<br>El caso es que en su conferencia de prensa, Olga dijo que Claudia Hern\u00e1ndez \u201cva a fortalecer el \u00e1rea de comunicaci\u00f3n, aunque dej\u00f3 en claro que no asumir\u00e1 el puesto&nbsp;de secretaria de Comunicaci\u00f3n ni sustituir\u00e1 a Katia Rodr\u00edguez V\u00e1zquez, quien se mantendr\u00e1 al frente de dicha Secretar\u00eda\u201d.<br>Ta bien, pues.<br>Esta declaraci\u00f3n obliga a algunas preguntas:<br>\u00bfQui\u00e9n va a pagar por los servicios profesionales de Claudia?<br>Ni modo que deje un puesto en el gobierno del estado, con un salario mensual de 70\/80 mil pesos para ir a regalar su tiempo, talento y experiencia a cambio de nada.<br>Si no va a ocupar la secretar\u00eda de Comunicaci\u00f3n de MORENA Puebla \u00bfC\u00f3mo va a cobrar? \u00bf\u201dPor fuera\u201d? Eso es ilegal \u00bfCon factura? Es posible. Hay que darse de alta en el INE e IEE, si es que va a cobrar directamente de las prerrogativas. Etc.<br>\u00bfDe d\u00f3nde la va a pagar Olga? \u00bfDe la herencia?<br>Ya ven todo lo que provoca una declaraci\u00f3n, \u201ctan simple\u201d.<br>Punto.<br>He preguntado.<br>\u2026<br>Rebeca, la competencia de Grace Palomares<\/p>\n\n\n\n<p>Rebeca Ba\u00f1uelos Guadarrama es directora general de la Comisi\u00f3n Estatal de Agua y Saneamiento de Puebla (CEASPUE).<br>Tambi\u00e9n es diputada al Congreso del Estado por la v\u00eda plurinominal.<br>Si el Congreso del Estado no miente, es suplente de Laura Artemisa Garc\u00eda Ch\u00e1vez, \u201cLa Maestra\u201d.<br>Bueno, esto viene a colaci\u00f3n porque ante la inminente licencia del diputado Pavel Gaspar para ser candidato a diputado federal, Rebeca podr\u00eda anotarse para ser Presidenta de la Junta de Gobierno y Coordinaci\u00f3n Pol\u00edtica.<br>As\u00ed es que Graciela, Grace, Palomares, ya tiene competencia.<br>Punto.<br>He dicho.<br>\u2026<br>Juanito Vega, para la alcald\u00eda de Atlixco<\/p>\n\n\n\n<p>Iba a ser Secretario, pero me lo pusieron de Subsecretario.<br>No pasa nada.<br>Lo cierto es que ante las condiciones pol\u00edticas que vive Atlixco, surge una nueva opci\u00f3n para la presidencia municipal:<br>Juan Manuel Vega Rayet.<br>No es de MORENA, pero puedo postularlo (siglarlo) cualquiera de los 5 partidos que van en la coalici\u00f3n. Por ejemplo Fuerza por M\u00e9xico Puebla o Nueva Alianza Puebla.<br>Obviamente se sumar\u00edan MORENA, Verde y PT.<\/p>\n\n\n\n<p>Y tiene la residencia o vecindad en Atlixco, desde hace como 18\/20 a\u00f1os.<br>Punto.<br>He sugerido.<br>\u2026<\/p>\n\n\n\n<h1 class=\"wp-block-heading\" id=\"h-lordmoches-de-xico-no-repite\">LordMoches de Xico, no repite<\/h1>\n\n\n\n<p>Despu\u00e9s de la exhibida que \u201cDoble A\u201d le dio a #LordMoches de Xicotepec, ni modo que lo hagan candidato a repetir o reelegirse.<br>Entonces \u00bfQui\u00e9n?<br>\u00bfOoootra vez Lupita?<br>Ni modo que el elegido sea su pap\u00e1. Ya ven que la 4T de AMLO-co y de la Presidenta, con A, no lo quieren, quesque por represor, morenovallista, priista y pe\u00f1ista.<br>Hay que preparar a alguien, pero que no sea del equipo de #LordMoches, aunque \u201cse moche\u201d.<br>Punto.<br>He escrito.<br>\u2026<\/p>\n\n\n\n<p>Moreno Valle VS To\u00f1o \u201cSpiderman\u201d Ruiz<\/p>\n\n\n\n<p>Miren, parece que al \u201cSpider-man\u201d ya se le acabaron las telara\u00f1as.<br>Que las bardas de Rafael Moreno Valle Buitr\u00f3n, no son para promoverlo como candidato a diputado local.<br>Que son para que sea candidato a diputado federal y por el distrito 11 de Puebla capital.<br>Que To\u00f1o L\u00f3pez, el actual diputado federal ya tiene competencia y deber\u00e1 renunciar a su derecho a la reelecci\u00f3n.<br>Que muy pronto van a llamarlo al CIS para que entregue la plaza.<br>Que le van a apretar por aquello de que \u201ctiene unos expedientes\u201d durante su paso por la Secretar\u00eda de Bienestar en tiempos de Barbosa.<br>Que no est\u00e1 \u201cmanco\u201d, mand\u00f3 a decir.<br>Que tiene con qu\u00e9.<br>Que en el Partido del Trabajo, lo quieren y lo quieren bien.<br>Que si no repite, adi\u00f3s aspiraciones a la alcald\u00eda en el 2030.<br>Punto.<br>He advertido.<br>\u2026<\/p>\n\n\n\n<p>Pronto, pronto. Biestro, inhabilitado.<\/p>\n\n\n\n<p>Gabriel Biestro es un problema menos para \u201cDoble A\u201d.<br>No ser\u00e1 necesario que le abran un espacio pol\u00edtico al regidor en el Ayuntamiento de Puebla.<br>No ser\u00e1 necesario quedar bien con \u201clos puros de MORENA\u201d.<br>Lo van a inhabilitar.<br>Les cuento pronto, con expediente en mano.<br>Punto.<br>He sentenciado.<br>\u2026<\/p>\n\n\n\n<p>Ni Obama<br>El negocio de las lonas e impresiones de #LordMilpa, est\u00e1 fiscalmente limpio. Pero \u00bfC\u00f3mo \u201clavas\u201d el efectivo recaudado por \u201cLa Mil-pa\u201d? \u00a1Ah! Pues donde se ha lavado, se lava y se lavar\u00e1 el \u201ccash\u201d mal habido: En la construcci\u00f3n. S\u00ed, en la cons-truc-ci\u00f3n. Y ah\u00ed no sospecha, ni Obama.<br>\u2026<\/p>\n\n\n\n<p>El Verdugo<br>Antes de cada visita del Presidente, los gobernadores Melquiades y Mar\u00edn iban a dormir a los municipios. Con eso evitaban episodios como el que vivi\u00f3 la Presidenta Claudia Sheinbaum en Ciudad Modelo. El Verdugo dice: Iban con la maleta y el garrote.<br>\u2026<\/p>\n\n\n\n<p>De Buena Fuente, no es la mejor columna pol\u00edtica, pero tiene\u2026 a los mejores lectores.<br>cmaciaspalma@yahoo.com.mx<\/p>\n","protected":false},"excerpt":{"rendered":"Lili, Tet\u00e9, Denisse, Vega, Claudia, Rebeca, RMV, Biestro Apuntes de fin de mes y para que tengan que&hellip;","protected":false},"author":34,"featured_media":70393,"comment_status":"open","ping_status":"open","sticky":false,"template":"","format":"standard","meta":{"csco_display_header_overlay":false,"csco_singular_sidebar":"","csco_page_header_type":"","csco_page_load_nextpost":"","csco_post_video_location":[],"csco_post_video_location_hash":"","csco_post_video_url":"","csco_post_video_bg_start_time":0,"csco_post_video_bg_end_time":0,"footnotes":""},"categories":[50,51],"tags":[40],"class_list":{"0":"post-81818","1":"post","2":"type-post","3":"status-publish","4":"format-standard","5":"has-post-thumbnail","7":"category-columnas","8":"category-de-buena-fuente","9":"tag-puebla","10":"cs-entry","11":"cs-video-wrap"},"yoast_head":"<!-- This site is optimized with the Yoast SEO Premium plugin v24.7 (Yoast SEO v27.4) - https:\/\/yoast.com\/product\/yoast-seo-premium-wordpress\/ -->\n<title>Lili, Tet\u00e9, Denisse, Vega, Claudia, Rebeca, RMV, Biestro - Grupo Hoy Puebla<\/title>\n<meta name=\"robots\" content=\"index, follow, max-snippet:-1, max-image-preview:large, max-video-preview:-1\" \/>\n<link rel=\"canonical\" href=\"https:\/\/grupohoymexico.com\/puebla\/2026\/04\/27\/lili-tete-denisse-vega-claudia-rebeca-rmv-biestro\/\" \/>\n<meta property=\"og:locale\" content=\"es_MX\" \/>\n<meta property=\"og:type\" content=\"article\" \/>\n<meta property=\"og:title\" content=\"Lili, Tet\u00e9, Denisse, Vega, Claudia, Rebeca, RMV, Biestro\" \/>\n<meta property=\"og:description\" content=\"Lili, Tet\u00e9, Denisse, Vega, Claudia, Rebeca, RMV, Biestro Apuntes de fin de mes y para que tengan que&hellip;\" \/>\n<meta property=\"og:url\" content=\"https:\/\/grupohoymexico.com\/puebla\/2026\/04\/27\/lili-tete-denisse-vega-claudia-rebeca-rmv-biestro\/\" \/>\n<meta property=\"og:site_name\" content=\"Grupo Hoy Puebla\" \/>\n<meta property=\"article:published_time\" content=\"2026-04-27T14:25:10+00:00\" \/>\n<meta property=\"article:modified_time\" content=\"2026-04-27T14:25:11+00:00\" \/>\n<meta property=\"og:image\" content=\"https:\/\/grupohoymexico.com\/puebla\/wp-content\/uploads\/sites\/3\/2024\/09\/Demuybuena-fuente.jpg\" \/>\n\t<meta property=\"og:image:width\" content=\"1060\" \/>\n\t<meta property=\"og:image:height\" content=\"840\" \/>\n\t<meta property=\"og:image:type\" content=\"image\/jpeg\" \/>\n<meta name=\"author\" content=\"Redacci\u00f3n Grupo Hoy\" \/>\n<meta name=\"twitter:card\" content=\"summary_large_image\" \/>\n<meta name=\"twitter:label1\" content=\"Escrito por\" \/>\n\t<meta name=\"twitter:data1\" content=\"Redacci\u00f3n Grupo Hoy\" \/>\n\t<meta name=\"twitter:label2\" content=\"Tiempo de lectura\" \/>\n\t<meta name=\"twitter:data2\" content=\"6 minutos\" \/>\n<script type=\"application\/ld+json\" class=\"yoast-schema-graph\">{\"@context\":\"https:\\\/\\\/schema.org\",\"@graph\":[{\"@type\":\"Article\",\"@id\":\"https:\\\/\\\/grupohoymexico.com\\\/puebla\\\/2026\\\/04\\\/27\\\/lili-tete-denisse-vega-claudia-rebeca-rmv-biestro\\\/#article\",\"isPartOf\":{\"@id\":\"https:\\\/\\\/grupohoymexico.com\\\/puebla\\\/2026\\\/04\\\/27\\\/lili-tete-denisse-vega-claudia-rebeca-rmv-biestro\\\/\"},\"author\":{\"name\":\"Redacci\u00f3n Grupo Hoy\",\"@id\":\"https:\\\/\\\/grupohoymexico.com\\\/puebla\\\/#\\\/schema\\\/person\\\/bc870cc34e948548ddb62cf78ef8474b\"},\"headline\":\"Lili, Tet\u00e9, Denisse, Vega, Claudia, Rebeca, RMV, Biestro\",\"datePublished\":\"2026-04-27T14:25:10+00:00\",\"dateModified\":\"2026-04-27T14:25:11+00:00\",\"mainEntityOfPage\":{\"@id\":\"https:\\\/\\\/grupohoymexico.com\\\/puebla\\\/2026\\\/04\\\/27\\\/lili-tete-denisse-vega-claudia-rebeca-rmv-biestro\\\/\"},\"wordCount\":1121,\"commentCount\":0,\"image\":{\"@id\":\"https:\\\/\\\/grupohoymexico.com\\\/puebla\\\/2026\\\/04\\\/27\\\/lili-tete-denisse-vega-claudia-rebeca-rmv-biestro\\\/#primaryimage\"},\"thumbnailUrl\":\"https:\\\/\\\/grupohoymexico.com\\\/puebla\\\/wp-content\\\/uploads\\\/sites\\\/3\\\/2024\\\/09\\\/Demuybuena-fuente.jpg\",\"keywords\":[\"puebla\"],\"articleSection\":[\"Columnas\",\"De Buena Fuente\"],\"inLanguage\":\"es\",\"potentialAction\":[{\"@type\":\"CommentAction\",\"name\":\"Comment\",\"target\":[\"https:\\\/\\\/grupohoymexico.com\\\/puebla\\\/2026\\\/04\\\/27\\\/lili-tete-denisse-vega-claudia-rebeca-rmv-biestro\\\/#respond\"]}]},{\"@type\":\"WebPage\",\"@id\":\"https:\\\/\\\/grupohoymexico.com\\\/puebla\\\/2026\\\/04\\\/27\\\/lili-tete-denisse-vega-claudia-rebeca-rmv-biestro\\\/\",\"url\":\"https:\\\/\\\/grupohoymexico.com\\\/puebla\\\/2026\\\/04\\\/27\\\/lili-tete-denisse-vega-claudia-rebeca-rmv-biestro\\\/\",\"name\":\"Lili, Tet\u00e9, Denisse, Vega, Claudia, Rebeca, RMV, Biestro - Grupo Hoy Puebla\",\"isPartOf\":{\"@id\":\"https:\\\/\\\/grupohoymexico.com\\\/puebla\\\/#website\"},\"primaryImageOfPage\":{\"@id\":\"https:\\\/\\\/grupohoymexico.com\\\/puebla\\\/2026\\\/04\\\/27\\\/lili-tete-denisse-vega-claudia-rebeca-rmv-biestro\\\/#primaryimage\"},\"image\":{\"@id\":\"https:\\\/\\\/grupohoymexico.com\\\/puebla\\\/2026\\\/04\\\/27\\\/lili-tete-denisse-vega-claudia-rebeca-rmv-biestro\\\/#primaryimage\"},\"thumbnailUrl\":\"https:\\\/\\\/grupohoymexico.com\\\/puebla\\\/wp-content\\\/uploads\\\/sites\\\/3\\\/2024\\\/09\\\/Demuybuena-fuente.jpg\",\"datePublished\":\"2026-04-27T14:25:10+00:00\",\"dateModified\":\"2026-04-27T14:25:11+00:00\",\"author\":{\"@id\":\"https:\\\/\\\/grupohoymexico.com\\\/puebla\\\/#\\\/schema\\\/person\\\/bc870cc34e948548ddb62cf78ef8474b\"},\"breadcrumb\":{\"@id\":\"https:\\\/\\\/grupohoymexico.com\\\/puebla\\\/2026\\\/04\\\/27\\\/lili-tete-denisse-vega-claudia-rebeca-rmv-biestro\\\/#breadcrumb\"},\"inLanguage\":\"es\",\"potentialAction\":[{\"@type\":\"ReadAction\",\"target\":[\"https:\\\/\\\/grupohoymexico.com\\\/puebla\\\/2026\\\/04\\\/27\\\/lili-tete-denisse-vega-claudia-rebeca-rmv-biestro\\\/\"]}]},{\"@type\":\"ImageObject\",\"inLanguage\":\"es\",\"@id\":\"https:\\\/\\\/grupohoymexico.com\\\/puebla\\\/2026\\\/04\\\/27\\\/lili-tete-denisse-vega-claudia-rebeca-rmv-biestro\\\/#primaryimage\",\"url\":\"https:\\\/\\\/grupohoymexico.com\\\/puebla\\\/wp-content\\\/uploads\\\/sites\\\/3\\\/2024\\\/09\\\/Demuybuena-fuente.jpg\",\"contentUrl\":\"https:\\\/\\\/grupohoymexico.com\\\/puebla\\\/wp-content\\\/uploads\\\/sites\\\/3\\\/2024\\\/09\\\/Demuybuena-fuente.jpg\",\"width\":1060,\"height\":840,\"caption\":\"Es De Muy Buena Fuente\"},{\"@type\":\"BreadcrumbList\",\"@id\":\"https:\\\/\\\/grupohoymexico.com\\\/puebla\\\/2026\\\/04\\\/27\\\/lili-tete-denisse-vega-claudia-rebeca-rmv-biestro\\\/#breadcrumb\",\"itemListElement\":[{\"@type\":\"ListItem\",\"position\":1,\"name\":\"Inicio\",\"item\":\"https:\\\/\\\/grupohoymexico.com\\\/puebla\\\/\"},{\"@type\":\"ListItem\",\"position\":2,\"name\":\"Lili, Tet\u00e9, Denisse, Vega, Claudia, Rebeca, RMV, Biestro\"}]},{\"@type\":\"WebSite\",\"@id\":\"https:\\\/\\\/grupohoymexico.com\\\/puebla\\\/#website\",\"url\":\"https:\\\/\\\/grupohoymexico.com\\\/puebla\\\/\",\"name\":\"Grupo Hoy Puebla\",\"description\":\"\",\"potentialAction\":[{\"@type\":\"SearchAction\",\"target\":{\"@type\":\"EntryPoint\",\"urlTemplate\":\"https:\\\/\\\/grupohoymexico.com\\\/puebla\\\/?s={search_term_string}\"},\"query-input\":{\"@type\":\"PropertyValueSpecification\",\"valueRequired\":true,\"valueName\":\"search_term_string\"}}],\"inLanguage\":\"es\"},{\"@type\":\"Person\",\"@id\":\"https:\\\/\\\/grupohoymexico.com\\\/puebla\\\/#\\\/schema\\\/person\\\/bc870cc34e948548ddb62cf78ef8474b\",\"name\":\"Redacci\u00f3n Grupo Hoy\",\"image\":{\"@type\":\"ImageObject\",\"inLanguage\":\"es\",\"@id\":\"https:\\\/\\\/secure.gravatar.com\\\/avatar\\\/e8a44ae8f1b7592837f8c496178e70e065758a27945df208805f8cf6fdd56893?s=96&d=mm&r=g\",\"url\":\"https:\\\/\\\/secure.gravatar.com\\\/avatar\\\/e8a44ae8f1b7592837f8c496178e70e065758a27945df208805f8cf6fdd56893?s=96&d=mm&r=g\",\"contentUrl\":\"https:\\\/\\\/secure.gravatar.com\\\/avatar\\\/e8a44ae8f1b7592837f8c496178e70e065758a27945df208805f8cf6fdd56893?s=96&d=mm&r=g\",\"caption\":\"Redacci\u00f3n Grupo Hoy\"},\"url\":\"https:\\\/\\\/grupohoymexico.com\\\/puebla\\\/author\\\/redaccion\\\/\"}]}<\/script>\n<!-- \/ Yoast SEO Premium plugin. -->","yoast_head_json":{"title":"Lili, Tet\u00e9, Denisse, Vega, Claudia, Rebeca, RMV, Biestro - Grupo Hoy Puebla","robots":{"index":"index","follow":"follow","max-snippet":"max-snippet:-1","max-image-preview":"max-image-preview:large","max-video-preview":"max-video-preview:-1"},"canonical":"https:\/\/grupohoymexico.com\/puebla\/2026\/04\/27\/lili-tete-denisse-vega-claudia-rebeca-rmv-biestro\/","og_locale":"es_MX","og_type":"article","og_title":"Lili, Tet\u00e9, Denisse, Vega, Claudia, Rebeca, RMV, Biestro","og_description":"Lili, Tet\u00e9, Denisse, Vega, Claudia, Rebeca, RMV, Biestro Apuntes de fin de mes y para que tengan que&hellip;","og_url":"https:\/\/grupohoymexico.com\/puebla\/2026\/04\/27\/lili-tete-denisse-vega-claudia-rebeca-rmv-biestro\/","og_site_name":"Grupo Hoy Puebla","article_published_time":"2026-04-27T14:25:10+00:00","article_modified_time":"2026-04-27T14:25:11+00:00","og_image":[{"width":1060,"height":840,"url":"https:\/\/grupohoymexico.com\/puebla\/wp-content\/uploads\/sites\/3\/2024\/09\/Demuybuena-fuente.jpg","type":"image\/jpeg"}],"author":"Redacci\u00f3n Grupo Hoy","twitter_card":"summary_large_image","twitter_misc":{"Escrito por":"Redacci\u00f3n Grupo Hoy","Tiempo de lectura":"6 minutos"},"schema":{"@context":"https:\/\/schema.org","@graph":[{"@type":"Article","@id":"https:\/\/grupohoymexico.com\/puebla\/2026\/04\/27\/lili-tete-denisse-vega-claudia-rebeca-rmv-biestro\/#article","isPartOf":{"@id":"https:\/\/grupohoymexico.com\/puebla\/2026\/04\/27\/lili-tete-denisse-vega-claudia-rebeca-rmv-biestro\/"},"author":{"name":"Redacci\u00f3n Grupo Hoy","@id":"https:\/\/grupohoymexico.com\/puebla\/#\/schema\/person\/bc870cc34e948548ddb62cf78ef8474b"},"headline":"Lili, Tet\u00e9, Denisse, Vega, Claudia, Rebeca, RMV, Biestro","datePublished":"2026-04-27T14:25:10+00:00","dateModified":"2026-04-27T14:25:11+00:00","mainEntityOfPage":{"@id":"https:\/\/grupohoymexico.com\/puebla\/2026\/04\/27\/lili-tete-denisse-vega-claudia-rebeca-rmv-biestro\/"},"wordCount":1121,"commentCount":0,"image":{"@id":"https:\/\/grupohoymexico.com\/puebla\/2026\/04\/27\/lili-tete-denisse-vega-claudia-rebeca-rmv-biestro\/#primaryimage"},"thumbnailUrl":"https:\/\/grupohoymexico.com\/puebla\/wp-content\/uploads\/sites\/3\/2024\/09\/Demuybuena-fuente.jpg","keywords":["puebla"],"articleSection":["Columnas","De Buena Fuente"],"inLanguage":"es","potentialAction":[{"@type":"CommentAction","name":"Comment","target":["https:\/\/grupohoymexico.com\/puebla\/2026\/04\/27\/lili-tete-denisse-vega-claudia-rebeca-rmv-biestro\/#respond"]}]},{"@type":"WebPage","@id":"https:\/\/grupohoymexico.com\/puebla\/2026\/04\/27\/lili-tete-denisse-vega-claudia-rebeca-rmv-biestro\/","url":"https:\/\/grupohoymexico.com\/puebla\/2026\/04\/27\/lili-tete-denisse-vega-claudia-rebeca-rmv-biestro\/","name":"Lili, Tet\u00e9, Denisse, Vega, Claudia, Rebeca, RMV, Biestro - Grupo Hoy Puebla","isPartOf":{"@id":"https:\/\/grupohoymexico.com\/puebla\/#website"},"primaryImageOfPage":{"@id":"https:\/\/grupohoymexico.com\/puebla\/2026\/04\/27\/lili-tete-denisse-vega-claudia-rebeca-rmv-biestro\/#primaryimage"},"image":{"@id":"https:\/\/grupohoymexico.com\/puebla\/2026\/04\/27\/lili-tete-denisse-vega-claudia-rebeca-rmv-biestro\/#primaryimage"},"thumbnailUrl":"https:\/\/grupohoymexico.com\/puebla\/wp-content\/uploads\/sites\/3\/2024\/09\/Demuybuena-fuente.jpg","datePublished":"2026-04-27T14:25:10+00:00","dateModified":"2026-04-27T14:25:11+00:00","author":{"@id":"https:\/\/grupohoymexico.com\/puebla\/#\/schema\/person\/bc870cc34e948548ddb62cf78ef8474b"},"breadcrumb":{"@id":"https:\/\/grupohoymexico.com\/puebla\/2026\/04\/27\/lili-tete-denisse-vega-claudia-rebeca-rmv-biestro\/#breadcrumb"},"inLanguage":"es","potentialAction":[{"@type":"ReadAction","target":["https:\/\/grupohoymexico.com\/puebla\/2026\/04\/27\/lili-tete-denisse-vega-claudia-rebeca-rmv-biestro\/"]}]},{"@type":"ImageObject","inLanguage":"es","@id":"https:\/\/grupohoymexico.com\/puebla\/2026\/04\/27\/lili-tete-denisse-vega-claudia-rebeca-rmv-biestro\/#primaryimage","url":"https:\/\/grupohoymexico.com\/puebla\/wp-content\/uploads\/sites\/3\/2024\/09\/Demuybuena-fuente.jpg","contentUrl":"https:\/\/grupohoymexico.com\/puebla\/wp-content\/uploads\/sites\/3\/2024\/09\/Demuybuena-fuente.jpg","width":1060,"height":840,"caption":"Es De Muy Buena Fuente"},{"@type":"BreadcrumbList","@id":"https:\/\/grupohoymexico.com\/puebla\/2026\/04\/27\/lili-tete-denisse-vega-claudia-rebeca-rmv-biestro\/#breadcrumb","itemListElement":[{"@type":"ListItem","position":1,"name":"Inicio","item":"https:\/\/grupohoymexico.com\/puebla\/"},{"@type":"ListItem","position":2,"name":"Lili, Tet\u00e9, Denisse, Vega, Claudia, Rebeca, RMV, Biestro"}]},{"@type":"WebSite","@id":"https:\/\/grupohoymexico.com\/puebla\/#website","url":"https:\/\/grupohoymexico.com\/puebla\/","name":"Grupo Hoy Puebla","description":"","potentialAction":[{"@type":"SearchAction","target":{"@type":"EntryPoint","urlTemplate":"https:\/\/grupohoymexico.com\/puebla\/?s={search_term_string}"},"query-input":{"@type":"PropertyValueSpecification","valueRequired":true,"valueName":"search_term_string"}}],"inLanguage":"es"},{"@type":"Person","@id":"https:\/\/grupohoymexico.com\/puebla\/#\/schema\/person\/bc870cc34e948548ddb62cf78ef8474b","name":"Redacci\u00f3n Grupo Hoy","image":{"@type":"ImageObject","inLanguage":"es","@id":"https:\/\/secure.gravatar.com\/avatar\/e8a44ae8f1b7592837f8c496178e70e065758a27945df208805f8cf6fdd56893?s=96&d=mm&r=g","url":"https:\/\/secure.gravatar.com\/avatar\/e8a44ae8f1b7592837f8c496178e70e065758a27945df208805f8cf6fdd56893?s=96&d=mm&r=g","contentUrl":"https:\/\/secure.gravatar.com\/avatar\/e8a44ae8f1b7592837f8c496178e70e065758a27945df208805f8cf6fdd56893?s=96&d=mm&r=g","caption":"Redacci\u00f3n Grupo Hoy"},"url":"https:\/\/grupohoymexico.com\/puebla\/author\/redaccion\/"}]}},"_links":{"self":[{"href":"https:\/\/grupohoymexico.com\/puebla\/wp-json\/wp\/v2\/posts\/81818","targetHints":{"allow":["GET"]}}],"collection":[{"href":"https:\/\/grupohoymexico.com\/puebla\/wp-json\/wp\/v2\/posts"}],"about":[{"href":"https:\/\/grupohoymexico.com\/puebla\/wp-json\/wp\/v2\/types\/post"}],"author":[{"embeddable":true,"href":"https:\/\/grupohoymexico.com\/puebla\/wp-json\/wp\/v2\/users\/34"}],"replies":[{"embeddable":true,"href":"https:\/\/grupohoymexico.com\/puebla\/wp-json\/wp\/v2\/comments?post=81818"}],"version-history":[{"count":1,"href":"https:\/\/grupohoymexico.com\/puebla\/wp-json\/wp\/v2\/posts\/81818\/revisions"}],"predecessor-version":[{"id":81819,"href":"https:\/\/grupohoymexico.com\/puebla\/wp-json\/wp\/v2\/posts\/81818\/revisions\/81819"}],"wp:featuredmedia":[{"embeddable":true,"href":"https:\/\/grupohoymexico.com\/puebla\/wp-json\/wp\/v2\/media\/70393"}],"wp:attachment":[{"href":"https:\/\/grupohoymexico.com\/puebla\/wp-json\/wp\/v2\/media?parent=81818"}],"wp:term":[{"taxonomy":"category","embeddable":true,"href":"https:\/\/grupohoymexico.com\/puebla\/wp-json\/wp\/v2\/categories?post=81818"},{"taxonomy":"post_tag","embeddable":true,"href":"https:\/\/grupohoymexico.com\/puebla\/wp-json\/wp\/v2\/tags?post=81818"}],"curies":[{"name":"wp","href":"https:\/\/api.w.org\/{rel}","templated":true}]}}